{"id":166079,"date":"2022-08-03T10:54:27","date_gmt":"2022-08-03T09:54:27","guid":{"rendered":"https:\/\/radioljubuski.ba\/?p=166079"},"modified":"2022-08-03T10:54:28","modified_gmt":"2022-08-03T09:54:28","slug":"abazovic-i-porfirije-bez-najave-potpisali-temeljni-ugovor","status":"publish","type":"post","link":"https:\/\/radioljubuski.ba\/index.php\/2022\/08\/03\/abazovic-i-porfirije-bez-najave-potpisali-temeljni-ugovor\/","title":{"rendered":"Abazovi\u0107 i Porfirije bez najave potpisali Temeljni ugovor"},"content":{"rendered":"\n<p>Temeljni ugovor izme\u0111u crnogorske vlade i Srpske pravoslavne crkve (SPC) potpisan je u srijedu u Podgorici, nakon \u0161to je patrijarh SPC Porfirije bez najave stigao u glavni grad Crne Gore.<\/p>\n\n\n\n<p>Porfirijevu posjetu Podgorici nisu slu\u017ebeno&nbsp;najavili ni crnogorska vlada ni SPC.<\/p>\n\n\n\n<p>Temeljni ugovor sa SPC osporava dio politi\u010dkih stranaka&nbsp;koje \u010dine vlast u Crnoj Gori, predvo\u0111ene Demokratskom partijom socijalista crnogorskog predsjednika Mila \u0110ukanovi\u0107a.&nbsp;One su najavile&nbsp;da \u0107e u slu\u010daju njegova potpisivanja&nbsp;oboriti vladu Dritana Abazovi\u0107a jer smatraju da se tim ugovorom crnorogosko povijesno-kulturno naslje\u0111e prepisuje SPC-u.<\/p>\n\n\n\n<p>Tijekom potpisivanja ugovora ispred crnogorske Vile Gorica&nbsp;prosvjedovalo je nekoliko desetina gra\u0111ana, a najavljeno je da \u0107e tijekom dana prosvjedi biti i masovniji, dok je&nbsp;u Podgorici primjetno poja\u010dano prisustvo policije.<\/p>\n\n\n\n<p>Potpisivanju dokumenta su, pored patrijarha Porfirija i premijera Dritana Abazovi\u0107a, prisustvovali mitropolit crnogorsko-primorski Joanikije i crnogorski ministar pravde Marko Kova\u010d.<\/p>\n\n\n\n<p>Prethodno je Abazovi\u0107ev kabinet odbio sve prigovore stru\u010dnjaka na tekst Temeljnog ugovora.<\/p>\n\n\n\n<p>Protivnici ugovora sa SPC tvrde da taj dokument favorizira&nbsp;SPC u odnosu na druge vjerske zajednice, da nije u skladu s&nbsp;Ustavom i zakonima Crne Gore, da se u preambuli falsificira crnogorska povijest, te da se njime vlasni\u0161tvo nad crkvenim objektima u Crnoj Gori slu\u017ebeno prepisuje na SPC.<\/p>\n\n\n\n<p>Abazovi\u0107 sve te tvrdnje pobija te isti\u010de da je svaki ugovor, koji nije me\u0111udr\u017eavni, slabiji pravni akt od zakona i Ustava te da se taj ugovor ne bi mogao provesti u djelo u slu\u010daju da je suprotan Ustavu i zakonima. Abazovi\u0107 tvrdi da potpisivanjem ugovora \u017eeli sprije\u010diti napetosti koje bi nastale oko tog pitanja uo\u010di skorih lokalnih izbora u 14 op\u0107ina, odnosno u ve\u0107ini crnogorskih op\u0107ina, koji \u0107e se odr\u017eati u listopadu.&nbsp;&nbsp;<\/p>\n\n\n\n<p>Dr\u017eava Crna Gora od ranije ima potpisane ugovore s&nbsp;Katoli\u010dkom crkvom, Islamskom i \u017didovskom zajednicom.<\/p>\n\n\n\n<p>\u0110ukanovi\u0107ev DPS odmah je po objavljivanju potpisivanja na Twitteru najavio da \u0107e pokrenuti inicijativu za smjenu vlade te je ustvrdio da \u0107e nova budu\u0107a vlast poni\u0161titi ugovor&nbsp;sa SPC-om.&nbsp;<\/p>\n\n\n\n<p>Izvor: Dnevnik.ba<\/p>\n","protected":false},"excerpt":{"rendered":"<p>Temeljni ugovor izme\u0111u crnogorske vlade i Srpske pravoslavne crkve (SPC) potpisan je u srijedu u Podgorici, nakon \u0161to je patrijarh SPC Porfirije bez najave stigao u glavni grad Crne Gore. Porfirijevu posjetu Podgorici nisu slu\u017ebeno&nbsp;najavili ni crnogorska vlada ni SPC. Temeljni ugovor sa SPC osporava dio politi\u010dkih stranaka&nbsp;koje \u010dine vlast u Crnoj Gori, predvo\u0111ene Demokratskom [&hellip;]<\/p>\n","protected":false},"author":2,"featured_media":166080,"comment_status":"closed","ping_status":"closed","sticky":false,"template":"","format":"standard","meta":{"h5ap_radio_sources":[],"footnotes":""},"categories":[1],"tags":[],"class_list":["post-166079","post","type-post","status-publish","format-standard","has-post-thumbnail","hentry","category-bihiregija"],"yoast_head":"<!-- This site is optimized with the Yoast SEO plugin v27.4 - https:\/\/yoast.com\/product\/yoast-seo-wordpress\/ -->\n<title>Abazovi\u0107 i Porfirije bez najave potpisali Temeljni ugovor - RADIO LJUBU\u0160KI<\/title>\n<meta name=\"robots\" content=\"index, follow, max-snippet:-1, max-image-preview:large, max-video-preview:-1\" \/>\n<link rel=\"canonical\" href=\"https:\/\/radioljubuski.ba\/index.php\/2022\/08\/03\/abazovic-i-porfirije-bez-najave-potpisali-temeljni-ugovor\/\" \/>\n<meta property=\"og:locale\" content=\"hr_HR\" \/>\n<meta property=\"og:type\" content=\"article\" \/>\n<meta property=\"og:title\" content=\"Abazovi\u0107 i Porfirije bez najave potpisali Temeljni ugovor - RADIO LJUBU\u0160KI\" \/>\n<meta property=\"og:description\" content=\"Temeljni ugovor izme\u0111u crnogorske vlade i Srpske pravoslavne crkve (SPC) potpisan je u srijedu u Podgorici, nakon \u0161to je patrijarh SPC Porfirije bez najave stigao u glavni grad Crne Gore. Porfirijevu posjetu Podgorici nisu slu\u017ebeno&nbsp;najavili ni crnogorska vlada ni SPC. Temeljni ugovor sa SPC osporava dio politi\u010dkih stranaka&nbsp;koje \u010dine vlast u Crnoj Gori, predvo\u0111ene Demokratskom [&hellip;]\" \/>\n<meta property=\"og:url\" content=\"https:\/\/radioljubuski.ba\/index.php\/2022\/08\/03\/abazovic-i-porfirije-bez-najave-potpisali-temeljni-ugovor\/\" \/>\n<meta property=\"og:site_name\" content=\"RADIO LJUBU\u0160KI\" \/>\n<meta property=\"article:publisher\" content=\"https:\/\/www.facebook.com\/Radiio-Ljubuski-1490835324566332\" \/>\n<meta property=\"article:published_time\" content=\"2022-08-03T09:54:27+00:00\" \/>\n<meta property=\"article:modified_time\" content=\"2022-08-03T09:54:28+00:00\" \/>\n<meta property=\"og:image\" content=\"https:\/\/radioljubuski.ba\/wp-content\/uploads\/2022\/08\/o_96317_1024.png\" \/>\n\t<meta property=\"og:image:width\" content=\"1024\" \/>\n\t<meta property=\"og:image:height\" content=\"652\" \/>\n\t<meta property=\"og:image:type\" content=\"image\/png\" \/>\n<meta name=\"author\" content=\"Radio Ljubu\u0161ki\" \/>\n<meta name=\"twitter:card\" content=\"summary_large_image\" \/>\n<meta name=\"twitter:creator\" content=\"@radioljubuski\" \/>\n<meta name=\"twitter:site\" content=\"@radioljubuski\" \/>\n<meta name=\"twitter:label1\" content=\"Napisao\/la\" \/>\n\t<meta name=\"twitter:data1\" content=\"Radio Ljubu\u0161ki\" \/>\n\t<meta name=\"twitter:label2\" content=\"Procijenjeno vrijeme \u010ditanja\" \/>\n\t<meta name=\"twitter:data2\" content=\"2 minute\" \/>\n<script type=\"application\/ld+json\" class=\"yoast-schema-graph\">{\"@context\":\"https:\\\/\\\/schema.org\",\"@graph\":[{\"@type\":\"Article\",\"@id\":\"https:\\\/\\\/radioljubuski.ba\\\/index.php\\\/2022\\\/08\\\/03\\\/abazovic-i-porfirije-bez-najave-potpisali-temeljni-ugovor\\\/#article\",\"isPartOf\":{\"@id\":\"https:\\\/\\\/radioljubuski.ba\\\/index.php\\\/2022\\\/08\\\/03\\\/abazovic-i-porfirije-bez-najave-potpisali-temeljni-ugovor\\\/\"},\"author\":{\"name\":\"Radio Ljubu\u0161ki\",\"@id\":\"https:\\\/\\\/radioljubuski.ba\\\/#\\\/schema\\\/person\\\/19fc700381a780f69665d7956c469e3b\"},\"headline\":\"Abazovi\u0107 i Porfirije bez najave potpisali Temeljni ugovor\",\"datePublished\":\"2022-08-03T09:54:27+00:00\",\"dateModified\":\"2022-08-03T09:54:28+00:00\",\"mainEntityOfPage\":{\"@id\":\"https:\\\/\\\/radioljubuski.ba\\\/index.php\\\/2022\\\/08\\\/03\\\/abazovic-i-porfirije-bez-najave-potpisali-temeljni-ugovor\\\/\"},\"wordCount\":368,\"publisher\":{\"@id\":\"https:\\\/\\\/radioljubuski.ba\\\/#organization\"},\"image\":{\"@id\":\"https:\\\/\\\/radioljubuski.ba\\\/index.php\\\/2022\\\/08\\\/03\\\/abazovic-i-porfirije-bez-najave-potpisali-temeljni-ugovor\\\/#primaryimage\"},\"thumbnailUrl\":\"https:\\\/\\\/radioljubuski.ba\\\/wp-content\\\/uploads\\\/2022\\\/08\\\/o_96317_1024.png\",\"articleSection\":[\"BIH i regija\"],\"inLanguage\":\"hr\"},{\"@type\":\"WebPage\",\"@id\":\"https:\\\/\\\/radioljubuski.ba\\\/index.php\\\/2022\\\/08\\\/03\\\/abazovic-i-porfirije-bez-najave-potpisali-temeljni-ugovor\\\/\",\"url\":\"https:\\\/\\\/radioljubuski.ba\\\/index.php\\\/2022\\\/08\\\/03\\\/abazovic-i-porfirije-bez-najave-potpisali-temeljni-ugovor\\\/\",\"name\":\"Abazovi\u0107 i Porfirije bez najave potpisali Temeljni ugovor - RADIO LJUBU\u0160KI\",\"isPartOf\":{\"@id\":\"https:\\\/\\\/radioljubuski.ba\\\/#website\"},\"primaryImageOfPage\":{\"@id\":\"https:\\\/\\\/radioljubuski.ba\\\/index.php\\\/2022\\\/08\\\/03\\\/abazovic-i-porfirije-bez-najave-potpisali-temeljni-ugovor\\\/#primaryimage\"},\"image\":{\"@id\":\"https:\\\/\\\/radioljubuski.ba\\\/index.php\\\/2022\\\/08\\\/03\\\/abazovic-i-porfirije-bez-najave-potpisali-temeljni-ugovor\\\/#primaryimage\"},\"thumbnailUrl\":\"https:\\\/\\\/radioljubuski.ba\\\/wp-content\\\/uploads\\\/2022\\\/08\\\/o_96317_1024.png\",\"datePublished\":\"2022-08-03T09:54:27+00:00\",\"dateModified\":\"2022-08-03T09:54:28+00:00\",\"breadcrumb\":{\"@id\":\"https:\\\/\\\/radioljubuski.ba\\\/index.php\\\/2022\\\/08\\\/03\\\/abazovic-i-porfirije-bez-najave-potpisali-temeljni-ugovor\\\/#breadcrumb\"},\"inLanguage\":\"hr\",\"potentialAction\":[{\"@type\":\"ReadAction\",\"target\":[\"https:\\\/\\\/radioljubuski.ba\\\/index.php\\\/2022\\\/08\\\/03\\\/abazovic-i-porfirije-bez-najave-potpisali-temeljni-ugovor\\\/\"]}]},{\"@type\":\"ImageObject\",\"inLanguage\":\"hr\",\"@id\":\"https:\\\/\\\/radioljubuski.ba\\\/index.php\\\/2022\\\/08\\\/03\\\/abazovic-i-porfirije-bez-najave-potpisali-temeljni-ugovor\\\/#primaryimage\",\"url\":\"https:\\\/\\\/radioljubuski.ba\\\/wp-content\\\/uploads\\\/2022\\\/08\\\/o_96317_1024.png\",\"contentUrl\":\"https:\\\/\\\/radioljubuski.ba\\\/wp-content\\\/uploads\\\/2022\\\/08\\\/o_96317_1024.png\",\"width\":1024,\"height\":652},{\"@type\":\"BreadcrumbList\",\"@id\":\"https:\\\/\\\/radioljubuski.ba\\\/index.php\\\/2022\\\/08\\\/03\\\/abazovic-i-porfirije-bez-najave-potpisali-temeljni-ugovor\\\/#breadcrumb\",\"itemListElement\":[{\"@type\":\"ListItem\",\"position\":1,\"name\":\"Po\u010detna stranica\",\"item\":\"https:\\\/\\\/radioljubuski.ba\\\/\"},{\"@type\":\"ListItem\",\"position\":2,\"name\":\"Abazovi\u0107 i Porfirije bez najave potpisali Temeljni ugovor\"}]},{\"@type\":\"WebSite\",\"@id\":\"https:\\\/\\\/radioljubuski.ba\\\/#website\",\"url\":\"https:\\\/\\\/radioljubuski.ba\\\/\",\"name\":\"Radio Ljubu\u0161ki\",\"description\":\"Sun\u010dana frekvencija Hercegovine\",\"publisher\":{\"@id\":\"https:\\\/\\\/radioljubuski.ba\\\/#organization\"},\"potentialAction\":[{\"@type\":\"SearchAction\",\"target\":{\"@type\":\"EntryPoint\",\"urlTemplate\":\"https:\\\/\\\/radioljubuski.ba\\\/?s={search_term_string}\"},\"query-input\":{\"@type\":\"PropertyValueSpecification\",\"valueRequired\":true,\"valueName\":\"search_term_string\"}}],\"inLanguage\":\"hr\"},{\"@type\":\"Organization\",\"@id\":\"https:\\\/\\\/radioljubuski.ba\\\/#organization\",\"name\":\"Radio Ljubu\u0161ki\",\"url\":\"https:\\\/\\\/radioljubuski.ba\\\/\",\"logo\":{\"@type\":\"ImageObject\",\"inLanguage\":\"hr\",\"@id\":\"https:\\\/\\\/radioljubuski.ba\\\/#\\\/schema\\\/logo\\\/image\\\/\",\"url\":\"https:\\\/\\\/radioljubuski.ba\\\/wp-content\\\/uploads\\\/2021\\\/02\\\/cropped-Radio_Ljubuski_logo1.jpg\",\"contentUrl\":\"https:\\\/\\\/radioljubuski.ba\\\/wp-content\\\/uploads\\\/2021\\\/02\\\/cropped-Radio_Ljubuski_logo1.jpg\",\"width\":512,\"height\":512,\"caption\":\"Radio Ljubu\u0161ki\"},\"image\":{\"@id\":\"https:\\\/\\\/radioljubuski.ba\\\/#\\\/schema\\\/logo\\\/image\\\/\"},\"sameAs\":[\"https:\\\/\\\/www.facebook.com\\\/Radiio-Ljubuski-1490835324566332\",\"https:\\\/\\\/x.com\\\/radioljubuski\",\"https:\\\/\\\/hr.linkedin.com\\\/company\\\/radio-ljubuski\",\"https:\\\/\\\/www.youtube.com\\\/channel\\\/UCHYaeO_n0Db3tjNGudGpXyw\"]},{\"@type\":\"Person\",\"@id\":\"https:\\\/\\\/radioljubuski.ba\\\/#\\\/schema\\\/person\\\/19fc700381a780f69665d7956c469e3b\",\"name\":\"Radio Ljubu\u0161ki\"}]}<\/script>\n<!-- \/ Yoast SEO plugin. -->","yoast_head_json":{"title":"Abazovi\u0107 i Porfirije bez najave potpisali Temeljni ugovor - RADIO LJUBU\u0160KI","robots":{"index":"index","follow":"follow","max-snippet":"max-snippet:-1","max-image-preview":"max-image-preview:large","max-video-preview":"max-video-preview:-1"},"canonical":"https:\/\/radioljubuski.ba\/index.php\/2022\/08\/03\/abazovic-i-porfirije-bez-najave-potpisali-temeljni-ugovor\/","og_locale":"hr_HR","og_type":"article","og_title":"Abazovi\u0107 i Porfirije bez najave potpisali Temeljni ugovor - RADIO LJUBU\u0160KI","og_description":"Temeljni ugovor izme\u0111u crnogorske vlade i Srpske pravoslavne crkve (SPC) potpisan je u srijedu u Podgorici, nakon \u0161to je patrijarh SPC Porfirije bez najave stigao u glavni grad Crne Gore. Porfirijevu posjetu Podgorici nisu slu\u017ebeno&nbsp;najavili ni crnogorska vlada ni SPC. Temeljni ugovor sa SPC osporava dio politi\u010dkih stranaka&nbsp;koje \u010dine vlast u Crnoj Gori, predvo\u0111ene Demokratskom [&hellip;]","og_url":"https:\/\/radioljubuski.ba\/index.php\/2022\/08\/03\/abazovic-i-porfirije-bez-najave-potpisali-temeljni-ugovor\/","og_site_name":"RADIO LJUBU\u0160KI","article_publisher":"https:\/\/www.facebook.com\/Radiio-Ljubuski-1490835324566332","article_published_time":"2022-08-03T09:54:27+00:00","article_modified_time":"2022-08-03T09:54:28+00:00","og_image":[{"width":1024,"height":652,"url":"https:\/\/radioljubuski.ba\/wp-content\/uploads\/2022\/08\/o_96317_1024.png","type":"image\/png"}],"author":"Radio Ljubu\u0161ki","twitter_card":"summary_large_image","twitter_creator":"@radioljubuski","twitter_site":"@radioljubuski","twitter_misc":{"Napisao\/la":"Radio Ljubu\u0161ki","Procijenjeno vrijeme \u010ditanja":"2 minute"},"schema":{"@context":"https:\/\/schema.org","@graph":[{"@type":"Article","@id":"https:\/\/radioljubuski.ba\/index.php\/2022\/08\/03\/abazovic-i-porfirije-bez-najave-potpisali-temeljni-ugovor\/#article","isPartOf":{"@id":"https:\/\/radioljubuski.ba\/index.php\/2022\/08\/03\/abazovic-i-porfirije-bez-najave-potpisali-temeljni-ugovor\/"},"author":{"name":"Radio Ljubu\u0161ki","@id":"https:\/\/radioljubuski.ba\/#\/schema\/person\/19fc700381a780f69665d7956c469e3b"},"headline":"Abazovi\u0107 i Porfirije bez najave potpisali Temeljni ugovor","datePublished":"2022-08-03T09:54:27+00:00","dateModified":"2022-08-03T09:54:28+00:00","mainEntityOfPage":{"@id":"https:\/\/radioljubuski.ba\/index.php\/2022\/08\/03\/abazovic-i-porfirije-bez-najave-potpisali-temeljni-ugovor\/"},"wordCount":368,"publisher":{"@id":"https:\/\/radioljubuski.ba\/#organization"},"image":{"@id":"https:\/\/radioljubuski.ba\/index.php\/2022\/08\/03\/abazovic-i-porfirije-bez-najave-potpisali-temeljni-ugovor\/#primaryimage"},"thumbnailUrl":"https:\/\/radioljubuski.ba\/wp-content\/uploads\/2022\/08\/o_96317_1024.png","articleSection":["BIH i regija"],"inLanguage":"hr"},{"@type":"WebPage","@id":"https:\/\/radioljubuski.ba\/index.php\/2022\/08\/03\/abazovic-i-porfirije-bez-najave-potpisali-temeljni-ugovor\/","url":"https:\/\/radioljubuski.ba\/index.php\/2022\/08\/03\/abazovic-i-porfirije-bez-najave-potpisali-temeljni-ugovor\/","name":"Abazovi\u0107 i Porfirije bez najave potpisali Temeljni ugovor - RADIO LJUBU\u0160KI","isPartOf":{"@id":"https:\/\/radioljubuski.ba\/#website"},"primaryImageOfPage":{"@id":"https:\/\/radioljubuski.ba\/index.php\/2022\/08\/03\/abazovic-i-porfirije-bez-najave-potpisali-temeljni-ugovor\/#primaryimage"},"image":{"@id":"https:\/\/radioljubuski.ba\/index.php\/2022\/08\/03\/abazovic-i-porfirije-bez-najave-potpisali-temeljni-ugovor\/#primaryimage"},"thumbnailUrl":"https:\/\/radioljubuski.ba\/wp-content\/uploads\/2022\/08\/o_96317_1024.png","datePublished":"2022-08-03T09:54:27+00:00","dateModified":"2022-08-03T09:54:28+00:00","breadcrumb":{"@id":"https:\/\/radioljubuski.ba\/index.php\/2022\/08\/03\/abazovic-i-porfirije-bez-najave-potpisali-temeljni-ugovor\/#breadcrumb"},"inLanguage":"hr","potentialAction":[{"@type":"ReadAction","target":["https:\/\/radioljubuski.ba\/index.php\/2022\/08\/03\/abazovic-i-porfirije-bez-najave-potpisali-temeljni-ugovor\/"]}]},{"@type":"ImageObject","inLanguage":"hr","@id":"https:\/\/radioljubuski.ba\/index.php\/2022\/08\/03\/abazovic-i-porfirije-bez-najave-potpisali-temeljni-ugovor\/#primaryimage","url":"https:\/\/radioljubuski.ba\/wp-content\/uploads\/2022\/08\/o_96317_1024.png","contentUrl":"https:\/\/radioljubuski.ba\/wp-content\/uploads\/2022\/08\/o_96317_1024.png","width":1024,"height":652},{"@type":"BreadcrumbList","@id":"https:\/\/radioljubuski.ba\/index.php\/2022\/08\/03\/abazovic-i-porfirije-bez-najave-potpisali-temeljni-ugovor\/#breadcrumb","itemListElement":[{"@type":"ListItem","position":1,"name":"Po\u010detna stranica","item":"https:\/\/radioljubuski.ba\/"},{"@type":"ListItem","position":2,"name":"Abazovi\u0107 i Porfirije bez najave potpisali Temeljni ugovor"}]},{"@type":"WebSite","@id":"https:\/\/radioljubuski.ba\/#website","url":"https:\/\/radioljubuski.ba\/","name":"Radio Ljubu\u0161ki","description":"Sun\u010dana frekvencija Hercegovine","publisher":{"@id":"https:\/\/radioljubuski.ba\/#organization"},"potentialAction":[{"@type":"SearchAction","target":{"@type":"EntryPoint","urlTemplate":"https:\/\/radioljubuski.ba\/?s={search_term_string}"},"query-input":{"@type":"PropertyValueSpecification","valueRequired":true,"valueName":"search_term_string"}}],"inLanguage":"hr"},{"@type":"Organization","@id":"https:\/\/radioljubuski.ba\/#organization","name":"Radio Ljubu\u0161ki","url":"https:\/\/radioljubuski.ba\/","logo":{"@type":"ImageObject","inLanguage":"hr","@id":"https:\/\/radioljubuski.ba\/#\/schema\/logo\/image\/","url":"https:\/\/radioljubuski.ba\/wp-content\/uploads\/2021\/02\/cropped-Radio_Ljubuski_logo1.jpg","contentUrl":"https:\/\/radioljubuski.ba\/wp-content\/uploads\/2021\/02\/cropped-Radio_Ljubuski_logo1.jpg","width":512,"height":512,"caption":"Radio Ljubu\u0161ki"},"image":{"@id":"https:\/\/radioljubuski.ba\/#\/schema\/logo\/image\/"},"sameAs":["https:\/\/www.facebook.com\/Radiio-Ljubuski-1490835324566332","https:\/\/x.com\/radioljubuski","https:\/\/hr.linkedin.com\/company\/radio-ljubuski","https:\/\/www.youtube.com\/channel\/UCHYaeO_n0Db3tjNGudGpXyw"]},{"@type":"Person","@id":"https:\/\/radioljubuski.ba\/#\/schema\/person\/19fc700381a780f69665d7956c469e3b","name":"Radio Ljubu\u0161ki"}]}},"_links":{"self":[{"href":"https:\/\/radioljubuski.ba\/index.php\/wp-json\/wp\/v2\/posts\/166079","targetHints":{"allow":["GET"]}}],"collection":[{"href":"https:\/\/radioljubuski.ba\/index.php\/wp-json\/wp\/v2\/posts"}],"about":[{"href":"https:\/\/radioljubuski.ba\/index.php\/wp-json\/wp\/v2\/types\/post"}],"author":[{"embeddable":true,"href":"https:\/\/radioljubuski.ba\/index.php\/wp-json\/wp\/v2\/users\/2"}],"replies":[{"embeddable":true,"href":"https:\/\/radioljubuski.ba\/index.php\/wp-json\/wp\/v2\/comments?post=166079"}],"version-history":[{"count":1,"href":"https:\/\/radioljubuski.ba\/index.php\/wp-json\/wp\/v2\/posts\/166079\/revisions"}],"predecessor-version":[{"id":166081,"href":"https:\/\/radioljubuski.ba\/index.php\/wp-json\/wp\/v2\/posts\/166079\/revisions\/166081"}],"wp:featuredmedia":[{"embeddable":true,"href":"https:\/\/radioljubuski.ba\/index.php\/wp-json\/wp\/v2\/media\/166080"}],"wp:attachment":[{"href":"https:\/\/radioljubuski.ba\/index.php\/wp-json\/wp\/v2\/media?parent=166079"}],"wp:term":[{"taxonomy":"category","embeddable":true,"href":"https:\/\/radioljubuski.ba\/index.php\/wp-json\/wp\/v2\/categories?post=166079"},{"taxonomy":"post_tag","embeddable":true,"href":"https:\/\/radioljubuski.ba\/index.php\/wp-json\/wp\/v2\/tags?post=166079"}],"curies":[{"name":"wp","href":"https:\/\/api.w.org\/{rel}","templated":true}]}}