{"id":166103,"date":"2022-08-03T11:07:47","date_gmt":"2022-08-03T10:07:47","guid":{"rendered":"https:\/\/radioljubuski.ba\/?p=166103"},"modified":"2022-08-03T11:07:49","modified_gmt":"2022-08-03T10:07:49","slug":"cacic-da-ima-prostora-za-napredak-to-je-evidentno","status":"publish","type":"post","link":"https:\/\/radioljubuski.ba\/index.php\/2022\/08\/03\/cacic-da-ima-prostora-za-napredak-to-je-evidentno\/","title":{"rendered":"\u010ca\u010di\u0107: Da ima prostora za napredak, to je evidentno"},"content":{"rendered":"\n<p>Dinamo je u prvoj utakmici 3. pretkola Lige prvaka u Bugarskoj s 2:1 slavio protiv Ludogorca.<\/p>\n\n\n\n<figure class=\"wp-block-embed is-type-wp-embed is-provider-radio-ljubuski wp-block-embed-radio-ljubuski\"><div class=\"wp-block-embed__wrapper\">\n<blockquote class=\"wp-embedded-content\" data-secret=\"s6XFci0BKz\"><a href=\"https:\/\/radioljubuski.ba\/index.php\/2022\/08\/03\/dinamo-slavio-u-bugarskoj-rasplet-za-tjedan-dana-na-maksimiru\/\">Dinamo slavio u Bugarskoj, rasplet za tjedan dana na Maksimiru<\/a><\/blockquote><iframe loading=\"lazy\" class=\"wp-embedded-content\" sandbox=\"allow-scripts\" security=\"restricted\" style=\"position: absolute; clip: rect(1px, 1px, 1px, 1px);\" title=\"&#8220;Dinamo slavio u Bugarskoj, rasplet za tjedan dana na Maksimiru&#8221; &#8212;   RADIO LJUBU\u0160KI\" src=\"https:\/\/radioljubuski.ba\/index.php\/2022\/08\/03\/dinamo-slavio-u-bugarskoj-rasplet-za-tjedan-dana-na-maksimiru\/embed\/#?secret=e0QpprPkJB#?secret=s6XFci0BKz\" data-secret=\"s6XFci0BKz\" width=\"600\" height=\"338\" frameborder=\"0\" marginwidth=\"0\" marginheight=\"0\" scrolling=\"no\"><\/iframe>\n<\/div><\/figure>\n\n\n\n<p>\u201cRekao sam da \u0107emo nastojati do\u0107i do dobrog rezultata, rekao sam da rezultat mo\u017ee oti\u0107i na obje strane. Radi se o jako dobrim ekipama, Ludogorec je to pokazao. Mi smo na kraju do\u0161li do zaslu\u017eene pobjede, ponavljam, ni\u0161ta nije gotovo. Vidjeli smo jako dobar Ludogorec koji se nakon dva primljena gola vratio u utakmicu. Napravili su nekoliko dobrih stvari, ali u tome smo im i mi olak\u0161ali\u201d, rekao je nakon utakmice trener Dinama Ante \u010ca\u010di\u0107.<\/p>\n\n\n\n<figure class=\"wp-block-embed is-type-wp-embed is-provider-radio-ljubuski wp-block-embed-radio-ljubuski\"><div class=\"wp-block-embed__wrapper\">\n<blockquote class=\"wp-embedded-content\" data-secret=\"abKnzyjyZL\"><a href=\"https:\/\/radioljubuski.ba\/index.php\/2022\/08\/03\/ademi-ludogorec-moze-zapapriti-svakome-ali-spremit-cemo-se-za-uzvrat\/\">Ademi: Ludogorec mo\u017ee &#8220;zapapriti&#8221; svakome, ali spremit \u0107emo se za uzvrat<\/a><\/blockquote><iframe loading=\"lazy\" class=\"wp-embedded-content\" sandbox=\"allow-scripts\" security=\"restricted\" style=\"position: absolute; clip: rect(1px, 1px, 1px, 1px);\" title=\"&#8220;Ademi: Ludogorec mo\u017ee &#8220;zapapriti&#8221; svakome, ali spremit \u0107emo se za uzvrat&#8221; &#8212;   RADIO LJUBU\u0160KI\" src=\"https:\/\/radioljubuski.ba\/index.php\/2022\/08\/03\/ademi-ludogorec-moze-zapapriti-svakome-ali-spremit-cemo-se-za-uzvrat\/embed\/#?secret=CIsBYUvbcG#?secret=abKnzyjyZL\" data-secret=\"abKnzyjyZL\" width=\"600\" height=\"338\" frameborder=\"0\" marginwidth=\"0\" marginheight=\"0\" scrolling=\"no\"><\/iframe>\n<\/div><\/figure>\n\n\n\n<p>\u201c\u0160to Dinamo mora popraviti u sljede\u0107oj utakmici? E pa to ne smijem javno iznositi ono \u0161to vidim. To su stvari koje \u0107u nastojati kroz treninge i razgovore korigirati, ali da ima prostora za napredak, to je evidentno\u201d, rekao je \u010ca\u010di\u0107 pa dodao:<\/p>\n\n\n\n<p>\u201cBili su ba\u0161 opasni na terenu koji im odgovara, u ovom ambijentu. Bili su te\u010dni u igri, rastr\u010dani, raznovrsni u zavr\u0161nici, imali su puno poku\u0161aja izvana Pokazali su da se radi o kvalitetnoj ekipi. Mi smo nakon 2:0 trebali iskoristiti to vodstvo, biti mirniji, bolje \u010duvati loptu, nismo to \u010dinili i vratili su se u igru nakon tog gola. Na kraju, moramo biti zadovoljni\u201d, rekao je trener Dinama.<\/p>\n\n\n\n<figure class=\"wp-block-embed is-type-wp-embed is-provider-radio-ljubuski wp-block-embed-radio-ljubuski\"><div class=\"wp-block-embed__wrapper\">\n<blockquote class=\"wp-embedded-content\" data-secret=\"2MrAhaWQyM\"><a href=\"https:\/\/radioljubuski.ba\/index.php\/2022\/08\/03\/dinamovci-zadovoljni-napustili-bugarsku\/\">Dinamovci zadovoljni napustili Bugarsku<\/a><\/blockquote><iframe loading=\"lazy\" class=\"wp-embedded-content\" sandbox=\"allow-scripts\" security=\"restricted\" style=\"position: absolute; clip: rect(1px, 1px, 1px, 1px);\" title=\"&#8220;Dinamovci zadovoljni napustili Bugarsku&#8221; &#8212;   RADIO LJUBU\u0160KI\" src=\"https:\/\/radioljubuski.ba\/index.php\/2022\/08\/03\/dinamovci-zadovoljni-napustili-bugarsku\/embed\/#?secret=FfLOKLWbLQ#?secret=2MrAhaWQyM\" data-secret=\"2MrAhaWQyM\" width=\"600\" height=\"338\" frameborder=\"0\" marginwidth=\"0\" marginheight=\"0\" scrolling=\"no\"><\/iframe>\n<\/div><\/figure>\n\n\n\n<p><em>Izvor: narod.hr<\/em><\/p>\n","protected":false},"excerpt":{"rendered":"<p>Dinamo je u prvoj utakmici 3. pretkola Lige prvaka u Bugarskoj s 2:1 slavio protiv Ludogorca. \u201cRekao sam da \u0107emo nastojati do\u0107i do dobrog rezultata, rekao sam da rezultat mo\u017ee oti\u0107i na obje strane. Radi se o jako dobrim ekipama, Ludogorec je to pokazao. Mi smo na kraju do\u0161li do zaslu\u017eene pobjede, ponavljam, ni\u0161ta nije [&hellip;]<\/p>\n","protected":false},"author":2,"featured_media":161219,"comment_status":"closed","ping_status":"closed","sticky":false,"template":"","format":"standard","meta":{"h5ap_radio_sources":[],"footnotes":""},"categories":[7],"tags":[],"class_list":["post-166103","post","type-post","status-publish","format-standard","has-post-thumbnail","hentry","category-sport"],"yoast_head":"<!-- This site is optimized with the Yoast SEO plugin v27.4 - https:\/\/yoast.com\/product\/yoast-seo-wordpress\/ -->\n<title>\u010ca\u010di\u0107: Da ima prostora za napredak, to je evidentno - RADIO LJUBU\u0160KI<\/title>\n<meta name=\"robots\" content=\"index, follow, max-snippet:-1, max-image-preview:large, max-video-preview:-1\" \/>\n<link rel=\"canonical\" href=\"https:\/\/radioljubuski.ba\/index.php\/2022\/08\/03\/cacic-da-ima-prostora-za-napredak-to-je-evidentno\/\" \/>\n<meta property=\"og:locale\" content=\"hr_HR\" \/>\n<meta property=\"og:type\" content=\"article\" \/>\n<meta property=\"og:title\" content=\"\u010ca\u010di\u0107: Da ima prostora za napredak, to je evidentno - RADIO LJUBU\u0160KI\" \/>\n<meta property=\"og:description\" content=\"Dinamo je u prvoj utakmici 3. pretkola Lige prvaka u Bugarskoj s 2:1 slavio protiv Ludogorca. \u201cRekao sam da \u0107emo nastojati do\u0107i do dobrog rezultata, rekao sam da rezultat mo\u017ee oti\u0107i na obje strane. Radi se o jako dobrim ekipama, Ludogorec je to pokazao. Mi smo na kraju do\u0161li do zaslu\u017eene pobjede, ponavljam, ni\u0161ta nije [&hellip;]\" \/>\n<meta property=\"og:url\" content=\"https:\/\/radioljubuski.ba\/index.php\/2022\/08\/03\/cacic-da-ima-prostora-za-napredak-to-je-evidentno\/\" \/>\n<meta property=\"og:site_name\" content=\"RADIO LJUBU\u0160KI\" \/>\n<meta property=\"article:publisher\" content=\"https:\/\/www.facebook.com\/Radiio-Ljubuski-1490835324566332\" \/>\n<meta property=\"article:published_time\" content=\"2022-08-03T10:07:47+00:00\" \/>\n<meta property=\"article:modified_time\" content=\"2022-08-03T10:07:49+00:00\" \/>\n<meta property=\"og:image\" content=\"https:\/\/radioljubuski.ba\/wp-content\/uploads\/2022\/07\/cacic-1.jpg\" \/>\n\t<meta property=\"og:image:width\" content=\"225\" \/>\n\t<meta property=\"og:image:height\" content=\"225\" \/>\n\t<meta property=\"og:image:type\" content=\"image\/jpeg\" \/>\n<meta name=\"author\" content=\"Radio Ljubu\u0161ki\" \/>\n<meta name=\"twitter:card\" content=\"summary_large_image\" \/>\n<meta name=\"twitter:creator\" content=\"@radioljubuski\" \/>\n<meta name=\"twitter:site\" content=\"@radioljubuski\" \/>\n<meta name=\"twitter:label1\" content=\"Napisao\/la\" \/>\n\t<meta name=\"twitter:data1\" content=\"Radio Ljubu\u0161ki\" \/>\n\t<meta name=\"twitter:label2\" content=\"Procijenjeno vrijeme \u010ditanja\" \/>\n\t<meta name=\"twitter:data2\" content=\"1 minuta\" \/>\n<script type=\"application\/ld+json\" class=\"yoast-schema-graph\">{\"@context\":\"https:\\\/\\\/schema.org\",\"@graph\":[{\"@type\":\"Article\",\"@id\":\"https:\\\/\\\/radioljubuski.ba\\\/index.php\\\/2022\\\/08\\\/03\\\/cacic-da-ima-prostora-za-napredak-to-je-evidentno\\\/#article\",\"isPartOf\":{\"@id\":\"https:\\\/\\\/radioljubuski.ba\\\/index.php\\\/2022\\\/08\\\/03\\\/cacic-da-ima-prostora-za-napredak-to-je-evidentno\\\/\"},\"author\":{\"name\":\"Radio Ljubu\u0161ki\",\"@id\":\"https:\\\/\\\/radioljubuski.ba\\\/#\\\/schema\\\/person\\\/19fc700381a780f69665d7956c469e3b\"},\"headline\":\"\u010ca\u010di\u0107: Da ima prostora za napredak, to je evidentno\",\"datePublished\":\"2022-08-03T10:07:47+00:00\",\"dateModified\":\"2022-08-03T10:07:49+00:00\",\"mainEntityOfPage\":{\"@id\":\"https:\\\/\\\/radioljubuski.ba\\\/index.php\\\/2022\\\/08\\\/03\\\/cacic-da-ima-prostora-za-napredak-to-je-evidentno\\\/\"},\"wordCount\":243,\"publisher\":{\"@id\":\"https:\\\/\\\/radioljubuski.ba\\\/#organization\"},\"image\":{\"@id\":\"https:\\\/\\\/radioljubuski.ba\\\/index.php\\\/2022\\\/08\\\/03\\\/cacic-da-ima-prostora-za-napredak-to-je-evidentno\\\/#primaryimage\"},\"thumbnailUrl\":\"https:\\\/\\\/radioljubuski.ba\\\/wp-content\\\/uploads\\\/2022\\\/07\\\/cacic-1.jpg\",\"articleSection\":[\"\u0160port\"],\"inLanguage\":\"hr\"},{\"@type\":\"WebPage\",\"@id\":\"https:\\\/\\\/radioljubuski.ba\\\/index.php\\\/2022\\\/08\\\/03\\\/cacic-da-ima-prostora-za-napredak-to-je-evidentno\\\/\",\"url\":\"https:\\\/\\\/radioljubuski.ba\\\/index.php\\\/2022\\\/08\\\/03\\\/cacic-da-ima-prostora-za-napredak-to-je-evidentno\\\/\",\"name\":\"\u010ca\u010di\u0107: Da ima prostora za napredak, to je evidentno - RADIO LJUBU\u0160KI\",\"isPartOf\":{\"@id\":\"https:\\\/\\\/radioljubuski.ba\\\/#website\"},\"primaryImageOfPage\":{\"@id\":\"https:\\\/\\\/radioljubuski.ba\\\/index.php\\\/2022\\\/08\\\/03\\\/cacic-da-ima-prostora-za-napredak-to-je-evidentno\\\/#primaryimage\"},\"image\":{\"@id\":\"https:\\\/\\\/radioljubuski.ba\\\/index.php\\\/2022\\\/08\\\/03\\\/cacic-da-ima-prostora-za-napredak-to-je-evidentno\\\/#primaryimage\"},\"thumbnailUrl\":\"https:\\\/\\\/radioljubuski.ba\\\/wp-content\\\/uploads\\\/2022\\\/07\\\/cacic-1.jpg\",\"datePublished\":\"2022-08-03T10:07:47+00:00\",\"dateModified\":\"2022-08-03T10:07:49+00:00\",\"breadcrumb\":{\"@id\":\"https:\\\/\\\/radioljubuski.ba\\\/index.php\\\/2022\\\/08\\\/03\\\/cacic-da-ima-prostora-za-napredak-to-je-evidentno\\\/#breadcrumb\"},\"inLanguage\":\"hr\",\"potentialAction\":[{\"@type\":\"ReadAction\",\"target\":[\"https:\\\/\\\/radioljubuski.ba\\\/index.php\\\/2022\\\/08\\\/03\\\/cacic-da-ima-prostora-za-napredak-to-je-evidentno\\\/\"]}]},{\"@type\":\"ImageObject\",\"inLanguage\":\"hr\",\"@id\":\"https:\\\/\\\/radioljubuski.ba\\\/index.php\\\/2022\\\/08\\\/03\\\/cacic-da-ima-prostora-za-napredak-to-je-evidentno\\\/#primaryimage\",\"url\":\"https:\\\/\\\/radioljubuski.ba\\\/wp-content\\\/uploads\\\/2022\\\/07\\\/cacic-1.jpg\",\"contentUrl\":\"https:\\\/\\\/radioljubuski.ba\\\/wp-content\\\/uploads\\\/2022\\\/07\\\/cacic-1.jpg\",\"width\":225,\"height\":225},{\"@type\":\"BreadcrumbList\",\"@id\":\"https:\\\/\\\/radioljubuski.ba\\\/index.php\\\/2022\\\/08\\\/03\\\/cacic-da-ima-prostora-za-napredak-to-je-evidentno\\\/#breadcrumb\",\"itemListElement\":[{\"@type\":\"ListItem\",\"position\":1,\"name\":\"Po\u010detna stranica\",\"item\":\"https:\\\/\\\/radioljubuski.ba\\\/\"},{\"@type\":\"ListItem\",\"position\":2,\"name\":\"\u010ca\u010di\u0107: Da ima prostora za napredak, to je evidentno\"}]},{\"@type\":\"WebSite\",\"@id\":\"https:\\\/\\\/radioljubuski.ba\\\/#website\",\"url\":\"https:\\\/\\\/radioljubuski.ba\\\/\",\"name\":\"Radio Ljubu\u0161ki\",\"description\":\"Sun\u010dana frekvencija Hercegovine\",\"publisher\":{\"@id\":\"https:\\\/\\\/radioljubuski.ba\\\/#organization\"},\"potentialAction\":[{\"@type\":\"SearchAction\",\"target\":{\"@type\":\"EntryPoint\",\"urlTemplate\":\"https:\\\/\\\/radioljubuski.ba\\\/?s={search_term_string}\"},\"query-input\":{\"@type\":\"PropertyValueSpecification\",\"valueRequired\":true,\"valueName\":\"search_term_string\"}}],\"inLanguage\":\"hr\"},{\"@type\":\"Organization\",\"@id\":\"https:\\\/\\\/radioljubuski.ba\\\/#organization\",\"name\":\"Radio Ljubu\u0161ki\",\"url\":\"https:\\\/\\\/radioljubuski.ba\\\/\",\"logo\":{\"@type\":\"ImageObject\",\"inLanguage\":\"hr\",\"@id\":\"https:\\\/\\\/radioljubuski.ba\\\/#\\\/schema\\\/logo\\\/image\\\/\",\"url\":\"https:\\\/\\\/radioljubuski.ba\\\/wp-content\\\/uploads\\\/2021\\\/02\\\/cropped-Radio_Ljubuski_logo1.jpg\",\"contentUrl\":\"https:\\\/\\\/radioljubuski.ba\\\/wp-content\\\/uploads\\\/2021\\\/02\\\/cropped-Radio_Ljubuski_logo1.jpg\",\"width\":512,\"height\":512,\"caption\":\"Radio Ljubu\u0161ki\"},\"image\":{\"@id\":\"https:\\\/\\\/radioljubuski.ba\\\/#\\\/schema\\\/logo\\\/image\\\/\"},\"sameAs\":[\"https:\\\/\\\/www.facebook.com\\\/Radiio-Ljubuski-1490835324566332\",\"https:\\\/\\\/x.com\\\/radioljubuski\",\"https:\\\/\\\/hr.linkedin.com\\\/company\\\/radio-ljubuski\",\"https:\\\/\\\/www.youtube.com\\\/channel\\\/UCHYaeO_n0Db3tjNGudGpXyw\"]},{\"@type\":\"Person\",\"@id\":\"https:\\\/\\\/radioljubuski.ba\\\/#\\\/schema\\\/person\\\/19fc700381a780f69665d7956c469e3b\",\"name\":\"Radio Ljubu\u0161ki\"}]}<\/script>\n<!-- \/ Yoast SEO plugin. -->","yoast_head_json":{"title":"\u010ca\u010di\u0107: Da ima prostora za napredak, to je evidentno - RADIO LJUBU\u0160KI","robots":{"index":"index","follow":"follow","max-snippet":"max-snippet:-1","max-image-preview":"max-image-preview:large","max-video-preview":"max-video-preview:-1"},"canonical":"https:\/\/radioljubuski.ba\/index.php\/2022\/08\/03\/cacic-da-ima-prostora-za-napredak-to-je-evidentno\/","og_locale":"hr_HR","og_type":"article","og_title":"\u010ca\u010di\u0107: Da ima prostora za napredak, to je evidentno - RADIO LJUBU\u0160KI","og_description":"Dinamo je u prvoj utakmici 3. pretkola Lige prvaka u Bugarskoj s 2:1 slavio protiv Ludogorca. \u201cRekao sam da \u0107emo nastojati do\u0107i do dobrog rezultata, rekao sam da rezultat mo\u017ee oti\u0107i na obje strane. Radi se o jako dobrim ekipama, Ludogorec je to pokazao. Mi smo na kraju do\u0161li do zaslu\u017eene pobjede, ponavljam, ni\u0161ta nije [&hellip;]","og_url":"https:\/\/radioljubuski.ba\/index.php\/2022\/08\/03\/cacic-da-ima-prostora-za-napredak-to-je-evidentno\/","og_site_name":"RADIO LJUBU\u0160KI","article_publisher":"https:\/\/www.facebook.com\/Radiio-Ljubuski-1490835324566332","article_published_time":"2022-08-03T10:07:47+00:00","article_modified_time":"2022-08-03T10:07:49+00:00","og_image":[{"width":225,"height":225,"url":"https:\/\/radioljubuski.ba\/wp-content\/uploads\/2022\/07\/cacic-1.jpg","type":"image\/jpeg"}],"author":"Radio Ljubu\u0161ki","twitter_card":"summary_large_image","twitter_creator":"@radioljubuski","twitter_site":"@radioljubuski","twitter_misc":{"Napisao\/la":"Radio Ljubu\u0161ki","Procijenjeno vrijeme \u010ditanja":"1 minuta"},"schema":{"@context":"https:\/\/schema.org","@graph":[{"@type":"Article","@id":"https:\/\/radioljubuski.ba\/index.php\/2022\/08\/03\/cacic-da-ima-prostora-za-napredak-to-je-evidentno\/#article","isPartOf":{"@id":"https:\/\/radioljubuski.ba\/index.php\/2022\/08\/03\/cacic-da-ima-prostora-za-napredak-to-je-evidentno\/"},"author":{"name":"Radio Ljubu\u0161ki","@id":"https:\/\/radioljubuski.ba\/#\/schema\/person\/19fc700381a780f69665d7956c469e3b"},"headline":"\u010ca\u010di\u0107: Da ima prostora za napredak, to je evidentno","datePublished":"2022-08-03T10:07:47+00:00","dateModified":"2022-08-03T10:07:49+00:00","mainEntityOfPage":{"@id":"https:\/\/radioljubuski.ba\/index.php\/2022\/08\/03\/cacic-da-ima-prostora-za-napredak-to-je-evidentno\/"},"wordCount":243,"publisher":{"@id":"https:\/\/radioljubuski.ba\/#organization"},"image":{"@id":"https:\/\/radioljubuski.ba\/index.php\/2022\/08\/03\/cacic-da-ima-prostora-za-napredak-to-je-evidentno\/#primaryimage"},"thumbnailUrl":"https:\/\/radioljubuski.ba\/wp-content\/uploads\/2022\/07\/cacic-1.jpg","articleSection":["\u0160port"],"inLanguage":"hr"},{"@type":"WebPage","@id":"https:\/\/radioljubuski.ba\/index.php\/2022\/08\/03\/cacic-da-ima-prostora-za-napredak-to-je-evidentno\/","url":"https:\/\/radioljubuski.ba\/index.php\/2022\/08\/03\/cacic-da-ima-prostora-za-napredak-to-je-evidentno\/","name":"\u010ca\u010di\u0107: Da ima prostora za napredak, to je evidentno - RADIO LJUBU\u0160KI","isPartOf":{"@id":"https:\/\/radioljubuski.ba\/#website"},"primaryImageOfPage":{"@id":"https:\/\/radioljubuski.ba\/index.php\/2022\/08\/03\/cacic-da-ima-prostora-za-napredak-to-je-evidentno\/#primaryimage"},"image":{"@id":"https:\/\/radioljubuski.ba\/index.php\/2022\/08\/03\/cacic-da-ima-prostora-za-napredak-to-je-evidentno\/#primaryimage"},"thumbnailUrl":"https:\/\/radioljubuski.ba\/wp-content\/uploads\/2022\/07\/cacic-1.jpg","datePublished":"2022-08-03T10:07:47+00:00","dateModified":"2022-08-03T10:07:49+00:00","breadcrumb":{"@id":"https:\/\/radioljubuski.ba\/index.php\/2022\/08\/03\/cacic-da-ima-prostora-za-napredak-to-je-evidentno\/#breadcrumb"},"inLanguage":"hr","potentialAction":[{"@type":"ReadAction","target":["https:\/\/radioljubuski.ba\/index.php\/2022\/08\/03\/cacic-da-ima-prostora-za-napredak-to-je-evidentno\/"]}]},{"@type":"ImageObject","inLanguage":"hr","@id":"https:\/\/radioljubuski.ba\/index.php\/2022\/08\/03\/cacic-da-ima-prostora-za-napredak-to-je-evidentno\/#primaryimage","url":"https:\/\/radioljubuski.ba\/wp-content\/uploads\/2022\/07\/cacic-1.jpg","contentUrl":"https:\/\/radioljubuski.ba\/wp-content\/uploads\/2022\/07\/cacic-1.jpg","width":225,"height":225},{"@type":"BreadcrumbList","@id":"https:\/\/radioljubuski.ba\/index.php\/2022\/08\/03\/cacic-da-ima-prostora-za-napredak-to-je-evidentno\/#breadcrumb","itemListElement":[{"@type":"ListItem","position":1,"name":"Po\u010detna stranica","item":"https:\/\/radioljubuski.ba\/"},{"@type":"ListItem","position":2,"name":"\u010ca\u010di\u0107: Da ima prostora za napredak, to je evidentno"}]},{"@type":"WebSite","@id":"https:\/\/radioljubuski.ba\/#website","url":"https:\/\/radioljubuski.ba\/","name":"Radio Ljubu\u0161ki","description":"Sun\u010dana frekvencija Hercegovine","publisher":{"@id":"https:\/\/radioljubuski.ba\/#organization"},"potentialAction":[{"@type":"SearchAction","target":{"@type":"EntryPoint","urlTemplate":"https:\/\/radioljubuski.ba\/?s={search_term_string}"},"query-input":{"@type":"PropertyValueSpecification","valueRequired":true,"valueName":"search_term_string"}}],"inLanguage":"hr"},{"@type":"Organization","@id":"https:\/\/radioljubuski.ba\/#organization","name":"Radio Ljubu\u0161ki","url":"https:\/\/radioljubuski.ba\/","logo":{"@type":"ImageObject","inLanguage":"hr","@id":"https:\/\/radioljubuski.ba\/#\/schema\/logo\/image\/","url":"https:\/\/radioljubuski.ba\/wp-content\/uploads\/2021\/02\/cropped-Radio_Ljubuski_logo1.jpg","contentUrl":"https:\/\/radioljubuski.ba\/wp-content\/uploads\/2021\/02\/cropped-Radio_Ljubuski_logo1.jpg","width":512,"height":512,"caption":"Radio Ljubu\u0161ki"},"image":{"@id":"https:\/\/radioljubuski.ba\/#\/schema\/logo\/image\/"},"sameAs":["https:\/\/www.facebook.com\/Radiio-Ljubuski-1490835324566332","https:\/\/x.com\/radioljubuski","https:\/\/hr.linkedin.com\/company\/radio-ljubuski","https:\/\/www.youtube.com\/channel\/UCHYaeO_n0Db3tjNGudGpXyw"]},{"@type":"Person","@id":"https:\/\/radioljubuski.ba\/#\/schema\/person\/19fc700381a780f69665d7956c469e3b","name":"Radio Ljubu\u0161ki"}]}},"_links":{"self":[{"href":"https:\/\/radioljubuski.ba\/index.php\/wp-json\/wp\/v2\/posts\/166103","targetHints":{"allow":["GET"]}}],"collection":[{"href":"https:\/\/radioljubuski.ba\/index.php\/wp-json\/wp\/v2\/posts"}],"about":[{"href":"https:\/\/radioljubuski.ba\/index.php\/wp-json\/wp\/v2\/types\/post"}],"author":[{"embeddable":true,"href":"https:\/\/radioljubuski.ba\/index.php\/wp-json\/wp\/v2\/users\/2"}],"replies":[{"embeddable":true,"href":"https:\/\/radioljubuski.ba\/index.php\/wp-json\/wp\/v2\/comments?post=166103"}],"version-history":[{"count":1,"href":"https:\/\/radioljubuski.ba\/index.php\/wp-json\/wp\/v2\/posts\/166103\/revisions"}],"predecessor-version":[{"id":166104,"href":"https:\/\/radioljubuski.ba\/index.php\/wp-json\/wp\/v2\/posts\/166103\/revisions\/166104"}],"wp:featuredmedia":[{"embeddable":true,"href":"https:\/\/radioljubuski.ba\/index.php\/wp-json\/wp\/v2\/media\/161219"}],"wp:attachment":[{"href":"https:\/\/radioljubuski.ba\/index.php\/wp-json\/wp\/v2\/media?parent=166103"}],"wp:term":[{"taxonomy":"category","embeddable":true,"href":"https:\/\/radioljubuski.ba\/index.php\/wp-json\/wp\/v2\/categories?post=166103"},{"taxonomy":"post_tag","embeddable":true,"href":"https:\/\/radioljubuski.ba\/index.php\/wp-json\/wp\/v2\/tags?post=166103"}],"curies":[{"name":"wp","href":"https:\/\/api.w.org\/{rel}","templated":true}]}}