{"id":166108,"date":"2022-08-03T11:13:40","date_gmt":"2022-08-03T10:13:40","guid":{"rendered":"https:\/\/radioljubuski.ba\/?p=166108"},"modified":"2022-08-03T11:13:41","modified_gmt":"2022-08-03T10:13:41","slug":"glasno-slusao-glazbu-u-parku-preko-zvucnika-susjed-ga-prebio-uzeo-zvucnik-i-pobjegao","status":"publish","type":"post","link":"https:\/\/radioljubuski.ba\/index.php\/2022\/08\/03\/glasno-slusao-glazbu-u-parku-preko-zvucnika-susjed-ga-prebio-uzeo-zvucnik-i-pobjegao\/","title":{"rendered":"Glasno slu\u0161ao glazbu u parku preko zvu\u010dnika, susjed ga prebio, uzeo zvu\u010dnik i pobjegao"},"content":{"rendered":"\n<p>Mu\u0161karac je te\u0161ko ozlije\u0111en u Puli nakon \u0161to ga je fizi\u010dki napao susjed kojem je smetala glazba. Naime, kako je izvijestila PU istarska, mu\u0161karac (38) je u parku u nedjelju oko 21.20 slu\u0161ao glazbu preko prijenosnog zvu\u010dnika.&nbsp;<\/p>\n\n\n\n<p>To je zasmetalo jednom od susjeda koji ga je par puta upozorio da sti\u0161a glazbu. No, nakon \u0161to 38-godi\u0161njak to nije napravio, iz zgrade je iza\u0161ao mu\u0161karac koji ga je fizi\u010dki napao i uzeo zvu\u010dnik te oti\u0161ao.&nbsp;<\/p>\n\n\n\n<p>Hitna je mu\u0161karca prevezla u pulsku bolnicu gdje su mu utvr\u0111ene te\u0161ke ozljede, a policija i dalje tragaju za mu\u0161karcem koji ga je napao.&nbsp;<\/p>\n\n\n\n<p>Izvor:pogled.ba<\/p>\n","protected":false},"excerpt":{"rendered":"<p>Mu\u0161karac je te\u0161ko ozlije\u0111en u Puli nakon \u0161to ga je fizi\u010dki napao susjed kojem je smetala glazba. Naime, kako je izvijestila PU istarska, mu\u0161karac (38) je u parku u nedjelju oko 21.20 slu\u0161ao glazbu preko prijenosnog zvu\u010dnika.&nbsp; To je zasmetalo jednom od susjeda koji ga je par puta upozorio da sti\u0161a glazbu. No, nakon \u0161to [&hellip;]<\/p>\n","protected":false},"author":2,"featured_media":28180,"comment_status":"closed","ping_status":"closed","sticky":false,"template":"","format":"standard","meta":{"h5ap_radio_sources":[],"footnotes":""},"categories":[1],"tags":[],"class_list":["post-166108","post","type-post","status-publish","format-standard","has-post-thumbnail","hentry","category-bihiregija"],"yoast_head":"<!-- This site is optimized with the Yoast SEO plugin v27.4 - https:\/\/yoast.com\/product\/yoast-seo-wordpress\/ -->\n<title>Glasno slu\u0161ao glazbu u parku preko zvu\u010dnika, susjed ga prebio, uzeo zvu\u010dnik i pobjegao - RADIO LJUBU\u0160KI<\/title>\n<meta name=\"robots\" content=\"index, follow, max-snippet:-1, max-image-preview:large, max-video-preview:-1\" \/>\n<link rel=\"canonical\" href=\"https:\/\/radioljubuski.ba\/index.php\/2022\/08\/03\/glasno-slusao-glazbu-u-parku-preko-zvucnika-susjed-ga-prebio-uzeo-zvucnik-i-pobjegao\/\" \/>\n<meta property=\"og:locale\" content=\"hr_HR\" \/>\n<meta property=\"og:type\" content=\"article\" \/>\n<meta property=\"og:title\" content=\"Glasno slu\u0161ao glazbu u parku preko zvu\u010dnika, susjed ga prebio, uzeo zvu\u010dnik i pobjegao - RADIO LJUBU\u0160KI\" \/>\n<meta property=\"og:description\" content=\"Mu\u0161karac je te\u0161ko ozlije\u0111en u Puli nakon \u0161to ga je fizi\u010dki napao susjed kojem je smetala glazba. Naime, kako je izvijestila PU istarska, mu\u0161karac (38) je u parku u nedjelju oko 21.20 slu\u0161ao glazbu preko prijenosnog zvu\u010dnika.&nbsp; To je zasmetalo jednom od susjeda koji ga je par puta upozorio da sti\u0161a glazbu. No, nakon \u0161to [&hellip;]\" \/>\n<meta property=\"og:url\" content=\"https:\/\/radioljubuski.ba\/index.php\/2022\/08\/03\/glasno-slusao-glazbu-u-parku-preko-zvucnika-susjed-ga-prebio-uzeo-zvucnik-i-pobjegao\/\" \/>\n<meta property=\"og:site_name\" content=\"RADIO LJUBU\u0160KI\" \/>\n<meta property=\"article:publisher\" content=\"https:\/\/www.facebook.com\/Radiio-Ljubuski-1490835324566332\" \/>\n<meta property=\"article:published_time\" content=\"2022-08-03T10:13:40+00:00\" \/>\n<meta property=\"article:modified_time\" content=\"2022-08-03T10:13:41+00:00\" \/>\n<meta property=\"og:image\" content=\"https:\/\/radioljubuski.ba\/wp-content\/uploads\/2021\/06\/policija.jpg\" \/>\n\t<meta property=\"og:image:width\" content=\"730\" \/>\n\t<meta property=\"og:image:height\" content=\"487\" \/>\n\t<meta property=\"og:image:type\" content=\"image\/jpeg\" \/>\n<meta name=\"author\" content=\"Radio Ljubu\u0161ki\" \/>\n<meta name=\"twitter:card\" content=\"summary_large_image\" \/>\n<meta name=\"twitter:creator\" content=\"@radioljubuski\" \/>\n<meta name=\"twitter:site\" content=\"@radioljubuski\" \/>\n<meta name=\"twitter:label1\" content=\"Napisao\/la\" \/>\n\t<meta name=\"twitter:data1\" content=\"Radio Ljubu\u0161ki\" \/>\n\t<meta name=\"twitter:label2\" content=\"Procijenjeno vrijeme \u010ditanja\" \/>\n\t<meta name=\"twitter:data2\" content=\"1 minuta\" \/>\n<script type=\"application\/ld+json\" class=\"yoast-schema-graph\">{\"@context\":\"https:\\\/\\\/schema.org\",\"@graph\":[{\"@type\":\"Article\",\"@id\":\"https:\\\/\\\/radioljubuski.ba\\\/index.php\\\/2022\\\/08\\\/03\\\/glasno-slusao-glazbu-u-parku-preko-zvucnika-susjed-ga-prebio-uzeo-zvucnik-i-pobjegao\\\/#article\",\"isPartOf\":{\"@id\":\"https:\\\/\\\/radioljubuski.ba\\\/index.php\\\/2022\\\/08\\\/03\\\/glasno-slusao-glazbu-u-parku-preko-zvucnika-susjed-ga-prebio-uzeo-zvucnik-i-pobjegao\\\/\"},\"author\":{\"name\":\"Radio Ljubu\u0161ki\",\"@id\":\"https:\\\/\\\/radioljubuski.ba\\\/#\\\/schema\\\/person\\\/19fc700381a780f69665d7956c469e3b\"},\"headline\":\"Glasno slu\u0161ao glazbu u parku preko zvu\u010dnika, susjed ga prebio, uzeo zvu\u010dnik i pobjegao\",\"datePublished\":\"2022-08-03T10:13:40+00:00\",\"dateModified\":\"2022-08-03T10:13:41+00:00\",\"mainEntityOfPage\":{\"@id\":\"https:\\\/\\\/radioljubuski.ba\\\/index.php\\\/2022\\\/08\\\/03\\\/glasno-slusao-glazbu-u-parku-preko-zvucnika-susjed-ga-prebio-uzeo-zvucnik-i-pobjegao\\\/\"},\"wordCount\":137,\"publisher\":{\"@id\":\"https:\\\/\\\/radioljubuski.ba\\\/#organization\"},\"image\":{\"@id\":\"https:\\\/\\\/radioljubuski.ba\\\/index.php\\\/2022\\\/08\\\/03\\\/glasno-slusao-glazbu-u-parku-preko-zvucnika-susjed-ga-prebio-uzeo-zvucnik-i-pobjegao\\\/#primaryimage\"},\"thumbnailUrl\":\"https:\\\/\\\/radioljubuski.ba\\\/wp-content\\\/uploads\\\/2021\\\/06\\\/policija.jpg\",\"articleSection\":[\"BIH i regija\"],\"inLanguage\":\"hr\"},{\"@type\":\"WebPage\",\"@id\":\"https:\\\/\\\/radioljubuski.ba\\\/index.php\\\/2022\\\/08\\\/03\\\/glasno-slusao-glazbu-u-parku-preko-zvucnika-susjed-ga-prebio-uzeo-zvucnik-i-pobjegao\\\/\",\"url\":\"https:\\\/\\\/radioljubuski.ba\\\/index.php\\\/2022\\\/08\\\/03\\\/glasno-slusao-glazbu-u-parku-preko-zvucnika-susjed-ga-prebio-uzeo-zvucnik-i-pobjegao\\\/\",\"name\":\"Glasno slu\u0161ao glazbu u parku preko zvu\u010dnika, susjed ga prebio, uzeo zvu\u010dnik i pobjegao - RADIO LJUBU\u0160KI\",\"isPartOf\":{\"@id\":\"https:\\\/\\\/radioljubuski.ba\\\/#website\"},\"primaryImageOfPage\":{\"@id\":\"https:\\\/\\\/radioljubuski.ba\\\/index.php\\\/2022\\\/08\\\/03\\\/glasno-slusao-glazbu-u-parku-preko-zvucnika-susjed-ga-prebio-uzeo-zvucnik-i-pobjegao\\\/#primaryimage\"},\"image\":{\"@id\":\"https:\\\/\\\/radioljubuski.ba\\\/index.php\\\/2022\\\/08\\\/03\\\/glasno-slusao-glazbu-u-parku-preko-zvucnika-susjed-ga-prebio-uzeo-zvucnik-i-pobjegao\\\/#primaryimage\"},\"thumbnailUrl\":\"https:\\\/\\\/radioljubuski.ba\\\/wp-content\\\/uploads\\\/2021\\\/06\\\/policija.jpg\",\"datePublished\":\"2022-08-03T10:13:40+00:00\",\"dateModified\":\"2022-08-03T10:13:41+00:00\",\"breadcrumb\":{\"@id\":\"https:\\\/\\\/radioljubuski.ba\\\/index.php\\\/2022\\\/08\\\/03\\\/glasno-slusao-glazbu-u-parku-preko-zvucnika-susjed-ga-prebio-uzeo-zvucnik-i-pobjegao\\\/#breadcrumb\"},\"inLanguage\":\"hr\",\"potentialAction\":[{\"@type\":\"ReadAction\",\"target\":[\"https:\\\/\\\/radioljubuski.ba\\\/index.php\\\/2022\\\/08\\\/03\\\/glasno-slusao-glazbu-u-parku-preko-zvucnika-susjed-ga-prebio-uzeo-zvucnik-i-pobjegao\\\/\"]}]},{\"@type\":\"ImageObject\",\"inLanguage\":\"hr\",\"@id\":\"https:\\\/\\\/radioljubuski.ba\\\/index.php\\\/2022\\\/08\\\/03\\\/glasno-slusao-glazbu-u-parku-preko-zvucnika-susjed-ga-prebio-uzeo-zvucnik-i-pobjegao\\\/#primaryimage\",\"url\":\"https:\\\/\\\/radioljubuski.ba\\\/wp-content\\\/uploads\\\/2021\\\/06\\\/policija.jpg\",\"contentUrl\":\"https:\\\/\\\/radioljubuski.ba\\\/wp-content\\\/uploads\\\/2021\\\/06\\\/policija.jpg\",\"width\":730,\"height\":487},{\"@type\":\"BreadcrumbList\",\"@id\":\"https:\\\/\\\/radioljubuski.ba\\\/index.php\\\/2022\\\/08\\\/03\\\/glasno-slusao-glazbu-u-parku-preko-zvucnika-susjed-ga-prebio-uzeo-zvucnik-i-pobjegao\\\/#breadcrumb\",\"itemListElement\":[{\"@type\":\"ListItem\",\"position\":1,\"name\":\"Po\u010detna stranica\",\"item\":\"https:\\\/\\\/radioljubuski.ba\\\/\"},{\"@type\":\"ListItem\",\"position\":2,\"name\":\"Glasno slu\u0161ao glazbu u parku preko zvu\u010dnika, susjed ga prebio, uzeo zvu\u010dnik i pobjegao\"}]},{\"@type\":\"WebSite\",\"@id\":\"https:\\\/\\\/radioljubuski.ba\\\/#website\",\"url\":\"https:\\\/\\\/radioljubuski.ba\\\/\",\"name\":\"Radio Ljubu\u0161ki\",\"description\":\"Sun\u010dana frekvencija Hercegovine\",\"publisher\":{\"@id\":\"https:\\\/\\\/radioljubuski.ba\\\/#organization\"},\"potentialAction\":[{\"@type\":\"SearchAction\",\"target\":{\"@type\":\"EntryPoint\",\"urlTemplate\":\"https:\\\/\\\/radioljubuski.ba\\\/?s={search_term_string}\"},\"query-input\":{\"@type\":\"PropertyValueSpecification\",\"valueRequired\":true,\"valueName\":\"search_term_string\"}}],\"inLanguage\":\"hr\"},{\"@type\":\"Organization\",\"@id\":\"https:\\\/\\\/radioljubuski.ba\\\/#organization\",\"name\":\"Radio Ljubu\u0161ki\",\"url\":\"https:\\\/\\\/radioljubuski.ba\\\/\",\"logo\":{\"@type\":\"ImageObject\",\"inLanguage\":\"hr\",\"@id\":\"https:\\\/\\\/radioljubuski.ba\\\/#\\\/schema\\\/logo\\\/image\\\/\",\"url\":\"https:\\\/\\\/radioljubuski.ba\\\/wp-content\\\/uploads\\\/2021\\\/02\\\/cropped-Radio_Ljubuski_logo1.jpg\",\"contentUrl\":\"https:\\\/\\\/radioljubuski.ba\\\/wp-content\\\/uploads\\\/2021\\\/02\\\/cropped-Radio_Ljubuski_logo1.jpg\",\"width\":512,\"height\":512,\"caption\":\"Radio Ljubu\u0161ki\"},\"image\":{\"@id\":\"https:\\\/\\\/radioljubuski.ba\\\/#\\\/schema\\\/logo\\\/image\\\/\"},\"sameAs\":[\"https:\\\/\\\/www.facebook.com\\\/Radiio-Ljubuski-1490835324566332\",\"https:\\\/\\\/x.com\\\/radioljubuski\",\"https:\\\/\\\/hr.linkedin.com\\\/company\\\/radio-ljubuski\",\"https:\\\/\\\/www.youtube.com\\\/channel\\\/UCHYaeO_n0Db3tjNGudGpXyw\"]},{\"@type\":\"Person\",\"@id\":\"https:\\\/\\\/radioljubuski.ba\\\/#\\\/schema\\\/person\\\/19fc700381a780f69665d7956c469e3b\",\"name\":\"Radio Ljubu\u0161ki\"}]}<\/script>\n<!-- \/ Yoast SEO plugin. -->","yoast_head_json":{"title":"Glasno slu\u0161ao glazbu u parku preko zvu\u010dnika, susjed ga prebio, uzeo zvu\u010dnik i pobjegao - RADIO LJUBU\u0160KI","robots":{"index":"index","follow":"follow","max-snippet":"max-snippet:-1","max-image-preview":"max-image-preview:large","max-video-preview":"max-video-preview:-1"},"canonical":"https:\/\/radioljubuski.ba\/index.php\/2022\/08\/03\/glasno-slusao-glazbu-u-parku-preko-zvucnika-susjed-ga-prebio-uzeo-zvucnik-i-pobjegao\/","og_locale":"hr_HR","og_type":"article","og_title":"Glasno slu\u0161ao glazbu u parku preko zvu\u010dnika, susjed ga prebio, uzeo zvu\u010dnik i pobjegao - RADIO LJUBU\u0160KI","og_description":"Mu\u0161karac je te\u0161ko ozlije\u0111en u Puli nakon \u0161to ga je fizi\u010dki napao susjed kojem je smetala glazba. Naime, kako je izvijestila PU istarska, mu\u0161karac (38) je u parku u nedjelju oko 21.20 slu\u0161ao glazbu preko prijenosnog zvu\u010dnika.&nbsp; To je zasmetalo jednom od susjeda koji ga je par puta upozorio da sti\u0161a glazbu. No, nakon \u0161to [&hellip;]","og_url":"https:\/\/radioljubuski.ba\/index.php\/2022\/08\/03\/glasno-slusao-glazbu-u-parku-preko-zvucnika-susjed-ga-prebio-uzeo-zvucnik-i-pobjegao\/","og_site_name":"RADIO LJUBU\u0160KI","article_publisher":"https:\/\/www.facebook.com\/Radiio-Ljubuski-1490835324566332","article_published_time":"2022-08-03T10:13:40+00:00","article_modified_time":"2022-08-03T10:13:41+00:00","og_image":[{"width":730,"height":487,"url":"https:\/\/radioljubuski.ba\/wp-content\/uploads\/2021\/06\/policija.jpg","type":"image\/jpeg"}],"author":"Radio Ljubu\u0161ki","twitter_card":"summary_large_image","twitter_creator":"@radioljubuski","twitter_site":"@radioljubuski","twitter_misc":{"Napisao\/la":"Radio Ljubu\u0161ki","Procijenjeno vrijeme \u010ditanja":"1 minuta"},"schema":{"@context":"https:\/\/schema.org","@graph":[{"@type":"Article","@id":"https:\/\/radioljubuski.ba\/index.php\/2022\/08\/03\/glasno-slusao-glazbu-u-parku-preko-zvucnika-susjed-ga-prebio-uzeo-zvucnik-i-pobjegao\/#article","isPartOf":{"@id":"https:\/\/radioljubuski.ba\/index.php\/2022\/08\/03\/glasno-slusao-glazbu-u-parku-preko-zvucnika-susjed-ga-prebio-uzeo-zvucnik-i-pobjegao\/"},"author":{"name":"Radio Ljubu\u0161ki","@id":"https:\/\/radioljubuski.ba\/#\/schema\/person\/19fc700381a780f69665d7956c469e3b"},"headline":"Glasno slu\u0161ao glazbu u parku preko zvu\u010dnika, susjed ga prebio, uzeo zvu\u010dnik i pobjegao","datePublished":"2022-08-03T10:13:40+00:00","dateModified":"2022-08-03T10:13:41+00:00","mainEntityOfPage":{"@id":"https:\/\/radioljubuski.ba\/index.php\/2022\/08\/03\/glasno-slusao-glazbu-u-parku-preko-zvucnika-susjed-ga-prebio-uzeo-zvucnik-i-pobjegao\/"},"wordCount":137,"publisher":{"@id":"https:\/\/radioljubuski.ba\/#organization"},"image":{"@id":"https:\/\/radioljubuski.ba\/index.php\/2022\/08\/03\/glasno-slusao-glazbu-u-parku-preko-zvucnika-susjed-ga-prebio-uzeo-zvucnik-i-pobjegao\/#primaryimage"},"thumbnailUrl":"https:\/\/radioljubuski.ba\/wp-content\/uploads\/2021\/06\/policija.jpg","articleSection":["BIH i regija"],"inLanguage":"hr"},{"@type":"WebPage","@id":"https:\/\/radioljubuski.ba\/index.php\/2022\/08\/03\/glasno-slusao-glazbu-u-parku-preko-zvucnika-susjed-ga-prebio-uzeo-zvucnik-i-pobjegao\/","url":"https:\/\/radioljubuski.ba\/index.php\/2022\/08\/03\/glasno-slusao-glazbu-u-parku-preko-zvucnika-susjed-ga-prebio-uzeo-zvucnik-i-pobjegao\/","name":"Glasno slu\u0161ao glazbu u parku preko zvu\u010dnika, susjed ga prebio, uzeo zvu\u010dnik i pobjegao - RADIO LJUBU\u0160KI","isPartOf":{"@id":"https:\/\/radioljubuski.ba\/#website"},"primaryImageOfPage":{"@id":"https:\/\/radioljubuski.ba\/index.php\/2022\/08\/03\/glasno-slusao-glazbu-u-parku-preko-zvucnika-susjed-ga-prebio-uzeo-zvucnik-i-pobjegao\/#primaryimage"},"image":{"@id":"https:\/\/radioljubuski.ba\/index.php\/2022\/08\/03\/glasno-slusao-glazbu-u-parku-preko-zvucnika-susjed-ga-prebio-uzeo-zvucnik-i-pobjegao\/#primaryimage"},"thumbnailUrl":"https:\/\/radioljubuski.ba\/wp-content\/uploads\/2021\/06\/policija.jpg","datePublished":"2022-08-03T10:13:40+00:00","dateModified":"2022-08-03T10:13:41+00:00","breadcrumb":{"@id":"https:\/\/radioljubuski.ba\/index.php\/2022\/08\/03\/glasno-slusao-glazbu-u-parku-preko-zvucnika-susjed-ga-prebio-uzeo-zvucnik-i-pobjegao\/#breadcrumb"},"inLanguage":"hr","potentialAction":[{"@type":"ReadAction","target":["https:\/\/radioljubuski.ba\/index.php\/2022\/08\/03\/glasno-slusao-glazbu-u-parku-preko-zvucnika-susjed-ga-prebio-uzeo-zvucnik-i-pobjegao\/"]}]},{"@type":"ImageObject","inLanguage":"hr","@id":"https:\/\/radioljubuski.ba\/index.php\/2022\/08\/03\/glasno-slusao-glazbu-u-parku-preko-zvucnika-susjed-ga-prebio-uzeo-zvucnik-i-pobjegao\/#primaryimage","url":"https:\/\/radioljubuski.ba\/wp-content\/uploads\/2021\/06\/policija.jpg","contentUrl":"https:\/\/radioljubuski.ba\/wp-content\/uploads\/2021\/06\/policija.jpg","width":730,"height":487},{"@type":"BreadcrumbList","@id":"https:\/\/radioljubuski.ba\/index.php\/2022\/08\/03\/glasno-slusao-glazbu-u-parku-preko-zvucnika-susjed-ga-prebio-uzeo-zvucnik-i-pobjegao\/#breadcrumb","itemListElement":[{"@type":"ListItem","position":1,"name":"Po\u010detna stranica","item":"https:\/\/radioljubuski.ba\/"},{"@type":"ListItem","position":2,"name":"Glasno slu\u0161ao glazbu u parku preko zvu\u010dnika, susjed ga prebio, uzeo zvu\u010dnik i pobjegao"}]},{"@type":"WebSite","@id":"https:\/\/radioljubuski.ba\/#website","url":"https:\/\/radioljubuski.ba\/","name":"Radio Ljubu\u0161ki","description":"Sun\u010dana frekvencija Hercegovine","publisher":{"@id":"https:\/\/radioljubuski.ba\/#organization"},"potentialAction":[{"@type":"SearchAction","target":{"@type":"EntryPoint","urlTemplate":"https:\/\/radioljubuski.ba\/?s={search_term_string}"},"query-input":{"@type":"PropertyValueSpecification","valueRequired":true,"valueName":"search_term_string"}}],"inLanguage":"hr"},{"@type":"Organization","@id":"https:\/\/radioljubuski.ba\/#organization","name":"Radio Ljubu\u0161ki","url":"https:\/\/radioljubuski.ba\/","logo":{"@type":"ImageObject","inLanguage":"hr","@id":"https:\/\/radioljubuski.ba\/#\/schema\/logo\/image\/","url":"https:\/\/radioljubuski.ba\/wp-content\/uploads\/2021\/02\/cropped-Radio_Ljubuski_logo1.jpg","contentUrl":"https:\/\/radioljubuski.ba\/wp-content\/uploads\/2021\/02\/cropped-Radio_Ljubuski_logo1.jpg","width":512,"height":512,"caption":"Radio Ljubu\u0161ki"},"image":{"@id":"https:\/\/radioljubuski.ba\/#\/schema\/logo\/image\/"},"sameAs":["https:\/\/www.facebook.com\/Radiio-Ljubuski-1490835324566332","https:\/\/x.com\/radioljubuski","https:\/\/hr.linkedin.com\/company\/radio-ljubuski","https:\/\/www.youtube.com\/channel\/UCHYaeO_n0Db3tjNGudGpXyw"]},{"@type":"Person","@id":"https:\/\/radioljubuski.ba\/#\/schema\/person\/19fc700381a780f69665d7956c469e3b","name":"Radio Ljubu\u0161ki"}]}},"_links":{"self":[{"href":"https:\/\/radioljubuski.ba\/index.php\/wp-json\/wp\/v2\/posts\/166108","targetHints":{"allow":["GET"]}}],"collection":[{"href":"https:\/\/radioljubuski.ba\/index.php\/wp-json\/wp\/v2\/posts"}],"about":[{"href":"https:\/\/radioljubuski.ba\/index.php\/wp-json\/wp\/v2\/types\/post"}],"author":[{"embeddable":true,"href":"https:\/\/radioljubuski.ba\/index.php\/wp-json\/wp\/v2\/users\/2"}],"replies":[{"embeddable":true,"href":"https:\/\/radioljubuski.ba\/index.php\/wp-json\/wp\/v2\/comments?post=166108"}],"version-history":[{"count":1,"href":"https:\/\/radioljubuski.ba\/index.php\/wp-json\/wp\/v2\/posts\/166108\/revisions"}],"predecessor-version":[{"id":166109,"href":"https:\/\/radioljubuski.ba\/index.php\/wp-json\/wp\/v2\/posts\/166108\/revisions\/166109"}],"wp:featuredmedia":[{"embeddable":true,"href":"https:\/\/radioljubuski.ba\/index.php\/wp-json\/wp\/v2\/media\/28180"}],"wp:attachment":[{"href":"https:\/\/radioljubuski.ba\/index.php\/wp-json\/wp\/v2\/media?parent=166108"}],"wp:term":[{"taxonomy":"category","embeddable":true,"href":"https:\/\/radioljubuski.ba\/index.php\/wp-json\/wp\/v2\/categories?post=166108"},{"taxonomy":"post_tag","embeddable":true,"href":"https:\/\/radioljubuski.ba\/index.php\/wp-json\/wp\/v2\/tags?post=166108"}],"curies":[{"name":"wp","href":"https:\/\/api.w.org\/{rel}","templated":true}]}}