{"id":166114,"date":"2022-08-03T11:16:56","date_gmt":"2022-08-03T10:16:56","guid":{"rendered":"https:\/\/radioljubuski.ba\/?p=166114"},"modified":"2022-08-03T11:16:58","modified_gmt":"2022-08-03T10:16:58","slug":"skupstina-hnz-po-100-km-za-nezaposlene-povecane-stipendije-produzena-isplata-nezaposlenim-porodiljama-na-12-mjeseci","status":"publish","type":"post","link":"https:\/\/radioljubuski.ba\/index.php\/2022\/08\/03\/skupstina-hnz-po-100-km-za-nezaposlene-povecane-stipendije-produzena-isplata-nezaposlenim-porodiljama-na-12-mjeseci\/","title":{"rendered":"Skup\u0161tina HN\u017d: Po 100 KM za nezaposlene, pove\u0107ane stipendije, produ\u017eena isplata nezaposlenim porodiljama na 12 mjeseci&#8230;"},"content":{"rendered":"\n<p>Na ju\u010dera\u0161njoj sjednici Skup\u0161tine Hercegova\u010dko-neretvanske \u017eupanije zastupnici su razmatrali vi\u0161e bitnih dokumenata te su donesene razli\u010dite odluke i zaklju\u010dci.\u00a0<\/p>\n\n\n\n<p><br>Zastupnici su odr\u017eali sjednicu u zgradi Skup\u0161tine Hercegova\u010dko-neretvanske \u017eupanije koja je rekonstruirana i dogra\u0111ena te se opremanje zgrade finalizira.<\/p>\n\n\n\n<p>Zavr\u0161etkom navedenih radovi stvorili su se uvjeti za nesmetan i kvalitetan rad zastupnika i Stru\u010dne slu\u017ebe Skup\u0161tine HN\u017d koji do sada nisu bili adekvatni i sigurno su bili ote\u017eavaju\u0107i faktor u kvalitetnijem radu i boljoj komunikaciji sa gra\u0111anima.<\/p>\n\n\n\n<p>\u0160pago i Martinovi\u0107 \u010destitali su svima koji su u\u010destvovali u navedenom projektu od projektanata i izvo\u0111a\u010da do zastupnika i \u010dlanova Vlade HN\u017d. Posebne \u010destitke su upu\u0107une Stru\u010dnoj slu\u017ebi Skup\u0161tine HN\u017d koja je provela sve neophodne procedure i realizirala 3 razli\u010dita javna natje\u010daja u svrhu dogradnje, rekonstrukcije i opremanja zgrade Skup\u0161tine HN\u017d.<\/p>\n\n\n\n<p>Nakon poslani\u010dkih pitanja razmatrane su Izmjene i dopune Prora\u010duna Hercegova\u010dko-neretvanske \u017eupanije.&nbsp;<\/p>\n\n\n\n<p>Predsjedavaju\u0107i Skup\u0161tine Hercegova\u010dko-neretvanske \u017eupanije \u0160erif \u0160pago je kazao kako su ukupni prihodi i primici sa razgrani\u010denim namjenskim prihodima u Izmjenama i dopunama Prora\u010duna za 2022. godinu planirani u iznosu od 314.941.002,16 KM i isti su ve\u0107i za oko 50 milijuna KM u odnosu na Prora\u010dun za 2022. godinu. Najve\u0107e pove\u0107anje odnosi na prihode po osnovu indirektnih poreza u iznosu od oko 20 milijuna KM.<\/p>\n\n\n\n<p>\u0160pago je kazao kako je usvajanjem dana\u0161njeg Zakona o izmjenama i dopunama Zakona o dopunskim pravima branitelja i njihovih obitelji u HN\u017d predvi\u0111ena su pro\u0161irenja trenuta\u010dnih prava za branitelje i \u010dlanove njihovih obitelji. &nbsp;Dob korisnika prava na nov\u010danu egzistencijalnu naknadu nezaposlenih razvoja\u010denih branitelja je umjesto navr\u0161enih 55 godina \u017eivota spu\u0161teno na navr\u0161ene 53 godine i za suprugu\/supruga umrlih razvoja\u010denih branitelja.<\/p>\n\n\n\n<p>Zamjenik predsjedavaju\u0107eg Skup\u0161tine Hercegova\u010dko-neretvanske \u017eupanije Tomislav Martinovi\u0107 je istakao kako je dobra vijest \u0161to je Vlada HN\u017d u toku pripreme Izmjena i dopuna Prora\u010duna HN\u017d za 2022. godinu uva\u017eila prijedlog i sugestije zastupnika te su osigurali sredstva za ud\u017ebenike svim \u0111acima od 1. do devetog razreda u iznosu od skoro tri milijuna KM.<\/p>\n\n\n\n<p>Pove\u0107ane su i stipendije koje \u0107e od 01.10.2022. godine iznositi 150,00 KM, a tako\u0111er je prihva\u0107eno produ\u017eenje isplata nezaposlenim porodiljama sa 6 na 12 mjeseci.<\/p>\n\n\n\n<p>Martinovi\u0107 je istakao da je pored 20 milijuna KM po osnovu indirektnih porezna najve\u0107e pove\u0107anje u ovim Izmjenama i dopunama \u010dine sredstva transferirana sa Federalne razine u iznosu od oko 19 milijuna KM.&nbsp;<\/p>\n\n\n\n<p>Usvajanjem navedenog dokumenta osigurana su sredstava za isplatu od po 100,00 KM svim osobama na podru\u010dju HN\u017d koje se nalaze na evidenciji Slu\u017ebe za zapo\u0161ljavanje HN\u017d kojih je zaklju\u010dno sa 30.06.2022. godine bilo oko 27.000 osoba.<\/p>\n\n\n\n<p>Skup\u0161tina HN\u017d je usvojila Zakon o izmjeni Zakona o osnovnom odgoju i obrazovanju kojim se ukida ograni\u010denje mandata ravnatelja osnovnih \u0161kola.<\/p>\n\n\n\n<p>Skup\u0161tina HN\u017d je usvojila Odluku kojom daje suglasnost na Izmjene i dopune Finansijskog plana Zavoda zdravstvenog osiguranja HN\u017d za 2022. godinu. Ovim Izmjenama kojim se Financijski plan uve\u0107ava za 2.180.000,00 KM, a na realizaciju sistema DRG predvi\u0111eno je 1.130.000,00 KM te se uve\u0107aju sredstva za ortopedska pomagala u iznosu od 500.000,00 KM.<\/p>\n\n\n\n<p>Usvojeni su Zaklju\u010dci o stanju u oblasti \u0161umarstva kojima se tra\u017ei od Vlade HN\u017d i Ministarstva poljoprivrede, \u0161umarstva i vodoprivrede HN\u017d&nbsp; da uz usagla\u0161avanje stavova \u017eupanijskog nivoa vlasti sa jedinicama lokalne u roku od 45 dana u skup\u0161tinsku proceduru upute usagla\u0161eni Prijedlog Zakona o \u0161umama HN\u017d<\/p>\n\n\n\n<p>Izvor:pogled.ba<\/p>\n","protected":false},"excerpt":{"rendered":"<p>Na ju\u010dera\u0161njoj sjednici Skup\u0161tine Hercegova\u010dko-neretvanske \u017eupanije zastupnici su razmatrali vi\u0161e bitnih dokumenata te su donesene razli\u010dite odluke i zaklju\u010dci.\u00a0 Zastupnici su odr\u017eali sjednicu u zgradi Skup\u0161tine Hercegova\u010dko-neretvanske \u017eupanije koja je rekonstruirana i dogra\u0111ena te se opremanje zgrade finalizira. Zavr\u0161etkom navedenih radovi stvorili su se uvjeti za nesmetan i kvalitetan rad zastupnika i Stru\u010dne slu\u017ebe Skup\u0161tine [&hellip;]<\/p>\n","protected":false},"author":2,"featured_media":166118,"comment_status":"closed","ping_status":"closed","sticky":false,"template":"","format":"standard","meta":{"h5ap_radio_sources":[],"footnotes":""},"categories":[1],"tags":[],"class_list":["post-166114","post","type-post","status-publish","format-standard","has-post-thumbnail","hentry","category-bihiregija"],"yoast_head":"<!-- This site is optimized with the Yoast SEO plugin v27.4 - https:\/\/yoast.com\/product\/yoast-seo-wordpress\/ -->\n<title>Skup\u0161tina HN\u017d: Po 100 KM za nezaposlene, pove\u0107ane stipendije, produ\u017eena isplata nezaposlenim porodiljama na 12 mjeseci... - RADIO LJUBU\u0160KI<\/title>\n<meta name=\"robots\" content=\"index, follow, max-snippet:-1, max-image-preview:large, max-video-preview:-1\" \/>\n<link rel=\"canonical\" href=\"https:\/\/radioljubuski.ba\/index.php\/2022\/08\/03\/skupstina-hnz-po-100-km-za-nezaposlene-povecane-stipendije-produzena-isplata-nezaposlenim-porodiljama-na-12-mjeseci\/\" \/>\n<meta property=\"og:locale\" content=\"hr_HR\" \/>\n<meta property=\"og:type\" content=\"article\" \/>\n<meta property=\"og:title\" content=\"Skup\u0161tina HN\u017d: Po 100 KM za nezaposlene, pove\u0107ane stipendije, produ\u017eena isplata nezaposlenim porodiljama na 12 mjeseci... - RADIO LJUBU\u0160KI\" \/>\n<meta property=\"og:description\" content=\"Na ju\u010dera\u0161njoj sjednici Skup\u0161tine Hercegova\u010dko-neretvanske \u017eupanije zastupnici su razmatrali vi\u0161e bitnih dokumenata te su donesene razli\u010dite odluke i zaklju\u010dci.\u00a0 Zastupnici su odr\u017eali sjednicu u zgradi Skup\u0161tine Hercegova\u010dko-neretvanske \u017eupanije koja je rekonstruirana i dogra\u0111ena te se opremanje zgrade finalizira. Zavr\u0161etkom navedenih radovi stvorili su se uvjeti za nesmetan i kvalitetan rad zastupnika i Stru\u010dne slu\u017ebe Skup\u0161tine [&hellip;]\" \/>\n<meta property=\"og:url\" content=\"https:\/\/radioljubuski.ba\/index.php\/2022\/08\/03\/skupstina-hnz-po-100-km-za-nezaposlene-povecane-stipendije-produzena-isplata-nezaposlenim-porodiljama-na-12-mjeseci\/\" \/>\n<meta property=\"og:site_name\" content=\"RADIO LJUBU\u0160KI\" \/>\n<meta property=\"article:publisher\" content=\"https:\/\/www.facebook.com\/Radiio-Ljubuski-1490835324566332\" \/>\n<meta property=\"article:published_time\" content=\"2022-08-03T10:16:56+00:00\" \/>\n<meta property=\"article:modified_time\" content=\"2022-08-03T10:16:58+00:00\" \/>\n<meta property=\"og:image\" content=\"https:\/\/radioljubuski.ba\/wp-content\/uploads\/2022\/08\/8-2022-08-02-16-30-33-20220802_120548.jpg\" \/>\n\t<meta property=\"og:image:width\" content=\"1000\" \/>\n\t<meta property=\"og:image:height\" content=\"625\" \/>\n\t<meta property=\"og:image:type\" content=\"image\/jpeg\" \/>\n<meta name=\"author\" content=\"Radio Ljubu\u0161ki\" \/>\n<meta name=\"twitter:card\" content=\"summary_large_image\" \/>\n<meta name=\"twitter:creator\" content=\"@radioljubuski\" \/>\n<meta name=\"twitter:site\" content=\"@radioljubuski\" \/>\n<meta name=\"twitter:label1\" content=\"Napisao\/la\" \/>\n\t<meta name=\"twitter:data1\" content=\"Radio Ljubu\u0161ki\" \/>\n\t<meta name=\"twitter:label2\" content=\"Procijenjeno vrijeme \u010ditanja\" \/>\n\t<meta name=\"twitter:data2\" content=\"3 minute\" \/>\n<script type=\"application\/ld+json\" class=\"yoast-schema-graph\">{\"@context\":\"https:\\\/\\\/schema.org\",\"@graph\":[{\"@type\":\"Article\",\"@id\":\"https:\\\/\\\/radioljubuski.ba\\\/index.php\\\/2022\\\/08\\\/03\\\/skupstina-hnz-po-100-km-za-nezaposlene-povecane-stipendije-produzena-isplata-nezaposlenim-porodiljama-na-12-mjeseci\\\/#article\",\"isPartOf\":{\"@id\":\"https:\\\/\\\/radioljubuski.ba\\\/index.php\\\/2022\\\/08\\\/03\\\/skupstina-hnz-po-100-km-za-nezaposlene-povecane-stipendije-produzena-isplata-nezaposlenim-porodiljama-na-12-mjeseci\\\/\"},\"author\":{\"name\":\"Radio Ljubu\u0161ki\",\"@id\":\"https:\\\/\\\/radioljubuski.ba\\\/#\\\/schema\\\/person\\\/19fc700381a780f69665d7956c469e3b\"},\"headline\":\"Skup\u0161tina HN\u017d: Po 100 KM za nezaposlene, pove\u0107ane stipendije, produ\u017eena isplata nezaposlenim porodiljama na 12 mjeseci&#8230;\",\"datePublished\":\"2022-08-03T10:16:56+00:00\",\"dateModified\":\"2022-08-03T10:16:58+00:00\",\"mainEntityOfPage\":{\"@id\":\"https:\\\/\\\/radioljubuski.ba\\\/index.php\\\/2022\\\/08\\\/03\\\/skupstina-hnz-po-100-km-za-nezaposlene-povecane-stipendije-produzena-isplata-nezaposlenim-porodiljama-na-12-mjeseci\\\/\"},\"wordCount\":606,\"publisher\":{\"@id\":\"https:\\\/\\\/radioljubuski.ba\\\/#organization\"},\"image\":{\"@id\":\"https:\\\/\\\/radioljubuski.ba\\\/index.php\\\/2022\\\/08\\\/03\\\/skupstina-hnz-po-100-km-za-nezaposlene-povecane-stipendije-produzena-isplata-nezaposlenim-porodiljama-na-12-mjeseci\\\/#primaryimage\"},\"thumbnailUrl\":\"https:\\\/\\\/radioljubuski.ba\\\/wp-content\\\/uploads\\\/2022\\\/08\\\/8-2022-08-02-16-30-33-20220802_120548.jpg\",\"articleSection\":[\"BIH i regija\"],\"inLanguage\":\"hr\"},{\"@type\":\"WebPage\",\"@id\":\"https:\\\/\\\/radioljubuski.ba\\\/index.php\\\/2022\\\/08\\\/03\\\/skupstina-hnz-po-100-km-za-nezaposlene-povecane-stipendije-produzena-isplata-nezaposlenim-porodiljama-na-12-mjeseci\\\/\",\"url\":\"https:\\\/\\\/radioljubuski.ba\\\/index.php\\\/2022\\\/08\\\/03\\\/skupstina-hnz-po-100-km-za-nezaposlene-povecane-stipendije-produzena-isplata-nezaposlenim-porodiljama-na-12-mjeseci\\\/\",\"name\":\"Skup\u0161tina HN\u017d: Po 100 KM za nezaposlene, pove\u0107ane stipendije, produ\u017eena isplata nezaposlenim porodiljama na 12 mjeseci... - RADIO LJUBU\u0160KI\",\"isPartOf\":{\"@id\":\"https:\\\/\\\/radioljubuski.ba\\\/#website\"},\"primaryImageOfPage\":{\"@id\":\"https:\\\/\\\/radioljubuski.ba\\\/index.php\\\/2022\\\/08\\\/03\\\/skupstina-hnz-po-100-km-za-nezaposlene-povecane-stipendije-produzena-isplata-nezaposlenim-porodiljama-na-12-mjeseci\\\/#primaryimage\"},\"image\":{\"@id\":\"https:\\\/\\\/radioljubuski.ba\\\/index.php\\\/2022\\\/08\\\/03\\\/skupstina-hnz-po-100-km-za-nezaposlene-povecane-stipendije-produzena-isplata-nezaposlenim-porodiljama-na-12-mjeseci\\\/#primaryimage\"},\"thumbnailUrl\":\"https:\\\/\\\/radioljubuski.ba\\\/wp-content\\\/uploads\\\/2022\\\/08\\\/8-2022-08-02-16-30-33-20220802_120548.jpg\",\"datePublished\":\"2022-08-03T10:16:56+00:00\",\"dateModified\":\"2022-08-03T10:16:58+00:00\",\"breadcrumb\":{\"@id\":\"https:\\\/\\\/radioljubuski.ba\\\/index.php\\\/2022\\\/08\\\/03\\\/skupstina-hnz-po-100-km-za-nezaposlene-povecane-stipendije-produzena-isplata-nezaposlenim-porodiljama-na-12-mjeseci\\\/#breadcrumb\"},\"inLanguage\":\"hr\",\"potentialAction\":[{\"@type\":\"ReadAction\",\"target\":[\"https:\\\/\\\/radioljubuski.ba\\\/index.php\\\/2022\\\/08\\\/03\\\/skupstina-hnz-po-100-km-za-nezaposlene-povecane-stipendije-produzena-isplata-nezaposlenim-porodiljama-na-12-mjeseci\\\/\"]}]},{\"@type\":\"ImageObject\",\"inLanguage\":\"hr\",\"@id\":\"https:\\\/\\\/radioljubuski.ba\\\/index.php\\\/2022\\\/08\\\/03\\\/skupstina-hnz-po-100-km-za-nezaposlene-povecane-stipendije-produzena-isplata-nezaposlenim-porodiljama-na-12-mjeseci\\\/#primaryimage\",\"url\":\"https:\\\/\\\/radioljubuski.ba\\\/wp-content\\\/uploads\\\/2022\\\/08\\\/8-2022-08-02-16-30-33-20220802_120548.jpg\",\"contentUrl\":\"https:\\\/\\\/radioljubuski.ba\\\/wp-content\\\/uploads\\\/2022\\\/08\\\/8-2022-08-02-16-30-33-20220802_120548.jpg\",\"width\":1000,\"height\":625},{\"@type\":\"BreadcrumbList\",\"@id\":\"https:\\\/\\\/radioljubuski.ba\\\/index.php\\\/2022\\\/08\\\/03\\\/skupstina-hnz-po-100-km-za-nezaposlene-povecane-stipendije-produzena-isplata-nezaposlenim-porodiljama-na-12-mjeseci\\\/#breadcrumb\",\"itemListElement\":[{\"@type\":\"ListItem\",\"position\":1,\"name\":\"Po\u010detna stranica\",\"item\":\"https:\\\/\\\/radioljubuski.ba\\\/\"},{\"@type\":\"ListItem\",\"position\":2,\"name\":\"Skup\u0161tina HN\u017d: Po 100 KM za nezaposlene, pove\u0107ane stipendije, produ\u017eena isplata nezaposlenim porodiljama na 12 mjeseci&#8230;\"}]},{\"@type\":\"WebSite\",\"@id\":\"https:\\\/\\\/radioljubuski.ba\\\/#website\",\"url\":\"https:\\\/\\\/radioljubuski.ba\\\/\",\"name\":\"Radio Ljubu\u0161ki\",\"description\":\"Sun\u010dana frekvencija Hercegovine\",\"publisher\":{\"@id\":\"https:\\\/\\\/radioljubuski.ba\\\/#organization\"},\"potentialAction\":[{\"@type\":\"SearchAction\",\"target\":{\"@type\":\"EntryPoint\",\"urlTemplate\":\"https:\\\/\\\/radioljubuski.ba\\\/?s={search_term_string}\"},\"query-input\":{\"@type\":\"PropertyValueSpecification\",\"valueRequired\":true,\"valueName\":\"search_term_string\"}}],\"inLanguage\":\"hr\"},{\"@type\":\"Organization\",\"@id\":\"https:\\\/\\\/radioljubuski.ba\\\/#organization\",\"name\":\"Radio Ljubu\u0161ki\",\"url\":\"https:\\\/\\\/radioljubuski.ba\\\/\",\"logo\":{\"@type\":\"ImageObject\",\"inLanguage\":\"hr\",\"@id\":\"https:\\\/\\\/radioljubuski.ba\\\/#\\\/schema\\\/logo\\\/image\\\/\",\"url\":\"https:\\\/\\\/radioljubuski.ba\\\/wp-content\\\/uploads\\\/2021\\\/02\\\/cropped-Radio_Ljubuski_logo1.jpg\",\"contentUrl\":\"https:\\\/\\\/radioljubuski.ba\\\/wp-content\\\/uploads\\\/2021\\\/02\\\/cropped-Radio_Ljubuski_logo1.jpg\",\"width\":512,\"height\":512,\"caption\":\"Radio Ljubu\u0161ki\"},\"image\":{\"@id\":\"https:\\\/\\\/radioljubuski.ba\\\/#\\\/schema\\\/logo\\\/image\\\/\"},\"sameAs\":[\"https:\\\/\\\/www.facebook.com\\\/Radiio-Ljubuski-1490835324566332\",\"https:\\\/\\\/x.com\\\/radioljubuski\",\"https:\\\/\\\/hr.linkedin.com\\\/company\\\/radio-ljubuski\",\"https:\\\/\\\/www.youtube.com\\\/channel\\\/UCHYaeO_n0Db3tjNGudGpXyw\"]},{\"@type\":\"Person\",\"@id\":\"https:\\\/\\\/radioljubuski.ba\\\/#\\\/schema\\\/person\\\/19fc700381a780f69665d7956c469e3b\",\"name\":\"Radio Ljubu\u0161ki\"}]}<\/script>\n<!-- \/ Yoast SEO plugin. -->","yoast_head_json":{"title":"Skup\u0161tina HN\u017d: Po 100 KM za nezaposlene, pove\u0107ane stipendije, produ\u017eena isplata nezaposlenim porodiljama na 12 mjeseci... - RADIO LJUBU\u0160KI","robots":{"index":"index","follow":"follow","max-snippet":"max-snippet:-1","max-image-preview":"max-image-preview:large","max-video-preview":"max-video-preview:-1"},"canonical":"https:\/\/radioljubuski.ba\/index.php\/2022\/08\/03\/skupstina-hnz-po-100-km-za-nezaposlene-povecane-stipendije-produzena-isplata-nezaposlenim-porodiljama-na-12-mjeseci\/","og_locale":"hr_HR","og_type":"article","og_title":"Skup\u0161tina HN\u017d: Po 100 KM za nezaposlene, pove\u0107ane stipendije, produ\u017eena isplata nezaposlenim porodiljama na 12 mjeseci... - RADIO LJUBU\u0160KI","og_description":"Na ju\u010dera\u0161njoj sjednici Skup\u0161tine Hercegova\u010dko-neretvanske \u017eupanije zastupnici su razmatrali vi\u0161e bitnih dokumenata te su donesene razli\u010dite odluke i zaklju\u010dci.\u00a0 Zastupnici su odr\u017eali sjednicu u zgradi Skup\u0161tine Hercegova\u010dko-neretvanske \u017eupanije koja je rekonstruirana i dogra\u0111ena te se opremanje zgrade finalizira. Zavr\u0161etkom navedenih radovi stvorili su se uvjeti za nesmetan i kvalitetan rad zastupnika i Stru\u010dne slu\u017ebe Skup\u0161tine [&hellip;]","og_url":"https:\/\/radioljubuski.ba\/index.php\/2022\/08\/03\/skupstina-hnz-po-100-km-za-nezaposlene-povecane-stipendije-produzena-isplata-nezaposlenim-porodiljama-na-12-mjeseci\/","og_site_name":"RADIO LJUBU\u0160KI","article_publisher":"https:\/\/www.facebook.com\/Radiio-Ljubuski-1490835324566332","article_published_time":"2022-08-03T10:16:56+00:00","article_modified_time":"2022-08-03T10:16:58+00:00","og_image":[{"width":1000,"height":625,"url":"https:\/\/radioljubuski.ba\/wp-content\/uploads\/2022\/08\/8-2022-08-02-16-30-33-20220802_120548.jpg","type":"image\/jpeg"}],"author":"Radio Ljubu\u0161ki","twitter_card":"summary_large_image","twitter_creator":"@radioljubuski","twitter_site":"@radioljubuski","twitter_misc":{"Napisao\/la":"Radio Ljubu\u0161ki","Procijenjeno vrijeme \u010ditanja":"3 minute"},"schema":{"@context":"https:\/\/schema.org","@graph":[{"@type":"Article","@id":"https:\/\/radioljubuski.ba\/index.php\/2022\/08\/03\/skupstina-hnz-po-100-km-za-nezaposlene-povecane-stipendije-produzena-isplata-nezaposlenim-porodiljama-na-12-mjeseci\/#article","isPartOf":{"@id":"https:\/\/radioljubuski.ba\/index.php\/2022\/08\/03\/skupstina-hnz-po-100-km-za-nezaposlene-povecane-stipendije-produzena-isplata-nezaposlenim-porodiljama-na-12-mjeseci\/"},"author":{"name":"Radio Ljubu\u0161ki","@id":"https:\/\/radioljubuski.ba\/#\/schema\/person\/19fc700381a780f69665d7956c469e3b"},"headline":"Skup\u0161tina HN\u017d: Po 100 KM za nezaposlene, pove\u0107ane stipendije, produ\u017eena isplata nezaposlenim porodiljama na 12 mjeseci&#8230;","datePublished":"2022-08-03T10:16:56+00:00","dateModified":"2022-08-03T10:16:58+00:00","mainEntityOfPage":{"@id":"https:\/\/radioljubuski.ba\/index.php\/2022\/08\/03\/skupstina-hnz-po-100-km-za-nezaposlene-povecane-stipendije-produzena-isplata-nezaposlenim-porodiljama-na-12-mjeseci\/"},"wordCount":606,"publisher":{"@id":"https:\/\/radioljubuski.ba\/#organization"},"image":{"@id":"https:\/\/radioljubuski.ba\/index.php\/2022\/08\/03\/skupstina-hnz-po-100-km-za-nezaposlene-povecane-stipendije-produzena-isplata-nezaposlenim-porodiljama-na-12-mjeseci\/#primaryimage"},"thumbnailUrl":"https:\/\/radioljubuski.ba\/wp-content\/uploads\/2022\/08\/8-2022-08-02-16-30-33-20220802_120548.jpg","articleSection":["BIH i regija"],"inLanguage":"hr"},{"@type":"WebPage","@id":"https:\/\/radioljubuski.ba\/index.php\/2022\/08\/03\/skupstina-hnz-po-100-km-za-nezaposlene-povecane-stipendije-produzena-isplata-nezaposlenim-porodiljama-na-12-mjeseci\/","url":"https:\/\/radioljubuski.ba\/index.php\/2022\/08\/03\/skupstina-hnz-po-100-km-za-nezaposlene-povecane-stipendije-produzena-isplata-nezaposlenim-porodiljama-na-12-mjeseci\/","name":"Skup\u0161tina HN\u017d: Po 100 KM za nezaposlene, pove\u0107ane stipendije, produ\u017eena isplata nezaposlenim porodiljama na 12 mjeseci... - RADIO LJUBU\u0160KI","isPartOf":{"@id":"https:\/\/radioljubuski.ba\/#website"},"primaryImageOfPage":{"@id":"https:\/\/radioljubuski.ba\/index.php\/2022\/08\/03\/skupstina-hnz-po-100-km-za-nezaposlene-povecane-stipendije-produzena-isplata-nezaposlenim-porodiljama-na-12-mjeseci\/#primaryimage"},"image":{"@id":"https:\/\/radioljubuski.ba\/index.php\/2022\/08\/03\/skupstina-hnz-po-100-km-za-nezaposlene-povecane-stipendije-produzena-isplata-nezaposlenim-porodiljama-na-12-mjeseci\/#primaryimage"},"thumbnailUrl":"https:\/\/radioljubuski.ba\/wp-content\/uploads\/2022\/08\/8-2022-08-02-16-30-33-20220802_120548.jpg","datePublished":"2022-08-03T10:16:56+00:00","dateModified":"2022-08-03T10:16:58+00:00","breadcrumb":{"@id":"https:\/\/radioljubuski.ba\/index.php\/2022\/08\/03\/skupstina-hnz-po-100-km-za-nezaposlene-povecane-stipendije-produzena-isplata-nezaposlenim-porodiljama-na-12-mjeseci\/#breadcrumb"},"inLanguage":"hr","potentialAction":[{"@type":"ReadAction","target":["https:\/\/radioljubuski.ba\/index.php\/2022\/08\/03\/skupstina-hnz-po-100-km-za-nezaposlene-povecane-stipendije-produzena-isplata-nezaposlenim-porodiljama-na-12-mjeseci\/"]}]},{"@type":"ImageObject","inLanguage":"hr","@id":"https:\/\/radioljubuski.ba\/index.php\/2022\/08\/03\/skupstina-hnz-po-100-km-za-nezaposlene-povecane-stipendije-produzena-isplata-nezaposlenim-porodiljama-na-12-mjeseci\/#primaryimage","url":"https:\/\/radioljubuski.ba\/wp-content\/uploads\/2022\/08\/8-2022-08-02-16-30-33-20220802_120548.jpg","contentUrl":"https:\/\/radioljubuski.ba\/wp-content\/uploads\/2022\/08\/8-2022-08-02-16-30-33-20220802_120548.jpg","width":1000,"height":625},{"@type":"BreadcrumbList","@id":"https:\/\/radioljubuski.ba\/index.php\/2022\/08\/03\/skupstina-hnz-po-100-km-za-nezaposlene-povecane-stipendije-produzena-isplata-nezaposlenim-porodiljama-na-12-mjeseci\/#breadcrumb","itemListElement":[{"@type":"ListItem","position":1,"name":"Po\u010detna stranica","item":"https:\/\/radioljubuski.ba\/"},{"@type":"ListItem","position":2,"name":"Skup\u0161tina HN\u017d: Po 100 KM za nezaposlene, pove\u0107ane stipendije, produ\u017eena isplata nezaposlenim porodiljama na 12 mjeseci&#8230;"}]},{"@type":"WebSite","@id":"https:\/\/radioljubuski.ba\/#website","url":"https:\/\/radioljubuski.ba\/","name":"Radio Ljubu\u0161ki","description":"Sun\u010dana frekvencija Hercegovine","publisher":{"@id":"https:\/\/radioljubuski.ba\/#organization"},"potentialAction":[{"@type":"SearchAction","target":{"@type":"EntryPoint","urlTemplate":"https:\/\/radioljubuski.ba\/?s={search_term_string}"},"query-input":{"@type":"PropertyValueSpecification","valueRequired":true,"valueName":"search_term_string"}}],"inLanguage":"hr"},{"@type":"Organization","@id":"https:\/\/radioljubuski.ba\/#organization","name":"Radio Ljubu\u0161ki","url":"https:\/\/radioljubuski.ba\/","logo":{"@type":"ImageObject","inLanguage":"hr","@id":"https:\/\/radioljubuski.ba\/#\/schema\/logo\/image\/","url":"https:\/\/radioljubuski.ba\/wp-content\/uploads\/2021\/02\/cropped-Radio_Ljubuski_logo1.jpg","contentUrl":"https:\/\/radioljubuski.ba\/wp-content\/uploads\/2021\/02\/cropped-Radio_Ljubuski_logo1.jpg","width":512,"height":512,"caption":"Radio Ljubu\u0161ki"},"image":{"@id":"https:\/\/radioljubuski.ba\/#\/schema\/logo\/image\/"},"sameAs":["https:\/\/www.facebook.com\/Radiio-Ljubuski-1490835324566332","https:\/\/x.com\/radioljubuski","https:\/\/hr.linkedin.com\/company\/radio-ljubuski","https:\/\/www.youtube.com\/channel\/UCHYaeO_n0Db3tjNGudGpXyw"]},{"@type":"Person","@id":"https:\/\/radioljubuski.ba\/#\/schema\/person\/19fc700381a780f69665d7956c469e3b","name":"Radio Ljubu\u0161ki"}]}},"_links":{"self":[{"href":"https:\/\/radioljubuski.ba\/index.php\/wp-json\/wp\/v2\/posts\/166114","targetHints":{"allow":["GET"]}}],"collection":[{"href":"https:\/\/radioljubuski.ba\/index.php\/wp-json\/wp\/v2\/posts"}],"about":[{"href":"https:\/\/radioljubuski.ba\/index.php\/wp-json\/wp\/v2\/types\/post"}],"author":[{"embeddable":true,"href":"https:\/\/radioljubuski.ba\/index.php\/wp-json\/wp\/v2\/users\/2"}],"replies":[{"embeddable":true,"href":"https:\/\/radioljubuski.ba\/index.php\/wp-json\/wp\/v2\/comments?post=166114"}],"version-history":[{"count":1,"href":"https:\/\/radioljubuski.ba\/index.php\/wp-json\/wp\/v2\/posts\/166114\/revisions"}],"predecessor-version":[{"id":166119,"href":"https:\/\/radioljubuski.ba\/index.php\/wp-json\/wp\/v2\/posts\/166114\/revisions\/166119"}],"wp:featuredmedia":[{"embeddable":true,"href":"https:\/\/radioljubuski.ba\/index.php\/wp-json\/wp\/v2\/media\/166118"}],"wp:attachment":[{"href":"https:\/\/radioljubuski.ba\/index.php\/wp-json\/wp\/v2\/media?parent=166114"}],"wp:term":[{"taxonomy":"category","embeddable":true,"href":"https:\/\/radioljubuski.ba\/index.php\/wp-json\/wp\/v2\/categories?post=166114"},{"taxonomy":"post_tag","embeddable":true,"href":"https:\/\/radioljubuski.ba\/index.php\/wp-json\/wp\/v2\/tags?post=166114"}],"curies":[{"name":"wp","href":"https:\/\/api.w.org\/{rel}","templated":true}]}}