{"id":166120,"date":"2022-08-03T11:18:04","date_gmt":"2022-08-03T10:18:04","guid":{"rendered":"https:\/\/radioljubuski.ba\/?p=166120"},"modified":"2022-08-03T11:18:05","modified_gmt":"2022-08-03T10:18:05","slug":"kardinal-puljic-blagoslovio-crkvu-koju-je-izgradio-bugojanac-husein-smajic","status":"publish","type":"post","link":"https:\/\/radioljubuski.ba\/index.php\/2022\/08\/03\/kardinal-puljic-blagoslovio-crkvu-koju-je-izgradio-bugojanac-husein-smajic\/","title":{"rendered":"Kardinal Pulji\u0107 blagoslovio crkvu koju je izgradio Bugojanac Husein Smaji\u0107"},"content":{"rendered":"\n<p>Kardinal u mirovini Vinko Pulji\u0107 blagoslovio je u utorak u bugojanskom mjestu Vesela Stra\u017ea novoizgra\u0111enu zavjetnu crkvu Gospe od An\u0111ela.<\/p>\n\n\n\n<p>Kraj je to jedne za bh. javnost nesvakida\u0161nje pri\u010de u kojoj je Bugojanac Husein Smaji\u0107 2014. godine sasvim slu\u010dajno na svom imanju, na lokalitetu Crkvina otkrio temelje srednjovjekovne katoli\u010dke crkve iz 15. stolje\u0107a, u kojoj je prona\u0111en \u017eenski skelet umotan u pozla\u0107eno platno, za kojeg povjesni\u010dari sumnjaju da se radi o bosanskoj kraljici Jeleni Gruboj.<\/p>\n\n\n\n<p>U dogovoru s kardinalom Pulji\u0107em, odlu\u010deno je da se u blizini ovog arheolo\u0161kog lokaliteta izgradi istovjetna crkva, za koju je najavio da \u0107e se raditi o crkvi mira, pomirenja i po\u0161tovanja.<\/p>\n\n\n\n<p>Crkvu je izgradio Smaji\u0107 od vlastitog novca, ali i donacija.<\/p>\n\n\n\n<p>&#8220;U\u010dinio sam to za ljubav ovog naroda, za ljubav na\u0161e zemlje, za ljubav jedinstva, da se ne razdvajamo nego da se po\u0161tujemo kao ljudi. Da ne budemo plemena. To sve \u010dinim za mir, po\u0161tovanje me\u0111u narodima&#8221;, rekao je Smaji\u0107.<\/p>\n\n\n\n<p>Kardinal Pulji\u0107 kazao je kako se na ovaj na\u010din \u010duva na\u0161a pro\u0161lost, ali i budu\u0107nost.<\/p>\n\n\n\n<p>&#8220;Ona je na svoj na\u010din \u010duvanje pam\u0107enja na\u0161e pro\u0161losti i na\u0161eg pouzdanja u Gospin zagovor. Na\u0161 svijet je posebno pobo\u017ean Gospi i na dana\u0161nji dan se mo\u017ee posti\u0107i potpuni oprost&#8221;, istaknuo je kardinal Pulji\u0107.<\/p>\n\n\n\n<p>Oko tisu\u0107u ljudi iz svih krajeva BiH, ali i dijaspore, nazo\u010dilo je blagoslovu crkve.<\/p>\n\n\n\n<p>Izvor:pogled.ba<\/p>\n","protected":false},"excerpt":{"rendered":"<p>Kardinal u mirovini Vinko Pulji\u0107 blagoslovio je u utorak u bugojanskom mjestu Vesela Stra\u017ea novoizgra\u0111enu zavjetnu crkvu Gospe od An\u0111ela. Kraj je to jedne za bh. javnost nesvakida\u0161nje pri\u010de u kojoj je Bugojanac Husein Smaji\u0107 2014. godine sasvim slu\u010dajno na svom imanju, na lokalitetu Crkvina otkrio temelje srednjovjekovne katoli\u010dke crkve iz 15. stolje\u0107a, u kojoj [&hellip;]<\/p>\n","protected":false},"author":2,"featured_media":166121,"comment_status":"closed","ping_status":"closed","sticky":false,"template":"","format":"standard","meta":{"h5ap_radio_sources":[],"footnotes":""},"categories":[1],"tags":[],"class_list":["post-166120","post","type-post","status-publish","format-standard","has-post-thumbnail","hentry","category-bihiregija"],"yoast_head":"<!-- This site is optimized with the Yoast SEO plugin v27.4 - https:\/\/yoast.com\/product\/yoast-seo-wordpress\/ -->\n<title>Kardinal Pulji\u0107 blagoslovio crkvu koju je izgradio Bugojanac Husein Smaji\u0107 - RADIO LJUBU\u0160KI<\/title>\n<meta name=\"robots\" content=\"index, follow, max-snippet:-1, max-image-preview:large, max-video-preview:-1\" \/>\n<link rel=\"canonical\" href=\"https:\/\/radioljubuski.ba\/index.php\/2022\/08\/03\/kardinal-puljic-blagoslovio-crkvu-koju-je-izgradio-bugojanac-husein-smajic\/\" \/>\n<meta property=\"og:locale\" content=\"hr_HR\" \/>\n<meta property=\"og:type\" content=\"article\" \/>\n<meta property=\"og:title\" content=\"Kardinal Pulji\u0107 blagoslovio crkvu koju je izgradio Bugojanac Husein Smaji\u0107 - RADIO LJUBU\u0160KI\" \/>\n<meta property=\"og:description\" content=\"Kardinal u mirovini Vinko Pulji\u0107 blagoslovio je u utorak u bugojanskom mjestu Vesela Stra\u017ea novoizgra\u0111enu zavjetnu crkvu Gospe od An\u0111ela. Kraj je to jedne za bh. javnost nesvakida\u0161nje pri\u010de u kojoj je Bugojanac Husein Smaji\u0107 2014. godine sasvim slu\u010dajno na svom imanju, na lokalitetu Crkvina otkrio temelje srednjovjekovne katoli\u010dke crkve iz 15. stolje\u0107a, u kojoj [&hellip;]\" \/>\n<meta property=\"og:url\" content=\"https:\/\/radioljubuski.ba\/index.php\/2022\/08\/03\/kardinal-puljic-blagoslovio-crkvu-koju-je-izgradio-bugojanac-husein-smajic\/\" \/>\n<meta property=\"og:site_name\" content=\"RADIO LJUBU\u0160KI\" \/>\n<meta property=\"article:publisher\" content=\"https:\/\/www.facebook.com\/Radiio-Ljubuski-1490835324566332\" \/>\n<meta property=\"article:published_time\" content=\"2022-08-03T10:18:04+00:00\" \/>\n<meta property=\"article:modified_time\" content=\"2022-08-03T10:18:05+00:00\" \/>\n<meta property=\"og:image\" content=\"https:\/\/radioljubuski.ba\/wp-content\/uploads\/2022\/08\/8-2022-08-02-16-38-59-puljic-crkva.jpg\" \/>\n\t<meta property=\"og:image:width\" content=\"1000\" \/>\n\t<meta property=\"og:image:height\" content=\"625\" \/>\n\t<meta property=\"og:image:type\" content=\"image\/jpeg\" \/>\n<meta name=\"author\" content=\"Radio Ljubu\u0161ki\" \/>\n<meta name=\"twitter:card\" content=\"summary_large_image\" \/>\n<meta name=\"twitter:creator\" content=\"@radioljubuski\" \/>\n<meta name=\"twitter:site\" content=\"@radioljubuski\" \/>\n<meta name=\"twitter:label1\" content=\"Napisao\/la\" \/>\n\t<meta name=\"twitter:data1\" content=\"Radio Ljubu\u0161ki\" \/>\n\t<meta name=\"twitter:label2\" content=\"Procijenjeno vrijeme \u010ditanja\" \/>\n\t<meta name=\"twitter:data2\" content=\"1 minuta\" \/>\n<script type=\"application\/ld+json\" class=\"yoast-schema-graph\">{\"@context\":\"https:\\\/\\\/schema.org\",\"@graph\":[{\"@type\":\"Article\",\"@id\":\"https:\\\/\\\/radioljubuski.ba\\\/index.php\\\/2022\\\/08\\\/03\\\/kardinal-puljic-blagoslovio-crkvu-koju-je-izgradio-bugojanac-husein-smajic\\\/#article\",\"isPartOf\":{\"@id\":\"https:\\\/\\\/radioljubuski.ba\\\/index.php\\\/2022\\\/08\\\/03\\\/kardinal-puljic-blagoslovio-crkvu-koju-je-izgradio-bugojanac-husein-smajic\\\/\"},\"author\":{\"name\":\"Radio Ljubu\u0161ki\",\"@id\":\"https:\\\/\\\/radioljubuski.ba\\\/#\\\/schema\\\/person\\\/19fc700381a780f69665d7956c469e3b\"},\"headline\":\"Kardinal Pulji\u0107 blagoslovio crkvu koju je izgradio Bugojanac Husein Smaji\u0107\",\"datePublished\":\"2022-08-03T10:18:04+00:00\",\"dateModified\":\"2022-08-03T10:18:05+00:00\",\"mainEntityOfPage\":{\"@id\":\"https:\\\/\\\/radioljubuski.ba\\\/index.php\\\/2022\\\/08\\\/03\\\/kardinal-puljic-blagoslovio-crkvu-koju-je-izgradio-bugojanac-husein-smajic\\\/\"},\"wordCount\":264,\"publisher\":{\"@id\":\"https:\\\/\\\/radioljubuski.ba\\\/#organization\"},\"image\":{\"@id\":\"https:\\\/\\\/radioljubuski.ba\\\/index.php\\\/2022\\\/08\\\/03\\\/kardinal-puljic-blagoslovio-crkvu-koju-je-izgradio-bugojanac-husein-smajic\\\/#primaryimage\"},\"thumbnailUrl\":\"https:\\\/\\\/radioljubuski.ba\\\/wp-content\\\/uploads\\\/2022\\\/08\\\/8-2022-08-02-16-38-59-puljic-crkva.jpg\",\"articleSection\":[\"BIH i regija\"],\"inLanguage\":\"hr\"},{\"@type\":\"WebPage\",\"@id\":\"https:\\\/\\\/radioljubuski.ba\\\/index.php\\\/2022\\\/08\\\/03\\\/kardinal-puljic-blagoslovio-crkvu-koju-je-izgradio-bugojanac-husein-smajic\\\/\",\"url\":\"https:\\\/\\\/radioljubuski.ba\\\/index.php\\\/2022\\\/08\\\/03\\\/kardinal-puljic-blagoslovio-crkvu-koju-je-izgradio-bugojanac-husein-smajic\\\/\",\"name\":\"Kardinal Pulji\u0107 blagoslovio crkvu koju je izgradio Bugojanac Husein Smaji\u0107 - RADIO LJUBU\u0160KI\",\"isPartOf\":{\"@id\":\"https:\\\/\\\/radioljubuski.ba\\\/#website\"},\"primaryImageOfPage\":{\"@id\":\"https:\\\/\\\/radioljubuski.ba\\\/index.php\\\/2022\\\/08\\\/03\\\/kardinal-puljic-blagoslovio-crkvu-koju-je-izgradio-bugojanac-husein-smajic\\\/#primaryimage\"},\"image\":{\"@id\":\"https:\\\/\\\/radioljubuski.ba\\\/index.php\\\/2022\\\/08\\\/03\\\/kardinal-puljic-blagoslovio-crkvu-koju-je-izgradio-bugojanac-husein-smajic\\\/#primaryimage\"},\"thumbnailUrl\":\"https:\\\/\\\/radioljubuski.ba\\\/wp-content\\\/uploads\\\/2022\\\/08\\\/8-2022-08-02-16-38-59-puljic-crkva.jpg\",\"datePublished\":\"2022-08-03T10:18:04+00:00\",\"dateModified\":\"2022-08-03T10:18:05+00:00\",\"breadcrumb\":{\"@id\":\"https:\\\/\\\/radioljubuski.ba\\\/index.php\\\/2022\\\/08\\\/03\\\/kardinal-puljic-blagoslovio-crkvu-koju-je-izgradio-bugojanac-husein-smajic\\\/#breadcrumb\"},\"inLanguage\":\"hr\",\"potentialAction\":[{\"@type\":\"ReadAction\",\"target\":[\"https:\\\/\\\/radioljubuski.ba\\\/index.php\\\/2022\\\/08\\\/03\\\/kardinal-puljic-blagoslovio-crkvu-koju-je-izgradio-bugojanac-husein-smajic\\\/\"]}]},{\"@type\":\"ImageObject\",\"inLanguage\":\"hr\",\"@id\":\"https:\\\/\\\/radioljubuski.ba\\\/index.php\\\/2022\\\/08\\\/03\\\/kardinal-puljic-blagoslovio-crkvu-koju-je-izgradio-bugojanac-husein-smajic\\\/#primaryimage\",\"url\":\"https:\\\/\\\/radioljubuski.ba\\\/wp-content\\\/uploads\\\/2022\\\/08\\\/8-2022-08-02-16-38-59-puljic-crkva.jpg\",\"contentUrl\":\"https:\\\/\\\/radioljubuski.ba\\\/wp-content\\\/uploads\\\/2022\\\/08\\\/8-2022-08-02-16-38-59-puljic-crkva.jpg\",\"width\":1000,\"height\":625},{\"@type\":\"BreadcrumbList\",\"@id\":\"https:\\\/\\\/radioljubuski.ba\\\/index.php\\\/2022\\\/08\\\/03\\\/kardinal-puljic-blagoslovio-crkvu-koju-je-izgradio-bugojanac-husein-smajic\\\/#breadcrumb\",\"itemListElement\":[{\"@type\":\"ListItem\",\"position\":1,\"name\":\"Po\u010detna stranica\",\"item\":\"https:\\\/\\\/radioljubuski.ba\\\/\"},{\"@type\":\"ListItem\",\"position\":2,\"name\":\"Kardinal Pulji\u0107 blagoslovio crkvu koju je izgradio Bugojanac Husein Smaji\u0107\"}]},{\"@type\":\"WebSite\",\"@id\":\"https:\\\/\\\/radioljubuski.ba\\\/#website\",\"url\":\"https:\\\/\\\/radioljubuski.ba\\\/\",\"name\":\"Radio Ljubu\u0161ki\",\"description\":\"Sun\u010dana frekvencija Hercegovine\",\"publisher\":{\"@id\":\"https:\\\/\\\/radioljubuski.ba\\\/#organization\"},\"potentialAction\":[{\"@type\":\"SearchAction\",\"target\":{\"@type\":\"EntryPoint\",\"urlTemplate\":\"https:\\\/\\\/radioljubuski.ba\\\/?s={search_term_string}\"},\"query-input\":{\"@type\":\"PropertyValueSpecification\",\"valueRequired\":true,\"valueName\":\"search_term_string\"}}],\"inLanguage\":\"hr\"},{\"@type\":\"Organization\",\"@id\":\"https:\\\/\\\/radioljubuski.ba\\\/#organization\",\"name\":\"Radio Ljubu\u0161ki\",\"url\":\"https:\\\/\\\/radioljubuski.ba\\\/\",\"logo\":{\"@type\":\"ImageObject\",\"inLanguage\":\"hr\",\"@id\":\"https:\\\/\\\/radioljubuski.ba\\\/#\\\/schema\\\/logo\\\/image\\\/\",\"url\":\"https:\\\/\\\/radioljubuski.ba\\\/wp-content\\\/uploads\\\/2021\\\/02\\\/cropped-Radio_Ljubuski_logo1.jpg\",\"contentUrl\":\"https:\\\/\\\/radioljubuski.ba\\\/wp-content\\\/uploads\\\/2021\\\/02\\\/cropped-Radio_Ljubuski_logo1.jpg\",\"width\":512,\"height\":512,\"caption\":\"Radio Ljubu\u0161ki\"},\"image\":{\"@id\":\"https:\\\/\\\/radioljubuski.ba\\\/#\\\/schema\\\/logo\\\/image\\\/\"},\"sameAs\":[\"https:\\\/\\\/www.facebook.com\\\/Radiio-Ljubuski-1490835324566332\",\"https:\\\/\\\/x.com\\\/radioljubuski\",\"https:\\\/\\\/hr.linkedin.com\\\/company\\\/radio-ljubuski\",\"https:\\\/\\\/www.youtube.com\\\/channel\\\/UCHYaeO_n0Db3tjNGudGpXyw\"]},{\"@type\":\"Person\",\"@id\":\"https:\\\/\\\/radioljubuski.ba\\\/#\\\/schema\\\/person\\\/19fc700381a780f69665d7956c469e3b\",\"name\":\"Radio Ljubu\u0161ki\"}]}<\/script>\n<!-- \/ Yoast SEO plugin. -->","yoast_head_json":{"title":"Kardinal Pulji\u0107 blagoslovio crkvu koju je izgradio Bugojanac Husein Smaji\u0107 - RADIO LJUBU\u0160KI","robots":{"index":"index","follow":"follow","max-snippet":"max-snippet:-1","max-image-preview":"max-image-preview:large","max-video-preview":"max-video-preview:-1"},"canonical":"https:\/\/radioljubuski.ba\/index.php\/2022\/08\/03\/kardinal-puljic-blagoslovio-crkvu-koju-je-izgradio-bugojanac-husein-smajic\/","og_locale":"hr_HR","og_type":"article","og_title":"Kardinal Pulji\u0107 blagoslovio crkvu koju je izgradio Bugojanac Husein Smaji\u0107 - RADIO LJUBU\u0160KI","og_description":"Kardinal u mirovini Vinko Pulji\u0107 blagoslovio je u utorak u bugojanskom mjestu Vesela Stra\u017ea novoizgra\u0111enu zavjetnu crkvu Gospe od An\u0111ela. Kraj je to jedne za bh. javnost nesvakida\u0161nje pri\u010de u kojoj je Bugojanac Husein Smaji\u0107 2014. godine sasvim slu\u010dajno na svom imanju, na lokalitetu Crkvina otkrio temelje srednjovjekovne katoli\u010dke crkve iz 15. stolje\u0107a, u kojoj [&hellip;]","og_url":"https:\/\/radioljubuski.ba\/index.php\/2022\/08\/03\/kardinal-puljic-blagoslovio-crkvu-koju-je-izgradio-bugojanac-husein-smajic\/","og_site_name":"RADIO LJUBU\u0160KI","article_publisher":"https:\/\/www.facebook.com\/Radiio-Ljubuski-1490835324566332","article_published_time":"2022-08-03T10:18:04+00:00","article_modified_time":"2022-08-03T10:18:05+00:00","og_image":[{"width":1000,"height":625,"url":"https:\/\/radioljubuski.ba\/wp-content\/uploads\/2022\/08\/8-2022-08-02-16-38-59-puljic-crkva.jpg","type":"image\/jpeg"}],"author":"Radio Ljubu\u0161ki","twitter_card":"summary_large_image","twitter_creator":"@radioljubuski","twitter_site":"@radioljubuski","twitter_misc":{"Napisao\/la":"Radio Ljubu\u0161ki","Procijenjeno vrijeme \u010ditanja":"1 minuta"},"schema":{"@context":"https:\/\/schema.org","@graph":[{"@type":"Article","@id":"https:\/\/radioljubuski.ba\/index.php\/2022\/08\/03\/kardinal-puljic-blagoslovio-crkvu-koju-je-izgradio-bugojanac-husein-smajic\/#article","isPartOf":{"@id":"https:\/\/radioljubuski.ba\/index.php\/2022\/08\/03\/kardinal-puljic-blagoslovio-crkvu-koju-je-izgradio-bugojanac-husein-smajic\/"},"author":{"name":"Radio Ljubu\u0161ki","@id":"https:\/\/radioljubuski.ba\/#\/schema\/person\/19fc700381a780f69665d7956c469e3b"},"headline":"Kardinal Pulji\u0107 blagoslovio crkvu koju je izgradio Bugojanac Husein Smaji\u0107","datePublished":"2022-08-03T10:18:04+00:00","dateModified":"2022-08-03T10:18:05+00:00","mainEntityOfPage":{"@id":"https:\/\/radioljubuski.ba\/index.php\/2022\/08\/03\/kardinal-puljic-blagoslovio-crkvu-koju-je-izgradio-bugojanac-husein-smajic\/"},"wordCount":264,"publisher":{"@id":"https:\/\/radioljubuski.ba\/#organization"},"image":{"@id":"https:\/\/radioljubuski.ba\/index.php\/2022\/08\/03\/kardinal-puljic-blagoslovio-crkvu-koju-je-izgradio-bugojanac-husein-smajic\/#primaryimage"},"thumbnailUrl":"https:\/\/radioljubuski.ba\/wp-content\/uploads\/2022\/08\/8-2022-08-02-16-38-59-puljic-crkva.jpg","articleSection":["BIH i regija"],"inLanguage":"hr"},{"@type":"WebPage","@id":"https:\/\/radioljubuski.ba\/index.php\/2022\/08\/03\/kardinal-puljic-blagoslovio-crkvu-koju-je-izgradio-bugojanac-husein-smajic\/","url":"https:\/\/radioljubuski.ba\/index.php\/2022\/08\/03\/kardinal-puljic-blagoslovio-crkvu-koju-je-izgradio-bugojanac-husein-smajic\/","name":"Kardinal Pulji\u0107 blagoslovio crkvu koju je izgradio Bugojanac Husein Smaji\u0107 - RADIO LJUBU\u0160KI","isPartOf":{"@id":"https:\/\/radioljubuski.ba\/#website"},"primaryImageOfPage":{"@id":"https:\/\/radioljubuski.ba\/index.php\/2022\/08\/03\/kardinal-puljic-blagoslovio-crkvu-koju-je-izgradio-bugojanac-husein-smajic\/#primaryimage"},"image":{"@id":"https:\/\/radioljubuski.ba\/index.php\/2022\/08\/03\/kardinal-puljic-blagoslovio-crkvu-koju-je-izgradio-bugojanac-husein-smajic\/#primaryimage"},"thumbnailUrl":"https:\/\/radioljubuski.ba\/wp-content\/uploads\/2022\/08\/8-2022-08-02-16-38-59-puljic-crkva.jpg","datePublished":"2022-08-03T10:18:04+00:00","dateModified":"2022-08-03T10:18:05+00:00","breadcrumb":{"@id":"https:\/\/radioljubuski.ba\/index.php\/2022\/08\/03\/kardinal-puljic-blagoslovio-crkvu-koju-je-izgradio-bugojanac-husein-smajic\/#breadcrumb"},"inLanguage":"hr","potentialAction":[{"@type":"ReadAction","target":["https:\/\/radioljubuski.ba\/index.php\/2022\/08\/03\/kardinal-puljic-blagoslovio-crkvu-koju-je-izgradio-bugojanac-husein-smajic\/"]}]},{"@type":"ImageObject","inLanguage":"hr","@id":"https:\/\/radioljubuski.ba\/index.php\/2022\/08\/03\/kardinal-puljic-blagoslovio-crkvu-koju-je-izgradio-bugojanac-husein-smajic\/#primaryimage","url":"https:\/\/radioljubuski.ba\/wp-content\/uploads\/2022\/08\/8-2022-08-02-16-38-59-puljic-crkva.jpg","contentUrl":"https:\/\/radioljubuski.ba\/wp-content\/uploads\/2022\/08\/8-2022-08-02-16-38-59-puljic-crkva.jpg","width":1000,"height":625},{"@type":"BreadcrumbList","@id":"https:\/\/radioljubuski.ba\/index.php\/2022\/08\/03\/kardinal-puljic-blagoslovio-crkvu-koju-je-izgradio-bugojanac-husein-smajic\/#breadcrumb","itemListElement":[{"@type":"ListItem","position":1,"name":"Po\u010detna stranica","item":"https:\/\/radioljubuski.ba\/"},{"@type":"ListItem","position":2,"name":"Kardinal Pulji\u0107 blagoslovio crkvu koju je izgradio Bugojanac Husein Smaji\u0107"}]},{"@type":"WebSite","@id":"https:\/\/radioljubuski.ba\/#website","url":"https:\/\/radioljubuski.ba\/","name":"Radio Ljubu\u0161ki","description":"Sun\u010dana frekvencija Hercegovine","publisher":{"@id":"https:\/\/radioljubuski.ba\/#organization"},"potentialAction":[{"@type":"SearchAction","target":{"@type":"EntryPoint","urlTemplate":"https:\/\/radioljubuski.ba\/?s={search_term_string}"},"query-input":{"@type":"PropertyValueSpecification","valueRequired":true,"valueName":"search_term_string"}}],"inLanguage":"hr"},{"@type":"Organization","@id":"https:\/\/radioljubuski.ba\/#organization","name":"Radio Ljubu\u0161ki","url":"https:\/\/radioljubuski.ba\/","logo":{"@type":"ImageObject","inLanguage":"hr","@id":"https:\/\/radioljubuski.ba\/#\/schema\/logo\/image\/","url":"https:\/\/radioljubuski.ba\/wp-content\/uploads\/2021\/02\/cropped-Radio_Ljubuski_logo1.jpg","contentUrl":"https:\/\/radioljubuski.ba\/wp-content\/uploads\/2021\/02\/cropped-Radio_Ljubuski_logo1.jpg","width":512,"height":512,"caption":"Radio Ljubu\u0161ki"},"image":{"@id":"https:\/\/radioljubuski.ba\/#\/schema\/logo\/image\/"},"sameAs":["https:\/\/www.facebook.com\/Radiio-Ljubuski-1490835324566332","https:\/\/x.com\/radioljubuski","https:\/\/hr.linkedin.com\/company\/radio-ljubuski","https:\/\/www.youtube.com\/channel\/UCHYaeO_n0Db3tjNGudGpXyw"]},{"@type":"Person","@id":"https:\/\/radioljubuski.ba\/#\/schema\/person\/19fc700381a780f69665d7956c469e3b","name":"Radio Ljubu\u0161ki"}]}},"_links":{"self":[{"href":"https:\/\/radioljubuski.ba\/index.php\/wp-json\/wp\/v2\/posts\/166120","targetHints":{"allow":["GET"]}}],"collection":[{"href":"https:\/\/radioljubuski.ba\/index.php\/wp-json\/wp\/v2\/posts"}],"about":[{"href":"https:\/\/radioljubuski.ba\/index.php\/wp-json\/wp\/v2\/types\/post"}],"author":[{"embeddable":true,"href":"https:\/\/radioljubuski.ba\/index.php\/wp-json\/wp\/v2\/users\/2"}],"replies":[{"embeddable":true,"href":"https:\/\/radioljubuski.ba\/index.php\/wp-json\/wp\/v2\/comments?post=166120"}],"version-history":[{"count":1,"href":"https:\/\/radioljubuski.ba\/index.php\/wp-json\/wp\/v2\/posts\/166120\/revisions"}],"predecessor-version":[{"id":166122,"href":"https:\/\/radioljubuski.ba\/index.php\/wp-json\/wp\/v2\/posts\/166120\/revisions\/166122"}],"wp:featuredmedia":[{"embeddable":true,"href":"https:\/\/radioljubuski.ba\/index.php\/wp-json\/wp\/v2\/media\/166121"}],"wp:attachment":[{"href":"https:\/\/radioljubuski.ba\/index.php\/wp-json\/wp\/v2\/media?parent=166120"}],"wp:term":[{"taxonomy":"category","embeddable":true,"href":"https:\/\/radioljubuski.ba\/index.php\/wp-json\/wp\/v2\/categories?post=166120"},{"taxonomy":"post_tag","embeddable":true,"href":"https:\/\/radioljubuski.ba\/index.php\/wp-json\/wp\/v2\/tags?post=166120"}],"curies":[{"name":"wp","href":"https:\/\/api.w.org\/{rel}","templated":true}]}}