{"id":166150,"date":"2022-08-03T11:34:58","date_gmt":"2022-08-03T10:34:58","guid":{"rendered":"https:\/\/radioljubuski.ba\/?p=166150"},"modified":"2022-08-03T11:35:00","modified_gmt":"2022-08-03T10:35:00","slug":"cavara-schmidt-i-ohr-su-pokazali-da-su-se-prestrasili-video","status":"publish","type":"post","link":"https:\/\/radioljubuski.ba\/index.php\/2022\/08\/03\/cavara-schmidt-i-ohr-su-pokazali-da-su-se-prestrasili-video\/","title":{"rendered":"\u010cavara: \u201cSchmidt i OHR su pokazali da su se prestra\u0161ili\u201d &#8211; video"},"content":{"rendered":"\n<p>Predsjednik Federacije BiH Marinko \u010cavara za Dnevnik RTV Hergeg Bosne\u00a0 prokomentirao je odluku Visokog predstavnika Christiana Schmidta o nedavnom nametanju tzv. tehni\u010dkih izmjena Izbornog zakona, a istovremenom izbjegavanju nametanja rje\u0161enja kojima bi se osiguralo da Hrvati biraju svoje legitimne politi\u010dke predstavnike. Razo\u010daran je \u0161to nitko od me\u0111unarodnih du\u017enosnika nije osudio izljeve mr\u017enje prema Hrvatima na prosvjedima koji su prethodili Schmidtovoj odluci.<\/p>\n\n\n\n<iframe loading=\"lazy\" title=\"RTV HB | \u010cavara: &quot;Schmidt i OHR su pokazali da su se prestra\u0161ili&quot;\" width=\"640\" height=\"360\" src=\"https:\/\/www.youtube.com\/embed\/p57IVFpz_zo?feature=oembed\" frameborder=\"0\" allow=\"accelerometer; autoplay; clipboard-write; encrypted-media; gyroscope; picture-in-picture; web-share\" referrerpolicy=\"strict-origin-when-cross-origin\" allowfullscreen><\/iframe>\n\n\n\n<p>Izvor:pogled.ba<\/p>\n","protected":false},"excerpt":{"rendered":"<p>Predsjednik Federacije BiH Marinko \u010cavara za Dnevnik RTV Hergeg Bosne\u00a0 prokomentirao je odluku Visokog predstavnika Christiana Schmidta o nedavnom nametanju tzv. tehni\u010dkih izmjena Izbornog zakona, a istovremenom izbjegavanju nametanja rje\u0161enja kojima bi se osiguralo da Hrvati biraju svoje legitimne politi\u010dke predstavnike. Razo\u010daran je \u0161to nitko od me\u0111unarodnih du\u017enosnika nije osudio izljeve mr\u017enje prema Hrvatima na [&hellip;]<\/p>\n","protected":false},"author":2,"featured_media":166151,"comment_status":"closed","ping_status":"closed","sticky":false,"template":"","format":"standard","meta":{"h5ap_radio_sources":[],"footnotes":""},"categories":[1],"tags":[],"class_list":["post-166150","post","type-post","status-publish","format-standard","has-post-thumbnail","hentry","category-bihiregija"],"yoast_head":"<!-- This site is optimized with the Yoast SEO plugin v27.4 - https:\/\/yoast.com\/product\/yoast-seo-wordpress\/ -->\n<title>\u010cavara: \u201cSchmidt i OHR su pokazali da su se prestra\u0161ili\u201d - video - RADIO LJUBU\u0160KI<\/title>\n<meta name=\"robots\" content=\"index, follow, max-snippet:-1, max-image-preview:large, max-video-preview:-1\" \/>\n<link rel=\"canonical\" href=\"https:\/\/radioljubuski.ba\/index.php\/2022\/08\/03\/cavara-schmidt-i-ohr-su-pokazali-da-su-se-prestrasili-video\/\" \/>\n<meta property=\"og:locale\" content=\"hr_HR\" \/>\n<meta property=\"og:type\" content=\"article\" \/>\n<meta property=\"og:title\" content=\"\u010cavara: \u201cSchmidt i OHR su pokazali da su se prestra\u0161ili\u201d - video - RADIO LJUBU\u0160KI\" \/>\n<meta property=\"og:description\" content=\"Predsjednik Federacije BiH Marinko \u010cavara za Dnevnik RTV Hergeg Bosne\u00a0 prokomentirao je odluku Visokog predstavnika Christiana Schmidta o nedavnom nametanju tzv. tehni\u010dkih izmjena Izbornog zakona, a istovremenom izbjegavanju nametanja rje\u0161enja kojima bi se osiguralo da Hrvati biraju svoje legitimne politi\u010dke predstavnike. Razo\u010daran je \u0161to nitko od me\u0111unarodnih du\u017enosnika nije osudio izljeve mr\u017enje prema Hrvatima na [&hellip;]\" \/>\n<meta property=\"og:url\" content=\"https:\/\/radioljubuski.ba\/index.php\/2022\/08\/03\/cavara-schmidt-i-ohr-su-pokazali-da-su-se-prestrasili-video\/\" \/>\n<meta property=\"og:site_name\" content=\"RADIO LJUBU\u0160KI\" \/>\n<meta property=\"article:publisher\" content=\"https:\/\/www.facebook.com\/Radiio-Ljubuski-1490835324566332\" \/>\n<meta property=\"article:published_time\" content=\"2022-08-03T10:34:58+00:00\" \/>\n<meta property=\"article:modified_time\" content=\"2022-08-03T10:35:00+00:00\" \/>\n<meta property=\"og:image\" content=\"https:\/\/radioljubuski.ba\/wp-content\/uploads\/2022\/08\/10-2022-08-02-19-47-14-Snimka-zaslona-2022-08-02-194055.jpg\" \/>\n\t<meta property=\"og:image:width\" content=\"1000\" \/>\n\t<meta property=\"og:image:height\" content=\"625\" \/>\n\t<meta property=\"og:image:type\" content=\"image\/jpeg\" \/>\n<meta name=\"author\" content=\"Radio Ljubu\u0161ki\" \/>\n<meta name=\"twitter:card\" content=\"summary_large_image\" \/>\n<meta name=\"twitter:creator\" content=\"@radioljubuski\" \/>\n<meta name=\"twitter:site\" content=\"@radioljubuski\" \/>\n<meta name=\"twitter:label1\" content=\"Napisao\/la\" \/>\n\t<meta name=\"twitter:data1\" content=\"Radio Ljubu\u0161ki\" \/>\n\t<meta name=\"twitter:label2\" content=\"Procijenjeno vrijeme \u010ditanja\" \/>\n\t<meta name=\"twitter:data2\" content=\"1 minuta\" \/>\n<script type=\"application\/ld+json\" class=\"yoast-schema-graph\">{\"@context\":\"https:\\\/\\\/schema.org\",\"@graph\":[{\"@type\":\"Article\",\"@id\":\"https:\\\/\\\/radioljubuski.ba\\\/index.php\\\/2022\\\/08\\\/03\\\/cavara-schmidt-i-ohr-su-pokazali-da-su-se-prestrasili-video\\\/#article\",\"isPartOf\":{\"@id\":\"https:\\\/\\\/radioljubuski.ba\\\/index.php\\\/2022\\\/08\\\/03\\\/cavara-schmidt-i-ohr-su-pokazali-da-su-se-prestrasili-video\\\/\"},\"author\":{\"name\":\"Radio Ljubu\u0161ki\",\"@id\":\"https:\\\/\\\/radioljubuski.ba\\\/#\\\/schema\\\/person\\\/19fc700381a780f69665d7956c469e3b\"},\"headline\":\"\u010cavara: \u201cSchmidt i OHR su pokazali da su se prestra\u0161ili\u201d &#8211; video\",\"datePublished\":\"2022-08-03T10:34:58+00:00\",\"dateModified\":\"2022-08-03T10:35:00+00:00\",\"mainEntityOfPage\":{\"@id\":\"https:\\\/\\\/radioljubuski.ba\\\/index.php\\\/2022\\\/08\\\/03\\\/cavara-schmidt-i-ohr-su-pokazali-da-su-se-prestrasili-video\\\/\"},\"wordCount\":93,\"publisher\":{\"@id\":\"https:\\\/\\\/radioljubuski.ba\\\/#organization\"},\"image\":{\"@id\":\"https:\\\/\\\/radioljubuski.ba\\\/index.php\\\/2022\\\/08\\\/03\\\/cavara-schmidt-i-ohr-su-pokazali-da-su-se-prestrasili-video\\\/#primaryimage\"},\"thumbnailUrl\":\"https:\\\/\\\/radioljubuski.ba\\\/wp-content\\\/uploads\\\/2022\\\/08\\\/10-2022-08-02-19-47-14-Snimka-zaslona-2022-08-02-194055.jpg\",\"articleSection\":[\"BIH i regija\"],\"inLanguage\":\"hr\"},{\"@type\":\"WebPage\",\"@id\":\"https:\\\/\\\/radioljubuski.ba\\\/index.php\\\/2022\\\/08\\\/03\\\/cavara-schmidt-i-ohr-su-pokazali-da-su-se-prestrasili-video\\\/\",\"url\":\"https:\\\/\\\/radioljubuski.ba\\\/index.php\\\/2022\\\/08\\\/03\\\/cavara-schmidt-i-ohr-su-pokazali-da-su-se-prestrasili-video\\\/\",\"name\":\"\u010cavara: \u201cSchmidt i OHR su pokazali da su se prestra\u0161ili\u201d - video - RADIO LJUBU\u0160KI\",\"isPartOf\":{\"@id\":\"https:\\\/\\\/radioljubuski.ba\\\/#website\"},\"primaryImageOfPage\":{\"@id\":\"https:\\\/\\\/radioljubuski.ba\\\/index.php\\\/2022\\\/08\\\/03\\\/cavara-schmidt-i-ohr-su-pokazali-da-su-se-prestrasili-video\\\/#primaryimage\"},\"image\":{\"@id\":\"https:\\\/\\\/radioljubuski.ba\\\/index.php\\\/2022\\\/08\\\/03\\\/cavara-schmidt-i-ohr-su-pokazali-da-su-se-prestrasili-video\\\/#primaryimage\"},\"thumbnailUrl\":\"https:\\\/\\\/radioljubuski.ba\\\/wp-content\\\/uploads\\\/2022\\\/08\\\/10-2022-08-02-19-47-14-Snimka-zaslona-2022-08-02-194055.jpg\",\"datePublished\":\"2022-08-03T10:34:58+00:00\",\"dateModified\":\"2022-08-03T10:35:00+00:00\",\"breadcrumb\":{\"@id\":\"https:\\\/\\\/radioljubuski.ba\\\/index.php\\\/2022\\\/08\\\/03\\\/cavara-schmidt-i-ohr-su-pokazali-da-su-se-prestrasili-video\\\/#breadcrumb\"},\"inLanguage\":\"hr\",\"potentialAction\":[{\"@type\":\"ReadAction\",\"target\":[\"https:\\\/\\\/radioljubuski.ba\\\/index.php\\\/2022\\\/08\\\/03\\\/cavara-schmidt-i-ohr-su-pokazali-da-su-se-prestrasili-video\\\/\"]}]},{\"@type\":\"ImageObject\",\"inLanguage\":\"hr\",\"@id\":\"https:\\\/\\\/radioljubuski.ba\\\/index.php\\\/2022\\\/08\\\/03\\\/cavara-schmidt-i-ohr-su-pokazali-da-su-se-prestrasili-video\\\/#primaryimage\",\"url\":\"https:\\\/\\\/radioljubuski.ba\\\/wp-content\\\/uploads\\\/2022\\\/08\\\/10-2022-08-02-19-47-14-Snimka-zaslona-2022-08-02-194055.jpg\",\"contentUrl\":\"https:\\\/\\\/radioljubuski.ba\\\/wp-content\\\/uploads\\\/2022\\\/08\\\/10-2022-08-02-19-47-14-Snimka-zaslona-2022-08-02-194055.jpg\",\"width\":1000,\"height\":625},{\"@type\":\"BreadcrumbList\",\"@id\":\"https:\\\/\\\/radioljubuski.ba\\\/index.php\\\/2022\\\/08\\\/03\\\/cavara-schmidt-i-ohr-su-pokazali-da-su-se-prestrasili-video\\\/#breadcrumb\",\"itemListElement\":[{\"@type\":\"ListItem\",\"position\":1,\"name\":\"Po\u010detna stranica\",\"item\":\"https:\\\/\\\/radioljubuski.ba\\\/\"},{\"@type\":\"ListItem\",\"position\":2,\"name\":\"\u010cavara: \u201cSchmidt i OHR su pokazali da su se prestra\u0161ili\u201d &#8211; video\"}]},{\"@type\":\"WebSite\",\"@id\":\"https:\\\/\\\/radioljubuski.ba\\\/#website\",\"url\":\"https:\\\/\\\/radioljubuski.ba\\\/\",\"name\":\"Radio Ljubu\u0161ki\",\"description\":\"Sun\u010dana frekvencija Hercegovine\",\"publisher\":{\"@id\":\"https:\\\/\\\/radioljubuski.ba\\\/#organization\"},\"potentialAction\":[{\"@type\":\"SearchAction\",\"target\":{\"@type\":\"EntryPoint\",\"urlTemplate\":\"https:\\\/\\\/radioljubuski.ba\\\/?s={search_term_string}\"},\"query-input\":{\"@type\":\"PropertyValueSpecification\",\"valueRequired\":true,\"valueName\":\"search_term_string\"}}],\"inLanguage\":\"hr\"},{\"@type\":\"Organization\",\"@id\":\"https:\\\/\\\/radioljubuski.ba\\\/#organization\",\"name\":\"Radio Ljubu\u0161ki\",\"url\":\"https:\\\/\\\/radioljubuski.ba\\\/\",\"logo\":{\"@type\":\"ImageObject\",\"inLanguage\":\"hr\",\"@id\":\"https:\\\/\\\/radioljubuski.ba\\\/#\\\/schema\\\/logo\\\/image\\\/\",\"url\":\"https:\\\/\\\/radioljubuski.ba\\\/wp-content\\\/uploads\\\/2021\\\/02\\\/cropped-Radio_Ljubuski_logo1.jpg\",\"contentUrl\":\"https:\\\/\\\/radioljubuski.ba\\\/wp-content\\\/uploads\\\/2021\\\/02\\\/cropped-Radio_Ljubuski_logo1.jpg\",\"width\":512,\"height\":512,\"caption\":\"Radio Ljubu\u0161ki\"},\"image\":{\"@id\":\"https:\\\/\\\/radioljubuski.ba\\\/#\\\/schema\\\/logo\\\/image\\\/\"},\"sameAs\":[\"https:\\\/\\\/www.facebook.com\\\/Radiio-Ljubuski-1490835324566332\",\"https:\\\/\\\/x.com\\\/radioljubuski\",\"https:\\\/\\\/hr.linkedin.com\\\/company\\\/radio-ljubuski\",\"https:\\\/\\\/www.youtube.com\\\/channel\\\/UCHYaeO_n0Db3tjNGudGpXyw\"]},{\"@type\":\"Person\",\"@id\":\"https:\\\/\\\/radioljubuski.ba\\\/#\\\/schema\\\/person\\\/19fc700381a780f69665d7956c469e3b\",\"name\":\"Radio Ljubu\u0161ki\"}]}<\/script>\n<!-- \/ Yoast SEO plugin. -->","yoast_head_json":{"title":"\u010cavara: \u201cSchmidt i OHR su pokazali da su se prestra\u0161ili\u201d - video - RADIO LJUBU\u0160KI","robots":{"index":"index","follow":"follow","max-snippet":"max-snippet:-1","max-image-preview":"max-image-preview:large","max-video-preview":"max-video-preview:-1"},"canonical":"https:\/\/radioljubuski.ba\/index.php\/2022\/08\/03\/cavara-schmidt-i-ohr-su-pokazali-da-su-se-prestrasili-video\/","og_locale":"hr_HR","og_type":"article","og_title":"\u010cavara: \u201cSchmidt i OHR su pokazali da su se prestra\u0161ili\u201d - video - RADIO LJUBU\u0160KI","og_description":"Predsjednik Federacije BiH Marinko \u010cavara za Dnevnik RTV Hergeg Bosne\u00a0 prokomentirao je odluku Visokog predstavnika Christiana Schmidta o nedavnom nametanju tzv. tehni\u010dkih izmjena Izbornog zakona, a istovremenom izbjegavanju nametanja rje\u0161enja kojima bi se osiguralo da Hrvati biraju svoje legitimne politi\u010dke predstavnike. Razo\u010daran je \u0161to nitko od me\u0111unarodnih du\u017enosnika nije osudio izljeve mr\u017enje prema Hrvatima na [&hellip;]","og_url":"https:\/\/radioljubuski.ba\/index.php\/2022\/08\/03\/cavara-schmidt-i-ohr-su-pokazali-da-su-se-prestrasili-video\/","og_site_name":"RADIO LJUBU\u0160KI","article_publisher":"https:\/\/www.facebook.com\/Radiio-Ljubuski-1490835324566332","article_published_time":"2022-08-03T10:34:58+00:00","article_modified_time":"2022-08-03T10:35:00+00:00","og_image":[{"width":1000,"height":625,"url":"https:\/\/radioljubuski.ba\/wp-content\/uploads\/2022\/08\/10-2022-08-02-19-47-14-Snimka-zaslona-2022-08-02-194055.jpg","type":"image\/jpeg"}],"author":"Radio Ljubu\u0161ki","twitter_card":"summary_large_image","twitter_creator":"@radioljubuski","twitter_site":"@radioljubuski","twitter_misc":{"Napisao\/la":"Radio Ljubu\u0161ki","Procijenjeno vrijeme \u010ditanja":"1 minuta"},"schema":{"@context":"https:\/\/schema.org","@graph":[{"@type":"Article","@id":"https:\/\/radioljubuski.ba\/index.php\/2022\/08\/03\/cavara-schmidt-i-ohr-su-pokazali-da-su-se-prestrasili-video\/#article","isPartOf":{"@id":"https:\/\/radioljubuski.ba\/index.php\/2022\/08\/03\/cavara-schmidt-i-ohr-su-pokazali-da-su-se-prestrasili-video\/"},"author":{"name":"Radio Ljubu\u0161ki","@id":"https:\/\/radioljubuski.ba\/#\/schema\/person\/19fc700381a780f69665d7956c469e3b"},"headline":"\u010cavara: \u201cSchmidt i OHR su pokazali da su se prestra\u0161ili\u201d &#8211; video","datePublished":"2022-08-03T10:34:58+00:00","dateModified":"2022-08-03T10:35:00+00:00","mainEntityOfPage":{"@id":"https:\/\/radioljubuski.ba\/index.php\/2022\/08\/03\/cavara-schmidt-i-ohr-su-pokazali-da-su-se-prestrasili-video\/"},"wordCount":93,"publisher":{"@id":"https:\/\/radioljubuski.ba\/#organization"},"image":{"@id":"https:\/\/radioljubuski.ba\/index.php\/2022\/08\/03\/cavara-schmidt-i-ohr-su-pokazali-da-su-se-prestrasili-video\/#primaryimage"},"thumbnailUrl":"https:\/\/radioljubuski.ba\/wp-content\/uploads\/2022\/08\/10-2022-08-02-19-47-14-Snimka-zaslona-2022-08-02-194055.jpg","articleSection":["BIH i regija"],"inLanguage":"hr"},{"@type":"WebPage","@id":"https:\/\/radioljubuski.ba\/index.php\/2022\/08\/03\/cavara-schmidt-i-ohr-su-pokazali-da-su-se-prestrasili-video\/","url":"https:\/\/radioljubuski.ba\/index.php\/2022\/08\/03\/cavara-schmidt-i-ohr-su-pokazali-da-su-se-prestrasili-video\/","name":"\u010cavara: \u201cSchmidt i OHR su pokazali da su se prestra\u0161ili\u201d - video - RADIO LJUBU\u0160KI","isPartOf":{"@id":"https:\/\/radioljubuski.ba\/#website"},"primaryImageOfPage":{"@id":"https:\/\/radioljubuski.ba\/index.php\/2022\/08\/03\/cavara-schmidt-i-ohr-su-pokazali-da-su-se-prestrasili-video\/#primaryimage"},"image":{"@id":"https:\/\/radioljubuski.ba\/index.php\/2022\/08\/03\/cavara-schmidt-i-ohr-su-pokazali-da-su-se-prestrasili-video\/#primaryimage"},"thumbnailUrl":"https:\/\/radioljubuski.ba\/wp-content\/uploads\/2022\/08\/10-2022-08-02-19-47-14-Snimka-zaslona-2022-08-02-194055.jpg","datePublished":"2022-08-03T10:34:58+00:00","dateModified":"2022-08-03T10:35:00+00:00","breadcrumb":{"@id":"https:\/\/radioljubuski.ba\/index.php\/2022\/08\/03\/cavara-schmidt-i-ohr-su-pokazali-da-su-se-prestrasili-video\/#breadcrumb"},"inLanguage":"hr","potentialAction":[{"@type":"ReadAction","target":["https:\/\/radioljubuski.ba\/index.php\/2022\/08\/03\/cavara-schmidt-i-ohr-su-pokazali-da-su-se-prestrasili-video\/"]}]},{"@type":"ImageObject","inLanguage":"hr","@id":"https:\/\/radioljubuski.ba\/index.php\/2022\/08\/03\/cavara-schmidt-i-ohr-su-pokazali-da-su-se-prestrasili-video\/#primaryimage","url":"https:\/\/radioljubuski.ba\/wp-content\/uploads\/2022\/08\/10-2022-08-02-19-47-14-Snimka-zaslona-2022-08-02-194055.jpg","contentUrl":"https:\/\/radioljubuski.ba\/wp-content\/uploads\/2022\/08\/10-2022-08-02-19-47-14-Snimka-zaslona-2022-08-02-194055.jpg","width":1000,"height":625},{"@type":"BreadcrumbList","@id":"https:\/\/radioljubuski.ba\/index.php\/2022\/08\/03\/cavara-schmidt-i-ohr-su-pokazali-da-su-se-prestrasili-video\/#breadcrumb","itemListElement":[{"@type":"ListItem","position":1,"name":"Po\u010detna stranica","item":"https:\/\/radioljubuski.ba\/"},{"@type":"ListItem","position":2,"name":"\u010cavara: \u201cSchmidt i OHR su pokazali da su se prestra\u0161ili\u201d &#8211; video"}]},{"@type":"WebSite","@id":"https:\/\/radioljubuski.ba\/#website","url":"https:\/\/radioljubuski.ba\/","name":"Radio Ljubu\u0161ki","description":"Sun\u010dana frekvencija Hercegovine","publisher":{"@id":"https:\/\/radioljubuski.ba\/#organization"},"potentialAction":[{"@type":"SearchAction","target":{"@type":"EntryPoint","urlTemplate":"https:\/\/radioljubuski.ba\/?s={search_term_string}"},"query-input":{"@type":"PropertyValueSpecification","valueRequired":true,"valueName":"search_term_string"}}],"inLanguage":"hr"},{"@type":"Organization","@id":"https:\/\/radioljubuski.ba\/#organization","name":"Radio Ljubu\u0161ki","url":"https:\/\/radioljubuski.ba\/","logo":{"@type":"ImageObject","inLanguage":"hr","@id":"https:\/\/radioljubuski.ba\/#\/schema\/logo\/image\/","url":"https:\/\/radioljubuski.ba\/wp-content\/uploads\/2021\/02\/cropped-Radio_Ljubuski_logo1.jpg","contentUrl":"https:\/\/radioljubuski.ba\/wp-content\/uploads\/2021\/02\/cropped-Radio_Ljubuski_logo1.jpg","width":512,"height":512,"caption":"Radio Ljubu\u0161ki"},"image":{"@id":"https:\/\/radioljubuski.ba\/#\/schema\/logo\/image\/"},"sameAs":["https:\/\/www.facebook.com\/Radiio-Ljubuski-1490835324566332","https:\/\/x.com\/radioljubuski","https:\/\/hr.linkedin.com\/company\/radio-ljubuski","https:\/\/www.youtube.com\/channel\/UCHYaeO_n0Db3tjNGudGpXyw"]},{"@type":"Person","@id":"https:\/\/radioljubuski.ba\/#\/schema\/person\/19fc700381a780f69665d7956c469e3b","name":"Radio Ljubu\u0161ki"}]}},"_links":{"self":[{"href":"https:\/\/radioljubuski.ba\/index.php\/wp-json\/wp\/v2\/posts\/166150","targetHints":{"allow":["GET"]}}],"collection":[{"href":"https:\/\/radioljubuski.ba\/index.php\/wp-json\/wp\/v2\/posts"}],"about":[{"href":"https:\/\/radioljubuski.ba\/index.php\/wp-json\/wp\/v2\/types\/post"}],"author":[{"embeddable":true,"href":"https:\/\/radioljubuski.ba\/index.php\/wp-json\/wp\/v2\/users\/2"}],"replies":[{"embeddable":true,"href":"https:\/\/radioljubuski.ba\/index.php\/wp-json\/wp\/v2\/comments?post=166150"}],"version-history":[{"count":1,"href":"https:\/\/radioljubuski.ba\/index.php\/wp-json\/wp\/v2\/posts\/166150\/revisions"}],"predecessor-version":[{"id":166152,"href":"https:\/\/radioljubuski.ba\/index.php\/wp-json\/wp\/v2\/posts\/166150\/revisions\/166152"}],"wp:featuredmedia":[{"embeddable":true,"href":"https:\/\/radioljubuski.ba\/index.php\/wp-json\/wp\/v2\/media\/166151"}],"wp:attachment":[{"href":"https:\/\/radioljubuski.ba\/index.php\/wp-json\/wp\/v2\/media?parent=166150"}],"wp:term":[{"taxonomy":"category","embeddable":true,"href":"https:\/\/radioljubuski.ba\/index.php\/wp-json\/wp\/v2\/categories?post=166150"},{"taxonomy":"post_tag","embeddable":true,"href":"https:\/\/radioljubuski.ba\/index.php\/wp-json\/wp\/v2\/tags?post=166150"}],"curies":[{"name":"wp","href":"https:\/\/api.w.org\/{rel}","templated":true}]}}