{"id":166172,"date":"2022-08-03T11:42:36","date_gmt":"2022-08-03T10:42:36","guid":{"rendered":"https:\/\/radioljubuski.ba\/?p=166172"},"modified":"2022-08-03T11:42:37","modified_gmt":"2022-08-03T10:42:37","slug":"hoce-li-tona-peleta-u-bih-biti-1-000-km-bh-tvrtkama-stizu-bezobrazne-ponude-iz-eu","status":"publish","type":"post","link":"https:\/\/radioljubuski.ba\/index.php\/2022\/08\/03\/hoce-li-tona-peleta-u-bih-biti-1-000-km-bh-tvrtkama-stizu-bezobrazne-ponude-iz-eu\/","title":{"rendered":"Ho\u0107e li tona peleta u BiH biti 1.000 KM, bh. tvrtkama sti\u017eu &#8220;bezobrazne&#8221; ponude iz EU"},"content":{"rendered":"\n<p>Zbog globalne situacije koju je uzrokovao rat u Ukrajini, cijene energenata drasti\u010dno su porasle u cijeloj Europi.<\/p>\n\n\n\n<p>Kakva \u0107e biti situacija najesen i tokom zime jo\u0161 je neizvjesno. Nije lako ni onima koji za grijanje umjesto plina ili struje koriste pelet, odnosno drvo, jer su i njihove cijene sko\u010dile i mo\u017eda do\u0111e do novih poskupljenja.<\/p>\n\n\n\n<p>Nakon \u0161to je Vije\u0107e ministara polovinom lipnja donijelo odluku o privremenoj zabrani izvoza odre\u0111enih \u0161umskih drvnih sortimenata, ogrjevnog drveta i proizvoda od drveta, polovinom srpnja je do\u0161lo do sni\u017eavanja cijene peleta. Ipak, cijene su se vratile na prija\u0161nji nivo.<\/p>\n\n\n\n<p>Tako je cijena tone peleta nekoliko tjedana bila 590 KM, a, kako trenutno stoji na web stranici kompanije Drvosje\u010da, ona sada iznosi 640 KM.<\/p>\n\n\n\n<p>&#8211; Moralo je do\u0107i do vra\u0107anja na staru cijenu, jer nije do\u0161lo do planiranog sni\u017eavanja cijena i nismo nai\u0161li na kooperaciju od strane proizvo\u0111a\u010da peleta i drugih u\u010desnika na tr\u017ei\u0161tu ogrjeva. Drugi razlog je u\u010de\u0161\u0107e cijene goriva u proizvodnji, \u0161to je zbog velikog rasta cijena dovelo do pogor\u0161avanja situacije. Gorivo je prisutno u \u010ditavom procesu proizvodnje, od sije\u010de do transporta i ono igra veliku ulogu u drvoprera\u0111iva\u010dkoj industriji \u2013 ka\u017eu za <a href=\"https:\/\/faktor.ba\/vijest\/hoce-li-tona-peleta-u-bih-biti-1000-km-koliko-sada-kosta-u-hrvatskoj-bh-firmama-stizu-bezobrazne-ponude-iz-eu\/171235\" target=\"_blank\" rel=\"noreferrer noopener\">Faktor <\/a>iz kompanije Drvosje\u010da.<\/p>\n\n\n\n<p>U ovoj kompaniji smatraju da nije dobro \u0161to je Vije\u0107e ministara posustalo pred svojom odlukom, jer su dozvolili izvoz drvenog briketa.<\/p>\n\n\n\n<p>&#8211; Imamo slu\u010dajeve da su se tvornice peleta prebacile na proizvodnju briketa, kako bi ga mogli izvoziti na inozemno tr\u017ei\u0161te i time ostvaruju bolju zaradu nego u BiH. Ono \u0161to mi u ovom trenutku mo\u017eemo garantirati je da \u0107e robe biti i peleta i ostalog. Da ne\u0107e biti nesta\u0161ice, ali, \u0161to se cijena ti\u010de, nezahvalno je govoriti. Situacija se mijenja iz dana u dan. Do kraja zabrane izvoza, a mi vjerujemo da \u0107e ona biti produ\u017eena do kraja godine, ne\u0107e do\u0107i do dodatnih poskupljenja \u2013 ka\u017eu iz Drvosje\u010de.<\/p>\n\n\n\n<p>Kolika je potra\u017enja za peletom \u0161irom Starog kontinenta potvr\u0111uje informacija Europskog udru\u017eenje za biomasu BIOENERGY EUROPE, koje o\u010dekuje kako \u0107e tokom 2022. godine na tr\u017ei\u0161tu nedostajati oko 2,5 miliona tona peleta.<\/p>\n\n\n\n<p>Hrvatsko udru\u017eenje za biomasu CROBIOM istaklo je da su cijene u Hrvatskoj zna\u010dajno porasle i trenutno u maloprodaji dosti\u017eu rekordan iznos,<\/p>\n\n\n\n<p>&#8211; &#8220;Bauhaus&#8221; ima cijenu od 3,66 KN\/kg, odnosno \u010dak preko 500 EUR za tonu s uklju\u010denim PDV-om &#8211; ka\u017eu iz Crobioma.<\/p>\n\n\n\n<p>Iz Drvosje\u010de isti\u010du da imaju nevjerojatne ponude iz inozemstva za otkup peleta.<\/p>\n\n\n\n<p>&#8211; Javile su nam se firme iz EU koje nam avansno \u017eele platiti za tonu peleta \u010dak 550 eura. Njima je najbitnije da osiguraju pelet i ne pitaju za cijenu. Ne smijemo ni zamisliti \u0161ta \u0107e se desiti u BiH ako Vije\u0107e ministara ne produ\u017ei zabranu \u2013 ka\u017eu iz ove kompanije.<\/p>\n\n\n\n<p>Izvor:faktor.ba<\/p>\n","protected":false},"excerpt":{"rendered":"<p>Zbog globalne situacije koju je uzrokovao rat u Ukrajini, cijene energenata drasti\u010dno su porasle u cijeloj Europi. Kakva \u0107e biti situacija najesen i tokom zime jo\u0161 je neizvjesno. Nije lako ni onima koji za grijanje umjesto plina ili struje koriste pelet, odnosno drvo, jer su i njihove cijene sko\u010dile i mo\u017eda do\u0111e do novih poskupljenja. [&hellip;]<\/p>\n","protected":false},"author":2,"featured_media":148549,"comment_status":"closed","ping_status":"closed","sticky":false,"template":"","format":"standard","meta":{"h5ap_radio_sources":[],"footnotes":""},"categories":[1],"tags":[],"class_list":["post-166172","post","type-post","status-publish","format-standard","has-post-thumbnail","hentry","category-bihiregija"],"yoast_head":"<!-- This site is optimized with the Yoast SEO plugin v27.5 - https:\/\/yoast.com\/product\/yoast-seo-wordpress\/ -->\n<title>Ho\u0107e li tona peleta u BiH biti 1.000 KM, bh. tvrtkama sti\u017eu &quot;bezobrazne&quot; ponude iz EU - RADIO LJUBU\u0160KI<\/title>\n<meta name=\"robots\" content=\"index, follow, max-snippet:-1, max-image-preview:large, max-video-preview:-1\" \/>\n<link rel=\"canonical\" href=\"https:\/\/radioljubuski.ba\/index.php\/2022\/08\/03\/hoce-li-tona-peleta-u-bih-biti-1-000-km-bh-tvrtkama-stizu-bezobrazne-ponude-iz-eu\/\" \/>\n<meta property=\"og:locale\" content=\"hr_HR\" \/>\n<meta property=\"og:type\" content=\"article\" \/>\n<meta property=\"og:title\" content=\"Ho\u0107e li tona peleta u BiH biti 1.000 KM, bh. tvrtkama sti\u017eu &quot;bezobrazne&quot; ponude iz EU - RADIO LJUBU\u0160KI\" \/>\n<meta property=\"og:description\" content=\"Zbog globalne situacije koju je uzrokovao rat u Ukrajini, cijene energenata drasti\u010dno su porasle u cijeloj Europi. Kakva \u0107e biti situacija najesen i tokom zime jo\u0161 je neizvjesno. Nije lako ni onima koji za grijanje umjesto plina ili struje koriste pelet, odnosno drvo, jer su i njihove cijene sko\u010dile i mo\u017eda do\u0111e do novih poskupljenja. [&hellip;]\" \/>\n<meta property=\"og:url\" content=\"https:\/\/radioljubuski.ba\/index.php\/2022\/08\/03\/hoce-li-tona-peleta-u-bih-biti-1-000-km-bh-tvrtkama-stizu-bezobrazne-ponude-iz-eu\/\" \/>\n<meta property=\"og:site_name\" content=\"RADIO LJUBU\u0160KI\" \/>\n<meta property=\"article:publisher\" content=\"https:\/\/www.facebook.com\/Radiio-Ljubuski-1490835324566332\" \/>\n<meta property=\"article:published_time\" content=\"2022-08-03T10:42:36+00:00\" \/>\n<meta property=\"article:modified_time\" content=\"2022-08-03T10:42:37+00:00\" \/>\n<meta property=\"og:image\" content=\"https:\/\/radioljubuski.ba\/wp-content\/uploads\/2022\/06\/YW5qj9DS_pelet.jpg\" \/>\n\t<meta property=\"og:image:width\" content=\"1000\" \/>\n\t<meta property=\"og:image:height\" content=\"625\" \/>\n\t<meta property=\"og:image:type\" content=\"image\/jpeg\" \/>\n<meta name=\"author\" content=\"Radio Ljubu\u0161ki\" \/>\n<meta name=\"twitter:card\" content=\"summary_large_image\" \/>\n<meta name=\"twitter:creator\" content=\"@radioljubuski\" \/>\n<meta name=\"twitter:site\" content=\"@radioljubuski\" \/>\n<meta name=\"twitter:label1\" content=\"Napisao\/la\" \/>\n\t<meta name=\"twitter:data1\" content=\"Radio Ljubu\u0161ki\" \/>\n\t<meta name=\"twitter:label2\" content=\"Procijenjeno vrijeme \u010ditanja\" \/>\n\t<meta name=\"twitter:data2\" content=\"2 minute\" \/>\n<script type=\"application\/ld+json\" class=\"yoast-schema-graph\">{\"@context\":\"https:\\\/\\\/schema.org\",\"@graph\":[{\"@type\":\"Article\",\"@id\":\"https:\\\/\\\/radioljubuski.ba\\\/index.php\\\/2022\\\/08\\\/03\\\/hoce-li-tona-peleta-u-bih-biti-1-000-km-bh-tvrtkama-stizu-bezobrazne-ponude-iz-eu\\\/#article\",\"isPartOf\":{\"@id\":\"https:\\\/\\\/radioljubuski.ba\\\/index.php\\\/2022\\\/08\\\/03\\\/hoce-li-tona-peleta-u-bih-biti-1-000-km-bh-tvrtkama-stizu-bezobrazne-ponude-iz-eu\\\/\"},\"author\":{\"name\":\"Radio Ljubu\u0161ki\",\"@id\":\"https:\\\/\\\/radioljubuski.ba\\\/#\\\/schema\\\/person\\\/19fc700381a780f69665d7956c469e3b\"},\"headline\":\"Ho\u0107e li tona peleta u BiH biti 1.000 KM, bh. tvrtkama sti\u017eu &#8220;bezobrazne&#8221; ponude iz EU\",\"datePublished\":\"2022-08-03T10:42:36+00:00\",\"dateModified\":\"2022-08-03T10:42:37+00:00\",\"mainEntityOfPage\":{\"@id\":\"https:\\\/\\\/radioljubuski.ba\\\/index.php\\\/2022\\\/08\\\/03\\\/hoce-li-tona-peleta-u-bih-biti-1-000-km-bh-tvrtkama-stizu-bezobrazne-ponude-iz-eu\\\/\"},\"wordCount\":506,\"publisher\":{\"@id\":\"https:\\\/\\\/radioljubuski.ba\\\/#organization\"},\"image\":{\"@id\":\"https:\\\/\\\/radioljubuski.ba\\\/index.php\\\/2022\\\/08\\\/03\\\/hoce-li-tona-peleta-u-bih-biti-1-000-km-bh-tvrtkama-stizu-bezobrazne-ponude-iz-eu\\\/#primaryimage\"},\"thumbnailUrl\":\"https:\\\/\\\/radioljubuski.ba\\\/wp-content\\\/uploads\\\/2022\\\/06\\\/YW5qj9DS_pelet.jpg\",\"articleSection\":[\"BIH i regija\"],\"inLanguage\":\"hr\"},{\"@type\":\"WebPage\",\"@id\":\"https:\\\/\\\/radioljubuski.ba\\\/index.php\\\/2022\\\/08\\\/03\\\/hoce-li-tona-peleta-u-bih-biti-1-000-km-bh-tvrtkama-stizu-bezobrazne-ponude-iz-eu\\\/\",\"url\":\"https:\\\/\\\/radioljubuski.ba\\\/index.php\\\/2022\\\/08\\\/03\\\/hoce-li-tona-peleta-u-bih-biti-1-000-km-bh-tvrtkama-stizu-bezobrazne-ponude-iz-eu\\\/\",\"name\":\"Ho\u0107e li tona peleta u BiH biti 1.000 KM, bh. tvrtkama sti\u017eu \\\"bezobrazne\\\" ponude iz EU - RADIO LJUBU\u0160KI\",\"isPartOf\":{\"@id\":\"https:\\\/\\\/radioljubuski.ba\\\/#website\"},\"primaryImageOfPage\":{\"@id\":\"https:\\\/\\\/radioljubuski.ba\\\/index.php\\\/2022\\\/08\\\/03\\\/hoce-li-tona-peleta-u-bih-biti-1-000-km-bh-tvrtkama-stizu-bezobrazne-ponude-iz-eu\\\/#primaryimage\"},\"image\":{\"@id\":\"https:\\\/\\\/radioljubuski.ba\\\/index.php\\\/2022\\\/08\\\/03\\\/hoce-li-tona-peleta-u-bih-biti-1-000-km-bh-tvrtkama-stizu-bezobrazne-ponude-iz-eu\\\/#primaryimage\"},\"thumbnailUrl\":\"https:\\\/\\\/radioljubuski.ba\\\/wp-content\\\/uploads\\\/2022\\\/06\\\/YW5qj9DS_pelet.jpg\",\"datePublished\":\"2022-08-03T10:42:36+00:00\",\"dateModified\":\"2022-08-03T10:42:37+00:00\",\"breadcrumb\":{\"@id\":\"https:\\\/\\\/radioljubuski.ba\\\/index.php\\\/2022\\\/08\\\/03\\\/hoce-li-tona-peleta-u-bih-biti-1-000-km-bh-tvrtkama-stizu-bezobrazne-ponude-iz-eu\\\/#breadcrumb\"},\"inLanguage\":\"hr\",\"potentialAction\":[{\"@type\":\"ReadAction\",\"target\":[\"https:\\\/\\\/radioljubuski.ba\\\/index.php\\\/2022\\\/08\\\/03\\\/hoce-li-tona-peleta-u-bih-biti-1-000-km-bh-tvrtkama-stizu-bezobrazne-ponude-iz-eu\\\/\"]}]},{\"@type\":\"ImageObject\",\"inLanguage\":\"hr\",\"@id\":\"https:\\\/\\\/radioljubuski.ba\\\/index.php\\\/2022\\\/08\\\/03\\\/hoce-li-tona-peleta-u-bih-biti-1-000-km-bh-tvrtkama-stizu-bezobrazne-ponude-iz-eu\\\/#primaryimage\",\"url\":\"https:\\\/\\\/radioljubuski.ba\\\/wp-content\\\/uploads\\\/2022\\\/06\\\/YW5qj9DS_pelet.jpg\",\"contentUrl\":\"https:\\\/\\\/radioljubuski.ba\\\/wp-content\\\/uploads\\\/2022\\\/06\\\/YW5qj9DS_pelet.jpg\",\"width\":1000,\"height\":625},{\"@type\":\"BreadcrumbList\",\"@id\":\"https:\\\/\\\/radioljubuski.ba\\\/index.php\\\/2022\\\/08\\\/03\\\/hoce-li-tona-peleta-u-bih-biti-1-000-km-bh-tvrtkama-stizu-bezobrazne-ponude-iz-eu\\\/#breadcrumb\",\"itemListElement\":[{\"@type\":\"ListItem\",\"position\":1,\"name\":\"Po\u010detna stranica\",\"item\":\"https:\\\/\\\/radioljubuski.ba\\\/\"},{\"@type\":\"ListItem\",\"position\":2,\"name\":\"Ho\u0107e li tona peleta u BiH biti 1.000 KM, bh. tvrtkama sti\u017eu &#8220;bezobrazne&#8221; ponude iz EU\"}]},{\"@type\":\"WebSite\",\"@id\":\"https:\\\/\\\/radioljubuski.ba\\\/#website\",\"url\":\"https:\\\/\\\/radioljubuski.ba\\\/\",\"name\":\"Radio Ljubu\u0161ki\",\"description\":\"Sun\u010dana frekvencija Hercegovine\",\"publisher\":{\"@id\":\"https:\\\/\\\/radioljubuski.ba\\\/#organization\"},\"potentialAction\":[{\"@type\":\"SearchAction\",\"target\":{\"@type\":\"EntryPoint\",\"urlTemplate\":\"https:\\\/\\\/radioljubuski.ba\\\/?s={search_term_string}\"},\"query-input\":{\"@type\":\"PropertyValueSpecification\",\"valueRequired\":true,\"valueName\":\"search_term_string\"}}],\"inLanguage\":\"hr\"},{\"@type\":\"Organization\",\"@id\":\"https:\\\/\\\/radioljubuski.ba\\\/#organization\",\"name\":\"Radio Ljubu\u0161ki\",\"url\":\"https:\\\/\\\/radioljubuski.ba\\\/\",\"logo\":{\"@type\":\"ImageObject\",\"inLanguage\":\"hr\",\"@id\":\"https:\\\/\\\/radioljubuski.ba\\\/#\\\/schema\\\/logo\\\/image\\\/\",\"url\":\"https:\\\/\\\/radioljubuski.ba\\\/wp-content\\\/uploads\\\/2021\\\/02\\\/cropped-Radio_Ljubuski_logo1.jpg\",\"contentUrl\":\"https:\\\/\\\/radioljubuski.ba\\\/wp-content\\\/uploads\\\/2021\\\/02\\\/cropped-Radio_Ljubuski_logo1.jpg\",\"width\":512,\"height\":512,\"caption\":\"Radio Ljubu\u0161ki\"},\"image\":{\"@id\":\"https:\\\/\\\/radioljubuski.ba\\\/#\\\/schema\\\/logo\\\/image\\\/\"},\"sameAs\":[\"https:\\\/\\\/www.facebook.com\\\/Radiio-Ljubuski-1490835324566332\",\"https:\\\/\\\/x.com\\\/radioljubuski\",\"https:\\\/\\\/hr.linkedin.com\\\/company\\\/radio-ljubuski\",\"https:\\\/\\\/www.youtube.com\\\/channel\\\/UCHYaeO_n0Db3tjNGudGpXyw\"]},{\"@type\":\"Person\",\"@id\":\"https:\\\/\\\/radioljubuski.ba\\\/#\\\/schema\\\/person\\\/19fc700381a780f69665d7956c469e3b\",\"name\":\"Radio Ljubu\u0161ki\"}]}<\/script>\n<!-- \/ Yoast SEO plugin. -->","yoast_head_json":{"title":"Ho\u0107e li tona peleta u BiH biti 1.000 KM, bh. tvrtkama sti\u017eu \"bezobrazne\" ponude iz EU - RADIO LJUBU\u0160KI","robots":{"index":"index","follow":"follow","max-snippet":"max-snippet:-1","max-image-preview":"max-image-preview:large","max-video-preview":"max-video-preview:-1"},"canonical":"https:\/\/radioljubuski.ba\/index.php\/2022\/08\/03\/hoce-li-tona-peleta-u-bih-biti-1-000-km-bh-tvrtkama-stizu-bezobrazne-ponude-iz-eu\/","og_locale":"hr_HR","og_type":"article","og_title":"Ho\u0107e li tona peleta u BiH biti 1.000 KM, bh. tvrtkama sti\u017eu \"bezobrazne\" ponude iz EU - RADIO LJUBU\u0160KI","og_description":"Zbog globalne situacije koju je uzrokovao rat u Ukrajini, cijene energenata drasti\u010dno su porasle u cijeloj Europi. Kakva \u0107e biti situacija najesen i tokom zime jo\u0161 je neizvjesno. Nije lako ni onima koji za grijanje umjesto plina ili struje koriste pelet, odnosno drvo, jer su i njihove cijene sko\u010dile i mo\u017eda do\u0111e do novih poskupljenja. [&hellip;]","og_url":"https:\/\/radioljubuski.ba\/index.php\/2022\/08\/03\/hoce-li-tona-peleta-u-bih-biti-1-000-km-bh-tvrtkama-stizu-bezobrazne-ponude-iz-eu\/","og_site_name":"RADIO LJUBU\u0160KI","article_publisher":"https:\/\/www.facebook.com\/Radiio-Ljubuski-1490835324566332","article_published_time":"2022-08-03T10:42:36+00:00","article_modified_time":"2022-08-03T10:42:37+00:00","og_image":[{"width":1000,"height":625,"url":"https:\/\/radioljubuski.ba\/wp-content\/uploads\/2022\/06\/YW5qj9DS_pelet.jpg","type":"image\/jpeg"}],"author":"Radio Ljubu\u0161ki","twitter_card":"summary_large_image","twitter_creator":"@radioljubuski","twitter_site":"@radioljubuski","twitter_misc":{"Napisao\/la":"Radio Ljubu\u0161ki","Procijenjeno vrijeme \u010ditanja":"2 minute"},"schema":{"@context":"https:\/\/schema.org","@graph":[{"@type":"Article","@id":"https:\/\/radioljubuski.ba\/index.php\/2022\/08\/03\/hoce-li-tona-peleta-u-bih-biti-1-000-km-bh-tvrtkama-stizu-bezobrazne-ponude-iz-eu\/#article","isPartOf":{"@id":"https:\/\/radioljubuski.ba\/index.php\/2022\/08\/03\/hoce-li-tona-peleta-u-bih-biti-1-000-km-bh-tvrtkama-stizu-bezobrazne-ponude-iz-eu\/"},"author":{"name":"Radio Ljubu\u0161ki","@id":"https:\/\/radioljubuski.ba\/#\/schema\/person\/19fc700381a780f69665d7956c469e3b"},"headline":"Ho\u0107e li tona peleta u BiH biti 1.000 KM, bh. tvrtkama sti\u017eu &#8220;bezobrazne&#8221; ponude iz EU","datePublished":"2022-08-03T10:42:36+00:00","dateModified":"2022-08-03T10:42:37+00:00","mainEntityOfPage":{"@id":"https:\/\/radioljubuski.ba\/index.php\/2022\/08\/03\/hoce-li-tona-peleta-u-bih-biti-1-000-km-bh-tvrtkama-stizu-bezobrazne-ponude-iz-eu\/"},"wordCount":506,"publisher":{"@id":"https:\/\/radioljubuski.ba\/#organization"},"image":{"@id":"https:\/\/radioljubuski.ba\/index.php\/2022\/08\/03\/hoce-li-tona-peleta-u-bih-biti-1-000-km-bh-tvrtkama-stizu-bezobrazne-ponude-iz-eu\/#primaryimage"},"thumbnailUrl":"https:\/\/radioljubuski.ba\/wp-content\/uploads\/2022\/06\/YW5qj9DS_pelet.jpg","articleSection":["BIH i regija"],"inLanguage":"hr"},{"@type":"WebPage","@id":"https:\/\/radioljubuski.ba\/index.php\/2022\/08\/03\/hoce-li-tona-peleta-u-bih-biti-1-000-km-bh-tvrtkama-stizu-bezobrazne-ponude-iz-eu\/","url":"https:\/\/radioljubuski.ba\/index.php\/2022\/08\/03\/hoce-li-tona-peleta-u-bih-biti-1-000-km-bh-tvrtkama-stizu-bezobrazne-ponude-iz-eu\/","name":"Ho\u0107e li tona peleta u BiH biti 1.000 KM, bh. tvrtkama sti\u017eu \"bezobrazne\" ponude iz EU - RADIO LJUBU\u0160KI","isPartOf":{"@id":"https:\/\/radioljubuski.ba\/#website"},"primaryImageOfPage":{"@id":"https:\/\/radioljubuski.ba\/index.php\/2022\/08\/03\/hoce-li-tona-peleta-u-bih-biti-1-000-km-bh-tvrtkama-stizu-bezobrazne-ponude-iz-eu\/#primaryimage"},"image":{"@id":"https:\/\/radioljubuski.ba\/index.php\/2022\/08\/03\/hoce-li-tona-peleta-u-bih-biti-1-000-km-bh-tvrtkama-stizu-bezobrazne-ponude-iz-eu\/#primaryimage"},"thumbnailUrl":"https:\/\/radioljubuski.ba\/wp-content\/uploads\/2022\/06\/YW5qj9DS_pelet.jpg","datePublished":"2022-08-03T10:42:36+00:00","dateModified":"2022-08-03T10:42:37+00:00","breadcrumb":{"@id":"https:\/\/radioljubuski.ba\/index.php\/2022\/08\/03\/hoce-li-tona-peleta-u-bih-biti-1-000-km-bh-tvrtkama-stizu-bezobrazne-ponude-iz-eu\/#breadcrumb"},"inLanguage":"hr","potentialAction":[{"@type":"ReadAction","target":["https:\/\/radioljubuski.ba\/index.php\/2022\/08\/03\/hoce-li-tona-peleta-u-bih-biti-1-000-km-bh-tvrtkama-stizu-bezobrazne-ponude-iz-eu\/"]}]},{"@type":"ImageObject","inLanguage":"hr","@id":"https:\/\/radioljubuski.ba\/index.php\/2022\/08\/03\/hoce-li-tona-peleta-u-bih-biti-1-000-km-bh-tvrtkama-stizu-bezobrazne-ponude-iz-eu\/#primaryimage","url":"https:\/\/radioljubuski.ba\/wp-content\/uploads\/2022\/06\/YW5qj9DS_pelet.jpg","contentUrl":"https:\/\/radioljubuski.ba\/wp-content\/uploads\/2022\/06\/YW5qj9DS_pelet.jpg","width":1000,"height":625},{"@type":"BreadcrumbList","@id":"https:\/\/radioljubuski.ba\/index.php\/2022\/08\/03\/hoce-li-tona-peleta-u-bih-biti-1-000-km-bh-tvrtkama-stizu-bezobrazne-ponude-iz-eu\/#breadcrumb","itemListElement":[{"@type":"ListItem","position":1,"name":"Po\u010detna stranica","item":"https:\/\/radioljubuski.ba\/"},{"@type":"ListItem","position":2,"name":"Ho\u0107e li tona peleta u BiH biti 1.000 KM, bh. tvrtkama sti\u017eu &#8220;bezobrazne&#8221; ponude iz EU"}]},{"@type":"WebSite","@id":"https:\/\/radioljubuski.ba\/#website","url":"https:\/\/radioljubuski.ba\/","name":"Radio Ljubu\u0161ki","description":"Sun\u010dana frekvencija Hercegovine","publisher":{"@id":"https:\/\/radioljubuski.ba\/#organization"},"potentialAction":[{"@type":"SearchAction","target":{"@type":"EntryPoint","urlTemplate":"https:\/\/radioljubuski.ba\/?s={search_term_string}"},"query-input":{"@type":"PropertyValueSpecification","valueRequired":true,"valueName":"search_term_string"}}],"inLanguage":"hr"},{"@type":"Organization","@id":"https:\/\/radioljubuski.ba\/#organization","name":"Radio Ljubu\u0161ki","url":"https:\/\/radioljubuski.ba\/","logo":{"@type":"ImageObject","inLanguage":"hr","@id":"https:\/\/radioljubuski.ba\/#\/schema\/logo\/image\/","url":"https:\/\/radioljubuski.ba\/wp-content\/uploads\/2021\/02\/cropped-Radio_Ljubuski_logo1.jpg","contentUrl":"https:\/\/radioljubuski.ba\/wp-content\/uploads\/2021\/02\/cropped-Radio_Ljubuski_logo1.jpg","width":512,"height":512,"caption":"Radio Ljubu\u0161ki"},"image":{"@id":"https:\/\/radioljubuski.ba\/#\/schema\/logo\/image\/"},"sameAs":["https:\/\/www.facebook.com\/Radiio-Ljubuski-1490835324566332","https:\/\/x.com\/radioljubuski","https:\/\/hr.linkedin.com\/company\/radio-ljubuski","https:\/\/www.youtube.com\/channel\/UCHYaeO_n0Db3tjNGudGpXyw"]},{"@type":"Person","@id":"https:\/\/radioljubuski.ba\/#\/schema\/person\/19fc700381a780f69665d7956c469e3b","name":"Radio Ljubu\u0161ki"}]}},"_links":{"self":[{"href":"https:\/\/radioljubuski.ba\/index.php\/wp-json\/wp\/v2\/posts\/166172","targetHints":{"allow":["GET"]}}],"collection":[{"href":"https:\/\/radioljubuski.ba\/index.php\/wp-json\/wp\/v2\/posts"}],"about":[{"href":"https:\/\/radioljubuski.ba\/index.php\/wp-json\/wp\/v2\/types\/post"}],"author":[{"embeddable":true,"href":"https:\/\/radioljubuski.ba\/index.php\/wp-json\/wp\/v2\/users\/2"}],"replies":[{"embeddable":true,"href":"https:\/\/radioljubuski.ba\/index.php\/wp-json\/wp\/v2\/comments?post=166172"}],"version-history":[{"count":1,"href":"https:\/\/radioljubuski.ba\/index.php\/wp-json\/wp\/v2\/posts\/166172\/revisions"}],"predecessor-version":[{"id":166173,"href":"https:\/\/radioljubuski.ba\/index.php\/wp-json\/wp\/v2\/posts\/166172\/revisions\/166173"}],"wp:featuredmedia":[{"embeddable":true,"href":"https:\/\/radioljubuski.ba\/index.php\/wp-json\/wp\/v2\/media\/148549"}],"wp:attachment":[{"href":"https:\/\/radioljubuski.ba\/index.php\/wp-json\/wp\/v2\/media?parent=166172"}],"wp:term":[{"taxonomy":"category","embeddable":true,"href":"https:\/\/radioljubuski.ba\/index.php\/wp-json\/wp\/v2\/categories?post=166172"},{"taxonomy":"post_tag","embeddable":true,"href":"https:\/\/radioljubuski.ba\/index.php\/wp-json\/wp\/v2\/tags?post=166172"}],"curies":[{"name":"wp","href":"https:\/\/api.w.org\/{rel}","templated":true}]}}