{"id":166183,"date":"2022-08-03T11:48:42","date_gmt":"2022-08-03T10:48:42","guid":{"rendered":"https:\/\/radioljubuski.ba\/?p=166183"},"modified":"2022-08-03T11:48:42","modified_gmt":"2022-08-03T10:48:42","slug":"bruce-lee-ili-sylvester-stallone-ovo-je-novi-spomenik-posvecen-maradoni","status":"publish","type":"post","link":"https:\/\/radioljubuski.ba\/index.php\/2022\/08\/03\/bruce-lee-ili-sylvester-stallone-ovo-je-novi-spomenik-posvecen-maradoni\/","title":{"rendered":"Bruce Lee ili Sylvester Stallone? Ovo je novi spomenik posve\u0107en Maradoni"},"content":{"rendered":"\n<p>Diego Maradona jedan je od najve\u0107ih nogometa\u0161a u povijesti. Kao takvom posve\u0107eno mu je mnogo spomenika, a posljednji je postavljen u Valenciji. Predstavljen je uo\u010di finala COTIF-a, turnira za igra\u010de do 20 godina, u kojem je mlada argentinska reprezentacija s 2:0 pobijedila mom\u010dad Valencijine akademije, pi\u0161e Index.<\/p>\n\n\n\n<p>Autor skulpture je \u0161panjolski umjetnik Rafael Ferri, a otkrio ju je predsjednik Argentinskog nogometnog saveza Claudio Tapia. S obzirom na upitnu sli\u010dnost stvarnog Maradone i onog predstavljenog skulpturom, dru\u0161tvenim mre\u017eama \u0161ire se zabavni komentari.<\/p>\n\n\n\n<blockquote class=\"twitter-tweet\"><p lang=\"es\" dir=\"ltr\">\ud835\uddd8\ud835\uddf9 \ud835\uddf1\ud835\uddf6\u0301\ud835\uddee \ud835\uddf1\ud835\uddf2 \ud835\udde0\ud835\uddee\ud835\uddff\ud835\uddee\ud835\uddf1\ud835\uddfc\ud835\uddfb\ud835\uddee \u2194\ufe0f \ud835\udde8\ud835\uddfb \ud835\uddf1\ud835\uddf6\u0301\ud835\uddee \ud835\uddf1\ud835\uddf2 \ud835\uddf5\ud835\uddfc\ud835\uddfa\ud835\uddf2\ud835\uddfb\ud835\uddee\ud835\uddf7\ud835\uddf2 \ud835\uddee\ud835\uddf9 \ud835\uddf3\ud835\ude02\u0301\ud835\ude01\ud835\uddef\ud835\uddfc\ud835\uddf9<br><br>\ud83c\udfa5 Revive los mejores momentos del acto que se celebr\u00f3 ayer en tributo al legado de Diego Armando Maradona, en el que estuvo presente Claudio Tapia, presidente de la <a href=\"https:\/\/twitter.com\/afa?ref_src=twsrc%5Etfw\">@afa<\/a> \ud83c\udde6\ud83c\uddf7 <a href=\"https:\/\/t.co\/YXZywYUF7Q\">pic.twitter.com\/YXZywYUF7Q<\/a><\/p>&mdash; COTIF (@Cotif) <a href=\"https:\/\/twitter.com\/Cotif\/status\/1554385422037520387?ref_src=twsrc%5Etfw\">August 2, 2022<\/a><\/blockquote> <script async src=\"https:\/\/platform.twitter.com\/widgets.js\" charset=\"utf-8\"><\/script> \n\n\n\n<p>Ljudi tako navode kako skulptura vi\u0161e podsje\u0107a na Sylvestera Stallonea ili Brucea Leeja pa i neuspje\u0161nom restauracijom portreta Isusa 80-godi\u0161njeg \u0161panjolskog umjetnika iz 2012. godine.<\/p>\n\n\n\n<blockquote class=\"twitter-tweet\"><p lang=\"es\" dir=\"ltr\"><a href=\"https:\/\/twitter.com\/hashtag\/TorneoCOTIFLaAlcudia?src=hash&amp;ref_src=twsrc%5Etfw\">#TorneoCOTIFLaAlcudia<\/a> Homenaje a Maradona.<br><br>Esta tarde, en La Alcudia, COTIF le rindi\u00f3 homenaje al \u00eddolo argentino y del mundo, Diego Armando Maradona, con la presentaci\u00f3n de una obra del artista local Rafa Ferri, que ahora ser\u00e1 la que dar\u00e1 bienvenida a cada torneo del COTIF. <a href=\"https:\/\/t.co\/WVxo6cxM93\">pic.twitter.com\/WVxo6cxM93<\/a><\/p>&mdash; Selecci\u00f3n Argentina \ud83c\udde6\ud83c\uddf7 (@Argentina) <a href=\"https:\/\/twitter.com\/Argentina\/status\/1554196087837188097?ref_src=twsrc%5Etfw\">August 1, 2022<\/a><\/blockquote> <script async src=\"https:\/\/platform.twitter.com\/widgets.js\" charset=\"utf-8\"><\/script> \n\n\n\n<p>Izvor:index.hr<\/p>\n","protected":false},"excerpt":{"rendered":"<p>Diego Maradona jedan je od najve\u0107ih nogometa\u0161a u povijesti. Kao takvom posve\u0107eno mu je mnogo spomenika, a posljednji je postavljen u Valenciji. Predstavljen je uo\u010di finala COTIF-a, turnira za igra\u010de do 20 godina, u kojem je mlada argentinska reprezentacija s 2:0 pobijedila mom\u010dad Valencijine akademije, pi\u0161e Index. Autor skulpture je \u0161panjolski umjetnik Rafael Ferri, a [&hellip;]<\/p>\n","protected":false},"author":2,"featured_media":166184,"comment_status":"closed","ping_status":"closed","sticky":false,"template":"","format":"standard","meta":{"h5ap_radio_sources":[],"footnotes":""},"categories":[1],"tags":[],"class_list":["post-166183","post","type-post","status-publish","format-standard","has-post-thumbnail","hentry","category-bihiregija"],"yoast_head":"<!-- This site is optimized with the Yoast SEO plugin v27.4 - https:\/\/yoast.com\/product\/yoast-seo-wordpress\/ -->\n<title>Bruce Lee ili Sylvester Stallone? Ovo je novi spomenik posve\u0107en Maradoni - RADIO LJUBU\u0160KI<\/title>\n<meta name=\"robots\" content=\"index, follow, max-snippet:-1, max-image-preview:large, max-video-preview:-1\" \/>\n<link rel=\"canonical\" href=\"https:\/\/radioljubuski.ba\/index.php\/2022\/08\/03\/bruce-lee-ili-sylvester-stallone-ovo-je-novi-spomenik-posvecen-maradoni\/\" \/>\n<meta property=\"og:locale\" content=\"hr_HR\" \/>\n<meta property=\"og:type\" content=\"article\" \/>\n<meta property=\"og:title\" content=\"Bruce Lee ili Sylvester Stallone? Ovo je novi spomenik posve\u0107en Maradoni - RADIO LJUBU\u0160KI\" \/>\n<meta property=\"og:description\" content=\"Diego Maradona jedan je od najve\u0107ih nogometa\u0161a u povijesti. Kao takvom posve\u0107eno mu je mnogo spomenika, a posljednji je postavljen u Valenciji. Predstavljen je uo\u010di finala COTIF-a, turnira za igra\u010de do 20 godina, u kojem je mlada argentinska reprezentacija s 2:0 pobijedila mom\u010dad Valencijine akademije, pi\u0161e Index. Autor skulpture je \u0161panjolski umjetnik Rafael Ferri, a [&hellip;]\" \/>\n<meta property=\"og:url\" content=\"https:\/\/radioljubuski.ba\/index.php\/2022\/08\/03\/bruce-lee-ili-sylvester-stallone-ovo-je-novi-spomenik-posvecen-maradoni\/\" \/>\n<meta property=\"og:site_name\" content=\"RADIO LJUBU\u0160KI\" \/>\n<meta property=\"article:publisher\" content=\"https:\/\/www.facebook.com\/Radiio-Ljubuski-1490835324566332\" \/>\n<meta property=\"article:published_time\" content=\"2022-08-03T10:48:42+00:00\" \/>\n<meta property=\"og:image\" content=\"https:\/\/radioljubuski.ba\/wp-content\/uploads\/2022\/08\/8-2022-08-03-08-30-45-maradona-spomenik.jpg\" \/>\n\t<meta property=\"og:image:width\" content=\"1000\" \/>\n\t<meta property=\"og:image:height\" content=\"625\" \/>\n\t<meta property=\"og:image:type\" content=\"image\/jpeg\" \/>\n<meta name=\"author\" content=\"Radio Ljubu\u0161ki\" \/>\n<meta name=\"twitter:card\" content=\"summary_large_image\" \/>\n<meta name=\"twitter:creator\" content=\"@radioljubuski\" \/>\n<meta name=\"twitter:site\" content=\"@radioljubuski\" \/>\n<meta name=\"twitter:label1\" content=\"Napisao\/la\" \/>\n\t<meta name=\"twitter:data1\" content=\"Radio Ljubu\u0161ki\" \/>\n\t<meta name=\"twitter:label2\" content=\"Procijenjeno vrijeme \u010ditanja\" \/>\n\t<meta name=\"twitter:data2\" content=\"1 minuta\" \/>\n<script type=\"application\/ld+json\" class=\"yoast-schema-graph\">{\"@context\":\"https:\\\/\\\/schema.org\",\"@graph\":[{\"@type\":\"Article\",\"@id\":\"https:\\\/\\\/radioljubuski.ba\\\/index.php\\\/2022\\\/08\\\/03\\\/bruce-lee-ili-sylvester-stallone-ovo-je-novi-spomenik-posvecen-maradoni\\\/#article\",\"isPartOf\":{\"@id\":\"https:\\\/\\\/radioljubuski.ba\\\/index.php\\\/2022\\\/08\\\/03\\\/bruce-lee-ili-sylvester-stallone-ovo-je-novi-spomenik-posvecen-maradoni\\\/\"},\"author\":{\"name\":\"Radio Ljubu\u0161ki\",\"@id\":\"https:\\\/\\\/radioljubuski.ba\\\/#\\\/schema\\\/person\\\/19fc700381a780f69665d7956c469e3b\"},\"headline\":\"Bruce Lee ili Sylvester Stallone? Ovo je novi spomenik posve\u0107en Maradoni\",\"datePublished\":\"2022-08-03T10:48:42+00:00\",\"mainEntityOfPage\":{\"@id\":\"https:\\\/\\\/radioljubuski.ba\\\/index.php\\\/2022\\\/08\\\/03\\\/bruce-lee-ili-sylvester-stallone-ovo-je-novi-spomenik-posvecen-maradoni\\\/\"},\"wordCount\":227,\"publisher\":{\"@id\":\"https:\\\/\\\/radioljubuski.ba\\\/#organization\"},\"image\":{\"@id\":\"https:\\\/\\\/radioljubuski.ba\\\/index.php\\\/2022\\\/08\\\/03\\\/bruce-lee-ili-sylvester-stallone-ovo-je-novi-spomenik-posvecen-maradoni\\\/#primaryimage\"},\"thumbnailUrl\":\"https:\\\/\\\/radioljubuski.ba\\\/wp-content\\\/uploads\\\/2022\\\/08\\\/8-2022-08-03-08-30-45-maradona-spomenik.jpg\",\"articleSection\":[\"BIH i regija\"],\"inLanguage\":\"hr\"},{\"@type\":\"WebPage\",\"@id\":\"https:\\\/\\\/radioljubuski.ba\\\/index.php\\\/2022\\\/08\\\/03\\\/bruce-lee-ili-sylvester-stallone-ovo-je-novi-spomenik-posvecen-maradoni\\\/\",\"url\":\"https:\\\/\\\/radioljubuski.ba\\\/index.php\\\/2022\\\/08\\\/03\\\/bruce-lee-ili-sylvester-stallone-ovo-je-novi-spomenik-posvecen-maradoni\\\/\",\"name\":\"Bruce Lee ili Sylvester Stallone? Ovo je novi spomenik posve\u0107en Maradoni - RADIO LJUBU\u0160KI\",\"isPartOf\":{\"@id\":\"https:\\\/\\\/radioljubuski.ba\\\/#website\"},\"primaryImageOfPage\":{\"@id\":\"https:\\\/\\\/radioljubuski.ba\\\/index.php\\\/2022\\\/08\\\/03\\\/bruce-lee-ili-sylvester-stallone-ovo-je-novi-spomenik-posvecen-maradoni\\\/#primaryimage\"},\"image\":{\"@id\":\"https:\\\/\\\/radioljubuski.ba\\\/index.php\\\/2022\\\/08\\\/03\\\/bruce-lee-ili-sylvester-stallone-ovo-je-novi-spomenik-posvecen-maradoni\\\/#primaryimage\"},\"thumbnailUrl\":\"https:\\\/\\\/radioljubuski.ba\\\/wp-content\\\/uploads\\\/2022\\\/08\\\/8-2022-08-03-08-30-45-maradona-spomenik.jpg\",\"datePublished\":\"2022-08-03T10:48:42+00:00\",\"breadcrumb\":{\"@id\":\"https:\\\/\\\/radioljubuski.ba\\\/index.php\\\/2022\\\/08\\\/03\\\/bruce-lee-ili-sylvester-stallone-ovo-je-novi-spomenik-posvecen-maradoni\\\/#breadcrumb\"},\"inLanguage\":\"hr\",\"potentialAction\":[{\"@type\":\"ReadAction\",\"target\":[\"https:\\\/\\\/radioljubuski.ba\\\/index.php\\\/2022\\\/08\\\/03\\\/bruce-lee-ili-sylvester-stallone-ovo-je-novi-spomenik-posvecen-maradoni\\\/\"]}]},{\"@type\":\"ImageObject\",\"inLanguage\":\"hr\",\"@id\":\"https:\\\/\\\/radioljubuski.ba\\\/index.php\\\/2022\\\/08\\\/03\\\/bruce-lee-ili-sylvester-stallone-ovo-je-novi-spomenik-posvecen-maradoni\\\/#primaryimage\",\"url\":\"https:\\\/\\\/radioljubuski.ba\\\/wp-content\\\/uploads\\\/2022\\\/08\\\/8-2022-08-03-08-30-45-maradona-spomenik.jpg\",\"contentUrl\":\"https:\\\/\\\/radioljubuski.ba\\\/wp-content\\\/uploads\\\/2022\\\/08\\\/8-2022-08-03-08-30-45-maradona-spomenik.jpg\",\"width\":1000,\"height\":625},{\"@type\":\"BreadcrumbList\",\"@id\":\"https:\\\/\\\/radioljubuski.ba\\\/index.php\\\/2022\\\/08\\\/03\\\/bruce-lee-ili-sylvester-stallone-ovo-je-novi-spomenik-posvecen-maradoni\\\/#breadcrumb\",\"itemListElement\":[{\"@type\":\"ListItem\",\"position\":1,\"name\":\"Po\u010detna stranica\",\"item\":\"https:\\\/\\\/radioljubuski.ba\\\/\"},{\"@type\":\"ListItem\",\"position\":2,\"name\":\"Bruce Lee ili Sylvester Stallone? Ovo je novi spomenik posve\u0107en Maradoni\"}]},{\"@type\":\"WebSite\",\"@id\":\"https:\\\/\\\/radioljubuski.ba\\\/#website\",\"url\":\"https:\\\/\\\/radioljubuski.ba\\\/\",\"name\":\"Radio Ljubu\u0161ki\",\"description\":\"Sun\u010dana frekvencija Hercegovine\",\"publisher\":{\"@id\":\"https:\\\/\\\/radioljubuski.ba\\\/#organization\"},\"potentialAction\":[{\"@type\":\"SearchAction\",\"target\":{\"@type\":\"EntryPoint\",\"urlTemplate\":\"https:\\\/\\\/radioljubuski.ba\\\/?s={search_term_string}\"},\"query-input\":{\"@type\":\"PropertyValueSpecification\",\"valueRequired\":true,\"valueName\":\"search_term_string\"}}],\"inLanguage\":\"hr\"},{\"@type\":\"Organization\",\"@id\":\"https:\\\/\\\/radioljubuski.ba\\\/#organization\",\"name\":\"Radio Ljubu\u0161ki\",\"url\":\"https:\\\/\\\/radioljubuski.ba\\\/\",\"logo\":{\"@type\":\"ImageObject\",\"inLanguage\":\"hr\",\"@id\":\"https:\\\/\\\/radioljubuski.ba\\\/#\\\/schema\\\/logo\\\/image\\\/\",\"url\":\"https:\\\/\\\/radioljubuski.ba\\\/wp-content\\\/uploads\\\/2021\\\/02\\\/cropped-Radio_Ljubuski_logo1.jpg\",\"contentUrl\":\"https:\\\/\\\/radioljubuski.ba\\\/wp-content\\\/uploads\\\/2021\\\/02\\\/cropped-Radio_Ljubuski_logo1.jpg\",\"width\":512,\"height\":512,\"caption\":\"Radio Ljubu\u0161ki\"},\"image\":{\"@id\":\"https:\\\/\\\/radioljubuski.ba\\\/#\\\/schema\\\/logo\\\/image\\\/\"},\"sameAs\":[\"https:\\\/\\\/www.facebook.com\\\/Radiio-Ljubuski-1490835324566332\",\"https:\\\/\\\/x.com\\\/radioljubuski\",\"https:\\\/\\\/hr.linkedin.com\\\/company\\\/radio-ljubuski\",\"https:\\\/\\\/www.youtube.com\\\/channel\\\/UCHYaeO_n0Db3tjNGudGpXyw\"]},{\"@type\":\"Person\",\"@id\":\"https:\\\/\\\/radioljubuski.ba\\\/#\\\/schema\\\/person\\\/19fc700381a780f69665d7956c469e3b\",\"name\":\"Radio Ljubu\u0161ki\"}]}<\/script>\n<!-- \/ Yoast SEO plugin. -->","yoast_head_json":{"title":"Bruce Lee ili Sylvester Stallone? Ovo je novi spomenik posve\u0107en Maradoni - RADIO LJUBU\u0160KI","robots":{"index":"index","follow":"follow","max-snippet":"max-snippet:-1","max-image-preview":"max-image-preview:large","max-video-preview":"max-video-preview:-1"},"canonical":"https:\/\/radioljubuski.ba\/index.php\/2022\/08\/03\/bruce-lee-ili-sylvester-stallone-ovo-je-novi-spomenik-posvecen-maradoni\/","og_locale":"hr_HR","og_type":"article","og_title":"Bruce Lee ili Sylvester Stallone? Ovo je novi spomenik posve\u0107en Maradoni - RADIO LJUBU\u0160KI","og_description":"Diego Maradona jedan je od najve\u0107ih nogometa\u0161a u povijesti. Kao takvom posve\u0107eno mu je mnogo spomenika, a posljednji je postavljen u Valenciji. Predstavljen je uo\u010di finala COTIF-a, turnira za igra\u010de do 20 godina, u kojem je mlada argentinska reprezentacija s 2:0 pobijedila mom\u010dad Valencijine akademije, pi\u0161e Index. Autor skulpture je \u0161panjolski umjetnik Rafael Ferri, a [&hellip;]","og_url":"https:\/\/radioljubuski.ba\/index.php\/2022\/08\/03\/bruce-lee-ili-sylvester-stallone-ovo-je-novi-spomenik-posvecen-maradoni\/","og_site_name":"RADIO LJUBU\u0160KI","article_publisher":"https:\/\/www.facebook.com\/Radiio-Ljubuski-1490835324566332","article_published_time":"2022-08-03T10:48:42+00:00","og_image":[{"width":1000,"height":625,"url":"https:\/\/radioljubuski.ba\/wp-content\/uploads\/2022\/08\/8-2022-08-03-08-30-45-maradona-spomenik.jpg","type":"image\/jpeg"}],"author":"Radio Ljubu\u0161ki","twitter_card":"summary_large_image","twitter_creator":"@radioljubuski","twitter_site":"@radioljubuski","twitter_misc":{"Napisao\/la":"Radio Ljubu\u0161ki","Procijenjeno vrijeme \u010ditanja":"1 minuta"},"schema":{"@context":"https:\/\/schema.org","@graph":[{"@type":"Article","@id":"https:\/\/radioljubuski.ba\/index.php\/2022\/08\/03\/bruce-lee-ili-sylvester-stallone-ovo-je-novi-spomenik-posvecen-maradoni\/#article","isPartOf":{"@id":"https:\/\/radioljubuski.ba\/index.php\/2022\/08\/03\/bruce-lee-ili-sylvester-stallone-ovo-je-novi-spomenik-posvecen-maradoni\/"},"author":{"name":"Radio Ljubu\u0161ki","@id":"https:\/\/radioljubuski.ba\/#\/schema\/person\/19fc700381a780f69665d7956c469e3b"},"headline":"Bruce Lee ili Sylvester Stallone? Ovo je novi spomenik posve\u0107en Maradoni","datePublished":"2022-08-03T10:48:42+00:00","mainEntityOfPage":{"@id":"https:\/\/radioljubuski.ba\/index.php\/2022\/08\/03\/bruce-lee-ili-sylvester-stallone-ovo-je-novi-spomenik-posvecen-maradoni\/"},"wordCount":227,"publisher":{"@id":"https:\/\/radioljubuski.ba\/#organization"},"image":{"@id":"https:\/\/radioljubuski.ba\/index.php\/2022\/08\/03\/bruce-lee-ili-sylvester-stallone-ovo-je-novi-spomenik-posvecen-maradoni\/#primaryimage"},"thumbnailUrl":"https:\/\/radioljubuski.ba\/wp-content\/uploads\/2022\/08\/8-2022-08-03-08-30-45-maradona-spomenik.jpg","articleSection":["BIH i regija"],"inLanguage":"hr"},{"@type":"WebPage","@id":"https:\/\/radioljubuski.ba\/index.php\/2022\/08\/03\/bruce-lee-ili-sylvester-stallone-ovo-je-novi-spomenik-posvecen-maradoni\/","url":"https:\/\/radioljubuski.ba\/index.php\/2022\/08\/03\/bruce-lee-ili-sylvester-stallone-ovo-je-novi-spomenik-posvecen-maradoni\/","name":"Bruce Lee ili Sylvester Stallone? Ovo je novi spomenik posve\u0107en Maradoni - RADIO LJUBU\u0160KI","isPartOf":{"@id":"https:\/\/radioljubuski.ba\/#website"},"primaryImageOfPage":{"@id":"https:\/\/radioljubuski.ba\/index.php\/2022\/08\/03\/bruce-lee-ili-sylvester-stallone-ovo-je-novi-spomenik-posvecen-maradoni\/#primaryimage"},"image":{"@id":"https:\/\/radioljubuski.ba\/index.php\/2022\/08\/03\/bruce-lee-ili-sylvester-stallone-ovo-je-novi-spomenik-posvecen-maradoni\/#primaryimage"},"thumbnailUrl":"https:\/\/radioljubuski.ba\/wp-content\/uploads\/2022\/08\/8-2022-08-03-08-30-45-maradona-spomenik.jpg","datePublished":"2022-08-03T10:48:42+00:00","breadcrumb":{"@id":"https:\/\/radioljubuski.ba\/index.php\/2022\/08\/03\/bruce-lee-ili-sylvester-stallone-ovo-je-novi-spomenik-posvecen-maradoni\/#breadcrumb"},"inLanguage":"hr","potentialAction":[{"@type":"ReadAction","target":["https:\/\/radioljubuski.ba\/index.php\/2022\/08\/03\/bruce-lee-ili-sylvester-stallone-ovo-je-novi-spomenik-posvecen-maradoni\/"]}]},{"@type":"ImageObject","inLanguage":"hr","@id":"https:\/\/radioljubuski.ba\/index.php\/2022\/08\/03\/bruce-lee-ili-sylvester-stallone-ovo-je-novi-spomenik-posvecen-maradoni\/#primaryimage","url":"https:\/\/radioljubuski.ba\/wp-content\/uploads\/2022\/08\/8-2022-08-03-08-30-45-maradona-spomenik.jpg","contentUrl":"https:\/\/radioljubuski.ba\/wp-content\/uploads\/2022\/08\/8-2022-08-03-08-30-45-maradona-spomenik.jpg","width":1000,"height":625},{"@type":"BreadcrumbList","@id":"https:\/\/radioljubuski.ba\/index.php\/2022\/08\/03\/bruce-lee-ili-sylvester-stallone-ovo-je-novi-spomenik-posvecen-maradoni\/#breadcrumb","itemListElement":[{"@type":"ListItem","position":1,"name":"Po\u010detna stranica","item":"https:\/\/radioljubuski.ba\/"},{"@type":"ListItem","position":2,"name":"Bruce Lee ili Sylvester Stallone? Ovo je novi spomenik posve\u0107en Maradoni"}]},{"@type":"WebSite","@id":"https:\/\/radioljubuski.ba\/#website","url":"https:\/\/radioljubuski.ba\/","name":"Radio Ljubu\u0161ki","description":"Sun\u010dana frekvencija Hercegovine","publisher":{"@id":"https:\/\/radioljubuski.ba\/#organization"},"potentialAction":[{"@type":"SearchAction","target":{"@type":"EntryPoint","urlTemplate":"https:\/\/radioljubuski.ba\/?s={search_term_string}"},"query-input":{"@type":"PropertyValueSpecification","valueRequired":true,"valueName":"search_term_string"}}],"inLanguage":"hr"},{"@type":"Organization","@id":"https:\/\/radioljubuski.ba\/#organization","name":"Radio Ljubu\u0161ki","url":"https:\/\/radioljubuski.ba\/","logo":{"@type":"ImageObject","inLanguage":"hr","@id":"https:\/\/radioljubuski.ba\/#\/schema\/logo\/image\/","url":"https:\/\/radioljubuski.ba\/wp-content\/uploads\/2021\/02\/cropped-Radio_Ljubuski_logo1.jpg","contentUrl":"https:\/\/radioljubuski.ba\/wp-content\/uploads\/2021\/02\/cropped-Radio_Ljubuski_logo1.jpg","width":512,"height":512,"caption":"Radio Ljubu\u0161ki"},"image":{"@id":"https:\/\/radioljubuski.ba\/#\/schema\/logo\/image\/"},"sameAs":["https:\/\/www.facebook.com\/Radiio-Ljubuski-1490835324566332","https:\/\/x.com\/radioljubuski","https:\/\/hr.linkedin.com\/company\/radio-ljubuski","https:\/\/www.youtube.com\/channel\/UCHYaeO_n0Db3tjNGudGpXyw"]},{"@type":"Person","@id":"https:\/\/radioljubuski.ba\/#\/schema\/person\/19fc700381a780f69665d7956c469e3b","name":"Radio Ljubu\u0161ki"}]}},"_links":{"self":[{"href":"https:\/\/radioljubuski.ba\/index.php\/wp-json\/wp\/v2\/posts\/166183","targetHints":{"allow":["GET"]}}],"collection":[{"href":"https:\/\/radioljubuski.ba\/index.php\/wp-json\/wp\/v2\/posts"}],"about":[{"href":"https:\/\/radioljubuski.ba\/index.php\/wp-json\/wp\/v2\/types\/post"}],"author":[{"embeddable":true,"href":"https:\/\/radioljubuski.ba\/index.php\/wp-json\/wp\/v2\/users\/2"}],"replies":[{"embeddable":true,"href":"https:\/\/radioljubuski.ba\/index.php\/wp-json\/wp\/v2\/comments?post=166183"}],"version-history":[{"count":1,"href":"https:\/\/radioljubuski.ba\/index.php\/wp-json\/wp\/v2\/posts\/166183\/revisions"}],"predecessor-version":[{"id":166185,"href":"https:\/\/radioljubuski.ba\/index.php\/wp-json\/wp\/v2\/posts\/166183\/revisions\/166185"}],"wp:featuredmedia":[{"embeddable":true,"href":"https:\/\/radioljubuski.ba\/index.php\/wp-json\/wp\/v2\/media\/166184"}],"wp:attachment":[{"href":"https:\/\/radioljubuski.ba\/index.php\/wp-json\/wp\/v2\/media?parent=166183"}],"wp:term":[{"taxonomy":"category","embeddable":true,"href":"https:\/\/radioljubuski.ba\/index.php\/wp-json\/wp\/v2\/categories?post=166183"},{"taxonomy":"post_tag","embeddable":true,"href":"https:\/\/radioljubuski.ba\/index.php\/wp-json\/wp\/v2\/tags?post=166183"}],"curies":[{"name":"wp","href":"https:\/\/api.w.org\/{rel}","templated":true}]}}