{"id":166187,"date":"2022-08-03T11:58:07","date_gmt":"2022-08-03T10:58:07","guid":{"rendered":"https:\/\/radioljubuski.ba\/?p=166187"},"modified":"2022-08-03T11:58:09","modified_gmt":"2022-08-03T10:58:09","slug":"hrvatski-nogometas-donirao-dio-jetre-majci-majka-mi-je-dala-zivot-a-ja-sam-joj-ga-produzio","status":"publish","type":"post","link":"https:\/\/radioljubuski.ba\/index.php\/2022\/08\/03\/hrvatski-nogometas-donirao-dio-jetre-majci-majka-mi-je-dala-zivot-a-ja-sam-joj-ga-produzio\/","title":{"rendered":"Hrvatski nogometa\u0161 donirao dio jetre majci: \u2018Majka mi je dala \u017eivot, a ja sam joj ga produ\u017eio!\u2018"},"content":{"rendered":"\n<p>Robert Peri\u0107-Kom\u0161i\u0107 kri\u017ea datume na kalendaru, odbrojava dane kada \u0107e opet zaigrati nogomet. S treninzima je po\u010deo, i to s ozbiljnim re\u017eimom rada. Priklju\u010den je Cibalijinoj mom\u010dadi, no trener Tomislav Radoti\u0107 jo\u0161 uvijek ga dozira.<\/p>\n\n\n\n<p>Iza njega je vi\u0161emjese\u010dna stanka uvjetovana utakmicom \u017eivota koju je 23-godi\u0161nji napada\u010d pro\u0161loga o\u017eujka odigrao u Istanbulu, na klinici Memorial Bah\u00e7elievler. Ondje je, podsje\u0107amo, podvrgnut operativnom zahvatu kojim mu je odstranjen dio jetre koji je potom transplantiran njegovoj te\u0161ko oboljeloj i \u017eivotno ugro\u017eenoj majci Ljiljani, pi\u0161u<a href=\"https:\/\/sportske.jutarnji.hr\/sn\/nogomet\/nogomet-mix\/majka-mi-je-dala-zivot-a-ja-sam-joj-ga-produzio-fascinantna-prica-naseg-nogometasa-velikog-heroja-15230827\" target=\"_blank\" rel=\"noreferrer noopener\"> Sportske novosti.<\/a><\/p>\n\n\n\n<p>&#8211; Sve je super pro\u0161lo. I operacija, i oporavak. Hvala Bogu oboje smo sada dobro, ja sam pred povratkom na teren, a mama je napokon nakon 13 godina te\u0161ke borbe dobila novi \u017eivot &#8211; ka\u017ee Peri\u0107-Kom\u0161i\u0107.<\/p>\n\n\n\n<p>Stasitom napada\u010du proljetos je odstranjeno \u010dak 70 posto jetre. Uo\u010di operacije nije imao nikakve garancije o nastavku profesionalne nogometne karijere&#8230;<\/p>\n\n\n\n<p>&#8211; Nisam mario za to. Imao sam potpuno bistru sliku rizika, ali nogomet mi je tada bio u tre\u0107em planu. Moja misija bila je jasna, da mama bude dobro. Sve ostalo bilo je manje va\u017eno ili potpuno neva\u017eno.<\/p>\n\n\n\n<p>RPK je u javnosti &#8211; koja je pozorno pratila razvoj situacije i oslu\u0161kivala vijesti iz istanbulske bolnice &#8211; zbog svoga \u010dina stekao status heroja. Me\u0111utim&#8230;<\/p>\n\n\n\n<p>&#8211; U ovoj pri\u010di mama je ve\u0107i heroj od mene. Ne daj Bo\u017ee nikome ono \u0161to je onda pro\u017eivjela u proteklih 13 godina. Imala je tri neuspjele transplantacije jetre s mrtvog donora. Propala je ideja i da \u017eivi donor bude brat Vedran \u010dija je jetra bila masna, pa je postupak propao. Otac Nedeljko ima vi\u0161e od 50 godina \u0161to je uz masnu jetru jedan od dva eliminiraju\u0107a faktora za donorstvo. Rizik je bio ogroman, a mami je vrijeme istjecalo. Bila je \u017eivotno ugro\u017eena, trbuh joj se punio vodom i bilo je pitanje dana&#8230; U trenutku kada sam saznao da su sve ostale opcije iscrpljene spakirao sam stvari i odletio za Istanbul.<\/p>\n\n\n\n<p>Operacija je bila naporna, vi\u0161esatna, a kada se probudio iz narkoze na zaslonu mobitela do\u010dekale su ga brojne poruke potpore koje su pristizale sa svih strana.<\/p>\n\n\n\n<p>&#8211; Te\u0161ko mi je prona\u0107i prave rije\u010di kojima bih opisao koliko je to za mene zna\u010dilo u tim trenucima. Ovim putem zahvaljujem svima koji su nam dali dodatnu snagu u toj borbi.<\/p>\n\n\n\n<p>Danas, ne\u0161to vi\u0161e od \u010detiri mjeseca nakon operacije, oboje su se vratili normalnim \u017eivotima&#8230;<\/p>\n\n\n\n<p>&#8211; Mama mora uzimati terapiju, ali to za nju nije nikakva novost, jer je ve\u0107 godinama pod lijekovima. Meni su svi nalazi uredni, jetra je dva mjeseca nakon operacija bila gotovo u cijelosti regenerirana. Uglavnom, bje\u017eim od neke pri\u010de o herojstvu, u\u010dinio sam ono \u0161to bi vjerujem u\u010dinio svatko onaj tko je odrastao u funkcionalnoj obitelji. Meni je majka dala \u017eivot, a ja sam njoj produ\u017eio.<\/p>\n\n\n\n<p>Ho\u0107emo za kraj jo\u0161 malo o nogometu, o Cibaliji?<\/p>\n\n\n\n<p>&#8211; Naravno. Prvenstvo je tu, pred vratima, a ja osje\u0107am da se u Vinkovcima ne\u0161to ozbiljno sprema. Jedan film u kojem \u0107e Cibalia igrati glavnu ulogu. Vjerujem da \u0107e i meni biti dodijeljena zapa\u017eena rola. Osje\u0107am se super, pun sam motiva, raspolo\u017een kao nikad. Ovo kroz \u0161to sam pro\u0161ao dodatno me osna\u017eilo i stvarno osje\u0107am da sam spreman na velika djela. Prve minute mogao bih odigrati sljede\u0107eg vikenda na turniru u Ku\u0161evcu gdje imamo generalku za prvenstvo. Jako se tome radujem. Vjerujem da \u0107u vrlo brzo odigrati i utakmicu za bodove. Tome se radujem jo\u0161 i vi\u0161e &#8211; zaklju\u010duje Robert Peri\u0107 Kom\u0161i\u0107.<\/p>\n\n\n\n<p>Izvor:sportske novosti<\/p>\n","protected":false},"excerpt":{"rendered":"<p>Robert Peri\u0107-Kom\u0161i\u0107 kri\u017ea datume na kalendaru, odbrojava dane kada \u0107e opet zaigrati nogomet. S treninzima je po\u010deo, i to s ozbiljnim re\u017eimom rada. Priklju\u010den je Cibalijinoj mom\u010dadi, no trener Tomislav Radoti\u0107 jo\u0161 uvijek ga dozira. Iza njega je vi\u0161emjese\u010dna stanka uvjetovana utakmicom \u017eivota koju je 23-godi\u0161nji napada\u010d pro\u0161loga o\u017eujka odigrao u Istanbulu, na klinici Memorial [&hellip;]<\/p>\n","protected":false},"author":2,"featured_media":166189,"comment_status":"closed","ping_status":"closed","sticky":false,"template":"","format":"standard","meta":{"h5ap_radio_sources":[],"footnotes":""},"categories":[7],"tags":[],"class_list":["post-166187","post","type-post","status-publish","format-standard","has-post-thumbnail","hentry","category-sport"],"yoast_head":"<!-- This site is optimized with the Yoast SEO plugin v27.4 - https:\/\/yoast.com\/product\/yoast-seo-wordpress\/ -->\n<title>Hrvatski nogometa\u0161 donirao dio jetre majci: \u2018Majka mi je dala \u017eivot, a ja sam joj ga produ\u017eio!\u2018 - RADIO LJUBU\u0160KI<\/title>\n<meta name=\"robots\" content=\"index, follow, max-snippet:-1, max-image-preview:large, max-video-preview:-1\" \/>\n<link rel=\"canonical\" href=\"https:\/\/radioljubuski.ba\/index.php\/2022\/08\/03\/hrvatski-nogometas-donirao-dio-jetre-majci-majka-mi-je-dala-zivot-a-ja-sam-joj-ga-produzio\/\" \/>\n<meta property=\"og:locale\" content=\"hr_HR\" \/>\n<meta property=\"og:type\" content=\"article\" \/>\n<meta property=\"og:title\" content=\"Hrvatski nogometa\u0161 donirao dio jetre majci: \u2018Majka mi je dala \u017eivot, a ja sam joj ga produ\u017eio!\u2018 - RADIO LJUBU\u0160KI\" \/>\n<meta property=\"og:description\" content=\"Robert Peri\u0107-Kom\u0161i\u0107 kri\u017ea datume na kalendaru, odbrojava dane kada \u0107e opet zaigrati nogomet. S treninzima je po\u010deo, i to s ozbiljnim re\u017eimom rada. Priklju\u010den je Cibalijinoj mom\u010dadi, no trener Tomislav Radoti\u0107 jo\u0161 uvijek ga dozira. Iza njega je vi\u0161emjese\u010dna stanka uvjetovana utakmicom \u017eivota koju je 23-godi\u0161nji napada\u010d pro\u0161loga o\u017eujka odigrao u Istanbulu, na klinici Memorial [&hellip;]\" \/>\n<meta property=\"og:url\" content=\"https:\/\/radioljubuski.ba\/index.php\/2022\/08\/03\/hrvatski-nogometas-donirao-dio-jetre-majci-majka-mi-je-dala-zivot-a-ja-sam-joj-ga-produzio\/\" \/>\n<meta property=\"og:site_name\" content=\"RADIO LJUBU\u0160KI\" \/>\n<meta property=\"article:publisher\" content=\"https:\/\/www.facebook.com\/Radiio-Ljubuski-1490835324566332\" \/>\n<meta property=\"article:published_time\" content=\"2022-08-03T10:58:07+00:00\" \/>\n<meta property=\"article:modified_time\" content=\"2022-08-03T10:58:09+00:00\" \/>\n<meta property=\"og:image\" content=\"https:\/\/radioljubuski.ba\/wp-content\/uploads\/2022\/08\/8-2022-08-03-10-24-02-ROBERT-PERIC.jpg\" \/>\n\t<meta property=\"og:image:width\" content=\"1000\" \/>\n\t<meta property=\"og:image:height\" content=\"625\" \/>\n\t<meta property=\"og:image:type\" content=\"image\/jpeg\" \/>\n<meta name=\"author\" content=\"Radio Ljubu\u0161ki\" \/>\n<meta name=\"twitter:card\" content=\"summary_large_image\" \/>\n<meta name=\"twitter:creator\" content=\"@radioljubuski\" \/>\n<meta name=\"twitter:site\" content=\"@radioljubuski\" \/>\n<meta name=\"twitter:label1\" content=\"Napisao\/la\" \/>\n\t<meta name=\"twitter:data1\" content=\"Radio Ljubu\u0161ki\" \/>\n\t<meta name=\"twitter:label2\" content=\"Procijenjeno vrijeme \u010ditanja\" \/>\n\t<meta name=\"twitter:data2\" content=\"3 minute\" \/>\n<script type=\"application\/ld+json\" class=\"yoast-schema-graph\">{\"@context\":\"https:\\\/\\\/schema.org\",\"@graph\":[{\"@type\":\"Article\",\"@id\":\"https:\\\/\\\/radioljubuski.ba\\\/index.php\\\/2022\\\/08\\\/03\\\/hrvatski-nogometas-donirao-dio-jetre-majci-majka-mi-je-dala-zivot-a-ja-sam-joj-ga-produzio\\\/#article\",\"isPartOf\":{\"@id\":\"https:\\\/\\\/radioljubuski.ba\\\/index.php\\\/2022\\\/08\\\/03\\\/hrvatski-nogometas-donirao-dio-jetre-majci-majka-mi-je-dala-zivot-a-ja-sam-joj-ga-produzio\\\/\"},\"author\":{\"name\":\"Radio Ljubu\u0161ki\",\"@id\":\"https:\\\/\\\/radioljubuski.ba\\\/#\\\/schema\\\/person\\\/19fc700381a780f69665d7956c469e3b\"},\"headline\":\"Hrvatski nogometa\u0161 donirao dio jetre majci: \u2018Majka mi je dala \u017eivot, a ja sam joj ga produ\u017eio!\u2018\",\"datePublished\":\"2022-08-03T10:58:07+00:00\",\"dateModified\":\"2022-08-03T10:58:09+00:00\",\"mainEntityOfPage\":{\"@id\":\"https:\\\/\\\/radioljubuski.ba\\\/index.php\\\/2022\\\/08\\\/03\\\/hrvatski-nogometas-donirao-dio-jetre-majci-majka-mi-je-dala-zivot-a-ja-sam-joj-ga-produzio\\\/\"},\"wordCount\":642,\"publisher\":{\"@id\":\"https:\\\/\\\/radioljubuski.ba\\\/#organization\"},\"image\":{\"@id\":\"https:\\\/\\\/radioljubuski.ba\\\/index.php\\\/2022\\\/08\\\/03\\\/hrvatski-nogometas-donirao-dio-jetre-majci-majka-mi-je-dala-zivot-a-ja-sam-joj-ga-produzio\\\/#primaryimage\"},\"thumbnailUrl\":\"https:\\\/\\\/radioljubuski.ba\\\/wp-content\\\/uploads\\\/2022\\\/08\\\/8-2022-08-03-10-24-02-ROBERT-PERIC.jpg\",\"articleSection\":[\"\u0160port\"],\"inLanguage\":\"hr\"},{\"@type\":\"WebPage\",\"@id\":\"https:\\\/\\\/radioljubuski.ba\\\/index.php\\\/2022\\\/08\\\/03\\\/hrvatski-nogometas-donirao-dio-jetre-majci-majka-mi-je-dala-zivot-a-ja-sam-joj-ga-produzio\\\/\",\"url\":\"https:\\\/\\\/radioljubuski.ba\\\/index.php\\\/2022\\\/08\\\/03\\\/hrvatski-nogometas-donirao-dio-jetre-majci-majka-mi-je-dala-zivot-a-ja-sam-joj-ga-produzio\\\/\",\"name\":\"Hrvatski nogometa\u0161 donirao dio jetre majci: \u2018Majka mi je dala \u017eivot, a ja sam joj ga produ\u017eio!\u2018 - RADIO LJUBU\u0160KI\",\"isPartOf\":{\"@id\":\"https:\\\/\\\/radioljubuski.ba\\\/#website\"},\"primaryImageOfPage\":{\"@id\":\"https:\\\/\\\/radioljubuski.ba\\\/index.php\\\/2022\\\/08\\\/03\\\/hrvatski-nogometas-donirao-dio-jetre-majci-majka-mi-je-dala-zivot-a-ja-sam-joj-ga-produzio\\\/#primaryimage\"},\"image\":{\"@id\":\"https:\\\/\\\/radioljubuski.ba\\\/index.php\\\/2022\\\/08\\\/03\\\/hrvatski-nogometas-donirao-dio-jetre-majci-majka-mi-je-dala-zivot-a-ja-sam-joj-ga-produzio\\\/#primaryimage\"},\"thumbnailUrl\":\"https:\\\/\\\/radioljubuski.ba\\\/wp-content\\\/uploads\\\/2022\\\/08\\\/8-2022-08-03-10-24-02-ROBERT-PERIC.jpg\",\"datePublished\":\"2022-08-03T10:58:07+00:00\",\"dateModified\":\"2022-08-03T10:58:09+00:00\",\"breadcrumb\":{\"@id\":\"https:\\\/\\\/radioljubuski.ba\\\/index.php\\\/2022\\\/08\\\/03\\\/hrvatski-nogometas-donirao-dio-jetre-majci-majka-mi-je-dala-zivot-a-ja-sam-joj-ga-produzio\\\/#breadcrumb\"},\"inLanguage\":\"hr\",\"potentialAction\":[{\"@type\":\"ReadAction\",\"target\":[\"https:\\\/\\\/radioljubuski.ba\\\/index.php\\\/2022\\\/08\\\/03\\\/hrvatski-nogometas-donirao-dio-jetre-majci-majka-mi-je-dala-zivot-a-ja-sam-joj-ga-produzio\\\/\"]}]},{\"@type\":\"ImageObject\",\"inLanguage\":\"hr\",\"@id\":\"https:\\\/\\\/radioljubuski.ba\\\/index.php\\\/2022\\\/08\\\/03\\\/hrvatski-nogometas-donirao-dio-jetre-majci-majka-mi-je-dala-zivot-a-ja-sam-joj-ga-produzio\\\/#primaryimage\",\"url\":\"https:\\\/\\\/radioljubuski.ba\\\/wp-content\\\/uploads\\\/2022\\\/08\\\/8-2022-08-03-10-24-02-ROBERT-PERIC.jpg\",\"contentUrl\":\"https:\\\/\\\/radioljubuski.ba\\\/wp-content\\\/uploads\\\/2022\\\/08\\\/8-2022-08-03-10-24-02-ROBERT-PERIC.jpg\",\"width\":1000,\"height\":625},{\"@type\":\"BreadcrumbList\",\"@id\":\"https:\\\/\\\/radioljubuski.ba\\\/index.php\\\/2022\\\/08\\\/03\\\/hrvatski-nogometas-donirao-dio-jetre-majci-majka-mi-je-dala-zivot-a-ja-sam-joj-ga-produzio\\\/#breadcrumb\",\"itemListElement\":[{\"@type\":\"ListItem\",\"position\":1,\"name\":\"Po\u010detna stranica\",\"item\":\"https:\\\/\\\/radioljubuski.ba\\\/\"},{\"@type\":\"ListItem\",\"position\":2,\"name\":\"Hrvatski nogometa\u0161 donirao dio jetre majci: \u2018Majka mi je dala \u017eivot, a ja sam joj ga produ\u017eio!\u2018\"}]},{\"@type\":\"WebSite\",\"@id\":\"https:\\\/\\\/radioljubuski.ba\\\/#website\",\"url\":\"https:\\\/\\\/radioljubuski.ba\\\/\",\"name\":\"Radio Ljubu\u0161ki\",\"description\":\"Sun\u010dana frekvencija Hercegovine\",\"publisher\":{\"@id\":\"https:\\\/\\\/radioljubuski.ba\\\/#organization\"},\"potentialAction\":[{\"@type\":\"SearchAction\",\"target\":{\"@type\":\"EntryPoint\",\"urlTemplate\":\"https:\\\/\\\/radioljubuski.ba\\\/?s={search_term_string}\"},\"query-input\":{\"@type\":\"PropertyValueSpecification\",\"valueRequired\":true,\"valueName\":\"search_term_string\"}}],\"inLanguage\":\"hr\"},{\"@type\":\"Organization\",\"@id\":\"https:\\\/\\\/radioljubuski.ba\\\/#organization\",\"name\":\"Radio Ljubu\u0161ki\",\"url\":\"https:\\\/\\\/radioljubuski.ba\\\/\",\"logo\":{\"@type\":\"ImageObject\",\"inLanguage\":\"hr\",\"@id\":\"https:\\\/\\\/radioljubuski.ba\\\/#\\\/schema\\\/logo\\\/image\\\/\",\"url\":\"https:\\\/\\\/radioljubuski.ba\\\/wp-content\\\/uploads\\\/2021\\\/02\\\/cropped-Radio_Ljubuski_logo1.jpg\",\"contentUrl\":\"https:\\\/\\\/radioljubuski.ba\\\/wp-content\\\/uploads\\\/2021\\\/02\\\/cropped-Radio_Ljubuski_logo1.jpg\",\"width\":512,\"height\":512,\"caption\":\"Radio Ljubu\u0161ki\"},\"image\":{\"@id\":\"https:\\\/\\\/radioljubuski.ba\\\/#\\\/schema\\\/logo\\\/image\\\/\"},\"sameAs\":[\"https:\\\/\\\/www.facebook.com\\\/Radiio-Ljubuski-1490835324566332\",\"https:\\\/\\\/x.com\\\/radioljubuski\",\"https:\\\/\\\/hr.linkedin.com\\\/company\\\/radio-ljubuski\",\"https:\\\/\\\/www.youtube.com\\\/channel\\\/UCHYaeO_n0Db3tjNGudGpXyw\"]},{\"@type\":\"Person\",\"@id\":\"https:\\\/\\\/radioljubuski.ba\\\/#\\\/schema\\\/person\\\/19fc700381a780f69665d7956c469e3b\",\"name\":\"Radio Ljubu\u0161ki\"}]}<\/script>\n<!-- \/ Yoast SEO plugin. -->","yoast_head_json":{"title":"Hrvatski nogometa\u0161 donirao dio jetre majci: \u2018Majka mi je dala \u017eivot, a ja sam joj ga produ\u017eio!\u2018 - RADIO LJUBU\u0160KI","robots":{"index":"index","follow":"follow","max-snippet":"max-snippet:-1","max-image-preview":"max-image-preview:large","max-video-preview":"max-video-preview:-1"},"canonical":"https:\/\/radioljubuski.ba\/index.php\/2022\/08\/03\/hrvatski-nogometas-donirao-dio-jetre-majci-majka-mi-je-dala-zivot-a-ja-sam-joj-ga-produzio\/","og_locale":"hr_HR","og_type":"article","og_title":"Hrvatski nogometa\u0161 donirao dio jetre majci: \u2018Majka mi je dala \u017eivot, a ja sam joj ga produ\u017eio!\u2018 - RADIO LJUBU\u0160KI","og_description":"Robert Peri\u0107-Kom\u0161i\u0107 kri\u017ea datume na kalendaru, odbrojava dane kada \u0107e opet zaigrati nogomet. S treninzima je po\u010deo, i to s ozbiljnim re\u017eimom rada. Priklju\u010den je Cibalijinoj mom\u010dadi, no trener Tomislav Radoti\u0107 jo\u0161 uvijek ga dozira. Iza njega je vi\u0161emjese\u010dna stanka uvjetovana utakmicom \u017eivota koju je 23-godi\u0161nji napada\u010d pro\u0161loga o\u017eujka odigrao u Istanbulu, na klinici Memorial [&hellip;]","og_url":"https:\/\/radioljubuski.ba\/index.php\/2022\/08\/03\/hrvatski-nogometas-donirao-dio-jetre-majci-majka-mi-je-dala-zivot-a-ja-sam-joj-ga-produzio\/","og_site_name":"RADIO LJUBU\u0160KI","article_publisher":"https:\/\/www.facebook.com\/Radiio-Ljubuski-1490835324566332","article_published_time":"2022-08-03T10:58:07+00:00","article_modified_time":"2022-08-03T10:58:09+00:00","og_image":[{"width":1000,"height":625,"url":"https:\/\/radioljubuski.ba\/wp-content\/uploads\/2022\/08\/8-2022-08-03-10-24-02-ROBERT-PERIC.jpg","type":"image\/jpeg"}],"author":"Radio Ljubu\u0161ki","twitter_card":"summary_large_image","twitter_creator":"@radioljubuski","twitter_site":"@radioljubuski","twitter_misc":{"Napisao\/la":"Radio Ljubu\u0161ki","Procijenjeno vrijeme \u010ditanja":"3 minute"},"schema":{"@context":"https:\/\/schema.org","@graph":[{"@type":"Article","@id":"https:\/\/radioljubuski.ba\/index.php\/2022\/08\/03\/hrvatski-nogometas-donirao-dio-jetre-majci-majka-mi-je-dala-zivot-a-ja-sam-joj-ga-produzio\/#article","isPartOf":{"@id":"https:\/\/radioljubuski.ba\/index.php\/2022\/08\/03\/hrvatski-nogometas-donirao-dio-jetre-majci-majka-mi-je-dala-zivot-a-ja-sam-joj-ga-produzio\/"},"author":{"name":"Radio Ljubu\u0161ki","@id":"https:\/\/radioljubuski.ba\/#\/schema\/person\/19fc700381a780f69665d7956c469e3b"},"headline":"Hrvatski nogometa\u0161 donirao dio jetre majci: \u2018Majka mi je dala \u017eivot, a ja sam joj ga produ\u017eio!\u2018","datePublished":"2022-08-03T10:58:07+00:00","dateModified":"2022-08-03T10:58:09+00:00","mainEntityOfPage":{"@id":"https:\/\/radioljubuski.ba\/index.php\/2022\/08\/03\/hrvatski-nogometas-donirao-dio-jetre-majci-majka-mi-je-dala-zivot-a-ja-sam-joj-ga-produzio\/"},"wordCount":642,"publisher":{"@id":"https:\/\/radioljubuski.ba\/#organization"},"image":{"@id":"https:\/\/radioljubuski.ba\/index.php\/2022\/08\/03\/hrvatski-nogometas-donirao-dio-jetre-majci-majka-mi-je-dala-zivot-a-ja-sam-joj-ga-produzio\/#primaryimage"},"thumbnailUrl":"https:\/\/radioljubuski.ba\/wp-content\/uploads\/2022\/08\/8-2022-08-03-10-24-02-ROBERT-PERIC.jpg","articleSection":["\u0160port"],"inLanguage":"hr"},{"@type":"WebPage","@id":"https:\/\/radioljubuski.ba\/index.php\/2022\/08\/03\/hrvatski-nogometas-donirao-dio-jetre-majci-majka-mi-je-dala-zivot-a-ja-sam-joj-ga-produzio\/","url":"https:\/\/radioljubuski.ba\/index.php\/2022\/08\/03\/hrvatski-nogometas-donirao-dio-jetre-majci-majka-mi-je-dala-zivot-a-ja-sam-joj-ga-produzio\/","name":"Hrvatski nogometa\u0161 donirao dio jetre majci: \u2018Majka mi je dala \u017eivot, a ja sam joj ga produ\u017eio!\u2018 - RADIO LJUBU\u0160KI","isPartOf":{"@id":"https:\/\/radioljubuski.ba\/#website"},"primaryImageOfPage":{"@id":"https:\/\/radioljubuski.ba\/index.php\/2022\/08\/03\/hrvatski-nogometas-donirao-dio-jetre-majci-majka-mi-je-dala-zivot-a-ja-sam-joj-ga-produzio\/#primaryimage"},"image":{"@id":"https:\/\/radioljubuski.ba\/index.php\/2022\/08\/03\/hrvatski-nogometas-donirao-dio-jetre-majci-majka-mi-je-dala-zivot-a-ja-sam-joj-ga-produzio\/#primaryimage"},"thumbnailUrl":"https:\/\/radioljubuski.ba\/wp-content\/uploads\/2022\/08\/8-2022-08-03-10-24-02-ROBERT-PERIC.jpg","datePublished":"2022-08-03T10:58:07+00:00","dateModified":"2022-08-03T10:58:09+00:00","breadcrumb":{"@id":"https:\/\/radioljubuski.ba\/index.php\/2022\/08\/03\/hrvatski-nogometas-donirao-dio-jetre-majci-majka-mi-je-dala-zivot-a-ja-sam-joj-ga-produzio\/#breadcrumb"},"inLanguage":"hr","potentialAction":[{"@type":"ReadAction","target":["https:\/\/radioljubuski.ba\/index.php\/2022\/08\/03\/hrvatski-nogometas-donirao-dio-jetre-majci-majka-mi-je-dala-zivot-a-ja-sam-joj-ga-produzio\/"]}]},{"@type":"ImageObject","inLanguage":"hr","@id":"https:\/\/radioljubuski.ba\/index.php\/2022\/08\/03\/hrvatski-nogometas-donirao-dio-jetre-majci-majka-mi-je-dala-zivot-a-ja-sam-joj-ga-produzio\/#primaryimage","url":"https:\/\/radioljubuski.ba\/wp-content\/uploads\/2022\/08\/8-2022-08-03-10-24-02-ROBERT-PERIC.jpg","contentUrl":"https:\/\/radioljubuski.ba\/wp-content\/uploads\/2022\/08\/8-2022-08-03-10-24-02-ROBERT-PERIC.jpg","width":1000,"height":625},{"@type":"BreadcrumbList","@id":"https:\/\/radioljubuski.ba\/index.php\/2022\/08\/03\/hrvatski-nogometas-donirao-dio-jetre-majci-majka-mi-je-dala-zivot-a-ja-sam-joj-ga-produzio\/#breadcrumb","itemListElement":[{"@type":"ListItem","position":1,"name":"Po\u010detna stranica","item":"https:\/\/radioljubuski.ba\/"},{"@type":"ListItem","position":2,"name":"Hrvatski nogometa\u0161 donirao dio jetre majci: \u2018Majka mi je dala \u017eivot, a ja sam joj ga produ\u017eio!\u2018"}]},{"@type":"WebSite","@id":"https:\/\/radioljubuski.ba\/#website","url":"https:\/\/radioljubuski.ba\/","name":"Radio Ljubu\u0161ki","description":"Sun\u010dana frekvencija Hercegovine","publisher":{"@id":"https:\/\/radioljubuski.ba\/#organization"},"potentialAction":[{"@type":"SearchAction","target":{"@type":"EntryPoint","urlTemplate":"https:\/\/radioljubuski.ba\/?s={search_term_string}"},"query-input":{"@type":"PropertyValueSpecification","valueRequired":true,"valueName":"search_term_string"}}],"inLanguage":"hr"},{"@type":"Organization","@id":"https:\/\/radioljubuski.ba\/#organization","name":"Radio Ljubu\u0161ki","url":"https:\/\/radioljubuski.ba\/","logo":{"@type":"ImageObject","inLanguage":"hr","@id":"https:\/\/radioljubuski.ba\/#\/schema\/logo\/image\/","url":"https:\/\/radioljubuski.ba\/wp-content\/uploads\/2021\/02\/cropped-Radio_Ljubuski_logo1.jpg","contentUrl":"https:\/\/radioljubuski.ba\/wp-content\/uploads\/2021\/02\/cropped-Radio_Ljubuski_logo1.jpg","width":512,"height":512,"caption":"Radio Ljubu\u0161ki"},"image":{"@id":"https:\/\/radioljubuski.ba\/#\/schema\/logo\/image\/"},"sameAs":["https:\/\/www.facebook.com\/Radiio-Ljubuski-1490835324566332","https:\/\/x.com\/radioljubuski","https:\/\/hr.linkedin.com\/company\/radio-ljubuski","https:\/\/www.youtube.com\/channel\/UCHYaeO_n0Db3tjNGudGpXyw"]},{"@type":"Person","@id":"https:\/\/radioljubuski.ba\/#\/schema\/person\/19fc700381a780f69665d7956c469e3b","name":"Radio Ljubu\u0161ki"}]}},"_links":{"self":[{"href":"https:\/\/radioljubuski.ba\/index.php\/wp-json\/wp\/v2\/posts\/166187","targetHints":{"allow":["GET"]}}],"collection":[{"href":"https:\/\/radioljubuski.ba\/index.php\/wp-json\/wp\/v2\/posts"}],"about":[{"href":"https:\/\/radioljubuski.ba\/index.php\/wp-json\/wp\/v2\/types\/post"}],"author":[{"embeddable":true,"href":"https:\/\/radioljubuski.ba\/index.php\/wp-json\/wp\/v2\/users\/2"}],"replies":[{"embeddable":true,"href":"https:\/\/radioljubuski.ba\/index.php\/wp-json\/wp\/v2\/comments?post=166187"}],"version-history":[{"count":1,"href":"https:\/\/radioljubuski.ba\/index.php\/wp-json\/wp\/v2\/posts\/166187\/revisions"}],"predecessor-version":[{"id":166190,"href":"https:\/\/radioljubuski.ba\/index.php\/wp-json\/wp\/v2\/posts\/166187\/revisions\/166190"}],"wp:featuredmedia":[{"embeddable":true,"href":"https:\/\/radioljubuski.ba\/index.php\/wp-json\/wp\/v2\/media\/166189"}],"wp:attachment":[{"href":"https:\/\/radioljubuski.ba\/index.php\/wp-json\/wp\/v2\/media?parent=166187"}],"wp:term":[{"taxonomy":"category","embeddable":true,"href":"https:\/\/radioljubuski.ba\/index.php\/wp-json\/wp\/v2\/categories?post=166187"},{"taxonomy":"post_tag","embeddable":true,"href":"https:\/\/radioljubuski.ba\/index.php\/wp-json\/wp\/v2\/tags?post=166187"}],"curies":[{"name":"wp","href":"https:\/\/api.w.org\/{rel}","templated":true}]}}