{"id":166196,"date":"2022-08-03T12:08:49","date_gmt":"2022-08-03T11:08:49","guid":{"rendered":"https:\/\/radioljubuski.ba\/?p=166196"},"modified":"2022-08-03T12:08:51","modified_gmt":"2022-08-03T11:08:51","slug":"oglas-u-austriji-izazvao-kritike-skola-trazi-cistacicu-osobe-iz-bih-ne-dolaze-u-obzir","status":"publish","type":"post","link":"https:\/\/radioljubuski.ba\/index.php\/2022\/08\/03\/oglas-u-austriji-izazvao-kritike-skola-trazi-cistacicu-osobe-iz-bih-ne-dolaze-u-obzir\/","title":{"rendered":"Oglas u Austriji izazvao kritike: \u0160kola tra\u017ei \u010dista\u010dicu, osobe iz BiH ne dolaze u obzir"},"content":{"rendered":"\n<p>Oglas za posao u \u0161koli u Donjoj Austriji je izazvao dosta reakcija. Dr\u017eavljani BiH, na primjer, ne smiju se prijaviti za posao, prenosi&nbsp;<a href=\"https:\/\/fenix-magazin.de\/oglas-izazvao-bijes-skola-trazi-cistacicu-sa-znanjem-njemackog-jezika-osobe-iz-bih-ne-dolaze-u-obzir\/?swcfpc=1\" target=\"_blank\" rel=\"noreferrer noopener\">Fenix<\/a>.<\/p>\n\n\n\n<p>Naime, \u0161kola u okrugu St. P\u00f6lten-Land tra\u017ei \u010dista\u010dicu\/\u010dista\u010da na 15 sati tjedno. Nakon \u0161est mjeseci na odre\u0111eno vrijeme mogu\u0107 je radni odnos na neodre\u0111eno vrijeme.<\/p>\n\n\n\n<p>Zadaci: Samostalno provo\u0111enje poslova \u010di\u0161\u0107enja i po\u0161tivanje higijenskih normi. Uvjeti za upis: iskustvo u \u010di\u0161\u0107enju, besprijekorna reputacija, odslu\u017een vojni rok za mu\u0161karce, austrijsko dr\u017eavljanstvo ili dr\u017eavljanstvo dr\u017eave \u010dlanice EU uz odgovaraju\u0107e znanje njema\u010dkog jezika.<\/p>\n\n\n\n<p>Naknada: 1.790,20 EUR bruto za 40 sati tjedno. Na Twitteru je jedan korisnik s Balkana poru\u010dio: \u201cKao gra\u0111ani Bosne i Hercegovine, ne smijete \u010dak ni raditi kao \u010dista\u010dica u Donjoj Austriji.\u201d<\/p>\n\n\n\n<p>Prema pokrajini Donjoj Austriji, oglas za posao temelji se isklju\u010divo na Zakonu o ugovornim slu\u017ebenicima Donje Austrije. Trenuta\u010dno postoje vrlo sli\u010dni oglasi za posao, primjerice za nadzornika slobodnog vremena za suca u Sankt P\u00f6ltenu ili za radno mjesto pomo\u0107nika u kuhinji. Dr\u017eavljanstvo EU tako\u0111er bi bilo potrebno za naukovanje u Klagenfurtu i ured za nadzor parkirali\u0161ta u Grazu.<\/p>\n\n\n\n<p>\u201eOglasi za slobodna radna mjesta izra\u0111uju se u skladu sa Zakonom o ugovornim slu\u017ebenicima u op\u0107inama Donje Austrije. Pridr\u017eavamo se ovog zakona \u2013 kao i svaka druga zajednica,\u201d rekao je gradona\u010delnik Fritz Ofenauer.<\/p>\n\n\n\n<p>Izvor: <strong>Pogled.ba<\/strong><\/p>\n","protected":false},"excerpt":{"rendered":"<p>Oglas za posao u \u0161koli u Donjoj Austriji je izazvao dosta reakcija. Dr\u017eavljani BiH, na primjer, ne smiju se prijaviti za posao, prenosi&nbsp;Fenix. Naime, \u0161kola u okrugu St. P\u00f6lten-Land tra\u017ei \u010dista\u010dicu\/\u010dista\u010da na 15 sati tjedno. Nakon \u0161est mjeseci na odre\u0111eno vrijeme mogu\u0107 je radni odnos na neodre\u0111eno vrijeme. Zadaci: Samostalno provo\u0111enje poslova \u010di\u0161\u0107enja i po\u0161tivanje [&hellip;]<\/p>\n","protected":false},"author":2,"featured_media":132628,"comment_status":"closed","ping_status":"closed","sticky":false,"template":"","format":"standard","meta":{"h5ap_radio_sources":[],"footnotes":""},"categories":[1],"tags":[],"class_list":["post-166196","post","type-post","status-publish","format-standard","has-post-thumbnail","hentry","category-bihiregija"],"yoast_head":"<!-- This site is optimized with the Yoast SEO plugin v27.4 - https:\/\/yoast.com\/product\/yoast-seo-wordpress\/ -->\n<title>Oglas u Austriji izazvao kritike: \u0160kola tra\u017ei \u010dista\u010dicu, osobe iz BiH ne dolaze u obzir - RADIO LJUBU\u0160KI<\/title>\n<meta name=\"robots\" content=\"index, follow, max-snippet:-1, max-image-preview:large, max-video-preview:-1\" \/>\n<link rel=\"canonical\" href=\"https:\/\/radioljubuski.ba\/index.php\/2022\/08\/03\/oglas-u-austriji-izazvao-kritike-skola-trazi-cistacicu-osobe-iz-bih-ne-dolaze-u-obzir\/\" \/>\n<meta property=\"og:locale\" content=\"hr_HR\" \/>\n<meta property=\"og:type\" content=\"article\" \/>\n<meta property=\"og:title\" content=\"Oglas u Austriji izazvao kritike: \u0160kola tra\u017ei \u010dista\u010dicu, osobe iz BiH ne dolaze u obzir - RADIO LJUBU\u0160KI\" \/>\n<meta property=\"og:description\" content=\"Oglas za posao u \u0161koli u Donjoj Austriji je izazvao dosta reakcija. Dr\u017eavljani BiH, na primjer, ne smiju se prijaviti za posao, prenosi&nbsp;Fenix. Naime, \u0161kola u okrugu St. P\u00f6lten-Land tra\u017ei \u010dista\u010dicu\/\u010dista\u010da na 15 sati tjedno. Nakon \u0161est mjeseci na odre\u0111eno vrijeme mogu\u0107 je radni odnos na neodre\u0111eno vrijeme. Zadaci: Samostalno provo\u0111enje poslova \u010di\u0161\u0107enja i po\u0161tivanje [&hellip;]\" \/>\n<meta property=\"og:url\" content=\"https:\/\/radioljubuski.ba\/index.php\/2022\/08\/03\/oglas-u-austriji-izazvao-kritike-skola-trazi-cistacicu-osobe-iz-bih-ne-dolaze-u-obzir\/\" \/>\n<meta property=\"og:site_name\" content=\"RADIO LJUBU\u0160KI\" \/>\n<meta property=\"article:publisher\" content=\"https:\/\/www.facebook.com\/Radiio-Ljubuski-1490835324566332\" \/>\n<meta property=\"article:published_time\" content=\"2022-08-03T11:08:49+00:00\" \/>\n<meta property=\"article:modified_time\" content=\"2022-08-03T11:08:51+00:00\" \/>\n<meta property=\"og:image\" content=\"https:\/\/radioljubuski.ba\/wp-content\/uploads\/2022\/04\/8-2022-04-13-14-45-33-cistacica-1.jpg\" \/>\n\t<meta property=\"og:image:width\" content=\"1000\" \/>\n\t<meta property=\"og:image:height\" content=\"625\" \/>\n\t<meta property=\"og:image:type\" content=\"image\/jpeg\" \/>\n<meta name=\"author\" content=\"Radio Ljubu\u0161ki\" \/>\n<meta name=\"twitter:card\" content=\"summary_large_image\" \/>\n<meta name=\"twitter:creator\" content=\"@radioljubuski\" \/>\n<meta name=\"twitter:site\" content=\"@radioljubuski\" \/>\n<meta name=\"twitter:label1\" content=\"Napisao\/la\" \/>\n\t<meta name=\"twitter:data1\" content=\"Radio Ljubu\u0161ki\" \/>\n\t<meta name=\"twitter:label2\" content=\"Procijenjeno vrijeme \u010ditanja\" \/>\n\t<meta name=\"twitter:data2\" content=\"1 minuta\" \/>\n<script type=\"application\/ld+json\" class=\"yoast-schema-graph\">{\"@context\":\"https:\\\/\\\/schema.org\",\"@graph\":[{\"@type\":\"Article\",\"@id\":\"https:\\\/\\\/radioljubuski.ba\\\/index.php\\\/2022\\\/08\\\/03\\\/oglas-u-austriji-izazvao-kritike-skola-trazi-cistacicu-osobe-iz-bih-ne-dolaze-u-obzir\\\/#article\",\"isPartOf\":{\"@id\":\"https:\\\/\\\/radioljubuski.ba\\\/index.php\\\/2022\\\/08\\\/03\\\/oglas-u-austriji-izazvao-kritike-skola-trazi-cistacicu-osobe-iz-bih-ne-dolaze-u-obzir\\\/\"},\"author\":{\"name\":\"Radio Ljubu\u0161ki\",\"@id\":\"https:\\\/\\\/radioljubuski.ba\\\/#\\\/schema\\\/person\\\/19fc700381a780f69665d7956c469e3b\"},\"headline\":\"Oglas u Austriji izazvao kritike: \u0160kola tra\u017ei \u010dista\u010dicu, osobe iz BiH ne dolaze u obzir\",\"datePublished\":\"2022-08-03T11:08:49+00:00\",\"dateModified\":\"2022-08-03T11:08:51+00:00\",\"mainEntityOfPage\":{\"@id\":\"https:\\\/\\\/radioljubuski.ba\\\/index.php\\\/2022\\\/08\\\/03\\\/oglas-u-austriji-izazvao-kritike-skola-trazi-cistacicu-osobe-iz-bih-ne-dolaze-u-obzir\\\/\"},\"wordCount\":258,\"publisher\":{\"@id\":\"https:\\\/\\\/radioljubuski.ba\\\/#organization\"},\"image\":{\"@id\":\"https:\\\/\\\/radioljubuski.ba\\\/index.php\\\/2022\\\/08\\\/03\\\/oglas-u-austriji-izazvao-kritike-skola-trazi-cistacicu-osobe-iz-bih-ne-dolaze-u-obzir\\\/#primaryimage\"},\"thumbnailUrl\":\"https:\\\/\\\/radioljubuski.ba\\\/wp-content\\\/uploads\\\/2022\\\/04\\\/8-2022-04-13-14-45-33-cistacica-1.jpg\",\"articleSection\":[\"BIH i regija\"],\"inLanguage\":\"hr\"},{\"@type\":\"WebPage\",\"@id\":\"https:\\\/\\\/radioljubuski.ba\\\/index.php\\\/2022\\\/08\\\/03\\\/oglas-u-austriji-izazvao-kritike-skola-trazi-cistacicu-osobe-iz-bih-ne-dolaze-u-obzir\\\/\",\"url\":\"https:\\\/\\\/radioljubuski.ba\\\/index.php\\\/2022\\\/08\\\/03\\\/oglas-u-austriji-izazvao-kritike-skola-trazi-cistacicu-osobe-iz-bih-ne-dolaze-u-obzir\\\/\",\"name\":\"Oglas u Austriji izazvao kritike: \u0160kola tra\u017ei \u010dista\u010dicu, osobe iz BiH ne dolaze u obzir - RADIO LJUBU\u0160KI\",\"isPartOf\":{\"@id\":\"https:\\\/\\\/radioljubuski.ba\\\/#website\"},\"primaryImageOfPage\":{\"@id\":\"https:\\\/\\\/radioljubuski.ba\\\/index.php\\\/2022\\\/08\\\/03\\\/oglas-u-austriji-izazvao-kritike-skola-trazi-cistacicu-osobe-iz-bih-ne-dolaze-u-obzir\\\/#primaryimage\"},\"image\":{\"@id\":\"https:\\\/\\\/radioljubuski.ba\\\/index.php\\\/2022\\\/08\\\/03\\\/oglas-u-austriji-izazvao-kritike-skola-trazi-cistacicu-osobe-iz-bih-ne-dolaze-u-obzir\\\/#primaryimage\"},\"thumbnailUrl\":\"https:\\\/\\\/radioljubuski.ba\\\/wp-content\\\/uploads\\\/2022\\\/04\\\/8-2022-04-13-14-45-33-cistacica-1.jpg\",\"datePublished\":\"2022-08-03T11:08:49+00:00\",\"dateModified\":\"2022-08-03T11:08:51+00:00\",\"breadcrumb\":{\"@id\":\"https:\\\/\\\/radioljubuski.ba\\\/index.php\\\/2022\\\/08\\\/03\\\/oglas-u-austriji-izazvao-kritike-skola-trazi-cistacicu-osobe-iz-bih-ne-dolaze-u-obzir\\\/#breadcrumb\"},\"inLanguage\":\"hr\",\"potentialAction\":[{\"@type\":\"ReadAction\",\"target\":[\"https:\\\/\\\/radioljubuski.ba\\\/index.php\\\/2022\\\/08\\\/03\\\/oglas-u-austriji-izazvao-kritike-skola-trazi-cistacicu-osobe-iz-bih-ne-dolaze-u-obzir\\\/\"]}]},{\"@type\":\"ImageObject\",\"inLanguage\":\"hr\",\"@id\":\"https:\\\/\\\/radioljubuski.ba\\\/index.php\\\/2022\\\/08\\\/03\\\/oglas-u-austriji-izazvao-kritike-skola-trazi-cistacicu-osobe-iz-bih-ne-dolaze-u-obzir\\\/#primaryimage\",\"url\":\"https:\\\/\\\/radioljubuski.ba\\\/wp-content\\\/uploads\\\/2022\\\/04\\\/8-2022-04-13-14-45-33-cistacica-1.jpg\",\"contentUrl\":\"https:\\\/\\\/radioljubuski.ba\\\/wp-content\\\/uploads\\\/2022\\\/04\\\/8-2022-04-13-14-45-33-cistacica-1.jpg\",\"width\":1000,\"height\":625},{\"@type\":\"BreadcrumbList\",\"@id\":\"https:\\\/\\\/radioljubuski.ba\\\/index.php\\\/2022\\\/08\\\/03\\\/oglas-u-austriji-izazvao-kritike-skola-trazi-cistacicu-osobe-iz-bih-ne-dolaze-u-obzir\\\/#breadcrumb\",\"itemListElement\":[{\"@type\":\"ListItem\",\"position\":1,\"name\":\"Po\u010detna stranica\",\"item\":\"https:\\\/\\\/radioljubuski.ba\\\/\"},{\"@type\":\"ListItem\",\"position\":2,\"name\":\"Oglas u Austriji izazvao kritike: \u0160kola tra\u017ei \u010dista\u010dicu, osobe iz BiH ne dolaze u obzir\"}]},{\"@type\":\"WebSite\",\"@id\":\"https:\\\/\\\/radioljubuski.ba\\\/#website\",\"url\":\"https:\\\/\\\/radioljubuski.ba\\\/\",\"name\":\"Radio Ljubu\u0161ki\",\"description\":\"Sun\u010dana frekvencija Hercegovine\",\"publisher\":{\"@id\":\"https:\\\/\\\/radioljubuski.ba\\\/#organization\"},\"potentialAction\":[{\"@type\":\"SearchAction\",\"target\":{\"@type\":\"EntryPoint\",\"urlTemplate\":\"https:\\\/\\\/radioljubuski.ba\\\/?s={search_term_string}\"},\"query-input\":{\"@type\":\"PropertyValueSpecification\",\"valueRequired\":true,\"valueName\":\"search_term_string\"}}],\"inLanguage\":\"hr\"},{\"@type\":\"Organization\",\"@id\":\"https:\\\/\\\/radioljubuski.ba\\\/#organization\",\"name\":\"Radio Ljubu\u0161ki\",\"url\":\"https:\\\/\\\/radioljubuski.ba\\\/\",\"logo\":{\"@type\":\"ImageObject\",\"inLanguage\":\"hr\",\"@id\":\"https:\\\/\\\/radioljubuski.ba\\\/#\\\/schema\\\/logo\\\/image\\\/\",\"url\":\"https:\\\/\\\/radioljubuski.ba\\\/wp-content\\\/uploads\\\/2021\\\/02\\\/cropped-Radio_Ljubuski_logo1.jpg\",\"contentUrl\":\"https:\\\/\\\/radioljubuski.ba\\\/wp-content\\\/uploads\\\/2021\\\/02\\\/cropped-Radio_Ljubuski_logo1.jpg\",\"width\":512,\"height\":512,\"caption\":\"Radio Ljubu\u0161ki\"},\"image\":{\"@id\":\"https:\\\/\\\/radioljubuski.ba\\\/#\\\/schema\\\/logo\\\/image\\\/\"},\"sameAs\":[\"https:\\\/\\\/www.facebook.com\\\/Radiio-Ljubuski-1490835324566332\",\"https:\\\/\\\/x.com\\\/radioljubuski\",\"https:\\\/\\\/hr.linkedin.com\\\/company\\\/radio-ljubuski\",\"https:\\\/\\\/www.youtube.com\\\/channel\\\/UCHYaeO_n0Db3tjNGudGpXyw\"]},{\"@type\":\"Person\",\"@id\":\"https:\\\/\\\/radioljubuski.ba\\\/#\\\/schema\\\/person\\\/19fc700381a780f69665d7956c469e3b\",\"name\":\"Radio Ljubu\u0161ki\"}]}<\/script>\n<!-- \/ Yoast SEO plugin. -->","yoast_head_json":{"title":"Oglas u Austriji izazvao kritike: \u0160kola tra\u017ei \u010dista\u010dicu, osobe iz BiH ne dolaze u obzir - RADIO LJUBU\u0160KI","robots":{"index":"index","follow":"follow","max-snippet":"max-snippet:-1","max-image-preview":"max-image-preview:large","max-video-preview":"max-video-preview:-1"},"canonical":"https:\/\/radioljubuski.ba\/index.php\/2022\/08\/03\/oglas-u-austriji-izazvao-kritike-skola-trazi-cistacicu-osobe-iz-bih-ne-dolaze-u-obzir\/","og_locale":"hr_HR","og_type":"article","og_title":"Oglas u Austriji izazvao kritike: \u0160kola tra\u017ei \u010dista\u010dicu, osobe iz BiH ne dolaze u obzir - RADIO LJUBU\u0160KI","og_description":"Oglas za posao u \u0161koli u Donjoj Austriji je izazvao dosta reakcija. Dr\u017eavljani BiH, na primjer, ne smiju se prijaviti za posao, prenosi&nbsp;Fenix. Naime, \u0161kola u okrugu St. P\u00f6lten-Land tra\u017ei \u010dista\u010dicu\/\u010dista\u010da na 15 sati tjedno. Nakon \u0161est mjeseci na odre\u0111eno vrijeme mogu\u0107 je radni odnos na neodre\u0111eno vrijeme. Zadaci: Samostalno provo\u0111enje poslova \u010di\u0161\u0107enja i po\u0161tivanje [&hellip;]","og_url":"https:\/\/radioljubuski.ba\/index.php\/2022\/08\/03\/oglas-u-austriji-izazvao-kritike-skola-trazi-cistacicu-osobe-iz-bih-ne-dolaze-u-obzir\/","og_site_name":"RADIO LJUBU\u0160KI","article_publisher":"https:\/\/www.facebook.com\/Radiio-Ljubuski-1490835324566332","article_published_time":"2022-08-03T11:08:49+00:00","article_modified_time":"2022-08-03T11:08:51+00:00","og_image":[{"width":1000,"height":625,"url":"https:\/\/radioljubuski.ba\/wp-content\/uploads\/2022\/04\/8-2022-04-13-14-45-33-cistacica-1.jpg","type":"image\/jpeg"}],"author":"Radio Ljubu\u0161ki","twitter_card":"summary_large_image","twitter_creator":"@radioljubuski","twitter_site":"@radioljubuski","twitter_misc":{"Napisao\/la":"Radio Ljubu\u0161ki","Procijenjeno vrijeme \u010ditanja":"1 minuta"},"schema":{"@context":"https:\/\/schema.org","@graph":[{"@type":"Article","@id":"https:\/\/radioljubuski.ba\/index.php\/2022\/08\/03\/oglas-u-austriji-izazvao-kritike-skola-trazi-cistacicu-osobe-iz-bih-ne-dolaze-u-obzir\/#article","isPartOf":{"@id":"https:\/\/radioljubuski.ba\/index.php\/2022\/08\/03\/oglas-u-austriji-izazvao-kritike-skola-trazi-cistacicu-osobe-iz-bih-ne-dolaze-u-obzir\/"},"author":{"name":"Radio Ljubu\u0161ki","@id":"https:\/\/radioljubuski.ba\/#\/schema\/person\/19fc700381a780f69665d7956c469e3b"},"headline":"Oglas u Austriji izazvao kritike: \u0160kola tra\u017ei \u010dista\u010dicu, osobe iz BiH ne dolaze u obzir","datePublished":"2022-08-03T11:08:49+00:00","dateModified":"2022-08-03T11:08:51+00:00","mainEntityOfPage":{"@id":"https:\/\/radioljubuski.ba\/index.php\/2022\/08\/03\/oglas-u-austriji-izazvao-kritike-skola-trazi-cistacicu-osobe-iz-bih-ne-dolaze-u-obzir\/"},"wordCount":258,"publisher":{"@id":"https:\/\/radioljubuski.ba\/#organization"},"image":{"@id":"https:\/\/radioljubuski.ba\/index.php\/2022\/08\/03\/oglas-u-austriji-izazvao-kritike-skola-trazi-cistacicu-osobe-iz-bih-ne-dolaze-u-obzir\/#primaryimage"},"thumbnailUrl":"https:\/\/radioljubuski.ba\/wp-content\/uploads\/2022\/04\/8-2022-04-13-14-45-33-cistacica-1.jpg","articleSection":["BIH i regija"],"inLanguage":"hr"},{"@type":"WebPage","@id":"https:\/\/radioljubuski.ba\/index.php\/2022\/08\/03\/oglas-u-austriji-izazvao-kritike-skola-trazi-cistacicu-osobe-iz-bih-ne-dolaze-u-obzir\/","url":"https:\/\/radioljubuski.ba\/index.php\/2022\/08\/03\/oglas-u-austriji-izazvao-kritike-skola-trazi-cistacicu-osobe-iz-bih-ne-dolaze-u-obzir\/","name":"Oglas u Austriji izazvao kritike: \u0160kola tra\u017ei \u010dista\u010dicu, osobe iz BiH ne dolaze u obzir - RADIO LJUBU\u0160KI","isPartOf":{"@id":"https:\/\/radioljubuski.ba\/#website"},"primaryImageOfPage":{"@id":"https:\/\/radioljubuski.ba\/index.php\/2022\/08\/03\/oglas-u-austriji-izazvao-kritike-skola-trazi-cistacicu-osobe-iz-bih-ne-dolaze-u-obzir\/#primaryimage"},"image":{"@id":"https:\/\/radioljubuski.ba\/index.php\/2022\/08\/03\/oglas-u-austriji-izazvao-kritike-skola-trazi-cistacicu-osobe-iz-bih-ne-dolaze-u-obzir\/#primaryimage"},"thumbnailUrl":"https:\/\/radioljubuski.ba\/wp-content\/uploads\/2022\/04\/8-2022-04-13-14-45-33-cistacica-1.jpg","datePublished":"2022-08-03T11:08:49+00:00","dateModified":"2022-08-03T11:08:51+00:00","breadcrumb":{"@id":"https:\/\/radioljubuski.ba\/index.php\/2022\/08\/03\/oglas-u-austriji-izazvao-kritike-skola-trazi-cistacicu-osobe-iz-bih-ne-dolaze-u-obzir\/#breadcrumb"},"inLanguage":"hr","potentialAction":[{"@type":"ReadAction","target":["https:\/\/radioljubuski.ba\/index.php\/2022\/08\/03\/oglas-u-austriji-izazvao-kritike-skola-trazi-cistacicu-osobe-iz-bih-ne-dolaze-u-obzir\/"]}]},{"@type":"ImageObject","inLanguage":"hr","@id":"https:\/\/radioljubuski.ba\/index.php\/2022\/08\/03\/oglas-u-austriji-izazvao-kritike-skola-trazi-cistacicu-osobe-iz-bih-ne-dolaze-u-obzir\/#primaryimage","url":"https:\/\/radioljubuski.ba\/wp-content\/uploads\/2022\/04\/8-2022-04-13-14-45-33-cistacica-1.jpg","contentUrl":"https:\/\/radioljubuski.ba\/wp-content\/uploads\/2022\/04\/8-2022-04-13-14-45-33-cistacica-1.jpg","width":1000,"height":625},{"@type":"BreadcrumbList","@id":"https:\/\/radioljubuski.ba\/index.php\/2022\/08\/03\/oglas-u-austriji-izazvao-kritike-skola-trazi-cistacicu-osobe-iz-bih-ne-dolaze-u-obzir\/#breadcrumb","itemListElement":[{"@type":"ListItem","position":1,"name":"Po\u010detna stranica","item":"https:\/\/radioljubuski.ba\/"},{"@type":"ListItem","position":2,"name":"Oglas u Austriji izazvao kritike: \u0160kola tra\u017ei \u010dista\u010dicu, osobe iz BiH ne dolaze u obzir"}]},{"@type":"WebSite","@id":"https:\/\/radioljubuski.ba\/#website","url":"https:\/\/radioljubuski.ba\/","name":"Radio Ljubu\u0161ki","description":"Sun\u010dana frekvencija Hercegovine","publisher":{"@id":"https:\/\/radioljubuski.ba\/#organization"},"potentialAction":[{"@type":"SearchAction","target":{"@type":"EntryPoint","urlTemplate":"https:\/\/radioljubuski.ba\/?s={search_term_string}"},"query-input":{"@type":"PropertyValueSpecification","valueRequired":true,"valueName":"search_term_string"}}],"inLanguage":"hr"},{"@type":"Organization","@id":"https:\/\/radioljubuski.ba\/#organization","name":"Radio Ljubu\u0161ki","url":"https:\/\/radioljubuski.ba\/","logo":{"@type":"ImageObject","inLanguage":"hr","@id":"https:\/\/radioljubuski.ba\/#\/schema\/logo\/image\/","url":"https:\/\/radioljubuski.ba\/wp-content\/uploads\/2021\/02\/cropped-Radio_Ljubuski_logo1.jpg","contentUrl":"https:\/\/radioljubuski.ba\/wp-content\/uploads\/2021\/02\/cropped-Radio_Ljubuski_logo1.jpg","width":512,"height":512,"caption":"Radio Ljubu\u0161ki"},"image":{"@id":"https:\/\/radioljubuski.ba\/#\/schema\/logo\/image\/"},"sameAs":["https:\/\/www.facebook.com\/Radiio-Ljubuski-1490835324566332","https:\/\/x.com\/radioljubuski","https:\/\/hr.linkedin.com\/company\/radio-ljubuski","https:\/\/www.youtube.com\/channel\/UCHYaeO_n0Db3tjNGudGpXyw"]},{"@type":"Person","@id":"https:\/\/radioljubuski.ba\/#\/schema\/person\/19fc700381a780f69665d7956c469e3b","name":"Radio Ljubu\u0161ki"}]}},"_links":{"self":[{"href":"https:\/\/radioljubuski.ba\/index.php\/wp-json\/wp\/v2\/posts\/166196","targetHints":{"allow":["GET"]}}],"collection":[{"href":"https:\/\/radioljubuski.ba\/index.php\/wp-json\/wp\/v2\/posts"}],"about":[{"href":"https:\/\/radioljubuski.ba\/index.php\/wp-json\/wp\/v2\/types\/post"}],"author":[{"embeddable":true,"href":"https:\/\/radioljubuski.ba\/index.php\/wp-json\/wp\/v2\/users\/2"}],"replies":[{"embeddable":true,"href":"https:\/\/radioljubuski.ba\/index.php\/wp-json\/wp\/v2\/comments?post=166196"}],"version-history":[{"count":1,"href":"https:\/\/radioljubuski.ba\/index.php\/wp-json\/wp\/v2\/posts\/166196\/revisions"}],"predecessor-version":[{"id":166197,"href":"https:\/\/radioljubuski.ba\/index.php\/wp-json\/wp\/v2\/posts\/166196\/revisions\/166197"}],"wp:featuredmedia":[{"embeddable":true,"href":"https:\/\/radioljubuski.ba\/index.php\/wp-json\/wp\/v2\/media\/132628"}],"wp:attachment":[{"href":"https:\/\/radioljubuski.ba\/index.php\/wp-json\/wp\/v2\/media?parent=166196"}],"wp:term":[{"taxonomy":"category","embeddable":true,"href":"https:\/\/radioljubuski.ba\/index.php\/wp-json\/wp\/v2\/categories?post=166196"},{"taxonomy":"post_tag","embeddable":true,"href":"https:\/\/radioljubuski.ba\/index.php\/wp-json\/wp\/v2\/tags?post=166196"}],"curies":[{"name":"wp","href":"https:\/\/api.w.org\/{rel}","templated":true}]}}