{"id":166202,"date":"2022-08-04T07:06:04","date_gmt":"2022-08-04T06:06:04","guid":{"rendered":"https:\/\/radioljubuski.ba\/?p=166202"},"modified":"2022-08-04T07:06:06","modified_gmt":"2022-08-04T06:06:06","slug":"dvije-osobe-ubijene-a-dvije-ranjene-u-pucnjavi-kod-gruda","status":"publish","type":"post","link":"https:\/\/radioljubuski.ba\/index.php\/2022\/08\/04\/dvije-osobe-ubijene-a-dvije-ranjene-u-pucnjavi-kod-gruda\/","title":{"rendered":"Dvije osobe ubijene, a dvije ranjene u pucnjavi kod Gruda"},"content":{"rendered":"\n<p>Dvije osobe ubijene su, a jo\u0161 dvije ranjene u pucnjavi koja se protekle no\u0107i dogodila u mjestu Gorica kod Gruda, potvr\u0111eno je za portal Jabuka.tv iz Tu\u017eiteljstva \u017dZH.<\/p>\n\n\n\n<p>Po\u010dinitelj je uhi\u0107en. U tijeku su o\u010devidne radnje, vi\u0161e informacija trenutno nismo u mogu\u0107nosti dati, rekla je za portal Jabuka.tv glasnogovornica \u017dupanijskog tu\u017eiteljstva \u017dupanije Zapadnohercegova\u010dke Petrunjela Matijevi\u0107.Kako neslu\u017ebeno doznajemo, mu\u0161karac je \u201dupao\u201d na jednu fe\u0161tu te je iz automatske pu\u0161ke po\u010deo pucati po ljudima. Navodno je svemu prethodila sva\u0111a.<\/p>\n\n\n\n<p> Izvor<a href=\"https:\/\/iks-portal.info\/informacije\/crna-kronika\/item\/20156-dvije-osobe-ubijene-a-dvije-ranjene-u-pucnjavi-kod-gruda.html\">:Iks portal<\/a><\/p>\n","protected":false},"excerpt":{"rendered":"<p>Dvije osobe ubijene su, a jo\u0161 dvije ranjene u pucnjavi koja se protekle no\u0107i dogodila u mjestu Gorica kod Gruda, potvr\u0111eno je za portal Jabuka.tv iz Tu\u017eiteljstva \u017dZH. Po\u010dinitelj je uhi\u0107en. U tijeku su o\u010devidne radnje, vi\u0161e informacija trenutno nismo u mogu\u0107nosti dati, rekla je za portal Jabuka.tv glasnogovornica \u017dupanijskog tu\u017eiteljstva \u017dupanije Zapadnohercegova\u010dke Petrunjela Matijevi\u0107.Kako [&hellip;]<\/p>\n","protected":false},"author":2,"featured_media":166203,"comment_status":"closed","ping_status":"closed","sticky":false,"template":"","format":"standard","meta":{"h5ap_radio_sources":[],"footnotes":""},"categories":[1],"tags":[],"class_list":["post-166202","post","type-post","status-publish","format-standard","has-post-thumbnail","hentry","category-bihiregija"],"yoast_head":"<!-- This site is optimized with the Yoast SEO plugin v27.4 - https:\/\/yoast.com\/product\/yoast-seo-wordpress\/ -->\n<title>Dvije osobe ubijene, a dvije ranjene u pucnjavi kod Gruda - RADIO LJUBU\u0160KI<\/title>\n<meta name=\"robots\" content=\"index, follow, max-snippet:-1, max-image-preview:large, max-video-preview:-1\" \/>\n<link rel=\"canonical\" href=\"https:\/\/radioljubuski.ba\/index.php\/2022\/08\/04\/dvije-osobe-ubijene-a-dvije-ranjene-u-pucnjavi-kod-gruda\/\" \/>\n<meta property=\"og:locale\" content=\"hr_HR\" \/>\n<meta property=\"og:type\" content=\"article\" \/>\n<meta property=\"og:title\" content=\"Dvije osobe ubijene, a dvije ranjene u pucnjavi kod Gruda - RADIO LJUBU\u0160KI\" \/>\n<meta property=\"og:description\" content=\"Dvije osobe ubijene su, a jo\u0161 dvije ranjene u pucnjavi koja se protekle no\u0107i dogodila u mjestu Gorica kod Gruda, potvr\u0111eno je za portal Jabuka.tv iz Tu\u017eiteljstva \u017dZH. Po\u010dinitelj je uhi\u0107en. U tijeku su o\u010devidne radnje, vi\u0161e informacija trenutno nismo u mogu\u0107nosti dati, rekla je za portal Jabuka.tv glasnogovornica \u017dupanijskog tu\u017eiteljstva \u017dupanije Zapadnohercegova\u010dke Petrunjela Matijevi\u0107.Kako [&hellip;]\" \/>\n<meta property=\"og:url\" content=\"https:\/\/radioljubuski.ba\/index.php\/2022\/08\/04\/dvije-osobe-ubijene-a-dvije-ranjene-u-pucnjavi-kod-gruda\/\" \/>\n<meta property=\"og:site_name\" content=\"RADIO LJUBU\u0160KI\" \/>\n<meta property=\"article:publisher\" content=\"https:\/\/www.facebook.com\/Radiio-Ljubuski-1490835324566332\" \/>\n<meta property=\"article:published_time\" content=\"2022-08-04T06:06:04+00:00\" \/>\n<meta property=\"article:modified_time\" content=\"2022-08-04T06:06:06+00:00\" \/>\n<meta property=\"og:image\" content=\"https:\/\/radioljubuski.ba\/wp-content\/uploads\/2022\/08\/8d961b13f5604305be353cb894de27a5_XL.jpg\" \/>\n\t<meta property=\"og:image:width\" content=\"1024\" \/>\n\t<meta property=\"og:image:height\" content=\"697\" \/>\n\t<meta property=\"og:image:type\" content=\"image\/jpeg\" \/>\n<meta name=\"author\" content=\"Radio Ljubu\u0161ki\" \/>\n<meta name=\"twitter:card\" content=\"summary_large_image\" \/>\n<meta name=\"twitter:creator\" content=\"@radioljubuski\" \/>\n<meta name=\"twitter:site\" content=\"@radioljubuski\" \/>\n<meta name=\"twitter:label1\" content=\"Napisao\/la\" \/>\n\t<meta name=\"twitter:data1\" content=\"Radio Ljubu\u0161ki\" \/>\n\t<meta name=\"twitter:label2\" content=\"Procijenjeno vrijeme \u010ditanja\" \/>\n\t<meta name=\"twitter:data2\" content=\"1 minuta\" \/>\n<script type=\"application\/ld+json\" class=\"yoast-schema-graph\">{\"@context\":\"https:\\\/\\\/schema.org\",\"@graph\":[{\"@type\":\"Article\",\"@id\":\"https:\\\/\\\/radioljubuski.ba\\\/index.php\\\/2022\\\/08\\\/04\\\/dvije-osobe-ubijene-a-dvije-ranjene-u-pucnjavi-kod-gruda\\\/#article\",\"isPartOf\":{\"@id\":\"https:\\\/\\\/radioljubuski.ba\\\/index.php\\\/2022\\\/08\\\/04\\\/dvije-osobe-ubijene-a-dvije-ranjene-u-pucnjavi-kod-gruda\\\/\"},\"author\":{\"name\":\"Radio Ljubu\u0161ki\",\"@id\":\"https:\\\/\\\/radioljubuski.ba\\\/#\\\/schema\\\/person\\\/19fc700381a780f69665d7956c469e3b\"},\"headline\":\"Dvije osobe ubijene, a dvije ranjene u pucnjavi kod Gruda\",\"datePublished\":\"2022-08-04T06:06:04+00:00\",\"dateModified\":\"2022-08-04T06:06:06+00:00\",\"mainEntityOfPage\":{\"@id\":\"https:\\\/\\\/radioljubuski.ba\\\/index.php\\\/2022\\\/08\\\/04\\\/dvije-osobe-ubijene-a-dvije-ranjene-u-pucnjavi-kod-gruda\\\/\"},\"wordCount\":109,\"publisher\":{\"@id\":\"https:\\\/\\\/radioljubuski.ba\\\/#organization\"},\"image\":{\"@id\":\"https:\\\/\\\/radioljubuski.ba\\\/index.php\\\/2022\\\/08\\\/04\\\/dvije-osobe-ubijene-a-dvije-ranjene-u-pucnjavi-kod-gruda\\\/#primaryimage\"},\"thumbnailUrl\":\"https:\\\/\\\/radioljubuski.ba\\\/wp-content\\\/uploads\\\/2022\\\/08\\\/8d961b13f5604305be353cb894de27a5_XL.jpg\",\"articleSection\":[\"BIH i regija\"],\"inLanguage\":\"hr\"},{\"@type\":\"WebPage\",\"@id\":\"https:\\\/\\\/radioljubuski.ba\\\/index.php\\\/2022\\\/08\\\/04\\\/dvije-osobe-ubijene-a-dvije-ranjene-u-pucnjavi-kod-gruda\\\/\",\"url\":\"https:\\\/\\\/radioljubuski.ba\\\/index.php\\\/2022\\\/08\\\/04\\\/dvije-osobe-ubijene-a-dvije-ranjene-u-pucnjavi-kod-gruda\\\/\",\"name\":\"Dvije osobe ubijene, a dvije ranjene u pucnjavi kod Gruda - RADIO LJUBU\u0160KI\",\"isPartOf\":{\"@id\":\"https:\\\/\\\/radioljubuski.ba\\\/#website\"},\"primaryImageOfPage\":{\"@id\":\"https:\\\/\\\/radioljubuski.ba\\\/index.php\\\/2022\\\/08\\\/04\\\/dvije-osobe-ubijene-a-dvije-ranjene-u-pucnjavi-kod-gruda\\\/#primaryimage\"},\"image\":{\"@id\":\"https:\\\/\\\/radioljubuski.ba\\\/index.php\\\/2022\\\/08\\\/04\\\/dvije-osobe-ubijene-a-dvije-ranjene-u-pucnjavi-kod-gruda\\\/#primaryimage\"},\"thumbnailUrl\":\"https:\\\/\\\/radioljubuski.ba\\\/wp-content\\\/uploads\\\/2022\\\/08\\\/8d961b13f5604305be353cb894de27a5_XL.jpg\",\"datePublished\":\"2022-08-04T06:06:04+00:00\",\"dateModified\":\"2022-08-04T06:06:06+00:00\",\"breadcrumb\":{\"@id\":\"https:\\\/\\\/radioljubuski.ba\\\/index.php\\\/2022\\\/08\\\/04\\\/dvije-osobe-ubijene-a-dvije-ranjene-u-pucnjavi-kod-gruda\\\/#breadcrumb\"},\"inLanguage\":\"hr\",\"potentialAction\":[{\"@type\":\"ReadAction\",\"target\":[\"https:\\\/\\\/radioljubuski.ba\\\/index.php\\\/2022\\\/08\\\/04\\\/dvije-osobe-ubijene-a-dvije-ranjene-u-pucnjavi-kod-gruda\\\/\"]}]},{\"@type\":\"ImageObject\",\"inLanguage\":\"hr\",\"@id\":\"https:\\\/\\\/radioljubuski.ba\\\/index.php\\\/2022\\\/08\\\/04\\\/dvije-osobe-ubijene-a-dvije-ranjene-u-pucnjavi-kod-gruda\\\/#primaryimage\",\"url\":\"https:\\\/\\\/radioljubuski.ba\\\/wp-content\\\/uploads\\\/2022\\\/08\\\/8d961b13f5604305be353cb894de27a5_XL.jpg\",\"contentUrl\":\"https:\\\/\\\/radioljubuski.ba\\\/wp-content\\\/uploads\\\/2022\\\/08\\\/8d961b13f5604305be353cb894de27a5_XL.jpg\",\"width\":1024,\"height\":697},{\"@type\":\"BreadcrumbList\",\"@id\":\"https:\\\/\\\/radioljubuski.ba\\\/index.php\\\/2022\\\/08\\\/04\\\/dvije-osobe-ubijene-a-dvije-ranjene-u-pucnjavi-kod-gruda\\\/#breadcrumb\",\"itemListElement\":[{\"@type\":\"ListItem\",\"position\":1,\"name\":\"Po\u010detna stranica\",\"item\":\"https:\\\/\\\/radioljubuski.ba\\\/\"},{\"@type\":\"ListItem\",\"position\":2,\"name\":\"Dvije osobe ubijene, a dvije ranjene u pucnjavi kod Gruda\"}]},{\"@type\":\"WebSite\",\"@id\":\"https:\\\/\\\/radioljubuski.ba\\\/#website\",\"url\":\"https:\\\/\\\/radioljubuski.ba\\\/\",\"name\":\"Radio Ljubu\u0161ki\",\"description\":\"Sun\u010dana frekvencija Hercegovine\",\"publisher\":{\"@id\":\"https:\\\/\\\/radioljubuski.ba\\\/#organization\"},\"potentialAction\":[{\"@type\":\"SearchAction\",\"target\":{\"@type\":\"EntryPoint\",\"urlTemplate\":\"https:\\\/\\\/radioljubuski.ba\\\/?s={search_term_string}\"},\"query-input\":{\"@type\":\"PropertyValueSpecification\",\"valueRequired\":true,\"valueName\":\"search_term_string\"}}],\"inLanguage\":\"hr\"},{\"@type\":\"Organization\",\"@id\":\"https:\\\/\\\/radioljubuski.ba\\\/#organization\",\"name\":\"Radio Ljubu\u0161ki\",\"url\":\"https:\\\/\\\/radioljubuski.ba\\\/\",\"logo\":{\"@type\":\"ImageObject\",\"inLanguage\":\"hr\",\"@id\":\"https:\\\/\\\/radioljubuski.ba\\\/#\\\/schema\\\/logo\\\/image\\\/\",\"url\":\"https:\\\/\\\/radioljubuski.ba\\\/wp-content\\\/uploads\\\/2021\\\/02\\\/cropped-Radio_Ljubuski_logo1.jpg\",\"contentUrl\":\"https:\\\/\\\/radioljubuski.ba\\\/wp-content\\\/uploads\\\/2021\\\/02\\\/cropped-Radio_Ljubuski_logo1.jpg\",\"width\":512,\"height\":512,\"caption\":\"Radio Ljubu\u0161ki\"},\"image\":{\"@id\":\"https:\\\/\\\/radioljubuski.ba\\\/#\\\/schema\\\/logo\\\/image\\\/\"},\"sameAs\":[\"https:\\\/\\\/www.facebook.com\\\/Radiio-Ljubuski-1490835324566332\",\"https:\\\/\\\/x.com\\\/radioljubuski\",\"https:\\\/\\\/hr.linkedin.com\\\/company\\\/radio-ljubuski\",\"https:\\\/\\\/www.youtube.com\\\/channel\\\/UCHYaeO_n0Db3tjNGudGpXyw\"]},{\"@type\":\"Person\",\"@id\":\"https:\\\/\\\/radioljubuski.ba\\\/#\\\/schema\\\/person\\\/19fc700381a780f69665d7956c469e3b\",\"name\":\"Radio Ljubu\u0161ki\"}]}<\/script>\n<!-- \/ Yoast SEO plugin. -->","yoast_head_json":{"title":"Dvije osobe ubijene, a dvije ranjene u pucnjavi kod Gruda - RADIO LJUBU\u0160KI","robots":{"index":"index","follow":"follow","max-snippet":"max-snippet:-1","max-image-preview":"max-image-preview:large","max-video-preview":"max-video-preview:-1"},"canonical":"https:\/\/radioljubuski.ba\/index.php\/2022\/08\/04\/dvije-osobe-ubijene-a-dvije-ranjene-u-pucnjavi-kod-gruda\/","og_locale":"hr_HR","og_type":"article","og_title":"Dvije osobe ubijene, a dvije ranjene u pucnjavi kod Gruda - RADIO LJUBU\u0160KI","og_description":"Dvije osobe ubijene su, a jo\u0161 dvije ranjene u pucnjavi koja se protekle no\u0107i dogodila u mjestu Gorica kod Gruda, potvr\u0111eno je za portal Jabuka.tv iz Tu\u017eiteljstva \u017dZH. Po\u010dinitelj je uhi\u0107en. U tijeku su o\u010devidne radnje, vi\u0161e informacija trenutno nismo u mogu\u0107nosti dati, rekla je za portal Jabuka.tv glasnogovornica \u017dupanijskog tu\u017eiteljstva \u017dupanije Zapadnohercegova\u010dke Petrunjela Matijevi\u0107.Kako [&hellip;]","og_url":"https:\/\/radioljubuski.ba\/index.php\/2022\/08\/04\/dvije-osobe-ubijene-a-dvije-ranjene-u-pucnjavi-kod-gruda\/","og_site_name":"RADIO LJUBU\u0160KI","article_publisher":"https:\/\/www.facebook.com\/Radiio-Ljubuski-1490835324566332","article_published_time":"2022-08-04T06:06:04+00:00","article_modified_time":"2022-08-04T06:06:06+00:00","og_image":[{"width":1024,"height":697,"url":"https:\/\/radioljubuski.ba\/wp-content\/uploads\/2022\/08\/8d961b13f5604305be353cb894de27a5_XL.jpg","type":"image\/jpeg"}],"author":"Radio Ljubu\u0161ki","twitter_card":"summary_large_image","twitter_creator":"@radioljubuski","twitter_site":"@radioljubuski","twitter_misc":{"Napisao\/la":"Radio Ljubu\u0161ki","Procijenjeno vrijeme \u010ditanja":"1 minuta"},"schema":{"@context":"https:\/\/schema.org","@graph":[{"@type":"Article","@id":"https:\/\/radioljubuski.ba\/index.php\/2022\/08\/04\/dvije-osobe-ubijene-a-dvije-ranjene-u-pucnjavi-kod-gruda\/#article","isPartOf":{"@id":"https:\/\/radioljubuski.ba\/index.php\/2022\/08\/04\/dvije-osobe-ubijene-a-dvije-ranjene-u-pucnjavi-kod-gruda\/"},"author":{"name":"Radio Ljubu\u0161ki","@id":"https:\/\/radioljubuski.ba\/#\/schema\/person\/19fc700381a780f69665d7956c469e3b"},"headline":"Dvije osobe ubijene, a dvije ranjene u pucnjavi kod Gruda","datePublished":"2022-08-04T06:06:04+00:00","dateModified":"2022-08-04T06:06:06+00:00","mainEntityOfPage":{"@id":"https:\/\/radioljubuski.ba\/index.php\/2022\/08\/04\/dvije-osobe-ubijene-a-dvije-ranjene-u-pucnjavi-kod-gruda\/"},"wordCount":109,"publisher":{"@id":"https:\/\/radioljubuski.ba\/#organization"},"image":{"@id":"https:\/\/radioljubuski.ba\/index.php\/2022\/08\/04\/dvije-osobe-ubijene-a-dvije-ranjene-u-pucnjavi-kod-gruda\/#primaryimage"},"thumbnailUrl":"https:\/\/radioljubuski.ba\/wp-content\/uploads\/2022\/08\/8d961b13f5604305be353cb894de27a5_XL.jpg","articleSection":["BIH i regija"],"inLanguage":"hr"},{"@type":"WebPage","@id":"https:\/\/radioljubuski.ba\/index.php\/2022\/08\/04\/dvije-osobe-ubijene-a-dvije-ranjene-u-pucnjavi-kod-gruda\/","url":"https:\/\/radioljubuski.ba\/index.php\/2022\/08\/04\/dvije-osobe-ubijene-a-dvije-ranjene-u-pucnjavi-kod-gruda\/","name":"Dvije osobe ubijene, a dvije ranjene u pucnjavi kod Gruda - RADIO LJUBU\u0160KI","isPartOf":{"@id":"https:\/\/radioljubuski.ba\/#website"},"primaryImageOfPage":{"@id":"https:\/\/radioljubuski.ba\/index.php\/2022\/08\/04\/dvije-osobe-ubijene-a-dvije-ranjene-u-pucnjavi-kod-gruda\/#primaryimage"},"image":{"@id":"https:\/\/radioljubuski.ba\/index.php\/2022\/08\/04\/dvije-osobe-ubijene-a-dvije-ranjene-u-pucnjavi-kod-gruda\/#primaryimage"},"thumbnailUrl":"https:\/\/radioljubuski.ba\/wp-content\/uploads\/2022\/08\/8d961b13f5604305be353cb894de27a5_XL.jpg","datePublished":"2022-08-04T06:06:04+00:00","dateModified":"2022-08-04T06:06:06+00:00","breadcrumb":{"@id":"https:\/\/radioljubuski.ba\/index.php\/2022\/08\/04\/dvije-osobe-ubijene-a-dvije-ranjene-u-pucnjavi-kod-gruda\/#breadcrumb"},"inLanguage":"hr","potentialAction":[{"@type":"ReadAction","target":["https:\/\/radioljubuski.ba\/index.php\/2022\/08\/04\/dvije-osobe-ubijene-a-dvije-ranjene-u-pucnjavi-kod-gruda\/"]}]},{"@type":"ImageObject","inLanguage":"hr","@id":"https:\/\/radioljubuski.ba\/index.php\/2022\/08\/04\/dvije-osobe-ubijene-a-dvije-ranjene-u-pucnjavi-kod-gruda\/#primaryimage","url":"https:\/\/radioljubuski.ba\/wp-content\/uploads\/2022\/08\/8d961b13f5604305be353cb894de27a5_XL.jpg","contentUrl":"https:\/\/radioljubuski.ba\/wp-content\/uploads\/2022\/08\/8d961b13f5604305be353cb894de27a5_XL.jpg","width":1024,"height":697},{"@type":"BreadcrumbList","@id":"https:\/\/radioljubuski.ba\/index.php\/2022\/08\/04\/dvije-osobe-ubijene-a-dvije-ranjene-u-pucnjavi-kod-gruda\/#breadcrumb","itemListElement":[{"@type":"ListItem","position":1,"name":"Po\u010detna stranica","item":"https:\/\/radioljubuski.ba\/"},{"@type":"ListItem","position":2,"name":"Dvije osobe ubijene, a dvije ranjene u pucnjavi kod Gruda"}]},{"@type":"WebSite","@id":"https:\/\/radioljubuski.ba\/#website","url":"https:\/\/radioljubuski.ba\/","name":"Radio Ljubu\u0161ki","description":"Sun\u010dana frekvencija Hercegovine","publisher":{"@id":"https:\/\/radioljubuski.ba\/#organization"},"potentialAction":[{"@type":"SearchAction","target":{"@type":"EntryPoint","urlTemplate":"https:\/\/radioljubuski.ba\/?s={search_term_string}"},"query-input":{"@type":"PropertyValueSpecification","valueRequired":true,"valueName":"search_term_string"}}],"inLanguage":"hr"},{"@type":"Organization","@id":"https:\/\/radioljubuski.ba\/#organization","name":"Radio Ljubu\u0161ki","url":"https:\/\/radioljubuski.ba\/","logo":{"@type":"ImageObject","inLanguage":"hr","@id":"https:\/\/radioljubuski.ba\/#\/schema\/logo\/image\/","url":"https:\/\/radioljubuski.ba\/wp-content\/uploads\/2021\/02\/cropped-Radio_Ljubuski_logo1.jpg","contentUrl":"https:\/\/radioljubuski.ba\/wp-content\/uploads\/2021\/02\/cropped-Radio_Ljubuski_logo1.jpg","width":512,"height":512,"caption":"Radio Ljubu\u0161ki"},"image":{"@id":"https:\/\/radioljubuski.ba\/#\/schema\/logo\/image\/"},"sameAs":["https:\/\/www.facebook.com\/Radiio-Ljubuski-1490835324566332","https:\/\/x.com\/radioljubuski","https:\/\/hr.linkedin.com\/company\/radio-ljubuski","https:\/\/www.youtube.com\/channel\/UCHYaeO_n0Db3tjNGudGpXyw"]},{"@type":"Person","@id":"https:\/\/radioljubuski.ba\/#\/schema\/person\/19fc700381a780f69665d7956c469e3b","name":"Radio Ljubu\u0161ki"}]}},"_links":{"self":[{"href":"https:\/\/radioljubuski.ba\/index.php\/wp-json\/wp\/v2\/posts\/166202","targetHints":{"allow":["GET"]}}],"collection":[{"href":"https:\/\/radioljubuski.ba\/index.php\/wp-json\/wp\/v2\/posts"}],"about":[{"href":"https:\/\/radioljubuski.ba\/index.php\/wp-json\/wp\/v2\/types\/post"}],"author":[{"embeddable":true,"href":"https:\/\/radioljubuski.ba\/index.php\/wp-json\/wp\/v2\/users\/2"}],"replies":[{"embeddable":true,"href":"https:\/\/radioljubuski.ba\/index.php\/wp-json\/wp\/v2\/comments?post=166202"}],"version-history":[{"count":1,"href":"https:\/\/radioljubuski.ba\/index.php\/wp-json\/wp\/v2\/posts\/166202\/revisions"}],"predecessor-version":[{"id":166204,"href":"https:\/\/radioljubuski.ba\/index.php\/wp-json\/wp\/v2\/posts\/166202\/revisions\/166204"}],"wp:featuredmedia":[{"embeddable":true,"href":"https:\/\/radioljubuski.ba\/index.php\/wp-json\/wp\/v2\/media\/166203"}],"wp:attachment":[{"href":"https:\/\/radioljubuski.ba\/index.php\/wp-json\/wp\/v2\/media?parent=166202"}],"wp:term":[{"taxonomy":"category","embeddable":true,"href":"https:\/\/radioljubuski.ba\/index.php\/wp-json\/wp\/v2\/categories?post=166202"},{"taxonomy":"post_tag","embeddable":true,"href":"https:\/\/radioljubuski.ba\/index.php\/wp-json\/wp\/v2\/tags?post=166202"}],"curies":[{"name":"wp","href":"https:\/\/api.w.org\/{rel}","templated":true}]}}