{"id":166208,"date":"2022-08-04T07:15:10","date_gmt":"2022-08-04T06:15:10","guid":{"rendered":"https:\/\/radioljubuski.ba\/?p=166208"},"modified":"2022-08-04T07:15:11","modified_gmt":"2022-08-04T06:15:11","slug":"latvija-se-priprema-za-sukob-s-rusijom","status":"publish","type":"post","link":"https:\/\/radioljubuski.ba\/index.php\/2022\/08\/04\/latvija-se-priprema-za-sukob-s-rusijom\/","title":{"rendered":"Latvija se priprema za sukob s Rusijom"},"content":{"rendered":"\n<h5 class=\"wp-block-heading\">Latvija, balti\u010dka zemlja na granici s Rusijom, koja broji 1,9 milijuna stanovnika, strahuje da \u0107e joj se Moskva osvetiti zbog odluke o uklanjanju spomenika iz vremena Sovjetskog Saveza, a neki se pribojavaju i invazije.<\/h5>\n\n\n\n<p>Latvijski parlament je 12. svibnja usvojio odluku o\u00a0uklanjaju spomenika, me\u0111u kojima i divovskog u glavnom gradu Rigi. Uklanjanje bi moglo biti provedeno na jesen.<\/p>\n\n\n\n<p>Vjerujemo da \u0107e se\u00a0Rusija poku\u0161ati osvetiti\u00a0na neki na\u010din, ka\u017ee pod uvjetom anonimnosti osoba iz ureda Europske komisije u Rigi.\u00a0Mo\u017eda \u0107e oni na neki na\u010din\u00a0napasti latvijske objekte, robu, hakirati stranice ili na neki drugi na\u010din uzvratiti,\u00a0dodaje za Hinu.<\/p>\n\n\n\n<p>Rusija je prije pet mjeseci izvr\u0161ila invaziju na\u00a0Ukrajinu, tako\u0111er biv\u0161u \u010dlanicu Sovjetskog Saveza, pa se u Latviji pribojavaju oru\u017eanog sukoba i na svom teritoriju.<\/p>\n\n\n\n<p>Neke obitelji poput moje se\u00a0pripremaju za taj scenarij. \u017dene i djeca bi napustili zemlju automobilima, a mu\u0161karci, od kojih su mnogi pro\u0161li neku vrstu obuke, ostali bi se boriti, ka\u017ee isti izvor.<\/p>\n\n\n\n<p>Latvija je, za razliku od Ukrajine,\u00a0\u010dlanica vojnog NATO saveza\u00a0predvo\u0111enog Sjedinjenim Dr\u017eavama pa bi potencijalnim napadom na nju ostale \u010dlanice bile obvezne intervenirati.<\/p>\n\n\n\n<p>U srcu Rige nalazi se zgrada koja je 1970-ih godina bila arhitektonski simbol Sovjetskog Saveza, a koja je 1993. pretvorena u\u00a0\u201dMuzej okupacije\u201d, financiran donacijama i novcem od ulaznica.<\/p>\n\n\n\n<p>Pro\u0161li mjesec je obnovljena izlo\u017eba eksponata iz 51 godine dugog razdoblja tijekom kojeg je Latvija bila dijelom Sovjetskog Saveza od 1940.-1941., potom Njema\u010dke od 1941. do 1944. pa opet Sovjetskog Saveza od 1944. do 1991., kada je stekla samostalnost.<\/p>\n\n\n\n<p><em>Ostao je o\u017eiljak<\/em>, ka\u017ee 38-godi\u0161nji vodi\u010d Nikolajs dok skupini posjetitelja pokazuje na zidu kartu i opis gulaga, radnih logora u Sibiru gdje su otpremani politi\u010dki neistomi\u0161ljenici, javlja Hina.<\/p>\n\n\n\n<p>Nikolajsova je baka Latvijka, a djed Rus.<\/p>\n\n\n\n<h4 class=\"wp-block-heading\">Ulica ukrajinske neovisnosti<\/h4>\n\n\n\n<p>U Latviji je\u00a030 posto etni\u010dkih Rusa, od kojih su mnogi potomci radnika koji su se doseljavali ondje iz drugih dijelova Sovjetskog Saveza nakon Drugog svjetskog rata.<\/p>\n\n\n\n<p>Neki od njih svakog svibnja, na dan pobjede nad nacisti\u010dkom Njema\u010dkom, donose cvije\u0107e podno spomenika. Rusko veleposlanstvo u Rigi obi\u010dno organizira manifestacije na taj dan.<\/p>\n\n\n\n<p>No, zgradu ruskog veleposlanstva ovih dana\u00a0\u010duvaju tri policijska vozila, danju i no\u0107u.<\/p>\n\n\n\n<p>Ulicu u kojoj se nalazi veleposlanstvo gradske vlasti su preimenovale u\u00a0Ulicu ukrajinske neovisnosti. Na zidu nasuprot zgrade oslikan je ruski predsjednik Vladimir Putin s mrtva\u010dkom glavom, a okolo se ni\u017eu ukrajinske zastave i pozivi na zaustavljanje rata.<\/p>\n\n\n\n<p>Latvija istovremeno\u00a0pove\u0107ava izdatke za naoru\u017eanje.<\/p>\n\n\n\n<p>Ve\u0107 smo pre\u0161li 2 posto BDP-a u tu svrhu te idemo prema\u00a02,5 posto, rekao je latvijski premijer\u00a0Kri\u0161janis Karin\u0161.\u00a0Mi pove\u0107avamo izdatke, a pove\u0107avaju ih i na\u0161i partneri u NATO-u. S ljudstvom, opremom i sposobno\u0161\u0107u nalazimo se na\u00a0sigurnom teritoriju, dodao je pro\u0161li mjesec u Rigi.<\/p>\n\n\n\n<p>Nikolajs nastavlja pokazivati eksponate u \u201dMuzeju okupacije\u201d, gdje posljednjih tjedana pro\u0111e oko 200 posjetitelja dnevno.<\/p>\n\n\n\n<p>Me\u0111u eksponatima je bijela majica s crvenom bojom nacrtanima tenkom te srpom i \u010deki\u0107em na kojoj pi\u0161e:\u00a0Rusija \u2013 svjetska turneja. Od 1944. do danas.<\/p>\n\n\n\n<p>Ljudi vide sli\u010dnost tada\u0161njeg vremena s dana\u0161njim. Vjerujemo da \u0107e broj posjetitelja rasti, ka\u017ee Nikolajs.<\/p>\n\n\n\n<p>Izvor<a href=\"https:\/\/www.jabuka.tv\/latvija-se-priprema-za-sukob-s-rusijom\/\">: Pogled.ba <\/a><\/p>\n","protected":false},"excerpt":{"rendered":"<p>Latvija, balti\u010dka zemlja na granici s Rusijom, koja broji 1,9 milijuna stanovnika, strahuje da \u0107e joj se Moskva osvetiti zbog odluke o uklanjanju spomenika iz vremena Sovjetskog Saveza, a neki se pribojavaju i invazije. Latvijski parlament je 12. svibnja usvojio odluku o\u00a0uklanjaju spomenika, me\u0111u kojima i divovskog u glavnom gradu Rigi. Uklanjanje bi moglo biti [&hellip;]<\/p>\n","protected":false},"author":2,"featured_media":166209,"comment_status":"closed","ping_status":"closed","sticky":false,"template":"","format":"standard","meta":{"h5ap_radio_sources":[],"footnotes":""},"categories":[1],"tags":[],"class_list":["post-166208","post","type-post","status-publish","format-standard","has-post-thumbnail","hentry","category-bihiregija"],"yoast_head":"<!-- This site is optimized with the Yoast SEO plugin v27.4 - https:\/\/yoast.com\/product\/yoast-seo-wordpress\/ -->\n<title>Latvija se priprema za sukob s Rusijom - RADIO LJUBU\u0160KI<\/title>\n<meta name=\"robots\" content=\"index, follow, max-snippet:-1, max-image-preview:large, max-video-preview:-1\" \/>\n<link rel=\"canonical\" href=\"https:\/\/radioljubuski.ba\/index.php\/2022\/08\/04\/latvija-se-priprema-za-sukob-s-rusijom\/\" \/>\n<meta property=\"og:locale\" content=\"hr_HR\" \/>\n<meta property=\"og:type\" content=\"article\" \/>\n<meta property=\"og:title\" content=\"Latvija se priprema za sukob s Rusijom - RADIO LJUBU\u0160KI\" \/>\n<meta property=\"og:description\" content=\"Latvija, balti\u010dka zemlja na granici s Rusijom, koja broji 1,9 milijuna stanovnika, strahuje da \u0107e joj se Moskva osvetiti zbog odluke o uklanjanju spomenika iz vremena Sovjetskog Saveza, a neki se pribojavaju i invazije. Latvijski parlament je 12. svibnja usvojio odluku o\u00a0uklanjaju spomenika, me\u0111u kojima i divovskog u glavnom gradu Rigi. Uklanjanje bi moglo biti [&hellip;]\" \/>\n<meta property=\"og:url\" content=\"https:\/\/radioljubuski.ba\/index.php\/2022\/08\/04\/latvija-se-priprema-za-sukob-s-rusijom\/\" \/>\n<meta property=\"og:site_name\" content=\"RADIO LJUBU\u0160KI\" \/>\n<meta property=\"article:publisher\" content=\"https:\/\/www.facebook.com\/Radiio-Ljubuski-1490835324566332\" \/>\n<meta property=\"article:published_time\" content=\"2022-08-04T06:15:10+00:00\" \/>\n<meta property=\"article:modified_time\" content=\"2022-08-04T06:15:11+00:00\" \/>\n<meta property=\"og:image\" content=\"https:\/\/radioljubuski.ba\/wp-content\/uploads\/2022\/08\/latvija-1.jpg\" \/>\n\t<meta property=\"og:image:width\" content=\"810\" \/>\n\t<meta property=\"og:image:height\" content=\"483\" \/>\n\t<meta property=\"og:image:type\" content=\"image\/jpeg\" \/>\n<meta name=\"author\" content=\"Radio Ljubu\u0161ki\" \/>\n<meta name=\"twitter:card\" content=\"summary_large_image\" \/>\n<meta name=\"twitter:creator\" content=\"@radioljubuski\" \/>\n<meta name=\"twitter:site\" content=\"@radioljubuski\" \/>\n<meta name=\"twitter:label1\" content=\"Napisao\/la\" \/>\n\t<meta name=\"twitter:data1\" content=\"Radio Ljubu\u0161ki\" \/>\n\t<meta name=\"twitter:label2\" content=\"Procijenjeno vrijeme \u010ditanja\" \/>\n\t<meta name=\"twitter:data2\" content=\"3 minute\" \/>\n<script type=\"application\/ld+json\" class=\"yoast-schema-graph\">{\"@context\":\"https:\\\/\\\/schema.org\",\"@graph\":[{\"@type\":\"Article\",\"@id\":\"https:\\\/\\\/radioljubuski.ba\\\/index.php\\\/2022\\\/08\\\/04\\\/latvija-se-priprema-za-sukob-s-rusijom\\\/#article\",\"isPartOf\":{\"@id\":\"https:\\\/\\\/radioljubuski.ba\\\/index.php\\\/2022\\\/08\\\/04\\\/latvija-se-priprema-za-sukob-s-rusijom\\\/\"},\"author\":{\"name\":\"Radio Ljubu\u0161ki\",\"@id\":\"https:\\\/\\\/radioljubuski.ba\\\/#\\\/schema\\\/person\\\/19fc700381a780f69665d7956c469e3b\"},\"headline\":\"Latvija se priprema za sukob s Rusijom\",\"datePublished\":\"2022-08-04T06:15:10+00:00\",\"dateModified\":\"2022-08-04T06:15:11+00:00\",\"mainEntityOfPage\":{\"@id\":\"https:\\\/\\\/radioljubuski.ba\\\/index.php\\\/2022\\\/08\\\/04\\\/latvija-se-priprema-za-sukob-s-rusijom\\\/\"},\"wordCount\":546,\"publisher\":{\"@id\":\"https:\\\/\\\/radioljubuski.ba\\\/#organization\"},\"image\":{\"@id\":\"https:\\\/\\\/radioljubuski.ba\\\/index.php\\\/2022\\\/08\\\/04\\\/latvija-se-priprema-za-sukob-s-rusijom\\\/#primaryimage\"},\"thumbnailUrl\":\"https:\\\/\\\/radioljubuski.ba\\\/wp-content\\\/uploads\\\/2022\\\/08\\\/latvija-1.jpg\",\"articleSection\":[\"BIH i regija\"],\"inLanguage\":\"hr\"},{\"@type\":\"WebPage\",\"@id\":\"https:\\\/\\\/radioljubuski.ba\\\/index.php\\\/2022\\\/08\\\/04\\\/latvija-se-priprema-za-sukob-s-rusijom\\\/\",\"url\":\"https:\\\/\\\/radioljubuski.ba\\\/index.php\\\/2022\\\/08\\\/04\\\/latvija-se-priprema-za-sukob-s-rusijom\\\/\",\"name\":\"Latvija se priprema za sukob s Rusijom - RADIO LJUBU\u0160KI\",\"isPartOf\":{\"@id\":\"https:\\\/\\\/radioljubuski.ba\\\/#website\"},\"primaryImageOfPage\":{\"@id\":\"https:\\\/\\\/radioljubuski.ba\\\/index.php\\\/2022\\\/08\\\/04\\\/latvija-se-priprema-za-sukob-s-rusijom\\\/#primaryimage\"},\"image\":{\"@id\":\"https:\\\/\\\/radioljubuski.ba\\\/index.php\\\/2022\\\/08\\\/04\\\/latvija-se-priprema-za-sukob-s-rusijom\\\/#primaryimage\"},\"thumbnailUrl\":\"https:\\\/\\\/radioljubuski.ba\\\/wp-content\\\/uploads\\\/2022\\\/08\\\/latvija-1.jpg\",\"datePublished\":\"2022-08-04T06:15:10+00:00\",\"dateModified\":\"2022-08-04T06:15:11+00:00\",\"breadcrumb\":{\"@id\":\"https:\\\/\\\/radioljubuski.ba\\\/index.php\\\/2022\\\/08\\\/04\\\/latvija-se-priprema-za-sukob-s-rusijom\\\/#breadcrumb\"},\"inLanguage\":\"hr\",\"potentialAction\":[{\"@type\":\"ReadAction\",\"target\":[\"https:\\\/\\\/radioljubuski.ba\\\/index.php\\\/2022\\\/08\\\/04\\\/latvija-se-priprema-za-sukob-s-rusijom\\\/\"]}]},{\"@type\":\"ImageObject\",\"inLanguage\":\"hr\",\"@id\":\"https:\\\/\\\/radioljubuski.ba\\\/index.php\\\/2022\\\/08\\\/04\\\/latvija-se-priprema-za-sukob-s-rusijom\\\/#primaryimage\",\"url\":\"https:\\\/\\\/radioljubuski.ba\\\/wp-content\\\/uploads\\\/2022\\\/08\\\/latvija-1.jpg\",\"contentUrl\":\"https:\\\/\\\/radioljubuski.ba\\\/wp-content\\\/uploads\\\/2022\\\/08\\\/latvija-1.jpg\",\"width\":810,\"height\":483},{\"@type\":\"BreadcrumbList\",\"@id\":\"https:\\\/\\\/radioljubuski.ba\\\/index.php\\\/2022\\\/08\\\/04\\\/latvija-se-priprema-za-sukob-s-rusijom\\\/#breadcrumb\",\"itemListElement\":[{\"@type\":\"ListItem\",\"position\":1,\"name\":\"Po\u010detna stranica\",\"item\":\"https:\\\/\\\/radioljubuski.ba\\\/\"},{\"@type\":\"ListItem\",\"position\":2,\"name\":\"Latvija se priprema za sukob s Rusijom\"}]},{\"@type\":\"WebSite\",\"@id\":\"https:\\\/\\\/radioljubuski.ba\\\/#website\",\"url\":\"https:\\\/\\\/radioljubuski.ba\\\/\",\"name\":\"Radio Ljubu\u0161ki\",\"description\":\"Sun\u010dana frekvencija Hercegovine\",\"publisher\":{\"@id\":\"https:\\\/\\\/radioljubuski.ba\\\/#organization\"},\"potentialAction\":[{\"@type\":\"SearchAction\",\"target\":{\"@type\":\"EntryPoint\",\"urlTemplate\":\"https:\\\/\\\/radioljubuski.ba\\\/?s={search_term_string}\"},\"query-input\":{\"@type\":\"PropertyValueSpecification\",\"valueRequired\":true,\"valueName\":\"search_term_string\"}}],\"inLanguage\":\"hr\"},{\"@type\":\"Organization\",\"@id\":\"https:\\\/\\\/radioljubuski.ba\\\/#organization\",\"name\":\"Radio Ljubu\u0161ki\",\"url\":\"https:\\\/\\\/radioljubuski.ba\\\/\",\"logo\":{\"@type\":\"ImageObject\",\"inLanguage\":\"hr\",\"@id\":\"https:\\\/\\\/radioljubuski.ba\\\/#\\\/schema\\\/logo\\\/image\\\/\",\"url\":\"https:\\\/\\\/radioljubuski.ba\\\/wp-content\\\/uploads\\\/2021\\\/02\\\/cropped-Radio_Ljubuski_logo1.jpg\",\"contentUrl\":\"https:\\\/\\\/radioljubuski.ba\\\/wp-content\\\/uploads\\\/2021\\\/02\\\/cropped-Radio_Ljubuski_logo1.jpg\",\"width\":512,\"height\":512,\"caption\":\"Radio Ljubu\u0161ki\"},\"image\":{\"@id\":\"https:\\\/\\\/radioljubuski.ba\\\/#\\\/schema\\\/logo\\\/image\\\/\"},\"sameAs\":[\"https:\\\/\\\/www.facebook.com\\\/Radiio-Ljubuski-1490835324566332\",\"https:\\\/\\\/x.com\\\/radioljubuski\",\"https:\\\/\\\/hr.linkedin.com\\\/company\\\/radio-ljubuski\",\"https:\\\/\\\/www.youtube.com\\\/channel\\\/UCHYaeO_n0Db3tjNGudGpXyw\"]},{\"@type\":\"Person\",\"@id\":\"https:\\\/\\\/radioljubuski.ba\\\/#\\\/schema\\\/person\\\/19fc700381a780f69665d7956c469e3b\",\"name\":\"Radio Ljubu\u0161ki\"}]}<\/script>\n<!-- \/ Yoast SEO plugin. -->","yoast_head_json":{"title":"Latvija se priprema za sukob s Rusijom - RADIO LJUBU\u0160KI","robots":{"index":"index","follow":"follow","max-snippet":"max-snippet:-1","max-image-preview":"max-image-preview:large","max-video-preview":"max-video-preview:-1"},"canonical":"https:\/\/radioljubuski.ba\/index.php\/2022\/08\/04\/latvija-se-priprema-za-sukob-s-rusijom\/","og_locale":"hr_HR","og_type":"article","og_title":"Latvija se priprema za sukob s Rusijom - RADIO LJUBU\u0160KI","og_description":"Latvija, balti\u010dka zemlja na granici s Rusijom, koja broji 1,9 milijuna stanovnika, strahuje da \u0107e joj se Moskva osvetiti zbog odluke o uklanjanju spomenika iz vremena Sovjetskog Saveza, a neki se pribojavaju i invazije. Latvijski parlament je 12. svibnja usvojio odluku o\u00a0uklanjaju spomenika, me\u0111u kojima i divovskog u glavnom gradu Rigi. Uklanjanje bi moglo biti [&hellip;]","og_url":"https:\/\/radioljubuski.ba\/index.php\/2022\/08\/04\/latvija-se-priprema-za-sukob-s-rusijom\/","og_site_name":"RADIO LJUBU\u0160KI","article_publisher":"https:\/\/www.facebook.com\/Radiio-Ljubuski-1490835324566332","article_published_time":"2022-08-04T06:15:10+00:00","article_modified_time":"2022-08-04T06:15:11+00:00","og_image":[{"width":810,"height":483,"url":"https:\/\/radioljubuski.ba\/wp-content\/uploads\/2022\/08\/latvija-1.jpg","type":"image\/jpeg"}],"author":"Radio Ljubu\u0161ki","twitter_card":"summary_large_image","twitter_creator":"@radioljubuski","twitter_site":"@radioljubuski","twitter_misc":{"Napisao\/la":"Radio Ljubu\u0161ki","Procijenjeno vrijeme \u010ditanja":"3 minute"},"schema":{"@context":"https:\/\/schema.org","@graph":[{"@type":"Article","@id":"https:\/\/radioljubuski.ba\/index.php\/2022\/08\/04\/latvija-se-priprema-za-sukob-s-rusijom\/#article","isPartOf":{"@id":"https:\/\/radioljubuski.ba\/index.php\/2022\/08\/04\/latvija-se-priprema-za-sukob-s-rusijom\/"},"author":{"name":"Radio Ljubu\u0161ki","@id":"https:\/\/radioljubuski.ba\/#\/schema\/person\/19fc700381a780f69665d7956c469e3b"},"headline":"Latvija se priprema za sukob s Rusijom","datePublished":"2022-08-04T06:15:10+00:00","dateModified":"2022-08-04T06:15:11+00:00","mainEntityOfPage":{"@id":"https:\/\/radioljubuski.ba\/index.php\/2022\/08\/04\/latvija-se-priprema-za-sukob-s-rusijom\/"},"wordCount":546,"publisher":{"@id":"https:\/\/radioljubuski.ba\/#organization"},"image":{"@id":"https:\/\/radioljubuski.ba\/index.php\/2022\/08\/04\/latvija-se-priprema-za-sukob-s-rusijom\/#primaryimage"},"thumbnailUrl":"https:\/\/radioljubuski.ba\/wp-content\/uploads\/2022\/08\/latvija-1.jpg","articleSection":["BIH i regija"],"inLanguage":"hr"},{"@type":"WebPage","@id":"https:\/\/radioljubuski.ba\/index.php\/2022\/08\/04\/latvija-se-priprema-za-sukob-s-rusijom\/","url":"https:\/\/radioljubuski.ba\/index.php\/2022\/08\/04\/latvija-se-priprema-za-sukob-s-rusijom\/","name":"Latvija se priprema za sukob s Rusijom - RADIO LJUBU\u0160KI","isPartOf":{"@id":"https:\/\/radioljubuski.ba\/#website"},"primaryImageOfPage":{"@id":"https:\/\/radioljubuski.ba\/index.php\/2022\/08\/04\/latvija-se-priprema-za-sukob-s-rusijom\/#primaryimage"},"image":{"@id":"https:\/\/radioljubuski.ba\/index.php\/2022\/08\/04\/latvija-se-priprema-za-sukob-s-rusijom\/#primaryimage"},"thumbnailUrl":"https:\/\/radioljubuski.ba\/wp-content\/uploads\/2022\/08\/latvija-1.jpg","datePublished":"2022-08-04T06:15:10+00:00","dateModified":"2022-08-04T06:15:11+00:00","breadcrumb":{"@id":"https:\/\/radioljubuski.ba\/index.php\/2022\/08\/04\/latvija-se-priprema-za-sukob-s-rusijom\/#breadcrumb"},"inLanguage":"hr","potentialAction":[{"@type":"ReadAction","target":["https:\/\/radioljubuski.ba\/index.php\/2022\/08\/04\/latvija-se-priprema-za-sukob-s-rusijom\/"]}]},{"@type":"ImageObject","inLanguage":"hr","@id":"https:\/\/radioljubuski.ba\/index.php\/2022\/08\/04\/latvija-se-priprema-za-sukob-s-rusijom\/#primaryimage","url":"https:\/\/radioljubuski.ba\/wp-content\/uploads\/2022\/08\/latvija-1.jpg","contentUrl":"https:\/\/radioljubuski.ba\/wp-content\/uploads\/2022\/08\/latvija-1.jpg","width":810,"height":483},{"@type":"BreadcrumbList","@id":"https:\/\/radioljubuski.ba\/index.php\/2022\/08\/04\/latvija-se-priprema-za-sukob-s-rusijom\/#breadcrumb","itemListElement":[{"@type":"ListItem","position":1,"name":"Po\u010detna stranica","item":"https:\/\/radioljubuski.ba\/"},{"@type":"ListItem","position":2,"name":"Latvija se priprema za sukob s Rusijom"}]},{"@type":"WebSite","@id":"https:\/\/radioljubuski.ba\/#website","url":"https:\/\/radioljubuski.ba\/","name":"Radio Ljubu\u0161ki","description":"Sun\u010dana frekvencija Hercegovine","publisher":{"@id":"https:\/\/radioljubuski.ba\/#organization"},"potentialAction":[{"@type":"SearchAction","target":{"@type":"EntryPoint","urlTemplate":"https:\/\/radioljubuski.ba\/?s={search_term_string}"},"query-input":{"@type":"PropertyValueSpecification","valueRequired":true,"valueName":"search_term_string"}}],"inLanguage":"hr"},{"@type":"Organization","@id":"https:\/\/radioljubuski.ba\/#organization","name":"Radio Ljubu\u0161ki","url":"https:\/\/radioljubuski.ba\/","logo":{"@type":"ImageObject","inLanguage":"hr","@id":"https:\/\/radioljubuski.ba\/#\/schema\/logo\/image\/","url":"https:\/\/radioljubuski.ba\/wp-content\/uploads\/2021\/02\/cropped-Radio_Ljubuski_logo1.jpg","contentUrl":"https:\/\/radioljubuski.ba\/wp-content\/uploads\/2021\/02\/cropped-Radio_Ljubuski_logo1.jpg","width":512,"height":512,"caption":"Radio Ljubu\u0161ki"},"image":{"@id":"https:\/\/radioljubuski.ba\/#\/schema\/logo\/image\/"},"sameAs":["https:\/\/www.facebook.com\/Radiio-Ljubuski-1490835324566332","https:\/\/x.com\/radioljubuski","https:\/\/hr.linkedin.com\/company\/radio-ljubuski","https:\/\/www.youtube.com\/channel\/UCHYaeO_n0Db3tjNGudGpXyw"]},{"@type":"Person","@id":"https:\/\/radioljubuski.ba\/#\/schema\/person\/19fc700381a780f69665d7956c469e3b","name":"Radio Ljubu\u0161ki"}]}},"_links":{"self":[{"href":"https:\/\/radioljubuski.ba\/index.php\/wp-json\/wp\/v2\/posts\/166208","targetHints":{"allow":["GET"]}}],"collection":[{"href":"https:\/\/radioljubuski.ba\/index.php\/wp-json\/wp\/v2\/posts"}],"about":[{"href":"https:\/\/radioljubuski.ba\/index.php\/wp-json\/wp\/v2\/types\/post"}],"author":[{"embeddable":true,"href":"https:\/\/radioljubuski.ba\/index.php\/wp-json\/wp\/v2\/users\/2"}],"replies":[{"embeddable":true,"href":"https:\/\/radioljubuski.ba\/index.php\/wp-json\/wp\/v2\/comments?post=166208"}],"version-history":[{"count":1,"href":"https:\/\/radioljubuski.ba\/index.php\/wp-json\/wp\/v2\/posts\/166208\/revisions"}],"predecessor-version":[{"id":166210,"href":"https:\/\/radioljubuski.ba\/index.php\/wp-json\/wp\/v2\/posts\/166208\/revisions\/166210"}],"wp:featuredmedia":[{"embeddable":true,"href":"https:\/\/radioljubuski.ba\/index.php\/wp-json\/wp\/v2\/media\/166209"}],"wp:attachment":[{"href":"https:\/\/radioljubuski.ba\/index.php\/wp-json\/wp\/v2\/media?parent=166208"}],"wp:term":[{"taxonomy":"category","embeddable":true,"href":"https:\/\/radioljubuski.ba\/index.php\/wp-json\/wp\/v2\/categories?post=166208"},{"taxonomy":"post_tag","embeddable":true,"href":"https:\/\/radioljubuski.ba\/index.php\/wp-json\/wp\/v2\/tags?post=166208"}],"curies":[{"name":"wp","href":"https:\/\/api.w.org\/{rel}","templated":true}]}}