{"id":166211,"date":"2022-08-04T07:53:16","date_gmt":"2022-08-04T06:53:16","guid":{"rendered":"https:\/\/radioljubuski.ba\/?p=166211"},"modified":"2022-08-04T07:53:17","modified_gmt":"2022-08-04T06:53:17","slug":"hajduk-na-krcatom-poljudu-pocinje-europsku-sezonu","status":"publish","type":"post","link":"https:\/\/radioljubuski.ba\/index.php\/2022\/08\/04\/hajduk-na-krcatom-poljudu-pocinje-europsku-sezonu\/","title":{"rendered":"Hajduk na krcatom Poljudu po\u010dinje europsku sezonu"},"content":{"rendered":"\n<p>Hajduk danas od 21 sat dvobojem tre\u0107eg pretkola Konferencijske lige s Vitorijom Guimares po\u010dinje europsku sezonu.<\/p>\n\n\n\n<p>Pred punim Poljudom Spli\u0107ani \u017eele dobar rezultat uo\u010di uzvrata, koji je na rasporedu za tjedan dana u Portugalu, a pred trenerom Valdasom Dambrauskasom dosta je dvojbi. Sigurno je da \u0107e izostati prinova upravo iz Vitorije<strong>&nbsp;Borevkovi\u0107<\/strong>, koji odra\u0111uje &#8220;prastartu&#8221; europsku kaznu, dok je nigerijski stoper&nbsp;<strong>Chidozie Awaziem<\/strong>&nbsp;u konkurenciji iako je odradio tek tri &#8211; \u010detiri treninga s mom\u010dadi. Nije jasno \u0161to je s Lovrom Kalini\u0107em, pa bi se moglo dogoditi da mladi vratar&nbsp;<strong>Karlo Senti\u0107<\/strong>, koji je odu\u0161evio protiv Vara\u017edina, dobije neo\u010dekivanu europsku priliku.<\/p>\n\n\n\n<p>&#8211; Voljeli bismo s vodstvom oti\u0107i u Portugal, ali svjesni smo da igramo protiv kvalitetne mom\u010dadi. Me\u0111utim, i mi smo kvalitetna mom\u010dad i imamo kvalitetu i hrabrost da se svima suprotstavimo. \u0160to god da se dogodi na ovoj utakmici, sve \u0107e biti otvoreno u Portugalu, najavio je litvanski stru\u010dnjak, pod \u010dijim vodstvom je Hajduk pro\u0161le sezone nakon dugo godina pos\u010deo izgledati kao &#8220;ozbiljna mom\u010dad&#8221;.<\/p>\n\n\n\n<p>Za potvrdu toga, Spli\u0107anima bi dobro do\u0161ao jedan jaki europski &#8220;skalp&#8221;. Vitoria nije u samom vrhu portugalskog nogometa, no rije\u010d je o jako, jako solidnoj mom\u010dadi.<\/p>\n\n\n\n<p>&#8211; Jako smo motivirani jer nam je suparnik splitski Hajduk, povijesna mom\u010dad, i jer \u0107emo igrati u jednom fantasti\u010dnom ambijentu. Nama bi dobar rezultat bila pobjeda, ne skrivamo to, najavio je trener Vitorije Moreno.<\/p>\n\n\n\n<p>O\u010dekivani sastav Hajduka:<\/p>\n\n\n\n<p>Senti\u0107 &#8211; Mikanovi\u0107, Simi\u0107, Elez, Melnjak &#8211; Grgi\u0107, Vukovi\u0107, Sahiti, Krovinovi\u0107, Biuk &#8211; Livaja<\/p>\n\n\n\n<p>izvor: hrt.hr<\/p>\n","protected":false},"excerpt":{"rendered":"<p>Hajduk danas od 21 sat dvobojem tre\u0107eg pretkola Konferencijske lige s Vitorijom Guimares po\u010dinje europsku sezonu. Pred punim Poljudom Spli\u0107ani \u017eele dobar rezultat uo\u010di uzvrata, koji je na rasporedu za tjedan dana u Portugalu, a pred trenerom Valdasom Dambrauskasom dosta je dvojbi. Sigurno je da \u0107e izostati prinova upravo iz Vitorije&nbsp;Borevkovi\u0107, koji odra\u0111uje &#8220;prastartu&#8221; europsku [&hellip;]<\/p>\n","protected":false},"author":2,"featured_media":166212,"comment_status":"closed","ping_status":"closed","sticky":false,"template":"","format":"standard","meta":{"h5ap_radio_sources":[],"footnotes":""},"categories":[7],"tags":[],"class_list":["post-166211","post","type-post","status-publish","format-standard","has-post-thumbnail","hentry","category-sport"],"yoast_head":"<!-- This site is optimized with the Yoast SEO plugin v27.4 - https:\/\/yoast.com\/product\/yoast-seo-wordpress\/ -->\n<title>Hajduk na krcatom Poljudu po\u010dinje europsku sezonu - RADIO LJUBU\u0160KI<\/title>\n<meta name=\"robots\" content=\"index, follow, max-snippet:-1, max-image-preview:large, max-video-preview:-1\" \/>\n<link rel=\"canonical\" href=\"https:\/\/radioljubuski.ba\/index.php\/2022\/08\/04\/hajduk-na-krcatom-poljudu-pocinje-europsku-sezonu\/\" \/>\n<meta property=\"og:locale\" content=\"hr_HR\" \/>\n<meta property=\"og:type\" content=\"article\" \/>\n<meta property=\"og:title\" content=\"Hajduk na krcatom Poljudu po\u010dinje europsku sezonu - RADIO LJUBU\u0160KI\" \/>\n<meta property=\"og:description\" content=\"Hajduk danas od 21 sat dvobojem tre\u0107eg pretkola Konferencijske lige s Vitorijom Guimares po\u010dinje europsku sezonu. Pred punim Poljudom Spli\u0107ani \u017eele dobar rezultat uo\u010di uzvrata, koji je na rasporedu za tjedan dana u Portugalu, a pred trenerom Valdasom Dambrauskasom dosta je dvojbi. Sigurno je da \u0107e izostati prinova upravo iz Vitorije&nbsp;Borevkovi\u0107, koji odra\u0111uje &#8220;prastartu&#8221; europsku [&hellip;]\" \/>\n<meta property=\"og:url\" content=\"https:\/\/radioljubuski.ba\/index.php\/2022\/08\/04\/hajduk-na-krcatom-poljudu-pocinje-europsku-sezonu\/\" \/>\n<meta property=\"og:site_name\" content=\"RADIO LJUBU\u0160KI\" \/>\n<meta property=\"article:publisher\" content=\"https:\/\/www.facebook.com\/Radiio-Ljubuski-1490835324566332\" \/>\n<meta property=\"article:published_time\" content=\"2022-08-04T06:53:16+00:00\" \/>\n<meta property=\"article:modified_time\" content=\"2022-08-04T06:53:17+00:00\" \/>\n<meta property=\"og:image\" content=\"https:\/\/radioljubuski.ba\/wp-content\/uploads\/2022\/08\/hajduk-1.jpg\" \/>\n\t<meta property=\"og:image:width\" content=\"320\" \/>\n\t<meta property=\"og:image:height\" content=\"158\" \/>\n\t<meta property=\"og:image:type\" content=\"image\/jpeg\" \/>\n<meta name=\"author\" content=\"Radio Ljubu\u0161ki\" \/>\n<meta name=\"twitter:card\" content=\"summary_large_image\" \/>\n<meta name=\"twitter:creator\" content=\"@radioljubuski\" \/>\n<meta name=\"twitter:site\" content=\"@radioljubuski\" \/>\n<meta name=\"twitter:label1\" content=\"Napisao\/la\" \/>\n\t<meta name=\"twitter:data1\" content=\"Radio Ljubu\u0161ki\" \/>\n\t<meta name=\"twitter:label2\" content=\"Procijenjeno vrijeme \u010ditanja\" \/>\n\t<meta name=\"twitter:data2\" content=\"2 minute\" \/>\n<script type=\"application\/ld+json\" class=\"yoast-schema-graph\">{\"@context\":\"https:\\\/\\\/schema.org\",\"@graph\":[{\"@type\":\"Article\",\"@id\":\"https:\\\/\\\/radioljubuski.ba\\\/index.php\\\/2022\\\/08\\\/04\\\/hajduk-na-krcatom-poljudu-pocinje-europsku-sezonu\\\/#article\",\"isPartOf\":{\"@id\":\"https:\\\/\\\/radioljubuski.ba\\\/index.php\\\/2022\\\/08\\\/04\\\/hajduk-na-krcatom-poljudu-pocinje-europsku-sezonu\\\/\"},\"author\":{\"name\":\"Radio Ljubu\u0161ki\",\"@id\":\"https:\\\/\\\/radioljubuski.ba\\\/#\\\/schema\\\/person\\\/19fc700381a780f69665d7956c469e3b\"},\"headline\":\"Hajduk na krcatom Poljudu po\u010dinje europsku sezonu\",\"datePublished\":\"2022-08-04T06:53:16+00:00\",\"dateModified\":\"2022-08-04T06:53:17+00:00\",\"mainEntityOfPage\":{\"@id\":\"https:\\\/\\\/radioljubuski.ba\\\/index.php\\\/2022\\\/08\\\/04\\\/hajduk-na-krcatom-poljudu-pocinje-europsku-sezonu\\\/\"},\"wordCount\":280,\"publisher\":{\"@id\":\"https:\\\/\\\/radioljubuski.ba\\\/#organization\"},\"image\":{\"@id\":\"https:\\\/\\\/radioljubuski.ba\\\/index.php\\\/2022\\\/08\\\/04\\\/hajduk-na-krcatom-poljudu-pocinje-europsku-sezonu\\\/#primaryimage\"},\"thumbnailUrl\":\"https:\\\/\\\/radioljubuski.ba\\\/wp-content\\\/uploads\\\/2022\\\/08\\\/hajduk-1.jpg\",\"articleSection\":[\"\u0160port\"],\"inLanguage\":\"hr\"},{\"@type\":\"WebPage\",\"@id\":\"https:\\\/\\\/radioljubuski.ba\\\/index.php\\\/2022\\\/08\\\/04\\\/hajduk-na-krcatom-poljudu-pocinje-europsku-sezonu\\\/\",\"url\":\"https:\\\/\\\/radioljubuski.ba\\\/index.php\\\/2022\\\/08\\\/04\\\/hajduk-na-krcatom-poljudu-pocinje-europsku-sezonu\\\/\",\"name\":\"Hajduk na krcatom Poljudu po\u010dinje europsku sezonu - RADIO LJUBU\u0160KI\",\"isPartOf\":{\"@id\":\"https:\\\/\\\/radioljubuski.ba\\\/#website\"},\"primaryImageOfPage\":{\"@id\":\"https:\\\/\\\/radioljubuski.ba\\\/index.php\\\/2022\\\/08\\\/04\\\/hajduk-na-krcatom-poljudu-pocinje-europsku-sezonu\\\/#primaryimage\"},\"image\":{\"@id\":\"https:\\\/\\\/radioljubuski.ba\\\/index.php\\\/2022\\\/08\\\/04\\\/hajduk-na-krcatom-poljudu-pocinje-europsku-sezonu\\\/#primaryimage\"},\"thumbnailUrl\":\"https:\\\/\\\/radioljubuski.ba\\\/wp-content\\\/uploads\\\/2022\\\/08\\\/hajduk-1.jpg\",\"datePublished\":\"2022-08-04T06:53:16+00:00\",\"dateModified\":\"2022-08-04T06:53:17+00:00\",\"breadcrumb\":{\"@id\":\"https:\\\/\\\/radioljubuski.ba\\\/index.php\\\/2022\\\/08\\\/04\\\/hajduk-na-krcatom-poljudu-pocinje-europsku-sezonu\\\/#breadcrumb\"},\"inLanguage\":\"hr\",\"potentialAction\":[{\"@type\":\"ReadAction\",\"target\":[\"https:\\\/\\\/radioljubuski.ba\\\/index.php\\\/2022\\\/08\\\/04\\\/hajduk-na-krcatom-poljudu-pocinje-europsku-sezonu\\\/\"]}]},{\"@type\":\"ImageObject\",\"inLanguage\":\"hr\",\"@id\":\"https:\\\/\\\/radioljubuski.ba\\\/index.php\\\/2022\\\/08\\\/04\\\/hajduk-na-krcatom-poljudu-pocinje-europsku-sezonu\\\/#primaryimage\",\"url\":\"https:\\\/\\\/radioljubuski.ba\\\/wp-content\\\/uploads\\\/2022\\\/08\\\/hajduk-1.jpg\",\"contentUrl\":\"https:\\\/\\\/radioljubuski.ba\\\/wp-content\\\/uploads\\\/2022\\\/08\\\/hajduk-1.jpg\",\"width\":320,\"height\":158},{\"@type\":\"BreadcrumbList\",\"@id\":\"https:\\\/\\\/radioljubuski.ba\\\/index.php\\\/2022\\\/08\\\/04\\\/hajduk-na-krcatom-poljudu-pocinje-europsku-sezonu\\\/#breadcrumb\",\"itemListElement\":[{\"@type\":\"ListItem\",\"position\":1,\"name\":\"Po\u010detna stranica\",\"item\":\"https:\\\/\\\/radioljubuski.ba\\\/\"},{\"@type\":\"ListItem\",\"position\":2,\"name\":\"Hajduk na krcatom Poljudu po\u010dinje europsku sezonu\"}]},{\"@type\":\"WebSite\",\"@id\":\"https:\\\/\\\/radioljubuski.ba\\\/#website\",\"url\":\"https:\\\/\\\/radioljubuski.ba\\\/\",\"name\":\"Radio Ljubu\u0161ki\",\"description\":\"Sun\u010dana frekvencija Hercegovine\",\"publisher\":{\"@id\":\"https:\\\/\\\/radioljubuski.ba\\\/#organization\"},\"potentialAction\":[{\"@type\":\"SearchAction\",\"target\":{\"@type\":\"EntryPoint\",\"urlTemplate\":\"https:\\\/\\\/radioljubuski.ba\\\/?s={search_term_string}\"},\"query-input\":{\"@type\":\"PropertyValueSpecification\",\"valueRequired\":true,\"valueName\":\"search_term_string\"}}],\"inLanguage\":\"hr\"},{\"@type\":\"Organization\",\"@id\":\"https:\\\/\\\/radioljubuski.ba\\\/#organization\",\"name\":\"Radio Ljubu\u0161ki\",\"url\":\"https:\\\/\\\/radioljubuski.ba\\\/\",\"logo\":{\"@type\":\"ImageObject\",\"inLanguage\":\"hr\",\"@id\":\"https:\\\/\\\/radioljubuski.ba\\\/#\\\/schema\\\/logo\\\/image\\\/\",\"url\":\"https:\\\/\\\/radioljubuski.ba\\\/wp-content\\\/uploads\\\/2021\\\/02\\\/cropped-Radio_Ljubuski_logo1.jpg\",\"contentUrl\":\"https:\\\/\\\/radioljubuski.ba\\\/wp-content\\\/uploads\\\/2021\\\/02\\\/cropped-Radio_Ljubuski_logo1.jpg\",\"width\":512,\"height\":512,\"caption\":\"Radio Ljubu\u0161ki\"},\"image\":{\"@id\":\"https:\\\/\\\/radioljubuski.ba\\\/#\\\/schema\\\/logo\\\/image\\\/\"},\"sameAs\":[\"https:\\\/\\\/www.facebook.com\\\/Radiio-Ljubuski-1490835324566332\",\"https:\\\/\\\/x.com\\\/radioljubuski\",\"https:\\\/\\\/hr.linkedin.com\\\/company\\\/radio-ljubuski\",\"https:\\\/\\\/www.youtube.com\\\/channel\\\/UCHYaeO_n0Db3tjNGudGpXyw\"]},{\"@type\":\"Person\",\"@id\":\"https:\\\/\\\/radioljubuski.ba\\\/#\\\/schema\\\/person\\\/19fc700381a780f69665d7956c469e3b\",\"name\":\"Radio Ljubu\u0161ki\"}]}<\/script>\n<!-- \/ Yoast SEO plugin. -->","yoast_head_json":{"title":"Hajduk na krcatom Poljudu po\u010dinje europsku sezonu - RADIO LJUBU\u0160KI","robots":{"index":"index","follow":"follow","max-snippet":"max-snippet:-1","max-image-preview":"max-image-preview:large","max-video-preview":"max-video-preview:-1"},"canonical":"https:\/\/radioljubuski.ba\/index.php\/2022\/08\/04\/hajduk-na-krcatom-poljudu-pocinje-europsku-sezonu\/","og_locale":"hr_HR","og_type":"article","og_title":"Hajduk na krcatom Poljudu po\u010dinje europsku sezonu - RADIO LJUBU\u0160KI","og_description":"Hajduk danas od 21 sat dvobojem tre\u0107eg pretkola Konferencijske lige s Vitorijom Guimares po\u010dinje europsku sezonu. Pred punim Poljudom Spli\u0107ani \u017eele dobar rezultat uo\u010di uzvrata, koji je na rasporedu za tjedan dana u Portugalu, a pred trenerom Valdasom Dambrauskasom dosta je dvojbi. Sigurno je da \u0107e izostati prinova upravo iz Vitorije&nbsp;Borevkovi\u0107, koji odra\u0111uje &#8220;prastartu&#8221; europsku [&hellip;]","og_url":"https:\/\/radioljubuski.ba\/index.php\/2022\/08\/04\/hajduk-na-krcatom-poljudu-pocinje-europsku-sezonu\/","og_site_name":"RADIO LJUBU\u0160KI","article_publisher":"https:\/\/www.facebook.com\/Radiio-Ljubuski-1490835324566332","article_published_time":"2022-08-04T06:53:16+00:00","article_modified_time":"2022-08-04T06:53:17+00:00","og_image":[{"width":320,"height":158,"url":"https:\/\/radioljubuski.ba\/wp-content\/uploads\/2022\/08\/hajduk-1.jpg","type":"image\/jpeg"}],"author":"Radio Ljubu\u0161ki","twitter_card":"summary_large_image","twitter_creator":"@radioljubuski","twitter_site":"@radioljubuski","twitter_misc":{"Napisao\/la":"Radio Ljubu\u0161ki","Procijenjeno vrijeme \u010ditanja":"2 minute"},"schema":{"@context":"https:\/\/schema.org","@graph":[{"@type":"Article","@id":"https:\/\/radioljubuski.ba\/index.php\/2022\/08\/04\/hajduk-na-krcatom-poljudu-pocinje-europsku-sezonu\/#article","isPartOf":{"@id":"https:\/\/radioljubuski.ba\/index.php\/2022\/08\/04\/hajduk-na-krcatom-poljudu-pocinje-europsku-sezonu\/"},"author":{"name":"Radio Ljubu\u0161ki","@id":"https:\/\/radioljubuski.ba\/#\/schema\/person\/19fc700381a780f69665d7956c469e3b"},"headline":"Hajduk na krcatom Poljudu po\u010dinje europsku sezonu","datePublished":"2022-08-04T06:53:16+00:00","dateModified":"2022-08-04T06:53:17+00:00","mainEntityOfPage":{"@id":"https:\/\/radioljubuski.ba\/index.php\/2022\/08\/04\/hajduk-na-krcatom-poljudu-pocinje-europsku-sezonu\/"},"wordCount":280,"publisher":{"@id":"https:\/\/radioljubuski.ba\/#organization"},"image":{"@id":"https:\/\/radioljubuski.ba\/index.php\/2022\/08\/04\/hajduk-na-krcatom-poljudu-pocinje-europsku-sezonu\/#primaryimage"},"thumbnailUrl":"https:\/\/radioljubuski.ba\/wp-content\/uploads\/2022\/08\/hajduk-1.jpg","articleSection":["\u0160port"],"inLanguage":"hr"},{"@type":"WebPage","@id":"https:\/\/radioljubuski.ba\/index.php\/2022\/08\/04\/hajduk-na-krcatom-poljudu-pocinje-europsku-sezonu\/","url":"https:\/\/radioljubuski.ba\/index.php\/2022\/08\/04\/hajduk-na-krcatom-poljudu-pocinje-europsku-sezonu\/","name":"Hajduk na krcatom Poljudu po\u010dinje europsku sezonu - RADIO LJUBU\u0160KI","isPartOf":{"@id":"https:\/\/radioljubuski.ba\/#website"},"primaryImageOfPage":{"@id":"https:\/\/radioljubuski.ba\/index.php\/2022\/08\/04\/hajduk-na-krcatom-poljudu-pocinje-europsku-sezonu\/#primaryimage"},"image":{"@id":"https:\/\/radioljubuski.ba\/index.php\/2022\/08\/04\/hajduk-na-krcatom-poljudu-pocinje-europsku-sezonu\/#primaryimage"},"thumbnailUrl":"https:\/\/radioljubuski.ba\/wp-content\/uploads\/2022\/08\/hajduk-1.jpg","datePublished":"2022-08-04T06:53:16+00:00","dateModified":"2022-08-04T06:53:17+00:00","breadcrumb":{"@id":"https:\/\/radioljubuski.ba\/index.php\/2022\/08\/04\/hajduk-na-krcatom-poljudu-pocinje-europsku-sezonu\/#breadcrumb"},"inLanguage":"hr","potentialAction":[{"@type":"ReadAction","target":["https:\/\/radioljubuski.ba\/index.php\/2022\/08\/04\/hajduk-na-krcatom-poljudu-pocinje-europsku-sezonu\/"]}]},{"@type":"ImageObject","inLanguage":"hr","@id":"https:\/\/radioljubuski.ba\/index.php\/2022\/08\/04\/hajduk-na-krcatom-poljudu-pocinje-europsku-sezonu\/#primaryimage","url":"https:\/\/radioljubuski.ba\/wp-content\/uploads\/2022\/08\/hajduk-1.jpg","contentUrl":"https:\/\/radioljubuski.ba\/wp-content\/uploads\/2022\/08\/hajduk-1.jpg","width":320,"height":158},{"@type":"BreadcrumbList","@id":"https:\/\/radioljubuski.ba\/index.php\/2022\/08\/04\/hajduk-na-krcatom-poljudu-pocinje-europsku-sezonu\/#breadcrumb","itemListElement":[{"@type":"ListItem","position":1,"name":"Po\u010detna stranica","item":"https:\/\/radioljubuski.ba\/"},{"@type":"ListItem","position":2,"name":"Hajduk na krcatom Poljudu po\u010dinje europsku sezonu"}]},{"@type":"WebSite","@id":"https:\/\/radioljubuski.ba\/#website","url":"https:\/\/radioljubuski.ba\/","name":"Radio Ljubu\u0161ki","description":"Sun\u010dana frekvencija Hercegovine","publisher":{"@id":"https:\/\/radioljubuski.ba\/#organization"},"potentialAction":[{"@type":"SearchAction","target":{"@type":"EntryPoint","urlTemplate":"https:\/\/radioljubuski.ba\/?s={search_term_string}"},"query-input":{"@type":"PropertyValueSpecification","valueRequired":true,"valueName":"search_term_string"}}],"inLanguage":"hr"},{"@type":"Organization","@id":"https:\/\/radioljubuski.ba\/#organization","name":"Radio Ljubu\u0161ki","url":"https:\/\/radioljubuski.ba\/","logo":{"@type":"ImageObject","inLanguage":"hr","@id":"https:\/\/radioljubuski.ba\/#\/schema\/logo\/image\/","url":"https:\/\/radioljubuski.ba\/wp-content\/uploads\/2021\/02\/cropped-Radio_Ljubuski_logo1.jpg","contentUrl":"https:\/\/radioljubuski.ba\/wp-content\/uploads\/2021\/02\/cropped-Radio_Ljubuski_logo1.jpg","width":512,"height":512,"caption":"Radio Ljubu\u0161ki"},"image":{"@id":"https:\/\/radioljubuski.ba\/#\/schema\/logo\/image\/"},"sameAs":["https:\/\/www.facebook.com\/Radiio-Ljubuski-1490835324566332","https:\/\/x.com\/radioljubuski","https:\/\/hr.linkedin.com\/company\/radio-ljubuski","https:\/\/www.youtube.com\/channel\/UCHYaeO_n0Db3tjNGudGpXyw"]},{"@type":"Person","@id":"https:\/\/radioljubuski.ba\/#\/schema\/person\/19fc700381a780f69665d7956c469e3b","name":"Radio Ljubu\u0161ki"}]}},"_links":{"self":[{"href":"https:\/\/radioljubuski.ba\/index.php\/wp-json\/wp\/v2\/posts\/166211","targetHints":{"allow":["GET"]}}],"collection":[{"href":"https:\/\/radioljubuski.ba\/index.php\/wp-json\/wp\/v2\/posts"}],"about":[{"href":"https:\/\/radioljubuski.ba\/index.php\/wp-json\/wp\/v2\/types\/post"}],"author":[{"embeddable":true,"href":"https:\/\/radioljubuski.ba\/index.php\/wp-json\/wp\/v2\/users\/2"}],"replies":[{"embeddable":true,"href":"https:\/\/radioljubuski.ba\/index.php\/wp-json\/wp\/v2\/comments?post=166211"}],"version-history":[{"count":1,"href":"https:\/\/radioljubuski.ba\/index.php\/wp-json\/wp\/v2\/posts\/166211\/revisions"}],"predecessor-version":[{"id":166213,"href":"https:\/\/radioljubuski.ba\/index.php\/wp-json\/wp\/v2\/posts\/166211\/revisions\/166213"}],"wp:featuredmedia":[{"embeddable":true,"href":"https:\/\/radioljubuski.ba\/index.php\/wp-json\/wp\/v2\/media\/166212"}],"wp:attachment":[{"href":"https:\/\/radioljubuski.ba\/index.php\/wp-json\/wp\/v2\/media?parent=166211"}],"wp:term":[{"taxonomy":"category","embeddable":true,"href":"https:\/\/radioljubuski.ba\/index.php\/wp-json\/wp\/v2\/categories?post=166211"},{"taxonomy":"post_tag","embeddable":true,"href":"https:\/\/radioljubuski.ba\/index.php\/wp-json\/wp\/v2\/tags?post=166211"}],"curies":[{"name":"wp","href":"https:\/\/api.w.org\/{rel}","templated":true}]}}