{"id":166252,"date":"2022-08-04T08:38:15","date_gmt":"2022-08-04T07:38:15","guid":{"rendered":"https:\/\/radioljubuski.ba\/?p=166252"},"modified":"2022-08-04T08:38:17","modified_gmt":"2022-08-04T07:38:17","slug":"mostar-jp-autoceste-fbih-traze-projektanta-za-novu-zgradu","status":"publish","type":"post","link":"https:\/\/radioljubuski.ba\/index.php\/2022\/08\/04\/mostar-jp-autoceste-fbih-traze-projektanta-za-novu-zgradu\/","title":{"rendered":"Mostar: JP Autoceste FBiH tra\u017ee projektanta za novu zgradu"},"content":{"rendered":"\n<p>Procijenjena vrijednost nabavke za izradu glavnog projekta iznosi (bez PDV-a) 250.000 KM.<\/p>\n\n\n\n<p>JP Autoceste FBiH d.o.o. Mostar raspisalo je tender za izradu idejnog rje\u0161enja poslovne zgrade u Mostaru. Procijenjena vrijednost nabavke za izradu glavnog projekta iznosi (bez PDV-a) 250.000 KM. <\/p>\n\n\n\n<p>Konkurs ima za cilj stvaranje potrebnih poslovnih prostora za racionalizaciju i pove\u0107anje efikasnosti rada kompanije, s obzirom na to da Autoceste FBiH nemaju vlastiti poslovni objekat te su trenutno poslovne prostorije poduze\u0107a smje\u0161tene u objektu biv\u0161eg op\u0107inskog suda u Mostaru, koji je u vlasni\u0161tvu Grada Mostara, kao i oboga\u0107ivanje u\u017ee lokacije sadr\u017eajima koji bi trebali doprinijeti aktivaciji javnog prostora, rje\u0161avanje prometa u mirovanju, te ure\u0111enje prostora oko objekta. <\/p>\n\n\n\n<p>&#8220;Parcela na kojoj se planira izgradnja poslovnog objekta se nalazi u centralnoj jezgri grada Mostara na kutu ulice Ante Star\u010devi\u0107a i Jakova Baruha \u0160panca, u \u010dijoj neposrednoj blizini je kru\u017eni tok na Bulevaru koji je glavna prometna okosnica grada Mostara. Parcela je pravokutnog oblika sa padom terena od zapada prema istoku&#8221;, navodi se u tenderskoj dokumentaciji. Predmetna lokacija se nalazi na parceli povr\u0161ine 1.430 m2, koje je u vlasni\u0161tvu Vlade Federacije Bosne i Hercegovine.<\/p>\n\n\n\n<p> Na predmetnoj lokaciji planirana je izgradnja slobodnostoje\u0107eg poslovnog objekta spratnosti dvije podzemne gara\u017ee, prizemlje i sedam eta\u017ea (2Po+Pr+7). Objekat koji je bio izgra\u0111en na ovoj lokaciji (objekat vi\u0161e ne postoji jer je poru\u0161en) u suterenu je obuhva\u0107ao povr\u0161inu cijele parcele, te prilikom projektiranja novog objekta isprojektirati tako da podrumske eta\u017ee budu u maximalnim gabaritima parcele, dok nadzemne eta\u017ee moraju pratiti gra\u0111evinske linije postoje\u0107ih objekta. Nakon uspje\u0161no provedenog konkursa za izradu idejnog rje\u0161enja, ugovorni organ \u0107e na osnovu Zakona o javnim nabavkama provesti pregovara\u010dki postupak bez objave obavje\u0161tenja o nabavci za izradu glavnog projekta poslovne zgrade JP Autoceste u Mostaru, gdje \u0107e na u\u010de\u0161\u0107e biti pozvan pobjednik konkursa. Procijenjena vrijednost nabavke za pregovara\u010dki postupak bez objave obavje\u0161tenja o nabavci, a koji \u0107e se provesti nakon \u0161to konkursna komisija donese odluku o rezultatima konkursa, sa pobjednikom konkursa, za glavni projekat iznosi: 250.000 KM bez PDV-a. Podsjetimo, inicijativa izgradnje nove poslovne zgrade prihva\u0107ena na sjednici Vlade FBiH 2019. godine.<\/p>\n\n\n\n<p> Vlada Federacije BiH prihvatila je informaciju o namjeri izgradnje poslovne zgrade JP Autoceste Federacije BiH d.o.o. Mostar u Mostaru, na parceli koja je katastarski i u zemlji\u0161nim knjigama upisana kao vlasni\u0161tvo i posjed Vlade Federacije BiH i dala suglasnost za njenu dodjelu ovoj kompaniji, uz odgovaraju\u0107u naknadu. Uprava Autocesta FBiH trenutno je smje\u0161tena u nekada\u0161njoj zgradi Op\u0107inskog suda u Cernici, u Mostaru, pi\u0161e portal Akta.ba. <\/p>\n\n\n\n<p>Izvor: <a href=\"https:\/\/bljesak.info\/gospodarstvo\/ulaganja\/mostar-jp-autoceste-traze-projektanta-za-novu-zgradu\/390092\">Bljesak.info<\/a><\/p>\n","protected":false},"excerpt":{"rendered":"<p>Procijenjena vrijednost nabavke za izradu glavnog projekta iznosi (bez PDV-a) 250.000 KM. JP Autoceste FBiH d.o.o. Mostar raspisalo je tender za izradu idejnog rje\u0161enja poslovne zgrade u Mostaru. Procijenjena vrijednost nabavke za izradu glavnog projekta iznosi (bez PDV-a) 250.000 KM. Konkurs ima za cilj stvaranje potrebnih poslovnih prostora za racionalizaciju i pove\u0107anje efikasnosti rada kompanije, [&hellip;]<\/p>\n","protected":false},"author":2,"featured_media":166256,"comment_status":"closed","ping_status":"closed","sticky":false,"template":"","format":"standard","meta":{"h5ap_radio_sources":[],"footnotes":""},"categories":[1],"tags":[],"class_list":["post-166252","post","type-post","status-publish","format-standard","has-post-thumbnail","hentry","category-bihiregija"],"yoast_head":"<!-- This site is optimized with the Yoast SEO plugin v27.4 - https:\/\/yoast.com\/product\/yoast-seo-wordpress\/ -->\n<title>Mostar: JP Autoceste FBiH tra\u017ee projektanta za novu zgradu - RADIO LJUBU\u0160KI<\/title>\n<meta name=\"robots\" content=\"index, follow, max-snippet:-1, max-image-preview:large, max-video-preview:-1\" \/>\n<link rel=\"canonical\" href=\"https:\/\/radioljubuski.ba\/index.php\/2022\/08\/04\/mostar-jp-autoceste-fbih-traze-projektanta-za-novu-zgradu\/\" \/>\n<meta property=\"og:locale\" content=\"hr_HR\" \/>\n<meta property=\"og:type\" content=\"article\" \/>\n<meta property=\"og:title\" content=\"Mostar: JP Autoceste FBiH tra\u017ee projektanta za novu zgradu - RADIO LJUBU\u0160KI\" \/>\n<meta property=\"og:description\" content=\"Procijenjena vrijednost nabavke za izradu glavnog projekta iznosi (bez PDV-a) 250.000 KM. JP Autoceste FBiH d.o.o. Mostar raspisalo je tender za izradu idejnog rje\u0161enja poslovne zgrade u Mostaru. Procijenjena vrijednost nabavke za izradu glavnog projekta iznosi (bez PDV-a) 250.000 KM. Konkurs ima za cilj stvaranje potrebnih poslovnih prostora za racionalizaciju i pove\u0107anje efikasnosti rada kompanije, [&hellip;]\" \/>\n<meta property=\"og:url\" content=\"https:\/\/radioljubuski.ba\/index.php\/2022\/08\/04\/mostar-jp-autoceste-fbih-traze-projektanta-za-novu-zgradu\/\" \/>\n<meta property=\"og:site_name\" content=\"RADIO LJUBU\u0160KI\" \/>\n<meta property=\"article:publisher\" content=\"https:\/\/www.facebook.com\/Radiio-Ljubuski-1490835324566332\" \/>\n<meta property=\"article:published_time\" content=\"2022-08-04T07:38:15+00:00\" \/>\n<meta property=\"article:modified_time\" content=\"2022-08-04T07:38:17+00:00\" \/>\n<meta property=\"og:image\" content=\"https:\/\/radioljubuski.ba\/wp-content\/uploads\/2022\/08\/auto.jpg\" \/>\n\t<meta property=\"og:image:width\" content=\"800\" \/>\n\t<meta property=\"og:image:height\" content=\"550\" \/>\n\t<meta property=\"og:image:type\" content=\"image\/jpeg\" \/>\n<meta name=\"author\" content=\"Radio Ljubu\u0161ki\" \/>\n<meta name=\"twitter:card\" content=\"summary_large_image\" \/>\n<meta name=\"twitter:creator\" content=\"@radioljubuski\" \/>\n<meta name=\"twitter:site\" content=\"@radioljubuski\" \/>\n<meta name=\"twitter:label1\" content=\"Napisao\/la\" \/>\n\t<meta name=\"twitter:data1\" content=\"Radio Ljubu\u0161ki\" \/>\n\t<meta name=\"twitter:label2\" content=\"Procijenjeno vrijeme \u010ditanja\" \/>\n\t<meta name=\"twitter:data2\" content=\"2 minute\" \/>\n<script type=\"application\/ld+json\" class=\"yoast-schema-graph\">{\"@context\":\"https:\\\/\\\/schema.org\",\"@graph\":[{\"@type\":\"Article\",\"@id\":\"https:\\\/\\\/radioljubuski.ba\\\/index.php\\\/2022\\\/08\\\/04\\\/mostar-jp-autoceste-fbih-traze-projektanta-za-novu-zgradu\\\/#article\",\"isPartOf\":{\"@id\":\"https:\\\/\\\/radioljubuski.ba\\\/index.php\\\/2022\\\/08\\\/04\\\/mostar-jp-autoceste-fbih-traze-projektanta-za-novu-zgradu\\\/\"},\"author\":{\"name\":\"Radio Ljubu\u0161ki\",\"@id\":\"https:\\\/\\\/radioljubuski.ba\\\/#\\\/schema\\\/person\\\/19fc700381a780f69665d7956c469e3b\"},\"headline\":\"Mostar: JP Autoceste FBiH tra\u017ee projektanta za novu zgradu\",\"datePublished\":\"2022-08-04T07:38:15+00:00\",\"dateModified\":\"2022-08-04T07:38:17+00:00\",\"mainEntityOfPage\":{\"@id\":\"https:\\\/\\\/radioljubuski.ba\\\/index.php\\\/2022\\\/08\\\/04\\\/mostar-jp-autoceste-fbih-traze-projektanta-za-novu-zgradu\\\/\"},\"wordCount\":462,\"publisher\":{\"@id\":\"https:\\\/\\\/radioljubuski.ba\\\/#organization\"},\"image\":{\"@id\":\"https:\\\/\\\/radioljubuski.ba\\\/index.php\\\/2022\\\/08\\\/04\\\/mostar-jp-autoceste-fbih-traze-projektanta-za-novu-zgradu\\\/#primaryimage\"},\"thumbnailUrl\":\"https:\\\/\\\/radioljubuski.ba\\\/wp-content\\\/uploads\\\/2022\\\/08\\\/auto.jpg\",\"articleSection\":[\"BIH i regija\"],\"inLanguage\":\"hr\"},{\"@type\":\"WebPage\",\"@id\":\"https:\\\/\\\/radioljubuski.ba\\\/index.php\\\/2022\\\/08\\\/04\\\/mostar-jp-autoceste-fbih-traze-projektanta-za-novu-zgradu\\\/\",\"url\":\"https:\\\/\\\/radioljubuski.ba\\\/index.php\\\/2022\\\/08\\\/04\\\/mostar-jp-autoceste-fbih-traze-projektanta-za-novu-zgradu\\\/\",\"name\":\"Mostar: JP Autoceste FBiH tra\u017ee projektanta za novu zgradu - RADIO LJUBU\u0160KI\",\"isPartOf\":{\"@id\":\"https:\\\/\\\/radioljubuski.ba\\\/#website\"},\"primaryImageOfPage\":{\"@id\":\"https:\\\/\\\/radioljubuski.ba\\\/index.php\\\/2022\\\/08\\\/04\\\/mostar-jp-autoceste-fbih-traze-projektanta-za-novu-zgradu\\\/#primaryimage\"},\"image\":{\"@id\":\"https:\\\/\\\/radioljubuski.ba\\\/index.php\\\/2022\\\/08\\\/04\\\/mostar-jp-autoceste-fbih-traze-projektanta-za-novu-zgradu\\\/#primaryimage\"},\"thumbnailUrl\":\"https:\\\/\\\/radioljubuski.ba\\\/wp-content\\\/uploads\\\/2022\\\/08\\\/auto.jpg\",\"datePublished\":\"2022-08-04T07:38:15+00:00\",\"dateModified\":\"2022-08-04T07:38:17+00:00\",\"breadcrumb\":{\"@id\":\"https:\\\/\\\/radioljubuski.ba\\\/index.php\\\/2022\\\/08\\\/04\\\/mostar-jp-autoceste-fbih-traze-projektanta-za-novu-zgradu\\\/#breadcrumb\"},\"inLanguage\":\"hr\",\"potentialAction\":[{\"@type\":\"ReadAction\",\"target\":[\"https:\\\/\\\/radioljubuski.ba\\\/index.php\\\/2022\\\/08\\\/04\\\/mostar-jp-autoceste-fbih-traze-projektanta-za-novu-zgradu\\\/\"]}]},{\"@type\":\"ImageObject\",\"inLanguage\":\"hr\",\"@id\":\"https:\\\/\\\/radioljubuski.ba\\\/index.php\\\/2022\\\/08\\\/04\\\/mostar-jp-autoceste-fbih-traze-projektanta-za-novu-zgradu\\\/#primaryimage\",\"url\":\"https:\\\/\\\/radioljubuski.ba\\\/wp-content\\\/uploads\\\/2022\\\/08\\\/auto.jpg\",\"contentUrl\":\"https:\\\/\\\/radioljubuski.ba\\\/wp-content\\\/uploads\\\/2022\\\/08\\\/auto.jpg\",\"width\":800,\"height\":550},{\"@type\":\"BreadcrumbList\",\"@id\":\"https:\\\/\\\/radioljubuski.ba\\\/index.php\\\/2022\\\/08\\\/04\\\/mostar-jp-autoceste-fbih-traze-projektanta-za-novu-zgradu\\\/#breadcrumb\",\"itemListElement\":[{\"@type\":\"ListItem\",\"position\":1,\"name\":\"Po\u010detna stranica\",\"item\":\"https:\\\/\\\/radioljubuski.ba\\\/\"},{\"@type\":\"ListItem\",\"position\":2,\"name\":\"Mostar: JP Autoceste FBiH tra\u017ee projektanta za novu zgradu\"}]},{\"@type\":\"WebSite\",\"@id\":\"https:\\\/\\\/radioljubuski.ba\\\/#website\",\"url\":\"https:\\\/\\\/radioljubuski.ba\\\/\",\"name\":\"Radio Ljubu\u0161ki\",\"description\":\"Sun\u010dana frekvencija Hercegovine\",\"publisher\":{\"@id\":\"https:\\\/\\\/radioljubuski.ba\\\/#organization\"},\"potentialAction\":[{\"@type\":\"SearchAction\",\"target\":{\"@type\":\"EntryPoint\",\"urlTemplate\":\"https:\\\/\\\/radioljubuski.ba\\\/?s={search_term_string}\"},\"query-input\":{\"@type\":\"PropertyValueSpecification\",\"valueRequired\":true,\"valueName\":\"search_term_string\"}}],\"inLanguage\":\"hr\"},{\"@type\":\"Organization\",\"@id\":\"https:\\\/\\\/radioljubuski.ba\\\/#organization\",\"name\":\"Radio Ljubu\u0161ki\",\"url\":\"https:\\\/\\\/radioljubuski.ba\\\/\",\"logo\":{\"@type\":\"ImageObject\",\"inLanguage\":\"hr\",\"@id\":\"https:\\\/\\\/radioljubuski.ba\\\/#\\\/schema\\\/logo\\\/image\\\/\",\"url\":\"https:\\\/\\\/radioljubuski.ba\\\/wp-content\\\/uploads\\\/2021\\\/02\\\/cropped-Radio_Ljubuski_logo1.jpg\",\"contentUrl\":\"https:\\\/\\\/radioljubuski.ba\\\/wp-content\\\/uploads\\\/2021\\\/02\\\/cropped-Radio_Ljubuski_logo1.jpg\",\"width\":512,\"height\":512,\"caption\":\"Radio Ljubu\u0161ki\"},\"image\":{\"@id\":\"https:\\\/\\\/radioljubuski.ba\\\/#\\\/schema\\\/logo\\\/image\\\/\"},\"sameAs\":[\"https:\\\/\\\/www.facebook.com\\\/Radiio-Ljubuski-1490835324566332\",\"https:\\\/\\\/x.com\\\/radioljubuski\",\"https:\\\/\\\/hr.linkedin.com\\\/company\\\/radio-ljubuski\",\"https:\\\/\\\/www.youtube.com\\\/channel\\\/UCHYaeO_n0Db3tjNGudGpXyw\"]},{\"@type\":\"Person\",\"@id\":\"https:\\\/\\\/radioljubuski.ba\\\/#\\\/schema\\\/person\\\/19fc700381a780f69665d7956c469e3b\",\"name\":\"Radio Ljubu\u0161ki\"}]}<\/script>\n<!-- \/ Yoast SEO plugin. -->","yoast_head_json":{"title":"Mostar: JP Autoceste FBiH tra\u017ee projektanta za novu zgradu - RADIO LJUBU\u0160KI","robots":{"index":"index","follow":"follow","max-snippet":"max-snippet:-1","max-image-preview":"max-image-preview:large","max-video-preview":"max-video-preview:-1"},"canonical":"https:\/\/radioljubuski.ba\/index.php\/2022\/08\/04\/mostar-jp-autoceste-fbih-traze-projektanta-za-novu-zgradu\/","og_locale":"hr_HR","og_type":"article","og_title":"Mostar: JP Autoceste FBiH tra\u017ee projektanta za novu zgradu - RADIO LJUBU\u0160KI","og_description":"Procijenjena vrijednost nabavke za izradu glavnog projekta iznosi (bez PDV-a) 250.000 KM. JP Autoceste FBiH d.o.o. Mostar raspisalo je tender za izradu idejnog rje\u0161enja poslovne zgrade u Mostaru. Procijenjena vrijednost nabavke za izradu glavnog projekta iznosi (bez PDV-a) 250.000 KM. Konkurs ima za cilj stvaranje potrebnih poslovnih prostora za racionalizaciju i pove\u0107anje efikasnosti rada kompanije, [&hellip;]","og_url":"https:\/\/radioljubuski.ba\/index.php\/2022\/08\/04\/mostar-jp-autoceste-fbih-traze-projektanta-za-novu-zgradu\/","og_site_name":"RADIO LJUBU\u0160KI","article_publisher":"https:\/\/www.facebook.com\/Radiio-Ljubuski-1490835324566332","article_published_time":"2022-08-04T07:38:15+00:00","article_modified_time":"2022-08-04T07:38:17+00:00","og_image":[{"width":800,"height":550,"url":"https:\/\/radioljubuski.ba\/wp-content\/uploads\/2022\/08\/auto.jpg","type":"image\/jpeg"}],"author":"Radio Ljubu\u0161ki","twitter_card":"summary_large_image","twitter_creator":"@radioljubuski","twitter_site":"@radioljubuski","twitter_misc":{"Napisao\/la":"Radio Ljubu\u0161ki","Procijenjeno vrijeme \u010ditanja":"2 minute"},"schema":{"@context":"https:\/\/schema.org","@graph":[{"@type":"Article","@id":"https:\/\/radioljubuski.ba\/index.php\/2022\/08\/04\/mostar-jp-autoceste-fbih-traze-projektanta-za-novu-zgradu\/#article","isPartOf":{"@id":"https:\/\/radioljubuski.ba\/index.php\/2022\/08\/04\/mostar-jp-autoceste-fbih-traze-projektanta-za-novu-zgradu\/"},"author":{"name":"Radio Ljubu\u0161ki","@id":"https:\/\/radioljubuski.ba\/#\/schema\/person\/19fc700381a780f69665d7956c469e3b"},"headline":"Mostar: JP Autoceste FBiH tra\u017ee projektanta za novu zgradu","datePublished":"2022-08-04T07:38:15+00:00","dateModified":"2022-08-04T07:38:17+00:00","mainEntityOfPage":{"@id":"https:\/\/radioljubuski.ba\/index.php\/2022\/08\/04\/mostar-jp-autoceste-fbih-traze-projektanta-za-novu-zgradu\/"},"wordCount":462,"publisher":{"@id":"https:\/\/radioljubuski.ba\/#organization"},"image":{"@id":"https:\/\/radioljubuski.ba\/index.php\/2022\/08\/04\/mostar-jp-autoceste-fbih-traze-projektanta-za-novu-zgradu\/#primaryimage"},"thumbnailUrl":"https:\/\/radioljubuski.ba\/wp-content\/uploads\/2022\/08\/auto.jpg","articleSection":["BIH i regija"],"inLanguage":"hr"},{"@type":"WebPage","@id":"https:\/\/radioljubuski.ba\/index.php\/2022\/08\/04\/mostar-jp-autoceste-fbih-traze-projektanta-za-novu-zgradu\/","url":"https:\/\/radioljubuski.ba\/index.php\/2022\/08\/04\/mostar-jp-autoceste-fbih-traze-projektanta-za-novu-zgradu\/","name":"Mostar: JP Autoceste FBiH tra\u017ee projektanta za novu zgradu - RADIO LJUBU\u0160KI","isPartOf":{"@id":"https:\/\/radioljubuski.ba\/#website"},"primaryImageOfPage":{"@id":"https:\/\/radioljubuski.ba\/index.php\/2022\/08\/04\/mostar-jp-autoceste-fbih-traze-projektanta-za-novu-zgradu\/#primaryimage"},"image":{"@id":"https:\/\/radioljubuski.ba\/index.php\/2022\/08\/04\/mostar-jp-autoceste-fbih-traze-projektanta-za-novu-zgradu\/#primaryimage"},"thumbnailUrl":"https:\/\/radioljubuski.ba\/wp-content\/uploads\/2022\/08\/auto.jpg","datePublished":"2022-08-04T07:38:15+00:00","dateModified":"2022-08-04T07:38:17+00:00","breadcrumb":{"@id":"https:\/\/radioljubuski.ba\/index.php\/2022\/08\/04\/mostar-jp-autoceste-fbih-traze-projektanta-za-novu-zgradu\/#breadcrumb"},"inLanguage":"hr","potentialAction":[{"@type":"ReadAction","target":["https:\/\/radioljubuski.ba\/index.php\/2022\/08\/04\/mostar-jp-autoceste-fbih-traze-projektanta-za-novu-zgradu\/"]}]},{"@type":"ImageObject","inLanguage":"hr","@id":"https:\/\/radioljubuski.ba\/index.php\/2022\/08\/04\/mostar-jp-autoceste-fbih-traze-projektanta-za-novu-zgradu\/#primaryimage","url":"https:\/\/radioljubuski.ba\/wp-content\/uploads\/2022\/08\/auto.jpg","contentUrl":"https:\/\/radioljubuski.ba\/wp-content\/uploads\/2022\/08\/auto.jpg","width":800,"height":550},{"@type":"BreadcrumbList","@id":"https:\/\/radioljubuski.ba\/index.php\/2022\/08\/04\/mostar-jp-autoceste-fbih-traze-projektanta-za-novu-zgradu\/#breadcrumb","itemListElement":[{"@type":"ListItem","position":1,"name":"Po\u010detna stranica","item":"https:\/\/radioljubuski.ba\/"},{"@type":"ListItem","position":2,"name":"Mostar: JP Autoceste FBiH tra\u017ee projektanta za novu zgradu"}]},{"@type":"WebSite","@id":"https:\/\/radioljubuski.ba\/#website","url":"https:\/\/radioljubuski.ba\/","name":"Radio Ljubu\u0161ki","description":"Sun\u010dana frekvencija Hercegovine","publisher":{"@id":"https:\/\/radioljubuski.ba\/#organization"},"potentialAction":[{"@type":"SearchAction","target":{"@type":"EntryPoint","urlTemplate":"https:\/\/radioljubuski.ba\/?s={search_term_string}"},"query-input":{"@type":"PropertyValueSpecification","valueRequired":true,"valueName":"search_term_string"}}],"inLanguage":"hr"},{"@type":"Organization","@id":"https:\/\/radioljubuski.ba\/#organization","name":"Radio Ljubu\u0161ki","url":"https:\/\/radioljubuski.ba\/","logo":{"@type":"ImageObject","inLanguage":"hr","@id":"https:\/\/radioljubuski.ba\/#\/schema\/logo\/image\/","url":"https:\/\/radioljubuski.ba\/wp-content\/uploads\/2021\/02\/cropped-Radio_Ljubuski_logo1.jpg","contentUrl":"https:\/\/radioljubuski.ba\/wp-content\/uploads\/2021\/02\/cropped-Radio_Ljubuski_logo1.jpg","width":512,"height":512,"caption":"Radio Ljubu\u0161ki"},"image":{"@id":"https:\/\/radioljubuski.ba\/#\/schema\/logo\/image\/"},"sameAs":["https:\/\/www.facebook.com\/Radiio-Ljubuski-1490835324566332","https:\/\/x.com\/radioljubuski","https:\/\/hr.linkedin.com\/company\/radio-ljubuski","https:\/\/www.youtube.com\/channel\/UCHYaeO_n0Db3tjNGudGpXyw"]},{"@type":"Person","@id":"https:\/\/radioljubuski.ba\/#\/schema\/person\/19fc700381a780f69665d7956c469e3b","name":"Radio Ljubu\u0161ki"}]}},"_links":{"self":[{"href":"https:\/\/radioljubuski.ba\/index.php\/wp-json\/wp\/v2\/posts\/166252","targetHints":{"allow":["GET"]}}],"collection":[{"href":"https:\/\/radioljubuski.ba\/index.php\/wp-json\/wp\/v2\/posts"}],"about":[{"href":"https:\/\/radioljubuski.ba\/index.php\/wp-json\/wp\/v2\/types\/post"}],"author":[{"embeddable":true,"href":"https:\/\/radioljubuski.ba\/index.php\/wp-json\/wp\/v2\/users\/2"}],"replies":[{"embeddable":true,"href":"https:\/\/radioljubuski.ba\/index.php\/wp-json\/wp\/v2\/comments?post=166252"}],"version-history":[{"count":1,"href":"https:\/\/radioljubuski.ba\/index.php\/wp-json\/wp\/v2\/posts\/166252\/revisions"}],"predecessor-version":[{"id":166257,"href":"https:\/\/radioljubuski.ba\/index.php\/wp-json\/wp\/v2\/posts\/166252\/revisions\/166257"}],"wp:featuredmedia":[{"embeddable":true,"href":"https:\/\/radioljubuski.ba\/index.php\/wp-json\/wp\/v2\/media\/166256"}],"wp:attachment":[{"href":"https:\/\/radioljubuski.ba\/index.php\/wp-json\/wp\/v2\/media?parent=166252"}],"wp:term":[{"taxonomy":"category","embeddable":true,"href":"https:\/\/radioljubuski.ba\/index.php\/wp-json\/wp\/v2\/categories?post=166252"},{"taxonomy":"post_tag","embeddable":true,"href":"https:\/\/radioljubuski.ba\/index.php\/wp-json\/wp\/v2\/tags?post=166252"}],"curies":[{"name":"wp","href":"https:\/\/api.w.org\/{rel}","templated":true}]}}