{"id":166262,"date":"2022-08-04T08:42:15","date_gmt":"2022-08-04T07:42:15","guid":{"rendered":"https:\/\/radioljubuski.ba\/?p=166262"},"modified":"2022-08-04T08:42:17","modified_gmt":"2022-08-04T07:42:17","slug":"kod-gruda-kalasnjikovom-ubijeno-dvoje-ljudi-jos-dvoje-je-ranjeno-medu-poginulima-i-poznati-poduzetnik","status":"publish","type":"post","link":"https:\/\/radioljubuski.ba\/index.php\/2022\/08\/04\/kod-gruda-kalasnjikovom-ubijeno-dvoje-ljudi-jos-dvoje-je-ranjeno-medu-poginulima-i-poznati-poduzetnik\/","title":{"rendered":"Kod Gruda kala\u0161njikovom ubijeno dvoje ljudi, jo\u0161 dvoje je ranjeno. Me\u0111u poginulima i poznati poduzetnik"},"content":{"rendered":"\n<p>Jutros oko 2 sata dva mu\u0161karca su smrtno stradala u pucnjavi u Gorici, dok su jedan te\u017ee i jedan lak\u0161e ranjeni, doznaje portal&nbsp;<a href=\"https:\/\/www.grude-online.info\/grude-u-krvavom-pohodu-ubijene-dvije-osobe\/?fbclid=IwAR2YOcHPYDX2LiWJr1xvC5B81RM1OJ99XUJGj0_nq8UDod_SIn4gSqpOVyo\" target=\"_blank\" rel=\"noreferrer noopener\">Grude Online.<\/a><\/p>\n\n\n\n<p>Na tradicionalnom seoskom derneku, koji se odr\u017eavao povodom proslave sv. Stjepana, u \u017eupi Gorica Sovi\u0107i, mu\u0161karac je iz kala\u0161njikova pucao po masi ljudi koji su se nalazili ispred kafi\u0107a.<\/p>\n\n\n\n<p>U stra\u0161nom zlo\u010dinu ubijeni su&nbsp;Mate Grizelj&nbsp;(34) i&nbsp;Velimir Bu\u0161i\u0107&nbsp;(60), poznati poduzetnik i vlasnik grudskog Vebuscha, a te\u017ee ranjenom je jedna noga amputirana u SKB Mostar, doznaje&nbsp;<a href=\"https:\/\/www.hercegovina.info\/vijesti\/bih\/detalji-pokolja-u-grudama-ubijen-poznati-poduzetnik-druga-osoba-na-mjestu-mrtva-a-jedan-ranjeni-u-teskoj-situaciji\/205331\/?fbclid=IwAR38c5HTrd7pJrTQlSCmAPSoazUCFDW-CC8KFmQlO5vbO0i9h1rM_ll511M\" target=\"_blank\" rel=\"noreferrer noopener\">Hercegovina.info<\/a>&nbsp;saznaje<\/p>\n\n\n\n<p>Do pokolja je do\u0161lo nakon&nbsp;sva\u0111e unutar kafi\u0107a Zmaj, a po\u010dinitelj je nakon toga oti\u0161ao po automatsku pu\u0161ku &#8216;kala\u0161njikov&#8217; te pucao po vi\u0161e osoba od \u010dega je dvoje odmah preminulo, a dvoje ozlije\u0111eno.<\/p>\n\n\n\n<p>&#8216;Dana 4. 8. 2022. godine oko 2 sata u mjestu Gorica, Stubli, op\u0107ina Grude, prilikom obilje\u017eavanja sve\u010danosti dana patrona \u017eupe, nakon kratke prepirke do\u0161lo je do pucnjave u kojoj su smrtno stradale 2 osobe, a 2 su ranjene, o kojem doga\u0111aju je obavje\u0161tena policija, koja je iza\u0161la na mjesto doga\u0111aja gdje su zajedno s de\u017eurnim tu\u017eiteljem obavili o\u010devid i druge potrebne radnje radi utvr\u0111ivanja okolnosti predmetnog doga\u0111aja. Nalo\u017eit \u0107e se obdukcija nad tijelima smrtno stradalih i poduzet \u0107e se i druge radnje u cilju procesuiranja po\u010dinitelja kaznenih djela ubojstvo i nedopu\u0161teno dr\u017eanje oru\u017eja ili eksplozivnih tvari&#8217;, potvrdila je za\u00a0<a href=\"https:\/\/www.hercegovina.info\/vijesti\/bih\/detalji-pokolja-u-grudama-ubijen-poznati-poduzetnik-druga-osoba-na-mjestu-mrtva-a-jedan-ranjeni-u-teskoj-situaciji\/205331\/?fbclid=IwAR38c5HTrd7pJrTQlSCmAPSoazUCFDW-CC8KFmQlO5vbO0i9h1rM_ll511M\" target=\"_blank\" rel=\"noreferrer noopener\">Hercegovina.info<\/a>\u00a0Petrunjela Matijevi\u0107, glasnogovornica \u017dupanijskog tu\u017eiteljstva \u017dupanije Zapadnohercegova\u010dke.<\/p>\n\n\n\n<p>Izvor: <strong>Slobodna Dalmacija<\/strong><\/p>\n","protected":false},"excerpt":{"rendered":"<p>Jutros oko 2 sata dva mu\u0161karca su smrtno stradala u pucnjavi u Gorici, dok su jedan te\u017ee i jedan lak\u0161e ranjeni, doznaje portal&nbsp;Grude Online. Na tradicionalnom seoskom derneku, koji se odr\u017eavao povodom proslave sv. Stjepana, u \u017eupi Gorica Sovi\u0107i, mu\u0161karac je iz kala\u0161njikova pucao po masi ljudi koji su se nalazili ispred kafi\u0107a. U stra\u0161nom [&hellip;]<\/p>\n","protected":false},"author":2,"featured_media":154740,"comment_status":"closed","ping_status":"closed","sticky":false,"template":"","format":"standard","meta":{"h5ap_radio_sources":[],"footnotes":""},"categories":[1],"tags":[],"class_list":["post-166262","post","type-post","status-publish","format-standard","has-post-thumbnail","hentry","category-bihiregija"],"yoast_head":"<!-- This site is optimized with the Yoast SEO plugin v27.4 - https:\/\/yoast.com\/product\/yoast-seo-wordpress\/ -->\n<title>Kod Gruda kala\u0161njikovom ubijeno dvoje ljudi, jo\u0161 dvoje je ranjeno. Me\u0111u poginulima i poznati poduzetnik - RADIO LJUBU\u0160KI<\/title>\n<meta name=\"robots\" content=\"index, follow, max-snippet:-1, max-image-preview:large, max-video-preview:-1\" \/>\n<link rel=\"canonical\" href=\"https:\/\/radioljubuski.ba\/index.php\/2022\/08\/04\/kod-gruda-kalasnjikovom-ubijeno-dvoje-ljudi-jos-dvoje-je-ranjeno-medu-poginulima-i-poznati-poduzetnik\/\" \/>\n<meta property=\"og:locale\" content=\"hr_HR\" \/>\n<meta property=\"og:type\" content=\"article\" \/>\n<meta property=\"og:title\" content=\"Kod Gruda kala\u0161njikovom ubijeno dvoje ljudi, jo\u0161 dvoje je ranjeno. Me\u0111u poginulima i poznati poduzetnik - RADIO LJUBU\u0160KI\" \/>\n<meta property=\"og:description\" content=\"Jutros oko 2 sata dva mu\u0161karca su smrtno stradala u pucnjavi u Gorici, dok su jedan te\u017ee i jedan lak\u0161e ranjeni, doznaje portal&nbsp;Grude Online. Na tradicionalnom seoskom derneku, koji se odr\u017eavao povodom proslave sv. Stjepana, u \u017eupi Gorica Sovi\u0107i, mu\u0161karac je iz kala\u0161njikova pucao po masi ljudi koji su se nalazili ispred kafi\u0107a. U stra\u0161nom [&hellip;]\" \/>\n<meta property=\"og:url\" content=\"https:\/\/radioljubuski.ba\/index.php\/2022\/08\/04\/kod-gruda-kalasnjikovom-ubijeno-dvoje-ljudi-jos-dvoje-je-ranjeno-medu-poginulima-i-poznati-poduzetnik\/\" \/>\n<meta property=\"og:site_name\" content=\"RADIO LJUBU\u0160KI\" \/>\n<meta property=\"article:publisher\" content=\"https:\/\/www.facebook.com\/Radiio-Ljubuski-1490835324566332\" \/>\n<meta property=\"article:published_time\" content=\"2022-08-04T07:42:15+00:00\" \/>\n<meta property=\"article:modified_time\" content=\"2022-08-04T07:42:17+00:00\" \/>\n<meta property=\"og:image\" content=\"https:\/\/radioljubuski.ba\/wp-content\/uploads\/2022\/06\/8-2022-01-01-15-11-13-HITNA-1-440x315-1-1.jpg\" \/>\n\t<meta property=\"og:image:width\" content=\"1000\" \/>\n\t<meta property=\"og:image:height\" content=\"625\" \/>\n\t<meta property=\"og:image:type\" content=\"image\/jpeg\" \/>\n<meta name=\"author\" content=\"Radio Ljubu\u0161ki\" \/>\n<meta name=\"twitter:card\" content=\"summary_large_image\" \/>\n<meta name=\"twitter:creator\" content=\"@radioljubuski\" \/>\n<meta name=\"twitter:site\" content=\"@radioljubuski\" \/>\n<meta name=\"twitter:label1\" content=\"Napisao\/la\" \/>\n\t<meta name=\"twitter:data1\" content=\"Radio Ljubu\u0161ki\" \/>\n\t<meta name=\"twitter:label2\" content=\"Procijenjeno vrijeme \u010ditanja\" \/>\n\t<meta name=\"twitter:data2\" content=\"1 minuta\" \/>\n<script type=\"application\/ld+json\" class=\"yoast-schema-graph\">{\"@context\":\"https:\\\/\\\/schema.org\",\"@graph\":[{\"@type\":\"Article\",\"@id\":\"https:\\\/\\\/radioljubuski.ba\\\/index.php\\\/2022\\\/08\\\/04\\\/kod-gruda-kalasnjikovom-ubijeno-dvoje-ljudi-jos-dvoje-je-ranjeno-medu-poginulima-i-poznati-poduzetnik\\\/#article\",\"isPartOf\":{\"@id\":\"https:\\\/\\\/radioljubuski.ba\\\/index.php\\\/2022\\\/08\\\/04\\\/kod-gruda-kalasnjikovom-ubijeno-dvoje-ljudi-jos-dvoje-je-ranjeno-medu-poginulima-i-poznati-poduzetnik\\\/\"},\"author\":{\"name\":\"Radio Ljubu\u0161ki\",\"@id\":\"https:\\\/\\\/radioljubuski.ba\\\/#\\\/schema\\\/person\\\/19fc700381a780f69665d7956c469e3b\"},\"headline\":\"Kod Gruda kala\u0161njikovom ubijeno dvoje ljudi, jo\u0161 dvoje je ranjeno. Me\u0111u poginulima i poznati poduzetnik\",\"datePublished\":\"2022-08-04T07:42:15+00:00\",\"dateModified\":\"2022-08-04T07:42:17+00:00\",\"mainEntityOfPage\":{\"@id\":\"https:\\\/\\\/radioljubuski.ba\\\/index.php\\\/2022\\\/08\\\/04\\\/kod-gruda-kalasnjikovom-ubijeno-dvoje-ljudi-jos-dvoje-je-ranjeno-medu-poginulima-i-poznati-poduzetnik\\\/\"},\"wordCount\":287,\"publisher\":{\"@id\":\"https:\\\/\\\/radioljubuski.ba\\\/#organization\"},\"image\":{\"@id\":\"https:\\\/\\\/radioljubuski.ba\\\/index.php\\\/2022\\\/08\\\/04\\\/kod-gruda-kalasnjikovom-ubijeno-dvoje-ljudi-jos-dvoje-je-ranjeno-medu-poginulima-i-poznati-poduzetnik\\\/#primaryimage\"},\"thumbnailUrl\":\"https:\\\/\\\/radioljubuski.ba\\\/wp-content\\\/uploads\\\/2022\\\/06\\\/8-2022-01-01-15-11-13-HITNA-1-440x315-1-1.jpg\",\"articleSection\":[\"BIH i regija\"],\"inLanguage\":\"hr\"},{\"@type\":\"WebPage\",\"@id\":\"https:\\\/\\\/radioljubuski.ba\\\/index.php\\\/2022\\\/08\\\/04\\\/kod-gruda-kalasnjikovom-ubijeno-dvoje-ljudi-jos-dvoje-je-ranjeno-medu-poginulima-i-poznati-poduzetnik\\\/\",\"url\":\"https:\\\/\\\/radioljubuski.ba\\\/index.php\\\/2022\\\/08\\\/04\\\/kod-gruda-kalasnjikovom-ubijeno-dvoje-ljudi-jos-dvoje-je-ranjeno-medu-poginulima-i-poznati-poduzetnik\\\/\",\"name\":\"Kod Gruda kala\u0161njikovom ubijeno dvoje ljudi, jo\u0161 dvoje je ranjeno. Me\u0111u poginulima i poznati poduzetnik - RADIO LJUBU\u0160KI\",\"isPartOf\":{\"@id\":\"https:\\\/\\\/radioljubuski.ba\\\/#website\"},\"primaryImageOfPage\":{\"@id\":\"https:\\\/\\\/radioljubuski.ba\\\/index.php\\\/2022\\\/08\\\/04\\\/kod-gruda-kalasnjikovom-ubijeno-dvoje-ljudi-jos-dvoje-je-ranjeno-medu-poginulima-i-poznati-poduzetnik\\\/#primaryimage\"},\"image\":{\"@id\":\"https:\\\/\\\/radioljubuski.ba\\\/index.php\\\/2022\\\/08\\\/04\\\/kod-gruda-kalasnjikovom-ubijeno-dvoje-ljudi-jos-dvoje-je-ranjeno-medu-poginulima-i-poznati-poduzetnik\\\/#primaryimage\"},\"thumbnailUrl\":\"https:\\\/\\\/radioljubuski.ba\\\/wp-content\\\/uploads\\\/2022\\\/06\\\/8-2022-01-01-15-11-13-HITNA-1-440x315-1-1.jpg\",\"datePublished\":\"2022-08-04T07:42:15+00:00\",\"dateModified\":\"2022-08-04T07:42:17+00:00\",\"breadcrumb\":{\"@id\":\"https:\\\/\\\/radioljubuski.ba\\\/index.php\\\/2022\\\/08\\\/04\\\/kod-gruda-kalasnjikovom-ubijeno-dvoje-ljudi-jos-dvoje-je-ranjeno-medu-poginulima-i-poznati-poduzetnik\\\/#breadcrumb\"},\"inLanguage\":\"hr\",\"potentialAction\":[{\"@type\":\"ReadAction\",\"target\":[\"https:\\\/\\\/radioljubuski.ba\\\/index.php\\\/2022\\\/08\\\/04\\\/kod-gruda-kalasnjikovom-ubijeno-dvoje-ljudi-jos-dvoje-je-ranjeno-medu-poginulima-i-poznati-poduzetnik\\\/\"]}]},{\"@type\":\"ImageObject\",\"inLanguage\":\"hr\",\"@id\":\"https:\\\/\\\/radioljubuski.ba\\\/index.php\\\/2022\\\/08\\\/04\\\/kod-gruda-kalasnjikovom-ubijeno-dvoje-ljudi-jos-dvoje-je-ranjeno-medu-poginulima-i-poznati-poduzetnik\\\/#primaryimage\",\"url\":\"https:\\\/\\\/radioljubuski.ba\\\/wp-content\\\/uploads\\\/2022\\\/06\\\/8-2022-01-01-15-11-13-HITNA-1-440x315-1-1.jpg\",\"contentUrl\":\"https:\\\/\\\/radioljubuski.ba\\\/wp-content\\\/uploads\\\/2022\\\/06\\\/8-2022-01-01-15-11-13-HITNA-1-440x315-1-1.jpg\",\"width\":1000,\"height\":625},{\"@type\":\"BreadcrumbList\",\"@id\":\"https:\\\/\\\/radioljubuski.ba\\\/index.php\\\/2022\\\/08\\\/04\\\/kod-gruda-kalasnjikovom-ubijeno-dvoje-ljudi-jos-dvoje-je-ranjeno-medu-poginulima-i-poznati-poduzetnik\\\/#breadcrumb\",\"itemListElement\":[{\"@type\":\"ListItem\",\"position\":1,\"name\":\"Po\u010detna stranica\",\"item\":\"https:\\\/\\\/radioljubuski.ba\\\/\"},{\"@type\":\"ListItem\",\"position\":2,\"name\":\"Kod Gruda kala\u0161njikovom ubijeno dvoje ljudi, jo\u0161 dvoje je ranjeno. Me\u0111u poginulima i poznati poduzetnik\"}]},{\"@type\":\"WebSite\",\"@id\":\"https:\\\/\\\/radioljubuski.ba\\\/#website\",\"url\":\"https:\\\/\\\/radioljubuski.ba\\\/\",\"name\":\"Radio Ljubu\u0161ki\",\"description\":\"Sun\u010dana frekvencija Hercegovine\",\"publisher\":{\"@id\":\"https:\\\/\\\/radioljubuski.ba\\\/#organization\"},\"potentialAction\":[{\"@type\":\"SearchAction\",\"target\":{\"@type\":\"EntryPoint\",\"urlTemplate\":\"https:\\\/\\\/radioljubuski.ba\\\/?s={search_term_string}\"},\"query-input\":{\"@type\":\"PropertyValueSpecification\",\"valueRequired\":true,\"valueName\":\"search_term_string\"}}],\"inLanguage\":\"hr\"},{\"@type\":\"Organization\",\"@id\":\"https:\\\/\\\/radioljubuski.ba\\\/#organization\",\"name\":\"Radio Ljubu\u0161ki\",\"url\":\"https:\\\/\\\/radioljubuski.ba\\\/\",\"logo\":{\"@type\":\"ImageObject\",\"inLanguage\":\"hr\",\"@id\":\"https:\\\/\\\/radioljubuski.ba\\\/#\\\/schema\\\/logo\\\/image\\\/\",\"url\":\"https:\\\/\\\/radioljubuski.ba\\\/wp-content\\\/uploads\\\/2021\\\/02\\\/cropped-Radio_Ljubuski_logo1.jpg\",\"contentUrl\":\"https:\\\/\\\/radioljubuski.ba\\\/wp-content\\\/uploads\\\/2021\\\/02\\\/cropped-Radio_Ljubuski_logo1.jpg\",\"width\":512,\"height\":512,\"caption\":\"Radio Ljubu\u0161ki\"},\"image\":{\"@id\":\"https:\\\/\\\/radioljubuski.ba\\\/#\\\/schema\\\/logo\\\/image\\\/\"},\"sameAs\":[\"https:\\\/\\\/www.facebook.com\\\/Radiio-Ljubuski-1490835324566332\",\"https:\\\/\\\/x.com\\\/radioljubuski\",\"https:\\\/\\\/hr.linkedin.com\\\/company\\\/radio-ljubuski\",\"https:\\\/\\\/www.youtube.com\\\/channel\\\/UCHYaeO_n0Db3tjNGudGpXyw\"]},{\"@type\":\"Person\",\"@id\":\"https:\\\/\\\/radioljubuski.ba\\\/#\\\/schema\\\/person\\\/19fc700381a780f69665d7956c469e3b\",\"name\":\"Radio Ljubu\u0161ki\"}]}<\/script>\n<!-- \/ Yoast SEO plugin. -->","yoast_head_json":{"title":"Kod Gruda kala\u0161njikovom ubijeno dvoje ljudi, jo\u0161 dvoje je ranjeno. Me\u0111u poginulima i poznati poduzetnik - RADIO LJUBU\u0160KI","robots":{"index":"index","follow":"follow","max-snippet":"max-snippet:-1","max-image-preview":"max-image-preview:large","max-video-preview":"max-video-preview:-1"},"canonical":"https:\/\/radioljubuski.ba\/index.php\/2022\/08\/04\/kod-gruda-kalasnjikovom-ubijeno-dvoje-ljudi-jos-dvoje-je-ranjeno-medu-poginulima-i-poznati-poduzetnik\/","og_locale":"hr_HR","og_type":"article","og_title":"Kod Gruda kala\u0161njikovom ubijeno dvoje ljudi, jo\u0161 dvoje je ranjeno. Me\u0111u poginulima i poznati poduzetnik - RADIO LJUBU\u0160KI","og_description":"Jutros oko 2 sata dva mu\u0161karca su smrtno stradala u pucnjavi u Gorici, dok su jedan te\u017ee i jedan lak\u0161e ranjeni, doznaje portal&nbsp;Grude Online. Na tradicionalnom seoskom derneku, koji se odr\u017eavao povodom proslave sv. Stjepana, u \u017eupi Gorica Sovi\u0107i, mu\u0161karac je iz kala\u0161njikova pucao po masi ljudi koji su se nalazili ispred kafi\u0107a. U stra\u0161nom [&hellip;]","og_url":"https:\/\/radioljubuski.ba\/index.php\/2022\/08\/04\/kod-gruda-kalasnjikovom-ubijeno-dvoje-ljudi-jos-dvoje-je-ranjeno-medu-poginulima-i-poznati-poduzetnik\/","og_site_name":"RADIO LJUBU\u0160KI","article_publisher":"https:\/\/www.facebook.com\/Radiio-Ljubuski-1490835324566332","article_published_time":"2022-08-04T07:42:15+00:00","article_modified_time":"2022-08-04T07:42:17+00:00","og_image":[{"width":1000,"height":625,"url":"https:\/\/radioljubuski.ba\/wp-content\/uploads\/2022\/06\/8-2022-01-01-15-11-13-HITNA-1-440x315-1-1.jpg","type":"image\/jpeg"}],"author":"Radio Ljubu\u0161ki","twitter_card":"summary_large_image","twitter_creator":"@radioljubuski","twitter_site":"@radioljubuski","twitter_misc":{"Napisao\/la":"Radio Ljubu\u0161ki","Procijenjeno vrijeme \u010ditanja":"1 minuta"},"schema":{"@context":"https:\/\/schema.org","@graph":[{"@type":"Article","@id":"https:\/\/radioljubuski.ba\/index.php\/2022\/08\/04\/kod-gruda-kalasnjikovom-ubijeno-dvoje-ljudi-jos-dvoje-je-ranjeno-medu-poginulima-i-poznati-poduzetnik\/#article","isPartOf":{"@id":"https:\/\/radioljubuski.ba\/index.php\/2022\/08\/04\/kod-gruda-kalasnjikovom-ubijeno-dvoje-ljudi-jos-dvoje-je-ranjeno-medu-poginulima-i-poznati-poduzetnik\/"},"author":{"name":"Radio Ljubu\u0161ki","@id":"https:\/\/radioljubuski.ba\/#\/schema\/person\/19fc700381a780f69665d7956c469e3b"},"headline":"Kod Gruda kala\u0161njikovom ubijeno dvoje ljudi, jo\u0161 dvoje je ranjeno. Me\u0111u poginulima i poznati poduzetnik","datePublished":"2022-08-04T07:42:15+00:00","dateModified":"2022-08-04T07:42:17+00:00","mainEntityOfPage":{"@id":"https:\/\/radioljubuski.ba\/index.php\/2022\/08\/04\/kod-gruda-kalasnjikovom-ubijeno-dvoje-ljudi-jos-dvoje-je-ranjeno-medu-poginulima-i-poznati-poduzetnik\/"},"wordCount":287,"publisher":{"@id":"https:\/\/radioljubuski.ba\/#organization"},"image":{"@id":"https:\/\/radioljubuski.ba\/index.php\/2022\/08\/04\/kod-gruda-kalasnjikovom-ubijeno-dvoje-ljudi-jos-dvoje-je-ranjeno-medu-poginulima-i-poznati-poduzetnik\/#primaryimage"},"thumbnailUrl":"https:\/\/radioljubuski.ba\/wp-content\/uploads\/2022\/06\/8-2022-01-01-15-11-13-HITNA-1-440x315-1-1.jpg","articleSection":["BIH i regija"],"inLanguage":"hr"},{"@type":"WebPage","@id":"https:\/\/radioljubuski.ba\/index.php\/2022\/08\/04\/kod-gruda-kalasnjikovom-ubijeno-dvoje-ljudi-jos-dvoje-je-ranjeno-medu-poginulima-i-poznati-poduzetnik\/","url":"https:\/\/radioljubuski.ba\/index.php\/2022\/08\/04\/kod-gruda-kalasnjikovom-ubijeno-dvoje-ljudi-jos-dvoje-je-ranjeno-medu-poginulima-i-poznati-poduzetnik\/","name":"Kod Gruda kala\u0161njikovom ubijeno dvoje ljudi, jo\u0161 dvoje je ranjeno. Me\u0111u poginulima i poznati poduzetnik - RADIO LJUBU\u0160KI","isPartOf":{"@id":"https:\/\/radioljubuski.ba\/#website"},"primaryImageOfPage":{"@id":"https:\/\/radioljubuski.ba\/index.php\/2022\/08\/04\/kod-gruda-kalasnjikovom-ubijeno-dvoje-ljudi-jos-dvoje-je-ranjeno-medu-poginulima-i-poznati-poduzetnik\/#primaryimage"},"image":{"@id":"https:\/\/radioljubuski.ba\/index.php\/2022\/08\/04\/kod-gruda-kalasnjikovom-ubijeno-dvoje-ljudi-jos-dvoje-je-ranjeno-medu-poginulima-i-poznati-poduzetnik\/#primaryimage"},"thumbnailUrl":"https:\/\/radioljubuski.ba\/wp-content\/uploads\/2022\/06\/8-2022-01-01-15-11-13-HITNA-1-440x315-1-1.jpg","datePublished":"2022-08-04T07:42:15+00:00","dateModified":"2022-08-04T07:42:17+00:00","breadcrumb":{"@id":"https:\/\/radioljubuski.ba\/index.php\/2022\/08\/04\/kod-gruda-kalasnjikovom-ubijeno-dvoje-ljudi-jos-dvoje-je-ranjeno-medu-poginulima-i-poznati-poduzetnik\/#breadcrumb"},"inLanguage":"hr","potentialAction":[{"@type":"ReadAction","target":["https:\/\/radioljubuski.ba\/index.php\/2022\/08\/04\/kod-gruda-kalasnjikovom-ubijeno-dvoje-ljudi-jos-dvoje-je-ranjeno-medu-poginulima-i-poznati-poduzetnik\/"]}]},{"@type":"ImageObject","inLanguage":"hr","@id":"https:\/\/radioljubuski.ba\/index.php\/2022\/08\/04\/kod-gruda-kalasnjikovom-ubijeno-dvoje-ljudi-jos-dvoje-je-ranjeno-medu-poginulima-i-poznati-poduzetnik\/#primaryimage","url":"https:\/\/radioljubuski.ba\/wp-content\/uploads\/2022\/06\/8-2022-01-01-15-11-13-HITNA-1-440x315-1-1.jpg","contentUrl":"https:\/\/radioljubuski.ba\/wp-content\/uploads\/2022\/06\/8-2022-01-01-15-11-13-HITNA-1-440x315-1-1.jpg","width":1000,"height":625},{"@type":"BreadcrumbList","@id":"https:\/\/radioljubuski.ba\/index.php\/2022\/08\/04\/kod-gruda-kalasnjikovom-ubijeno-dvoje-ljudi-jos-dvoje-je-ranjeno-medu-poginulima-i-poznati-poduzetnik\/#breadcrumb","itemListElement":[{"@type":"ListItem","position":1,"name":"Po\u010detna stranica","item":"https:\/\/radioljubuski.ba\/"},{"@type":"ListItem","position":2,"name":"Kod Gruda kala\u0161njikovom ubijeno dvoje ljudi, jo\u0161 dvoje je ranjeno. Me\u0111u poginulima i poznati poduzetnik"}]},{"@type":"WebSite","@id":"https:\/\/radioljubuski.ba\/#website","url":"https:\/\/radioljubuski.ba\/","name":"Radio Ljubu\u0161ki","description":"Sun\u010dana frekvencija Hercegovine","publisher":{"@id":"https:\/\/radioljubuski.ba\/#organization"},"potentialAction":[{"@type":"SearchAction","target":{"@type":"EntryPoint","urlTemplate":"https:\/\/radioljubuski.ba\/?s={search_term_string}"},"query-input":{"@type":"PropertyValueSpecification","valueRequired":true,"valueName":"search_term_string"}}],"inLanguage":"hr"},{"@type":"Organization","@id":"https:\/\/radioljubuski.ba\/#organization","name":"Radio Ljubu\u0161ki","url":"https:\/\/radioljubuski.ba\/","logo":{"@type":"ImageObject","inLanguage":"hr","@id":"https:\/\/radioljubuski.ba\/#\/schema\/logo\/image\/","url":"https:\/\/radioljubuski.ba\/wp-content\/uploads\/2021\/02\/cropped-Radio_Ljubuski_logo1.jpg","contentUrl":"https:\/\/radioljubuski.ba\/wp-content\/uploads\/2021\/02\/cropped-Radio_Ljubuski_logo1.jpg","width":512,"height":512,"caption":"Radio Ljubu\u0161ki"},"image":{"@id":"https:\/\/radioljubuski.ba\/#\/schema\/logo\/image\/"},"sameAs":["https:\/\/www.facebook.com\/Radiio-Ljubuski-1490835324566332","https:\/\/x.com\/radioljubuski","https:\/\/hr.linkedin.com\/company\/radio-ljubuski","https:\/\/www.youtube.com\/channel\/UCHYaeO_n0Db3tjNGudGpXyw"]},{"@type":"Person","@id":"https:\/\/radioljubuski.ba\/#\/schema\/person\/19fc700381a780f69665d7956c469e3b","name":"Radio Ljubu\u0161ki"}]}},"_links":{"self":[{"href":"https:\/\/radioljubuski.ba\/index.php\/wp-json\/wp\/v2\/posts\/166262","targetHints":{"allow":["GET"]}}],"collection":[{"href":"https:\/\/radioljubuski.ba\/index.php\/wp-json\/wp\/v2\/posts"}],"about":[{"href":"https:\/\/radioljubuski.ba\/index.php\/wp-json\/wp\/v2\/types\/post"}],"author":[{"embeddable":true,"href":"https:\/\/radioljubuski.ba\/index.php\/wp-json\/wp\/v2\/users\/2"}],"replies":[{"embeddable":true,"href":"https:\/\/radioljubuski.ba\/index.php\/wp-json\/wp\/v2\/comments?post=166262"}],"version-history":[{"count":1,"href":"https:\/\/radioljubuski.ba\/index.php\/wp-json\/wp\/v2\/posts\/166262\/revisions"}],"predecessor-version":[{"id":166264,"href":"https:\/\/radioljubuski.ba\/index.php\/wp-json\/wp\/v2\/posts\/166262\/revisions\/166264"}],"wp:featuredmedia":[{"embeddable":true,"href":"https:\/\/radioljubuski.ba\/index.php\/wp-json\/wp\/v2\/media\/154740"}],"wp:attachment":[{"href":"https:\/\/radioljubuski.ba\/index.php\/wp-json\/wp\/v2\/media?parent=166262"}],"wp:term":[{"taxonomy":"category","embeddable":true,"href":"https:\/\/radioljubuski.ba\/index.php\/wp-json\/wp\/v2\/categories?post=166262"},{"taxonomy":"post_tag","embeddable":true,"href":"https:\/\/radioljubuski.ba\/index.php\/wp-json\/wp\/v2\/tags?post=166262"}],"curies":[{"name":"wp","href":"https:\/\/api.w.org\/{rel}","templated":true}]}}