{"id":166266,"date":"2022-08-04T08:46:49","date_gmt":"2022-08-04T07:46:49","guid":{"rendered":"https:\/\/radioljubuski.ba\/?p=166266"},"modified":"2022-08-04T08:46:49","modified_gmt":"2022-08-04T07:46:49","slug":"hrvatska-dug-opce-drzave-iznad-356-mlrd-kuna","status":"publish","type":"post","link":"https:\/\/radioljubuski.ba\/index.php\/2022\/08\/04\/hrvatska-dug-opce-drzave-iznad-356-mlrd-kuna\/","title":{"rendered":"Hrvatska: Dug op\u0107e dr\u017eave iznad 356 mlrd kuna"},"content":{"rendered":"\n<p>Dug op\u0107e dr\u017eave krajem travnja ove godine iznosio je 356,1 milijardi kuna, \u0161to je za 18 milijardi kuna ili 5,3 posto vi\u0161e nego godinu dana ranije, pokazuju zadnji podaci Hrvatske narodne banke (HNB), a analiti\u010dari Raiffeisenbank Austrie (RBA) o\u010dekuju na razini cijele godine nastavak njegova rasta u apsolutnom iznosu uslijed rastu\u0107ih potreba za financiranjem.<\/p>\n\n\n\n<p>Prirast duga na godi\u0161njoj razini uzrokovan je porastom i unutarnjeg i inozemnog duga, pokazuju zadnji podaci HNB-a.<\/p>\n\n\n\n<p>Tako je unutarnji dug ve\u0107i za 7,6 milijardi kuna ili 3,5 posto u odnosu na kraj travnja 2021. godine te iznosi 225,9 milijardi kuna.<\/p>\n\n\n\n<p>Istodobno, inozemni dug uve\u0107an je za 10,4 milijardi kuna ili 8,7 posto, na 130,1 milijardu kuna, a njegov rast posljedica je travanjskog izdanja euroobveznica na me\u0111unarodnom tr\u017ei\u0161tu kapitala u ukupnom nominalnom iznosu od 1,25 milijardi eura.<\/p>\n\n\n\n<p>To odra\u017eavaju i podaci o rastu duga op\u0107e dr\u017eave i na mjese\u010dnoj razini, i to za 13,55 milijardi kuna.<\/p>\n\n\n\n<p>&#8220;Obzirom da su sredstva prikupljena izdanjem euroobveznica kori\u0161tena za refinanciranje euroobveznice koja je dospjela 30. svibnja 2022., ve\u0107 u svibnju o\u010dekujemo smanjenje na promatranoj stavki&#8221;, isti\u010du iz RBA.<\/p>\n\n\n\n<p>Na razini cijele godine, pak, o\u010dekuju nastavak rasta duga op\u0107e dr\u017eave u apsolutnom izrazu uslijed rastu\u0107ih potreba za financiranjem, pri \u010demu prije svega misle na poja\u010dane pritiske na strani rashoda prora\u010duna zbog sindikalnih zahtjeva za rastom pla\u0107a u okru\u017eenju izra\u017eenih inflatornih pritisaka, ali i kao posljedica niza fiskalnih mjera za ubla\u017eavanje nepovoljnog utjecaja rasta cijena na potro\u0161a\u010de i poduzetnike.<\/p>\n\n\n\n<p>&#8220;Me\u0111utim, nastavak oporavka gospodarske aktivnosti zadr\u017eavat \u0107e omjer javnog duga u BDP-u na silaznoj putanji i u ovoj i u godinama pred nama. Iako se fiskalni rizici pove\u0107avaju, o\u010dekujemo zadr\u017eavanje manjka op\u0107e dr\u017eave na razini od 3 posto BDP-a&#8221;, zaklju\u010duju iz RBA.<\/p>\n\n\n\n<p>Vlada o\u010dekuje da bi do kraja godine udio javnog duga u BDP-u trebao iznositi 76,2 posto BDP-a ili za 3,6 postotnih bodova manje u odnosu na 2021. godinu.<\/p>\n\n\n\n<p>Izvor: <a href=\"https:\/\/pogled.ba\/gospodarstvo\/hrvatska-dug-opce-drzave-iznad-356-mlrd-kuna\/252321\">Pogled.ba<\/a><\/p>\n","protected":false},"excerpt":{"rendered":"<p>Dug op\u0107e dr\u017eave krajem travnja ove godine iznosio je 356,1 milijardi kuna, \u0161to je za 18 milijardi kuna ili 5,3 posto vi\u0161e nego godinu dana ranije, pokazuju zadnji podaci Hrvatske narodne banke (HNB), a analiti\u010dari Raiffeisenbank Austrie (RBA) o\u010dekuju na razini cijele godine nastavak njegova rasta u apsolutnom iznosu uslijed rastu\u0107ih potreba za financiranjem. Prirast [&hellip;]<\/p>\n","protected":false},"author":2,"featured_media":0,"comment_status":"closed","ping_status":"closed","sticky":false,"template":"","format":"standard","meta":{"h5ap_radio_sources":[],"footnotes":""},"categories":[1],"tags":[],"class_list":["post-166266","post","type-post","status-publish","format-standard","hentry","category-bihiregija"],"yoast_head":"<!-- This site is optimized with the Yoast SEO plugin v27.4 - https:\/\/yoast.com\/product\/yoast-seo-wordpress\/ -->\n<title>Hrvatska: Dug op\u0107e dr\u017eave iznad 356 mlrd kuna - RADIO LJUBU\u0160KI<\/title>\n<meta name=\"robots\" content=\"index, follow, max-snippet:-1, max-image-preview:large, max-video-preview:-1\" \/>\n<link rel=\"canonical\" href=\"https:\/\/radioljubuski.ba\/index.php\/2022\/08\/04\/hrvatska-dug-opce-drzave-iznad-356-mlrd-kuna\/\" \/>\n<meta property=\"og:locale\" content=\"hr_HR\" \/>\n<meta property=\"og:type\" content=\"article\" \/>\n<meta property=\"og:title\" content=\"Hrvatska: Dug op\u0107e dr\u017eave iznad 356 mlrd kuna - RADIO LJUBU\u0160KI\" \/>\n<meta property=\"og:description\" content=\"Dug op\u0107e dr\u017eave krajem travnja ove godine iznosio je 356,1 milijardi kuna, \u0161to je za 18 milijardi kuna ili 5,3 posto vi\u0161e nego godinu dana ranije, pokazuju zadnji podaci Hrvatske narodne banke (HNB), a analiti\u010dari Raiffeisenbank Austrie (RBA) o\u010dekuju na razini cijele godine nastavak njegova rasta u apsolutnom iznosu uslijed rastu\u0107ih potreba za financiranjem. Prirast [&hellip;]\" \/>\n<meta property=\"og:url\" content=\"https:\/\/radioljubuski.ba\/index.php\/2022\/08\/04\/hrvatska-dug-opce-drzave-iznad-356-mlrd-kuna\/\" \/>\n<meta property=\"og:site_name\" content=\"RADIO LJUBU\u0160KI\" \/>\n<meta property=\"article:publisher\" content=\"https:\/\/www.facebook.com\/Radiio-Ljubuski-1490835324566332\" \/>\n<meta property=\"article:published_time\" content=\"2022-08-04T07:46:49+00:00\" \/>\n<meta name=\"author\" content=\"Radio Ljubu\u0161ki\" \/>\n<meta name=\"twitter:card\" content=\"summary_large_image\" \/>\n<meta name=\"twitter:creator\" content=\"@radioljubuski\" \/>\n<meta name=\"twitter:site\" content=\"@radioljubuski\" \/>\n<meta name=\"twitter:label1\" content=\"Napisao\/la\" \/>\n\t<meta name=\"twitter:data1\" content=\"Radio Ljubu\u0161ki\" \/>\n\t<meta name=\"twitter:label2\" content=\"Procijenjeno vrijeme \u010ditanja\" \/>\n\t<meta name=\"twitter:data2\" content=\"2 minute\" \/>\n<script type=\"application\/ld+json\" class=\"yoast-schema-graph\">{\"@context\":\"https:\\\/\\\/schema.org\",\"@graph\":[{\"@type\":\"Article\",\"@id\":\"https:\\\/\\\/radioljubuski.ba\\\/index.php\\\/2022\\\/08\\\/04\\\/hrvatska-dug-opce-drzave-iznad-356-mlrd-kuna\\\/#article\",\"isPartOf\":{\"@id\":\"https:\\\/\\\/radioljubuski.ba\\\/index.php\\\/2022\\\/08\\\/04\\\/hrvatska-dug-opce-drzave-iznad-356-mlrd-kuna\\\/\"},\"author\":{\"name\":\"Radio Ljubu\u0161ki\",\"@id\":\"https:\\\/\\\/radioljubuski.ba\\\/#\\\/schema\\\/person\\\/19fc700381a780f69665d7956c469e3b\"},\"headline\":\"Hrvatska: Dug op\u0107e dr\u017eave iznad 356 mlrd kuna\",\"datePublished\":\"2022-08-04T07:46:49+00:00\",\"mainEntityOfPage\":{\"@id\":\"https:\\\/\\\/radioljubuski.ba\\\/index.php\\\/2022\\\/08\\\/04\\\/hrvatska-dug-opce-drzave-iznad-356-mlrd-kuna\\\/\"},\"wordCount\":341,\"publisher\":{\"@id\":\"https:\\\/\\\/radioljubuski.ba\\\/#organization\"},\"articleSection\":[\"BIH i regija\"],\"inLanguage\":\"hr\"},{\"@type\":\"WebPage\",\"@id\":\"https:\\\/\\\/radioljubuski.ba\\\/index.php\\\/2022\\\/08\\\/04\\\/hrvatska-dug-opce-drzave-iznad-356-mlrd-kuna\\\/\",\"url\":\"https:\\\/\\\/radioljubuski.ba\\\/index.php\\\/2022\\\/08\\\/04\\\/hrvatska-dug-opce-drzave-iznad-356-mlrd-kuna\\\/\",\"name\":\"Hrvatska: Dug op\u0107e dr\u017eave iznad 356 mlrd kuna - RADIO LJUBU\u0160KI\",\"isPartOf\":{\"@id\":\"https:\\\/\\\/radioljubuski.ba\\\/#website\"},\"datePublished\":\"2022-08-04T07:46:49+00:00\",\"breadcrumb\":{\"@id\":\"https:\\\/\\\/radioljubuski.ba\\\/index.php\\\/2022\\\/08\\\/04\\\/hrvatska-dug-opce-drzave-iznad-356-mlrd-kuna\\\/#breadcrumb\"},\"inLanguage\":\"hr\",\"potentialAction\":[{\"@type\":\"ReadAction\",\"target\":[\"https:\\\/\\\/radioljubuski.ba\\\/index.php\\\/2022\\\/08\\\/04\\\/hrvatska-dug-opce-drzave-iznad-356-mlrd-kuna\\\/\"]}]},{\"@type\":\"BreadcrumbList\",\"@id\":\"https:\\\/\\\/radioljubuski.ba\\\/index.php\\\/2022\\\/08\\\/04\\\/hrvatska-dug-opce-drzave-iznad-356-mlrd-kuna\\\/#breadcrumb\",\"itemListElement\":[{\"@type\":\"ListItem\",\"position\":1,\"name\":\"Po\u010detna stranica\",\"item\":\"https:\\\/\\\/radioljubuski.ba\\\/\"},{\"@type\":\"ListItem\",\"position\":2,\"name\":\"Hrvatska: Dug op\u0107e dr\u017eave iznad 356 mlrd kuna\"}]},{\"@type\":\"WebSite\",\"@id\":\"https:\\\/\\\/radioljubuski.ba\\\/#website\",\"url\":\"https:\\\/\\\/radioljubuski.ba\\\/\",\"name\":\"Radio Ljubu\u0161ki\",\"description\":\"Sun\u010dana frekvencija Hercegovine\",\"publisher\":{\"@id\":\"https:\\\/\\\/radioljubuski.ba\\\/#organization\"},\"potentialAction\":[{\"@type\":\"SearchAction\",\"target\":{\"@type\":\"EntryPoint\",\"urlTemplate\":\"https:\\\/\\\/radioljubuski.ba\\\/?s={search_term_string}\"},\"query-input\":{\"@type\":\"PropertyValueSpecification\",\"valueRequired\":true,\"valueName\":\"search_term_string\"}}],\"inLanguage\":\"hr\"},{\"@type\":\"Organization\",\"@id\":\"https:\\\/\\\/radioljubuski.ba\\\/#organization\",\"name\":\"Radio Ljubu\u0161ki\",\"url\":\"https:\\\/\\\/radioljubuski.ba\\\/\",\"logo\":{\"@type\":\"ImageObject\",\"inLanguage\":\"hr\",\"@id\":\"https:\\\/\\\/radioljubuski.ba\\\/#\\\/schema\\\/logo\\\/image\\\/\",\"url\":\"https:\\\/\\\/radioljubuski.ba\\\/wp-content\\\/uploads\\\/2021\\\/02\\\/cropped-Radio_Ljubuski_logo1.jpg\",\"contentUrl\":\"https:\\\/\\\/radioljubuski.ba\\\/wp-content\\\/uploads\\\/2021\\\/02\\\/cropped-Radio_Ljubuski_logo1.jpg\",\"width\":512,\"height\":512,\"caption\":\"Radio Ljubu\u0161ki\"},\"image\":{\"@id\":\"https:\\\/\\\/radioljubuski.ba\\\/#\\\/schema\\\/logo\\\/image\\\/\"},\"sameAs\":[\"https:\\\/\\\/www.facebook.com\\\/Radiio-Ljubuski-1490835324566332\",\"https:\\\/\\\/x.com\\\/radioljubuski\",\"https:\\\/\\\/hr.linkedin.com\\\/company\\\/radio-ljubuski\",\"https:\\\/\\\/www.youtube.com\\\/channel\\\/UCHYaeO_n0Db3tjNGudGpXyw\"]},{\"@type\":\"Person\",\"@id\":\"https:\\\/\\\/radioljubuski.ba\\\/#\\\/schema\\\/person\\\/19fc700381a780f69665d7956c469e3b\",\"name\":\"Radio Ljubu\u0161ki\"}]}<\/script>\n<!-- \/ Yoast SEO plugin. -->","yoast_head_json":{"title":"Hrvatska: Dug op\u0107e dr\u017eave iznad 356 mlrd kuna - RADIO LJUBU\u0160KI","robots":{"index":"index","follow":"follow","max-snippet":"max-snippet:-1","max-image-preview":"max-image-preview:large","max-video-preview":"max-video-preview:-1"},"canonical":"https:\/\/radioljubuski.ba\/index.php\/2022\/08\/04\/hrvatska-dug-opce-drzave-iznad-356-mlrd-kuna\/","og_locale":"hr_HR","og_type":"article","og_title":"Hrvatska: Dug op\u0107e dr\u017eave iznad 356 mlrd kuna - RADIO LJUBU\u0160KI","og_description":"Dug op\u0107e dr\u017eave krajem travnja ove godine iznosio je 356,1 milijardi kuna, \u0161to je za 18 milijardi kuna ili 5,3 posto vi\u0161e nego godinu dana ranije, pokazuju zadnji podaci Hrvatske narodne banke (HNB), a analiti\u010dari Raiffeisenbank Austrie (RBA) o\u010dekuju na razini cijele godine nastavak njegova rasta u apsolutnom iznosu uslijed rastu\u0107ih potreba za financiranjem. Prirast [&hellip;]","og_url":"https:\/\/radioljubuski.ba\/index.php\/2022\/08\/04\/hrvatska-dug-opce-drzave-iznad-356-mlrd-kuna\/","og_site_name":"RADIO LJUBU\u0160KI","article_publisher":"https:\/\/www.facebook.com\/Radiio-Ljubuski-1490835324566332","article_published_time":"2022-08-04T07:46:49+00:00","author":"Radio Ljubu\u0161ki","twitter_card":"summary_large_image","twitter_creator":"@radioljubuski","twitter_site":"@radioljubuski","twitter_misc":{"Napisao\/la":"Radio Ljubu\u0161ki","Procijenjeno vrijeme \u010ditanja":"2 minute"},"schema":{"@context":"https:\/\/schema.org","@graph":[{"@type":"Article","@id":"https:\/\/radioljubuski.ba\/index.php\/2022\/08\/04\/hrvatska-dug-opce-drzave-iznad-356-mlrd-kuna\/#article","isPartOf":{"@id":"https:\/\/radioljubuski.ba\/index.php\/2022\/08\/04\/hrvatska-dug-opce-drzave-iznad-356-mlrd-kuna\/"},"author":{"name":"Radio Ljubu\u0161ki","@id":"https:\/\/radioljubuski.ba\/#\/schema\/person\/19fc700381a780f69665d7956c469e3b"},"headline":"Hrvatska: Dug op\u0107e dr\u017eave iznad 356 mlrd kuna","datePublished":"2022-08-04T07:46:49+00:00","mainEntityOfPage":{"@id":"https:\/\/radioljubuski.ba\/index.php\/2022\/08\/04\/hrvatska-dug-opce-drzave-iznad-356-mlrd-kuna\/"},"wordCount":341,"publisher":{"@id":"https:\/\/radioljubuski.ba\/#organization"},"articleSection":["BIH i regija"],"inLanguage":"hr"},{"@type":"WebPage","@id":"https:\/\/radioljubuski.ba\/index.php\/2022\/08\/04\/hrvatska-dug-opce-drzave-iznad-356-mlrd-kuna\/","url":"https:\/\/radioljubuski.ba\/index.php\/2022\/08\/04\/hrvatska-dug-opce-drzave-iznad-356-mlrd-kuna\/","name":"Hrvatska: Dug op\u0107e dr\u017eave iznad 356 mlrd kuna - RADIO LJUBU\u0160KI","isPartOf":{"@id":"https:\/\/radioljubuski.ba\/#website"},"datePublished":"2022-08-04T07:46:49+00:00","breadcrumb":{"@id":"https:\/\/radioljubuski.ba\/index.php\/2022\/08\/04\/hrvatska-dug-opce-drzave-iznad-356-mlrd-kuna\/#breadcrumb"},"inLanguage":"hr","potentialAction":[{"@type":"ReadAction","target":["https:\/\/radioljubuski.ba\/index.php\/2022\/08\/04\/hrvatska-dug-opce-drzave-iznad-356-mlrd-kuna\/"]}]},{"@type":"BreadcrumbList","@id":"https:\/\/radioljubuski.ba\/index.php\/2022\/08\/04\/hrvatska-dug-opce-drzave-iznad-356-mlrd-kuna\/#breadcrumb","itemListElement":[{"@type":"ListItem","position":1,"name":"Po\u010detna stranica","item":"https:\/\/radioljubuski.ba\/"},{"@type":"ListItem","position":2,"name":"Hrvatska: Dug op\u0107e dr\u017eave iznad 356 mlrd kuna"}]},{"@type":"WebSite","@id":"https:\/\/radioljubuski.ba\/#website","url":"https:\/\/radioljubuski.ba\/","name":"Radio Ljubu\u0161ki","description":"Sun\u010dana frekvencija Hercegovine","publisher":{"@id":"https:\/\/radioljubuski.ba\/#organization"},"potentialAction":[{"@type":"SearchAction","target":{"@type":"EntryPoint","urlTemplate":"https:\/\/radioljubuski.ba\/?s={search_term_string}"},"query-input":{"@type":"PropertyValueSpecification","valueRequired":true,"valueName":"search_term_string"}}],"inLanguage":"hr"},{"@type":"Organization","@id":"https:\/\/radioljubuski.ba\/#organization","name":"Radio Ljubu\u0161ki","url":"https:\/\/radioljubuski.ba\/","logo":{"@type":"ImageObject","inLanguage":"hr","@id":"https:\/\/radioljubuski.ba\/#\/schema\/logo\/image\/","url":"https:\/\/radioljubuski.ba\/wp-content\/uploads\/2021\/02\/cropped-Radio_Ljubuski_logo1.jpg","contentUrl":"https:\/\/radioljubuski.ba\/wp-content\/uploads\/2021\/02\/cropped-Radio_Ljubuski_logo1.jpg","width":512,"height":512,"caption":"Radio Ljubu\u0161ki"},"image":{"@id":"https:\/\/radioljubuski.ba\/#\/schema\/logo\/image\/"},"sameAs":["https:\/\/www.facebook.com\/Radiio-Ljubuski-1490835324566332","https:\/\/x.com\/radioljubuski","https:\/\/hr.linkedin.com\/company\/radio-ljubuski","https:\/\/www.youtube.com\/channel\/UCHYaeO_n0Db3tjNGudGpXyw"]},{"@type":"Person","@id":"https:\/\/radioljubuski.ba\/#\/schema\/person\/19fc700381a780f69665d7956c469e3b","name":"Radio Ljubu\u0161ki"}]}},"_links":{"self":[{"href":"https:\/\/radioljubuski.ba\/index.php\/wp-json\/wp\/v2\/posts\/166266","targetHints":{"allow":["GET"]}}],"collection":[{"href":"https:\/\/radioljubuski.ba\/index.php\/wp-json\/wp\/v2\/posts"}],"about":[{"href":"https:\/\/radioljubuski.ba\/index.php\/wp-json\/wp\/v2\/types\/post"}],"author":[{"embeddable":true,"href":"https:\/\/radioljubuski.ba\/index.php\/wp-json\/wp\/v2\/users\/2"}],"replies":[{"embeddable":true,"href":"https:\/\/radioljubuski.ba\/index.php\/wp-json\/wp\/v2\/comments?post=166266"}],"version-history":[{"count":1,"href":"https:\/\/radioljubuski.ba\/index.php\/wp-json\/wp\/v2\/posts\/166266\/revisions"}],"predecessor-version":[{"id":166271,"href":"https:\/\/radioljubuski.ba\/index.php\/wp-json\/wp\/v2\/posts\/166266\/revisions\/166271"}],"wp:attachment":[{"href":"https:\/\/radioljubuski.ba\/index.php\/wp-json\/wp\/v2\/media?parent=166266"}],"wp:term":[{"taxonomy":"category","embeddable":true,"href":"https:\/\/radioljubuski.ba\/index.php\/wp-json\/wp\/v2\/categories?post=166266"},{"taxonomy":"post_tag","embeddable":true,"href":"https:\/\/radioljubuski.ba\/index.php\/wp-json\/wp\/v2\/tags?post=166266"}],"curies":[{"name":"wp","href":"https:\/\/api.w.org\/{rel}","templated":true}]}}