{"id":166272,"date":"2022-08-04T08:50:31","date_gmt":"2022-08-04T07:50:31","guid":{"rendered":"https:\/\/radioljubuski.ba\/?p=166272"},"modified":"2022-08-04T08:50:33","modified_gmt":"2022-08-04T07:50:33","slug":"sestra-marijane-iz-big-brothera-njezin-suprug-treba-reci-sto-se-dogodilo-te-noci-nazalost-mislim-da-nije-ziva","status":"publish","type":"post","link":"https:\/\/radioljubuski.ba\/index.php\/2022\/08\/04\/sestra-marijane-iz-big-brothera-njezin-suprug-treba-reci-sto-se-dogodilo-te-noci-nazalost-mislim-da-nije-ziva\/","title":{"rendered":"Sestra Marijane iz Big Brothera: \u2018Njezin suprug treba re\u0107i \u0161to se dogodilo te no\u0107i. Na\u017ealost, mislim da nije \u017eiva\u2018"},"content":{"rendered":"\n<p>&#8211; U no\u0107i dok je Marijana vjerojatno umirala, sanjala sam kako se nas dvije pozdravljamo &#8211; drhtavim glasom govori njezina najmla\u0111a sestra Maja Kova\u010devi\u0107 (31).<\/p>\n\n\n\n<p>Sutradan kad se probudila, odmah je posegnula za mobitelom i okrenula sestrin broj s kojom se prije toga posljednji put \u010dula prije mjesec dana. Nije se javljala, a Maja je ve\u0107 tad imala neki \u010dudan osje\u0107aj. Pogotovo \u0161to jedina \u017eenska regionalna pobjednica &#8220;Big Brothera&#8221; nije odgovarala niti u WhatsApp grupu naziva &#8220;Sestre&#8221; u kojoj su sve \u010detiri k\u0107eri Spli\u0107anina Ive Kova\u010devi\u0107a: najstarija Anet, Marijana, Sendi te najmla\u0111a Maja. Uskoro je doznala ono o \u010demu \u0107e za nekoliko sati brujati cijela Hrvatska, ali i regija.<\/p>\n\n\n\n<p>Marijana iz &#8220;Big Brothera&#8221; misteriozno je nestala u no\u0107i na 27. travnja kad se udaljila iz obiteljskog doma na zagreba\u010dkoj Savici. Na obli\u017enjem Mostu mladosti slu\u010dajni je prolaznik u zoru prona\u0161ao njezinu torbicu s dokumentima i mobitelom, a unato\u010d opse\u017enoj potrazi po rijeci Savi &#8211; do danas nije prona\u0111ena, pi\u0161e Slobodna Dalmacija.<\/p>\n\n\n\n<p>Vijest je u sekundi preplavila internetske portale, Marijanin suprug Karlo Seifert s kojim je dobila uskoro dvogodi\u0161njeg sina Aleksandra apelirao je na javnost da mu pomogne u tra\u017eenju odgovora, no zna\u010dajnih pomaka u istrazi nema.<\/p>\n\n\n\n<p>Upravo su odgovori ono \u0161to od te fatalne no\u0107i kad im je nestala k\u0107i i sestra \u017eele njezini najmiliji. Otac i majka su u Kninu, a sestre u Zagrebu. Nitko od njih ve\u0107 mjesecima ne spava neprestano se pitaju\u0107i gdje je Marijana i \u0161to joj se dogodilo.<\/p>\n\n\n\n<p>Iako dosad nisu \u017eeljeli medijski istupati, Maja je to sad odlu\u010dila napraviti, \u017eele\u0107i otvoriti pitanja koja mu\u010de obitelj i nju. \u017dao joj je \u0161to je potraga za njezinom sestrom zaustavljena svega nekoliko dana nakon \u0161to je nestala.<\/p>\n\n\n\n<p>&#8211; Na\u017ealost, vi\u0161e ne mislim da je \u017eiva. Osje\u0107am da je nema. Samo \u017eelimo kona\u010dno doznati pravu istinu i da se mo\u017eemo od nje dostojno oprostiti &#8211; ka\u017ee Maja.<\/p>\n\n\n\n<p>Uvjerena je da \u0107e prava istina kad tad iza\u0107i na vidjelo.<\/p>\n\n\n\n<p>&#8211; Na\u0161a potraga za istinom traje svakodnevno, a \u0161to vi\u0161e otkrivamo, vi\u0161e smo u \u0161oku. Jednostavno puno je toga \u010dudno oko te ve\u010deri kad je nestala. Njezin suprug Karlo nekoliko je puta promijenio iskaz na policiji. Ne \u017eelim ovime re\u0107i da joj je ne\u0161to napravio, ali neka samo ka\u017ee \u0161to se doga\u0111alo u stanu, jer sam uvjerena da je do\u0161lo do sva\u0111e me\u0111u njima. Meni je sve to jako \u010dudno i dok ne saznam istinu, s njim ne mogu imati kontakt, te\u0161ko mi je jer znam da ne\u0107u mo\u0107i vi\u0111ati ne\u0107aka, ali ostajem pri svome &#8211; iskreno \u0107e Maja.<\/p>\n\n\n\n<p>Na Mostu mladosti nema kamera, a Marijanu su navodno snimile kamere u no\u0107i nestanka kako izlazi iz zgrade u kojoj je \u017eivjela s Karlom i sinom.<\/p>\n\n\n\n<p>&#8211; Ja tu snimku nisam vidjela i dok je ne vidim, ne vjerujem da postoji. Na po\u010detku sam mislila da mi se sestra ubila, ali \u0161to vrijeme ide, sumnjam u to. Nekako mi sve izgleda sumnjivo i izre\u017eirano, ali ne s njezine strane. Ponavljam jo\u0161 jednom, ni u koga ne \u017eelim upirati prstom. Ljudi me znaju pitati je li oti\u0161la s nekim, ali nema \u0161anse da bi to napravila jer nikad ne bi ostavila djecu. Marijana je bila jako krhka i osje\u0107ajna, taj \u2018Big Brother\u2018 ostavio je stra\u0161ne i nepopravljive posljedice na njezino psihi\u010dko zdravlje. Nije mogla podnijeti osudu ljudi. U trenutku nestanka radila je u kladionici, bila je jako sretna kad je zaokru\u017eila obitelj ro\u0111enjem sina. Dobila je napokon sre\u0107u koju je htjela, ali opet mi se \u010dini da to nije bilo onako kako je zami\u0161ljala. Nakon \u0161to je rodila sina, bila je u postporo\u0111ajnoj depresiji, no unato\u010d svemu, ne vjerujem i ne \u017eelim pomisliti da je htjela sebi ne\u0161to na\u017eao napraviti &#8211; govori Maja.<\/p>\n\n\n\n<p>Smatra kako policija nije napravila posao kako treba.<\/p>\n\n\n\n<p>&#8211; Ponudili su nam tek \u0161ture odgovore. Da je iza\u0161la iz stana i uputila se prema mostu. Nije mi jasno za\u0161to je potraga bila usmjerena samo na Savu, za\u0161to je nisu tra\u017eili na Sljemenu? Imali smo informacije da bi se tamo mogla nalaziti. Opet vam ka\u017eem, cijela ta pri\u010da jako je \u010dudna. Netko je ne\u0161to morao vidjeti, pa ne mo\u017ee osoba samo tako nestati&#8230;<\/p>\n\n\n\n<p>Podsjetimo, u srijedu 27. travnja u 5.30 ujutro na broj 192 gra\u0111anin koji se Mostom mladosti kretao stazom za pje\u0161ake iz smjera Savice prema Zapru\u0111u prijavio je kako je na sredini mosta prona\u0161ao torbicu s dokumentima na ime Marijana Seifert. Pritom oko sebe nije vidio nikoga. S odmakom od tri sata policiji je uslijedio novi poziv. U 8.30 Karlo Seifert prijavio je nestanak supruge iz stana u Lastovskoj ulici koji se, prema njegovim sumnjama, dogodio tu no\u0107, poslije pono\u0107i, nakon \u0161to su oti\u0161li na spavanje, pi\u0161e Slobodna Dalmacija.<\/p>\n\n\n\n<p>S policijom je podijelio i podatke da je bila odjevena u kratku majicu boje senfa, crnu sportsku jaknu, crne tajice s bijelo-crvenom crtom i svijetle tenisice. Pritom je dao i detaljniji opis da je visoka 167 cm, vitkog stasa, plave kose i zelenih o\u010diju te da na tijelu ima nekoliko tetova\u017ea. Karlo je za Slobodnu Dalmaciju na dan Marijaninog nestanka izjavio da nije ostavila nikakvu poruku niti da je bilo naznaka prema kojima bi se dalo zaklju\u010diti da planira nestati.<\/p>\n\n\n\n<p>U potrazi su sudjelovali deseci ljudi po\u010dev\u0161i od zagreba\u010dkih policajaca te ronilaca, vatrogasca i specijalaca, a temeljito pretra\u017eivanje rijeke obavljalo se i vatrogasnim te policijskim \u010damcima. Cijelu zonu su dronom na kojemu je bila termovizijska kamera detaljno pregledavali vatrogasci.<\/p>\n\n\n\n<p>Maja nam ka\u017ee i da je Marijaninog biv\u0161eg supruga Nikolu Neme\u0161evi\u0107a Neme\u0161a, kojega je upoznala u \u2018Big Brotheru\u2018, sve ovo jako potreslo.<\/p>\n\n\n\n<p>&#8211; \u010culi smo se nedavno. U \u0161oku je! Svi prolazimo kroz agoniju, pa tako i Neme\u0161. \u017dao mu je. Iako je sad o\u017eenjen i ima dijete, a s Marijanom dugo nije bio u kontaktu, uvijek su jedno drugome \u017eeljeli sve najbolje. Najvi\u0161e mi je \u017eao njezina sina i k\u0107eri Korine koja je sad s tatom. Ona je dobila uljep\u0161anu verziju pri\u010de prikladnu njezinoj dobi. Srce mi se slama zbog te djece &#8211; Maja \u0107e.<\/p>\n\n\n\n<p>Kad joj je sestra 2011. godine u\u0161la u ku\u0107u Velikoga Brata na beogradskom Ko\u0161utnjaku, Maja je imala 21 godinu i radila u Crikvenici.<\/p>\n\n\n\n<p>&#8211; Nisam gledala show, ali nisam ni morala jer su svi pri\u010dali samo o njoj. Odobravala sam Marijanine postupke, zaljubila se i na kraju i udala za tog \u010dovjeka. Nije bila s dvojicom, trojicom&#8230; Za\u0161to bi je netko morao osu\u0111ivati samo zato jer se zaljubila? Ima puno gorih ljudi. Kad je tata izjavio da je se odri\u010de, zapravo to nije tako mislio i poslije mu je bilo \u017eao. Morate shvatiti da \u017eivi u jednoj tradicionalnoj sredini, bio je u \u0161oku i nevjerici.<\/p>\n\n\n\n<p>Marijanin prvi suprug Ivan zauvijek \u0107e biti dio na\u0161e obitelji, meni je poput brata. Ona se za mene brinula kad sam bila mala, uvela me u tinejd\u017eerski svijet, dru\u017eila sam se s njezinim prijateljicama. Bila mi je prekrasna starija sestra, sva\u0111ale bi se i mirile, ali sve je to bio dio na\u0161eg odrastanja. Kad bih znala da je \u017eiva, poru\u010dila bih joj da je svi neizmjerno volimo i da \u0107e sve biti u redu &#8211; zaklju\u010dila je Maja za Slobodnu Dalmaciju.<\/p>\n\n\n\n<p>Izvor:<a href=\"https:\/\/pogled.ba\/crna-kronika\/sestra-marijane-iz-big-brothera-njezin-suprug-treba-reci-sto-se-dogodilo-te-noci-nazalost-mislim-da-nije-ziva\/252322\">Pogled.ba<\/a><\/p>\n","protected":false},"excerpt":{"rendered":"<p>&#8211; U no\u0107i dok je Marijana vjerojatno umirala, sanjala sam kako se nas dvije pozdravljamo &#8211; drhtavim glasom govori njezina najmla\u0111a sestra Maja Kova\u010devi\u0107 (31). Sutradan kad se probudila, odmah je posegnula za mobitelom i okrenula sestrin broj s kojom se prije toga posljednji put \u010dula prije mjesec dana. Nije se javljala, a Maja je [&hellip;]<\/p>\n","protected":false},"author":2,"featured_media":166273,"comment_status":"closed","ping_status":"closed","sticky":false,"template":"","format":"standard","meta":{"h5ap_radio_sources":[],"footnotes":""},"categories":[1],"tags":[],"class_list":["post-166272","post","type-post","status-publish","format-standard","has-post-thumbnail","hentry","category-bihiregija"],"yoast_head":"<!-- This site is optimized with the Yoast SEO plugin v27.4 - https:\/\/yoast.com\/product\/yoast-seo-wordpress\/ -->\n<title>Sestra Marijane iz Big Brothera: \u2018Njezin suprug treba re\u0107i \u0161to se dogodilo te no\u0107i. Na\u017ealost, mislim da nije \u017eiva\u2018 - RADIO LJUBU\u0160KI<\/title>\n<meta name=\"robots\" content=\"index, follow, max-snippet:-1, max-image-preview:large, max-video-preview:-1\" \/>\n<link rel=\"canonical\" href=\"https:\/\/radioljubuski.ba\/index.php\/2022\/08\/04\/sestra-marijane-iz-big-brothera-njezin-suprug-treba-reci-sto-se-dogodilo-te-noci-nazalost-mislim-da-nije-ziva\/\" \/>\n<meta property=\"og:locale\" content=\"hr_HR\" \/>\n<meta property=\"og:type\" content=\"article\" \/>\n<meta property=\"og:title\" content=\"Sestra Marijane iz Big Brothera: \u2018Njezin suprug treba re\u0107i \u0161to se dogodilo te no\u0107i. Na\u017ealost, mislim da nije \u017eiva\u2018 - RADIO LJUBU\u0160KI\" \/>\n<meta property=\"og:description\" content=\"&#8211; U no\u0107i dok je Marijana vjerojatno umirala, sanjala sam kako se nas dvije pozdravljamo &#8211; drhtavim glasom govori njezina najmla\u0111a sestra Maja Kova\u010devi\u0107 (31). Sutradan kad se probudila, odmah je posegnula za mobitelom i okrenula sestrin broj s kojom se prije toga posljednji put \u010dula prije mjesec dana. Nije se javljala, a Maja je [&hellip;]\" \/>\n<meta property=\"og:url\" content=\"https:\/\/radioljubuski.ba\/index.php\/2022\/08\/04\/sestra-marijane-iz-big-brothera-njezin-suprug-treba-reci-sto-se-dogodilo-te-noci-nazalost-mislim-da-nije-ziva\/\" \/>\n<meta property=\"og:site_name\" content=\"RADIO LJUBU\u0160KI\" \/>\n<meta property=\"article:publisher\" content=\"https:\/\/www.facebook.com\/Radiio-Ljubuski-1490835324566332\" \/>\n<meta property=\"article:published_time\" content=\"2022-08-04T07:50:31+00:00\" \/>\n<meta property=\"article:modified_time\" content=\"2022-08-04T07:50:33+00:00\" \/>\n<meta property=\"og:image\" content=\"https:\/\/radioljubuski.ba\/wp-content\/uploads\/2022\/08\/6078_marijana_cvrljak_i_dalje_smo_u_stabilnoj_vezi_a_vidjamo_se_kad_nam_to_obaveze_dopustaju.jpg\" \/>\n\t<meta property=\"og:image:width\" content=\"1000\" \/>\n\t<meta property=\"og:image:height\" content=\"625\" \/>\n\t<meta property=\"og:image:type\" content=\"image\/jpeg\" \/>\n<meta name=\"author\" content=\"Radio Ljubu\u0161ki\" \/>\n<meta name=\"twitter:card\" content=\"summary_large_image\" \/>\n<meta name=\"twitter:creator\" content=\"@radioljubuski\" \/>\n<meta name=\"twitter:site\" content=\"@radioljubuski\" \/>\n<meta name=\"twitter:label1\" content=\"Napisao\/la\" \/>\n\t<meta name=\"twitter:data1\" content=\"Radio Ljubu\u0161ki\" \/>\n\t<meta name=\"twitter:label2\" content=\"Procijenjeno vrijeme \u010ditanja\" \/>\n\t<meta name=\"twitter:data2\" content=\"6 minuta\" \/>\n<script type=\"application\/ld+json\" class=\"yoast-schema-graph\">{\"@context\":\"https:\\\/\\\/schema.org\",\"@graph\":[{\"@type\":\"Article\",\"@id\":\"https:\\\/\\\/radioljubuski.ba\\\/index.php\\\/2022\\\/08\\\/04\\\/sestra-marijane-iz-big-brothera-njezin-suprug-treba-reci-sto-se-dogodilo-te-noci-nazalost-mislim-da-nije-ziva\\\/#article\",\"isPartOf\":{\"@id\":\"https:\\\/\\\/radioljubuski.ba\\\/index.php\\\/2022\\\/08\\\/04\\\/sestra-marijane-iz-big-brothera-njezin-suprug-treba-reci-sto-se-dogodilo-te-noci-nazalost-mislim-da-nije-ziva\\\/\"},\"author\":{\"name\":\"Radio Ljubu\u0161ki\",\"@id\":\"https:\\\/\\\/radioljubuski.ba\\\/#\\\/schema\\\/person\\\/19fc700381a780f69665d7956c469e3b\"},\"headline\":\"Sestra Marijane iz Big Brothera: \u2018Njezin suprug treba re\u0107i \u0161to se dogodilo te no\u0107i. Na\u017ealost, mislim da nije \u017eiva\u2018\",\"datePublished\":\"2022-08-04T07:50:31+00:00\",\"dateModified\":\"2022-08-04T07:50:33+00:00\",\"mainEntityOfPage\":{\"@id\":\"https:\\\/\\\/radioljubuski.ba\\\/index.php\\\/2022\\\/08\\\/04\\\/sestra-marijane-iz-big-brothera-njezin-suprug-treba-reci-sto-se-dogodilo-te-noci-nazalost-mislim-da-nije-ziva\\\/\"},\"wordCount\":1297,\"publisher\":{\"@id\":\"https:\\\/\\\/radioljubuski.ba\\\/#organization\"},\"image\":{\"@id\":\"https:\\\/\\\/radioljubuski.ba\\\/index.php\\\/2022\\\/08\\\/04\\\/sestra-marijane-iz-big-brothera-njezin-suprug-treba-reci-sto-se-dogodilo-te-noci-nazalost-mislim-da-nije-ziva\\\/#primaryimage\"},\"thumbnailUrl\":\"https:\\\/\\\/radioljubuski.ba\\\/wp-content\\\/uploads\\\/2022\\\/08\\\/6078_marijana_cvrljak_i_dalje_smo_u_stabilnoj_vezi_a_vidjamo_se_kad_nam_to_obaveze_dopustaju.jpg\",\"articleSection\":[\"BIH i regija\"],\"inLanguage\":\"hr\"},{\"@type\":\"WebPage\",\"@id\":\"https:\\\/\\\/radioljubuski.ba\\\/index.php\\\/2022\\\/08\\\/04\\\/sestra-marijane-iz-big-brothera-njezin-suprug-treba-reci-sto-se-dogodilo-te-noci-nazalost-mislim-da-nije-ziva\\\/\",\"url\":\"https:\\\/\\\/radioljubuski.ba\\\/index.php\\\/2022\\\/08\\\/04\\\/sestra-marijane-iz-big-brothera-njezin-suprug-treba-reci-sto-se-dogodilo-te-noci-nazalost-mislim-da-nije-ziva\\\/\",\"name\":\"Sestra Marijane iz Big Brothera: \u2018Njezin suprug treba re\u0107i \u0161to se dogodilo te no\u0107i. Na\u017ealost, mislim da nije \u017eiva\u2018 - RADIO LJUBU\u0160KI\",\"isPartOf\":{\"@id\":\"https:\\\/\\\/radioljubuski.ba\\\/#website\"},\"primaryImageOfPage\":{\"@id\":\"https:\\\/\\\/radioljubuski.ba\\\/index.php\\\/2022\\\/08\\\/04\\\/sestra-marijane-iz-big-brothera-njezin-suprug-treba-reci-sto-se-dogodilo-te-noci-nazalost-mislim-da-nije-ziva\\\/#primaryimage\"},\"image\":{\"@id\":\"https:\\\/\\\/radioljubuski.ba\\\/index.php\\\/2022\\\/08\\\/04\\\/sestra-marijane-iz-big-brothera-njezin-suprug-treba-reci-sto-se-dogodilo-te-noci-nazalost-mislim-da-nije-ziva\\\/#primaryimage\"},\"thumbnailUrl\":\"https:\\\/\\\/radioljubuski.ba\\\/wp-content\\\/uploads\\\/2022\\\/08\\\/6078_marijana_cvrljak_i_dalje_smo_u_stabilnoj_vezi_a_vidjamo_se_kad_nam_to_obaveze_dopustaju.jpg\",\"datePublished\":\"2022-08-04T07:50:31+00:00\",\"dateModified\":\"2022-08-04T07:50:33+00:00\",\"breadcrumb\":{\"@id\":\"https:\\\/\\\/radioljubuski.ba\\\/index.php\\\/2022\\\/08\\\/04\\\/sestra-marijane-iz-big-brothera-njezin-suprug-treba-reci-sto-se-dogodilo-te-noci-nazalost-mislim-da-nije-ziva\\\/#breadcrumb\"},\"inLanguage\":\"hr\",\"potentialAction\":[{\"@type\":\"ReadAction\",\"target\":[\"https:\\\/\\\/radioljubuski.ba\\\/index.php\\\/2022\\\/08\\\/04\\\/sestra-marijane-iz-big-brothera-njezin-suprug-treba-reci-sto-se-dogodilo-te-noci-nazalost-mislim-da-nije-ziva\\\/\"]}]},{\"@type\":\"ImageObject\",\"inLanguage\":\"hr\",\"@id\":\"https:\\\/\\\/radioljubuski.ba\\\/index.php\\\/2022\\\/08\\\/04\\\/sestra-marijane-iz-big-brothera-njezin-suprug-treba-reci-sto-se-dogodilo-te-noci-nazalost-mislim-da-nije-ziva\\\/#primaryimage\",\"url\":\"https:\\\/\\\/radioljubuski.ba\\\/wp-content\\\/uploads\\\/2022\\\/08\\\/6078_marijana_cvrljak_i_dalje_smo_u_stabilnoj_vezi_a_vidjamo_se_kad_nam_to_obaveze_dopustaju.jpg\",\"contentUrl\":\"https:\\\/\\\/radioljubuski.ba\\\/wp-content\\\/uploads\\\/2022\\\/08\\\/6078_marijana_cvrljak_i_dalje_smo_u_stabilnoj_vezi_a_vidjamo_se_kad_nam_to_obaveze_dopustaju.jpg\",\"width\":1000,\"height\":625},{\"@type\":\"BreadcrumbList\",\"@id\":\"https:\\\/\\\/radioljubuski.ba\\\/index.php\\\/2022\\\/08\\\/04\\\/sestra-marijane-iz-big-brothera-njezin-suprug-treba-reci-sto-se-dogodilo-te-noci-nazalost-mislim-da-nije-ziva\\\/#breadcrumb\",\"itemListElement\":[{\"@type\":\"ListItem\",\"position\":1,\"name\":\"Po\u010detna stranica\",\"item\":\"https:\\\/\\\/radioljubuski.ba\\\/\"},{\"@type\":\"ListItem\",\"position\":2,\"name\":\"Sestra Marijane iz Big Brothera: \u2018Njezin suprug treba re\u0107i \u0161to se dogodilo te no\u0107i. Na\u017ealost, mislim da nije \u017eiva\u2018\"}]},{\"@type\":\"WebSite\",\"@id\":\"https:\\\/\\\/radioljubuski.ba\\\/#website\",\"url\":\"https:\\\/\\\/radioljubuski.ba\\\/\",\"name\":\"Radio Ljubu\u0161ki\",\"description\":\"Sun\u010dana frekvencija Hercegovine\",\"publisher\":{\"@id\":\"https:\\\/\\\/radioljubuski.ba\\\/#organization\"},\"potentialAction\":[{\"@type\":\"SearchAction\",\"target\":{\"@type\":\"EntryPoint\",\"urlTemplate\":\"https:\\\/\\\/radioljubuski.ba\\\/?s={search_term_string}\"},\"query-input\":{\"@type\":\"PropertyValueSpecification\",\"valueRequired\":true,\"valueName\":\"search_term_string\"}}],\"inLanguage\":\"hr\"},{\"@type\":\"Organization\",\"@id\":\"https:\\\/\\\/radioljubuski.ba\\\/#organization\",\"name\":\"Radio Ljubu\u0161ki\",\"url\":\"https:\\\/\\\/radioljubuski.ba\\\/\",\"logo\":{\"@type\":\"ImageObject\",\"inLanguage\":\"hr\",\"@id\":\"https:\\\/\\\/radioljubuski.ba\\\/#\\\/schema\\\/logo\\\/image\\\/\",\"url\":\"https:\\\/\\\/radioljubuski.ba\\\/wp-content\\\/uploads\\\/2021\\\/02\\\/cropped-Radio_Ljubuski_logo1.jpg\",\"contentUrl\":\"https:\\\/\\\/radioljubuski.ba\\\/wp-content\\\/uploads\\\/2021\\\/02\\\/cropped-Radio_Ljubuski_logo1.jpg\",\"width\":512,\"height\":512,\"caption\":\"Radio Ljubu\u0161ki\"},\"image\":{\"@id\":\"https:\\\/\\\/radioljubuski.ba\\\/#\\\/schema\\\/logo\\\/image\\\/\"},\"sameAs\":[\"https:\\\/\\\/www.facebook.com\\\/Radiio-Ljubuski-1490835324566332\",\"https:\\\/\\\/x.com\\\/radioljubuski\",\"https:\\\/\\\/hr.linkedin.com\\\/company\\\/radio-ljubuski\",\"https:\\\/\\\/www.youtube.com\\\/channel\\\/UCHYaeO_n0Db3tjNGudGpXyw\"]},{\"@type\":\"Person\",\"@id\":\"https:\\\/\\\/radioljubuski.ba\\\/#\\\/schema\\\/person\\\/19fc700381a780f69665d7956c469e3b\",\"name\":\"Radio Ljubu\u0161ki\"}]}<\/script>\n<!-- \/ Yoast SEO plugin. -->","yoast_head_json":{"title":"Sestra Marijane iz Big Brothera: \u2018Njezin suprug treba re\u0107i \u0161to se dogodilo te no\u0107i. Na\u017ealost, mislim da nije \u017eiva\u2018 - RADIO LJUBU\u0160KI","robots":{"index":"index","follow":"follow","max-snippet":"max-snippet:-1","max-image-preview":"max-image-preview:large","max-video-preview":"max-video-preview:-1"},"canonical":"https:\/\/radioljubuski.ba\/index.php\/2022\/08\/04\/sestra-marijane-iz-big-brothera-njezin-suprug-treba-reci-sto-se-dogodilo-te-noci-nazalost-mislim-da-nije-ziva\/","og_locale":"hr_HR","og_type":"article","og_title":"Sestra Marijane iz Big Brothera: \u2018Njezin suprug treba re\u0107i \u0161to se dogodilo te no\u0107i. Na\u017ealost, mislim da nije \u017eiva\u2018 - RADIO LJUBU\u0160KI","og_description":"&#8211; U no\u0107i dok je Marijana vjerojatno umirala, sanjala sam kako se nas dvije pozdravljamo &#8211; drhtavim glasom govori njezina najmla\u0111a sestra Maja Kova\u010devi\u0107 (31). Sutradan kad se probudila, odmah je posegnula za mobitelom i okrenula sestrin broj s kojom se prije toga posljednji put \u010dula prije mjesec dana. Nije se javljala, a Maja je [&hellip;]","og_url":"https:\/\/radioljubuski.ba\/index.php\/2022\/08\/04\/sestra-marijane-iz-big-brothera-njezin-suprug-treba-reci-sto-se-dogodilo-te-noci-nazalost-mislim-da-nije-ziva\/","og_site_name":"RADIO LJUBU\u0160KI","article_publisher":"https:\/\/www.facebook.com\/Radiio-Ljubuski-1490835324566332","article_published_time":"2022-08-04T07:50:31+00:00","article_modified_time":"2022-08-04T07:50:33+00:00","og_image":[{"width":1000,"height":625,"url":"https:\/\/radioljubuski.ba\/wp-content\/uploads\/2022\/08\/6078_marijana_cvrljak_i_dalje_smo_u_stabilnoj_vezi_a_vidjamo_se_kad_nam_to_obaveze_dopustaju.jpg","type":"image\/jpeg"}],"author":"Radio Ljubu\u0161ki","twitter_card":"summary_large_image","twitter_creator":"@radioljubuski","twitter_site":"@radioljubuski","twitter_misc":{"Napisao\/la":"Radio Ljubu\u0161ki","Procijenjeno vrijeme \u010ditanja":"6 minuta"},"schema":{"@context":"https:\/\/schema.org","@graph":[{"@type":"Article","@id":"https:\/\/radioljubuski.ba\/index.php\/2022\/08\/04\/sestra-marijane-iz-big-brothera-njezin-suprug-treba-reci-sto-se-dogodilo-te-noci-nazalost-mislim-da-nije-ziva\/#article","isPartOf":{"@id":"https:\/\/radioljubuski.ba\/index.php\/2022\/08\/04\/sestra-marijane-iz-big-brothera-njezin-suprug-treba-reci-sto-se-dogodilo-te-noci-nazalost-mislim-da-nije-ziva\/"},"author":{"name":"Radio Ljubu\u0161ki","@id":"https:\/\/radioljubuski.ba\/#\/schema\/person\/19fc700381a780f69665d7956c469e3b"},"headline":"Sestra Marijane iz Big Brothera: \u2018Njezin suprug treba re\u0107i \u0161to se dogodilo te no\u0107i. Na\u017ealost, mislim da nije \u017eiva\u2018","datePublished":"2022-08-04T07:50:31+00:00","dateModified":"2022-08-04T07:50:33+00:00","mainEntityOfPage":{"@id":"https:\/\/radioljubuski.ba\/index.php\/2022\/08\/04\/sestra-marijane-iz-big-brothera-njezin-suprug-treba-reci-sto-se-dogodilo-te-noci-nazalost-mislim-da-nije-ziva\/"},"wordCount":1297,"publisher":{"@id":"https:\/\/radioljubuski.ba\/#organization"},"image":{"@id":"https:\/\/radioljubuski.ba\/index.php\/2022\/08\/04\/sestra-marijane-iz-big-brothera-njezin-suprug-treba-reci-sto-se-dogodilo-te-noci-nazalost-mislim-da-nije-ziva\/#primaryimage"},"thumbnailUrl":"https:\/\/radioljubuski.ba\/wp-content\/uploads\/2022\/08\/6078_marijana_cvrljak_i_dalje_smo_u_stabilnoj_vezi_a_vidjamo_se_kad_nam_to_obaveze_dopustaju.jpg","articleSection":["BIH i regija"],"inLanguage":"hr"},{"@type":"WebPage","@id":"https:\/\/radioljubuski.ba\/index.php\/2022\/08\/04\/sestra-marijane-iz-big-brothera-njezin-suprug-treba-reci-sto-se-dogodilo-te-noci-nazalost-mislim-da-nije-ziva\/","url":"https:\/\/radioljubuski.ba\/index.php\/2022\/08\/04\/sestra-marijane-iz-big-brothera-njezin-suprug-treba-reci-sto-se-dogodilo-te-noci-nazalost-mislim-da-nije-ziva\/","name":"Sestra Marijane iz Big Brothera: \u2018Njezin suprug treba re\u0107i \u0161to se dogodilo te no\u0107i. Na\u017ealost, mislim da nije \u017eiva\u2018 - RADIO LJUBU\u0160KI","isPartOf":{"@id":"https:\/\/radioljubuski.ba\/#website"},"primaryImageOfPage":{"@id":"https:\/\/radioljubuski.ba\/index.php\/2022\/08\/04\/sestra-marijane-iz-big-brothera-njezin-suprug-treba-reci-sto-se-dogodilo-te-noci-nazalost-mislim-da-nije-ziva\/#primaryimage"},"image":{"@id":"https:\/\/radioljubuski.ba\/index.php\/2022\/08\/04\/sestra-marijane-iz-big-brothera-njezin-suprug-treba-reci-sto-se-dogodilo-te-noci-nazalost-mislim-da-nije-ziva\/#primaryimage"},"thumbnailUrl":"https:\/\/radioljubuski.ba\/wp-content\/uploads\/2022\/08\/6078_marijana_cvrljak_i_dalje_smo_u_stabilnoj_vezi_a_vidjamo_se_kad_nam_to_obaveze_dopustaju.jpg","datePublished":"2022-08-04T07:50:31+00:00","dateModified":"2022-08-04T07:50:33+00:00","breadcrumb":{"@id":"https:\/\/radioljubuski.ba\/index.php\/2022\/08\/04\/sestra-marijane-iz-big-brothera-njezin-suprug-treba-reci-sto-se-dogodilo-te-noci-nazalost-mislim-da-nije-ziva\/#breadcrumb"},"inLanguage":"hr","potentialAction":[{"@type":"ReadAction","target":["https:\/\/radioljubuski.ba\/index.php\/2022\/08\/04\/sestra-marijane-iz-big-brothera-njezin-suprug-treba-reci-sto-se-dogodilo-te-noci-nazalost-mislim-da-nije-ziva\/"]}]},{"@type":"ImageObject","inLanguage":"hr","@id":"https:\/\/radioljubuski.ba\/index.php\/2022\/08\/04\/sestra-marijane-iz-big-brothera-njezin-suprug-treba-reci-sto-se-dogodilo-te-noci-nazalost-mislim-da-nije-ziva\/#primaryimage","url":"https:\/\/radioljubuski.ba\/wp-content\/uploads\/2022\/08\/6078_marijana_cvrljak_i_dalje_smo_u_stabilnoj_vezi_a_vidjamo_se_kad_nam_to_obaveze_dopustaju.jpg","contentUrl":"https:\/\/radioljubuski.ba\/wp-content\/uploads\/2022\/08\/6078_marijana_cvrljak_i_dalje_smo_u_stabilnoj_vezi_a_vidjamo_se_kad_nam_to_obaveze_dopustaju.jpg","width":1000,"height":625},{"@type":"BreadcrumbList","@id":"https:\/\/radioljubuski.ba\/index.php\/2022\/08\/04\/sestra-marijane-iz-big-brothera-njezin-suprug-treba-reci-sto-se-dogodilo-te-noci-nazalost-mislim-da-nije-ziva\/#breadcrumb","itemListElement":[{"@type":"ListItem","position":1,"name":"Po\u010detna stranica","item":"https:\/\/radioljubuski.ba\/"},{"@type":"ListItem","position":2,"name":"Sestra Marijane iz Big Brothera: \u2018Njezin suprug treba re\u0107i \u0161to se dogodilo te no\u0107i. Na\u017ealost, mislim da nije \u017eiva\u2018"}]},{"@type":"WebSite","@id":"https:\/\/radioljubuski.ba\/#website","url":"https:\/\/radioljubuski.ba\/","name":"Radio Ljubu\u0161ki","description":"Sun\u010dana frekvencija Hercegovine","publisher":{"@id":"https:\/\/radioljubuski.ba\/#organization"},"potentialAction":[{"@type":"SearchAction","target":{"@type":"EntryPoint","urlTemplate":"https:\/\/radioljubuski.ba\/?s={search_term_string}"},"query-input":{"@type":"PropertyValueSpecification","valueRequired":true,"valueName":"search_term_string"}}],"inLanguage":"hr"},{"@type":"Organization","@id":"https:\/\/radioljubuski.ba\/#organization","name":"Radio Ljubu\u0161ki","url":"https:\/\/radioljubuski.ba\/","logo":{"@type":"ImageObject","inLanguage":"hr","@id":"https:\/\/radioljubuski.ba\/#\/schema\/logo\/image\/","url":"https:\/\/radioljubuski.ba\/wp-content\/uploads\/2021\/02\/cropped-Radio_Ljubuski_logo1.jpg","contentUrl":"https:\/\/radioljubuski.ba\/wp-content\/uploads\/2021\/02\/cropped-Radio_Ljubuski_logo1.jpg","width":512,"height":512,"caption":"Radio Ljubu\u0161ki"},"image":{"@id":"https:\/\/radioljubuski.ba\/#\/schema\/logo\/image\/"},"sameAs":["https:\/\/www.facebook.com\/Radiio-Ljubuski-1490835324566332","https:\/\/x.com\/radioljubuski","https:\/\/hr.linkedin.com\/company\/radio-ljubuski","https:\/\/www.youtube.com\/channel\/UCHYaeO_n0Db3tjNGudGpXyw"]},{"@type":"Person","@id":"https:\/\/radioljubuski.ba\/#\/schema\/person\/19fc700381a780f69665d7956c469e3b","name":"Radio Ljubu\u0161ki"}]}},"_links":{"self":[{"href":"https:\/\/radioljubuski.ba\/index.php\/wp-json\/wp\/v2\/posts\/166272","targetHints":{"allow":["GET"]}}],"collection":[{"href":"https:\/\/radioljubuski.ba\/index.php\/wp-json\/wp\/v2\/posts"}],"about":[{"href":"https:\/\/radioljubuski.ba\/index.php\/wp-json\/wp\/v2\/types\/post"}],"author":[{"embeddable":true,"href":"https:\/\/radioljubuski.ba\/index.php\/wp-json\/wp\/v2\/users\/2"}],"replies":[{"embeddable":true,"href":"https:\/\/radioljubuski.ba\/index.php\/wp-json\/wp\/v2\/comments?post=166272"}],"version-history":[{"count":1,"href":"https:\/\/radioljubuski.ba\/index.php\/wp-json\/wp\/v2\/posts\/166272\/revisions"}],"predecessor-version":[{"id":166274,"href":"https:\/\/radioljubuski.ba\/index.php\/wp-json\/wp\/v2\/posts\/166272\/revisions\/166274"}],"wp:featuredmedia":[{"embeddable":true,"href":"https:\/\/radioljubuski.ba\/index.php\/wp-json\/wp\/v2\/media\/166273"}],"wp:attachment":[{"href":"https:\/\/radioljubuski.ba\/index.php\/wp-json\/wp\/v2\/media?parent=166272"}],"wp:term":[{"taxonomy":"category","embeddable":true,"href":"https:\/\/radioljubuski.ba\/index.php\/wp-json\/wp\/v2\/categories?post=166272"},{"taxonomy":"post_tag","embeddable":true,"href":"https:\/\/radioljubuski.ba\/index.php\/wp-json\/wp\/v2\/tags?post=166272"}],"curies":[{"name":"wp","href":"https:\/\/api.w.org\/{rel}","templated":true}]}}