{"id":166282,"date":"2022-08-04T09:31:27","date_gmt":"2022-08-04T08:31:27","guid":{"rendered":"https:\/\/radioljubuski.ba\/?p=166282"},"modified":"2022-08-04T09:31:28","modified_gmt":"2022-08-04T08:31:28","slug":"ljubic-zeljko-raguz-bio-je-plemenit-nesebican-etican-i-uman-covjek-blagoslovljen-je-tko-je-imao-priliku-suradivati-s-njim","status":"publish","type":"post","link":"https:\/\/radioljubuski.ba\/index.php\/2022\/08\/04\/ljubic-zeljko-raguz-bio-je-plemenit-nesebican-etican-i-uman-covjek-blagoslovljen-je-tko-je-imao-priliku-suradivati-s-njim\/","title":{"rendered":"Ljubi\u0107: \u017deljko Ragu\u017e bio je plemenit, nesebi\u010dan, eti\u010dan i uman \u010dovjek, blagoslovljen je tko je imao priliku sura\u0111ivati s njim"},"content":{"rendered":"\n<p><strong>Predsjednik Glavnog vije\u0107a Hrvatskog narodnog sabora BiH dr. Bo\u017eo Ljubi\u0107 objavio je In memoriam ju\u010der preminulom \u017deljku Ragu\u017eu, zastupniku u Hrvatskom saboru, jednom od osniva\u010da HDZ BiH i Hrvatske zajednice Herceg Bosne, u kojem je napisao:<\/strong><\/p>\n\n\n\n<p>-Ju\u010der nas je zauvijek napustio na\u0161 dragi kolega, suradnik i prijatelj \u017deljko Ragu\u017e. Dugo bi potrajalo kad bi nabrajali sve du\u017enosti koje je obavljao, ne funkcije ve\u0107 du\u017enosti jer je on svaku tako shva\u0107ao i obna\u0161ao. I onda kada je sudjelovao u osnivanju HDZ BiH i onda kada je sudjelovao u osnivanju Hrvatske zajednice Herceg Bosne i onda kada je bio predsjednik Skup\u0161tine op\u0107ine Stolac, zastupnik u Federalnom parlamentu, ministar u Vladi HN\u017d ili kao zastupnik u Hrvatskom saboru.<\/p>\n\n\n\n<p>Posebice je veliki pe\u010dat dao razvoju Hrvatskog radija i Radio televizije Herceg Bosne \u010diji je godinama bio ravnatelj. Njegov ogroman doprinos je u uspostavi i razvoju Hrvatskog dokumentacijskog centra Domovinskog rata u BiH. Kao glavni urednik \u010dasopisa Matice hrvatske \u2013 Stolac, autor vi\u0161e znanstvenih radova i publikacija posve\u0107enih hrvatskom domovinskom ratu u BiH, \u017deljko Ragu\u017e je ostavio, nama koji nastavljamo borbu za hrvatsku opstojnost i generacijama koje dolaze nakon nas, neoborive argumente za na\u0161u pravednu borbu.<\/p>\n\n\n\n<p>Glavno vije\u0107e Hrvatskog narodnog sabora je uvijek znalo gdje mo\u017ee na\u0107i izvorne \u010dinjenice i podlogu za rasprave bilo da je rije\u010d o pravednoj borbi hrvatskog naroda za slobodu bilo da je rije\u010d o hrvatskim strati\u0161tima i \u017ertvama domovinskog rata. Zato smo uvijek, kada smo raspravljali ove teme, pozivali \u017deljka Ragu\u017ea kao uvodni\u010dara na sjednice Glavnog vije\u0107a.<\/p>\n\n\n\n<p>Dozvolite mi da na kraju ovog podsje\u0107anja i odavanja po\u010dasti \u017deljku Ragu\u017eu budem, kao predsjednik Glavnog vije\u0107a i osoban. Imao sam \u010dast i privilegiju s \u017deljkom sura\u0111ivati i prijateljevati 4 godine u Hrvatskom saboru i nakon toga. Ne\u0107u ovdje govoriti \u0161to smo za to vrijeme uradili jedino da smo sve \u0161to je ura\u0111eno, uradili zajedno.<\/p>\n\n\n\n<p>Blagoslovljen je svaki \u010dovjek koji je imao priliku u \u017eivotu sura\u0111ivati s tako plemenitim, nesebi\u010dnim, eti\u010dnim i umnim \u010dovjekom kao \u0161to je bio \u017deljko Ragu\u017e. Nije bilo dana da nije bio u nekoj bolnici, Ministarstvu branitelja ili nekoj drugoj instituciji gdje je rje\u0161avao i osobne probleme ljudi koji bi mu se obratili. Kad sam ga pitao, zato toliko obveza uzima na sebe znao je odgovoriti, \u0161to \u0107u kad me ljudi mole. Znao je nakon \u0161to bi u utorak do\u0161ao u Zagreb pred sjednicu Kluba zastupnika, ve\u0107 isti dan ili sutra otputovati u Mostar radi obveza u Dokumentacijskom centru \u010diji je bio ravnatelj, da bi ve\u0107 u petak u podne bio u Zagrebu radi glasovanja. Znam da sam mu govorio, \u017deljko ti jesi mla\u0111i od mene 10 godina ali savjetujem ti da racionalnije tro\u0161i\u0161 energiju. Me\u0111utim, on je bio takav i nije mogao druga\u010dije. Zato se prerano, na \u017ealost, potro\u0161io.<\/p>\n\n\n\n<p>Na kraju, ovo \u0161to \u0107u sada re\u0107i nije posmrtna rije\u010d. Kada smo zavr\u0161ili mandat u Saboru i kada me novinarka Radija Herceg Bosne upitala \u0161to bi posebice istako kao najva\u017enije u saborskom mandatu, izme\u0111u ostalog sam dodao, to je da sam imao privilegiju sura\u0111ivati s plemenitim, umnim i dobrim \u010dovjekom \u017deljkom Ragu\u017eem.<\/p>\n\n\n\n<p>Izra\u017eavam duboku su\u0107ut ispred Glavnog vije\u0107a i svoje osobno ime majki Ru\u017ei, supruzi An\u0111elki i djeci. Mo\u017eete biti ponosni na svog sina, supruga i oca. Mi ostali smo zahvalni \u0161to smo imali prilike \u017eivjeti i sura\u0111ivati s \u010dovjekom kakav je bio \u017deljko. Po\u010divao u miru dragi kolega i prijatelju!<\/p>\n\n\n\n<p>\/HMS\/<\/p>\n","protected":false},"excerpt":{"rendered":"<p>Predsjednik Glavnog vije\u0107a Hrvatskog narodnog sabora BiH dr. Bo\u017eo Ljubi\u0107 objavio je In memoriam ju\u010der preminulom \u017deljku Ragu\u017eu, zastupniku u Hrvatskom saboru, jednom od osniva\u010da HDZ BiH i Hrvatske zajednice Herceg Bosne, u kojem je napisao: -Ju\u010der nas je zauvijek napustio na\u0161 dragi kolega, suradnik i prijatelj \u017deljko Ragu\u017e. Dugo bi potrajalo kad bi nabrajali [&hellip;]<\/p>\n","protected":false},"author":2,"featured_media":166283,"comment_status":"closed","ping_status":"closed","sticky":false,"template":"","format":"standard","meta":{"h5ap_radio_sources":[],"footnotes":""},"categories":[1],"tags":[],"class_list":["post-166282","post","type-post","status-publish","format-standard","has-post-thumbnail","hentry","category-bihiregija"],"yoast_head":"<!-- This site is optimized with the Yoast SEO plugin v27.4 - https:\/\/yoast.com\/product\/yoast-seo-wordpress\/ -->\n<title>Ljubi\u0107: \u017deljko Ragu\u017e bio je plemenit, nesebi\u010dan, eti\u010dan i uman \u010dovjek, blagoslovljen je tko je imao priliku sura\u0111ivati s njim - RADIO LJUBU\u0160KI<\/title>\n<meta name=\"robots\" content=\"index, follow, max-snippet:-1, max-image-preview:large, max-video-preview:-1\" \/>\n<link rel=\"canonical\" href=\"https:\/\/radioljubuski.ba\/index.php\/2022\/08\/04\/ljubic-zeljko-raguz-bio-je-plemenit-nesebican-etican-i-uman-covjek-blagoslovljen-je-tko-je-imao-priliku-suradivati-s-njim\/\" \/>\n<meta property=\"og:locale\" content=\"hr_HR\" \/>\n<meta property=\"og:type\" content=\"article\" \/>\n<meta property=\"og:title\" content=\"Ljubi\u0107: \u017deljko Ragu\u017e bio je plemenit, nesebi\u010dan, eti\u010dan i uman \u010dovjek, blagoslovljen je tko je imao priliku sura\u0111ivati s njim - RADIO LJUBU\u0160KI\" \/>\n<meta property=\"og:description\" content=\"Predsjednik Glavnog vije\u0107a Hrvatskog narodnog sabora BiH dr. Bo\u017eo Ljubi\u0107 objavio je In memoriam ju\u010der preminulom \u017deljku Ragu\u017eu, zastupniku u Hrvatskom saboru, jednom od osniva\u010da HDZ BiH i Hrvatske zajednice Herceg Bosne, u kojem je napisao: -Ju\u010der nas je zauvijek napustio na\u0161 dragi kolega, suradnik i prijatelj \u017deljko Ragu\u017e. Dugo bi potrajalo kad bi nabrajali [&hellip;]\" \/>\n<meta property=\"og:url\" content=\"https:\/\/radioljubuski.ba\/index.php\/2022\/08\/04\/ljubic-zeljko-raguz-bio-je-plemenit-nesebican-etican-i-uman-covjek-blagoslovljen-je-tko-je-imao-priliku-suradivati-s-njim\/\" \/>\n<meta property=\"og:site_name\" content=\"RADIO LJUBU\u0160KI\" \/>\n<meta property=\"article:publisher\" content=\"https:\/\/www.facebook.com\/Radiio-Ljubuski-1490835324566332\" \/>\n<meta property=\"article:published_time\" content=\"2022-08-04T08:31:27+00:00\" \/>\n<meta property=\"article:modified_time\" content=\"2022-08-04T08:31:28+00:00\" \/>\n<meta property=\"og:image\" content=\"https:\/\/radioljubuski.ba\/wp-content\/uploads\/2022\/08\/12bc60a2800f4fc10aa1.jpeg\" \/>\n\t<meta property=\"og:image:width\" content=\"540\" \/>\n\t<meta property=\"og:image:height\" content=\"326\" \/>\n\t<meta property=\"og:image:type\" content=\"image\/jpeg\" \/>\n<meta name=\"author\" content=\"Radio Ljubu\u0161ki\" \/>\n<meta name=\"twitter:card\" content=\"summary_large_image\" \/>\n<meta name=\"twitter:creator\" content=\"@radioljubuski\" \/>\n<meta name=\"twitter:site\" content=\"@radioljubuski\" \/>\n<meta name=\"twitter:label1\" content=\"Napisao\/la\" \/>\n\t<meta name=\"twitter:data1\" content=\"Radio Ljubu\u0161ki\" \/>\n\t<meta name=\"twitter:label2\" content=\"Procijenjeno vrijeme \u010ditanja\" \/>\n\t<meta name=\"twitter:data2\" content=\"3 minute\" \/>\n<script type=\"application\/ld+json\" class=\"yoast-schema-graph\">{\"@context\":\"https:\\\/\\\/schema.org\",\"@graph\":[{\"@type\":\"Article\",\"@id\":\"https:\\\/\\\/radioljubuski.ba\\\/index.php\\\/2022\\\/08\\\/04\\\/ljubic-zeljko-raguz-bio-je-plemenit-nesebican-etican-i-uman-covjek-blagoslovljen-je-tko-je-imao-priliku-suradivati-s-njim\\\/#article\",\"isPartOf\":{\"@id\":\"https:\\\/\\\/radioljubuski.ba\\\/index.php\\\/2022\\\/08\\\/04\\\/ljubic-zeljko-raguz-bio-je-plemenit-nesebican-etican-i-uman-covjek-blagoslovljen-je-tko-je-imao-priliku-suradivati-s-njim\\\/\"},\"author\":{\"name\":\"Radio Ljubu\u0161ki\",\"@id\":\"https:\\\/\\\/radioljubuski.ba\\\/#\\\/schema\\\/person\\\/19fc700381a780f69665d7956c469e3b\"},\"headline\":\"Ljubi\u0107: \u017deljko Ragu\u017e bio je plemenit, nesebi\u010dan, eti\u010dan i uman \u010dovjek, blagoslovljen je tko je imao priliku sura\u0111ivati s njim\",\"datePublished\":\"2022-08-04T08:31:27+00:00\",\"dateModified\":\"2022-08-04T08:31:28+00:00\",\"mainEntityOfPage\":{\"@id\":\"https:\\\/\\\/radioljubuski.ba\\\/index.php\\\/2022\\\/08\\\/04\\\/ljubic-zeljko-raguz-bio-je-plemenit-nesebican-etican-i-uman-covjek-blagoslovljen-je-tko-je-imao-priliku-suradivati-s-njim\\\/\"},\"wordCount\":627,\"publisher\":{\"@id\":\"https:\\\/\\\/radioljubuski.ba\\\/#organization\"},\"image\":{\"@id\":\"https:\\\/\\\/radioljubuski.ba\\\/index.php\\\/2022\\\/08\\\/04\\\/ljubic-zeljko-raguz-bio-je-plemenit-nesebican-etican-i-uman-covjek-blagoslovljen-je-tko-je-imao-priliku-suradivati-s-njim\\\/#primaryimage\"},\"thumbnailUrl\":\"https:\\\/\\\/radioljubuski.ba\\\/wp-content\\\/uploads\\\/2022\\\/08\\\/12bc60a2800f4fc10aa1.jpeg\",\"articleSection\":[\"BIH i regija\"],\"inLanguage\":\"hr\"},{\"@type\":\"WebPage\",\"@id\":\"https:\\\/\\\/radioljubuski.ba\\\/index.php\\\/2022\\\/08\\\/04\\\/ljubic-zeljko-raguz-bio-je-plemenit-nesebican-etican-i-uman-covjek-blagoslovljen-je-tko-je-imao-priliku-suradivati-s-njim\\\/\",\"url\":\"https:\\\/\\\/radioljubuski.ba\\\/index.php\\\/2022\\\/08\\\/04\\\/ljubic-zeljko-raguz-bio-je-plemenit-nesebican-etican-i-uman-covjek-blagoslovljen-je-tko-je-imao-priliku-suradivati-s-njim\\\/\",\"name\":\"Ljubi\u0107: \u017deljko Ragu\u017e bio je plemenit, nesebi\u010dan, eti\u010dan i uman \u010dovjek, blagoslovljen je tko je imao priliku sura\u0111ivati s njim - RADIO LJUBU\u0160KI\",\"isPartOf\":{\"@id\":\"https:\\\/\\\/radioljubuski.ba\\\/#website\"},\"primaryImageOfPage\":{\"@id\":\"https:\\\/\\\/radioljubuski.ba\\\/index.php\\\/2022\\\/08\\\/04\\\/ljubic-zeljko-raguz-bio-je-plemenit-nesebican-etican-i-uman-covjek-blagoslovljen-je-tko-je-imao-priliku-suradivati-s-njim\\\/#primaryimage\"},\"image\":{\"@id\":\"https:\\\/\\\/radioljubuski.ba\\\/index.php\\\/2022\\\/08\\\/04\\\/ljubic-zeljko-raguz-bio-je-plemenit-nesebican-etican-i-uman-covjek-blagoslovljen-je-tko-je-imao-priliku-suradivati-s-njim\\\/#primaryimage\"},\"thumbnailUrl\":\"https:\\\/\\\/radioljubuski.ba\\\/wp-content\\\/uploads\\\/2022\\\/08\\\/12bc60a2800f4fc10aa1.jpeg\",\"datePublished\":\"2022-08-04T08:31:27+00:00\",\"dateModified\":\"2022-08-04T08:31:28+00:00\",\"breadcrumb\":{\"@id\":\"https:\\\/\\\/radioljubuski.ba\\\/index.php\\\/2022\\\/08\\\/04\\\/ljubic-zeljko-raguz-bio-je-plemenit-nesebican-etican-i-uman-covjek-blagoslovljen-je-tko-je-imao-priliku-suradivati-s-njim\\\/#breadcrumb\"},\"inLanguage\":\"hr\",\"potentialAction\":[{\"@type\":\"ReadAction\",\"target\":[\"https:\\\/\\\/radioljubuski.ba\\\/index.php\\\/2022\\\/08\\\/04\\\/ljubic-zeljko-raguz-bio-je-plemenit-nesebican-etican-i-uman-covjek-blagoslovljen-je-tko-je-imao-priliku-suradivati-s-njim\\\/\"]}]},{\"@type\":\"ImageObject\",\"inLanguage\":\"hr\",\"@id\":\"https:\\\/\\\/radioljubuski.ba\\\/index.php\\\/2022\\\/08\\\/04\\\/ljubic-zeljko-raguz-bio-je-plemenit-nesebican-etican-i-uman-covjek-blagoslovljen-je-tko-je-imao-priliku-suradivati-s-njim\\\/#primaryimage\",\"url\":\"https:\\\/\\\/radioljubuski.ba\\\/wp-content\\\/uploads\\\/2022\\\/08\\\/12bc60a2800f4fc10aa1.jpeg\",\"contentUrl\":\"https:\\\/\\\/radioljubuski.ba\\\/wp-content\\\/uploads\\\/2022\\\/08\\\/12bc60a2800f4fc10aa1.jpeg\",\"width\":540,\"height\":326},{\"@type\":\"BreadcrumbList\",\"@id\":\"https:\\\/\\\/radioljubuski.ba\\\/index.php\\\/2022\\\/08\\\/04\\\/ljubic-zeljko-raguz-bio-je-plemenit-nesebican-etican-i-uman-covjek-blagoslovljen-je-tko-je-imao-priliku-suradivati-s-njim\\\/#breadcrumb\",\"itemListElement\":[{\"@type\":\"ListItem\",\"position\":1,\"name\":\"Po\u010detna stranica\",\"item\":\"https:\\\/\\\/radioljubuski.ba\\\/\"},{\"@type\":\"ListItem\",\"position\":2,\"name\":\"Ljubi\u0107: \u017deljko Ragu\u017e bio je plemenit, nesebi\u010dan, eti\u010dan i uman \u010dovjek, blagoslovljen je tko je imao priliku sura\u0111ivati s njim\"}]},{\"@type\":\"WebSite\",\"@id\":\"https:\\\/\\\/radioljubuski.ba\\\/#website\",\"url\":\"https:\\\/\\\/radioljubuski.ba\\\/\",\"name\":\"Radio Ljubu\u0161ki\",\"description\":\"Sun\u010dana frekvencija Hercegovine\",\"publisher\":{\"@id\":\"https:\\\/\\\/radioljubuski.ba\\\/#organization\"},\"potentialAction\":[{\"@type\":\"SearchAction\",\"target\":{\"@type\":\"EntryPoint\",\"urlTemplate\":\"https:\\\/\\\/radioljubuski.ba\\\/?s={search_term_string}\"},\"query-input\":{\"@type\":\"PropertyValueSpecification\",\"valueRequired\":true,\"valueName\":\"search_term_string\"}}],\"inLanguage\":\"hr\"},{\"@type\":\"Organization\",\"@id\":\"https:\\\/\\\/radioljubuski.ba\\\/#organization\",\"name\":\"Radio Ljubu\u0161ki\",\"url\":\"https:\\\/\\\/radioljubuski.ba\\\/\",\"logo\":{\"@type\":\"ImageObject\",\"inLanguage\":\"hr\",\"@id\":\"https:\\\/\\\/radioljubuski.ba\\\/#\\\/schema\\\/logo\\\/image\\\/\",\"url\":\"https:\\\/\\\/radioljubuski.ba\\\/wp-content\\\/uploads\\\/2021\\\/02\\\/cropped-Radio_Ljubuski_logo1.jpg\",\"contentUrl\":\"https:\\\/\\\/radioljubuski.ba\\\/wp-content\\\/uploads\\\/2021\\\/02\\\/cropped-Radio_Ljubuski_logo1.jpg\",\"width\":512,\"height\":512,\"caption\":\"Radio Ljubu\u0161ki\"},\"image\":{\"@id\":\"https:\\\/\\\/radioljubuski.ba\\\/#\\\/schema\\\/logo\\\/image\\\/\"},\"sameAs\":[\"https:\\\/\\\/www.facebook.com\\\/Radiio-Ljubuski-1490835324566332\",\"https:\\\/\\\/x.com\\\/radioljubuski\",\"https:\\\/\\\/hr.linkedin.com\\\/company\\\/radio-ljubuski\",\"https:\\\/\\\/www.youtube.com\\\/channel\\\/UCHYaeO_n0Db3tjNGudGpXyw\"]},{\"@type\":\"Person\",\"@id\":\"https:\\\/\\\/radioljubuski.ba\\\/#\\\/schema\\\/person\\\/19fc700381a780f69665d7956c469e3b\",\"name\":\"Radio Ljubu\u0161ki\"}]}<\/script>\n<!-- \/ Yoast SEO plugin. -->","yoast_head_json":{"title":"Ljubi\u0107: \u017deljko Ragu\u017e bio je plemenit, nesebi\u010dan, eti\u010dan i uman \u010dovjek, blagoslovljen je tko je imao priliku sura\u0111ivati s njim - RADIO LJUBU\u0160KI","robots":{"index":"index","follow":"follow","max-snippet":"max-snippet:-1","max-image-preview":"max-image-preview:large","max-video-preview":"max-video-preview:-1"},"canonical":"https:\/\/radioljubuski.ba\/index.php\/2022\/08\/04\/ljubic-zeljko-raguz-bio-je-plemenit-nesebican-etican-i-uman-covjek-blagoslovljen-je-tko-je-imao-priliku-suradivati-s-njim\/","og_locale":"hr_HR","og_type":"article","og_title":"Ljubi\u0107: \u017deljko Ragu\u017e bio je plemenit, nesebi\u010dan, eti\u010dan i uman \u010dovjek, blagoslovljen je tko je imao priliku sura\u0111ivati s njim - RADIO LJUBU\u0160KI","og_description":"Predsjednik Glavnog vije\u0107a Hrvatskog narodnog sabora BiH dr. Bo\u017eo Ljubi\u0107 objavio je In memoriam ju\u010der preminulom \u017deljku Ragu\u017eu, zastupniku u Hrvatskom saboru, jednom od osniva\u010da HDZ BiH i Hrvatske zajednice Herceg Bosne, u kojem je napisao: -Ju\u010der nas je zauvijek napustio na\u0161 dragi kolega, suradnik i prijatelj \u017deljko Ragu\u017e. Dugo bi potrajalo kad bi nabrajali [&hellip;]","og_url":"https:\/\/radioljubuski.ba\/index.php\/2022\/08\/04\/ljubic-zeljko-raguz-bio-je-plemenit-nesebican-etican-i-uman-covjek-blagoslovljen-je-tko-je-imao-priliku-suradivati-s-njim\/","og_site_name":"RADIO LJUBU\u0160KI","article_publisher":"https:\/\/www.facebook.com\/Radiio-Ljubuski-1490835324566332","article_published_time":"2022-08-04T08:31:27+00:00","article_modified_time":"2022-08-04T08:31:28+00:00","og_image":[{"width":540,"height":326,"url":"https:\/\/radioljubuski.ba\/wp-content\/uploads\/2022\/08\/12bc60a2800f4fc10aa1.jpeg","type":"image\/jpeg"}],"author":"Radio Ljubu\u0161ki","twitter_card":"summary_large_image","twitter_creator":"@radioljubuski","twitter_site":"@radioljubuski","twitter_misc":{"Napisao\/la":"Radio Ljubu\u0161ki","Procijenjeno vrijeme \u010ditanja":"3 minute"},"schema":{"@context":"https:\/\/schema.org","@graph":[{"@type":"Article","@id":"https:\/\/radioljubuski.ba\/index.php\/2022\/08\/04\/ljubic-zeljko-raguz-bio-je-plemenit-nesebican-etican-i-uman-covjek-blagoslovljen-je-tko-je-imao-priliku-suradivati-s-njim\/#article","isPartOf":{"@id":"https:\/\/radioljubuski.ba\/index.php\/2022\/08\/04\/ljubic-zeljko-raguz-bio-je-plemenit-nesebican-etican-i-uman-covjek-blagoslovljen-je-tko-je-imao-priliku-suradivati-s-njim\/"},"author":{"name":"Radio Ljubu\u0161ki","@id":"https:\/\/radioljubuski.ba\/#\/schema\/person\/19fc700381a780f69665d7956c469e3b"},"headline":"Ljubi\u0107: \u017deljko Ragu\u017e bio je plemenit, nesebi\u010dan, eti\u010dan i uman \u010dovjek, blagoslovljen je tko je imao priliku sura\u0111ivati s njim","datePublished":"2022-08-04T08:31:27+00:00","dateModified":"2022-08-04T08:31:28+00:00","mainEntityOfPage":{"@id":"https:\/\/radioljubuski.ba\/index.php\/2022\/08\/04\/ljubic-zeljko-raguz-bio-je-plemenit-nesebican-etican-i-uman-covjek-blagoslovljen-je-tko-je-imao-priliku-suradivati-s-njim\/"},"wordCount":627,"publisher":{"@id":"https:\/\/radioljubuski.ba\/#organization"},"image":{"@id":"https:\/\/radioljubuski.ba\/index.php\/2022\/08\/04\/ljubic-zeljko-raguz-bio-je-plemenit-nesebican-etican-i-uman-covjek-blagoslovljen-je-tko-je-imao-priliku-suradivati-s-njim\/#primaryimage"},"thumbnailUrl":"https:\/\/radioljubuski.ba\/wp-content\/uploads\/2022\/08\/12bc60a2800f4fc10aa1.jpeg","articleSection":["BIH i regija"],"inLanguage":"hr"},{"@type":"WebPage","@id":"https:\/\/radioljubuski.ba\/index.php\/2022\/08\/04\/ljubic-zeljko-raguz-bio-je-plemenit-nesebican-etican-i-uman-covjek-blagoslovljen-je-tko-je-imao-priliku-suradivati-s-njim\/","url":"https:\/\/radioljubuski.ba\/index.php\/2022\/08\/04\/ljubic-zeljko-raguz-bio-je-plemenit-nesebican-etican-i-uman-covjek-blagoslovljen-je-tko-je-imao-priliku-suradivati-s-njim\/","name":"Ljubi\u0107: \u017deljko Ragu\u017e bio je plemenit, nesebi\u010dan, eti\u010dan i uman \u010dovjek, blagoslovljen je tko je imao priliku sura\u0111ivati s njim - RADIO LJUBU\u0160KI","isPartOf":{"@id":"https:\/\/radioljubuski.ba\/#website"},"primaryImageOfPage":{"@id":"https:\/\/radioljubuski.ba\/index.php\/2022\/08\/04\/ljubic-zeljko-raguz-bio-je-plemenit-nesebican-etican-i-uman-covjek-blagoslovljen-je-tko-je-imao-priliku-suradivati-s-njim\/#primaryimage"},"image":{"@id":"https:\/\/radioljubuski.ba\/index.php\/2022\/08\/04\/ljubic-zeljko-raguz-bio-je-plemenit-nesebican-etican-i-uman-covjek-blagoslovljen-je-tko-je-imao-priliku-suradivati-s-njim\/#primaryimage"},"thumbnailUrl":"https:\/\/radioljubuski.ba\/wp-content\/uploads\/2022\/08\/12bc60a2800f4fc10aa1.jpeg","datePublished":"2022-08-04T08:31:27+00:00","dateModified":"2022-08-04T08:31:28+00:00","breadcrumb":{"@id":"https:\/\/radioljubuski.ba\/index.php\/2022\/08\/04\/ljubic-zeljko-raguz-bio-je-plemenit-nesebican-etican-i-uman-covjek-blagoslovljen-je-tko-je-imao-priliku-suradivati-s-njim\/#breadcrumb"},"inLanguage":"hr","potentialAction":[{"@type":"ReadAction","target":["https:\/\/radioljubuski.ba\/index.php\/2022\/08\/04\/ljubic-zeljko-raguz-bio-je-plemenit-nesebican-etican-i-uman-covjek-blagoslovljen-je-tko-je-imao-priliku-suradivati-s-njim\/"]}]},{"@type":"ImageObject","inLanguage":"hr","@id":"https:\/\/radioljubuski.ba\/index.php\/2022\/08\/04\/ljubic-zeljko-raguz-bio-je-plemenit-nesebican-etican-i-uman-covjek-blagoslovljen-je-tko-je-imao-priliku-suradivati-s-njim\/#primaryimage","url":"https:\/\/radioljubuski.ba\/wp-content\/uploads\/2022\/08\/12bc60a2800f4fc10aa1.jpeg","contentUrl":"https:\/\/radioljubuski.ba\/wp-content\/uploads\/2022\/08\/12bc60a2800f4fc10aa1.jpeg","width":540,"height":326},{"@type":"BreadcrumbList","@id":"https:\/\/radioljubuski.ba\/index.php\/2022\/08\/04\/ljubic-zeljko-raguz-bio-je-plemenit-nesebican-etican-i-uman-covjek-blagoslovljen-je-tko-je-imao-priliku-suradivati-s-njim\/#breadcrumb","itemListElement":[{"@type":"ListItem","position":1,"name":"Po\u010detna stranica","item":"https:\/\/radioljubuski.ba\/"},{"@type":"ListItem","position":2,"name":"Ljubi\u0107: \u017deljko Ragu\u017e bio je plemenit, nesebi\u010dan, eti\u010dan i uman \u010dovjek, blagoslovljen je tko je imao priliku sura\u0111ivati s njim"}]},{"@type":"WebSite","@id":"https:\/\/radioljubuski.ba\/#website","url":"https:\/\/radioljubuski.ba\/","name":"Radio Ljubu\u0161ki","description":"Sun\u010dana frekvencija Hercegovine","publisher":{"@id":"https:\/\/radioljubuski.ba\/#organization"},"potentialAction":[{"@type":"SearchAction","target":{"@type":"EntryPoint","urlTemplate":"https:\/\/radioljubuski.ba\/?s={search_term_string}"},"query-input":{"@type":"PropertyValueSpecification","valueRequired":true,"valueName":"search_term_string"}}],"inLanguage":"hr"},{"@type":"Organization","@id":"https:\/\/radioljubuski.ba\/#organization","name":"Radio Ljubu\u0161ki","url":"https:\/\/radioljubuski.ba\/","logo":{"@type":"ImageObject","inLanguage":"hr","@id":"https:\/\/radioljubuski.ba\/#\/schema\/logo\/image\/","url":"https:\/\/radioljubuski.ba\/wp-content\/uploads\/2021\/02\/cropped-Radio_Ljubuski_logo1.jpg","contentUrl":"https:\/\/radioljubuski.ba\/wp-content\/uploads\/2021\/02\/cropped-Radio_Ljubuski_logo1.jpg","width":512,"height":512,"caption":"Radio Ljubu\u0161ki"},"image":{"@id":"https:\/\/radioljubuski.ba\/#\/schema\/logo\/image\/"},"sameAs":["https:\/\/www.facebook.com\/Radiio-Ljubuski-1490835324566332","https:\/\/x.com\/radioljubuski","https:\/\/hr.linkedin.com\/company\/radio-ljubuski","https:\/\/www.youtube.com\/channel\/UCHYaeO_n0Db3tjNGudGpXyw"]},{"@type":"Person","@id":"https:\/\/radioljubuski.ba\/#\/schema\/person\/19fc700381a780f69665d7956c469e3b","name":"Radio Ljubu\u0161ki"}]}},"_links":{"self":[{"href":"https:\/\/radioljubuski.ba\/index.php\/wp-json\/wp\/v2\/posts\/166282","targetHints":{"allow":["GET"]}}],"collection":[{"href":"https:\/\/radioljubuski.ba\/index.php\/wp-json\/wp\/v2\/posts"}],"about":[{"href":"https:\/\/radioljubuski.ba\/index.php\/wp-json\/wp\/v2\/types\/post"}],"author":[{"embeddable":true,"href":"https:\/\/radioljubuski.ba\/index.php\/wp-json\/wp\/v2\/users\/2"}],"replies":[{"embeddable":true,"href":"https:\/\/radioljubuski.ba\/index.php\/wp-json\/wp\/v2\/comments?post=166282"}],"version-history":[{"count":1,"href":"https:\/\/radioljubuski.ba\/index.php\/wp-json\/wp\/v2\/posts\/166282\/revisions"}],"predecessor-version":[{"id":166284,"href":"https:\/\/radioljubuski.ba\/index.php\/wp-json\/wp\/v2\/posts\/166282\/revisions\/166284"}],"wp:featuredmedia":[{"embeddable":true,"href":"https:\/\/radioljubuski.ba\/index.php\/wp-json\/wp\/v2\/media\/166283"}],"wp:attachment":[{"href":"https:\/\/radioljubuski.ba\/index.php\/wp-json\/wp\/v2\/media?parent=166282"}],"wp:term":[{"taxonomy":"category","embeddable":true,"href":"https:\/\/radioljubuski.ba\/index.php\/wp-json\/wp\/v2\/categories?post=166282"},{"taxonomy":"post_tag","embeddable":true,"href":"https:\/\/radioljubuski.ba\/index.php\/wp-json\/wp\/v2\/tags?post=166282"}],"curies":[{"name":"wp","href":"https:\/\/api.w.org\/{rel}","templated":true}]}}