{"id":166290,"date":"2022-08-04T09:38:31","date_gmt":"2022-08-04T08:38:31","guid":{"rendered":"https:\/\/radioljubuski.ba\/?p=166290"},"modified":"2022-08-04T09:38:32","modified_gmt":"2022-08-04T08:38:32","slug":"vajdner-prebrojavanje-je-ideja-islamske-zajednice-ali-nije-vjerska-ni-vjernicka","status":"publish","type":"post","link":"https:\/\/radioljubuski.ba\/index.php\/2022\/08\/04\/vajdner-prebrojavanje-je-ideja-islamske-zajednice-ali-nije-vjerska-ni-vjernicka\/","title":{"rendered":"Vajdner: \u201ePrebrojavanje\u201c je ideja Islamske zajednice, ali nije \u201evjerska\u201c ni vjerni\u010dka"},"content":{"rendered":"\n<p><strong>Nema dvojbe kako vodstvo Islamske zajednice u BiH promi\u0161lja i djeluje politi\u010dki u nacionalne svrhe, a ne prvotno vjerski ni vjerni\u010dki \u2013 upravo onako kako je SPC djelovala u osvit krvavoga rata 1990-ih.<\/strong><\/p>\n\n\n\n<p><strong>Pi\u0161e:&nbsp;<\/strong><em><strong>Josip Vajdner<\/strong><\/em><strong>,&nbsp;<a href=\"https:\/\/www.nedjelja.ba\/hr\/nek-se-zna\/prebrojavanje-je-ideja-islamske-zajednice-ali-nije-vjerska-ni-vjernicka\/26305\"><em>Katoli\u010dki tjednik<\/em><\/a><\/strong><\/p>\n\n\n\n<p>U bosanskohercegova\u010dkoj se razli\u010ditosti \u010desto zna \u010duti: \u201eSve su vjere iste!\u201c Islam, katoli\u010danstvo i pravoslavlje \u2013 jer ve\u0107ina za druge i o drugima, izuzev\u0161i u manjem obliku \u017eidovstvo, sadr\u017eajno i ne zna. Pod tim \u201eistim\u201c ljudi u prvom redu ne misle na vjerske obrede, nego na postulate koji se sla\u017eu da \u010dovjek treba tako \u017eivjeti na ovoj zemlji kako bi, uz pomo\u0107 Bo\u017eje milosti, stekao zasluge za nebo, za \u201eonaj drugi svijet\u201c. I to je ono dobro.<\/p>\n\n\n\n<p>Me\u0111utim, postoji i ono lo\u0161e \u0161to ljudi na ovda\u0161njim prostorima pomisle kada daju opasku o \u201ejednakosti\u201c vjer\u0101. A to je \u201emije\u0161anje u politiku\u201c te na osobit na\u010din izbore i sve ono negativno \u0161to se uz to ve\u017ee.<\/p>\n\n\n\n<p>No, \u010dinjenice kazuju kako to ba\u0161 i nije tako: kako kada se ode dalje od povr\u0161ine, nisu sve iste!<\/p>\n\n\n\n<p><strong>Osobna i institucionalna razina<\/strong><\/p>\n\n\n\n<p>Ostavljaju\u0107i po strani dogme i liturgijske prakse, kada je rije\u010d o odnosu prema politi\u010dkom segmentu \u017eivota, tu najprije valja razlikovati osobnu od institucionalne razine.<\/p>\n\n\n\n<p>Na osobnoj se mo\u017ee prepoznati zakonitost: Koliko ljudi \u2013 toliko \u0107udi. Drugim rije\u010dima, postoji nebrojeno mnogo primjera gdje vjerski slu\u017ebenici razli\u010ditih konfesija budu osobno upregnuti u strana\u010dka kola pa i li<a href=\"https:\/\/www.nedjelja.ba\/hr\/nek-se-zna\/svecenik-i-izbori\/6695\">turgijske prostore koriste u politi\u010dke svrhe<\/a>. Kao \u0161to postoji i ve\u0107ina onih koji to ne rade.<\/p>\n\n\n\n<p>Na temelju toga, nerijetki \u0107e onda re\u0107i kako su \u201esve vjere iste\u201c. I donekle \u0107e biti u pravu.<\/p>\n\n\n\n<p>Me\u0111utim, kada je rije\u010d o razini institucija ili preciznije kazano o \u201eslu\u017ebenim\u201c izri\u010dajima, o stavovima vjerskih zajednica kao takvih, o izjavama onih koji te zajednice predvode\u2026 onda je situacija znatno druga\u010dija.<\/p>\n\n\n\n<p><strong>Hri\u0161\u0107ani ili \u201eliturgijski slu\u017ebenici\u201c jedne politike?<\/strong><\/p>\n\n\n\n<p>U svijesti prosje\u010dnoga bosanskohercegova\u010dkoga \u010dovjeka koji nastoji razmi\u0161ljati svojom glavom, zasigurno su jo\u0161 uvijek prisutne slike kada pravoslavni sve\u0161tenici 1990-ih blagoslivljaju oru\u017eje i (para)vojne formacije koje su potom \u010dinile razli\u010dita zla na ovda\u0161njem tlu; postoje i ne samo \u201eslika\u201c nego i \u201ezvuk\u201c kada pravoslavni velikodostojnici pjevaju \u010detni\u010dke pjesme, odra\u017eavaju\u0107i velikosrpsku ideologiju, od koje se zapravo nikada nisu ni distancirali. \u0160tovi\u0161e, sjetit \u0107emo se kako je od vrha pa do dna tih zlokobnih godina unutar Srpske Pravoslavne Crkve \u201epropovijedano\u201c o \u201eusta\u0161kom no\u017eu\u201c, \u201eklanju srpske neja\u010dadi\u201c, o \u201enovom Jasenovcu\u201c, \u201eugro\u017eenosti srpstva\u201c\u2026 Niti jedne rije\u010di nije bilo o pravu \u2013 religijski i nacionalno \u2013 druga\u010dijega na \u017eivot, na jednakost pred zakonom, na \u201ekruh i krov\u201c. Ni\u0161ta. I tko god se tomu pa \u010dak i me\u0111u Srbima, koji druga\u010dije misle, usprotivio odmah je bio politi\u010dki obezvrije\u0111en i \u017eigosan kao izdajnik.<\/p>\n\n\n\n<p>I uslijedilo je \u0161to je uslijedilo: srpsko prebrojavanje nakon kojega je, o\u010dito \u201epreventivno\u201c, lila nesrpska krv.<\/p>\n\n\n\n<p>A prvi su se \u201einstitucionalni\u201c glasovi druga\u010diji od toga javili tek kada je srpska vojska po\u010dela gubiti na bojnom polju, a srpski narod krenuo u izbjegli\u0161tvo. Tada su se sjetili da su&nbsp;<em>hri\u0161\u0107ani<\/em>, a do tada su razvidno bili samo \u201eliturgijski slu\u017ebenici\u201c jedne politike.<\/p>\n\n\n\n<p><strong>\u201ePrebrojavanje\u201c je ideja Islamske zajednice?<\/strong><\/p>\n\n\n\n<p>Danas smo svjedoci kako Islamska zajednica u BiH otvoreno stoji uz jedan politi\u010dki projekt: poku\u0161aj stvaranja bo\u0161nja\u010dke nacionalne dr\u017eave, pod vodstvom jedne politike \u2013 one SDA, koriste\u0107i pri tome vrlo sli\u010dan narativ onom ve\u0107 vi\u0111enom srpsko-pravoslavnom.<\/p>\n\n\n\n<p>I dok su istupe \u010delnika te partije \u2013&nbsp;<strong>Bakira Izetbegovi\u0107a<\/strong>&nbsp;o ugro\u017eenosti Bo\u0161njaka i \u201eprebrojavanju\u201c (\u201ePrebrojali smo se, koliko lovaca imamo i koliko mladih i instruktora na dronovima\u2026\u201c) te nadokna\u0111ivanju ljudi robotima, mnogi jednostavno ocijenili kao nebuloze intelektualno inferiornoga politi\u010dara i dovoljno bezobraznoga \u010dovjeka koji kao \u201eSarajlija\u201c ni\u0161ta u sebi \u201esarajevskoga\u201c nema (ni govora, ni manira), dotle se za \u201epoja\u0161njenja\u201c te ideje iz usta lidera Islamske zajednice u BiH, to ne mo\u017ee kazati. A zbog toga je i nadasve ozbiljnije i tu\u017enije.<\/p>\n\n\n\n<p>\u201eOvih dana \u010dujem glasove koji ka\u017eu: \u2018\u0160to nas to prebrojavaju?\u2019 \u017delim vam ovdje sasvim iskreno kazati: da se nismo prebrojavali onda kada je trebalo da se prebrojavamo, ne bismo ovdje danas bili. Ovo mjesto bi bilo u ne\u010dijim tu\u0111im rukama. Ja\u0161ta nego \u0107emo se prebrojavati\u201c, poru\u010dio je reisu-l-ulema&nbsp;<strong>Husein ef. Kavazovi\u0107<\/strong>&nbsp;31. srpnja, na manifestaciji&nbsp;<em>Dani bosanske duhovnosti \u2013 Kari\u0107i 2022.<\/em><\/p>\n\n\n\n<p>Bilo je to jo\u0161 jedno nesumnjivo politi\u010dko o\u010ditovanje Islamske zajednice s prizvukom \u201epreventivnoga rata\u201c, nakon slu\u017ebenoga istupa na informacije kako \u0107e visoki predstavnik&nbsp;<strong>Christian Schmidt<\/strong>&nbsp;<a href=\"https:\/\/www.nedjelja.ba\/hr\/nek-se-zna\/odgovorite-nam-je-li-vasa-bih-drzava-bosnjaka-i-ostalih\/26193\">nametnuti izmjene Izbornoga zakona u BiH<\/a>.<\/p>\n\n\n\n<p>Da stvar bude o\u010ditija i \u017ealosnija, ni IZ-a u BiH niti njezin prvi \u010dovjek, nijednom rije\u010dju nisu kazali ni\u0161ta o pravima drugih, ni\u0161ta \u0161to bi upu\u0107ivalo na vjeru, ni\u0161ta \u0161to bi kazalo kako u \u201enjihovoj\u201c BiH ima mjesta za nemuslimane. \u0160tovi\u0161e, na temelju antagonizma \u201emi \u2013 oni\u201c prepoznaje se dehumaniziraju\u0107i proces svo\u0111enja \u201edruga\u010dijih\u201c na animalnu razinu, na razinu ni\u017eih bi\u0107a.<\/p>\n\n\n\n<p>Na\u017ealost, iako je aktualni reisu-l-ulema pokazivao dovoljno \u201ekom\u0161ijske\u201c \u0161irine, o\u010dito je to bilo samo predstava ili \u201edobronamjernost s predumi\u0161ljajem koja ne ko\u0161ta\u201c, a istupi kao ovaj otkrivaju \u0161to se unutar vlastita \u010detiri zida misli.<\/p>\n\n\n\n<p>Ovi istupi daju i poja\u0161njenje njegova \u201epredizbornoga govora\u201c u \u0160vicarskoj 2016. kada je rekao: \u201eNe\u0107emo halaliti nikome ko bude mogao, a ne bude htio. Svako ko mo\u017ee dati svoj glas, svako ko mo\u017ee da se registruje, svako ko mo\u017ee dozvoliti da \u2018vlah\u2019 ne vlada u Srebrenici.\u201c<\/p>\n\n\n\n<p><strong>Nedvojbeno je \u2013 pro\u0161lost pokazuje<\/strong><\/p>\n\n\n\n<p>Da ne bude dvojbe kako vodstvo Islamske zajednice promi\u0161lja i djeluje politi\u010dki u nacionalne svrhe, a ne prvotno vjerski \u2013 upravo onako kako je SPC djelovala u osvit krvavoga rata 1990-ih \u2013 zrcali se i kroz \u010dinjenicu da se njezin biv\u0161i poglavar&nbsp;<strong>Mustafa ef. Ceri\u0107<\/strong>, oku\u0161ao u politi\u010dkim vodama na izborima za Predsjedni\u0161tvo BiH 2014. kada je zauzeo \u0161esto mjesto me\u0111u Bo\u0161njacima.<\/p>\n\n\n\n<p>A koliko svi ovi procesi imaju sli\u010dnosti s onim srpsko-pravoslavnim iz 1990-ih pokazuje i nipoda\u0161tavaju\u0107i slu\u017ebeni odgovor Islamske zajednice na kritiku da zastupaju jednu stranku i jednoga kandidata, koju je uputila stranka Narod i Pravda (NiP). Umjesto barem povr\u0161noga doticanja merituma stvari lakonski je ocijenjeno kako je to \u201epoku\u0161aj discipliniranja\u201c. \u201eU njemu se nama prijeti. Do sada je samo HDZ Dragana \u010covi\u0107a radio na ovakav na\u010din i imao ovakav odnos prema Islamskoj zajednici i reisu-l-ulemi\u201c, stoji u priop\u0107enju IZ-e BiH.<\/p>\n\n\n\n<p>Reakcije je, dakle, bila upravo na&nbsp;<a href=\"https:\/\/www.nedjelja.ba\/hr\/nek-se-zna\/kako-se-efendija-u-politickim-cipelama-brine-za-susjede\/3011\">matrici kako je ef. Ceri\u0107 10. 1. 2009. odgovorio novinaru&nbsp;<strong>Senadu Had\u017eifejzovi\u0107u<\/strong><\/a>&nbsp;kada ga je ovaj pitao o izgradnji rezidencije u Sarajevu \u2013 da najprije \u017eeli \u201epohvaliti Op\u0107inu Stari Grad \u0161to je ovih dana u rekordnom roku osigurala sve uvjete da vrhbosanski nadbiskup kardinal Vinko Pulji\u0107 gradi svoju rezidenciju od 5 000 kvadratnih metara\u201c. Odnosno: \u2018ko si ti da mene to pita\u0161?<\/p>\n\n\n\n<p>Ipak, nedvojbeno je kako postoje mnogi muslimani i poglavito Bo\u0161njaci kojima smeta ovakav politi\u010dki anga\u017eman Islamske zajednice, a koliko su postojani i \u010dine li \u201ekriti\u010dnu masu\u201c vrlo brzo \u0107e se prepoznati.<\/p>\n\n\n\n<p><strong>A Katoli\u010dka Crkva?<\/strong><\/p>\n\n\n\n<p>I da zaklju\u010dimo temu: \u0161to je s Katoli\u010dkom Crkvom?<\/p>\n\n\n\n<p>Umjesto odgovora preporuka i poziv (danas se u duhu dru\u0161tvenih mre\u017ea ka\u017ee izazov \u2013&nbsp;<em>challenge<\/em>): neka oni koji se ovdje na\u0111u prozvanima i koji se isklju\u010divo brinu za \u201esvoje\u201c, i kojima su \u201epuna usta Bosne\u201c (ali neke \u201enjihove\u201c koja to vi\u0161e ne bi bila)\u2026neka pogledaju istupe biskupa Bosne i Hercegovine od po\u010detka 1990-ih do danas. Neka prona\u0111u u bilo kojem slu\u017ebenom priop\u0107enju BK BiH ili pojedinih biskupija i\u0161ta \u0161to bi bilo isklju\u010divo i \u0161to bi religijski i nacionalno druga\u010dije ljude dehumaniziralo i imalo prizvuk rata!<\/p>\n\n\n\n<p>Da malo damo smjerokaza: nijedan sve\u0107enik koji bi uzeo pu\u0161ku \u2013 ne bi vi\u0161e mogao biti sve\u0107enik; svaki koji bi blagoslivljao oru\u017eje \u2013 ne bi to mogao \u010diniti u ime Katoli\u010dke Crkve jer takvoga obreda naprosto nema; svaki biskup ili sve\u0107enik koji bi se samo poku\u0161ao aktivno baviti politikom ne bi vi\u0161e mogao biti biskup ili sve\u0107enik\u2026 Pa provjerite!<\/p>\n\n\n\n<p>I uistinu, ako ikada onda je sada trenutak o\u010ditovati razdvojenost dr\u017eave i religije, profanoga i svetoga, politi\u010dkoga i vjerskoga. Na uzavreloj politi\u010dkoj sceni, kada se u mnogim glavama dimi jer su im srca ostra\u0161\u0107eno zapaljena, potrebno je gasiti vatre blagom vodom vjere, koja \u0107e prati grijehe \u2013 pa i grijehe struktura, a ne\u0107e ugu\u0161iti grje\u0161nika nego ga \u010diniti boljim \u010dovjekom da bi stvarao bolje dru\u0161tvo. A to se ne mo\u017ee \u010diniti pozivom na \u201eprebrojavanje\u201c!<\/p>\n\n\n\n<p>Valjda nitko ne o\u010dekuje da je to primarni zadatak politike\u2026<\/p>\n\n\n\n<p>\/HMS\/<\/p>\n","protected":false},"excerpt":{"rendered":"<p>Nema dvojbe kako vodstvo Islamske zajednice u BiH promi\u0161lja i djeluje politi\u010dki u nacionalne svrhe, a ne prvotno vjerski ni vjerni\u010dki \u2013 upravo onako kako je SPC djelovala u osvit krvavoga rata 1990-ih. Pi\u0161e:&nbsp;Josip Vajdner,&nbsp;Katoli\u010dki tjednik U bosanskohercegova\u010dkoj se razli\u010ditosti \u010desto zna \u010duti: \u201eSve su vjere iste!\u201c Islam, katoli\u010danstvo i pravoslavlje \u2013 jer ve\u0107ina za [&hellip;]<\/p>\n","protected":false},"author":2,"featured_media":166292,"comment_status":"closed","ping_status":"closed","sticky":false,"template":"","format":"standard","meta":{"h5ap_radio_sources":[],"footnotes":""},"categories":[1],"tags":[],"class_list":["post-166290","post","type-post","status-publish","format-standard","has-post-thumbnail","hentry","category-bihiregija"],"yoast_head":"<!-- This site is optimized with the Yoast SEO plugin v27.4 - https:\/\/yoast.com\/product\/yoast-seo-wordpress\/ -->\n<title>Vajdner: \u201ePrebrojavanje\u201c je ideja Islamske zajednice, ali nije \u201evjerska\u201c ni vjerni\u010dka - RADIO LJUBU\u0160KI<\/title>\n<meta name=\"robots\" content=\"index, follow, max-snippet:-1, max-image-preview:large, max-video-preview:-1\" \/>\n<link rel=\"canonical\" href=\"https:\/\/radioljubuski.ba\/index.php\/2022\/08\/04\/vajdner-prebrojavanje-je-ideja-islamske-zajednice-ali-nije-vjerska-ni-vjernicka\/\" \/>\n<meta property=\"og:locale\" content=\"hr_HR\" \/>\n<meta property=\"og:type\" content=\"article\" \/>\n<meta property=\"og:title\" content=\"Vajdner: \u201ePrebrojavanje\u201c je ideja Islamske zajednice, ali nije \u201evjerska\u201c ni vjerni\u010dka - RADIO LJUBU\u0160KI\" \/>\n<meta property=\"og:description\" content=\"Nema dvojbe kako vodstvo Islamske zajednice u BiH promi\u0161lja i djeluje politi\u010dki u nacionalne svrhe, a ne prvotno vjerski ni vjerni\u010dki \u2013 upravo onako kako je SPC djelovala u osvit krvavoga rata 1990-ih. Pi\u0161e:&nbsp;Josip Vajdner,&nbsp;Katoli\u010dki tjednik U bosanskohercegova\u010dkoj se razli\u010ditosti \u010desto zna \u010duti: \u201eSve su vjere iste!\u201c Islam, katoli\u010danstvo i pravoslavlje \u2013 jer ve\u0107ina za [&hellip;]\" \/>\n<meta property=\"og:url\" content=\"https:\/\/radioljubuski.ba\/index.php\/2022\/08\/04\/vajdner-prebrojavanje-je-ideja-islamske-zajednice-ali-nije-vjerska-ni-vjernicka\/\" \/>\n<meta property=\"og:site_name\" content=\"RADIO LJUBU\u0160KI\" \/>\n<meta property=\"article:publisher\" content=\"https:\/\/www.facebook.com\/Radiio-Ljubuski-1490835324566332\" \/>\n<meta property=\"article:published_time\" content=\"2022-08-04T08:38:31+00:00\" \/>\n<meta property=\"article:modified_time\" content=\"2022-08-04T08:38:32+00:00\" \/>\n<meta property=\"og:image\" content=\"https:\/\/radioljubuski.ba\/wp-content\/uploads\/2022\/08\/thumb-1.jpg\" \/>\n\t<meta property=\"og:image:width\" content=\"800\" \/>\n\t<meta property=\"og:image:height\" content=\"450\" \/>\n\t<meta property=\"og:image:type\" content=\"image\/jpeg\" \/>\n<meta name=\"author\" content=\"Radio Ljubu\u0161ki\" \/>\n<meta name=\"twitter:card\" content=\"summary_large_image\" \/>\n<meta name=\"twitter:creator\" content=\"@radioljubuski\" \/>\n<meta name=\"twitter:site\" content=\"@radioljubuski\" \/>\n<meta name=\"twitter:label1\" content=\"Napisao\/la\" \/>\n\t<meta name=\"twitter:data1\" content=\"Radio Ljubu\u0161ki\" \/>\n\t<meta name=\"twitter:label2\" content=\"Procijenjeno vrijeme \u010ditanja\" \/>\n\t<meta name=\"twitter:data2\" content=\"6 minuta\" \/>\n<script type=\"application\/ld+json\" class=\"yoast-schema-graph\">{\"@context\":\"https:\\\/\\\/schema.org\",\"@graph\":[{\"@type\":\"Article\",\"@id\":\"https:\\\/\\\/radioljubuski.ba\\\/index.php\\\/2022\\\/08\\\/04\\\/vajdner-prebrojavanje-je-ideja-islamske-zajednice-ali-nije-vjerska-ni-vjernicka\\\/#article\",\"isPartOf\":{\"@id\":\"https:\\\/\\\/radioljubuski.ba\\\/index.php\\\/2022\\\/08\\\/04\\\/vajdner-prebrojavanje-je-ideja-islamske-zajednice-ali-nije-vjerska-ni-vjernicka\\\/\"},\"author\":{\"name\":\"Radio Ljubu\u0161ki\",\"@id\":\"https:\\\/\\\/radioljubuski.ba\\\/#\\\/schema\\\/person\\\/19fc700381a780f69665d7956c469e3b\"},\"headline\":\"Vajdner: \u201ePrebrojavanje\u201c je ideja Islamske zajednice, ali nije \u201evjerska\u201c ni vjerni\u010dka\",\"datePublished\":\"2022-08-04T08:38:31+00:00\",\"dateModified\":\"2022-08-04T08:38:32+00:00\",\"mainEntityOfPage\":{\"@id\":\"https:\\\/\\\/radioljubuski.ba\\\/index.php\\\/2022\\\/08\\\/04\\\/vajdner-prebrojavanje-je-ideja-islamske-zajednice-ali-nije-vjerska-ni-vjernicka\\\/\"},\"wordCount\":1515,\"publisher\":{\"@id\":\"https:\\\/\\\/radioljubuski.ba\\\/#organization\"},\"image\":{\"@id\":\"https:\\\/\\\/radioljubuski.ba\\\/index.php\\\/2022\\\/08\\\/04\\\/vajdner-prebrojavanje-je-ideja-islamske-zajednice-ali-nije-vjerska-ni-vjernicka\\\/#primaryimage\"},\"thumbnailUrl\":\"https:\\\/\\\/radioljubuski.ba\\\/wp-content\\\/uploads\\\/2022\\\/08\\\/thumb-1.jpg\",\"articleSection\":[\"BIH i regija\"],\"inLanguage\":\"hr\"},{\"@type\":\"WebPage\",\"@id\":\"https:\\\/\\\/radioljubuski.ba\\\/index.php\\\/2022\\\/08\\\/04\\\/vajdner-prebrojavanje-je-ideja-islamske-zajednice-ali-nije-vjerska-ni-vjernicka\\\/\",\"url\":\"https:\\\/\\\/radioljubuski.ba\\\/index.php\\\/2022\\\/08\\\/04\\\/vajdner-prebrojavanje-je-ideja-islamske-zajednice-ali-nije-vjerska-ni-vjernicka\\\/\",\"name\":\"Vajdner: \u201ePrebrojavanje\u201c je ideja Islamske zajednice, ali nije \u201evjerska\u201c ni vjerni\u010dka - RADIO LJUBU\u0160KI\",\"isPartOf\":{\"@id\":\"https:\\\/\\\/radioljubuski.ba\\\/#website\"},\"primaryImageOfPage\":{\"@id\":\"https:\\\/\\\/radioljubuski.ba\\\/index.php\\\/2022\\\/08\\\/04\\\/vajdner-prebrojavanje-je-ideja-islamske-zajednice-ali-nije-vjerska-ni-vjernicka\\\/#primaryimage\"},\"image\":{\"@id\":\"https:\\\/\\\/radioljubuski.ba\\\/index.php\\\/2022\\\/08\\\/04\\\/vajdner-prebrojavanje-je-ideja-islamske-zajednice-ali-nije-vjerska-ni-vjernicka\\\/#primaryimage\"},\"thumbnailUrl\":\"https:\\\/\\\/radioljubuski.ba\\\/wp-content\\\/uploads\\\/2022\\\/08\\\/thumb-1.jpg\",\"datePublished\":\"2022-08-04T08:38:31+00:00\",\"dateModified\":\"2022-08-04T08:38:32+00:00\",\"breadcrumb\":{\"@id\":\"https:\\\/\\\/radioljubuski.ba\\\/index.php\\\/2022\\\/08\\\/04\\\/vajdner-prebrojavanje-je-ideja-islamske-zajednice-ali-nije-vjerska-ni-vjernicka\\\/#breadcrumb\"},\"inLanguage\":\"hr\",\"potentialAction\":[{\"@type\":\"ReadAction\",\"target\":[\"https:\\\/\\\/radioljubuski.ba\\\/index.php\\\/2022\\\/08\\\/04\\\/vajdner-prebrojavanje-je-ideja-islamske-zajednice-ali-nije-vjerska-ni-vjernicka\\\/\"]}]},{\"@type\":\"ImageObject\",\"inLanguage\":\"hr\",\"@id\":\"https:\\\/\\\/radioljubuski.ba\\\/index.php\\\/2022\\\/08\\\/04\\\/vajdner-prebrojavanje-je-ideja-islamske-zajednice-ali-nije-vjerska-ni-vjernicka\\\/#primaryimage\",\"url\":\"https:\\\/\\\/radioljubuski.ba\\\/wp-content\\\/uploads\\\/2022\\\/08\\\/thumb-1.jpg\",\"contentUrl\":\"https:\\\/\\\/radioljubuski.ba\\\/wp-content\\\/uploads\\\/2022\\\/08\\\/thumb-1.jpg\",\"width\":800,\"height\":450},{\"@type\":\"BreadcrumbList\",\"@id\":\"https:\\\/\\\/radioljubuski.ba\\\/index.php\\\/2022\\\/08\\\/04\\\/vajdner-prebrojavanje-je-ideja-islamske-zajednice-ali-nije-vjerska-ni-vjernicka\\\/#breadcrumb\",\"itemListElement\":[{\"@type\":\"ListItem\",\"position\":1,\"name\":\"Po\u010detna stranica\",\"item\":\"https:\\\/\\\/radioljubuski.ba\\\/\"},{\"@type\":\"ListItem\",\"position\":2,\"name\":\"Vajdner: \u201ePrebrojavanje\u201c je ideja Islamske zajednice, ali nije \u201evjerska\u201c ni vjerni\u010dka\"}]},{\"@type\":\"WebSite\",\"@id\":\"https:\\\/\\\/radioljubuski.ba\\\/#website\",\"url\":\"https:\\\/\\\/radioljubuski.ba\\\/\",\"name\":\"Radio Ljubu\u0161ki\",\"description\":\"Sun\u010dana frekvencija Hercegovine\",\"publisher\":{\"@id\":\"https:\\\/\\\/radioljubuski.ba\\\/#organization\"},\"potentialAction\":[{\"@type\":\"SearchAction\",\"target\":{\"@type\":\"EntryPoint\",\"urlTemplate\":\"https:\\\/\\\/radioljubuski.ba\\\/?s={search_term_string}\"},\"query-input\":{\"@type\":\"PropertyValueSpecification\",\"valueRequired\":true,\"valueName\":\"search_term_string\"}}],\"inLanguage\":\"hr\"},{\"@type\":\"Organization\",\"@id\":\"https:\\\/\\\/radioljubuski.ba\\\/#organization\",\"name\":\"Radio Ljubu\u0161ki\",\"url\":\"https:\\\/\\\/radioljubuski.ba\\\/\",\"logo\":{\"@type\":\"ImageObject\",\"inLanguage\":\"hr\",\"@id\":\"https:\\\/\\\/radioljubuski.ba\\\/#\\\/schema\\\/logo\\\/image\\\/\",\"url\":\"https:\\\/\\\/radioljubuski.ba\\\/wp-content\\\/uploads\\\/2021\\\/02\\\/cropped-Radio_Ljubuski_logo1.jpg\",\"contentUrl\":\"https:\\\/\\\/radioljubuski.ba\\\/wp-content\\\/uploads\\\/2021\\\/02\\\/cropped-Radio_Ljubuski_logo1.jpg\",\"width\":512,\"height\":512,\"caption\":\"Radio Ljubu\u0161ki\"},\"image\":{\"@id\":\"https:\\\/\\\/radioljubuski.ba\\\/#\\\/schema\\\/logo\\\/image\\\/\"},\"sameAs\":[\"https:\\\/\\\/www.facebook.com\\\/Radiio-Ljubuski-1490835324566332\",\"https:\\\/\\\/x.com\\\/radioljubuski\",\"https:\\\/\\\/hr.linkedin.com\\\/company\\\/radio-ljubuski\",\"https:\\\/\\\/www.youtube.com\\\/channel\\\/UCHYaeO_n0Db3tjNGudGpXyw\"]},{\"@type\":\"Person\",\"@id\":\"https:\\\/\\\/radioljubuski.ba\\\/#\\\/schema\\\/person\\\/19fc700381a780f69665d7956c469e3b\",\"name\":\"Radio Ljubu\u0161ki\"}]}<\/script>\n<!-- \/ Yoast SEO plugin. -->","yoast_head_json":{"title":"Vajdner: \u201ePrebrojavanje\u201c je ideja Islamske zajednice, ali nije \u201evjerska\u201c ni vjerni\u010dka - RADIO LJUBU\u0160KI","robots":{"index":"index","follow":"follow","max-snippet":"max-snippet:-1","max-image-preview":"max-image-preview:large","max-video-preview":"max-video-preview:-1"},"canonical":"https:\/\/radioljubuski.ba\/index.php\/2022\/08\/04\/vajdner-prebrojavanje-je-ideja-islamske-zajednice-ali-nije-vjerska-ni-vjernicka\/","og_locale":"hr_HR","og_type":"article","og_title":"Vajdner: \u201ePrebrojavanje\u201c je ideja Islamske zajednice, ali nije \u201evjerska\u201c ni vjerni\u010dka - RADIO LJUBU\u0160KI","og_description":"Nema dvojbe kako vodstvo Islamske zajednice u BiH promi\u0161lja i djeluje politi\u010dki u nacionalne svrhe, a ne prvotno vjerski ni vjerni\u010dki \u2013 upravo onako kako je SPC djelovala u osvit krvavoga rata 1990-ih. Pi\u0161e:&nbsp;Josip Vajdner,&nbsp;Katoli\u010dki tjednik U bosanskohercegova\u010dkoj se razli\u010ditosti \u010desto zna \u010duti: \u201eSve su vjere iste!\u201c Islam, katoli\u010danstvo i pravoslavlje \u2013 jer ve\u0107ina za [&hellip;]","og_url":"https:\/\/radioljubuski.ba\/index.php\/2022\/08\/04\/vajdner-prebrojavanje-je-ideja-islamske-zajednice-ali-nije-vjerska-ni-vjernicka\/","og_site_name":"RADIO LJUBU\u0160KI","article_publisher":"https:\/\/www.facebook.com\/Radiio-Ljubuski-1490835324566332","article_published_time":"2022-08-04T08:38:31+00:00","article_modified_time":"2022-08-04T08:38:32+00:00","og_image":[{"width":800,"height":450,"url":"https:\/\/radioljubuski.ba\/wp-content\/uploads\/2022\/08\/thumb-1.jpg","type":"image\/jpeg"}],"author":"Radio Ljubu\u0161ki","twitter_card":"summary_large_image","twitter_creator":"@radioljubuski","twitter_site":"@radioljubuski","twitter_misc":{"Napisao\/la":"Radio Ljubu\u0161ki","Procijenjeno vrijeme \u010ditanja":"6 minuta"},"schema":{"@context":"https:\/\/schema.org","@graph":[{"@type":"Article","@id":"https:\/\/radioljubuski.ba\/index.php\/2022\/08\/04\/vajdner-prebrojavanje-je-ideja-islamske-zajednice-ali-nije-vjerska-ni-vjernicka\/#article","isPartOf":{"@id":"https:\/\/radioljubuski.ba\/index.php\/2022\/08\/04\/vajdner-prebrojavanje-je-ideja-islamske-zajednice-ali-nije-vjerska-ni-vjernicka\/"},"author":{"name":"Radio Ljubu\u0161ki","@id":"https:\/\/radioljubuski.ba\/#\/schema\/person\/19fc700381a780f69665d7956c469e3b"},"headline":"Vajdner: \u201ePrebrojavanje\u201c je ideja Islamske zajednice, ali nije \u201evjerska\u201c ni vjerni\u010dka","datePublished":"2022-08-04T08:38:31+00:00","dateModified":"2022-08-04T08:38:32+00:00","mainEntityOfPage":{"@id":"https:\/\/radioljubuski.ba\/index.php\/2022\/08\/04\/vajdner-prebrojavanje-je-ideja-islamske-zajednice-ali-nije-vjerska-ni-vjernicka\/"},"wordCount":1515,"publisher":{"@id":"https:\/\/radioljubuski.ba\/#organization"},"image":{"@id":"https:\/\/radioljubuski.ba\/index.php\/2022\/08\/04\/vajdner-prebrojavanje-je-ideja-islamske-zajednice-ali-nije-vjerska-ni-vjernicka\/#primaryimage"},"thumbnailUrl":"https:\/\/radioljubuski.ba\/wp-content\/uploads\/2022\/08\/thumb-1.jpg","articleSection":["BIH i regija"],"inLanguage":"hr"},{"@type":"WebPage","@id":"https:\/\/radioljubuski.ba\/index.php\/2022\/08\/04\/vajdner-prebrojavanje-je-ideja-islamske-zajednice-ali-nije-vjerska-ni-vjernicka\/","url":"https:\/\/radioljubuski.ba\/index.php\/2022\/08\/04\/vajdner-prebrojavanje-je-ideja-islamske-zajednice-ali-nije-vjerska-ni-vjernicka\/","name":"Vajdner: \u201ePrebrojavanje\u201c je ideja Islamske zajednice, ali nije \u201evjerska\u201c ni vjerni\u010dka - RADIO LJUBU\u0160KI","isPartOf":{"@id":"https:\/\/radioljubuski.ba\/#website"},"primaryImageOfPage":{"@id":"https:\/\/radioljubuski.ba\/index.php\/2022\/08\/04\/vajdner-prebrojavanje-je-ideja-islamske-zajednice-ali-nije-vjerska-ni-vjernicka\/#primaryimage"},"image":{"@id":"https:\/\/radioljubuski.ba\/index.php\/2022\/08\/04\/vajdner-prebrojavanje-je-ideja-islamske-zajednice-ali-nije-vjerska-ni-vjernicka\/#primaryimage"},"thumbnailUrl":"https:\/\/radioljubuski.ba\/wp-content\/uploads\/2022\/08\/thumb-1.jpg","datePublished":"2022-08-04T08:38:31+00:00","dateModified":"2022-08-04T08:38:32+00:00","breadcrumb":{"@id":"https:\/\/radioljubuski.ba\/index.php\/2022\/08\/04\/vajdner-prebrojavanje-je-ideja-islamske-zajednice-ali-nije-vjerska-ni-vjernicka\/#breadcrumb"},"inLanguage":"hr","potentialAction":[{"@type":"ReadAction","target":["https:\/\/radioljubuski.ba\/index.php\/2022\/08\/04\/vajdner-prebrojavanje-je-ideja-islamske-zajednice-ali-nije-vjerska-ni-vjernicka\/"]}]},{"@type":"ImageObject","inLanguage":"hr","@id":"https:\/\/radioljubuski.ba\/index.php\/2022\/08\/04\/vajdner-prebrojavanje-je-ideja-islamske-zajednice-ali-nije-vjerska-ni-vjernicka\/#primaryimage","url":"https:\/\/radioljubuski.ba\/wp-content\/uploads\/2022\/08\/thumb-1.jpg","contentUrl":"https:\/\/radioljubuski.ba\/wp-content\/uploads\/2022\/08\/thumb-1.jpg","width":800,"height":450},{"@type":"BreadcrumbList","@id":"https:\/\/radioljubuski.ba\/index.php\/2022\/08\/04\/vajdner-prebrojavanje-je-ideja-islamske-zajednice-ali-nije-vjerska-ni-vjernicka\/#breadcrumb","itemListElement":[{"@type":"ListItem","position":1,"name":"Po\u010detna stranica","item":"https:\/\/radioljubuski.ba\/"},{"@type":"ListItem","position":2,"name":"Vajdner: \u201ePrebrojavanje\u201c je ideja Islamske zajednice, ali nije \u201evjerska\u201c ni vjerni\u010dka"}]},{"@type":"WebSite","@id":"https:\/\/radioljubuski.ba\/#website","url":"https:\/\/radioljubuski.ba\/","name":"Radio Ljubu\u0161ki","description":"Sun\u010dana frekvencija Hercegovine","publisher":{"@id":"https:\/\/radioljubuski.ba\/#organization"},"potentialAction":[{"@type":"SearchAction","target":{"@type":"EntryPoint","urlTemplate":"https:\/\/radioljubuski.ba\/?s={search_term_string}"},"query-input":{"@type":"PropertyValueSpecification","valueRequired":true,"valueName":"search_term_string"}}],"inLanguage":"hr"},{"@type":"Organization","@id":"https:\/\/radioljubuski.ba\/#organization","name":"Radio Ljubu\u0161ki","url":"https:\/\/radioljubuski.ba\/","logo":{"@type":"ImageObject","inLanguage":"hr","@id":"https:\/\/radioljubuski.ba\/#\/schema\/logo\/image\/","url":"https:\/\/radioljubuski.ba\/wp-content\/uploads\/2021\/02\/cropped-Radio_Ljubuski_logo1.jpg","contentUrl":"https:\/\/radioljubuski.ba\/wp-content\/uploads\/2021\/02\/cropped-Radio_Ljubuski_logo1.jpg","width":512,"height":512,"caption":"Radio Ljubu\u0161ki"},"image":{"@id":"https:\/\/radioljubuski.ba\/#\/schema\/logo\/image\/"},"sameAs":["https:\/\/www.facebook.com\/Radiio-Ljubuski-1490835324566332","https:\/\/x.com\/radioljubuski","https:\/\/hr.linkedin.com\/company\/radio-ljubuski","https:\/\/www.youtube.com\/channel\/UCHYaeO_n0Db3tjNGudGpXyw"]},{"@type":"Person","@id":"https:\/\/radioljubuski.ba\/#\/schema\/person\/19fc700381a780f69665d7956c469e3b","name":"Radio Ljubu\u0161ki"}]}},"_links":{"self":[{"href":"https:\/\/radioljubuski.ba\/index.php\/wp-json\/wp\/v2\/posts\/166290","targetHints":{"allow":["GET"]}}],"collection":[{"href":"https:\/\/radioljubuski.ba\/index.php\/wp-json\/wp\/v2\/posts"}],"about":[{"href":"https:\/\/radioljubuski.ba\/index.php\/wp-json\/wp\/v2\/types\/post"}],"author":[{"embeddable":true,"href":"https:\/\/radioljubuski.ba\/index.php\/wp-json\/wp\/v2\/users\/2"}],"replies":[{"embeddable":true,"href":"https:\/\/radioljubuski.ba\/index.php\/wp-json\/wp\/v2\/comments?post=166290"}],"version-history":[{"count":1,"href":"https:\/\/radioljubuski.ba\/index.php\/wp-json\/wp\/v2\/posts\/166290\/revisions"}],"predecessor-version":[{"id":166293,"href":"https:\/\/radioljubuski.ba\/index.php\/wp-json\/wp\/v2\/posts\/166290\/revisions\/166293"}],"wp:featuredmedia":[{"embeddable":true,"href":"https:\/\/radioljubuski.ba\/index.php\/wp-json\/wp\/v2\/media\/166292"}],"wp:attachment":[{"href":"https:\/\/radioljubuski.ba\/index.php\/wp-json\/wp\/v2\/media?parent=166290"}],"wp:term":[{"taxonomy":"category","embeddable":true,"href":"https:\/\/radioljubuski.ba\/index.php\/wp-json\/wp\/v2\/categories?post=166290"},{"taxonomy":"post_tag","embeddable":true,"href":"https:\/\/radioljubuski.ba\/index.php\/wp-json\/wp\/v2\/tags?post=166290"}],"curies":[{"name":"wp","href":"https:\/\/api.w.org\/{rel}","templated":true}]}}