{"id":166294,"date":"2022-08-04T09:41:32","date_gmt":"2022-08-04T08:41:32","guid":{"rendered":"https:\/\/radioljubuski.ba\/?p=166294"},"modified":"2022-08-04T09:41:33","modified_gmt":"2022-08-04T08:41:33","slug":"vlada-hnz-usvojen-nacrt-zakona-o-socijalnoj-skrbi-prosiren-popis-ortopedskih-pomagala","status":"publish","type":"post","link":"https:\/\/radioljubuski.ba\/index.php\/2022\/08\/04\/vlada-hnz-usvojen-nacrt-zakona-o-socijalnoj-skrbi-prosiren-popis-ortopedskih-pomagala\/","title":{"rendered":"Vlada HN\u017d: Usvojen nacrt Zakona o socijalnoj skrbi, pro\u0161iren popis ortopedskih pomagala"},"content":{"rendered":"\n<p><strong>Vlada Hercegova\u010dko-neretvanske \u017eupanije je na ju\u010dera\u0161njoj, 182. sjednici usvojila Nacrt Zakona o socijalnoj skrbi kojim se ure\u0111uju djelatnost socijalne skrbi, na\u010dela socijalne skrbi, korisnici socijalnih usluga, socijalne usluge i prava iz socijalne skrbi, iznosi nov\u010danih i drugih davanja kao i uvjeti i postupak ostvarivanja prava iz socijalne skrbi, osnivanje i rad ustanova socijalne skrbi, financiranje prava iz socijalne skrbi, nadzor nad primjenom zakona, prekr\u0161ajne odredbe i druga pitanja zna\u010dajna za djelatnost socijalne skrbi i ostvarivanje socijalnih prava u HN\u017d-u.<\/strong><\/p>\n\n\n\n<p>Nacrtom Zakona utvr\u0111eno je da se pravo na stalnu nov\u010danu pomo\u0107 ostvaruje po povoljnijim uvjetima. Dosada\u0161nji na\u010din ostvarivanja toga prava odnosio se na prihode koji su obra\u010dunavani tako da ukupni prihod nije prelazio 10 % prosje\u010dne pla\u0107e u FBiH po pojedincu ili po jednom \u010dlanu ku\u0107anstva mjese\u010dno, \u0161to je sada pove\u0107ano na iznos od 15 % prosje\u010dne pla\u0107e u FBiH. Za ku\u0107anstvo koje ima osobu s pote\u0161ko\u0107ama u razvoju ili osobu s invaliditetom, taj je iznos pove\u0107an s dosada\u0161njih 15 % na 20 % iznosa prosje\u010dne pla\u0107e u FBiH.<\/p>\n\n\n\n<p>Tako\u0111er, Vlada je zadu\u017eila Ministarstvo zdravstva, rada i socijalne skrbi da, u \u0161to kra\u0107em roku, dostavi na razmatranje Zakon o materijalnoj potpori obiteljima s djecom, uskla\u0111en sa Zakonom o materijalnoj potpori obiteljima s djecom u FBiH, a \u010dija primjena otpo\u010dinje od 8. listopada 2022. godine.<\/p>\n\n\n\n<p>Vlada je usvojila Odluku o izmjenama i dopunama Odluke o obujmu prava na kori\u0161tenje ortopedskih i drugih pomagala koji se mogu propisivati u sklopu obveznoga zdravstvenog osiguranja. Istaknuto je kako su na popis ortopedskih pomagala i drugih pomagala uvedeni EVAR-a i TEVAR-a, skupi stent-graftovi za reparaciju \/ rekonstrukciju aorte kod aneurizmi, disekcija i ozljeda aorte, te da su pobolj\u0161ani uvjeti kori\u0161tenja invalidskih kolica za potrebite i prava korisnika u slu\u010daju potrebe kohlearnoga aparata.<\/p>\n\n\n\n<p>Vlada je, tako\u0111er, raspravljala o Prijedlogu Zakona o za\u0161titi od po\u017eara i vatrogastva u HN\u017d-u te zadu\u017eila Upravu za civilnu za\u0161titu i vatrogastvo da, do sljede\u0107e sjednice, zatra\u017ee i uvrste prijedloge i primjedbe jedinica lokalne samouprave i ministarstava na predlo\u017eeni tekst Zakona, kako bi mogao biti usvojen na sljede\u0107oj sjednici i upu\u0107en u daljnju skup\u0161tinsku proceduru.<\/p>\n\n\n\n<p>Na dana\u0161njoj je sjednici Vlada usvojila i Dokument okvirnoga prora\u010duna za razdoblje 2023. \u20132025. godina kojim je prikazan sveobuhvatan i konsolidiran okvir planiranja prihoda i primitaka i rashoda i izdataka na razini cijele \u017eupanije, ujedinjuju\u0107i podatke o fiskalnomu stanju \u017eupanije, op\u0107ina, gradova i izvanprora\u010dunskih fondova \u017dupanije. Usvajanje toga dokumenta predstavlja prvu etapu u prora\u010dunskom procesu za promatrano razdoblje izrade prora\u010duna za sljede\u0107u godinu i okvirne iznose za sljede\u0107e dvije godine.<\/p>\n\n\n\n<p>Tako\u0111er, Vlada je usvojila Izvje\u0161\u0107e o izvr\u0161enju Prora\u010duna HN\u017d-a i Izvje\u0161\u0107e o izvr\u0161enju Teku\u0107e pri\u010duve za razdoblje od 1. sije\u010dnja do 31. o\u017eujka 2022. godine. Istaknuto je kako se prora\u010dunski prihodi ostvaruju sukladno planiranoj dinamici te kako se sve obveze iz Prora\u010duna uredno i na vrijeme izvr\u0161avaju.<\/p>\n\n\n\n<p>Vlada je usvojila i Odluku o usvajanju Strategije HN\u017d-a za borbu protiv korupcije i Akcijski plan za provedbu Strategije za borbu protiv korupcije 2022. \u2013 2027. godine. U Strategiji su nagla\u0161ena kako pozitivna tako i negativna iskustva iz \u010detverogodi\u0161nje provedbe prethodne Strategije i Akcijskoga plana. Strategija za borbu protiv korupcije prati Strategiju razvitka HN\u017d-a u kojoj je zadana profesionalizacija Tijela za borbu protiv korupcije te je dobila pozitivno mi\u0161ljenje Agencije za prevenciju korupcije i koordinaciju borbe protiv korupcije (APIK).<\/p>\n\n\n\n<p>Nastavljaju\u0107i aktivnosti na ja\u010danju gospodarskoga razvitka HN\u017d-a, Vlada je usvojila Odluku o dodjeli koncesije za obavljanje elektroprivredne djelatnosti proizvodnje, prijenosa i distribucije elektri\u010dne energije za elektroenergetski objekt fotonaponske elektrane TM-1, na lokalitetu Pje\u0161ivac \u2013 Grad Stolac i Odluku o davanju suglasnosti na Prijedlog Ugovora o koncesiji za obavljanje elektroprivredne djelatnosti proizvodnje, prijenosa i distribucije elektri\u010dne energije za elektroenergetski objekt fotonaponske elektrane \u201dLUX1\u201d, \u201dLUX2\u201d, \u201dLUX3\u201d i \u201dLUX4\u201d.<\/p>\n\n\n\n<p>Vlada je razmotrila Informaciju Ministarstva unutarnjih poslova i donijela Zaklju\u010dak o potrebi izgradnje novoprojektirane zgrade Policijske postaje Prozor-Rama u \u010dijem sklopu je planiran i odvojeni prostor za izdavanje osobnih dokumenata. Zadu\u017eeno je resorno ministarstvo da, prema glavnom projektu, u sklopu Prora\u010duna za 2023. i 2024. godinu, planira financijska sredstva za izgradnju zgrade Policijske postaje Prozor-Rama.<\/p>\n\n\n\n<p>Vlada je usvojila Informaciju Ministarstva gospodarstva o stanju tradicionalnih i starih obrta na podru\u010dju HN\u017d-a u 2021. godini. Na podru\u010dju HN\u017d-a stari i tradicionalni obrti nisu dovoljno zastupljeni i potrebno je poduzeti odgovaraju\u0107e mjere s ciljem revitalizacije i unaprje\u0111enja te oblasti. Istaknuto je kako \u0107e Ministarstvo gospodarstva usmjeriti svoje aktivnosti na o\u010duvanje i za\u0161titu starih obrta i tradicionalnih zanata, kako pru\u017eanjem financijske potpore zanatlijama pojedina\u010dno, tako i kroz financijsku potporu projektima \u010diji je cilj pobolj\u0161anje statusa tih djelatnosti i njihova dosljednog predstavljanja u zemlji i inozemstvu.<\/p>\n\n\n\n<p>Na prijedlog Ministarstva poljoprivrede, \u0161umarstva i vodoprivrede, Vlada je prihvatila Izvje\u0161\u0107e o realiziranju Programa utro\u0161ka dijela nov\u010danih sredstava utvr\u0111enih Prora\u010dunom HN\u017d-a za 2021. godinu s pozicije \u201dNamjenska sredstva od naknada prikupljenih na temelju prenamjene poljoprivrednog zemlji\u0161ta\u201d. Istaknuto je kako je Programom ostvareno pove\u0107anje korisnih povr\u0161ina poljoprivrednoga zemlji\u0161ta na podru\u010dju op\u0107ina \/ gradova Stolac, \u010capljina, Konjic i Mostar, cca 45 ha. Provedbom hidro-mjera na podru\u010dju Mostara i Stoca, pobolj\u0161ani su uvjeti navodnjavanja poljoprivrednoga zemlji\u0161ta, a u Jablanici je trasirano i betonirano 210 m puta \u010dime je olak\u0161an pristup poljoprivrednim povr\u0161inama tijekom cijele godine. U op\u0107ini Ravno izgra\u0111eno je 4,2 km odvodnih kanala u Popovu polju, dok se op\u0107ini Prozor-Rama odobrenim sredstvima pomoglo u uspostavi podataka o zemlji\u0161tu po novom promjeru, te je u op\u0107ini Neum ura\u0111ena analiza zemlji\u0161ta na 75 poljoprivrednih gospodarstava kojom se posti\u017ee optimalno tretiranje tla.<\/p>\n\n\n\n<p>S ciljem kvalitetne pripreme za novu \u0161kolsku godinu, Vlada je dala suglasnost na Prijedlog organizacijske sheme srednjih \u0161kola u HN\u017d-u za \u0161kolsku 2022. \/ 2023. godinu. Istaknuto je kako su pri izradi organizacijske sheme uva\u017eeni svi zahtjevi ravnatelja srednjih \u0161kola.<\/p>\n\n\n\n<p>\/HMS\/<\/p>\n","protected":false},"excerpt":{"rendered":"<p>Vlada Hercegova\u010dko-neretvanske \u017eupanije je na ju\u010dera\u0161njoj, 182. sjednici usvojila Nacrt Zakona o socijalnoj skrbi kojim se ure\u0111uju djelatnost socijalne skrbi, na\u010dela socijalne skrbi, korisnici socijalnih usluga, socijalne usluge i prava iz socijalne skrbi, iznosi nov\u010danih i drugih davanja kao i uvjeti i postupak ostvarivanja prava iz socijalne skrbi, osnivanje i rad ustanova socijalne skrbi, financiranje [&hellip;]<\/p>\n","protected":false},"author":2,"featured_media":159741,"comment_status":"closed","ping_status":"closed","sticky":false,"template":"","format":"standard","meta":{"h5ap_radio_sources":[],"footnotes":""},"categories":[1],"tags":[],"class_list":["post-166294","post","type-post","status-publish","format-standard","has-post-thumbnail","hentry","category-bihiregija"],"yoast_head":"<!-- This site is optimized with the Yoast SEO plugin v27.4 - https:\/\/yoast.com\/product\/yoast-seo-wordpress\/ -->\n<title>Vlada HN\u017d: Usvojen nacrt Zakona o socijalnoj skrbi, pro\u0161iren popis ortopedskih pomagala - RADIO LJUBU\u0160KI<\/title>\n<meta name=\"robots\" content=\"index, follow, max-snippet:-1, max-image-preview:large, max-video-preview:-1\" \/>\n<link rel=\"canonical\" href=\"https:\/\/radioljubuski.ba\/index.php\/2022\/08\/04\/vlada-hnz-usvojen-nacrt-zakona-o-socijalnoj-skrbi-prosiren-popis-ortopedskih-pomagala\/\" \/>\n<meta property=\"og:locale\" content=\"hr_HR\" \/>\n<meta property=\"og:type\" content=\"article\" \/>\n<meta property=\"og:title\" content=\"Vlada HN\u017d: Usvojen nacrt Zakona o socijalnoj skrbi, pro\u0161iren popis ortopedskih pomagala - RADIO LJUBU\u0160KI\" \/>\n<meta property=\"og:description\" content=\"Vlada Hercegova\u010dko-neretvanske \u017eupanije je na ju\u010dera\u0161njoj, 182. sjednici usvojila Nacrt Zakona o socijalnoj skrbi kojim se ure\u0111uju djelatnost socijalne skrbi, na\u010dela socijalne skrbi, korisnici socijalnih usluga, socijalne usluge i prava iz socijalne skrbi, iznosi nov\u010danih i drugih davanja kao i uvjeti i postupak ostvarivanja prava iz socijalne skrbi, osnivanje i rad ustanova socijalne skrbi, financiranje [&hellip;]\" \/>\n<meta property=\"og:url\" content=\"https:\/\/radioljubuski.ba\/index.php\/2022\/08\/04\/vlada-hnz-usvojen-nacrt-zakona-o-socijalnoj-skrbi-prosiren-popis-ortopedskih-pomagala\/\" \/>\n<meta property=\"og:site_name\" content=\"RADIO LJUBU\u0160KI\" \/>\n<meta property=\"article:publisher\" content=\"https:\/\/www.facebook.com\/Radiio-Ljubuski-1490835324566332\" \/>\n<meta property=\"article:published_time\" content=\"2022-08-04T08:41:32+00:00\" \/>\n<meta property=\"article:modified_time\" content=\"2022-08-04T08:41:33+00:00\" \/>\n<meta property=\"og:image\" content=\"https:\/\/radioljubuski.ba\/wp-content\/uploads\/2022\/07\/vlada_hnz-a_11.5.2022._3_1-696x464-1.jpg\" \/>\n\t<meta property=\"og:image:width\" content=\"696\" \/>\n\t<meta property=\"og:image:height\" content=\"464\" \/>\n\t<meta property=\"og:image:type\" content=\"image\/jpeg\" \/>\n<meta name=\"author\" content=\"Radio Ljubu\u0161ki\" \/>\n<meta name=\"twitter:card\" content=\"summary_large_image\" \/>\n<meta name=\"twitter:creator\" content=\"@radioljubuski\" \/>\n<meta name=\"twitter:site\" content=\"@radioljubuski\" \/>\n<meta name=\"twitter:label1\" content=\"Napisao\/la\" \/>\n\t<meta name=\"twitter:data1\" content=\"Radio Ljubu\u0161ki\" \/>\n\t<meta name=\"twitter:label2\" content=\"Procijenjeno vrijeme \u010ditanja\" \/>\n\t<meta name=\"twitter:data2\" content=\"5 minuta\" \/>\n<script type=\"application\/ld+json\" class=\"yoast-schema-graph\">{\"@context\":\"https:\\\/\\\/schema.org\",\"@graph\":[{\"@type\":\"Article\",\"@id\":\"https:\\\/\\\/radioljubuski.ba\\\/index.php\\\/2022\\\/08\\\/04\\\/vlada-hnz-usvojen-nacrt-zakona-o-socijalnoj-skrbi-prosiren-popis-ortopedskih-pomagala\\\/#article\",\"isPartOf\":{\"@id\":\"https:\\\/\\\/radioljubuski.ba\\\/index.php\\\/2022\\\/08\\\/04\\\/vlada-hnz-usvojen-nacrt-zakona-o-socijalnoj-skrbi-prosiren-popis-ortopedskih-pomagala\\\/\"},\"author\":{\"name\":\"Radio Ljubu\u0161ki\",\"@id\":\"https:\\\/\\\/radioljubuski.ba\\\/#\\\/schema\\\/person\\\/19fc700381a780f69665d7956c469e3b\"},\"headline\":\"Vlada HN\u017d: Usvojen nacrt Zakona o socijalnoj skrbi, pro\u0161iren popis ortopedskih pomagala\",\"datePublished\":\"2022-08-04T08:41:32+00:00\",\"dateModified\":\"2022-08-04T08:41:33+00:00\",\"mainEntityOfPage\":{\"@id\":\"https:\\\/\\\/radioljubuski.ba\\\/index.php\\\/2022\\\/08\\\/04\\\/vlada-hnz-usvojen-nacrt-zakona-o-socijalnoj-skrbi-prosiren-popis-ortopedskih-pomagala\\\/\"},\"wordCount\":1027,\"publisher\":{\"@id\":\"https:\\\/\\\/radioljubuski.ba\\\/#organization\"},\"image\":{\"@id\":\"https:\\\/\\\/radioljubuski.ba\\\/index.php\\\/2022\\\/08\\\/04\\\/vlada-hnz-usvojen-nacrt-zakona-o-socijalnoj-skrbi-prosiren-popis-ortopedskih-pomagala\\\/#primaryimage\"},\"thumbnailUrl\":\"https:\\\/\\\/radioljubuski.ba\\\/wp-content\\\/uploads\\\/2022\\\/07\\\/vlada_hnz-a_11.5.2022._3_1-696x464-1.jpg\",\"articleSection\":[\"BIH i regija\"],\"inLanguage\":\"hr\"},{\"@type\":\"WebPage\",\"@id\":\"https:\\\/\\\/radioljubuski.ba\\\/index.php\\\/2022\\\/08\\\/04\\\/vlada-hnz-usvojen-nacrt-zakona-o-socijalnoj-skrbi-prosiren-popis-ortopedskih-pomagala\\\/\",\"url\":\"https:\\\/\\\/radioljubuski.ba\\\/index.php\\\/2022\\\/08\\\/04\\\/vlada-hnz-usvojen-nacrt-zakona-o-socijalnoj-skrbi-prosiren-popis-ortopedskih-pomagala\\\/\",\"name\":\"Vlada HN\u017d: Usvojen nacrt Zakona o socijalnoj skrbi, pro\u0161iren popis ortopedskih pomagala - RADIO LJUBU\u0160KI\",\"isPartOf\":{\"@id\":\"https:\\\/\\\/radioljubuski.ba\\\/#website\"},\"primaryImageOfPage\":{\"@id\":\"https:\\\/\\\/radioljubuski.ba\\\/index.php\\\/2022\\\/08\\\/04\\\/vlada-hnz-usvojen-nacrt-zakona-o-socijalnoj-skrbi-prosiren-popis-ortopedskih-pomagala\\\/#primaryimage\"},\"image\":{\"@id\":\"https:\\\/\\\/radioljubuski.ba\\\/index.php\\\/2022\\\/08\\\/04\\\/vlada-hnz-usvojen-nacrt-zakona-o-socijalnoj-skrbi-prosiren-popis-ortopedskih-pomagala\\\/#primaryimage\"},\"thumbnailUrl\":\"https:\\\/\\\/radioljubuski.ba\\\/wp-content\\\/uploads\\\/2022\\\/07\\\/vlada_hnz-a_11.5.2022._3_1-696x464-1.jpg\",\"datePublished\":\"2022-08-04T08:41:32+00:00\",\"dateModified\":\"2022-08-04T08:41:33+00:00\",\"breadcrumb\":{\"@id\":\"https:\\\/\\\/radioljubuski.ba\\\/index.php\\\/2022\\\/08\\\/04\\\/vlada-hnz-usvojen-nacrt-zakona-o-socijalnoj-skrbi-prosiren-popis-ortopedskih-pomagala\\\/#breadcrumb\"},\"inLanguage\":\"hr\",\"potentialAction\":[{\"@type\":\"ReadAction\",\"target\":[\"https:\\\/\\\/radioljubuski.ba\\\/index.php\\\/2022\\\/08\\\/04\\\/vlada-hnz-usvojen-nacrt-zakona-o-socijalnoj-skrbi-prosiren-popis-ortopedskih-pomagala\\\/\"]}]},{\"@type\":\"ImageObject\",\"inLanguage\":\"hr\",\"@id\":\"https:\\\/\\\/radioljubuski.ba\\\/index.php\\\/2022\\\/08\\\/04\\\/vlada-hnz-usvojen-nacrt-zakona-o-socijalnoj-skrbi-prosiren-popis-ortopedskih-pomagala\\\/#primaryimage\",\"url\":\"https:\\\/\\\/radioljubuski.ba\\\/wp-content\\\/uploads\\\/2022\\\/07\\\/vlada_hnz-a_11.5.2022._3_1-696x464-1.jpg\",\"contentUrl\":\"https:\\\/\\\/radioljubuski.ba\\\/wp-content\\\/uploads\\\/2022\\\/07\\\/vlada_hnz-a_11.5.2022._3_1-696x464-1.jpg\",\"width\":696,\"height\":464},{\"@type\":\"BreadcrumbList\",\"@id\":\"https:\\\/\\\/radioljubuski.ba\\\/index.php\\\/2022\\\/08\\\/04\\\/vlada-hnz-usvojen-nacrt-zakona-o-socijalnoj-skrbi-prosiren-popis-ortopedskih-pomagala\\\/#breadcrumb\",\"itemListElement\":[{\"@type\":\"ListItem\",\"position\":1,\"name\":\"Po\u010detna stranica\",\"item\":\"https:\\\/\\\/radioljubuski.ba\\\/\"},{\"@type\":\"ListItem\",\"position\":2,\"name\":\"Vlada HN\u017d: Usvojen nacrt Zakona o socijalnoj skrbi, pro\u0161iren popis ortopedskih pomagala\"}]},{\"@type\":\"WebSite\",\"@id\":\"https:\\\/\\\/radioljubuski.ba\\\/#website\",\"url\":\"https:\\\/\\\/radioljubuski.ba\\\/\",\"name\":\"Radio Ljubu\u0161ki\",\"description\":\"Sun\u010dana frekvencija Hercegovine\",\"publisher\":{\"@id\":\"https:\\\/\\\/radioljubuski.ba\\\/#organization\"},\"potentialAction\":[{\"@type\":\"SearchAction\",\"target\":{\"@type\":\"EntryPoint\",\"urlTemplate\":\"https:\\\/\\\/radioljubuski.ba\\\/?s={search_term_string}\"},\"query-input\":{\"@type\":\"PropertyValueSpecification\",\"valueRequired\":true,\"valueName\":\"search_term_string\"}}],\"inLanguage\":\"hr\"},{\"@type\":\"Organization\",\"@id\":\"https:\\\/\\\/radioljubuski.ba\\\/#organization\",\"name\":\"Radio Ljubu\u0161ki\",\"url\":\"https:\\\/\\\/radioljubuski.ba\\\/\",\"logo\":{\"@type\":\"ImageObject\",\"inLanguage\":\"hr\",\"@id\":\"https:\\\/\\\/radioljubuski.ba\\\/#\\\/schema\\\/logo\\\/image\\\/\",\"url\":\"https:\\\/\\\/radioljubuski.ba\\\/wp-content\\\/uploads\\\/2021\\\/02\\\/cropped-Radio_Ljubuski_logo1.jpg\",\"contentUrl\":\"https:\\\/\\\/radioljubuski.ba\\\/wp-content\\\/uploads\\\/2021\\\/02\\\/cropped-Radio_Ljubuski_logo1.jpg\",\"width\":512,\"height\":512,\"caption\":\"Radio Ljubu\u0161ki\"},\"image\":{\"@id\":\"https:\\\/\\\/radioljubuski.ba\\\/#\\\/schema\\\/logo\\\/image\\\/\"},\"sameAs\":[\"https:\\\/\\\/www.facebook.com\\\/Radiio-Ljubuski-1490835324566332\",\"https:\\\/\\\/x.com\\\/radioljubuski\",\"https:\\\/\\\/hr.linkedin.com\\\/company\\\/radio-ljubuski\",\"https:\\\/\\\/www.youtube.com\\\/channel\\\/UCHYaeO_n0Db3tjNGudGpXyw\"]},{\"@type\":\"Person\",\"@id\":\"https:\\\/\\\/radioljubuski.ba\\\/#\\\/schema\\\/person\\\/19fc700381a780f69665d7956c469e3b\",\"name\":\"Radio Ljubu\u0161ki\"}]}<\/script>\n<!-- \/ Yoast SEO plugin. -->","yoast_head_json":{"title":"Vlada HN\u017d: Usvojen nacrt Zakona o socijalnoj skrbi, pro\u0161iren popis ortopedskih pomagala - RADIO LJUBU\u0160KI","robots":{"index":"index","follow":"follow","max-snippet":"max-snippet:-1","max-image-preview":"max-image-preview:large","max-video-preview":"max-video-preview:-1"},"canonical":"https:\/\/radioljubuski.ba\/index.php\/2022\/08\/04\/vlada-hnz-usvojen-nacrt-zakona-o-socijalnoj-skrbi-prosiren-popis-ortopedskih-pomagala\/","og_locale":"hr_HR","og_type":"article","og_title":"Vlada HN\u017d: Usvojen nacrt Zakona o socijalnoj skrbi, pro\u0161iren popis ortopedskih pomagala - RADIO LJUBU\u0160KI","og_description":"Vlada Hercegova\u010dko-neretvanske \u017eupanije je na ju\u010dera\u0161njoj, 182. sjednici usvojila Nacrt Zakona o socijalnoj skrbi kojim se ure\u0111uju djelatnost socijalne skrbi, na\u010dela socijalne skrbi, korisnici socijalnih usluga, socijalne usluge i prava iz socijalne skrbi, iznosi nov\u010danih i drugih davanja kao i uvjeti i postupak ostvarivanja prava iz socijalne skrbi, osnivanje i rad ustanova socijalne skrbi, financiranje [&hellip;]","og_url":"https:\/\/radioljubuski.ba\/index.php\/2022\/08\/04\/vlada-hnz-usvojen-nacrt-zakona-o-socijalnoj-skrbi-prosiren-popis-ortopedskih-pomagala\/","og_site_name":"RADIO LJUBU\u0160KI","article_publisher":"https:\/\/www.facebook.com\/Radiio-Ljubuski-1490835324566332","article_published_time":"2022-08-04T08:41:32+00:00","article_modified_time":"2022-08-04T08:41:33+00:00","og_image":[{"width":696,"height":464,"url":"https:\/\/radioljubuski.ba\/wp-content\/uploads\/2022\/07\/vlada_hnz-a_11.5.2022._3_1-696x464-1.jpg","type":"image\/jpeg"}],"author":"Radio Ljubu\u0161ki","twitter_card":"summary_large_image","twitter_creator":"@radioljubuski","twitter_site":"@radioljubuski","twitter_misc":{"Napisao\/la":"Radio Ljubu\u0161ki","Procijenjeno vrijeme \u010ditanja":"5 minuta"},"schema":{"@context":"https:\/\/schema.org","@graph":[{"@type":"Article","@id":"https:\/\/radioljubuski.ba\/index.php\/2022\/08\/04\/vlada-hnz-usvojen-nacrt-zakona-o-socijalnoj-skrbi-prosiren-popis-ortopedskih-pomagala\/#article","isPartOf":{"@id":"https:\/\/radioljubuski.ba\/index.php\/2022\/08\/04\/vlada-hnz-usvojen-nacrt-zakona-o-socijalnoj-skrbi-prosiren-popis-ortopedskih-pomagala\/"},"author":{"name":"Radio Ljubu\u0161ki","@id":"https:\/\/radioljubuski.ba\/#\/schema\/person\/19fc700381a780f69665d7956c469e3b"},"headline":"Vlada HN\u017d: Usvojen nacrt Zakona o socijalnoj skrbi, pro\u0161iren popis ortopedskih pomagala","datePublished":"2022-08-04T08:41:32+00:00","dateModified":"2022-08-04T08:41:33+00:00","mainEntityOfPage":{"@id":"https:\/\/radioljubuski.ba\/index.php\/2022\/08\/04\/vlada-hnz-usvojen-nacrt-zakona-o-socijalnoj-skrbi-prosiren-popis-ortopedskih-pomagala\/"},"wordCount":1027,"publisher":{"@id":"https:\/\/radioljubuski.ba\/#organization"},"image":{"@id":"https:\/\/radioljubuski.ba\/index.php\/2022\/08\/04\/vlada-hnz-usvojen-nacrt-zakona-o-socijalnoj-skrbi-prosiren-popis-ortopedskih-pomagala\/#primaryimage"},"thumbnailUrl":"https:\/\/radioljubuski.ba\/wp-content\/uploads\/2022\/07\/vlada_hnz-a_11.5.2022._3_1-696x464-1.jpg","articleSection":["BIH i regija"],"inLanguage":"hr"},{"@type":"WebPage","@id":"https:\/\/radioljubuski.ba\/index.php\/2022\/08\/04\/vlada-hnz-usvojen-nacrt-zakona-o-socijalnoj-skrbi-prosiren-popis-ortopedskih-pomagala\/","url":"https:\/\/radioljubuski.ba\/index.php\/2022\/08\/04\/vlada-hnz-usvojen-nacrt-zakona-o-socijalnoj-skrbi-prosiren-popis-ortopedskih-pomagala\/","name":"Vlada HN\u017d: Usvojen nacrt Zakona o socijalnoj skrbi, pro\u0161iren popis ortopedskih pomagala - RADIO LJUBU\u0160KI","isPartOf":{"@id":"https:\/\/radioljubuski.ba\/#website"},"primaryImageOfPage":{"@id":"https:\/\/radioljubuski.ba\/index.php\/2022\/08\/04\/vlada-hnz-usvojen-nacrt-zakona-o-socijalnoj-skrbi-prosiren-popis-ortopedskih-pomagala\/#primaryimage"},"image":{"@id":"https:\/\/radioljubuski.ba\/index.php\/2022\/08\/04\/vlada-hnz-usvojen-nacrt-zakona-o-socijalnoj-skrbi-prosiren-popis-ortopedskih-pomagala\/#primaryimage"},"thumbnailUrl":"https:\/\/radioljubuski.ba\/wp-content\/uploads\/2022\/07\/vlada_hnz-a_11.5.2022._3_1-696x464-1.jpg","datePublished":"2022-08-04T08:41:32+00:00","dateModified":"2022-08-04T08:41:33+00:00","breadcrumb":{"@id":"https:\/\/radioljubuski.ba\/index.php\/2022\/08\/04\/vlada-hnz-usvojen-nacrt-zakona-o-socijalnoj-skrbi-prosiren-popis-ortopedskih-pomagala\/#breadcrumb"},"inLanguage":"hr","potentialAction":[{"@type":"ReadAction","target":["https:\/\/radioljubuski.ba\/index.php\/2022\/08\/04\/vlada-hnz-usvojen-nacrt-zakona-o-socijalnoj-skrbi-prosiren-popis-ortopedskih-pomagala\/"]}]},{"@type":"ImageObject","inLanguage":"hr","@id":"https:\/\/radioljubuski.ba\/index.php\/2022\/08\/04\/vlada-hnz-usvojen-nacrt-zakona-o-socijalnoj-skrbi-prosiren-popis-ortopedskih-pomagala\/#primaryimage","url":"https:\/\/radioljubuski.ba\/wp-content\/uploads\/2022\/07\/vlada_hnz-a_11.5.2022._3_1-696x464-1.jpg","contentUrl":"https:\/\/radioljubuski.ba\/wp-content\/uploads\/2022\/07\/vlada_hnz-a_11.5.2022._3_1-696x464-1.jpg","width":696,"height":464},{"@type":"BreadcrumbList","@id":"https:\/\/radioljubuski.ba\/index.php\/2022\/08\/04\/vlada-hnz-usvojen-nacrt-zakona-o-socijalnoj-skrbi-prosiren-popis-ortopedskih-pomagala\/#breadcrumb","itemListElement":[{"@type":"ListItem","position":1,"name":"Po\u010detna stranica","item":"https:\/\/radioljubuski.ba\/"},{"@type":"ListItem","position":2,"name":"Vlada HN\u017d: Usvojen nacrt Zakona o socijalnoj skrbi, pro\u0161iren popis ortopedskih pomagala"}]},{"@type":"WebSite","@id":"https:\/\/radioljubuski.ba\/#website","url":"https:\/\/radioljubuski.ba\/","name":"Radio Ljubu\u0161ki","description":"Sun\u010dana frekvencija Hercegovine","publisher":{"@id":"https:\/\/radioljubuski.ba\/#organization"},"potentialAction":[{"@type":"SearchAction","target":{"@type":"EntryPoint","urlTemplate":"https:\/\/radioljubuski.ba\/?s={search_term_string}"},"query-input":{"@type":"PropertyValueSpecification","valueRequired":true,"valueName":"search_term_string"}}],"inLanguage":"hr"},{"@type":"Organization","@id":"https:\/\/radioljubuski.ba\/#organization","name":"Radio Ljubu\u0161ki","url":"https:\/\/radioljubuski.ba\/","logo":{"@type":"ImageObject","inLanguage":"hr","@id":"https:\/\/radioljubuski.ba\/#\/schema\/logo\/image\/","url":"https:\/\/radioljubuski.ba\/wp-content\/uploads\/2021\/02\/cropped-Radio_Ljubuski_logo1.jpg","contentUrl":"https:\/\/radioljubuski.ba\/wp-content\/uploads\/2021\/02\/cropped-Radio_Ljubuski_logo1.jpg","width":512,"height":512,"caption":"Radio Ljubu\u0161ki"},"image":{"@id":"https:\/\/radioljubuski.ba\/#\/schema\/logo\/image\/"},"sameAs":["https:\/\/www.facebook.com\/Radiio-Ljubuski-1490835324566332","https:\/\/x.com\/radioljubuski","https:\/\/hr.linkedin.com\/company\/radio-ljubuski","https:\/\/www.youtube.com\/channel\/UCHYaeO_n0Db3tjNGudGpXyw"]},{"@type":"Person","@id":"https:\/\/radioljubuski.ba\/#\/schema\/person\/19fc700381a780f69665d7956c469e3b","name":"Radio Ljubu\u0161ki"}]}},"_links":{"self":[{"href":"https:\/\/radioljubuski.ba\/index.php\/wp-json\/wp\/v2\/posts\/166294","targetHints":{"allow":["GET"]}}],"collection":[{"href":"https:\/\/radioljubuski.ba\/index.php\/wp-json\/wp\/v2\/posts"}],"about":[{"href":"https:\/\/radioljubuski.ba\/index.php\/wp-json\/wp\/v2\/types\/post"}],"author":[{"embeddable":true,"href":"https:\/\/radioljubuski.ba\/index.php\/wp-json\/wp\/v2\/users\/2"}],"replies":[{"embeddable":true,"href":"https:\/\/radioljubuski.ba\/index.php\/wp-json\/wp\/v2\/comments?post=166294"}],"version-history":[{"count":1,"href":"https:\/\/radioljubuski.ba\/index.php\/wp-json\/wp\/v2\/posts\/166294\/revisions"}],"predecessor-version":[{"id":166295,"href":"https:\/\/radioljubuski.ba\/index.php\/wp-json\/wp\/v2\/posts\/166294\/revisions\/166295"}],"wp:featuredmedia":[{"embeddable":true,"href":"https:\/\/radioljubuski.ba\/index.php\/wp-json\/wp\/v2\/media\/159741"}],"wp:attachment":[{"href":"https:\/\/radioljubuski.ba\/index.php\/wp-json\/wp\/v2\/media?parent=166294"}],"wp:term":[{"taxonomy":"category","embeddable":true,"href":"https:\/\/radioljubuski.ba\/index.php\/wp-json\/wp\/v2\/categories?post=166294"},{"taxonomy":"post_tag","embeddable":true,"href":"https:\/\/radioljubuski.ba\/index.php\/wp-json\/wp\/v2\/tags?post=166294"}],"curies":[{"name":"wp","href":"https:\/\/api.w.org\/{rel}","templated":true}]}}