{"id":166304,"date":"2022-08-04T09:46:06","date_gmt":"2022-08-04T08:46:06","guid":{"rendered":"https:\/\/radioljubuski.ba\/?p=166304"},"modified":"2022-08-04T09:46:07","modified_gmt":"2022-08-04T08:46:07","slug":"u-odnosu-na-proslu-godinu-broj-turista-veci-je-za-gotovo-250-posto-najvise-gostiju-iz-regije","status":"publish","type":"post","link":"https:\/\/radioljubuski.ba\/index.php\/2022\/08\/04\/u-odnosu-na-proslu-godinu-broj-turista-veci-je-za-gotovo-250-posto-najvise-gostiju-iz-regije\/","title":{"rendered":"U odnosu na pro\u0161lu godinu broj turista ve\u0107i je za gotovo 250 posto, najvi\u0161e gostiju iz regije"},"content":{"rendered":"\n<p><strong>Turisti\u010dki djelatnici u HN\u017d-u zadovoljno trljaju ruke jer je broj gostiju u prvih \u0161est mjeseci ove godine u odnosu na lani ve\u0107i za gotovo 250 posto. Zabilje\u017een je i ve\u0107i broj no\u0107enja, zbog \u010dega se nadaju da bi mogli dosti\u0107i rezultate iz rekordne, pretpandemijske 2019. godine.<\/strong><\/p>\n\n\n\n<p>U prvih \u0161est mjeseci ove godine na podru\u010dju HN\u017d-a stigla su 70.764 turista, od \u010dega 35.322 doma\u0107a, a 35.442 strana.<\/p>\n\n\n\n<p>U istom razdoblju ostvareno je 148.139 no\u0107enja, od \u010dega 70.338 doma\u0107ih gostiju, a 77.801 stranih gostiju. U odnosu na pro\u0161lu godinu, tj. U razdoblju sije\u010danj-lipanj broj dolazaka ve\u0107i je za 233,06 posto, od \u010dega je broj dolazaka doma\u0107ih turista ve\u0107i za 163,75 posto, a broj dolazaka stranih gostiju za 403,11 posto.<\/p>\n\n\n\n<p>Tako\u0111er, u odnosu na pro\u0161logodi\u0161nje razdoblje (sije\u010danj-lipanj), ukupan broj no\u0107enja ve\u0107i je za 258,64 posto, od \u010dega je broj no\u0107enja doma\u0107ih turista ve\u0107i za 179,32 posto, a broj no\u0107enja stranih gostiju za 431,00 posto. posto, kazao je Feni vi\u0161i stru\u010dni suradnik Turisti\u010dke zajednice HN\u017d-a Ramiz Ba\u0161i\u0107. Upitan iz koje zemlje su gosti bili najbrojniji, odgovorio je iz zemalja regije (Hrvatska, Srbija, Slovenija), zatim iz Turske, Saudijske Arabije, te zemalja EU.<\/p>\n\n\n\n<p>Istodobno, kao i do sada, turisti su u HN\u017d-u najvi\u0161e posje\u0107ivali Mostar sa starom gradskom jezgrom i spomenicima i muzejima, Blagaj s poznatim izvorom Bune i tekijom, marijansko sveti\u0161te Me\u0111ugorje, zatim Po\u010ditelj, Stolac i naravno Neum kao kupali\u0161te. odredi\u0161te. S druge strane, u Konjicu je najposje\u0107enije Atomsko skloni\u0161te, au Jablanici je Muzej&nbsp; ranjenika.<\/p>\n\n\n\n<p>Vi\u0161i stru\u010dni suradnik Turisti\u010dke zajednice HN\u017d-a ka\u017ee da su o\u010dekivanja za \u0161picu sezone optimisti\u010dna. \u201cNadamo se zadovoljavaju\u0107em rastu broja dolazaka i broja no\u0107enja u ovim preostalim sezonskim mjesecima, a naravno i u posezoni. Ostaje pri\u010dekati kraj sezone, odnosno kraj godine i usporediti rezultate s 2019. godinom. Nadamo se, sad ne bismo htjeli prerano, da ne\u0107e biti velika razlika\u201d \u2013 rekao je Ba\u0161i\u0107.<\/p>\n\n\n\n<p>Na kraju je podsjetio da je, prema podacima Federalnog zavoda za statistiku, ukupan broj dolazaka turista u Federaciji BiH u lipnju 2022. godine iznosio 95.863, \u0161to je za 58,3 posto vi\u0161e nego u istom mjesecu pro\u0161le godine. Porastao je i broj no\u0107enja, koji je u lipnju ove godine iznosio 203.894, \u0161to je 54,9 posto vi\u0161e nego u istom razdoblju lani. Udio doma\u0107ih turista u ukupno ostvarenim no\u0107enjima iznosio je 29,2 posto, a stranih 70,8 posto.<\/p>\n\n\n\n<p>\/HMS\/<\/p>\n","protected":false},"excerpt":{"rendered":"<p>Turisti\u010dki djelatnici u HN\u017d-u zadovoljno trljaju ruke jer je broj gostiju u prvih \u0161est mjeseci ove godine u odnosu na lani ve\u0107i za gotovo 250 posto. Zabilje\u017een je i ve\u0107i broj no\u0107enja, zbog \u010dega se nadaju da bi mogli dosti\u0107i rezultate iz rekordne, pretpandemijske 2019. godine. U prvih \u0161est mjeseci ove godine na podru\u010dju HN\u017d-a [&hellip;]<\/p>\n","protected":false},"author":2,"featured_media":93830,"comment_status":"closed","ping_status":"closed","sticky":false,"template":"","format":"standard","meta":{"h5ap_radio_sources":[],"footnotes":""},"categories":[1],"tags":[],"class_list":["post-166304","post","type-post","status-publish","format-standard","has-post-thumbnail","hentry","category-bihiregija"],"yoast_head":"<!-- This site is optimized with the Yoast SEO plugin v27.4 - https:\/\/yoast.com\/product\/yoast-seo-wordpress\/ -->\n<title>U odnosu na pro\u0161lu godinu broj turista ve\u0107i je za gotovo 250 posto, najvi\u0161e gostiju iz regije - RADIO LJUBU\u0160KI<\/title>\n<meta name=\"robots\" content=\"index, follow, max-snippet:-1, max-image-preview:large, max-video-preview:-1\" \/>\n<link rel=\"canonical\" href=\"https:\/\/radioljubuski.ba\/index.php\/2022\/08\/04\/u-odnosu-na-proslu-godinu-broj-turista-veci-je-za-gotovo-250-posto-najvise-gostiju-iz-regije\/\" \/>\n<meta property=\"og:locale\" content=\"hr_HR\" \/>\n<meta property=\"og:type\" content=\"article\" \/>\n<meta property=\"og:title\" content=\"U odnosu na pro\u0161lu godinu broj turista ve\u0107i je za gotovo 250 posto, najvi\u0161e gostiju iz regije - RADIO LJUBU\u0160KI\" \/>\n<meta property=\"og:description\" content=\"Turisti\u010dki djelatnici u HN\u017d-u zadovoljno trljaju ruke jer je broj gostiju u prvih \u0161est mjeseci ove godine u odnosu na lani ve\u0107i za gotovo 250 posto. Zabilje\u017een je i ve\u0107i broj no\u0107enja, zbog \u010dega se nadaju da bi mogli dosti\u0107i rezultate iz rekordne, pretpandemijske 2019. godine. U prvih \u0161est mjeseci ove godine na podru\u010dju HN\u017d-a [&hellip;]\" \/>\n<meta property=\"og:url\" content=\"https:\/\/radioljubuski.ba\/index.php\/2022\/08\/04\/u-odnosu-na-proslu-godinu-broj-turista-veci-je-za-gotovo-250-posto-najvise-gostiju-iz-regije\/\" \/>\n<meta property=\"og:site_name\" content=\"RADIO LJUBU\u0160KI\" \/>\n<meta property=\"article:publisher\" content=\"https:\/\/www.facebook.com\/Radiio-Ljubuski-1490835324566332\" \/>\n<meta property=\"article:published_time\" content=\"2022-08-04T08:46:06+00:00\" \/>\n<meta property=\"article:modified_time\" content=\"2022-08-04T08:46:07+00:00\" \/>\n<meta property=\"og:image\" content=\"https:\/\/radioljubuski.ba\/wp-content\/uploads\/2021\/11\/J3sBeHYd_Turisti_stari_most_2017_1_1-1.jpg\" \/>\n\t<meta property=\"og:image:width\" content=\"1000\" \/>\n\t<meta property=\"og:image:height\" content=\"625\" \/>\n\t<meta property=\"og:image:type\" content=\"image\/jpeg\" \/>\n<meta name=\"author\" content=\"Radio Ljubu\u0161ki\" \/>\n<meta name=\"twitter:card\" content=\"summary_large_image\" \/>\n<meta name=\"twitter:creator\" content=\"@radioljubuski\" \/>\n<meta name=\"twitter:site\" content=\"@radioljubuski\" \/>\n<meta name=\"twitter:label1\" content=\"Napisao\/la\" \/>\n\t<meta name=\"twitter:data1\" content=\"Radio Ljubu\u0161ki\" \/>\n\t<meta name=\"twitter:label2\" content=\"Procijenjeno vrijeme \u010ditanja\" \/>\n\t<meta name=\"twitter:data2\" content=\"2 minute\" \/>\n<script type=\"application\/ld+json\" class=\"yoast-schema-graph\">{\"@context\":\"https:\\\/\\\/schema.org\",\"@graph\":[{\"@type\":\"Article\",\"@id\":\"https:\\\/\\\/radioljubuski.ba\\\/index.php\\\/2022\\\/08\\\/04\\\/u-odnosu-na-proslu-godinu-broj-turista-veci-je-za-gotovo-250-posto-najvise-gostiju-iz-regije\\\/#article\",\"isPartOf\":{\"@id\":\"https:\\\/\\\/radioljubuski.ba\\\/index.php\\\/2022\\\/08\\\/04\\\/u-odnosu-na-proslu-godinu-broj-turista-veci-je-za-gotovo-250-posto-najvise-gostiju-iz-regije\\\/\"},\"author\":{\"name\":\"Radio Ljubu\u0161ki\",\"@id\":\"https:\\\/\\\/radioljubuski.ba\\\/#\\\/schema\\\/person\\\/19fc700381a780f69665d7956c469e3b\"},\"headline\":\"U odnosu na pro\u0161lu godinu broj turista ve\u0107i je za gotovo 250 posto, najvi\u0161e gostiju iz regije\",\"datePublished\":\"2022-08-04T08:46:06+00:00\",\"dateModified\":\"2022-08-04T08:46:07+00:00\",\"mainEntityOfPage\":{\"@id\":\"https:\\\/\\\/radioljubuski.ba\\\/index.php\\\/2022\\\/08\\\/04\\\/u-odnosu-na-proslu-godinu-broj-turista-veci-je-za-gotovo-250-posto-najvise-gostiju-iz-regije\\\/\"},\"wordCount\":435,\"publisher\":{\"@id\":\"https:\\\/\\\/radioljubuski.ba\\\/#organization\"},\"image\":{\"@id\":\"https:\\\/\\\/radioljubuski.ba\\\/index.php\\\/2022\\\/08\\\/04\\\/u-odnosu-na-proslu-godinu-broj-turista-veci-je-za-gotovo-250-posto-najvise-gostiju-iz-regije\\\/#primaryimage\"},\"thumbnailUrl\":\"https:\\\/\\\/radioljubuski.ba\\\/wp-content\\\/uploads\\\/2021\\\/11\\\/J3sBeHYd_Turisti_stari_most_2017_1_1-1.jpg\",\"articleSection\":[\"BIH i regija\"],\"inLanguage\":\"hr\"},{\"@type\":\"WebPage\",\"@id\":\"https:\\\/\\\/radioljubuski.ba\\\/index.php\\\/2022\\\/08\\\/04\\\/u-odnosu-na-proslu-godinu-broj-turista-veci-je-za-gotovo-250-posto-najvise-gostiju-iz-regije\\\/\",\"url\":\"https:\\\/\\\/radioljubuski.ba\\\/index.php\\\/2022\\\/08\\\/04\\\/u-odnosu-na-proslu-godinu-broj-turista-veci-je-za-gotovo-250-posto-najvise-gostiju-iz-regije\\\/\",\"name\":\"U odnosu na pro\u0161lu godinu broj turista ve\u0107i je za gotovo 250 posto, najvi\u0161e gostiju iz regije - RADIO LJUBU\u0160KI\",\"isPartOf\":{\"@id\":\"https:\\\/\\\/radioljubuski.ba\\\/#website\"},\"primaryImageOfPage\":{\"@id\":\"https:\\\/\\\/radioljubuski.ba\\\/index.php\\\/2022\\\/08\\\/04\\\/u-odnosu-na-proslu-godinu-broj-turista-veci-je-za-gotovo-250-posto-najvise-gostiju-iz-regije\\\/#primaryimage\"},\"image\":{\"@id\":\"https:\\\/\\\/radioljubuski.ba\\\/index.php\\\/2022\\\/08\\\/04\\\/u-odnosu-na-proslu-godinu-broj-turista-veci-je-za-gotovo-250-posto-najvise-gostiju-iz-regije\\\/#primaryimage\"},\"thumbnailUrl\":\"https:\\\/\\\/radioljubuski.ba\\\/wp-content\\\/uploads\\\/2021\\\/11\\\/J3sBeHYd_Turisti_stari_most_2017_1_1-1.jpg\",\"datePublished\":\"2022-08-04T08:46:06+00:00\",\"dateModified\":\"2022-08-04T08:46:07+00:00\",\"breadcrumb\":{\"@id\":\"https:\\\/\\\/radioljubuski.ba\\\/index.php\\\/2022\\\/08\\\/04\\\/u-odnosu-na-proslu-godinu-broj-turista-veci-je-za-gotovo-250-posto-najvise-gostiju-iz-regije\\\/#breadcrumb\"},\"inLanguage\":\"hr\",\"potentialAction\":[{\"@type\":\"ReadAction\",\"target\":[\"https:\\\/\\\/radioljubuski.ba\\\/index.php\\\/2022\\\/08\\\/04\\\/u-odnosu-na-proslu-godinu-broj-turista-veci-je-za-gotovo-250-posto-najvise-gostiju-iz-regije\\\/\"]}]},{\"@type\":\"ImageObject\",\"inLanguage\":\"hr\",\"@id\":\"https:\\\/\\\/radioljubuski.ba\\\/index.php\\\/2022\\\/08\\\/04\\\/u-odnosu-na-proslu-godinu-broj-turista-veci-je-za-gotovo-250-posto-najvise-gostiju-iz-regije\\\/#primaryimage\",\"url\":\"https:\\\/\\\/radioljubuski.ba\\\/wp-content\\\/uploads\\\/2021\\\/11\\\/J3sBeHYd_Turisti_stari_most_2017_1_1-1.jpg\",\"contentUrl\":\"https:\\\/\\\/radioljubuski.ba\\\/wp-content\\\/uploads\\\/2021\\\/11\\\/J3sBeHYd_Turisti_stari_most_2017_1_1-1.jpg\",\"width\":1000,\"height\":625},{\"@type\":\"BreadcrumbList\",\"@id\":\"https:\\\/\\\/radioljubuski.ba\\\/index.php\\\/2022\\\/08\\\/04\\\/u-odnosu-na-proslu-godinu-broj-turista-veci-je-za-gotovo-250-posto-najvise-gostiju-iz-regije\\\/#breadcrumb\",\"itemListElement\":[{\"@type\":\"ListItem\",\"position\":1,\"name\":\"Po\u010detna stranica\",\"item\":\"https:\\\/\\\/radioljubuski.ba\\\/\"},{\"@type\":\"ListItem\",\"position\":2,\"name\":\"U odnosu na pro\u0161lu godinu broj turista ve\u0107i je za gotovo 250 posto, najvi\u0161e gostiju iz regije\"}]},{\"@type\":\"WebSite\",\"@id\":\"https:\\\/\\\/radioljubuski.ba\\\/#website\",\"url\":\"https:\\\/\\\/radioljubuski.ba\\\/\",\"name\":\"Radio Ljubu\u0161ki\",\"description\":\"Sun\u010dana frekvencija Hercegovine\",\"publisher\":{\"@id\":\"https:\\\/\\\/radioljubuski.ba\\\/#organization\"},\"potentialAction\":[{\"@type\":\"SearchAction\",\"target\":{\"@type\":\"EntryPoint\",\"urlTemplate\":\"https:\\\/\\\/radioljubuski.ba\\\/?s={search_term_string}\"},\"query-input\":{\"@type\":\"PropertyValueSpecification\",\"valueRequired\":true,\"valueName\":\"search_term_string\"}}],\"inLanguage\":\"hr\"},{\"@type\":\"Organization\",\"@id\":\"https:\\\/\\\/radioljubuski.ba\\\/#organization\",\"name\":\"Radio Ljubu\u0161ki\",\"url\":\"https:\\\/\\\/radioljubuski.ba\\\/\",\"logo\":{\"@type\":\"ImageObject\",\"inLanguage\":\"hr\",\"@id\":\"https:\\\/\\\/radioljubuski.ba\\\/#\\\/schema\\\/logo\\\/image\\\/\",\"url\":\"https:\\\/\\\/radioljubuski.ba\\\/wp-content\\\/uploads\\\/2021\\\/02\\\/cropped-Radio_Ljubuski_logo1.jpg\",\"contentUrl\":\"https:\\\/\\\/radioljubuski.ba\\\/wp-content\\\/uploads\\\/2021\\\/02\\\/cropped-Radio_Ljubuski_logo1.jpg\",\"width\":512,\"height\":512,\"caption\":\"Radio Ljubu\u0161ki\"},\"image\":{\"@id\":\"https:\\\/\\\/radioljubuski.ba\\\/#\\\/schema\\\/logo\\\/image\\\/\"},\"sameAs\":[\"https:\\\/\\\/www.facebook.com\\\/Radiio-Ljubuski-1490835324566332\",\"https:\\\/\\\/x.com\\\/radioljubuski\",\"https:\\\/\\\/hr.linkedin.com\\\/company\\\/radio-ljubuski\",\"https:\\\/\\\/www.youtube.com\\\/channel\\\/UCHYaeO_n0Db3tjNGudGpXyw\"]},{\"@type\":\"Person\",\"@id\":\"https:\\\/\\\/radioljubuski.ba\\\/#\\\/schema\\\/person\\\/19fc700381a780f69665d7956c469e3b\",\"name\":\"Radio Ljubu\u0161ki\"}]}<\/script>\n<!-- \/ Yoast SEO plugin. -->","yoast_head_json":{"title":"U odnosu na pro\u0161lu godinu broj turista ve\u0107i je za gotovo 250 posto, najvi\u0161e gostiju iz regije - RADIO LJUBU\u0160KI","robots":{"index":"index","follow":"follow","max-snippet":"max-snippet:-1","max-image-preview":"max-image-preview:large","max-video-preview":"max-video-preview:-1"},"canonical":"https:\/\/radioljubuski.ba\/index.php\/2022\/08\/04\/u-odnosu-na-proslu-godinu-broj-turista-veci-je-za-gotovo-250-posto-najvise-gostiju-iz-regije\/","og_locale":"hr_HR","og_type":"article","og_title":"U odnosu na pro\u0161lu godinu broj turista ve\u0107i je za gotovo 250 posto, najvi\u0161e gostiju iz regije - RADIO LJUBU\u0160KI","og_description":"Turisti\u010dki djelatnici u HN\u017d-u zadovoljno trljaju ruke jer je broj gostiju u prvih \u0161est mjeseci ove godine u odnosu na lani ve\u0107i za gotovo 250 posto. Zabilje\u017een je i ve\u0107i broj no\u0107enja, zbog \u010dega se nadaju da bi mogli dosti\u0107i rezultate iz rekordne, pretpandemijske 2019. godine. U prvih \u0161est mjeseci ove godine na podru\u010dju HN\u017d-a [&hellip;]","og_url":"https:\/\/radioljubuski.ba\/index.php\/2022\/08\/04\/u-odnosu-na-proslu-godinu-broj-turista-veci-je-za-gotovo-250-posto-najvise-gostiju-iz-regije\/","og_site_name":"RADIO LJUBU\u0160KI","article_publisher":"https:\/\/www.facebook.com\/Radiio-Ljubuski-1490835324566332","article_published_time":"2022-08-04T08:46:06+00:00","article_modified_time":"2022-08-04T08:46:07+00:00","og_image":[{"width":1000,"height":625,"url":"https:\/\/radioljubuski.ba\/wp-content\/uploads\/2021\/11\/J3sBeHYd_Turisti_stari_most_2017_1_1-1.jpg","type":"image\/jpeg"}],"author":"Radio Ljubu\u0161ki","twitter_card":"summary_large_image","twitter_creator":"@radioljubuski","twitter_site":"@radioljubuski","twitter_misc":{"Napisao\/la":"Radio Ljubu\u0161ki","Procijenjeno vrijeme \u010ditanja":"2 minute"},"schema":{"@context":"https:\/\/schema.org","@graph":[{"@type":"Article","@id":"https:\/\/radioljubuski.ba\/index.php\/2022\/08\/04\/u-odnosu-na-proslu-godinu-broj-turista-veci-je-za-gotovo-250-posto-najvise-gostiju-iz-regije\/#article","isPartOf":{"@id":"https:\/\/radioljubuski.ba\/index.php\/2022\/08\/04\/u-odnosu-na-proslu-godinu-broj-turista-veci-je-za-gotovo-250-posto-najvise-gostiju-iz-regije\/"},"author":{"name":"Radio Ljubu\u0161ki","@id":"https:\/\/radioljubuski.ba\/#\/schema\/person\/19fc700381a780f69665d7956c469e3b"},"headline":"U odnosu na pro\u0161lu godinu broj turista ve\u0107i je za gotovo 250 posto, najvi\u0161e gostiju iz regije","datePublished":"2022-08-04T08:46:06+00:00","dateModified":"2022-08-04T08:46:07+00:00","mainEntityOfPage":{"@id":"https:\/\/radioljubuski.ba\/index.php\/2022\/08\/04\/u-odnosu-na-proslu-godinu-broj-turista-veci-je-za-gotovo-250-posto-najvise-gostiju-iz-regije\/"},"wordCount":435,"publisher":{"@id":"https:\/\/radioljubuski.ba\/#organization"},"image":{"@id":"https:\/\/radioljubuski.ba\/index.php\/2022\/08\/04\/u-odnosu-na-proslu-godinu-broj-turista-veci-je-za-gotovo-250-posto-najvise-gostiju-iz-regije\/#primaryimage"},"thumbnailUrl":"https:\/\/radioljubuski.ba\/wp-content\/uploads\/2021\/11\/J3sBeHYd_Turisti_stari_most_2017_1_1-1.jpg","articleSection":["BIH i regija"],"inLanguage":"hr"},{"@type":"WebPage","@id":"https:\/\/radioljubuski.ba\/index.php\/2022\/08\/04\/u-odnosu-na-proslu-godinu-broj-turista-veci-je-za-gotovo-250-posto-najvise-gostiju-iz-regije\/","url":"https:\/\/radioljubuski.ba\/index.php\/2022\/08\/04\/u-odnosu-na-proslu-godinu-broj-turista-veci-je-za-gotovo-250-posto-najvise-gostiju-iz-regije\/","name":"U odnosu na pro\u0161lu godinu broj turista ve\u0107i je za gotovo 250 posto, najvi\u0161e gostiju iz regije - RADIO LJUBU\u0160KI","isPartOf":{"@id":"https:\/\/radioljubuski.ba\/#website"},"primaryImageOfPage":{"@id":"https:\/\/radioljubuski.ba\/index.php\/2022\/08\/04\/u-odnosu-na-proslu-godinu-broj-turista-veci-je-za-gotovo-250-posto-najvise-gostiju-iz-regije\/#primaryimage"},"image":{"@id":"https:\/\/radioljubuski.ba\/index.php\/2022\/08\/04\/u-odnosu-na-proslu-godinu-broj-turista-veci-je-za-gotovo-250-posto-najvise-gostiju-iz-regije\/#primaryimage"},"thumbnailUrl":"https:\/\/radioljubuski.ba\/wp-content\/uploads\/2021\/11\/J3sBeHYd_Turisti_stari_most_2017_1_1-1.jpg","datePublished":"2022-08-04T08:46:06+00:00","dateModified":"2022-08-04T08:46:07+00:00","breadcrumb":{"@id":"https:\/\/radioljubuski.ba\/index.php\/2022\/08\/04\/u-odnosu-na-proslu-godinu-broj-turista-veci-je-za-gotovo-250-posto-najvise-gostiju-iz-regije\/#breadcrumb"},"inLanguage":"hr","potentialAction":[{"@type":"ReadAction","target":["https:\/\/radioljubuski.ba\/index.php\/2022\/08\/04\/u-odnosu-na-proslu-godinu-broj-turista-veci-je-za-gotovo-250-posto-najvise-gostiju-iz-regije\/"]}]},{"@type":"ImageObject","inLanguage":"hr","@id":"https:\/\/radioljubuski.ba\/index.php\/2022\/08\/04\/u-odnosu-na-proslu-godinu-broj-turista-veci-je-za-gotovo-250-posto-najvise-gostiju-iz-regije\/#primaryimage","url":"https:\/\/radioljubuski.ba\/wp-content\/uploads\/2021\/11\/J3sBeHYd_Turisti_stari_most_2017_1_1-1.jpg","contentUrl":"https:\/\/radioljubuski.ba\/wp-content\/uploads\/2021\/11\/J3sBeHYd_Turisti_stari_most_2017_1_1-1.jpg","width":1000,"height":625},{"@type":"BreadcrumbList","@id":"https:\/\/radioljubuski.ba\/index.php\/2022\/08\/04\/u-odnosu-na-proslu-godinu-broj-turista-veci-je-za-gotovo-250-posto-najvise-gostiju-iz-regije\/#breadcrumb","itemListElement":[{"@type":"ListItem","position":1,"name":"Po\u010detna stranica","item":"https:\/\/radioljubuski.ba\/"},{"@type":"ListItem","position":2,"name":"U odnosu na pro\u0161lu godinu broj turista ve\u0107i je za gotovo 250 posto, najvi\u0161e gostiju iz regije"}]},{"@type":"WebSite","@id":"https:\/\/radioljubuski.ba\/#website","url":"https:\/\/radioljubuski.ba\/","name":"Radio Ljubu\u0161ki","description":"Sun\u010dana frekvencija Hercegovine","publisher":{"@id":"https:\/\/radioljubuski.ba\/#organization"},"potentialAction":[{"@type":"SearchAction","target":{"@type":"EntryPoint","urlTemplate":"https:\/\/radioljubuski.ba\/?s={search_term_string}"},"query-input":{"@type":"PropertyValueSpecification","valueRequired":true,"valueName":"search_term_string"}}],"inLanguage":"hr"},{"@type":"Organization","@id":"https:\/\/radioljubuski.ba\/#organization","name":"Radio Ljubu\u0161ki","url":"https:\/\/radioljubuski.ba\/","logo":{"@type":"ImageObject","inLanguage":"hr","@id":"https:\/\/radioljubuski.ba\/#\/schema\/logo\/image\/","url":"https:\/\/radioljubuski.ba\/wp-content\/uploads\/2021\/02\/cropped-Radio_Ljubuski_logo1.jpg","contentUrl":"https:\/\/radioljubuski.ba\/wp-content\/uploads\/2021\/02\/cropped-Radio_Ljubuski_logo1.jpg","width":512,"height":512,"caption":"Radio Ljubu\u0161ki"},"image":{"@id":"https:\/\/radioljubuski.ba\/#\/schema\/logo\/image\/"},"sameAs":["https:\/\/www.facebook.com\/Radiio-Ljubuski-1490835324566332","https:\/\/x.com\/radioljubuski","https:\/\/hr.linkedin.com\/company\/radio-ljubuski","https:\/\/www.youtube.com\/channel\/UCHYaeO_n0Db3tjNGudGpXyw"]},{"@type":"Person","@id":"https:\/\/radioljubuski.ba\/#\/schema\/person\/19fc700381a780f69665d7956c469e3b","name":"Radio Ljubu\u0161ki"}]}},"_links":{"self":[{"href":"https:\/\/radioljubuski.ba\/index.php\/wp-json\/wp\/v2\/posts\/166304","targetHints":{"allow":["GET"]}}],"collection":[{"href":"https:\/\/radioljubuski.ba\/index.php\/wp-json\/wp\/v2\/posts"}],"about":[{"href":"https:\/\/radioljubuski.ba\/index.php\/wp-json\/wp\/v2\/types\/post"}],"author":[{"embeddable":true,"href":"https:\/\/radioljubuski.ba\/index.php\/wp-json\/wp\/v2\/users\/2"}],"replies":[{"embeddable":true,"href":"https:\/\/radioljubuski.ba\/index.php\/wp-json\/wp\/v2\/comments?post=166304"}],"version-history":[{"count":1,"href":"https:\/\/radioljubuski.ba\/index.php\/wp-json\/wp\/v2\/posts\/166304\/revisions"}],"predecessor-version":[{"id":166306,"href":"https:\/\/radioljubuski.ba\/index.php\/wp-json\/wp\/v2\/posts\/166304\/revisions\/166306"}],"wp:featuredmedia":[{"embeddable":true,"href":"https:\/\/radioljubuski.ba\/index.php\/wp-json\/wp\/v2\/media\/93830"}],"wp:attachment":[{"href":"https:\/\/radioljubuski.ba\/index.php\/wp-json\/wp\/v2\/media?parent=166304"}],"wp:term":[{"taxonomy":"category","embeddable":true,"href":"https:\/\/radioljubuski.ba\/index.php\/wp-json\/wp\/v2\/categories?post=166304"},{"taxonomy":"post_tag","embeddable":true,"href":"https:\/\/radioljubuski.ba\/index.php\/wp-json\/wp\/v2\/tags?post=166304"}],"curies":[{"name":"wp","href":"https:\/\/api.w.org\/{rel}","templated":true}]}}