{"id":166307,"date":"2022-08-04T09:47:07","date_gmt":"2022-08-04T08:47:07","guid":{"rendered":"https:\/\/radioljubuski.ba\/?p=166307"},"modified":"2022-08-04T09:47:09","modified_gmt":"2022-08-04T08:47:09","slug":"specijalni-rat-protiv-hrvata-u-sad-u-uk-i-njemackoj-zbog-odluke-ohr-a","status":"publish","type":"post","link":"https:\/\/radioljubuski.ba\/index.php\/2022\/08\/04\/specijalni-rat-protiv-hrvata-u-sad-u-uk-i-njemackoj-zbog-odluke-ohr-a\/","title":{"rendered":"Specijalni rat protiv Hrvata u SAD-u, UK i Njema\u010dkoj zbog odluke OHR-a"},"content":{"rendered":"\n<p><strong>Koordinirana akcija politi\u010dkog Sarajeva kako bi se pokolebalo najva\u017enije svjetske centre, a Schmidt odustao od izborne reforme te se nastavio projekt stvaranja bo\u0161nja\u010dke dr\u017eave.<\/strong><\/p>\n\n\n\n<p>Posljednjih tjedan dana oja\u010dao je pritisak bo\u0161nja\u010dkih aktivista koji perpetuiraju jednu te istu propagandu kako bi se poku\u0161alo odvratiti visokog predstavnika Christiana Schmidta od nametanja izmjena Izbornog zakona kojima bi se sprije\u010dilo stvaranje muslimansko-bo\u0161nja\u010dke dr\u017eavice i potpuno politi\u010dko istrebljenje Hrvata u federalnom entitetu, pi\u0161e <a href=\"https:\/\/m.vecernji.ba\/vijesti\/specijalni-rat-protiv-hrvata-u-sad-u-uk-i-njemackoj-zbog-odluke-ohr-a-1606886\">Ve\u010dernji list BiH<\/a>.<\/p>\n\n\n\n<p>Pritisci su smi\u0161ljeno usmjereni prema najva\u017enijim dr\u017eavama koje upravljaju procesima u BiH \u2013 Sjedinjenim Ameri\u010dkim Dr\u017eavama, Ujedinjenom Kraljevstvu te Njema\u010dkoj.<\/p>\n\n\n\n<p><strong>Gebelsovska propaganda<\/strong><\/p>\n\n\n\n<p>Identi\u010dna gebelsovska propaganda kojom se \u017eeli pokazati da su Hrvati prezastupljeni u vlasti, a Hrvate i njihove politi\u010dke opcije naziva se ekstremisti\u010dkim, proputinovskim. Rukopis SDA i drugih probo\u0161nja\u010dkih stranaka iz BiH s elementima nacional-\u0161ovinizma prema Hrvatima istodobno se uspio progurati u javnim istupima britanske barunice Arminke Heli\u0107, ameri\u010dkog Helsin\u0161kog odbora na koji utjecaj imaju radikal Reuf Bajrovi\u0107 i bo\u0161nja\u010dka dijaspora, ali i u tiskovini Tageszeitung (TAZ) koju potpisuje iznimno pristrani Erich Rathfelder. Ovaj put svoje usluge nije \u201cponudila\u201d Adelheid W\u00f6lfl iz be\u010dkog Standarda koja se redovito aktivira kada treba osuti paljbu po posebnom izaslaniku EU-a u BiH Johannu Sattleru.<\/p>\n\n\n\n<p>Odreda Heli\u0107, Rathfelder i Helsin\u0161ki odbor ameri\u010dkog Kongresa ponavljaju jednu te istu mantru, a koju je u su\u0161tini iznimno jednostavno dokazati i pokazati kao la\u017e. Teza je da bi predlo\u017eene izmjene zna\u010dajno oja\u010dale poziciju HDZ-a i dale mu monopol na svim pozicijama bh. Hrvata u parlamentima i vladama BiH. Tako je, \u010dak se igraju\u0107i s brojkama o tome koliko u BiH ima Hrvata, zaigrala barunica Arminka Heli\u0107 doslovno predstavljaju\u0107i Hrvate manjinom i negiraju\u0107i odredbe Daytonskog mirovnog sporazuma o zemlji \u010diju temeljnu postavku \u010dine konstitutivni narodi. Dapa\u010de, posve je izvjesno kako \u0107e HDZ BiH u slu\u010daju da se Hrvatima u BiH zajam\u010di politi\u010dki pluralizam, bez mogu\u0107nosti da ih gra\u0111ani \u2013 Bo\u0161njaci Arminke Heli\u0107 preglasaju, najvi\u0161e izgubiti. Hrvati tada vi\u0161e ne\u0107e biti u gr\u010du te \u0107e se mo\u0107i udaljiti od potrebe okupljanja oko te stranke ili pak projekta HNS-a BiH. Jednako kao i njezin sunarodnjak Adis Ahmetovi\u0107 u Njema\u010dkoj, etni\u010dka Bo\u0161njakinja Heli\u0107 bez skrupula iznosi neistine kako su se u Sarajevu okupili prosvjednici protiv segregacije, nego da su klju\u010dni motiv, kako je to rekao jedan od okupljenih, bili Hrvati i mr\u017enja prema njima s obzirom na to da svi mogu stati u dva vagona.<\/p>\n\n\n\n<p>Time je i prosvjednik vrlo sli\u010dnim rje\u010dnikom progovorio kao i njegovi inspiratori. Ni jedne rije\u010di o prijetnjama ratom i nasiljem, o prebrojavanju Bo\u0161njaka, \u201cprijateljskim\u201d savjetnima Schmidtu da pripazi u javnom istupu nije rekla Heli\u0107 koja se posve diskreditirala posljednjom objavom, predstavljaju\u0107i se u \u0161ovinisti\u010dkom svjetlu. Upravo kako to radi sarajevsko medijsko i obavje\u0161tajno podzemlje, Hrvate i klju\u010dne hrvatske stranke nazivaju proputinovskim. Istodobno je izricala hvalospjeve prema \u017deljku Kom\u0161i\u0107u koji je klju\u010dni subjekt nikada od rata lo\u0161ijih hrvatsko-bo\u0161nja\u010dkih odnosa. Uz to je Heli\u0107 Hrvatsku predstavila kao zemlju koja radi samo u interesu Hrvata, a na \u0161tetu BiH. Njoj je problemati\u010dna i odrednica \u201ctri konstitutivna naroda\u201d u najnovijem Strate\u0161kom kompasu EU-a. Ponovila je iste teze iz bo\u0161nja\u010dke politi\u010dke kuhinje i kako se rade ustupci HDZ-u kako ne bi nakon izbora stvarao probleme.<\/p>\n\n\n\n<p><strong>Hrvati \u201cekstremisti\u201d<\/strong><\/p>\n\n\n\n<p>Na kraju je, naravno, sve za\u010dinila te\u0161kom zloupotrebom i manipulacijama o ratnim stradanjima Bo\u0161njaka, logorima i genocidu, \u0161to se obi\u010dno koristi kao \u201cargument\u201d kada sve \u201c\u0161uplje\u201d koje je zapisala padnu u vodu. Svaki pak tekst njema\u010dkog dopisnika FAZ-a doslovno je identi\u010dan. Hrvati su \u201cbad guys\u201d, a Bo\u0161njaci dobra ekipa.<\/p>\n\n\n\n<p>Ovaj ratni dopisnik iz BiH, koji je u pravome smislu propagandist, o\u010dito je zbog odre\u0111ene \u201cmotivacije\u201d vode\u0107u hrvatsku stranku u BiH i Hrvate nazvao ekstremistima. Za Rathfeldera, kao i za barunicu postoje samo presude Europskog suda za ljudska prava koje inzistiraju samo na tome da se manjinama omogu\u0107i aktivno bira\u010dko pravo. I on ponavlja mantru kako je Hrvata 15%, a da imaju 30% pozicija. Ova koordinirana akcija pravi je specijalni rat protiv Hrvata u BiH.<\/p>\n\n\n\n<p>\/HMS\/<\/p>\n","protected":false},"excerpt":{"rendered":"<p>Koordinirana akcija politi\u010dkog Sarajeva kako bi se pokolebalo najva\u017enije svjetske centre, a Schmidt odustao od izborne reforme te se nastavio projekt stvaranja bo\u0161nja\u010dke dr\u017eave. Posljednjih tjedan dana oja\u010dao je pritisak bo\u0161nja\u010dkih aktivista koji perpetuiraju jednu te istu propagandu kako bi se poku\u0161alo odvratiti visokog predstavnika Christiana Schmidta od nametanja izmjena Izbornog zakona kojima bi se [&hellip;]<\/p>\n","protected":false},"author":2,"featured_media":166310,"comment_status":"closed","ping_status":"closed","sticky":false,"template":"","format":"standard","meta":{"h5ap_radio_sources":[],"footnotes":""},"categories":[1],"tags":[],"class_list":["post-166307","post","type-post","status-publish","format-standard","has-post-thumbnail","hentry","category-bihiregija"],"yoast_head":"<!-- This site is optimized with the Yoast SEO plugin v27.4 - https:\/\/yoast.com\/product\/yoast-seo-wordpress\/ -->\n<title>Specijalni rat protiv Hrvata u SAD-u, UK i Njema\u010dkoj zbog odluke OHR-a - RADIO LJUBU\u0160KI<\/title>\n<meta name=\"robots\" content=\"index, follow, max-snippet:-1, max-image-preview:large, max-video-preview:-1\" \/>\n<link rel=\"canonical\" href=\"https:\/\/radioljubuski.ba\/index.php\/2022\/08\/04\/specijalni-rat-protiv-hrvata-u-sad-u-uk-i-njemackoj-zbog-odluke-ohr-a\/\" \/>\n<meta property=\"og:locale\" content=\"hr_HR\" \/>\n<meta property=\"og:type\" content=\"article\" \/>\n<meta property=\"og:title\" content=\"Specijalni rat protiv Hrvata u SAD-u, UK i Njema\u010dkoj zbog odluke OHR-a - RADIO LJUBU\u0160KI\" \/>\n<meta property=\"og:description\" content=\"Koordinirana akcija politi\u010dkog Sarajeva kako bi se pokolebalo najva\u017enije svjetske centre, a Schmidt odustao od izborne reforme te se nastavio projekt stvaranja bo\u0161nja\u010dke dr\u017eave. Posljednjih tjedan dana oja\u010dao je pritisak bo\u0161nja\u010dkih aktivista koji perpetuiraju jednu te istu propagandu kako bi se poku\u0161alo odvratiti visokog predstavnika Christiana Schmidta od nametanja izmjena Izbornog zakona kojima bi se [&hellip;]\" \/>\n<meta property=\"og:url\" content=\"https:\/\/radioljubuski.ba\/index.php\/2022\/08\/04\/specijalni-rat-protiv-hrvata-u-sad-u-uk-i-njemackoj-zbog-odluke-ohr-a\/\" \/>\n<meta property=\"og:site_name\" content=\"RADIO LJUBU\u0160KI\" \/>\n<meta property=\"article:publisher\" content=\"https:\/\/www.facebook.com\/Radiio-Ljubuski-1490835324566332\" \/>\n<meta property=\"article:published_time\" content=\"2022-08-04T08:47:07+00:00\" \/>\n<meta property=\"article:modified_time\" content=\"2022-08-04T08:47:09+00:00\" \/>\n<meta property=\"og:image\" content=\"https:\/\/radioljubuski.ba\/wp-content\/uploads\/2022\/08\/b_211217029.jpg\" \/>\n\t<meta property=\"og:image:width\" content=\"800\" \/>\n\t<meta property=\"og:image:height\" content=\"533\" \/>\n\t<meta property=\"og:image:type\" content=\"image\/jpeg\" \/>\n<meta name=\"author\" content=\"Radio Ljubu\u0161ki\" \/>\n<meta name=\"twitter:card\" content=\"summary_large_image\" \/>\n<meta name=\"twitter:creator\" content=\"@radioljubuski\" \/>\n<meta name=\"twitter:site\" content=\"@radioljubuski\" \/>\n<meta name=\"twitter:label1\" content=\"Napisao\/la\" \/>\n\t<meta name=\"twitter:data1\" content=\"Radio Ljubu\u0161ki\" \/>\n\t<meta name=\"twitter:label2\" content=\"Procijenjeno vrijeme \u010ditanja\" \/>\n\t<meta name=\"twitter:data2\" content=\"3 minute\" \/>\n<script type=\"application\/ld+json\" class=\"yoast-schema-graph\">{\"@context\":\"https:\\\/\\\/schema.org\",\"@graph\":[{\"@type\":\"Article\",\"@id\":\"https:\\\/\\\/radioljubuski.ba\\\/index.php\\\/2022\\\/08\\\/04\\\/specijalni-rat-protiv-hrvata-u-sad-u-uk-i-njemackoj-zbog-odluke-ohr-a\\\/#article\",\"isPartOf\":{\"@id\":\"https:\\\/\\\/radioljubuski.ba\\\/index.php\\\/2022\\\/08\\\/04\\\/specijalni-rat-protiv-hrvata-u-sad-u-uk-i-njemackoj-zbog-odluke-ohr-a\\\/\"},\"author\":{\"name\":\"Radio Ljubu\u0161ki\",\"@id\":\"https:\\\/\\\/radioljubuski.ba\\\/#\\\/schema\\\/person\\\/19fc700381a780f69665d7956c469e3b\"},\"headline\":\"Specijalni rat protiv Hrvata u SAD-u, UK i Njema\u010dkoj zbog odluke OHR-a\",\"datePublished\":\"2022-08-04T08:47:07+00:00\",\"dateModified\":\"2022-08-04T08:47:09+00:00\",\"mainEntityOfPage\":{\"@id\":\"https:\\\/\\\/radioljubuski.ba\\\/index.php\\\/2022\\\/08\\\/04\\\/specijalni-rat-protiv-hrvata-u-sad-u-uk-i-njemackoj-zbog-odluke-ohr-a\\\/\"},\"wordCount\":741,\"publisher\":{\"@id\":\"https:\\\/\\\/radioljubuski.ba\\\/#organization\"},\"image\":{\"@id\":\"https:\\\/\\\/radioljubuski.ba\\\/index.php\\\/2022\\\/08\\\/04\\\/specijalni-rat-protiv-hrvata-u-sad-u-uk-i-njemackoj-zbog-odluke-ohr-a\\\/#primaryimage\"},\"thumbnailUrl\":\"https:\\\/\\\/radioljubuski.ba\\\/wp-content\\\/uploads\\\/2022\\\/08\\\/b_211217029.jpg\",\"articleSection\":[\"BIH i regija\"],\"inLanguage\":\"hr\"},{\"@type\":\"WebPage\",\"@id\":\"https:\\\/\\\/radioljubuski.ba\\\/index.php\\\/2022\\\/08\\\/04\\\/specijalni-rat-protiv-hrvata-u-sad-u-uk-i-njemackoj-zbog-odluke-ohr-a\\\/\",\"url\":\"https:\\\/\\\/radioljubuski.ba\\\/index.php\\\/2022\\\/08\\\/04\\\/specijalni-rat-protiv-hrvata-u-sad-u-uk-i-njemackoj-zbog-odluke-ohr-a\\\/\",\"name\":\"Specijalni rat protiv Hrvata u SAD-u, UK i Njema\u010dkoj zbog odluke OHR-a - RADIO LJUBU\u0160KI\",\"isPartOf\":{\"@id\":\"https:\\\/\\\/radioljubuski.ba\\\/#website\"},\"primaryImageOfPage\":{\"@id\":\"https:\\\/\\\/radioljubuski.ba\\\/index.php\\\/2022\\\/08\\\/04\\\/specijalni-rat-protiv-hrvata-u-sad-u-uk-i-njemackoj-zbog-odluke-ohr-a\\\/#primaryimage\"},\"image\":{\"@id\":\"https:\\\/\\\/radioljubuski.ba\\\/index.php\\\/2022\\\/08\\\/04\\\/specijalni-rat-protiv-hrvata-u-sad-u-uk-i-njemackoj-zbog-odluke-ohr-a\\\/#primaryimage\"},\"thumbnailUrl\":\"https:\\\/\\\/radioljubuski.ba\\\/wp-content\\\/uploads\\\/2022\\\/08\\\/b_211217029.jpg\",\"datePublished\":\"2022-08-04T08:47:07+00:00\",\"dateModified\":\"2022-08-04T08:47:09+00:00\",\"breadcrumb\":{\"@id\":\"https:\\\/\\\/radioljubuski.ba\\\/index.php\\\/2022\\\/08\\\/04\\\/specijalni-rat-protiv-hrvata-u-sad-u-uk-i-njemackoj-zbog-odluke-ohr-a\\\/#breadcrumb\"},\"inLanguage\":\"hr\",\"potentialAction\":[{\"@type\":\"ReadAction\",\"target\":[\"https:\\\/\\\/radioljubuski.ba\\\/index.php\\\/2022\\\/08\\\/04\\\/specijalni-rat-protiv-hrvata-u-sad-u-uk-i-njemackoj-zbog-odluke-ohr-a\\\/\"]}]},{\"@type\":\"ImageObject\",\"inLanguage\":\"hr\",\"@id\":\"https:\\\/\\\/radioljubuski.ba\\\/index.php\\\/2022\\\/08\\\/04\\\/specijalni-rat-protiv-hrvata-u-sad-u-uk-i-njemackoj-zbog-odluke-ohr-a\\\/#primaryimage\",\"url\":\"https:\\\/\\\/radioljubuski.ba\\\/wp-content\\\/uploads\\\/2022\\\/08\\\/b_211217029.jpg\",\"contentUrl\":\"https:\\\/\\\/radioljubuski.ba\\\/wp-content\\\/uploads\\\/2022\\\/08\\\/b_211217029.jpg\",\"width\":800,\"height\":533},{\"@type\":\"BreadcrumbList\",\"@id\":\"https:\\\/\\\/radioljubuski.ba\\\/index.php\\\/2022\\\/08\\\/04\\\/specijalni-rat-protiv-hrvata-u-sad-u-uk-i-njemackoj-zbog-odluke-ohr-a\\\/#breadcrumb\",\"itemListElement\":[{\"@type\":\"ListItem\",\"position\":1,\"name\":\"Po\u010detna stranica\",\"item\":\"https:\\\/\\\/radioljubuski.ba\\\/\"},{\"@type\":\"ListItem\",\"position\":2,\"name\":\"Specijalni rat protiv Hrvata u SAD-u, UK i Njema\u010dkoj zbog odluke OHR-a\"}]},{\"@type\":\"WebSite\",\"@id\":\"https:\\\/\\\/radioljubuski.ba\\\/#website\",\"url\":\"https:\\\/\\\/radioljubuski.ba\\\/\",\"name\":\"Radio Ljubu\u0161ki\",\"description\":\"Sun\u010dana frekvencija Hercegovine\",\"publisher\":{\"@id\":\"https:\\\/\\\/radioljubuski.ba\\\/#organization\"},\"potentialAction\":[{\"@type\":\"SearchAction\",\"target\":{\"@type\":\"EntryPoint\",\"urlTemplate\":\"https:\\\/\\\/radioljubuski.ba\\\/?s={search_term_string}\"},\"query-input\":{\"@type\":\"PropertyValueSpecification\",\"valueRequired\":true,\"valueName\":\"search_term_string\"}}],\"inLanguage\":\"hr\"},{\"@type\":\"Organization\",\"@id\":\"https:\\\/\\\/radioljubuski.ba\\\/#organization\",\"name\":\"Radio Ljubu\u0161ki\",\"url\":\"https:\\\/\\\/radioljubuski.ba\\\/\",\"logo\":{\"@type\":\"ImageObject\",\"inLanguage\":\"hr\",\"@id\":\"https:\\\/\\\/radioljubuski.ba\\\/#\\\/schema\\\/logo\\\/image\\\/\",\"url\":\"https:\\\/\\\/radioljubuski.ba\\\/wp-content\\\/uploads\\\/2021\\\/02\\\/cropped-Radio_Ljubuski_logo1.jpg\",\"contentUrl\":\"https:\\\/\\\/radioljubuski.ba\\\/wp-content\\\/uploads\\\/2021\\\/02\\\/cropped-Radio_Ljubuski_logo1.jpg\",\"width\":512,\"height\":512,\"caption\":\"Radio Ljubu\u0161ki\"},\"image\":{\"@id\":\"https:\\\/\\\/radioljubuski.ba\\\/#\\\/schema\\\/logo\\\/image\\\/\"},\"sameAs\":[\"https:\\\/\\\/www.facebook.com\\\/Radiio-Ljubuski-1490835324566332\",\"https:\\\/\\\/x.com\\\/radioljubuski\",\"https:\\\/\\\/hr.linkedin.com\\\/company\\\/radio-ljubuski\",\"https:\\\/\\\/www.youtube.com\\\/channel\\\/UCHYaeO_n0Db3tjNGudGpXyw\"]},{\"@type\":\"Person\",\"@id\":\"https:\\\/\\\/radioljubuski.ba\\\/#\\\/schema\\\/person\\\/19fc700381a780f69665d7956c469e3b\",\"name\":\"Radio Ljubu\u0161ki\"}]}<\/script>\n<!-- \/ Yoast SEO plugin. -->","yoast_head_json":{"title":"Specijalni rat protiv Hrvata u SAD-u, UK i Njema\u010dkoj zbog odluke OHR-a - RADIO LJUBU\u0160KI","robots":{"index":"index","follow":"follow","max-snippet":"max-snippet:-1","max-image-preview":"max-image-preview:large","max-video-preview":"max-video-preview:-1"},"canonical":"https:\/\/radioljubuski.ba\/index.php\/2022\/08\/04\/specijalni-rat-protiv-hrvata-u-sad-u-uk-i-njemackoj-zbog-odluke-ohr-a\/","og_locale":"hr_HR","og_type":"article","og_title":"Specijalni rat protiv Hrvata u SAD-u, UK i Njema\u010dkoj zbog odluke OHR-a - RADIO LJUBU\u0160KI","og_description":"Koordinirana akcija politi\u010dkog Sarajeva kako bi se pokolebalo najva\u017enije svjetske centre, a Schmidt odustao od izborne reforme te se nastavio projekt stvaranja bo\u0161nja\u010dke dr\u017eave. Posljednjih tjedan dana oja\u010dao je pritisak bo\u0161nja\u010dkih aktivista koji perpetuiraju jednu te istu propagandu kako bi se poku\u0161alo odvratiti visokog predstavnika Christiana Schmidta od nametanja izmjena Izbornog zakona kojima bi se [&hellip;]","og_url":"https:\/\/radioljubuski.ba\/index.php\/2022\/08\/04\/specijalni-rat-protiv-hrvata-u-sad-u-uk-i-njemackoj-zbog-odluke-ohr-a\/","og_site_name":"RADIO LJUBU\u0160KI","article_publisher":"https:\/\/www.facebook.com\/Radiio-Ljubuski-1490835324566332","article_published_time":"2022-08-04T08:47:07+00:00","article_modified_time":"2022-08-04T08:47:09+00:00","og_image":[{"width":800,"height":533,"url":"https:\/\/radioljubuski.ba\/wp-content\/uploads\/2022\/08\/b_211217029.jpg","type":"image\/jpeg"}],"author":"Radio Ljubu\u0161ki","twitter_card":"summary_large_image","twitter_creator":"@radioljubuski","twitter_site":"@radioljubuski","twitter_misc":{"Napisao\/la":"Radio Ljubu\u0161ki","Procijenjeno vrijeme \u010ditanja":"3 minute"},"schema":{"@context":"https:\/\/schema.org","@graph":[{"@type":"Article","@id":"https:\/\/radioljubuski.ba\/index.php\/2022\/08\/04\/specijalni-rat-protiv-hrvata-u-sad-u-uk-i-njemackoj-zbog-odluke-ohr-a\/#article","isPartOf":{"@id":"https:\/\/radioljubuski.ba\/index.php\/2022\/08\/04\/specijalni-rat-protiv-hrvata-u-sad-u-uk-i-njemackoj-zbog-odluke-ohr-a\/"},"author":{"name":"Radio Ljubu\u0161ki","@id":"https:\/\/radioljubuski.ba\/#\/schema\/person\/19fc700381a780f69665d7956c469e3b"},"headline":"Specijalni rat protiv Hrvata u SAD-u, UK i Njema\u010dkoj zbog odluke OHR-a","datePublished":"2022-08-04T08:47:07+00:00","dateModified":"2022-08-04T08:47:09+00:00","mainEntityOfPage":{"@id":"https:\/\/radioljubuski.ba\/index.php\/2022\/08\/04\/specijalni-rat-protiv-hrvata-u-sad-u-uk-i-njemackoj-zbog-odluke-ohr-a\/"},"wordCount":741,"publisher":{"@id":"https:\/\/radioljubuski.ba\/#organization"},"image":{"@id":"https:\/\/radioljubuski.ba\/index.php\/2022\/08\/04\/specijalni-rat-protiv-hrvata-u-sad-u-uk-i-njemackoj-zbog-odluke-ohr-a\/#primaryimage"},"thumbnailUrl":"https:\/\/radioljubuski.ba\/wp-content\/uploads\/2022\/08\/b_211217029.jpg","articleSection":["BIH i regija"],"inLanguage":"hr"},{"@type":"WebPage","@id":"https:\/\/radioljubuski.ba\/index.php\/2022\/08\/04\/specijalni-rat-protiv-hrvata-u-sad-u-uk-i-njemackoj-zbog-odluke-ohr-a\/","url":"https:\/\/radioljubuski.ba\/index.php\/2022\/08\/04\/specijalni-rat-protiv-hrvata-u-sad-u-uk-i-njemackoj-zbog-odluke-ohr-a\/","name":"Specijalni rat protiv Hrvata u SAD-u, UK i Njema\u010dkoj zbog odluke OHR-a - RADIO LJUBU\u0160KI","isPartOf":{"@id":"https:\/\/radioljubuski.ba\/#website"},"primaryImageOfPage":{"@id":"https:\/\/radioljubuski.ba\/index.php\/2022\/08\/04\/specijalni-rat-protiv-hrvata-u-sad-u-uk-i-njemackoj-zbog-odluke-ohr-a\/#primaryimage"},"image":{"@id":"https:\/\/radioljubuski.ba\/index.php\/2022\/08\/04\/specijalni-rat-protiv-hrvata-u-sad-u-uk-i-njemackoj-zbog-odluke-ohr-a\/#primaryimage"},"thumbnailUrl":"https:\/\/radioljubuski.ba\/wp-content\/uploads\/2022\/08\/b_211217029.jpg","datePublished":"2022-08-04T08:47:07+00:00","dateModified":"2022-08-04T08:47:09+00:00","breadcrumb":{"@id":"https:\/\/radioljubuski.ba\/index.php\/2022\/08\/04\/specijalni-rat-protiv-hrvata-u-sad-u-uk-i-njemackoj-zbog-odluke-ohr-a\/#breadcrumb"},"inLanguage":"hr","potentialAction":[{"@type":"ReadAction","target":["https:\/\/radioljubuski.ba\/index.php\/2022\/08\/04\/specijalni-rat-protiv-hrvata-u-sad-u-uk-i-njemackoj-zbog-odluke-ohr-a\/"]}]},{"@type":"ImageObject","inLanguage":"hr","@id":"https:\/\/radioljubuski.ba\/index.php\/2022\/08\/04\/specijalni-rat-protiv-hrvata-u-sad-u-uk-i-njemackoj-zbog-odluke-ohr-a\/#primaryimage","url":"https:\/\/radioljubuski.ba\/wp-content\/uploads\/2022\/08\/b_211217029.jpg","contentUrl":"https:\/\/radioljubuski.ba\/wp-content\/uploads\/2022\/08\/b_211217029.jpg","width":800,"height":533},{"@type":"BreadcrumbList","@id":"https:\/\/radioljubuski.ba\/index.php\/2022\/08\/04\/specijalni-rat-protiv-hrvata-u-sad-u-uk-i-njemackoj-zbog-odluke-ohr-a\/#breadcrumb","itemListElement":[{"@type":"ListItem","position":1,"name":"Po\u010detna stranica","item":"https:\/\/radioljubuski.ba\/"},{"@type":"ListItem","position":2,"name":"Specijalni rat protiv Hrvata u SAD-u, UK i Njema\u010dkoj zbog odluke OHR-a"}]},{"@type":"WebSite","@id":"https:\/\/radioljubuski.ba\/#website","url":"https:\/\/radioljubuski.ba\/","name":"Radio Ljubu\u0161ki","description":"Sun\u010dana frekvencija Hercegovine","publisher":{"@id":"https:\/\/radioljubuski.ba\/#organization"},"potentialAction":[{"@type":"SearchAction","target":{"@type":"EntryPoint","urlTemplate":"https:\/\/radioljubuski.ba\/?s={search_term_string}"},"query-input":{"@type":"PropertyValueSpecification","valueRequired":true,"valueName":"search_term_string"}}],"inLanguage":"hr"},{"@type":"Organization","@id":"https:\/\/radioljubuski.ba\/#organization","name":"Radio Ljubu\u0161ki","url":"https:\/\/radioljubuski.ba\/","logo":{"@type":"ImageObject","inLanguage":"hr","@id":"https:\/\/radioljubuski.ba\/#\/schema\/logo\/image\/","url":"https:\/\/radioljubuski.ba\/wp-content\/uploads\/2021\/02\/cropped-Radio_Ljubuski_logo1.jpg","contentUrl":"https:\/\/radioljubuski.ba\/wp-content\/uploads\/2021\/02\/cropped-Radio_Ljubuski_logo1.jpg","width":512,"height":512,"caption":"Radio Ljubu\u0161ki"},"image":{"@id":"https:\/\/radioljubuski.ba\/#\/schema\/logo\/image\/"},"sameAs":["https:\/\/www.facebook.com\/Radiio-Ljubuski-1490835324566332","https:\/\/x.com\/radioljubuski","https:\/\/hr.linkedin.com\/company\/radio-ljubuski","https:\/\/www.youtube.com\/channel\/UCHYaeO_n0Db3tjNGudGpXyw"]},{"@type":"Person","@id":"https:\/\/radioljubuski.ba\/#\/schema\/person\/19fc700381a780f69665d7956c469e3b","name":"Radio Ljubu\u0161ki"}]}},"_links":{"self":[{"href":"https:\/\/radioljubuski.ba\/index.php\/wp-json\/wp\/v2\/posts\/166307","targetHints":{"allow":["GET"]}}],"collection":[{"href":"https:\/\/radioljubuski.ba\/index.php\/wp-json\/wp\/v2\/posts"}],"about":[{"href":"https:\/\/radioljubuski.ba\/index.php\/wp-json\/wp\/v2\/types\/post"}],"author":[{"embeddable":true,"href":"https:\/\/radioljubuski.ba\/index.php\/wp-json\/wp\/v2\/users\/2"}],"replies":[{"embeddable":true,"href":"https:\/\/radioljubuski.ba\/index.php\/wp-json\/wp\/v2\/comments?post=166307"}],"version-history":[{"count":1,"href":"https:\/\/radioljubuski.ba\/index.php\/wp-json\/wp\/v2\/posts\/166307\/revisions"}],"predecessor-version":[{"id":166311,"href":"https:\/\/radioljubuski.ba\/index.php\/wp-json\/wp\/v2\/posts\/166307\/revisions\/166311"}],"wp:featuredmedia":[{"embeddable":true,"href":"https:\/\/radioljubuski.ba\/index.php\/wp-json\/wp\/v2\/media\/166310"}],"wp:attachment":[{"href":"https:\/\/radioljubuski.ba\/index.php\/wp-json\/wp\/v2\/media?parent=166307"}],"wp:term":[{"taxonomy":"category","embeddable":true,"href":"https:\/\/radioljubuski.ba\/index.php\/wp-json\/wp\/v2\/categories?post=166307"},{"taxonomy":"post_tag","embeddable":true,"href":"https:\/\/radioljubuski.ba\/index.php\/wp-json\/wp\/v2\/tags?post=166307"}],"curies":[{"name":"wp","href":"https:\/\/api.w.org\/{rel}","templated":true}]}}