{"id":166348,"date":"2022-08-04T10:29:11","date_gmt":"2022-08-04T09:29:11","guid":{"rendered":"https:\/\/radioljubuski.ba\/?p=166348"},"modified":"2022-08-04T10:29:13","modified_gmt":"2022-08-04T09:29:13","slug":"skb-mostar-ranjena-osoba-u-pucnjavi-u-grudama-u-teskom-stanju-i-zivotno-ugrozena","status":"publish","type":"post","link":"https:\/\/radioljubuski.ba\/index.php\/2022\/08\/04\/skb-mostar-ranjena-osoba-u-pucnjavi-u-grudama-u-teskom-stanju-i-zivotno-ugrozena\/","title":{"rendered":"SKB Mostar: Ranjena osoba u pucnjavi u Grudama u te\u0161kom stanju i \u017eivotno ugro\u017eena"},"content":{"rendered":"\n<p>O masakru koji se jutros u ranim satima dogodio u op\u0107ini Grude oglasili su se i iz SKB-a Mostar.<\/p>\n\n\n\n<p>-U Sveu\u010dili\u0161nu klini\u010dku bolnicu Mostar su iz Gruda, oko 3 sata ujutro, dovezene dvije mu\u0161ke osobe sa prostrijelnim ranama. A.G.(1997.) godine je zadobio lak\u0161e tjelesne ozljede te je hospitaliziran na Klinici za kirurgiju. \u017d. G. (1949.) je hospitaliziran na Odjelu za anesteziju, reanimaciju i intenzivno lije\u010denje. On je zadobio te\u0161ke tjelesne ozljede koje su opasne po \u017eivot &#8211; navodi se u prip\u0107enju za medije SKB-a Mostar.&nbsp;<\/p>\n\n\n\n<p>Kako smo ranije objavili, mu\u0161karac je \u201dupao\u201d fe\u0161tu te je iz automatske pu\u0161ke po\u010deo pucati po ljudima. Navodno je svemu prethodila sva\u0111a i alkohol. Zlo\u010din kakav se ne pamti na ovim prostorima \u0161okirao je Hercegovinu, a na podru\u010dju Gruda se nalaze jake policijske snage.\u00a0<\/p>\n\n\n\n<p>Izvor: <a href=\"https:\/\/pogled.ba\/crna-kronika\/skb-mostar-ranjena-osoba-u-pucnjavi-u-grudama-u-teskom-stanju-i-zivotno-ugrozena\/252329\">Pogled.ba<\/a><\/p>\n","protected":false},"excerpt":{"rendered":"<p>O masakru koji se jutros u ranim satima dogodio u op\u0107ini Grude oglasili su se i iz SKB-a Mostar. -U Sveu\u010dili\u0161nu klini\u010dku bolnicu Mostar su iz Gruda, oko 3 sata ujutro, dovezene dvije mu\u0161ke osobe sa prostrijelnim ranama. A.G.(1997.) godine je zadobio lak\u0161e tjelesne ozljede te je hospitaliziran na Klinici za kirurgiju. \u017d. G. (1949.) [&hellip;]<\/p>\n","protected":false},"author":2,"featured_media":166349,"comment_status":"closed","ping_status":"closed","sticky":false,"template":"","format":"standard","meta":{"h5ap_radio_sources":[],"footnotes":""},"categories":[1],"tags":[],"class_list":["post-166348","post","type-post","status-publish","format-standard","has-post-thumbnail","hentry","category-bihiregija"],"yoast_head":"<!-- This site is optimized with the Yoast SEO plugin v27.4 - https:\/\/yoast.com\/product\/yoast-seo-wordpress\/ -->\n<title>SKB Mostar: Ranjena osoba u pucnjavi u Grudama u te\u0161kom stanju i \u017eivotno ugro\u017eena - RADIO LJUBU\u0160KI<\/title>\n<meta name=\"robots\" content=\"index, follow, max-snippet:-1, max-image-preview:large, max-video-preview:-1\" \/>\n<link rel=\"canonical\" href=\"https:\/\/radioljubuski.ba\/index.php\/2022\/08\/04\/skb-mostar-ranjena-osoba-u-pucnjavi-u-grudama-u-teskom-stanju-i-zivotno-ugrozena\/\" \/>\n<meta property=\"og:locale\" content=\"hr_HR\" \/>\n<meta property=\"og:type\" content=\"article\" \/>\n<meta property=\"og:title\" content=\"SKB Mostar: Ranjena osoba u pucnjavi u Grudama u te\u0161kom stanju i \u017eivotno ugro\u017eena - RADIO LJUBU\u0160KI\" \/>\n<meta property=\"og:description\" content=\"O masakru koji se jutros u ranim satima dogodio u op\u0107ini Grude oglasili su se i iz SKB-a Mostar. -U Sveu\u010dili\u0161nu klini\u010dku bolnicu Mostar su iz Gruda, oko 3 sata ujutro, dovezene dvije mu\u0161ke osobe sa prostrijelnim ranama. A.G.(1997.) godine je zadobio lak\u0161e tjelesne ozljede te je hospitaliziran na Klinici za kirurgiju. \u017d. G. (1949.) [&hellip;]\" \/>\n<meta property=\"og:url\" content=\"https:\/\/radioljubuski.ba\/index.php\/2022\/08\/04\/skb-mostar-ranjena-osoba-u-pucnjavi-u-grudama-u-teskom-stanju-i-zivotno-ugrozena\/\" \/>\n<meta property=\"og:site_name\" content=\"RADIO LJUBU\u0160KI\" \/>\n<meta property=\"article:publisher\" content=\"https:\/\/www.facebook.com\/Radiio-Ljubuski-1490835324566332\" \/>\n<meta property=\"article:published_time\" content=\"2022-08-04T09:29:11+00:00\" \/>\n<meta property=\"article:modified_time\" content=\"2022-08-04T09:29:13+00:00\" \/>\n<meta property=\"og:image\" content=\"https:\/\/radioljubuski.ba\/wp-content\/uploads\/2022\/08\/8-2021-12-06-12-51-23-skb_mostar-1-1.jpg\" \/>\n\t<meta property=\"og:image:width\" content=\"1000\" \/>\n\t<meta property=\"og:image:height\" content=\"625\" \/>\n\t<meta property=\"og:image:type\" content=\"image\/jpeg\" \/>\n<meta name=\"author\" content=\"Radio Ljubu\u0161ki\" \/>\n<meta name=\"twitter:card\" content=\"summary_large_image\" \/>\n<meta name=\"twitter:creator\" content=\"@radioljubuski\" \/>\n<meta name=\"twitter:site\" content=\"@radioljubuski\" \/>\n<meta name=\"twitter:label1\" content=\"Napisao\/la\" \/>\n\t<meta name=\"twitter:data1\" content=\"Radio Ljubu\u0161ki\" \/>\n\t<meta name=\"twitter:label2\" content=\"Procijenjeno vrijeme \u010ditanja\" \/>\n\t<meta name=\"twitter:data2\" content=\"1 minuta\" \/>\n<script type=\"application\/ld+json\" class=\"yoast-schema-graph\">{\"@context\":\"https:\\\/\\\/schema.org\",\"@graph\":[{\"@type\":\"Article\",\"@id\":\"https:\\\/\\\/radioljubuski.ba\\\/index.php\\\/2022\\\/08\\\/04\\\/skb-mostar-ranjena-osoba-u-pucnjavi-u-grudama-u-teskom-stanju-i-zivotno-ugrozena\\\/#article\",\"isPartOf\":{\"@id\":\"https:\\\/\\\/radioljubuski.ba\\\/index.php\\\/2022\\\/08\\\/04\\\/skb-mostar-ranjena-osoba-u-pucnjavi-u-grudama-u-teskom-stanju-i-zivotno-ugrozena\\\/\"},\"author\":{\"name\":\"Radio Ljubu\u0161ki\",\"@id\":\"https:\\\/\\\/radioljubuski.ba\\\/#\\\/schema\\\/person\\\/19fc700381a780f69665d7956c469e3b\"},\"headline\":\"SKB Mostar: Ranjena osoba u pucnjavi u Grudama u te\u0161kom stanju i \u017eivotno ugro\u017eena\",\"datePublished\":\"2022-08-04T09:29:11+00:00\",\"dateModified\":\"2022-08-04T09:29:13+00:00\",\"mainEntityOfPage\":{\"@id\":\"https:\\\/\\\/radioljubuski.ba\\\/index.php\\\/2022\\\/08\\\/04\\\/skb-mostar-ranjena-osoba-u-pucnjavi-u-grudama-u-teskom-stanju-i-zivotno-ugrozena\\\/\"},\"wordCount\":163,\"publisher\":{\"@id\":\"https:\\\/\\\/radioljubuski.ba\\\/#organization\"},\"image\":{\"@id\":\"https:\\\/\\\/radioljubuski.ba\\\/index.php\\\/2022\\\/08\\\/04\\\/skb-mostar-ranjena-osoba-u-pucnjavi-u-grudama-u-teskom-stanju-i-zivotno-ugrozena\\\/#primaryimage\"},\"thumbnailUrl\":\"https:\\\/\\\/radioljubuski.ba\\\/wp-content\\\/uploads\\\/2022\\\/08\\\/8-2021-12-06-12-51-23-skb_mostar-1-1.jpg\",\"articleSection\":[\"BIH i regija\"],\"inLanguage\":\"hr\"},{\"@type\":\"WebPage\",\"@id\":\"https:\\\/\\\/radioljubuski.ba\\\/index.php\\\/2022\\\/08\\\/04\\\/skb-mostar-ranjena-osoba-u-pucnjavi-u-grudama-u-teskom-stanju-i-zivotno-ugrozena\\\/\",\"url\":\"https:\\\/\\\/radioljubuski.ba\\\/index.php\\\/2022\\\/08\\\/04\\\/skb-mostar-ranjena-osoba-u-pucnjavi-u-grudama-u-teskom-stanju-i-zivotno-ugrozena\\\/\",\"name\":\"SKB Mostar: Ranjena osoba u pucnjavi u Grudama u te\u0161kom stanju i \u017eivotno ugro\u017eena - RADIO LJUBU\u0160KI\",\"isPartOf\":{\"@id\":\"https:\\\/\\\/radioljubuski.ba\\\/#website\"},\"primaryImageOfPage\":{\"@id\":\"https:\\\/\\\/radioljubuski.ba\\\/index.php\\\/2022\\\/08\\\/04\\\/skb-mostar-ranjena-osoba-u-pucnjavi-u-grudama-u-teskom-stanju-i-zivotno-ugrozena\\\/#primaryimage\"},\"image\":{\"@id\":\"https:\\\/\\\/radioljubuski.ba\\\/index.php\\\/2022\\\/08\\\/04\\\/skb-mostar-ranjena-osoba-u-pucnjavi-u-grudama-u-teskom-stanju-i-zivotno-ugrozena\\\/#primaryimage\"},\"thumbnailUrl\":\"https:\\\/\\\/radioljubuski.ba\\\/wp-content\\\/uploads\\\/2022\\\/08\\\/8-2021-12-06-12-51-23-skb_mostar-1-1.jpg\",\"datePublished\":\"2022-08-04T09:29:11+00:00\",\"dateModified\":\"2022-08-04T09:29:13+00:00\",\"breadcrumb\":{\"@id\":\"https:\\\/\\\/radioljubuski.ba\\\/index.php\\\/2022\\\/08\\\/04\\\/skb-mostar-ranjena-osoba-u-pucnjavi-u-grudama-u-teskom-stanju-i-zivotno-ugrozena\\\/#breadcrumb\"},\"inLanguage\":\"hr\",\"potentialAction\":[{\"@type\":\"ReadAction\",\"target\":[\"https:\\\/\\\/radioljubuski.ba\\\/index.php\\\/2022\\\/08\\\/04\\\/skb-mostar-ranjena-osoba-u-pucnjavi-u-grudama-u-teskom-stanju-i-zivotno-ugrozena\\\/\"]}]},{\"@type\":\"ImageObject\",\"inLanguage\":\"hr\",\"@id\":\"https:\\\/\\\/radioljubuski.ba\\\/index.php\\\/2022\\\/08\\\/04\\\/skb-mostar-ranjena-osoba-u-pucnjavi-u-grudama-u-teskom-stanju-i-zivotno-ugrozena\\\/#primaryimage\",\"url\":\"https:\\\/\\\/radioljubuski.ba\\\/wp-content\\\/uploads\\\/2022\\\/08\\\/8-2021-12-06-12-51-23-skb_mostar-1-1.jpg\",\"contentUrl\":\"https:\\\/\\\/radioljubuski.ba\\\/wp-content\\\/uploads\\\/2022\\\/08\\\/8-2021-12-06-12-51-23-skb_mostar-1-1.jpg\",\"width\":1000,\"height\":625},{\"@type\":\"BreadcrumbList\",\"@id\":\"https:\\\/\\\/radioljubuski.ba\\\/index.php\\\/2022\\\/08\\\/04\\\/skb-mostar-ranjena-osoba-u-pucnjavi-u-grudama-u-teskom-stanju-i-zivotno-ugrozena\\\/#breadcrumb\",\"itemListElement\":[{\"@type\":\"ListItem\",\"position\":1,\"name\":\"Po\u010detna stranica\",\"item\":\"https:\\\/\\\/radioljubuski.ba\\\/\"},{\"@type\":\"ListItem\",\"position\":2,\"name\":\"SKB Mostar: Ranjena osoba u pucnjavi u Grudama u te\u0161kom stanju i \u017eivotno ugro\u017eena\"}]},{\"@type\":\"WebSite\",\"@id\":\"https:\\\/\\\/radioljubuski.ba\\\/#website\",\"url\":\"https:\\\/\\\/radioljubuski.ba\\\/\",\"name\":\"Radio Ljubu\u0161ki\",\"description\":\"Sun\u010dana frekvencija Hercegovine\",\"publisher\":{\"@id\":\"https:\\\/\\\/radioljubuski.ba\\\/#organization\"},\"potentialAction\":[{\"@type\":\"SearchAction\",\"target\":{\"@type\":\"EntryPoint\",\"urlTemplate\":\"https:\\\/\\\/radioljubuski.ba\\\/?s={search_term_string}\"},\"query-input\":{\"@type\":\"PropertyValueSpecification\",\"valueRequired\":true,\"valueName\":\"search_term_string\"}}],\"inLanguage\":\"hr\"},{\"@type\":\"Organization\",\"@id\":\"https:\\\/\\\/radioljubuski.ba\\\/#organization\",\"name\":\"Radio Ljubu\u0161ki\",\"url\":\"https:\\\/\\\/radioljubuski.ba\\\/\",\"logo\":{\"@type\":\"ImageObject\",\"inLanguage\":\"hr\",\"@id\":\"https:\\\/\\\/radioljubuski.ba\\\/#\\\/schema\\\/logo\\\/image\\\/\",\"url\":\"https:\\\/\\\/radioljubuski.ba\\\/wp-content\\\/uploads\\\/2021\\\/02\\\/cropped-Radio_Ljubuski_logo1.jpg\",\"contentUrl\":\"https:\\\/\\\/radioljubuski.ba\\\/wp-content\\\/uploads\\\/2021\\\/02\\\/cropped-Radio_Ljubuski_logo1.jpg\",\"width\":512,\"height\":512,\"caption\":\"Radio Ljubu\u0161ki\"},\"image\":{\"@id\":\"https:\\\/\\\/radioljubuski.ba\\\/#\\\/schema\\\/logo\\\/image\\\/\"},\"sameAs\":[\"https:\\\/\\\/www.facebook.com\\\/Radiio-Ljubuski-1490835324566332\",\"https:\\\/\\\/x.com\\\/radioljubuski\",\"https:\\\/\\\/hr.linkedin.com\\\/company\\\/radio-ljubuski\",\"https:\\\/\\\/www.youtube.com\\\/channel\\\/UCHYaeO_n0Db3tjNGudGpXyw\"]},{\"@type\":\"Person\",\"@id\":\"https:\\\/\\\/radioljubuski.ba\\\/#\\\/schema\\\/person\\\/19fc700381a780f69665d7956c469e3b\",\"name\":\"Radio Ljubu\u0161ki\"}]}<\/script>\n<!-- \/ Yoast SEO plugin. -->","yoast_head_json":{"title":"SKB Mostar: Ranjena osoba u pucnjavi u Grudama u te\u0161kom stanju i \u017eivotno ugro\u017eena - RADIO LJUBU\u0160KI","robots":{"index":"index","follow":"follow","max-snippet":"max-snippet:-1","max-image-preview":"max-image-preview:large","max-video-preview":"max-video-preview:-1"},"canonical":"https:\/\/radioljubuski.ba\/index.php\/2022\/08\/04\/skb-mostar-ranjena-osoba-u-pucnjavi-u-grudama-u-teskom-stanju-i-zivotno-ugrozena\/","og_locale":"hr_HR","og_type":"article","og_title":"SKB Mostar: Ranjena osoba u pucnjavi u Grudama u te\u0161kom stanju i \u017eivotno ugro\u017eena - RADIO LJUBU\u0160KI","og_description":"O masakru koji se jutros u ranim satima dogodio u op\u0107ini Grude oglasili su se i iz SKB-a Mostar. -U Sveu\u010dili\u0161nu klini\u010dku bolnicu Mostar su iz Gruda, oko 3 sata ujutro, dovezene dvije mu\u0161ke osobe sa prostrijelnim ranama. A.G.(1997.) godine je zadobio lak\u0161e tjelesne ozljede te je hospitaliziran na Klinici za kirurgiju. \u017d. G. (1949.) [&hellip;]","og_url":"https:\/\/radioljubuski.ba\/index.php\/2022\/08\/04\/skb-mostar-ranjena-osoba-u-pucnjavi-u-grudama-u-teskom-stanju-i-zivotno-ugrozena\/","og_site_name":"RADIO LJUBU\u0160KI","article_publisher":"https:\/\/www.facebook.com\/Radiio-Ljubuski-1490835324566332","article_published_time":"2022-08-04T09:29:11+00:00","article_modified_time":"2022-08-04T09:29:13+00:00","og_image":[{"width":1000,"height":625,"url":"https:\/\/radioljubuski.ba\/wp-content\/uploads\/2022\/08\/8-2021-12-06-12-51-23-skb_mostar-1-1.jpg","type":"image\/jpeg"}],"author":"Radio Ljubu\u0161ki","twitter_card":"summary_large_image","twitter_creator":"@radioljubuski","twitter_site":"@radioljubuski","twitter_misc":{"Napisao\/la":"Radio Ljubu\u0161ki","Procijenjeno vrijeme \u010ditanja":"1 minuta"},"schema":{"@context":"https:\/\/schema.org","@graph":[{"@type":"Article","@id":"https:\/\/radioljubuski.ba\/index.php\/2022\/08\/04\/skb-mostar-ranjena-osoba-u-pucnjavi-u-grudama-u-teskom-stanju-i-zivotno-ugrozena\/#article","isPartOf":{"@id":"https:\/\/radioljubuski.ba\/index.php\/2022\/08\/04\/skb-mostar-ranjena-osoba-u-pucnjavi-u-grudama-u-teskom-stanju-i-zivotno-ugrozena\/"},"author":{"name":"Radio Ljubu\u0161ki","@id":"https:\/\/radioljubuski.ba\/#\/schema\/person\/19fc700381a780f69665d7956c469e3b"},"headline":"SKB Mostar: Ranjena osoba u pucnjavi u Grudama u te\u0161kom stanju i \u017eivotno ugro\u017eena","datePublished":"2022-08-04T09:29:11+00:00","dateModified":"2022-08-04T09:29:13+00:00","mainEntityOfPage":{"@id":"https:\/\/radioljubuski.ba\/index.php\/2022\/08\/04\/skb-mostar-ranjena-osoba-u-pucnjavi-u-grudama-u-teskom-stanju-i-zivotno-ugrozena\/"},"wordCount":163,"publisher":{"@id":"https:\/\/radioljubuski.ba\/#organization"},"image":{"@id":"https:\/\/radioljubuski.ba\/index.php\/2022\/08\/04\/skb-mostar-ranjena-osoba-u-pucnjavi-u-grudama-u-teskom-stanju-i-zivotno-ugrozena\/#primaryimage"},"thumbnailUrl":"https:\/\/radioljubuski.ba\/wp-content\/uploads\/2022\/08\/8-2021-12-06-12-51-23-skb_mostar-1-1.jpg","articleSection":["BIH i regija"],"inLanguage":"hr"},{"@type":"WebPage","@id":"https:\/\/radioljubuski.ba\/index.php\/2022\/08\/04\/skb-mostar-ranjena-osoba-u-pucnjavi-u-grudama-u-teskom-stanju-i-zivotno-ugrozena\/","url":"https:\/\/radioljubuski.ba\/index.php\/2022\/08\/04\/skb-mostar-ranjena-osoba-u-pucnjavi-u-grudama-u-teskom-stanju-i-zivotno-ugrozena\/","name":"SKB Mostar: Ranjena osoba u pucnjavi u Grudama u te\u0161kom stanju i \u017eivotno ugro\u017eena - RADIO LJUBU\u0160KI","isPartOf":{"@id":"https:\/\/radioljubuski.ba\/#website"},"primaryImageOfPage":{"@id":"https:\/\/radioljubuski.ba\/index.php\/2022\/08\/04\/skb-mostar-ranjena-osoba-u-pucnjavi-u-grudama-u-teskom-stanju-i-zivotno-ugrozena\/#primaryimage"},"image":{"@id":"https:\/\/radioljubuski.ba\/index.php\/2022\/08\/04\/skb-mostar-ranjena-osoba-u-pucnjavi-u-grudama-u-teskom-stanju-i-zivotno-ugrozena\/#primaryimage"},"thumbnailUrl":"https:\/\/radioljubuski.ba\/wp-content\/uploads\/2022\/08\/8-2021-12-06-12-51-23-skb_mostar-1-1.jpg","datePublished":"2022-08-04T09:29:11+00:00","dateModified":"2022-08-04T09:29:13+00:00","breadcrumb":{"@id":"https:\/\/radioljubuski.ba\/index.php\/2022\/08\/04\/skb-mostar-ranjena-osoba-u-pucnjavi-u-grudama-u-teskom-stanju-i-zivotno-ugrozena\/#breadcrumb"},"inLanguage":"hr","potentialAction":[{"@type":"ReadAction","target":["https:\/\/radioljubuski.ba\/index.php\/2022\/08\/04\/skb-mostar-ranjena-osoba-u-pucnjavi-u-grudama-u-teskom-stanju-i-zivotno-ugrozena\/"]}]},{"@type":"ImageObject","inLanguage":"hr","@id":"https:\/\/radioljubuski.ba\/index.php\/2022\/08\/04\/skb-mostar-ranjena-osoba-u-pucnjavi-u-grudama-u-teskom-stanju-i-zivotno-ugrozena\/#primaryimage","url":"https:\/\/radioljubuski.ba\/wp-content\/uploads\/2022\/08\/8-2021-12-06-12-51-23-skb_mostar-1-1.jpg","contentUrl":"https:\/\/radioljubuski.ba\/wp-content\/uploads\/2022\/08\/8-2021-12-06-12-51-23-skb_mostar-1-1.jpg","width":1000,"height":625},{"@type":"BreadcrumbList","@id":"https:\/\/radioljubuski.ba\/index.php\/2022\/08\/04\/skb-mostar-ranjena-osoba-u-pucnjavi-u-grudama-u-teskom-stanju-i-zivotno-ugrozena\/#breadcrumb","itemListElement":[{"@type":"ListItem","position":1,"name":"Po\u010detna stranica","item":"https:\/\/radioljubuski.ba\/"},{"@type":"ListItem","position":2,"name":"SKB Mostar: Ranjena osoba u pucnjavi u Grudama u te\u0161kom stanju i \u017eivotno ugro\u017eena"}]},{"@type":"WebSite","@id":"https:\/\/radioljubuski.ba\/#website","url":"https:\/\/radioljubuski.ba\/","name":"Radio Ljubu\u0161ki","description":"Sun\u010dana frekvencija Hercegovine","publisher":{"@id":"https:\/\/radioljubuski.ba\/#organization"},"potentialAction":[{"@type":"SearchAction","target":{"@type":"EntryPoint","urlTemplate":"https:\/\/radioljubuski.ba\/?s={search_term_string}"},"query-input":{"@type":"PropertyValueSpecification","valueRequired":true,"valueName":"search_term_string"}}],"inLanguage":"hr"},{"@type":"Organization","@id":"https:\/\/radioljubuski.ba\/#organization","name":"Radio Ljubu\u0161ki","url":"https:\/\/radioljubuski.ba\/","logo":{"@type":"ImageObject","inLanguage":"hr","@id":"https:\/\/radioljubuski.ba\/#\/schema\/logo\/image\/","url":"https:\/\/radioljubuski.ba\/wp-content\/uploads\/2021\/02\/cropped-Radio_Ljubuski_logo1.jpg","contentUrl":"https:\/\/radioljubuski.ba\/wp-content\/uploads\/2021\/02\/cropped-Radio_Ljubuski_logo1.jpg","width":512,"height":512,"caption":"Radio Ljubu\u0161ki"},"image":{"@id":"https:\/\/radioljubuski.ba\/#\/schema\/logo\/image\/"},"sameAs":["https:\/\/www.facebook.com\/Radiio-Ljubuski-1490835324566332","https:\/\/x.com\/radioljubuski","https:\/\/hr.linkedin.com\/company\/radio-ljubuski","https:\/\/www.youtube.com\/channel\/UCHYaeO_n0Db3tjNGudGpXyw"]},{"@type":"Person","@id":"https:\/\/radioljubuski.ba\/#\/schema\/person\/19fc700381a780f69665d7956c469e3b","name":"Radio Ljubu\u0161ki"}]}},"_links":{"self":[{"href":"https:\/\/radioljubuski.ba\/index.php\/wp-json\/wp\/v2\/posts\/166348","targetHints":{"allow":["GET"]}}],"collection":[{"href":"https:\/\/radioljubuski.ba\/index.php\/wp-json\/wp\/v2\/posts"}],"about":[{"href":"https:\/\/radioljubuski.ba\/index.php\/wp-json\/wp\/v2\/types\/post"}],"author":[{"embeddable":true,"href":"https:\/\/radioljubuski.ba\/index.php\/wp-json\/wp\/v2\/users\/2"}],"replies":[{"embeddable":true,"href":"https:\/\/radioljubuski.ba\/index.php\/wp-json\/wp\/v2\/comments?post=166348"}],"version-history":[{"count":1,"href":"https:\/\/radioljubuski.ba\/index.php\/wp-json\/wp\/v2\/posts\/166348\/revisions"}],"predecessor-version":[{"id":166350,"href":"https:\/\/radioljubuski.ba\/index.php\/wp-json\/wp\/v2\/posts\/166348\/revisions\/166350"}],"wp:featuredmedia":[{"embeddable":true,"href":"https:\/\/radioljubuski.ba\/index.php\/wp-json\/wp\/v2\/media\/166349"}],"wp:attachment":[{"href":"https:\/\/radioljubuski.ba\/index.php\/wp-json\/wp\/v2\/media?parent=166348"}],"wp:term":[{"taxonomy":"category","embeddable":true,"href":"https:\/\/radioljubuski.ba\/index.php\/wp-json\/wp\/v2\/categories?post=166348"},{"taxonomy":"post_tag","embeddable":true,"href":"https:\/\/radioljubuski.ba\/index.php\/wp-json\/wp\/v2\/tags?post=166348"}],"curies":[{"name":"wp","href":"https:\/\/api.w.org\/{rel}","templated":true}]}}