{"id":166351,"date":"2022-08-04T10:34:26","date_gmt":"2022-08-04T09:34:26","guid":{"rendered":"https:\/\/radioljubuski.ba\/?p=166351"},"modified":"2022-08-04T10:34:27","modified_gmt":"2022-08-04T09:34:27","slug":"jarni-novi-izbornik-hrvatske-u-17-reprezentacije","status":"publish","type":"post","link":"https:\/\/radioljubuski.ba\/index.php\/2022\/08\/04\/jarni-novi-izbornik-hrvatske-u-17-reprezentacije\/","title":{"rendered":"Jarni novi izbornik hrvatske U-17 reprezentacije"},"content":{"rendered":"\n<p><strong>Biv\u0161i hrvatski nogometni reprezentativac Robert Jarni imenovan je novim izbornikom hrvatske U-17 reprezentacije koju \u0107e ove jeseni povesti u kvalifikacije za odlazak na Europsko prvenstvo 2023. godine.<\/strong><\/p>\n\n\n\n<p>U sjedi\u0161tu Hrvatskog nogometnog saveza predsjednik HNS-a<strong> Marijan Kusti\u0107 <\/strong>i Robert Jarni dogovorili su suradnju te razgovarali o izazovima koji \u010dekaju kadetsku reprezentaciju u predstoje\u0107em razdoblju.<\/p>\n\n\n\n<p>Jarni je u igra\u010dkoj karijeri nastupao za Hajduk, Bari, Torino, Juventus, Betis, Real Madrid, Las Palmas i Panathinaikos, a pritom je za hrvatsku A reprezentaciju odigrao 81 utakmicu i zabio jedan pogodak. Taj pogodak ujedno je nezaboravan za sve navija\u010de Vatrenih \u2013 Jarni je, naime, na\u010deo mre\u017eu Njema\u010dke u legendarnoj pobjedi Hrvatske u \u010detvrtfinalu Svjetskog prvenstva 1998. godine. S tom generacijom Jarni je osvojio bron\u010danu medalju kao nezamjenjivi lijevi bo\u010dni, a za Hrvatsku je nastupao i na Euru 1996. godine te Svjetskom prvenstvu 2002. godine.<\/p>\n\n\n\n<p>Nakon blistave igra\u010dke karijere, Jarni je kao trener radio u Hajduku, Istri 1961, Sarajevu, Pe\u010duhu, Pu\u0161ka\u0161 Akademiji i NorthEast Unitedu, a od 2017. do 2019. godine vodio je i hrvatsku U-19 reprezentaciju.<\/p>\n\n\n\n<p>\u2013 Iza Roberta je impresivna igra\u010dka karijera u kojoj je igrao za velike svjetske klubove, a pritom je ostavio neizbrisiv trag me\u0111u Vatrenima. Odli\u010dno zna \u0161to predstavlja hrvatska reprezentacija i vjerujem da \u0107e njegovo iskustvo biti od velikog zna\u010daja za na\u0161e mlade nogometa\u0161e. \u017delimo mu puno uspjeha u radu, a kao i svaki izbornik, imat \u0107e maksimalnu podr\u0161ku na\u0161e administracije kako bi reprezentacija i njegov sto\u017eer imali kvalitetne uvjete za rad, izjavio je predsjednik HNS-a Marijan Kusti\u0107.<\/p>\n\n\n\n<p>\u2013 Drago mi je ponovno biti dio HNS-ovog sustava te zahvaljujem na povjerenju predsjedniku Kusti\u0107u i Izvr\u0161nom odboru Saveza. HNS je me\u0111unarodno prepoznat po kvalitetnom radu s mla\u0111im uzrastima, pa stoga osje\u0107am ne samo \u010dast ve\u0107 i veliku odgovornost da dam svoj doprinos daljnjem razvoju mladih igra\u010da. Veselim se ovom izazovu i vjerujem u uspjeh \u2013 kako rezultatski, tako i u kontekstu razvoja igra\u010da, rekao je Jarni.<\/p>\n\n\n\n<p>U-17 reprezentaciju ove jeseni \u010deka po\u010detak kvalifikacija za Europsko prvenstvo koje \u0107e 2023. godine biti odr\u017eano u Ma\u0111arskoj, a Hrvatska je u prvoj fazi natjecanja smje\u0161tena u grupu s Walesom, Albanijom i \u0160vedskom.<\/p>\n\n\n\n<p>\/HMS\/<\/p>\n","protected":false},"excerpt":{"rendered":"<p>Biv\u0161i hrvatski nogometni reprezentativac Robert Jarni imenovan je novim izbornikom hrvatske U-17 reprezentacije koju \u0107e ove jeseni povesti u kvalifikacije za odlazak na Europsko prvenstvo 2023. godine. U sjedi\u0161tu Hrvatskog nogometnog saveza predsjednik HNS-a Marijan Kusti\u0107 i Robert Jarni dogovorili su suradnju te razgovarali o izazovima koji \u010dekaju kadetsku reprezentaciju u predstoje\u0107em razdoblju. Jarni je [&hellip;]<\/p>\n","protected":false},"author":2,"featured_media":166352,"comment_status":"closed","ping_status":"closed","sticky":false,"template":"","format":"standard","meta":{"h5ap_radio_sources":[],"footnotes":""},"categories":[7],"tags":[],"class_list":["post-166351","post","type-post","status-publish","format-standard","has-post-thumbnail","hentry","category-sport"],"yoast_head":"<!-- This site is optimized with the Yoast SEO plugin v27.5 - https:\/\/yoast.com\/product\/yoast-seo-wordpress\/ -->\n<title>Jarni novi izbornik hrvatske U-17 reprezentacije - RADIO LJUBU\u0160KI<\/title>\n<meta name=\"robots\" content=\"index, follow, max-snippet:-1, max-image-preview:large, max-video-preview:-1\" \/>\n<link rel=\"canonical\" href=\"https:\/\/radioljubuski.ba\/index.php\/2022\/08\/04\/jarni-novi-izbornik-hrvatske-u-17-reprezentacije\/\" \/>\n<meta property=\"og:locale\" content=\"hr_HR\" \/>\n<meta property=\"og:type\" content=\"article\" \/>\n<meta property=\"og:title\" content=\"Jarni novi izbornik hrvatske U-17 reprezentacije - RADIO LJUBU\u0160KI\" \/>\n<meta property=\"og:description\" content=\"Biv\u0161i hrvatski nogometni reprezentativac Robert Jarni imenovan je novim izbornikom hrvatske U-17 reprezentacije koju \u0107e ove jeseni povesti u kvalifikacije za odlazak na Europsko prvenstvo 2023. godine. U sjedi\u0161tu Hrvatskog nogometnog saveza predsjednik HNS-a Marijan Kusti\u0107 i Robert Jarni dogovorili su suradnju te razgovarali o izazovima koji \u010dekaju kadetsku reprezentaciju u predstoje\u0107em razdoblju. Jarni je [&hellip;]\" \/>\n<meta property=\"og:url\" content=\"https:\/\/radioljubuski.ba\/index.php\/2022\/08\/04\/jarni-novi-izbornik-hrvatske-u-17-reprezentacije\/\" \/>\n<meta property=\"og:site_name\" content=\"RADIO LJUBU\u0160KI\" \/>\n<meta property=\"article:publisher\" content=\"https:\/\/www.facebook.com\/Radiio-Ljubuski-1490835324566332\" \/>\n<meta property=\"article:published_time\" content=\"2022-08-04T09:34:26+00:00\" \/>\n<meta property=\"article:modified_time\" content=\"2022-08-04T09:34:27+00:00\" \/>\n<meta property=\"og:image\" content=\"https:\/\/radioljubuski.ba\/wp-content\/uploads\/2022\/08\/355777.jpg\" \/>\n\t<meta property=\"og:image:width\" content=\"730\" \/>\n\t<meta property=\"og:image:height\" content=\"487\" \/>\n\t<meta property=\"og:image:type\" content=\"image\/jpeg\" \/>\n<meta name=\"author\" content=\"Radio Ljubu\u0161ki\" \/>\n<meta name=\"twitter:card\" content=\"summary_large_image\" \/>\n<meta name=\"twitter:creator\" content=\"@radioljubuski\" \/>\n<meta name=\"twitter:site\" content=\"@radioljubuski\" \/>\n<meta name=\"twitter:label1\" content=\"Napisao\/la\" \/>\n\t<meta name=\"twitter:data1\" content=\"Radio Ljubu\u0161ki\" \/>\n\t<meta name=\"twitter:label2\" content=\"Procijenjeno vrijeme \u010ditanja\" \/>\n\t<meta name=\"twitter:data2\" content=\"2 minute\" \/>\n<script type=\"application\/ld+json\" class=\"yoast-schema-graph\">{\"@context\":\"https:\\\/\\\/schema.org\",\"@graph\":[{\"@type\":\"Article\",\"@id\":\"https:\\\/\\\/radioljubuski.ba\\\/index.php\\\/2022\\\/08\\\/04\\\/jarni-novi-izbornik-hrvatske-u-17-reprezentacije\\\/#article\",\"isPartOf\":{\"@id\":\"https:\\\/\\\/radioljubuski.ba\\\/index.php\\\/2022\\\/08\\\/04\\\/jarni-novi-izbornik-hrvatske-u-17-reprezentacije\\\/\"},\"author\":{\"name\":\"Radio Ljubu\u0161ki\",\"@id\":\"https:\\\/\\\/radioljubuski.ba\\\/#\\\/schema\\\/person\\\/19fc700381a780f69665d7956c469e3b\"},\"headline\":\"Jarni novi izbornik hrvatske U-17 reprezentacije\",\"datePublished\":\"2022-08-04T09:34:26+00:00\",\"dateModified\":\"2022-08-04T09:34:27+00:00\",\"mainEntityOfPage\":{\"@id\":\"https:\\\/\\\/radioljubuski.ba\\\/index.php\\\/2022\\\/08\\\/04\\\/jarni-novi-izbornik-hrvatske-u-17-reprezentacije\\\/\"},\"wordCount\":374,\"publisher\":{\"@id\":\"https:\\\/\\\/radioljubuski.ba\\\/#organization\"},\"image\":{\"@id\":\"https:\\\/\\\/radioljubuski.ba\\\/index.php\\\/2022\\\/08\\\/04\\\/jarni-novi-izbornik-hrvatske-u-17-reprezentacije\\\/#primaryimage\"},\"thumbnailUrl\":\"https:\\\/\\\/radioljubuski.ba\\\/wp-content\\\/uploads\\\/2022\\\/08\\\/355777.jpg\",\"articleSection\":[\"\u0160port\"],\"inLanguage\":\"hr\"},{\"@type\":\"WebPage\",\"@id\":\"https:\\\/\\\/radioljubuski.ba\\\/index.php\\\/2022\\\/08\\\/04\\\/jarni-novi-izbornik-hrvatske-u-17-reprezentacije\\\/\",\"url\":\"https:\\\/\\\/radioljubuski.ba\\\/index.php\\\/2022\\\/08\\\/04\\\/jarni-novi-izbornik-hrvatske-u-17-reprezentacije\\\/\",\"name\":\"Jarni novi izbornik hrvatske U-17 reprezentacije - RADIO LJUBU\u0160KI\",\"isPartOf\":{\"@id\":\"https:\\\/\\\/radioljubuski.ba\\\/#website\"},\"primaryImageOfPage\":{\"@id\":\"https:\\\/\\\/radioljubuski.ba\\\/index.php\\\/2022\\\/08\\\/04\\\/jarni-novi-izbornik-hrvatske-u-17-reprezentacije\\\/#primaryimage\"},\"image\":{\"@id\":\"https:\\\/\\\/radioljubuski.ba\\\/index.php\\\/2022\\\/08\\\/04\\\/jarni-novi-izbornik-hrvatske-u-17-reprezentacije\\\/#primaryimage\"},\"thumbnailUrl\":\"https:\\\/\\\/radioljubuski.ba\\\/wp-content\\\/uploads\\\/2022\\\/08\\\/355777.jpg\",\"datePublished\":\"2022-08-04T09:34:26+00:00\",\"dateModified\":\"2022-08-04T09:34:27+00:00\",\"breadcrumb\":{\"@id\":\"https:\\\/\\\/radioljubuski.ba\\\/index.php\\\/2022\\\/08\\\/04\\\/jarni-novi-izbornik-hrvatske-u-17-reprezentacije\\\/#breadcrumb\"},\"inLanguage\":\"hr\",\"potentialAction\":[{\"@type\":\"ReadAction\",\"target\":[\"https:\\\/\\\/radioljubuski.ba\\\/index.php\\\/2022\\\/08\\\/04\\\/jarni-novi-izbornik-hrvatske-u-17-reprezentacije\\\/\"]}]},{\"@type\":\"ImageObject\",\"inLanguage\":\"hr\",\"@id\":\"https:\\\/\\\/radioljubuski.ba\\\/index.php\\\/2022\\\/08\\\/04\\\/jarni-novi-izbornik-hrvatske-u-17-reprezentacije\\\/#primaryimage\",\"url\":\"https:\\\/\\\/radioljubuski.ba\\\/wp-content\\\/uploads\\\/2022\\\/08\\\/355777.jpg\",\"contentUrl\":\"https:\\\/\\\/radioljubuski.ba\\\/wp-content\\\/uploads\\\/2022\\\/08\\\/355777.jpg\",\"width\":730,\"height\":487},{\"@type\":\"BreadcrumbList\",\"@id\":\"https:\\\/\\\/radioljubuski.ba\\\/index.php\\\/2022\\\/08\\\/04\\\/jarni-novi-izbornik-hrvatske-u-17-reprezentacije\\\/#breadcrumb\",\"itemListElement\":[{\"@type\":\"ListItem\",\"position\":1,\"name\":\"Po\u010detna stranica\",\"item\":\"https:\\\/\\\/radioljubuski.ba\\\/\"},{\"@type\":\"ListItem\",\"position\":2,\"name\":\"Jarni novi izbornik hrvatske U-17 reprezentacije\"}]},{\"@type\":\"WebSite\",\"@id\":\"https:\\\/\\\/radioljubuski.ba\\\/#website\",\"url\":\"https:\\\/\\\/radioljubuski.ba\\\/\",\"name\":\"Radio Ljubu\u0161ki\",\"description\":\"Sun\u010dana frekvencija Hercegovine\",\"publisher\":{\"@id\":\"https:\\\/\\\/radioljubuski.ba\\\/#organization\"},\"potentialAction\":[{\"@type\":\"SearchAction\",\"target\":{\"@type\":\"EntryPoint\",\"urlTemplate\":\"https:\\\/\\\/radioljubuski.ba\\\/?s={search_term_string}\"},\"query-input\":{\"@type\":\"PropertyValueSpecification\",\"valueRequired\":true,\"valueName\":\"search_term_string\"}}],\"inLanguage\":\"hr\"},{\"@type\":\"Organization\",\"@id\":\"https:\\\/\\\/radioljubuski.ba\\\/#organization\",\"name\":\"Radio Ljubu\u0161ki\",\"url\":\"https:\\\/\\\/radioljubuski.ba\\\/\",\"logo\":{\"@type\":\"ImageObject\",\"inLanguage\":\"hr\",\"@id\":\"https:\\\/\\\/radioljubuski.ba\\\/#\\\/schema\\\/logo\\\/image\\\/\",\"url\":\"https:\\\/\\\/radioljubuski.ba\\\/wp-content\\\/uploads\\\/2021\\\/02\\\/cropped-Radio_Ljubuski_logo1.jpg\",\"contentUrl\":\"https:\\\/\\\/radioljubuski.ba\\\/wp-content\\\/uploads\\\/2021\\\/02\\\/cropped-Radio_Ljubuski_logo1.jpg\",\"width\":512,\"height\":512,\"caption\":\"Radio Ljubu\u0161ki\"},\"image\":{\"@id\":\"https:\\\/\\\/radioljubuski.ba\\\/#\\\/schema\\\/logo\\\/image\\\/\"},\"sameAs\":[\"https:\\\/\\\/www.facebook.com\\\/Radiio-Ljubuski-1490835324566332\",\"https:\\\/\\\/x.com\\\/radioljubuski\",\"https:\\\/\\\/hr.linkedin.com\\\/company\\\/radio-ljubuski\",\"https:\\\/\\\/www.youtube.com\\\/channel\\\/UCHYaeO_n0Db3tjNGudGpXyw\"]},{\"@type\":\"Person\",\"@id\":\"https:\\\/\\\/radioljubuski.ba\\\/#\\\/schema\\\/person\\\/19fc700381a780f69665d7956c469e3b\",\"name\":\"Radio Ljubu\u0161ki\"}]}<\/script>\n<!-- \/ Yoast SEO plugin. -->","yoast_head_json":{"title":"Jarni novi izbornik hrvatske U-17 reprezentacije - RADIO LJUBU\u0160KI","robots":{"index":"index","follow":"follow","max-snippet":"max-snippet:-1","max-image-preview":"max-image-preview:large","max-video-preview":"max-video-preview:-1"},"canonical":"https:\/\/radioljubuski.ba\/index.php\/2022\/08\/04\/jarni-novi-izbornik-hrvatske-u-17-reprezentacije\/","og_locale":"hr_HR","og_type":"article","og_title":"Jarni novi izbornik hrvatske U-17 reprezentacije - RADIO LJUBU\u0160KI","og_description":"Biv\u0161i hrvatski nogometni reprezentativac Robert Jarni imenovan je novim izbornikom hrvatske U-17 reprezentacije koju \u0107e ove jeseni povesti u kvalifikacije za odlazak na Europsko prvenstvo 2023. godine. U sjedi\u0161tu Hrvatskog nogometnog saveza predsjednik HNS-a Marijan Kusti\u0107 i Robert Jarni dogovorili su suradnju te razgovarali o izazovima koji \u010dekaju kadetsku reprezentaciju u predstoje\u0107em razdoblju. Jarni je [&hellip;]","og_url":"https:\/\/radioljubuski.ba\/index.php\/2022\/08\/04\/jarni-novi-izbornik-hrvatske-u-17-reprezentacije\/","og_site_name":"RADIO LJUBU\u0160KI","article_publisher":"https:\/\/www.facebook.com\/Radiio-Ljubuski-1490835324566332","article_published_time":"2022-08-04T09:34:26+00:00","article_modified_time":"2022-08-04T09:34:27+00:00","og_image":[{"width":730,"height":487,"url":"https:\/\/radioljubuski.ba\/wp-content\/uploads\/2022\/08\/355777.jpg","type":"image\/jpeg"}],"author":"Radio Ljubu\u0161ki","twitter_card":"summary_large_image","twitter_creator":"@radioljubuski","twitter_site":"@radioljubuski","twitter_misc":{"Napisao\/la":"Radio Ljubu\u0161ki","Procijenjeno vrijeme \u010ditanja":"2 minute"},"schema":{"@context":"https:\/\/schema.org","@graph":[{"@type":"Article","@id":"https:\/\/radioljubuski.ba\/index.php\/2022\/08\/04\/jarni-novi-izbornik-hrvatske-u-17-reprezentacije\/#article","isPartOf":{"@id":"https:\/\/radioljubuski.ba\/index.php\/2022\/08\/04\/jarni-novi-izbornik-hrvatske-u-17-reprezentacije\/"},"author":{"name":"Radio Ljubu\u0161ki","@id":"https:\/\/radioljubuski.ba\/#\/schema\/person\/19fc700381a780f69665d7956c469e3b"},"headline":"Jarni novi izbornik hrvatske U-17 reprezentacije","datePublished":"2022-08-04T09:34:26+00:00","dateModified":"2022-08-04T09:34:27+00:00","mainEntityOfPage":{"@id":"https:\/\/radioljubuski.ba\/index.php\/2022\/08\/04\/jarni-novi-izbornik-hrvatske-u-17-reprezentacije\/"},"wordCount":374,"publisher":{"@id":"https:\/\/radioljubuski.ba\/#organization"},"image":{"@id":"https:\/\/radioljubuski.ba\/index.php\/2022\/08\/04\/jarni-novi-izbornik-hrvatske-u-17-reprezentacije\/#primaryimage"},"thumbnailUrl":"https:\/\/radioljubuski.ba\/wp-content\/uploads\/2022\/08\/355777.jpg","articleSection":["\u0160port"],"inLanguage":"hr"},{"@type":"WebPage","@id":"https:\/\/radioljubuski.ba\/index.php\/2022\/08\/04\/jarni-novi-izbornik-hrvatske-u-17-reprezentacije\/","url":"https:\/\/radioljubuski.ba\/index.php\/2022\/08\/04\/jarni-novi-izbornik-hrvatske-u-17-reprezentacije\/","name":"Jarni novi izbornik hrvatske U-17 reprezentacije - RADIO LJUBU\u0160KI","isPartOf":{"@id":"https:\/\/radioljubuski.ba\/#website"},"primaryImageOfPage":{"@id":"https:\/\/radioljubuski.ba\/index.php\/2022\/08\/04\/jarni-novi-izbornik-hrvatske-u-17-reprezentacije\/#primaryimage"},"image":{"@id":"https:\/\/radioljubuski.ba\/index.php\/2022\/08\/04\/jarni-novi-izbornik-hrvatske-u-17-reprezentacije\/#primaryimage"},"thumbnailUrl":"https:\/\/radioljubuski.ba\/wp-content\/uploads\/2022\/08\/355777.jpg","datePublished":"2022-08-04T09:34:26+00:00","dateModified":"2022-08-04T09:34:27+00:00","breadcrumb":{"@id":"https:\/\/radioljubuski.ba\/index.php\/2022\/08\/04\/jarni-novi-izbornik-hrvatske-u-17-reprezentacije\/#breadcrumb"},"inLanguage":"hr","potentialAction":[{"@type":"ReadAction","target":["https:\/\/radioljubuski.ba\/index.php\/2022\/08\/04\/jarni-novi-izbornik-hrvatske-u-17-reprezentacije\/"]}]},{"@type":"ImageObject","inLanguage":"hr","@id":"https:\/\/radioljubuski.ba\/index.php\/2022\/08\/04\/jarni-novi-izbornik-hrvatske-u-17-reprezentacije\/#primaryimage","url":"https:\/\/radioljubuski.ba\/wp-content\/uploads\/2022\/08\/355777.jpg","contentUrl":"https:\/\/radioljubuski.ba\/wp-content\/uploads\/2022\/08\/355777.jpg","width":730,"height":487},{"@type":"BreadcrumbList","@id":"https:\/\/radioljubuski.ba\/index.php\/2022\/08\/04\/jarni-novi-izbornik-hrvatske-u-17-reprezentacije\/#breadcrumb","itemListElement":[{"@type":"ListItem","position":1,"name":"Po\u010detna stranica","item":"https:\/\/radioljubuski.ba\/"},{"@type":"ListItem","position":2,"name":"Jarni novi izbornik hrvatske U-17 reprezentacije"}]},{"@type":"WebSite","@id":"https:\/\/radioljubuski.ba\/#website","url":"https:\/\/radioljubuski.ba\/","name":"Radio Ljubu\u0161ki","description":"Sun\u010dana frekvencija Hercegovine","publisher":{"@id":"https:\/\/radioljubuski.ba\/#organization"},"potentialAction":[{"@type":"SearchAction","target":{"@type":"EntryPoint","urlTemplate":"https:\/\/radioljubuski.ba\/?s={search_term_string}"},"query-input":{"@type":"PropertyValueSpecification","valueRequired":true,"valueName":"search_term_string"}}],"inLanguage":"hr"},{"@type":"Organization","@id":"https:\/\/radioljubuski.ba\/#organization","name":"Radio Ljubu\u0161ki","url":"https:\/\/radioljubuski.ba\/","logo":{"@type":"ImageObject","inLanguage":"hr","@id":"https:\/\/radioljubuski.ba\/#\/schema\/logo\/image\/","url":"https:\/\/radioljubuski.ba\/wp-content\/uploads\/2021\/02\/cropped-Radio_Ljubuski_logo1.jpg","contentUrl":"https:\/\/radioljubuski.ba\/wp-content\/uploads\/2021\/02\/cropped-Radio_Ljubuski_logo1.jpg","width":512,"height":512,"caption":"Radio Ljubu\u0161ki"},"image":{"@id":"https:\/\/radioljubuski.ba\/#\/schema\/logo\/image\/"},"sameAs":["https:\/\/www.facebook.com\/Radiio-Ljubuski-1490835324566332","https:\/\/x.com\/radioljubuski","https:\/\/hr.linkedin.com\/company\/radio-ljubuski","https:\/\/www.youtube.com\/channel\/UCHYaeO_n0Db3tjNGudGpXyw"]},{"@type":"Person","@id":"https:\/\/radioljubuski.ba\/#\/schema\/person\/19fc700381a780f69665d7956c469e3b","name":"Radio Ljubu\u0161ki"}]}},"_links":{"self":[{"href":"https:\/\/radioljubuski.ba\/index.php\/wp-json\/wp\/v2\/posts\/166351","targetHints":{"allow":["GET"]}}],"collection":[{"href":"https:\/\/radioljubuski.ba\/index.php\/wp-json\/wp\/v2\/posts"}],"about":[{"href":"https:\/\/radioljubuski.ba\/index.php\/wp-json\/wp\/v2\/types\/post"}],"author":[{"embeddable":true,"href":"https:\/\/radioljubuski.ba\/index.php\/wp-json\/wp\/v2\/users\/2"}],"replies":[{"embeddable":true,"href":"https:\/\/radioljubuski.ba\/index.php\/wp-json\/wp\/v2\/comments?post=166351"}],"version-history":[{"count":1,"href":"https:\/\/radioljubuski.ba\/index.php\/wp-json\/wp\/v2\/posts\/166351\/revisions"}],"predecessor-version":[{"id":166353,"href":"https:\/\/radioljubuski.ba\/index.php\/wp-json\/wp\/v2\/posts\/166351\/revisions\/166353"}],"wp:featuredmedia":[{"embeddable":true,"href":"https:\/\/radioljubuski.ba\/index.php\/wp-json\/wp\/v2\/media\/166352"}],"wp:attachment":[{"href":"https:\/\/radioljubuski.ba\/index.php\/wp-json\/wp\/v2\/media?parent=166351"}],"wp:term":[{"taxonomy":"category","embeddable":true,"href":"https:\/\/radioljubuski.ba\/index.php\/wp-json\/wp\/v2\/categories?post=166351"},{"taxonomy":"post_tag","embeddable":true,"href":"https:\/\/radioljubuski.ba\/index.php\/wp-json\/wp\/v2\/tags?post=166351"}],"curies":[{"name":"wp","href":"https:\/\/api.w.org\/{rel}","templated":true}]}}