{"id":166354,"date":"2022-08-04T10:36:56","date_gmt":"2022-08-04T09:36:56","guid":{"rendered":"https:\/\/radioljubuski.ba\/?p=166354"},"modified":"2022-08-04T10:36:57","modified_gmt":"2022-08-04T09:36:57","slug":"lequipe-tudor-je-sve-unistio-unosi-se-u-lice-igracima-i-ponavlja-im-istu-recenicu","status":"publish","type":"post","link":"https:\/\/radioljubuski.ba\/index.php\/2022\/08\/04\/lequipe-tudor-je-sve-unistio-unosi-se-u-lice-igracima-i-ponavlja-im-istu-recenicu\/","title":{"rendered":"L\u2019Equipe: Tudor je sve uni\u0161tio. Unosi se u lice igra\u010dima i ponavlja im istu re\u010denicu"},"content":{"rendered":"\n<p><strong>Igra\u010di Marseillea po\u017ealili su se gazdi Pablu Longoriji na trenera Igora Tudora (44). Hrvatski trener stigao je u klub prije mjesec dana i dosad je zaratio s nekolicinom. Francuza Jordana Amavija prebacio je u rezerve nakon \u017eestoke rasprave, a Brazilca Gersona i Tur\u010dina Cengiza Undera tako\u0111er planira potjerati iz kluba.<\/strong><\/p>\n\n\n\n<h3 class=\"wp-block-heading\">Camoranesi pobjegao nakon tjedan dana, igra\u010di nezadovoljni<\/h3>\n\n\n\n<p>Iz kluba je nakon samo tjedan dana oti\u0161ao pomo\u0107ni trener Mauro Camoranesi, nezadovoljan Tudorovim pona\u0161anjem. Igra\u010di smatraju da su Tudorove trening-metode brutalne te da se previ\u0161e suhoparno tr\u010di, a neki su ga nazvali i lu\u0111akom. Tudor se navodno igra\u010dima unosi u lice i govori istu re\u010denicu:<\/p>\n\n\n\n<p>\u201cNe tr\u010dite dovoljno, ne radite dovoljno i ne igrate kako biste trebali\u201d, prenosi L\u2019Equipe Tudorove rije\u010di koje se \u010desto \u010duju na Marseilleovim treninzima. Jedan izvor iz kluba je dodao: \u201cTudor je ponekad hladan. Uni\u0161tio je sve \u0161to je Sampaoli napravio. Stil, atmosferu i mom\u010dad koju mijenja u sasvim drugu krajnost.\u201d<\/p>\n\n\n\n<h3 class=\"wp-block-heading\">Payet se po\u017ealio, uprava na strani trenera<\/h3>\n\n\n\n<p>Igra\u010di Marseillea ne razumiju Tudorove metode i smatraju da ne trebaju previ\u0161e toga mijenjati u odnosu na prethodnu sezonu. Podsjetimo, tada je Marseilleov trener bio karizmati\u010dni Argentinac Jorge Sampaoli, koji je klub napustio nakon osvojenog drugog mjesta u Le Championnatu te izborenog plasmana u skupine Lige prvaka, pi\u0161e Index.hr.<\/p>\n\n\n\n<p>Zbog toga je Dimitri Payet zatra\u017eio krizni sastanak s Longorijom, ali u cijeloj pri\u010di bi deblji kraj mogla izvu\u0107i skupina nezadovoljnih igra\u010da. U klubu smatraju da 80 ili 90 posto igra\u010da prati Tudorove ideje. Marseille se stoga planira rije\u0161iti igra\u010da koji ne prate trenera pa je Tudorov posao zasad siguran. Marseille u nedjelju do\u010dekuje Reims na Velodromeu u prvom kolu francuskog prvenstva, a u \u010detiri pripremne utakmice Tudor je ostvario jednu pobjedu.<\/p>\n\n\n\n<p>\/HMS\/<\/p>\n","protected":false},"excerpt":{"rendered":"<p>Igra\u010di Marseillea po\u017ealili su se gazdi Pablu Longoriji na trenera Igora Tudora (44). Hrvatski trener stigao je u klub prije mjesec dana i dosad je zaratio s nekolicinom. Francuza Jordana Amavija prebacio je u rezerve nakon \u017eestoke rasprave, a Brazilca Gersona i Tur\u010dina Cengiza Undera tako\u0111er planira potjerati iz kluba. Camoranesi pobjegao nakon tjedan dana, [&hellip;]<\/p>\n","protected":false},"author":2,"featured_media":166355,"comment_status":"closed","ping_status":"closed","sticky":false,"template":"","format":"standard","meta":{"h5ap_radio_sources":[],"footnotes":""},"categories":[7],"tags":[],"class_list":["post-166354","post","type-post","status-publish","format-standard","has-post-thumbnail","hentry","category-sport"],"yoast_head":"<!-- This site is optimized with the Yoast SEO plugin v27.5 - https:\/\/yoast.com\/product\/yoast-seo-wordpress\/ -->\n<title>L\u2019Equipe: Tudor je sve uni\u0161tio. Unosi se u lice igra\u010dima i ponavlja im istu re\u010denicu - RADIO LJUBU\u0160KI<\/title>\n<meta name=\"robots\" content=\"index, follow, max-snippet:-1, max-image-preview:large, max-video-preview:-1\" \/>\n<link rel=\"canonical\" href=\"https:\/\/radioljubuski.ba\/index.php\/2022\/08\/04\/lequipe-tudor-je-sve-unistio-unosi-se-u-lice-igracima-i-ponavlja-im-istu-recenicu\/\" \/>\n<meta property=\"og:locale\" content=\"hr_HR\" \/>\n<meta property=\"og:type\" content=\"article\" \/>\n<meta property=\"og:title\" content=\"L\u2019Equipe: Tudor je sve uni\u0161tio. Unosi se u lice igra\u010dima i ponavlja im istu re\u010denicu - RADIO LJUBU\u0160KI\" \/>\n<meta property=\"og:description\" content=\"Igra\u010di Marseillea po\u017ealili su se gazdi Pablu Longoriji na trenera Igora Tudora (44). Hrvatski trener stigao je u klub prije mjesec dana i dosad je zaratio s nekolicinom. Francuza Jordana Amavija prebacio je u rezerve nakon \u017eestoke rasprave, a Brazilca Gersona i Tur\u010dina Cengiza Undera tako\u0111er planira potjerati iz kluba. Camoranesi pobjegao nakon tjedan dana, [&hellip;]\" \/>\n<meta property=\"og:url\" content=\"https:\/\/radioljubuski.ba\/index.php\/2022\/08\/04\/lequipe-tudor-je-sve-unistio-unosi-se-u-lice-igracima-i-ponavlja-im-istu-recenicu\/\" \/>\n<meta property=\"og:site_name\" content=\"RADIO LJUBU\u0160KI\" \/>\n<meta property=\"article:publisher\" content=\"https:\/\/www.facebook.com\/Radiio-Ljubuski-1490835324566332\" \/>\n<meta property=\"article:published_time\" content=\"2022-08-04T09:36:56+00:00\" \/>\n<meta property=\"article:modified_time\" content=\"2022-08-04T09:36:57+00:00\" \/>\n<meta property=\"og:image\" content=\"https:\/\/radioljubuski.ba\/wp-content\/uploads\/2022\/08\/44.png\" \/>\n\t<meta property=\"og:image:width\" content=\"1059\" \/>\n\t<meta property=\"og:image:height\" content=\"554\" \/>\n\t<meta property=\"og:image:type\" content=\"image\/png\" \/>\n<meta name=\"author\" content=\"Radio Ljubu\u0161ki\" \/>\n<meta name=\"twitter:card\" content=\"summary_large_image\" \/>\n<meta name=\"twitter:creator\" content=\"@radioljubuski\" \/>\n<meta name=\"twitter:site\" content=\"@radioljubuski\" \/>\n<meta name=\"twitter:label1\" content=\"Napisao\/la\" \/>\n\t<meta name=\"twitter:data1\" content=\"Radio Ljubu\u0161ki\" \/>\n\t<meta name=\"twitter:label2\" content=\"Procijenjeno vrijeme \u010ditanja\" \/>\n\t<meta name=\"twitter:data2\" content=\"2 minute\" \/>\n<script type=\"application\/ld+json\" class=\"yoast-schema-graph\">{\"@context\":\"https:\\\/\\\/schema.org\",\"@graph\":[{\"@type\":\"Article\",\"@id\":\"https:\\\/\\\/radioljubuski.ba\\\/index.php\\\/2022\\\/08\\\/04\\\/lequipe-tudor-je-sve-unistio-unosi-se-u-lice-igracima-i-ponavlja-im-istu-recenicu\\\/#article\",\"isPartOf\":{\"@id\":\"https:\\\/\\\/radioljubuski.ba\\\/index.php\\\/2022\\\/08\\\/04\\\/lequipe-tudor-je-sve-unistio-unosi-se-u-lice-igracima-i-ponavlja-im-istu-recenicu\\\/\"},\"author\":{\"name\":\"Radio Ljubu\u0161ki\",\"@id\":\"https:\\\/\\\/radioljubuski.ba\\\/#\\\/schema\\\/person\\\/19fc700381a780f69665d7956c469e3b\"},\"headline\":\"L\u2019Equipe: Tudor je sve uni\u0161tio. Unosi se u lice igra\u010dima i ponavlja im istu re\u010denicu\",\"datePublished\":\"2022-08-04T09:36:56+00:00\",\"dateModified\":\"2022-08-04T09:36:57+00:00\",\"mainEntityOfPage\":{\"@id\":\"https:\\\/\\\/radioljubuski.ba\\\/index.php\\\/2022\\\/08\\\/04\\\/lequipe-tudor-je-sve-unistio-unosi-se-u-lice-igracima-i-ponavlja-im-istu-recenicu\\\/\"},\"wordCount\":331,\"publisher\":{\"@id\":\"https:\\\/\\\/radioljubuski.ba\\\/#organization\"},\"image\":{\"@id\":\"https:\\\/\\\/radioljubuski.ba\\\/index.php\\\/2022\\\/08\\\/04\\\/lequipe-tudor-je-sve-unistio-unosi-se-u-lice-igracima-i-ponavlja-im-istu-recenicu\\\/#primaryimage\"},\"thumbnailUrl\":\"https:\\\/\\\/radioljubuski.ba\\\/wp-content\\\/uploads\\\/2022\\\/08\\\/44.png\",\"articleSection\":[\"\u0160port\"],\"inLanguage\":\"hr\"},{\"@type\":\"WebPage\",\"@id\":\"https:\\\/\\\/radioljubuski.ba\\\/index.php\\\/2022\\\/08\\\/04\\\/lequipe-tudor-je-sve-unistio-unosi-se-u-lice-igracima-i-ponavlja-im-istu-recenicu\\\/\",\"url\":\"https:\\\/\\\/radioljubuski.ba\\\/index.php\\\/2022\\\/08\\\/04\\\/lequipe-tudor-je-sve-unistio-unosi-se-u-lice-igracima-i-ponavlja-im-istu-recenicu\\\/\",\"name\":\"L\u2019Equipe: Tudor je sve uni\u0161tio. Unosi se u lice igra\u010dima i ponavlja im istu re\u010denicu - RADIO LJUBU\u0160KI\",\"isPartOf\":{\"@id\":\"https:\\\/\\\/radioljubuski.ba\\\/#website\"},\"primaryImageOfPage\":{\"@id\":\"https:\\\/\\\/radioljubuski.ba\\\/index.php\\\/2022\\\/08\\\/04\\\/lequipe-tudor-je-sve-unistio-unosi-se-u-lice-igracima-i-ponavlja-im-istu-recenicu\\\/#primaryimage\"},\"image\":{\"@id\":\"https:\\\/\\\/radioljubuski.ba\\\/index.php\\\/2022\\\/08\\\/04\\\/lequipe-tudor-je-sve-unistio-unosi-se-u-lice-igracima-i-ponavlja-im-istu-recenicu\\\/#primaryimage\"},\"thumbnailUrl\":\"https:\\\/\\\/radioljubuski.ba\\\/wp-content\\\/uploads\\\/2022\\\/08\\\/44.png\",\"datePublished\":\"2022-08-04T09:36:56+00:00\",\"dateModified\":\"2022-08-04T09:36:57+00:00\",\"breadcrumb\":{\"@id\":\"https:\\\/\\\/radioljubuski.ba\\\/index.php\\\/2022\\\/08\\\/04\\\/lequipe-tudor-je-sve-unistio-unosi-se-u-lice-igracima-i-ponavlja-im-istu-recenicu\\\/#breadcrumb\"},\"inLanguage\":\"hr\",\"potentialAction\":[{\"@type\":\"ReadAction\",\"target\":[\"https:\\\/\\\/radioljubuski.ba\\\/index.php\\\/2022\\\/08\\\/04\\\/lequipe-tudor-je-sve-unistio-unosi-se-u-lice-igracima-i-ponavlja-im-istu-recenicu\\\/\"]}]},{\"@type\":\"ImageObject\",\"inLanguage\":\"hr\",\"@id\":\"https:\\\/\\\/radioljubuski.ba\\\/index.php\\\/2022\\\/08\\\/04\\\/lequipe-tudor-je-sve-unistio-unosi-se-u-lice-igracima-i-ponavlja-im-istu-recenicu\\\/#primaryimage\",\"url\":\"https:\\\/\\\/radioljubuski.ba\\\/wp-content\\\/uploads\\\/2022\\\/08\\\/44.png\",\"contentUrl\":\"https:\\\/\\\/radioljubuski.ba\\\/wp-content\\\/uploads\\\/2022\\\/08\\\/44.png\",\"width\":1059,\"height\":554},{\"@type\":\"BreadcrumbList\",\"@id\":\"https:\\\/\\\/radioljubuski.ba\\\/index.php\\\/2022\\\/08\\\/04\\\/lequipe-tudor-je-sve-unistio-unosi-se-u-lice-igracima-i-ponavlja-im-istu-recenicu\\\/#breadcrumb\",\"itemListElement\":[{\"@type\":\"ListItem\",\"position\":1,\"name\":\"Po\u010detna stranica\",\"item\":\"https:\\\/\\\/radioljubuski.ba\\\/\"},{\"@type\":\"ListItem\",\"position\":2,\"name\":\"L\u2019Equipe: Tudor je sve uni\u0161tio. Unosi se u lice igra\u010dima i ponavlja im istu re\u010denicu\"}]},{\"@type\":\"WebSite\",\"@id\":\"https:\\\/\\\/radioljubuski.ba\\\/#website\",\"url\":\"https:\\\/\\\/radioljubuski.ba\\\/\",\"name\":\"Radio Ljubu\u0161ki\",\"description\":\"Sun\u010dana frekvencija Hercegovine\",\"publisher\":{\"@id\":\"https:\\\/\\\/radioljubuski.ba\\\/#organization\"},\"potentialAction\":[{\"@type\":\"SearchAction\",\"target\":{\"@type\":\"EntryPoint\",\"urlTemplate\":\"https:\\\/\\\/radioljubuski.ba\\\/?s={search_term_string}\"},\"query-input\":{\"@type\":\"PropertyValueSpecification\",\"valueRequired\":true,\"valueName\":\"search_term_string\"}}],\"inLanguage\":\"hr\"},{\"@type\":\"Organization\",\"@id\":\"https:\\\/\\\/radioljubuski.ba\\\/#organization\",\"name\":\"Radio Ljubu\u0161ki\",\"url\":\"https:\\\/\\\/radioljubuski.ba\\\/\",\"logo\":{\"@type\":\"ImageObject\",\"inLanguage\":\"hr\",\"@id\":\"https:\\\/\\\/radioljubuski.ba\\\/#\\\/schema\\\/logo\\\/image\\\/\",\"url\":\"https:\\\/\\\/radioljubuski.ba\\\/wp-content\\\/uploads\\\/2021\\\/02\\\/cropped-Radio_Ljubuski_logo1.jpg\",\"contentUrl\":\"https:\\\/\\\/radioljubuski.ba\\\/wp-content\\\/uploads\\\/2021\\\/02\\\/cropped-Radio_Ljubuski_logo1.jpg\",\"width\":512,\"height\":512,\"caption\":\"Radio Ljubu\u0161ki\"},\"image\":{\"@id\":\"https:\\\/\\\/radioljubuski.ba\\\/#\\\/schema\\\/logo\\\/image\\\/\"},\"sameAs\":[\"https:\\\/\\\/www.facebook.com\\\/Radiio-Ljubuski-1490835324566332\",\"https:\\\/\\\/x.com\\\/radioljubuski\",\"https:\\\/\\\/hr.linkedin.com\\\/company\\\/radio-ljubuski\",\"https:\\\/\\\/www.youtube.com\\\/channel\\\/UCHYaeO_n0Db3tjNGudGpXyw\"]},{\"@type\":\"Person\",\"@id\":\"https:\\\/\\\/radioljubuski.ba\\\/#\\\/schema\\\/person\\\/19fc700381a780f69665d7956c469e3b\",\"name\":\"Radio Ljubu\u0161ki\"}]}<\/script>\n<!-- \/ Yoast SEO plugin. -->","yoast_head_json":{"title":"L\u2019Equipe: Tudor je sve uni\u0161tio. Unosi se u lice igra\u010dima i ponavlja im istu re\u010denicu - RADIO LJUBU\u0160KI","robots":{"index":"index","follow":"follow","max-snippet":"max-snippet:-1","max-image-preview":"max-image-preview:large","max-video-preview":"max-video-preview:-1"},"canonical":"https:\/\/radioljubuski.ba\/index.php\/2022\/08\/04\/lequipe-tudor-je-sve-unistio-unosi-se-u-lice-igracima-i-ponavlja-im-istu-recenicu\/","og_locale":"hr_HR","og_type":"article","og_title":"L\u2019Equipe: Tudor je sve uni\u0161tio. Unosi se u lice igra\u010dima i ponavlja im istu re\u010denicu - RADIO LJUBU\u0160KI","og_description":"Igra\u010di Marseillea po\u017ealili su se gazdi Pablu Longoriji na trenera Igora Tudora (44). Hrvatski trener stigao je u klub prije mjesec dana i dosad je zaratio s nekolicinom. Francuza Jordana Amavija prebacio je u rezerve nakon \u017eestoke rasprave, a Brazilca Gersona i Tur\u010dina Cengiza Undera tako\u0111er planira potjerati iz kluba. Camoranesi pobjegao nakon tjedan dana, [&hellip;]","og_url":"https:\/\/radioljubuski.ba\/index.php\/2022\/08\/04\/lequipe-tudor-je-sve-unistio-unosi-se-u-lice-igracima-i-ponavlja-im-istu-recenicu\/","og_site_name":"RADIO LJUBU\u0160KI","article_publisher":"https:\/\/www.facebook.com\/Radiio-Ljubuski-1490835324566332","article_published_time":"2022-08-04T09:36:56+00:00","article_modified_time":"2022-08-04T09:36:57+00:00","og_image":[{"width":1059,"height":554,"url":"https:\/\/radioljubuski.ba\/wp-content\/uploads\/2022\/08\/44.png","type":"image\/png"}],"author":"Radio Ljubu\u0161ki","twitter_card":"summary_large_image","twitter_creator":"@radioljubuski","twitter_site":"@radioljubuski","twitter_misc":{"Napisao\/la":"Radio Ljubu\u0161ki","Procijenjeno vrijeme \u010ditanja":"2 minute"},"schema":{"@context":"https:\/\/schema.org","@graph":[{"@type":"Article","@id":"https:\/\/radioljubuski.ba\/index.php\/2022\/08\/04\/lequipe-tudor-je-sve-unistio-unosi-se-u-lice-igracima-i-ponavlja-im-istu-recenicu\/#article","isPartOf":{"@id":"https:\/\/radioljubuski.ba\/index.php\/2022\/08\/04\/lequipe-tudor-je-sve-unistio-unosi-se-u-lice-igracima-i-ponavlja-im-istu-recenicu\/"},"author":{"name":"Radio Ljubu\u0161ki","@id":"https:\/\/radioljubuski.ba\/#\/schema\/person\/19fc700381a780f69665d7956c469e3b"},"headline":"L\u2019Equipe: Tudor je sve uni\u0161tio. Unosi se u lice igra\u010dima i ponavlja im istu re\u010denicu","datePublished":"2022-08-04T09:36:56+00:00","dateModified":"2022-08-04T09:36:57+00:00","mainEntityOfPage":{"@id":"https:\/\/radioljubuski.ba\/index.php\/2022\/08\/04\/lequipe-tudor-je-sve-unistio-unosi-se-u-lice-igracima-i-ponavlja-im-istu-recenicu\/"},"wordCount":331,"publisher":{"@id":"https:\/\/radioljubuski.ba\/#organization"},"image":{"@id":"https:\/\/radioljubuski.ba\/index.php\/2022\/08\/04\/lequipe-tudor-je-sve-unistio-unosi-se-u-lice-igracima-i-ponavlja-im-istu-recenicu\/#primaryimage"},"thumbnailUrl":"https:\/\/radioljubuski.ba\/wp-content\/uploads\/2022\/08\/44.png","articleSection":["\u0160port"],"inLanguage":"hr"},{"@type":"WebPage","@id":"https:\/\/radioljubuski.ba\/index.php\/2022\/08\/04\/lequipe-tudor-je-sve-unistio-unosi-se-u-lice-igracima-i-ponavlja-im-istu-recenicu\/","url":"https:\/\/radioljubuski.ba\/index.php\/2022\/08\/04\/lequipe-tudor-je-sve-unistio-unosi-se-u-lice-igracima-i-ponavlja-im-istu-recenicu\/","name":"L\u2019Equipe: Tudor je sve uni\u0161tio. Unosi se u lice igra\u010dima i ponavlja im istu re\u010denicu - RADIO LJUBU\u0160KI","isPartOf":{"@id":"https:\/\/radioljubuski.ba\/#website"},"primaryImageOfPage":{"@id":"https:\/\/radioljubuski.ba\/index.php\/2022\/08\/04\/lequipe-tudor-je-sve-unistio-unosi-se-u-lice-igracima-i-ponavlja-im-istu-recenicu\/#primaryimage"},"image":{"@id":"https:\/\/radioljubuski.ba\/index.php\/2022\/08\/04\/lequipe-tudor-je-sve-unistio-unosi-se-u-lice-igracima-i-ponavlja-im-istu-recenicu\/#primaryimage"},"thumbnailUrl":"https:\/\/radioljubuski.ba\/wp-content\/uploads\/2022\/08\/44.png","datePublished":"2022-08-04T09:36:56+00:00","dateModified":"2022-08-04T09:36:57+00:00","breadcrumb":{"@id":"https:\/\/radioljubuski.ba\/index.php\/2022\/08\/04\/lequipe-tudor-je-sve-unistio-unosi-se-u-lice-igracima-i-ponavlja-im-istu-recenicu\/#breadcrumb"},"inLanguage":"hr","potentialAction":[{"@type":"ReadAction","target":["https:\/\/radioljubuski.ba\/index.php\/2022\/08\/04\/lequipe-tudor-je-sve-unistio-unosi-se-u-lice-igracima-i-ponavlja-im-istu-recenicu\/"]}]},{"@type":"ImageObject","inLanguage":"hr","@id":"https:\/\/radioljubuski.ba\/index.php\/2022\/08\/04\/lequipe-tudor-je-sve-unistio-unosi-se-u-lice-igracima-i-ponavlja-im-istu-recenicu\/#primaryimage","url":"https:\/\/radioljubuski.ba\/wp-content\/uploads\/2022\/08\/44.png","contentUrl":"https:\/\/radioljubuski.ba\/wp-content\/uploads\/2022\/08\/44.png","width":1059,"height":554},{"@type":"BreadcrumbList","@id":"https:\/\/radioljubuski.ba\/index.php\/2022\/08\/04\/lequipe-tudor-je-sve-unistio-unosi-se-u-lice-igracima-i-ponavlja-im-istu-recenicu\/#breadcrumb","itemListElement":[{"@type":"ListItem","position":1,"name":"Po\u010detna stranica","item":"https:\/\/radioljubuski.ba\/"},{"@type":"ListItem","position":2,"name":"L\u2019Equipe: Tudor je sve uni\u0161tio. Unosi se u lice igra\u010dima i ponavlja im istu re\u010denicu"}]},{"@type":"WebSite","@id":"https:\/\/radioljubuski.ba\/#website","url":"https:\/\/radioljubuski.ba\/","name":"Radio Ljubu\u0161ki","description":"Sun\u010dana frekvencija Hercegovine","publisher":{"@id":"https:\/\/radioljubuski.ba\/#organization"},"potentialAction":[{"@type":"SearchAction","target":{"@type":"EntryPoint","urlTemplate":"https:\/\/radioljubuski.ba\/?s={search_term_string}"},"query-input":{"@type":"PropertyValueSpecification","valueRequired":true,"valueName":"search_term_string"}}],"inLanguage":"hr"},{"@type":"Organization","@id":"https:\/\/radioljubuski.ba\/#organization","name":"Radio Ljubu\u0161ki","url":"https:\/\/radioljubuski.ba\/","logo":{"@type":"ImageObject","inLanguage":"hr","@id":"https:\/\/radioljubuski.ba\/#\/schema\/logo\/image\/","url":"https:\/\/radioljubuski.ba\/wp-content\/uploads\/2021\/02\/cropped-Radio_Ljubuski_logo1.jpg","contentUrl":"https:\/\/radioljubuski.ba\/wp-content\/uploads\/2021\/02\/cropped-Radio_Ljubuski_logo1.jpg","width":512,"height":512,"caption":"Radio Ljubu\u0161ki"},"image":{"@id":"https:\/\/radioljubuski.ba\/#\/schema\/logo\/image\/"},"sameAs":["https:\/\/www.facebook.com\/Radiio-Ljubuski-1490835324566332","https:\/\/x.com\/radioljubuski","https:\/\/hr.linkedin.com\/company\/radio-ljubuski","https:\/\/www.youtube.com\/channel\/UCHYaeO_n0Db3tjNGudGpXyw"]},{"@type":"Person","@id":"https:\/\/radioljubuski.ba\/#\/schema\/person\/19fc700381a780f69665d7956c469e3b","name":"Radio Ljubu\u0161ki"}]}},"_links":{"self":[{"href":"https:\/\/radioljubuski.ba\/index.php\/wp-json\/wp\/v2\/posts\/166354","targetHints":{"allow":["GET"]}}],"collection":[{"href":"https:\/\/radioljubuski.ba\/index.php\/wp-json\/wp\/v2\/posts"}],"about":[{"href":"https:\/\/radioljubuski.ba\/index.php\/wp-json\/wp\/v2\/types\/post"}],"author":[{"embeddable":true,"href":"https:\/\/radioljubuski.ba\/index.php\/wp-json\/wp\/v2\/users\/2"}],"replies":[{"embeddable":true,"href":"https:\/\/radioljubuski.ba\/index.php\/wp-json\/wp\/v2\/comments?post=166354"}],"version-history":[{"count":1,"href":"https:\/\/radioljubuski.ba\/index.php\/wp-json\/wp\/v2\/posts\/166354\/revisions"}],"predecessor-version":[{"id":166356,"href":"https:\/\/radioljubuski.ba\/index.php\/wp-json\/wp\/v2\/posts\/166354\/revisions\/166356"}],"wp:featuredmedia":[{"embeddable":true,"href":"https:\/\/radioljubuski.ba\/index.php\/wp-json\/wp\/v2\/media\/166355"}],"wp:attachment":[{"href":"https:\/\/radioljubuski.ba\/index.php\/wp-json\/wp\/v2\/media?parent=166354"}],"wp:term":[{"taxonomy":"category","embeddable":true,"href":"https:\/\/radioljubuski.ba\/index.php\/wp-json\/wp\/v2\/categories?post=166354"},{"taxonomy":"post_tag","embeddable":true,"href":"https:\/\/radioljubuski.ba\/index.php\/wp-json\/wp\/v2\/tags?post=166354"}],"curies":[{"name":"wp","href":"https:\/\/api.w.org\/{rel}","templated":true}]}}