{"id":166357,"date":"2022-08-04T10:40:43","date_gmt":"2022-08-04T09:40:43","guid":{"rendered":"https:\/\/radioljubuski.ba\/?p=166357"},"modified":"2022-08-04T10:40:44","modified_gmt":"2022-08-04T09:40:44","slug":"u-pucnjavi-u-grudama-ubijen-jedan-od-osnivaca-hdz-a-1990-i-lokalni-poduzetnik","status":"publish","type":"post","link":"https:\/\/radioljubuski.ba\/index.php\/2022\/08\/04\/u-pucnjavi-u-grudama-ubijen-jedan-od-osnivaca-hdz-a-1990-i-lokalni-poduzetnik\/","title":{"rendered":"U pucnjavi u Grudama ubijen jedan od osniva\u010da HDZ-a 1990. i lokalni poduzetnik"},"content":{"rendered":"\n<p>VELIMIR BU\u0160I\u0106, jedan od osniva\u010da HDZ-a 1990. i biv\u0161i zastupnik u Skup\u0161tini ZHK, jedan je od dvojice ubijenih u sino\u0107njoj pucnjavi u Grudama, potvr\u0111eno je za <a href=\"https:\/\/www.klix.ba\/vijesti\/bih\/u-grudama-ubijen-jedan-od-osnivaca-hdz-a-1990-i-poduzetnik-velimir-busic\/220804047\" target=\"_blank\" rel=\"noreferrer noopener\">Klix.ba<\/a>.<\/p>\n\n\n\n<p>Bu\u0161i\u0107 je bio i \u0161ef ogranka stranke u Grudama, a 2018. je napustio stranku nakon unutarstrana\u010dkih sukoba. U Hercegovini je bio poznat i kao vlasnik kompanije Velbusch koja se od 1994. godine bavi trgovinom \u0161irokog asortimana robe.<\/p>\n\n\n\n<p>Informaciju o smrti Velimira Bu\u0161i\u0107a (60) za Klix.ba je potvrdio aktualni predsjednik stranke Ilija Cvitanovi\u0107.<\/p>\n\n\n\n<p>&#8220;Na\u017ealost, to\u010dna je informacija. Velimir Bu\u0161i\u0107 je bio dobar \u010dovjek i ovim putem \u017eelim izraziti sau\u010de\u0161\u0107e njegovoj obitelji&#8221;, rekao je Cvitanovi\u0107.<\/p>\n\n\n\n<h3 class=\"wp-block-heading\">Nakon sva\u0111e pucao iz kala\u0161njikova<\/h3>\n\n\n\n<p>Do pucnjave i smrti dvije osobe do\u0161lo je sino\u0107 dva sata iza pono\u0107i tijekom proslave povodom dana sv. Stjepana kada je jedna osoba, koja je sjedila u lokalnom kafi\u0107u s dru\u0161tvom, oti\u0161la ku\u0107i po pu\u0161ku, a pri povratku otvorila vatru te usmrtila dvije osobe, a dvije ranila.<\/p>\n\n\n\n<p>Jedna ozlije\u0111ena osoba je zadobila lak\u0161e povrede, dok je drugoj amputirana noga u SKB Mostar.<\/p>\n\n\n\n<p>Pored Velimira Bu\u0161i\u0107a ubijen je i 34-godi\u0161nji Mate Grizelj, pi\u0161e Klix.<\/p>\n\n\n\n<p>Prema neslu\u017ebenim informacijama svi koji su sino\u0107 bili u kafi\u0107u su susjedi i prijatelji, a za\u0161to je do\u0161lo do pucnjave i koji je bio povod za sva\u0111u, za sada nije poznato.<\/p>\n\n\n\n<p>Izvor:index.hr<\/p>\n","protected":false},"excerpt":{"rendered":"<p>VELIMIR BU\u0160I\u0106, jedan od osniva\u010da HDZ-a 1990. i biv\u0161i zastupnik u Skup\u0161tini ZHK, jedan je od dvojice ubijenih u sino\u0107njoj pucnjavi u Grudama, potvr\u0111eno je za Klix.ba. Bu\u0161i\u0107 je bio i \u0161ef ogranka stranke u Grudama, a 2018. je napustio stranku nakon unutarstrana\u010dkih sukoba. U Hercegovini je bio poznat i kao vlasnik kompanije Velbusch koja [&hellip;]<\/p>\n","protected":false},"author":2,"featured_media":166358,"comment_status":"closed","ping_status":"closed","sticky":false,"template":"","format":"standard","meta":{"h5ap_radio_sources":[],"footnotes":""},"categories":[1],"tags":[],"class_list":["post-166357","post","type-post","status-publish","format-standard","has-post-thumbnail","hentry","category-bihiregija"],"yoast_head":"<!-- This site is optimized with the Yoast SEO plugin v27.4 - https:\/\/yoast.com\/product\/yoast-seo-wordpress\/ -->\n<title>U pucnjavi u Grudama ubijen jedan od osniva\u010da HDZ-a 1990. i lokalni poduzetnik - RADIO LJUBU\u0160KI<\/title>\n<meta name=\"robots\" content=\"index, follow, max-snippet:-1, max-image-preview:large, max-video-preview:-1\" \/>\n<link rel=\"canonical\" href=\"https:\/\/radioljubuski.ba\/index.php\/2022\/08\/04\/u-pucnjavi-u-grudama-ubijen-jedan-od-osnivaca-hdz-a-1990-i-lokalni-poduzetnik\/\" \/>\n<meta property=\"og:locale\" content=\"hr_HR\" \/>\n<meta property=\"og:type\" content=\"article\" \/>\n<meta property=\"og:title\" content=\"U pucnjavi u Grudama ubijen jedan od osniva\u010da HDZ-a 1990. i lokalni poduzetnik - RADIO LJUBU\u0160KI\" \/>\n<meta property=\"og:description\" content=\"VELIMIR BU\u0160I\u0106, jedan od osniva\u010da HDZ-a 1990. i biv\u0161i zastupnik u Skup\u0161tini ZHK, jedan je od dvojice ubijenih u sino\u0107njoj pucnjavi u Grudama, potvr\u0111eno je za Klix.ba. Bu\u0161i\u0107 je bio i \u0161ef ogranka stranke u Grudama, a 2018. je napustio stranku nakon unutarstrana\u010dkih sukoba. U Hercegovini je bio poznat i kao vlasnik kompanije Velbusch koja [&hellip;]\" \/>\n<meta property=\"og:url\" content=\"https:\/\/radioljubuski.ba\/index.php\/2022\/08\/04\/u-pucnjavi-u-grudama-ubijen-jedan-od-osnivaca-hdz-a-1990-i-lokalni-poduzetnik\/\" \/>\n<meta property=\"og:site_name\" content=\"RADIO LJUBU\u0160KI\" \/>\n<meta property=\"article:publisher\" content=\"https:\/\/www.facebook.com\/Radiio-Ljubuski-1490835324566332\" \/>\n<meta property=\"article:published_time\" content=\"2022-08-04T09:40:43+00:00\" \/>\n<meta property=\"article:modified_time\" content=\"2022-08-04T09:40:44+00:00\" \/>\n<meta property=\"og:image\" content=\"https:\/\/radioljubuski.ba\/wp-content\/uploads\/2022\/08\/4dea0275-fc5b-4dde-aee5-310cbf58d8a3.jpg\" \/>\n\t<meta property=\"og:image:width\" content=\"765\" \/>\n\t<meta property=\"og:image:height\" content=\"402\" \/>\n\t<meta property=\"og:image:type\" content=\"image\/jpeg\" \/>\n<meta name=\"author\" content=\"Radio Ljubu\u0161ki\" \/>\n<meta name=\"twitter:card\" content=\"summary_large_image\" \/>\n<meta name=\"twitter:creator\" content=\"@radioljubuski\" \/>\n<meta name=\"twitter:site\" content=\"@radioljubuski\" \/>\n<meta name=\"twitter:label1\" content=\"Napisao\/la\" \/>\n\t<meta name=\"twitter:data1\" content=\"Radio Ljubu\u0161ki\" \/>\n\t<meta name=\"twitter:label2\" content=\"Procijenjeno vrijeme \u010ditanja\" \/>\n\t<meta name=\"twitter:data2\" content=\"1 minuta\" \/>\n<script type=\"application\/ld+json\" class=\"yoast-schema-graph\">{\"@context\":\"https:\\\/\\\/schema.org\",\"@graph\":[{\"@type\":\"Article\",\"@id\":\"https:\\\/\\\/radioljubuski.ba\\\/index.php\\\/2022\\\/08\\\/04\\\/u-pucnjavi-u-grudama-ubijen-jedan-od-osnivaca-hdz-a-1990-i-lokalni-poduzetnik\\\/#article\",\"isPartOf\":{\"@id\":\"https:\\\/\\\/radioljubuski.ba\\\/index.php\\\/2022\\\/08\\\/04\\\/u-pucnjavi-u-grudama-ubijen-jedan-od-osnivaca-hdz-a-1990-i-lokalni-poduzetnik\\\/\"},\"author\":{\"name\":\"Radio Ljubu\u0161ki\",\"@id\":\"https:\\\/\\\/radioljubuski.ba\\\/#\\\/schema\\\/person\\\/19fc700381a780f69665d7956c469e3b\"},\"headline\":\"U pucnjavi u Grudama ubijen jedan od osniva\u010da HDZ-a 1990. i lokalni poduzetnik\",\"datePublished\":\"2022-08-04T09:40:43+00:00\",\"dateModified\":\"2022-08-04T09:40:44+00:00\",\"mainEntityOfPage\":{\"@id\":\"https:\\\/\\\/radioljubuski.ba\\\/index.php\\\/2022\\\/08\\\/04\\\/u-pucnjavi-u-grudama-ubijen-jedan-od-osnivaca-hdz-a-1990-i-lokalni-poduzetnik\\\/\"},\"wordCount\":258,\"publisher\":{\"@id\":\"https:\\\/\\\/radioljubuski.ba\\\/#organization\"},\"image\":{\"@id\":\"https:\\\/\\\/radioljubuski.ba\\\/index.php\\\/2022\\\/08\\\/04\\\/u-pucnjavi-u-grudama-ubijen-jedan-od-osnivaca-hdz-a-1990-i-lokalni-poduzetnik\\\/#primaryimage\"},\"thumbnailUrl\":\"https:\\\/\\\/radioljubuski.ba\\\/wp-content\\\/uploads\\\/2022\\\/08\\\/4dea0275-fc5b-4dde-aee5-310cbf58d8a3.jpg\",\"articleSection\":[\"BIH i regija\"],\"inLanguage\":\"hr\"},{\"@type\":\"WebPage\",\"@id\":\"https:\\\/\\\/radioljubuski.ba\\\/index.php\\\/2022\\\/08\\\/04\\\/u-pucnjavi-u-grudama-ubijen-jedan-od-osnivaca-hdz-a-1990-i-lokalni-poduzetnik\\\/\",\"url\":\"https:\\\/\\\/radioljubuski.ba\\\/index.php\\\/2022\\\/08\\\/04\\\/u-pucnjavi-u-grudama-ubijen-jedan-od-osnivaca-hdz-a-1990-i-lokalni-poduzetnik\\\/\",\"name\":\"U pucnjavi u Grudama ubijen jedan od osniva\u010da HDZ-a 1990. i lokalni poduzetnik - RADIO LJUBU\u0160KI\",\"isPartOf\":{\"@id\":\"https:\\\/\\\/radioljubuski.ba\\\/#website\"},\"primaryImageOfPage\":{\"@id\":\"https:\\\/\\\/radioljubuski.ba\\\/index.php\\\/2022\\\/08\\\/04\\\/u-pucnjavi-u-grudama-ubijen-jedan-od-osnivaca-hdz-a-1990-i-lokalni-poduzetnik\\\/#primaryimage\"},\"image\":{\"@id\":\"https:\\\/\\\/radioljubuski.ba\\\/index.php\\\/2022\\\/08\\\/04\\\/u-pucnjavi-u-grudama-ubijen-jedan-od-osnivaca-hdz-a-1990-i-lokalni-poduzetnik\\\/#primaryimage\"},\"thumbnailUrl\":\"https:\\\/\\\/radioljubuski.ba\\\/wp-content\\\/uploads\\\/2022\\\/08\\\/4dea0275-fc5b-4dde-aee5-310cbf58d8a3.jpg\",\"datePublished\":\"2022-08-04T09:40:43+00:00\",\"dateModified\":\"2022-08-04T09:40:44+00:00\",\"breadcrumb\":{\"@id\":\"https:\\\/\\\/radioljubuski.ba\\\/index.php\\\/2022\\\/08\\\/04\\\/u-pucnjavi-u-grudama-ubijen-jedan-od-osnivaca-hdz-a-1990-i-lokalni-poduzetnik\\\/#breadcrumb\"},\"inLanguage\":\"hr\",\"potentialAction\":[{\"@type\":\"ReadAction\",\"target\":[\"https:\\\/\\\/radioljubuski.ba\\\/index.php\\\/2022\\\/08\\\/04\\\/u-pucnjavi-u-grudama-ubijen-jedan-od-osnivaca-hdz-a-1990-i-lokalni-poduzetnik\\\/\"]}]},{\"@type\":\"ImageObject\",\"inLanguage\":\"hr\",\"@id\":\"https:\\\/\\\/radioljubuski.ba\\\/index.php\\\/2022\\\/08\\\/04\\\/u-pucnjavi-u-grudama-ubijen-jedan-od-osnivaca-hdz-a-1990-i-lokalni-poduzetnik\\\/#primaryimage\",\"url\":\"https:\\\/\\\/radioljubuski.ba\\\/wp-content\\\/uploads\\\/2022\\\/08\\\/4dea0275-fc5b-4dde-aee5-310cbf58d8a3.jpg\",\"contentUrl\":\"https:\\\/\\\/radioljubuski.ba\\\/wp-content\\\/uploads\\\/2022\\\/08\\\/4dea0275-fc5b-4dde-aee5-310cbf58d8a3.jpg\",\"width\":765,\"height\":402},{\"@type\":\"BreadcrumbList\",\"@id\":\"https:\\\/\\\/radioljubuski.ba\\\/index.php\\\/2022\\\/08\\\/04\\\/u-pucnjavi-u-grudama-ubijen-jedan-od-osnivaca-hdz-a-1990-i-lokalni-poduzetnik\\\/#breadcrumb\",\"itemListElement\":[{\"@type\":\"ListItem\",\"position\":1,\"name\":\"Po\u010detna stranica\",\"item\":\"https:\\\/\\\/radioljubuski.ba\\\/\"},{\"@type\":\"ListItem\",\"position\":2,\"name\":\"U pucnjavi u Grudama ubijen jedan od osniva\u010da HDZ-a 1990. i lokalni poduzetnik\"}]},{\"@type\":\"WebSite\",\"@id\":\"https:\\\/\\\/radioljubuski.ba\\\/#website\",\"url\":\"https:\\\/\\\/radioljubuski.ba\\\/\",\"name\":\"Radio Ljubu\u0161ki\",\"description\":\"Sun\u010dana frekvencija Hercegovine\",\"publisher\":{\"@id\":\"https:\\\/\\\/radioljubuski.ba\\\/#organization\"},\"potentialAction\":[{\"@type\":\"SearchAction\",\"target\":{\"@type\":\"EntryPoint\",\"urlTemplate\":\"https:\\\/\\\/radioljubuski.ba\\\/?s={search_term_string}\"},\"query-input\":{\"@type\":\"PropertyValueSpecification\",\"valueRequired\":true,\"valueName\":\"search_term_string\"}}],\"inLanguage\":\"hr\"},{\"@type\":\"Organization\",\"@id\":\"https:\\\/\\\/radioljubuski.ba\\\/#organization\",\"name\":\"Radio Ljubu\u0161ki\",\"url\":\"https:\\\/\\\/radioljubuski.ba\\\/\",\"logo\":{\"@type\":\"ImageObject\",\"inLanguage\":\"hr\",\"@id\":\"https:\\\/\\\/radioljubuski.ba\\\/#\\\/schema\\\/logo\\\/image\\\/\",\"url\":\"https:\\\/\\\/radioljubuski.ba\\\/wp-content\\\/uploads\\\/2021\\\/02\\\/cropped-Radio_Ljubuski_logo1.jpg\",\"contentUrl\":\"https:\\\/\\\/radioljubuski.ba\\\/wp-content\\\/uploads\\\/2021\\\/02\\\/cropped-Radio_Ljubuski_logo1.jpg\",\"width\":512,\"height\":512,\"caption\":\"Radio Ljubu\u0161ki\"},\"image\":{\"@id\":\"https:\\\/\\\/radioljubuski.ba\\\/#\\\/schema\\\/logo\\\/image\\\/\"},\"sameAs\":[\"https:\\\/\\\/www.facebook.com\\\/Radiio-Ljubuski-1490835324566332\",\"https:\\\/\\\/x.com\\\/radioljubuski\",\"https:\\\/\\\/hr.linkedin.com\\\/company\\\/radio-ljubuski\",\"https:\\\/\\\/www.youtube.com\\\/channel\\\/UCHYaeO_n0Db3tjNGudGpXyw\"]},{\"@type\":\"Person\",\"@id\":\"https:\\\/\\\/radioljubuski.ba\\\/#\\\/schema\\\/person\\\/19fc700381a780f69665d7956c469e3b\",\"name\":\"Radio Ljubu\u0161ki\"}]}<\/script>\n<!-- \/ Yoast SEO plugin. -->","yoast_head_json":{"title":"U pucnjavi u Grudama ubijen jedan od osniva\u010da HDZ-a 1990. i lokalni poduzetnik - RADIO LJUBU\u0160KI","robots":{"index":"index","follow":"follow","max-snippet":"max-snippet:-1","max-image-preview":"max-image-preview:large","max-video-preview":"max-video-preview:-1"},"canonical":"https:\/\/radioljubuski.ba\/index.php\/2022\/08\/04\/u-pucnjavi-u-grudama-ubijen-jedan-od-osnivaca-hdz-a-1990-i-lokalni-poduzetnik\/","og_locale":"hr_HR","og_type":"article","og_title":"U pucnjavi u Grudama ubijen jedan od osniva\u010da HDZ-a 1990. i lokalni poduzetnik - RADIO LJUBU\u0160KI","og_description":"VELIMIR BU\u0160I\u0106, jedan od osniva\u010da HDZ-a 1990. i biv\u0161i zastupnik u Skup\u0161tini ZHK, jedan je od dvojice ubijenih u sino\u0107njoj pucnjavi u Grudama, potvr\u0111eno je za Klix.ba. Bu\u0161i\u0107 je bio i \u0161ef ogranka stranke u Grudama, a 2018. je napustio stranku nakon unutarstrana\u010dkih sukoba. U Hercegovini je bio poznat i kao vlasnik kompanije Velbusch koja [&hellip;]","og_url":"https:\/\/radioljubuski.ba\/index.php\/2022\/08\/04\/u-pucnjavi-u-grudama-ubijen-jedan-od-osnivaca-hdz-a-1990-i-lokalni-poduzetnik\/","og_site_name":"RADIO LJUBU\u0160KI","article_publisher":"https:\/\/www.facebook.com\/Radiio-Ljubuski-1490835324566332","article_published_time":"2022-08-04T09:40:43+00:00","article_modified_time":"2022-08-04T09:40:44+00:00","og_image":[{"width":765,"height":402,"url":"https:\/\/radioljubuski.ba\/wp-content\/uploads\/2022\/08\/4dea0275-fc5b-4dde-aee5-310cbf58d8a3.jpg","type":"image\/jpeg"}],"author":"Radio Ljubu\u0161ki","twitter_card":"summary_large_image","twitter_creator":"@radioljubuski","twitter_site":"@radioljubuski","twitter_misc":{"Napisao\/la":"Radio Ljubu\u0161ki","Procijenjeno vrijeme \u010ditanja":"1 minuta"},"schema":{"@context":"https:\/\/schema.org","@graph":[{"@type":"Article","@id":"https:\/\/radioljubuski.ba\/index.php\/2022\/08\/04\/u-pucnjavi-u-grudama-ubijen-jedan-od-osnivaca-hdz-a-1990-i-lokalni-poduzetnik\/#article","isPartOf":{"@id":"https:\/\/radioljubuski.ba\/index.php\/2022\/08\/04\/u-pucnjavi-u-grudama-ubijen-jedan-od-osnivaca-hdz-a-1990-i-lokalni-poduzetnik\/"},"author":{"name":"Radio Ljubu\u0161ki","@id":"https:\/\/radioljubuski.ba\/#\/schema\/person\/19fc700381a780f69665d7956c469e3b"},"headline":"U pucnjavi u Grudama ubijen jedan od osniva\u010da HDZ-a 1990. i lokalni poduzetnik","datePublished":"2022-08-04T09:40:43+00:00","dateModified":"2022-08-04T09:40:44+00:00","mainEntityOfPage":{"@id":"https:\/\/radioljubuski.ba\/index.php\/2022\/08\/04\/u-pucnjavi-u-grudama-ubijen-jedan-od-osnivaca-hdz-a-1990-i-lokalni-poduzetnik\/"},"wordCount":258,"publisher":{"@id":"https:\/\/radioljubuski.ba\/#organization"},"image":{"@id":"https:\/\/radioljubuski.ba\/index.php\/2022\/08\/04\/u-pucnjavi-u-grudama-ubijen-jedan-od-osnivaca-hdz-a-1990-i-lokalni-poduzetnik\/#primaryimage"},"thumbnailUrl":"https:\/\/radioljubuski.ba\/wp-content\/uploads\/2022\/08\/4dea0275-fc5b-4dde-aee5-310cbf58d8a3.jpg","articleSection":["BIH i regija"],"inLanguage":"hr"},{"@type":"WebPage","@id":"https:\/\/radioljubuski.ba\/index.php\/2022\/08\/04\/u-pucnjavi-u-grudama-ubijen-jedan-od-osnivaca-hdz-a-1990-i-lokalni-poduzetnik\/","url":"https:\/\/radioljubuski.ba\/index.php\/2022\/08\/04\/u-pucnjavi-u-grudama-ubijen-jedan-od-osnivaca-hdz-a-1990-i-lokalni-poduzetnik\/","name":"U pucnjavi u Grudama ubijen jedan od osniva\u010da HDZ-a 1990. i lokalni poduzetnik - RADIO LJUBU\u0160KI","isPartOf":{"@id":"https:\/\/radioljubuski.ba\/#website"},"primaryImageOfPage":{"@id":"https:\/\/radioljubuski.ba\/index.php\/2022\/08\/04\/u-pucnjavi-u-grudama-ubijen-jedan-od-osnivaca-hdz-a-1990-i-lokalni-poduzetnik\/#primaryimage"},"image":{"@id":"https:\/\/radioljubuski.ba\/index.php\/2022\/08\/04\/u-pucnjavi-u-grudama-ubijen-jedan-od-osnivaca-hdz-a-1990-i-lokalni-poduzetnik\/#primaryimage"},"thumbnailUrl":"https:\/\/radioljubuski.ba\/wp-content\/uploads\/2022\/08\/4dea0275-fc5b-4dde-aee5-310cbf58d8a3.jpg","datePublished":"2022-08-04T09:40:43+00:00","dateModified":"2022-08-04T09:40:44+00:00","breadcrumb":{"@id":"https:\/\/radioljubuski.ba\/index.php\/2022\/08\/04\/u-pucnjavi-u-grudama-ubijen-jedan-od-osnivaca-hdz-a-1990-i-lokalni-poduzetnik\/#breadcrumb"},"inLanguage":"hr","potentialAction":[{"@type":"ReadAction","target":["https:\/\/radioljubuski.ba\/index.php\/2022\/08\/04\/u-pucnjavi-u-grudama-ubijen-jedan-od-osnivaca-hdz-a-1990-i-lokalni-poduzetnik\/"]}]},{"@type":"ImageObject","inLanguage":"hr","@id":"https:\/\/radioljubuski.ba\/index.php\/2022\/08\/04\/u-pucnjavi-u-grudama-ubijen-jedan-od-osnivaca-hdz-a-1990-i-lokalni-poduzetnik\/#primaryimage","url":"https:\/\/radioljubuski.ba\/wp-content\/uploads\/2022\/08\/4dea0275-fc5b-4dde-aee5-310cbf58d8a3.jpg","contentUrl":"https:\/\/radioljubuski.ba\/wp-content\/uploads\/2022\/08\/4dea0275-fc5b-4dde-aee5-310cbf58d8a3.jpg","width":765,"height":402},{"@type":"BreadcrumbList","@id":"https:\/\/radioljubuski.ba\/index.php\/2022\/08\/04\/u-pucnjavi-u-grudama-ubijen-jedan-od-osnivaca-hdz-a-1990-i-lokalni-poduzetnik\/#breadcrumb","itemListElement":[{"@type":"ListItem","position":1,"name":"Po\u010detna stranica","item":"https:\/\/radioljubuski.ba\/"},{"@type":"ListItem","position":2,"name":"U pucnjavi u Grudama ubijen jedan od osniva\u010da HDZ-a 1990. i lokalni poduzetnik"}]},{"@type":"WebSite","@id":"https:\/\/radioljubuski.ba\/#website","url":"https:\/\/radioljubuski.ba\/","name":"Radio Ljubu\u0161ki","description":"Sun\u010dana frekvencija Hercegovine","publisher":{"@id":"https:\/\/radioljubuski.ba\/#organization"},"potentialAction":[{"@type":"SearchAction","target":{"@type":"EntryPoint","urlTemplate":"https:\/\/radioljubuski.ba\/?s={search_term_string}"},"query-input":{"@type":"PropertyValueSpecification","valueRequired":true,"valueName":"search_term_string"}}],"inLanguage":"hr"},{"@type":"Organization","@id":"https:\/\/radioljubuski.ba\/#organization","name":"Radio Ljubu\u0161ki","url":"https:\/\/radioljubuski.ba\/","logo":{"@type":"ImageObject","inLanguage":"hr","@id":"https:\/\/radioljubuski.ba\/#\/schema\/logo\/image\/","url":"https:\/\/radioljubuski.ba\/wp-content\/uploads\/2021\/02\/cropped-Radio_Ljubuski_logo1.jpg","contentUrl":"https:\/\/radioljubuski.ba\/wp-content\/uploads\/2021\/02\/cropped-Radio_Ljubuski_logo1.jpg","width":512,"height":512,"caption":"Radio Ljubu\u0161ki"},"image":{"@id":"https:\/\/radioljubuski.ba\/#\/schema\/logo\/image\/"},"sameAs":["https:\/\/www.facebook.com\/Radiio-Ljubuski-1490835324566332","https:\/\/x.com\/radioljubuski","https:\/\/hr.linkedin.com\/company\/radio-ljubuski","https:\/\/www.youtube.com\/channel\/UCHYaeO_n0Db3tjNGudGpXyw"]},{"@type":"Person","@id":"https:\/\/radioljubuski.ba\/#\/schema\/person\/19fc700381a780f69665d7956c469e3b","name":"Radio Ljubu\u0161ki"}]}},"_links":{"self":[{"href":"https:\/\/radioljubuski.ba\/index.php\/wp-json\/wp\/v2\/posts\/166357","targetHints":{"allow":["GET"]}}],"collection":[{"href":"https:\/\/radioljubuski.ba\/index.php\/wp-json\/wp\/v2\/posts"}],"about":[{"href":"https:\/\/radioljubuski.ba\/index.php\/wp-json\/wp\/v2\/types\/post"}],"author":[{"embeddable":true,"href":"https:\/\/radioljubuski.ba\/index.php\/wp-json\/wp\/v2\/users\/2"}],"replies":[{"embeddable":true,"href":"https:\/\/radioljubuski.ba\/index.php\/wp-json\/wp\/v2\/comments?post=166357"}],"version-history":[{"count":1,"href":"https:\/\/radioljubuski.ba\/index.php\/wp-json\/wp\/v2\/posts\/166357\/revisions"}],"predecessor-version":[{"id":166359,"href":"https:\/\/radioljubuski.ba\/index.php\/wp-json\/wp\/v2\/posts\/166357\/revisions\/166359"}],"wp:featuredmedia":[{"embeddable":true,"href":"https:\/\/radioljubuski.ba\/index.php\/wp-json\/wp\/v2\/media\/166358"}],"wp:attachment":[{"href":"https:\/\/radioljubuski.ba\/index.php\/wp-json\/wp\/v2\/media?parent=166357"}],"wp:term":[{"taxonomy":"category","embeddable":true,"href":"https:\/\/radioljubuski.ba\/index.php\/wp-json\/wp\/v2\/categories?post=166357"},{"taxonomy":"post_tag","embeddable":true,"href":"https:\/\/radioljubuski.ba\/index.php\/wp-json\/wp\/v2\/tags?post=166357"}],"curies":[{"name":"wp","href":"https:\/\/api.w.org\/{rel}","templated":true}]}}