{"id":166360,"date":"2022-08-04T10:46:55","date_gmt":"2022-08-04T09:46:55","guid":{"rendered":"https:\/\/radioljubuski.ba\/?p=166360"},"modified":"2022-08-04T10:46:56","modified_gmt":"2022-08-04T09:46:56","slug":"zbog-problema-u-poslovanju-una-tv-u-zagrebu-podijelila-otkaze-ugasena-i-emisija-koja-se-najvise-reklamirala-a-uredivala-ju-je-ivana-paradzikovic","status":"publish","type":"post","link":"https:\/\/radioljubuski.ba\/index.php\/2022\/08\/04\/zbog-problema-u-poslovanju-una-tv-u-zagrebu-podijelila-otkaze-ugasena-i-emisija-koja-se-najvise-reklamirala-a-uredivala-ju-je-ivana-paradzikovic\/","title":{"rendered":"Zbog problema u poslovanju Una TV u Zagrebu podijelila otkaze: uga\u0161ena i emisija koja se najvi\u0161e reklamirala, a ure\u0111ivala ju je Ivana Parad\u017eikovi\u0107"},"content":{"rendered":"\n<p>Jednom dijelu novinara, urednika, snimatelja, monta\u017eera, producenata i drugog osoblja zagreba\u010dkog dopisni\u0161tva regionalne televizije Una TV u srijedu su podijeljeni otkazi zbog problema u poslovanju te medijske ku\u0107e u Hrvatskoj, pi\u0161e <a href=\"https:\/\/www.jutarnji.hr\/vijesti\/hrvatska\/una-tv-u-zagrebu-podijelila-otkaze-medu-otpisanima-i-ivana-paradzikovic-doslo-je-dvoje-ljudi-iz-uprave-i-pravnik-15231132\" target=\"_blank\" rel=\"noreferrer noopener\">Jutarnji<\/a>.<\/p>\n\n\n\n<p>Predstavnici uprave te ku\u0107e odr\u017eali su sastanak sa zaposlenima koji su mnogi od njih i\u0161\u010dekivali s gr\u010dem u \u017eelucu. Dio ih je ve\u0107 unaprijed znao da \u0107e im na tome sastanku biti uru\u010deni otkazi jer ih je uprava jo\u0161 25. srpnja obavijestila koja se radna mjesta ukidaju, a neki su tek na sastanku \u010duli vijest da su upravo oni na listi za otkaze.<\/p>\n\n\n\n<h2 class=\"wp-block-heading\">Odbijenica operatera<\/h2>\n\n\n\n<p>&#8220;Do\u0161lo je dvoje ljudi iz uprave Une TV i pravnik. Skoro sat vremena su nam obja\u0161njavali da sa \u017ealjenjem reduciraju poslovanje u Hrvatskoj jer od klju\u010dnih kabelskih operatera u Hrvatskoj, A1 i HT-a, preko kojih se trebao emitirati program, ve\u0107 sedam mjeseci ne uspijevaju dobiti odgovor o tome ho\u0107e li nam ili ne\u0107e dopustiti emitiranje kabelskim putem.<\/p>\n\n\n\n<p>Neki od manjih operatera su im u proteklih sedam mjeseci poslali odbijenicu, ali dva najve\u0107a nisu odgovorili ni\u0161ta. Najprije su nas sve zajedno sazvali na sastanak, a zatim smo s njima razgovarali pojedina\u010dno. Svima nama za koje vi\u0161e nema mjesta jer su nam radna mjesta ukinuta, uru\u010dena su pisana rje\u0161enja o otkazu s kratkim obrazlo\u017eenjem i otkaznim rokom od 60 dana. Re\u010deno nam je da u idu\u0107a dva mjeseca vi\u0161e ne moramo dolaziti na posao, a primit \u0107emo jo\u0161 dvije pla\u0107e. U ta dva mjeseca mo\u017eemo zadr\u017eati i slu\u017ebene telefone&#8221;, \u010duli smo od nekoliko otpu\u0161tenih zaposlenika i suradnika zagreba\u010dkog dopisni\u0161tva Une TV.<\/p>\n\n\n\n<p>Ta regionalna medijska ku\u0107a koja ima dopisni\u0161tva u pet dr\u017eava nastalih na prostoru biv\u0161e Jugoslavije &#8211; Hrvatskoj, Srbiji, Bosni i Hercegovini, Crnoj Gori i Makedoniji &#8211; po\u010dela je s radom u prosincu pro\u0161le godine i prema tvrdnjama uprave zapo\u0161ljava oko 250 ljudi, od \u010dega 80-ak novinara, snimatelja, grafi\u010dkih dizajnera i producenata u zagreba\u010dkom dopisni\u0161tvu. Projekt je najavljivan vrlo ambiciozno, anga\u017eirana su neka istaknuta novinarska imena.<\/p>\n\n\n\n<p>Danas emitiraju program na prostoru svih navedenih dr\u017eava, osim u Hrvatskoj. Uprava Une TV u priop\u0107enju odaslanom u srijedu, na dan dijeljenja otkaza u zagreba\u010dkom dopisni\u0161tvu, tvrdi kako ima veliki rast gledanosti i ambicioznu programsku shemu za jesen ove godine, ali da &#8220;misiju i viziju Une TV u ovom trenutku nije mogu\u0107e provesti na hrvatskom tr\u017ei\u0161tu&#8221;.<\/p>\n\n\n\n<p>Kao glavne krivce za redukciju programske proizvodnje i medijskih kadrova u zagreba\u010dkom dopisni\u0161tvu, Uprava Une TV navodi kabelske distributere A1 i T-com koji, kako u priop\u0107enju tvrde, unato\u010d urednim dozvolama za emitiranje koje im je dostavila hrvatska Agencija za elektroni\u010dke medije i detaljnom programskom konceptu koji im je jo\u0161 lani dostavila Una TV, i dalje odla\u017eu odgovor o tome ho\u0107e li ili ne\u0107e dopustiti emitiranje programa Une TV preko svojih kabelskih mre\u017ea, ne navode\u0107i pritom ni jedan opravdan i logi\u010dan argument za odugovla\u010denje.<\/p>\n\n\n\n<h2 class=\"wp-block-heading\">Najmanje stradao web<\/h2>\n\n\n\n<p>Uprava Une TV tvrdi da je zbog neemitiranja programa u Hrvatskoj i izostanka planiranih prihoda od reklama u prva \u010detiri mjeseca ove godine pretrpjela gubitak od 1,130.000,00 eura, a u pro\u0161loj godini od 2,940.000 kuna.<\/p>\n\n\n\n<p>Najbezbolnije u reduciranju rada je, kako doznajemo, pro\u0161la web redakcija Une TV koja zapo\u0161ljava \u0161estoro ljudi i u kojoj nisu dijeljeni otkazi. Najve\u0107a &#8220;sje\u010da&#8221; zaposlenih dogodila se u Sektoru Programa u kojem je uga\u0161eno 11 radnih mjesta, a od devet novinara ostao je samo jedan. U potpunosti je tako uga\u0161ena emisija preko koje se Una TV u pripremi projekta u Hrvatskoj najvi\u0161e reklamirala &#8211; &#8220;Lice pravde&#8221;, koje je kratko ure\u0111ivala Ivana Parad\u017eikovi\u0107.<\/p>\n\n\n\n<p>Pi\u0161e Slavica Luki\u0107\/JL<\/p>\n\n\n\n<p><strong><em>Ostaju im mobiteli<\/em><\/strong><\/p>\n\n\n\n<p><em>Uz dvomjese\u010dni otkazni rok i slu\u017ebene mobitele koje u tom razdoblju mogu zadr\u017eati, otpu\u0161teni zaposlenici zagreba\u010dkog dopisni\u0161tva Une TV od poslodavca su dobili i jedno obe\u0107anje &#8211; ako se stvari s dozvolama kabelskih operatera promijene.<\/em><\/p>\n\n\n\n<p><em>&#8220;Iako smo poslovanje mogli u potpunosti prebaciti u druge zemlje regije, u Hrvatskoj ipak nastavljamo suradnju s vrsnim televizijskim profesionalcima te \u0107e u zagreba\u010dkoj podru\u017enici ostati kadar nu\u017ean za rad dopisni\u0161tva&#8221;, isti\u010de u priop\u0107enju uprava te ku\u0107e.<\/em><\/p>\n\n\n\n<p><em>A za kraj dodaje da su i otpu\u0161teni zaposlenici &#8220;cijenjen i stru\u010dan kadar&#8221; kojem su &#8220;neizmjerno zahvalni na dosada\u0161njem dopirnosu i entuzijazmu i ako do\u0111e do pozitivnog odgovora kabelskih distributerea&#8221;, njihova \u0107e ku\u0107a &#8220;sigurno prvo njima dati ponudu&#8221;. (JL)<\/em><\/p>\n\n\n\n<p><strong><em>HND i SNH zabrinuti zbog masovnih otkaza<\/em><\/strong><\/p>\n\n\n\n<p><em>Iz Hrvatskog novinarskog dru\u0161tva i Sindikata novinara Hrvatske izrazili su u srijedu \u017ealjenje zbog masovnih otkaza novinarima, novinarkama, snimateljima, monta\u017eerima, tonskim majstorima, producentima i ostalim djelatnicima u zagreba\u010dkom dopisni\u0161tvu UNA televizije.<\/em><\/p>\n\n\n\n<p><em>Dijelimo zabrinutost za egzistenciju tridesetak kolegica i kolega, sve redom cijenjenih medijskih radnika koji se svojim dosada\u0161njim radom ni\u010dim nisu ogrije\u0161ili o na\u010dela profesije, poru\u010dili su iz HND-a i SNH-a.<\/em><\/p>\n\n\n\n<p><em>Iako je rije\u010d o privatnim tvrtkama i poslovnim odlukama koje ne moraju obrazlagati, HND i SNH smatraju kako bi teleoperateri trebali imati u vidu da je novinarstvo javno dobro i da postoji opravdani interes javnosti za medijskim sadr\u017eajem koji iz nekog razloga gra\u0111ani ne mogu konzumirati. Najavili su da \u0107e zatra\u017eiti od teleoperatera odgovor na pitanje za\u0161to UNA televizija, unato\u010d dozvoli Agencije za elektroni\u010dke medije, ne mo\u017ee emitirati informativne sadr\u017eaje na tim platformama.<\/em><\/p>\n\n\n\n<p><em>U medijima se UNA TV kolokvijalno naziva &#8220;Dodikovom televizijom&#8221; jer se vlasni\u010dki ve\u017ee uz Igora Dodika, sina Milorada Dodika, ali na\u0161e kolege i kolegice ne smijemo vezati uz vlasni\u010dku strukturu izdava\u010da te zbog toga ne bi smjeli trpjeti posljedice. Jedini interes HND-a i SNH je o\u010duvanje novinarskih radnih mjesta jer UNA TV ve\u0107 gotovo godinu dana radi i u Hrvatskoj, gdje pla\u0107a poreze, istaknuli su u priop\u0107enju predsjednik HND-a Hrvoje Zovko i predsjednica Sindikata novinara Hrvatske Maja Sever. (Hina)<\/em><\/p>\n\n\n\n<p>Izvor:slobodnadalmacija.hr<\/p>\n","protected":false},"excerpt":{"rendered":"<p>Jednom dijelu novinara, urednika, snimatelja, monta\u017eera, producenata i drugog osoblja zagreba\u010dkog dopisni\u0161tva regionalne televizije Una TV u srijedu su podijeljeni otkazi zbog problema u poslovanju te medijske ku\u0107e u Hrvatskoj, pi\u0161e Jutarnji. Predstavnici uprave te ku\u0107e odr\u017eali su sastanak sa zaposlenima koji su mnogi od njih i\u0161\u010dekivali s gr\u010dem u \u017eelucu. Dio ih je ve\u0107 [&hellip;]<\/p>\n","protected":false},"author":2,"featured_media":166361,"comment_status":"closed","ping_status":"closed","sticky":false,"template":"","format":"standard","meta":{"h5ap_radio_sources":[],"footnotes":""},"categories":[1],"tags":[],"class_list":["post-166360","post","type-post","status-publish","format-standard","has-post-thumbnail","hentry","category-bihiregija"],"yoast_head":"<!-- This site is optimized with the Yoast SEO plugin v27.4 - https:\/\/yoast.com\/product\/yoast-seo-wordpress\/ -->\n<title>Zbog problema u poslovanju Una TV u Zagrebu podijelila otkaze: uga\u0161ena i emisija koja se najvi\u0161e reklamirala, a ure\u0111ivala ju je Ivana Parad\u017eikovi\u0107 - RADIO LJUBU\u0160KI<\/title>\n<meta name=\"robots\" content=\"index, follow, max-snippet:-1, max-image-preview:large, max-video-preview:-1\" \/>\n<link rel=\"canonical\" href=\"https:\/\/radioljubuski.ba\/index.php\/2022\/08\/04\/zbog-problema-u-poslovanju-una-tv-u-zagrebu-podijelila-otkaze-ugasena-i-emisija-koja-se-najvise-reklamirala-a-uredivala-ju-je-ivana-paradzikovic\/\" \/>\n<meta property=\"og:locale\" content=\"hr_HR\" \/>\n<meta property=\"og:type\" content=\"article\" \/>\n<meta property=\"og:title\" content=\"Zbog problema u poslovanju Una TV u Zagrebu podijelila otkaze: uga\u0161ena i emisija koja se najvi\u0161e reklamirala, a ure\u0111ivala ju je Ivana Parad\u017eikovi\u0107 - RADIO LJUBU\u0160KI\" \/>\n<meta property=\"og:description\" content=\"Jednom dijelu novinara, urednika, snimatelja, monta\u017eera, producenata i drugog osoblja zagreba\u010dkog dopisni\u0161tva regionalne televizije Una TV u srijedu su podijeljeni otkazi zbog problema u poslovanju te medijske ku\u0107e u Hrvatskoj, pi\u0161e Jutarnji. Predstavnici uprave te ku\u0107e odr\u017eali su sastanak sa zaposlenima koji su mnogi od njih i\u0161\u010dekivali s gr\u010dem u \u017eelucu. Dio ih je ve\u0107 [&hellip;]\" \/>\n<meta property=\"og:url\" content=\"https:\/\/radioljubuski.ba\/index.php\/2022\/08\/04\/zbog-problema-u-poslovanju-una-tv-u-zagrebu-podijelila-otkaze-ugasena-i-emisija-koja-se-najvise-reklamirala-a-uredivala-ju-je-ivana-paradzikovic\/\" \/>\n<meta property=\"og:site_name\" content=\"RADIO LJUBU\u0160KI\" \/>\n<meta property=\"article:publisher\" content=\"https:\/\/www.facebook.com\/Radiio-Ljubuski-1490835324566332\" \/>\n<meta property=\"article:published_time\" content=\"2022-08-04T09:46:55+00:00\" \/>\n<meta property=\"article:modified_time\" content=\"2022-08-04T09:46:56+00:00\" \/>\n<meta property=\"og:image\" content=\"https:\/\/radioljubuski.ba\/wp-content\/uploads\/2022\/08\/1632536.jpeg\" \/>\n\t<meta property=\"og:image:width\" content=\"1000\" \/>\n\t<meta property=\"og:image:height\" content=\"666\" \/>\n\t<meta property=\"og:image:type\" content=\"image\/jpeg\" \/>\n<meta name=\"author\" content=\"Radio Ljubu\u0161ki\" \/>\n<meta name=\"twitter:card\" content=\"summary_large_image\" \/>\n<meta name=\"twitter:creator\" content=\"@radioljubuski\" \/>\n<meta name=\"twitter:site\" content=\"@radioljubuski\" \/>\n<meta name=\"twitter:label1\" content=\"Napisao\/la\" \/>\n\t<meta name=\"twitter:data1\" content=\"Radio Ljubu\u0161ki\" \/>\n\t<meta name=\"twitter:label2\" content=\"Procijenjeno vrijeme \u010ditanja\" \/>\n\t<meta name=\"twitter:data2\" content=\"4 minute\" \/>\n<script type=\"application\/ld+json\" class=\"yoast-schema-graph\">{\"@context\":\"https:\\\/\\\/schema.org\",\"@graph\":[{\"@type\":\"Article\",\"@id\":\"https:\\\/\\\/radioljubuski.ba\\\/index.php\\\/2022\\\/08\\\/04\\\/zbog-problema-u-poslovanju-una-tv-u-zagrebu-podijelila-otkaze-ugasena-i-emisija-koja-se-najvise-reklamirala-a-uredivala-ju-je-ivana-paradzikovic\\\/#article\",\"isPartOf\":{\"@id\":\"https:\\\/\\\/radioljubuski.ba\\\/index.php\\\/2022\\\/08\\\/04\\\/zbog-problema-u-poslovanju-una-tv-u-zagrebu-podijelila-otkaze-ugasena-i-emisija-koja-se-najvise-reklamirala-a-uredivala-ju-je-ivana-paradzikovic\\\/\"},\"author\":{\"name\":\"Radio Ljubu\u0161ki\",\"@id\":\"https:\\\/\\\/radioljubuski.ba\\\/#\\\/schema\\\/person\\\/19fc700381a780f69665d7956c469e3b\"},\"headline\":\"Zbog problema u poslovanju Una TV u Zagrebu podijelila otkaze: uga\u0161ena i emisija koja se najvi\u0161e reklamirala, a ure\u0111ivala ju je Ivana Parad\u017eikovi\u0107\",\"datePublished\":\"2022-08-04T09:46:55+00:00\",\"dateModified\":\"2022-08-04T09:46:56+00:00\",\"mainEntityOfPage\":{\"@id\":\"https:\\\/\\\/radioljubuski.ba\\\/index.php\\\/2022\\\/08\\\/04\\\/zbog-problema-u-poslovanju-una-tv-u-zagrebu-podijelila-otkaze-ugasena-i-emisija-koja-se-najvise-reklamirala-a-uredivala-ju-je-ivana-paradzikovic\\\/\"},\"wordCount\":1047,\"publisher\":{\"@id\":\"https:\\\/\\\/radioljubuski.ba\\\/#organization\"},\"image\":{\"@id\":\"https:\\\/\\\/radioljubuski.ba\\\/index.php\\\/2022\\\/08\\\/04\\\/zbog-problema-u-poslovanju-una-tv-u-zagrebu-podijelila-otkaze-ugasena-i-emisija-koja-se-najvise-reklamirala-a-uredivala-ju-je-ivana-paradzikovic\\\/#primaryimage\"},\"thumbnailUrl\":\"https:\\\/\\\/radioljubuski.ba\\\/wp-content\\\/uploads\\\/2022\\\/08\\\/1632536.jpeg\",\"articleSection\":[\"BIH i regija\"],\"inLanguage\":\"hr\"},{\"@type\":\"WebPage\",\"@id\":\"https:\\\/\\\/radioljubuski.ba\\\/index.php\\\/2022\\\/08\\\/04\\\/zbog-problema-u-poslovanju-una-tv-u-zagrebu-podijelila-otkaze-ugasena-i-emisija-koja-se-najvise-reklamirala-a-uredivala-ju-je-ivana-paradzikovic\\\/\",\"url\":\"https:\\\/\\\/radioljubuski.ba\\\/index.php\\\/2022\\\/08\\\/04\\\/zbog-problema-u-poslovanju-una-tv-u-zagrebu-podijelila-otkaze-ugasena-i-emisija-koja-se-najvise-reklamirala-a-uredivala-ju-je-ivana-paradzikovic\\\/\",\"name\":\"Zbog problema u poslovanju Una TV u Zagrebu podijelila otkaze: uga\u0161ena i emisija koja se najvi\u0161e reklamirala, a ure\u0111ivala ju je Ivana Parad\u017eikovi\u0107 - RADIO LJUBU\u0160KI\",\"isPartOf\":{\"@id\":\"https:\\\/\\\/radioljubuski.ba\\\/#website\"},\"primaryImageOfPage\":{\"@id\":\"https:\\\/\\\/radioljubuski.ba\\\/index.php\\\/2022\\\/08\\\/04\\\/zbog-problema-u-poslovanju-una-tv-u-zagrebu-podijelila-otkaze-ugasena-i-emisija-koja-se-najvise-reklamirala-a-uredivala-ju-je-ivana-paradzikovic\\\/#primaryimage\"},\"image\":{\"@id\":\"https:\\\/\\\/radioljubuski.ba\\\/index.php\\\/2022\\\/08\\\/04\\\/zbog-problema-u-poslovanju-una-tv-u-zagrebu-podijelila-otkaze-ugasena-i-emisija-koja-se-najvise-reklamirala-a-uredivala-ju-je-ivana-paradzikovic\\\/#primaryimage\"},\"thumbnailUrl\":\"https:\\\/\\\/radioljubuski.ba\\\/wp-content\\\/uploads\\\/2022\\\/08\\\/1632536.jpeg\",\"datePublished\":\"2022-08-04T09:46:55+00:00\",\"dateModified\":\"2022-08-04T09:46:56+00:00\",\"breadcrumb\":{\"@id\":\"https:\\\/\\\/radioljubuski.ba\\\/index.php\\\/2022\\\/08\\\/04\\\/zbog-problema-u-poslovanju-una-tv-u-zagrebu-podijelila-otkaze-ugasena-i-emisija-koja-se-najvise-reklamirala-a-uredivala-ju-je-ivana-paradzikovic\\\/#breadcrumb\"},\"inLanguage\":\"hr\",\"potentialAction\":[{\"@type\":\"ReadAction\",\"target\":[\"https:\\\/\\\/radioljubuski.ba\\\/index.php\\\/2022\\\/08\\\/04\\\/zbog-problema-u-poslovanju-una-tv-u-zagrebu-podijelila-otkaze-ugasena-i-emisija-koja-se-najvise-reklamirala-a-uredivala-ju-je-ivana-paradzikovic\\\/\"]}]},{\"@type\":\"ImageObject\",\"inLanguage\":\"hr\",\"@id\":\"https:\\\/\\\/radioljubuski.ba\\\/index.php\\\/2022\\\/08\\\/04\\\/zbog-problema-u-poslovanju-una-tv-u-zagrebu-podijelila-otkaze-ugasena-i-emisija-koja-se-najvise-reklamirala-a-uredivala-ju-je-ivana-paradzikovic\\\/#primaryimage\",\"url\":\"https:\\\/\\\/radioljubuski.ba\\\/wp-content\\\/uploads\\\/2022\\\/08\\\/1632536.jpeg\",\"contentUrl\":\"https:\\\/\\\/radioljubuski.ba\\\/wp-content\\\/uploads\\\/2022\\\/08\\\/1632536.jpeg\",\"width\":1000,\"height\":666},{\"@type\":\"BreadcrumbList\",\"@id\":\"https:\\\/\\\/radioljubuski.ba\\\/index.php\\\/2022\\\/08\\\/04\\\/zbog-problema-u-poslovanju-una-tv-u-zagrebu-podijelila-otkaze-ugasena-i-emisija-koja-se-najvise-reklamirala-a-uredivala-ju-je-ivana-paradzikovic\\\/#breadcrumb\",\"itemListElement\":[{\"@type\":\"ListItem\",\"position\":1,\"name\":\"Po\u010detna stranica\",\"item\":\"https:\\\/\\\/radioljubuski.ba\\\/\"},{\"@type\":\"ListItem\",\"position\":2,\"name\":\"Zbog problema u poslovanju Una TV u Zagrebu podijelila otkaze: uga\u0161ena i emisija koja se najvi\u0161e reklamirala, a ure\u0111ivala ju je Ivana Parad\u017eikovi\u0107\"}]},{\"@type\":\"WebSite\",\"@id\":\"https:\\\/\\\/radioljubuski.ba\\\/#website\",\"url\":\"https:\\\/\\\/radioljubuski.ba\\\/\",\"name\":\"Radio Ljubu\u0161ki\",\"description\":\"Sun\u010dana frekvencija Hercegovine\",\"publisher\":{\"@id\":\"https:\\\/\\\/radioljubuski.ba\\\/#organization\"},\"potentialAction\":[{\"@type\":\"SearchAction\",\"target\":{\"@type\":\"EntryPoint\",\"urlTemplate\":\"https:\\\/\\\/radioljubuski.ba\\\/?s={search_term_string}\"},\"query-input\":{\"@type\":\"PropertyValueSpecification\",\"valueRequired\":true,\"valueName\":\"search_term_string\"}}],\"inLanguage\":\"hr\"},{\"@type\":\"Organization\",\"@id\":\"https:\\\/\\\/radioljubuski.ba\\\/#organization\",\"name\":\"Radio Ljubu\u0161ki\",\"url\":\"https:\\\/\\\/radioljubuski.ba\\\/\",\"logo\":{\"@type\":\"ImageObject\",\"inLanguage\":\"hr\",\"@id\":\"https:\\\/\\\/radioljubuski.ba\\\/#\\\/schema\\\/logo\\\/image\\\/\",\"url\":\"https:\\\/\\\/radioljubuski.ba\\\/wp-content\\\/uploads\\\/2021\\\/02\\\/cropped-Radio_Ljubuski_logo1.jpg\",\"contentUrl\":\"https:\\\/\\\/radioljubuski.ba\\\/wp-content\\\/uploads\\\/2021\\\/02\\\/cropped-Radio_Ljubuski_logo1.jpg\",\"width\":512,\"height\":512,\"caption\":\"Radio Ljubu\u0161ki\"},\"image\":{\"@id\":\"https:\\\/\\\/radioljubuski.ba\\\/#\\\/schema\\\/logo\\\/image\\\/\"},\"sameAs\":[\"https:\\\/\\\/www.facebook.com\\\/Radiio-Ljubuski-1490835324566332\",\"https:\\\/\\\/x.com\\\/radioljubuski\",\"https:\\\/\\\/hr.linkedin.com\\\/company\\\/radio-ljubuski\",\"https:\\\/\\\/www.youtube.com\\\/channel\\\/UCHYaeO_n0Db3tjNGudGpXyw\"]},{\"@type\":\"Person\",\"@id\":\"https:\\\/\\\/radioljubuski.ba\\\/#\\\/schema\\\/person\\\/19fc700381a780f69665d7956c469e3b\",\"name\":\"Radio Ljubu\u0161ki\"}]}<\/script>\n<!-- \/ Yoast SEO plugin. -->","yoast_head_json":{"title":"Zbog problema u poslovanju Una TV u Zagrebu podijelila otkaze: uga\u0161ena i emisija koja se najvi\u0161e reklamirala, a ure\u0111ivala ju je Ivana Parad\u017eikovi\u0107 - RADIO LJUBU\u0160KI","robots":{"index":"index","follow":"follow","max-snippet":"max-snippet:-1","max-image-preview":"max-image-preview:large","max-video-preview":"max-video-preview:-1"},"canonical":"https:\/\/radioljubuski.ba\/index.php\/2022\/08\/04\/zbog-problema-u-poslovanju-una-tv-u-zagrebu-podijelila-otkaze-ugasena-i-emisija-koja-se-najvise-reklamirala-a-uredivala-ju-je-ivana-paradzikovic\/","og_locale":"hr_HR","og_type":"article","og_title":"Zbog problema u poslovanju Una TV u Zagrebu podijelila otkaze: uga\u0161ena i emisija koja se najvi\u0161e reklamirala, a ure\u0111ivala ju je Ivana Parad\u017eikovi\u0107 - RADIO LJUBU\u0160KI","og_description":"Jednom dijelu novinara, urednika, snimatelja, monta\u017eera, producenata i drugog osoblja zagreba\u010dkog dopisni\u0161tva regionalne televizije Una TV u srijedu su podijeljeni otkazi zbog problema u poslovanju te medijske ku\u0107e u Hrvatskoj, pi\u0161e Jutarnji. Predstavnici uprave te ku\u0107e odr\u017eali su sastanak sa zaposlenima koji su mnogi od njih i\u0161\u010dekivali s gr\u010dem u \u017eelucu. Dio ih je ve\u0107 [&hellip;]","og_url":"https:\/\/radioljubuski.ba\/index.php\/2022\/08\/04\/zbog-problema-u-poslovanju-una-tv-u-zagrebu-podijelila-otkaze-ugasena-i-emisija-koja-se-najvise-reklamirala-a-uredivala-ju-je-ivana-paradzikovic\/","og_site_name":"RADIO LJUBU\u0160KI","article_publisher":"https:\/\/www.facebook.com\/Radiio-Ljubuski-1490835324566332","article_published_time":"2022-08-04T09:46:55+00:00","article_modified_time":"2022-08-04T09:46:56+00:00","og_image":[{"width":1000,"height":666,"url":"https:\/\/radioljubuski.ba\/wp-content\/uploads\/2022\/08\/1632536.jpeg","type":"image\/jpeg"}],"author":"Radio Ljubu\u0161ki","twitter_card":"summary_large_image","twitter_creator":"@radioljubuski","twitter_site":"@radioljubuski","twitter_misc":{"Napisao\/la":"Radio Ljubu\u0161ki","Procijenjeno vrijeme \u010ditanja":"4 minute"},"schema":{"@context":"https:\/\/schema.org","@graph":[{"@type":"Article","@id":"https:\/\/radioljubuski.ba\/index.php\/2022\/08\/04\/zbog-problema-u-poslovanju-una-tv-u-zagrebu-podijelila-otkaze-ugasena-i-emisija-koja-se-najvise-reklamirala-a-uredivala-ju-je-ivana-paradzikovic\/#article","isPartOf":{"@id":"https:\/\/radioljubuski.ba\/index.php\/2022\/08\/04\/zbog-problema-u-poslovanju-una-tv-u-zagrebu-podijelila-otkaze-ugasena-i-emisija-koja-se-najvise-reklamirala-a-uredivala-ju-je-ivana-paradzikovic\/"},"author":{"name":"Radio Ljubu\u0161ki","@id":"https:\/\/radioljubuski.ba\/#\/schema\/person\/19fc700381a780f69665d7956c469e3b"},"headline":"Zbog problema u poslovanju Una TV u Zagrebu podijelila otkaze: uga\u0161ena i emisija koja se najvi\u0161e reklamirala, a ure\u0111ivala ju je Ivana Parad\u017eikovi\u0107","datePublished":"2022-08-04T09:46:55+00:00","dateModified":"2022-08-04T09:46:56+00:00","mainEntityOfPage":{"@id":"https:\/\/radioljubuski.ba\/index.php\/2022\/08\/04\/zbog-problema-u-poslovanju-una-tv-u-zagrebu-podijelila-otkaze-ugasena-i-emisija-koja-se-najvise-reklamirala-a-uredivala-ju-je-ivana-paradzikovic\/"},"wordCount":1047,"publisher":{"@id":"https:\/\/radioljubuski.ba\/#organization"},"image":{"@id":"https:\/\/radioljubuski.ba\/index.php\/2022\/08\/04\/zbog-problema-u-poslovanju-una-tv-u-zagrebu-podijelila-otkaze-ugasena-i-emisija-koja-se-najvise-reklamirala-a-uredivala-ju-je-ivana-paradzikovic\/#primaryimage"},"thumbnailUrl":"https:\/\/radioljubuski.ba\/wp-content\/uploads\/2022\/08\/1632536.jpeg","articleSection":["BIH i regija"],"inLanguage":"hr"},{"@type":"WebPage","@id":"https:\/\/radioljubuski.ba\/index.php\/2022\/08\/04\/zbog-problema-u-poslovanju-una-tv-u-zagrebu-podijelila-otkaze-ugasena-i-emisija-koja-se-najvise-reklamirala-a-uredivala-ju-je-ivana-paradzikovic\/","url":"https:\/\/radioljubuski.ba\/index.php\/2022\/08\/04\/zbog-problema-u-poslovanju-una-tv-u-zagrebu-podijelila-otkaze-ugasena-i-emisija-koja-se-najvise-reklamirala-a-uredivala-ju-je-ivana-paradzikovic\/","name":"Zbog problema u poslovanju Una TV u Zagrebu podijelila otkaze: uga\u0161ena i emisija koja se najvi\u0161e reklamirala, a ure\u0111ivala ju je Ivana Parad\u017eikovi\u0107 - RADIO LJUBU\u0160KI","isPartOf":{"@id":"https:\/\/radioljubuski.ba\/#website"},"primaryImageOfPage":{"@id":"https:\/\/radioljubuski.ba\/index.php\/2022\/08\/04\/zbog-problema-u-poslovanju-una-tv-u-zagrebu-podijelila-otkaze-ugasena-i-emisija-koja-se-najvise-reklamirala-a-uredivala-ju-je-ivana-paradzikovic\/#primaryimage"},"image":{"@id":"https:\/\/radioljubuski.ba\/index.php\/2022\/08\/04\/zbog-problema-u-poslovanju-una-tv-u-zagrebu-podijelila-otkaze-ugasena-i-emisija-koja-se-najvise-reklamirala-a-uredivala-ju-je-ivana-paradzikovic\/#primaryimage"},"thumbnailUrl":"https:\/\/radioljubuski.ba\/wp-content\/uploads\/2022\/08\/1632536.jpeg","datePublished":"2022-08-04T09:46:55+00:00","dateModified":"2022-08-04T09:46:56+00:00","breadcrumb":{"@id":"https:\/\/radioljubuski.ba\/index.php\/2022\/08\/04\/zbog-problema-u-poslovanju-una-tv-u-zagrebu-podijelila-otkaze-ugasena-i-emisija-koja-se-najvise-reklamirala-a-uredivala-ju-je-ivana-paradzikovic\/#breadcrumb"},"inLanguage":"hr","potentialAction":[{"@type":"ReadAction","target":["https:\/\/radioljubuski.ba\/index.php\/2022\/08\/04\/zbog-problema-u-poslovanju-una-tv-u-zagrebu-podijelila-otkaze-ugasena-i-emisija-koja-se-najvise-reklamirala-a-uredivala-ju-je-ivana-paradzikovic\/"]}]},{"@type":"ImageObject","inLanguage":"hr","@id":"https:\/\/radioljubuski.ba\/index.php\/2022\/08\/04\/zbog-problema-u-poslovanju-una-tv-u-zagrebu-podijelila-otkaze-ugasena-i-emisija-koja-se-najvise-reklamirala-a-uredivala-ju-je-ivana-paradzikovic\/#primaryimage","url":"https:\/\/radioljubuski.ba\/wp-content\/uploads\/2022\/08\/1632536.jpeg","contentUrl":"https:\/\/radioljubuski.ba\/wp-content\/uploads\/2022\/08\/1632536.jpeg","width":1000,"height":666},{"@type":"BreadcrumbList","@id":"https:\/\/radioljubuski.ba\/index.php\/2022\/08\/04\/zbog-problema-u-poslovanju-una-tv-u-zagrebu-podijelila-otkaze-ugasena-i-emisija-koja-se-najvise-reklamirala-a-uredivala-ju-je-ivana-paradzikovic\/#breadcrumb","itemListElement":[{"@type":"ListItem","position":1,"name":"Po\u010detna stranica","item":"https:\/\/radioljubuski.ba\/"},{"@type":"ListItem","position":2,"name":"Zbog problema u poslovanju Una TV u Zagrebu podijelila otkaze: uga\u0161ena i emisija koja se najvi\u0161e reklamirala, a ure\u0111ivala ju je Ivana Parad\u017eikovi\u0107"}]},{"@type":"WebSite","@id":"https:\/\/radioljubuski.ba\/#website","url":"https:\/\/radioljubuski.ba\/","name":"Radio Ljubu\u0161ki","description":"Sun\u010dana frekvencija Hercegovine","publisher":{"@id":"https:\/\/radioljubuski.ba\/#organization"},"potentialAction":[{"@type":"SearchAction","target":{"@type":"EntryPoint","urlTemplate":"https:\/\/radioljubuski.ba\/?s={search_term_string}"},"query-input":{"@type":"PropertyValueSpecification","valueRequired":true,"valueName":"search_term_string"}}],"inLanguage":"hr"},{"@type":"Organization","@id":"https:\/\/radioljubuski.ba\/#organization","name":"Radio Ljubu\u0161ki","url":"https:\/\/radioljubuski.ba\/","logo":{"@type":"ImageObject","inLanguage":"hr","@id":"https:\/\/radioljubuski.ba\/#\/schema\/logo\/image\/","url":"https:\/\/radioljubuski.ba\/wp-content\/uploads\/2021\/02\/cropped-Radio_Ljubuski_logo1.jpg","contentUrl":"https:\/\/radioljubuski.ba\/wp-content\/uploads\/2021\/02\/cropped-Radio_Ljubuski_logo1.jpg","width":512,"height":512,"caption":"Radio Ljubu\u0161ki"},"image":{"@id":"https:\/\/radioljubuski.ba\/#\/schema\/logo\/image\/"},"sameAs":["https:\/\/www.facebook.com\/Radiio-Ljubuski-1490835324566332","https:\/\/x.com\/radioljubuski","https:\/\/hr.linkedin.com\/company\/radio-ljubuski","https:\/\/www.youtube.com\/channel\/UCHYaeO_n0Db3tjNGudGpXyw"]},{"@type":"Person","@id":"https:\/\/radioljubuski.ba\/#\/schema\/person\/19fc700381a780f69665d7956c469e3b","name":"Radio Ljubu\u0161ki"}]}},"_links":{"self":[{"href":"https:\/\/radioljubuski.ba\/index.php\/wp-json\/wp\/v2\/posts\/166360","targetHints":{"allow":["GET"]}}],"collection":[{"href":"https:\/\/radioljubuski.ba\/index.php\/wp-json\/wp\/v2\/posts"}],"about":[{"href":"https:\/\/radioljubuski.ba\/index.php\/wp-json\/wp\/v2\/types\/post"}],"author":[{"embeddable":true,"href":"https:\/\/radioljubuski.ba\/index.php\/wp-json\/wp\/v2\/users\/2"}],"replies":[{"embeddable":true,"href":"https:\/\/radioljubuski.ba\/index.php\/wp-json\/wp\/v2\/comments?post=166360"}],"version-history":[{"count":1,"href":"https:\/\/radioljubuski.ba\/index.php\/wp-json\/wp\/v2\/posts\/166360\/revisions"}],"predecessor-version":[{"id":166362,"href":"https:\/\/radioljubuski.ba\/index.php\/wp-json\/wp\/v2\/posts\/166360\/revisions\/166362"}],"wp:featuredmedia":[{"embeddable":true,"href":"https:\/\/radioljubuski.ba\/index.php\/wp-json\/wp\/v2\/media\/166361"}],"wp:attachment":[{"href":"https:\/\/radioljubuski.ba\/index.php\/wp-json\/wp\/v2\/media?parent=166360"}],"wp:term":[{"taxonomy":"category","embeddable":true,"href":"https:\/\/radioljubuski.ba\/index.php\/wp-json\/wp\/v2\/categories?post=166360"},{"taxonomy":"post_tag","embeddable":true,"href":"https:\/\/radioljubuski.ba\/index.php\/wp-json\/wp\/v2\/tags?post=166360"}],"curies":[{"name":"wp","href":"https:\/\/api.w.org\/{rel}","templated":true}]}}