{"id":166375,"date":"2022-08-04T10:56:59","date_gmt":"2022-08-04T09:56:59","guid":{"rendered":"https:\/\/radioljubuski.ba\/?p=166375"},"modified":"2022-08-04T10:57:00","modified_gmt":"2022-08-04T09:57:00","slug":"koliko-obitelji-u-fbih-ce-dobiti-paket-osnovnih-namirnica-od-500-km","status":"publish","type":"post","link":"https:\/\/radioljubuski.ba\/index.php\/2022\/08\/04\/koliko-obitelji-u-fbih-ce-dobiti-paket-osnovnih-namirnica-od-500-km\/","title":{"rendered":"Koliko obitelji u FBiH \u0107e dobiti paket osnovnih namirnica od 500 KM?"},"content":{"rendered":"\n<p>Jednokratnu nov\u010danu pomo\u0107 od po 100 KM iz federalnog bud\u017eeta, uz svoja redovna mjese\u010dna primanja, umirovljenici u Federaciji BiH dobit \u0107e 5. kolovoza, a korisnici braniteljskih naknada 10. kolovoza, u skladu sa Uredbom Vlade FBiH o programu pomo\u0107i stanovni\u0161tvu usljed inflacije i rasta potro\u0161a\u010dkih cijena.<\/p>\n\n\n\n<p>Tako\u0111er, ovog mjeseca 100 KM pomo\u0107i dobit \u0107e i ve\u0107ina osoba sa invaliditetom i civilnih \u017ertava rata. Jedino se za odre\u0111eni broj njih iz ove kategorije, koji redovne naknade primaju putem centara za socijalni rad \u010deka finalizacija aktivnosti Federalnog ministarstva rada i socijalne politike, s obzirom na obavezu da se njihove isplate realizuju u suradnji s \u017eupanijskim ministarstvima i centrima za socijalni rad.<\/p>\n\n\n\n<p>Ina\u010de, pravo na jednokratnu pomo\u0107 od po 100 KM u Federaciji BiH ima 378.000 umirovljenika, 100.000 korisnika braniteljskih naknada, te 53.000 osoba sa invaliditetom i civilnih \u017ertava rata.<\/p>\n\n\n\n<p>Uredbom koju je Vlada Federacije donijela 7. srpnja, precizirano je da isplata jednokratne pomo\u0107i za umirovljenike do\u0111e uz srpanjsku mirovinu, a za ostale kategorije u roku od 60 dana.<\/p>\n\n\n\n<p>Federalni premijer Fadil Novali\u0107 izrazio je zadovoljstvo i zahvalnost nadle\u017enim slu\u017ebama unutar Vlade FBiH i resornih ministarstava, jer su ulo\u017eili maksimum napora da i braniteljske kategorije i civilni invalidi \u0161to prije dobiju ovu nov\u010danu podr\u0161ku.<\/p>\n\n\n\n<p>&#8211; Sretan sam \u0161to mogu potvrditi da branitelji i invalidi ne\u0107e \u010dekati 60 dana, te da \u0107e umirovljenici , kako smo i obe\u0107ali, svoju pomo\u0107 od 100 KM dobiti uz srpanjske mirovine 5. kolovoza. O\u010dekujem da \u0107e se \u0161to prije ove isplate realizirati i za sve kategorije civilnih invalida i \u017ertve rata. Kao \u0161to sam ve\u0107 ranije naglasio, na ovome ne\u0107emo stati. Mi nastavljamo raditi na dono\u0161enju i provedbi mjera pomo\u0107i na\u0161im gra\u0111anima, posebno ugro\u017eenim kategorijama da lak\u0161e prevladaju poskupljenja i pripreme se za predstoje\u0107u jesen i zimu &#8211; poru\u010dio je premijer Novali\u0107.<\/p>\n\n\n\n<p>U narednom periodu slijedi podjela paketa osnovnih \u017eivotnih namirnica u vrijednosti od po 500 KM iz robnih rezervi FBiH za oko 17.000 obitelji koje su u stanju socijalne potrebe. Taj dio posla u obavezi je da izvr\u0161i Federalna direkcija robnih rezervi.<\/p>\n\n\n\n<p>Na pro\u0161loj sjednici Vlade donesena je i Uredba o dodatnom subvencioniranju tro\u0161kova elektri\u010dne energije za oko 70.000 korisnika, a ranije je na inicijativu Vlade FBiH zaustavljen izvoz peleta i obradivog drveta iz BiH kako bi se utjecalo na stabilizaciju cijena ogrijeva.<\/p>\n\n\n\n<p>Federalni inspektori na terenu poja\u010dano kontroliraju proizvo\u0111a\u010de i trgovce peleta, briketa i ogrijevnog drveta, kao i formiranje cijena i mar\u017ei na osnovne \u017eivotne namirnice i gorivo.<\/p>\n\n\n\n<p>Tako\u0111er, Vlada je omogu\u0107ila da poslodavci isplate jednokratnu pomo\u0107 radnicima u Federaciji BiH bez pla\u0107anja poreza i doprinosa na taj dio, priop\u0107eno je iz Ureda Vlade FBiH za odnose sa javno\u0161\u0107u.<\/p>\n\n\n\n<p>Izvor:pogled.ba<\/p>\n","protected":false},"excerpt":{"rendered":"<p>Jednokratnu nov\u010danu pomo\u0107 od po 100 KM iz federalnog bud\u017eeta, uz svoja redovna mjese\u010dna primanja, umirovljenici u Federaciji BiH dobit \u0107e 5. kolovoza, a korisnici braniteljskih naknada 10. kolovoza, u skladu sa Uredbom Vlade FBiH o programu pomo\u0107i stanovni\u0161tvu usljed inflacije i rasta potro\u0161a\u010dkih cijena. Tako\u0111er, ovog mjeseca 100 KM pomo\u0107i dobit \u0107e i ve\u0107ina [&hellip;]<\/p>\n","protected":false},"author":2,"featured_media":61249,"comment_status":"closed","ping_status":"closed","sticky":false,"template":"","format":"standard","meta":{"h5ap_radio_sources":[],"footnotes":""},"categories":[1],"tags":[],"class_list":["post-166375","post","type-post","status-publish","format-standard","has-post-thumbnail","hentry","category-bihiregija"],"yoast_head":"<!-- This site is optimized with the Yoast SEO plugin v27.4 - https:\/\/yoast.com\/product\/yoast-seo-wordpress\/ -->\n<title>Koliko obitelji u FBiH \u0107e dobiti paket osnovnih namirnica od 500 KM? - RADIO LJUBU\u0160KI<\/title>\n<meta name=\"robots\" content=\"index, follow, max-snippet:-1, max-image-preview:large, max-video-preview:-1\" \/>\n<link rel=\"canonical\" href=\"https:\/\/radioljubuski.ba\/index.php\/2022\/08\/04\/koliko-obitelji-u-fbih-ce-dobiti-paket-osnovnih-namirnica-od-500-km\/\" \/>\n<meta property=\"og:locale\" content=\"hr_HR\" \/>\n<meta property=\"og:type\" content=\"article\" \/>\n<meta property=\"og:title\" content=\"Koliko obitelji u FBiH \u0107e dobiti paket osnovnih namirnica od 500 KM? - RADIO LJUBU\u0160KI\" \/>\n<meta property=\"og:description\" content=\"Jednokratnu nov\u010danu pomo\u0107 od po 100 KM iz federalnog bud\u017eeta, uz svoja redovna mjese\u010dna primanja, umirovljenici u Federaciji BiH dobit \u0107e 5. kolovoza, a korisnici braniteljskih naknada 10. kolovoza, u skladu sa Uredbom Vlade FBiH o programu pomo\u0107i stanovni\u0161tvu usljed inflacije i rasta potro\u0161a\u010dkih cijena. Tako\u0111er, ovog mjeseca 100 KM pomo\u0107i dobit \u0107e i ve\u0107ina [&hellip;]\" \/>\n<meta property=\"og:url\" content=\"https:\/\/radioljubuski.ba\/index.php\/2022\/08\/04\/koliko-obitelji-u-fbih-ce-dobiti-paket-osnovnih-namirnica-od-500-km\/\" \/>\n<meta property=\"og:site_name\" content=\"RADIO LJUBU\u0160KI\" \/>\n<meta property=\"article:publisher\" content=\"https:\/\/www.facebook.com\/Radiio-Ljubuski-1490835324566332\" \/>\n<meta property=\"article:published_time\" content=\"2022-08-04T09:56:59+00:00\" \/>\n<meta property=\"article:modified_time\" content=\"2022-08-04T09:57:00+00:00\" \/>\n<meta property=\"og:image\" content=\"https:\/\/radioljubuski.ba\/wp-content\/uploads\/2021\/09\/HkrYniPe_prodavnica.jpg\" \/>\n\t<meta property=\"og:image:width\" content=\"1000\" \/>\n\t<meta property=\"og:image:height\" content=\"625\" \/>\n\t<meta property=\"og:image:type\" content=\"image\/jpeg\" \/>\n<meta name=\"author\" content=\"Radio Ljubu\u0161ki\" \/>\n<meta name=\"twitter:card\" content=\"summary_large_image\" \/>\n<meta name=\"twitter:creator\" content=\"@radioljubuski\" \/>\n<meta name=\"twitter:site\" content=\"@radioljubuski\" \/>\n<meta name=\"twitter:label1\" content=\"Napisao\/la\" \/>\n\t<meta name=\"twitter:data1\" content=\"Radio Ljubu\u0161ki\" \/>\n\t<meta name=\"twitter:label2\" content=\"Procijenjeno vrijeme \u010ditanja\" \/>\n\t<meta name=\"twitter:data2\" content=\"2 minute\" \/>\n<script type=\"application\/ld+json\" class=\"yoast-schema-graph\">{\"@context\":\"https:\\\/\\\/schema.org\",\"@graph\":[{\"@type\":\"Article\",\"@id\":\"https:\\\/\\\/radioljubuski.ba\\\/index.php\\\/2022\\\/08\\\/04\\\/koliko-obitelji-u-fbih-ce-dobiti-paket-osnovnih-namirnica-od-500-km\\\/#article\",\"isPartOf\":{\"@id\":\"https:\\\/\\\/radioljubuski.ba\\\/index.php\\\/2022\\\/08\\\/04\\\/koliko-obitelji-u-fbih-ce-dobiti-paket-osnovnih-namirnica-od-500-km\\\/\"},\"author\":{\"name\":\"Radio Ljubu\u0161ki\",\"@id\":\"https:\\\/\\\/radioljubuski.ba\\\/#\\\/schema\\\/person\\\/19fc700381a780f69665d7956c469e3b\"},\"headline\":\"Koliko obitelji u FBiH \u0107e dobiti paket osnovnih namirnica od 500 KM?\",\"datePublished\":\"2022-08-04T09:56:59+00:00\",\"dateModified\":\"2022-08-04T09:57:00+00:00\",\"mainEntityOfPage\":{\"@id\":\"https:\\\/\\\/radioljubuski.ba\\\/index.php\\\/2022\\\/08\\\/04\\\/koliko-obitelji-u-fbih-ce-dobiti-paket-osnovnih-namirnica-od-500-km\\\/\"},\"wordCount\":473,\"publisher\":{\"@id\":\"https:\\\/\\\/radioljubuski.ba\\\/#organization\"},\"image\":{\"@id\":\"https:\\\/\\\/radioljubuski.ba\\\/index.php\\\/2022\\\/08\\\/04\\\/koliko-obitelji-u-fbih-ce-dobiti-paket-osnovnih-namirnica-od-500-km\\\/#primaryimage\"},\"thumbnailUrl\":\"https:\\\/\\\/radioljubuski.ba\\\/wp-content\\\/uploads\\\/2021\\\/09\\\/HkrYniPe_prodavnica.jpg\",\"articleSection\":[\"BIH i regija\"],\"inLanguage\":\"hr\"},{\"@type\":\"WebPage\",\"@id\":\"https:\\\/\\\/radioljubuski.ba\\\/index.php\\\/2022\\\/08\\\/04\\\/koliko-obitelji-u-fbih-ce-dobiti-paket-osnovnih-namirnica-od-500-km\\\/\",\"url\":\"https:\\\/\\\/radioljubuski.ba\\\/index.php\\\/2022\\\/08\\\/04\\\/koliko-obitelji-u-fbih-ce-dobiti-paket-osnovnih-namirnica-od-500-km\\\/\",\"name\":\"Koliko obitelji u FBiH \u0107e dobiti paket osnovnih namirnica od 500 KM? - RADIO LJUBU\u0160KI\",\"isPartOf\":{\"@id\":\"https:\\\/\\\/radioljubuski.ba\\\/#website\"},\"primaryImageOfPage\":{\"@id\":\"https:\\\/\\\/radioljubuski.ba\\\/index.php\\\/2022\\\/08\\\/04\\\/koliko-obitelji-u-fbih-ce-dobiti-paket-osnovnih-namirnica-od-500-km\\\/#primaryimage\"},\"image\":{\"@id\":\"https:\\\/\\\/radioljubuski.ba\\\/index.php\\\/2022\\\/08\\\/04\\\/koliko-obitelji-u-fbih-ce-dobiti-paket-osnovnih-namirnica-od-500-km\\\/#primaryimage\"},\"thumbnailUrl\":\"https:\\\/\\\/radioljubuski.ba\\\/wp-content\\\/uploads\\\/2021\\\/09\\\/HkrYniPe_prodavnica.jpg\",\"datePublished\":\"2022-08-04T09:56:59+00:00\",\"dateModified\":\"2022-08-04T09:57:00+00:00\",\"breadcrumb\":{\"@id\":\"https:\\\/\\\/radioljubuski.ba\\\/index.php\\\/2022\\\/08\\\/04\\\/koliko-obitelji-u-fbih-ce-dobiti-paket-osnovnih-namirnica-od-500-km\\\/#breadcrumb\"},\"inLanguage\":\"hr\",\"potentialAction\":[{\"@type\":\"ReadAction\",\"target\":[\"https:\\\/\\\/radioljubuski.ba\\\/index.php\\\/2022\\\/08\\\/04\\\/koliko-obitelji-u-fbih-ce-dobiti-paket-osnovnih-namirnica-od-500-km\\\/\"]}]},{\"@type\":\"ImageObject\",\"inLanguage\":\"hr\",\"@id\":\"https:\\\/\\\/radioljubuski.ba\\\/index.php\\\/2022\\\/08\\\/04\\\/koliko-obitelji-u-fbih-ce-dobiti-paket-osnovnih-namirnica-od-500-km\\\/#primaryimage\",\"url\":\"https:\\\/\\\/radioljubuski.ba\\\/wp-content\\\/uploads\\\/2021\\\/09\\\/HkrYniPe_prodavnica.jpg\",\"contentUrl\":\"https:\\\/\\\/radioljubuski.ba\\\/wp-content\\\/uploads\\\/2021\\\/09\\\/HkrYniPe_prodavnica.jpg\",\"width\":1000,\"height\":625},{\"@type\":\"BreadcrumbList\",\"@id\":\"https:\\\/\\\/radioljubuski.ba\\\/index.php\\\/2022\\\/08\\\/04\\\/koliko-obitelji-u-fbih-ce-dobiti-paket-osnovnih-namirnica-od-500-km\\\/#breadcrumb\",\"itemListElement\":[{\"@type\":\"ListItem\",\"position\":1,\"name\":\"Po\u010detna stranica\",\"item\":\"https:\\\/\\\/radioljubuski.ba\\\/\"},{\"@type\":\"ListItem\",\"position\":2,\"name\":\"Koliko obitelji u FBiH \u0107e dobiti paket osnovnih namirnica od 500 KM?\"}]},{\"@type\":\"WebSite\",\"@id\":\"https:\\\/\\\/radioljubuski.ba\\\/#website\",\"url\":\"https:\\\/\\\/radioljubuski.ba\\\/\",\"name\":\"Radio Ljubu\u0161ki\",\"description\":\"Sun\u010dana frekvencija Hercegovine\",\"publisher\":{\"@id\":\"https:\\\/\\\/radioljubuski.ba\\\/#organization\"},\"potentialAction\":[{\"@type\":\"SearchAction\",\"target\":{\"@type\":\"EntryPoint\",\"urlTemplate\":\"https:\\\/\\\/radioljubuski.ba\\\/?s={search_term_string}\"},\"query-input\":{\"@type\":\"PropertyValueSpecification\",\"valueRequired\":true,\"valueName\":\"search_term_string\"}}],\"inLanguage\":\"hr\"},{\"@type\":\"Organization\",\"@id\":\"https:\\\/\\\/radioljubuski.ba\\\/#organization\",\"name\":\"Radio Ljubu\u0161ki\",\"url\":\"https:\\\/\\\/radioljubuski.ba\\\/\",\"logo\":{\"@type\":\"ImageObject\",\"inLanguage\":\"hr\",\"@id\":\"https:\\\/\\\/radioljubuski.ba\\\/#\\\/schema\\\/logo\\\/image\\\/\",\"url\":\"https:\\\/\\\/radioljubuski.ba\\\/wp-content\\\/uploads\\\/2021\\\/02\\\/cropped-Radio_Ljubuski_logo1.jpg\",\"contentUrl\":\"https:\\\/\\\/radioljubuski.ba\\\/wp-content\\\/uploads\\\/2021\\\/02\\\/cropped-Radio_Ljubuski_logo1.jpg\",\"width\":512,\"height\":512,\"caption\":\"Radio Ljubu\u0161ki\"},\"image\":{\"@id\":\"https:\\\/\\\/radioljubuski.ba\\\/#\\\/schema\\\/logo\\\/image\\\/\"},\"sameAs\":[\"https:\\\/\\\/www.facebook.com\\\/Radiio-Ljubuski-1490835324566332\",\"https:\\\/\\\/x.com\\\/radioljubuski\",\"https:\\\/\\\/hr.linkedin.com\\\/company\\\/radio-ljubuski\",\"https:\\\/\\\/www.youtube.com\\\/channel\\\/UCHYaeO_n0Db3tjNGudGpXyw\"]},{\"@type\":\"Person\",\"@id\":\"https:\\\/\\\/radioljubuski.ba\\\/#\\\/schema\\\/person\\\/19fc700381a780f69665d7956c469e3b\",\"name\":\"Radio Ljubu\u0161ki\"}]}<\/script>\n<!-- \/ Yoast SEO plugin. -->","yoast_head_json":{"title":"Koliko obitelji u FBiH \u0107e dobiti paket osnovnih namirnica od 500 KM? - RADIO LJUBU\u0160KI","robots":{"index":"index","follow":"follow","max-snippet":"max-snippet:-1","max-image-preview":"max-image-preview:large","max-video-preview":"max-video-preview:-1"},"canonical":"https:\/\/radioljubuski.ba\/index.php\/2022\/08\/04\/koliko-obitelji-u-fbih-ce-dobiti-paket-osnovnih-namirnica-od-500-km\/","og_locale":"hr_HR","og_type":"article","og_title":"Koliko obitelji u FBiH \u0107e dobiti paket osnovnih namirnica od 500 KM? - RADIO LJUBU\u0160KI","og_description":"Jednokratnu nov\u010danu pomo\u0107 od po 100 KM iz federalnog bud\u017eeta, uz svoja redovna mjese\u010dna primanja, umirovljenici u Federaciji BiH dobit \u0107e 5. kolovoza, a korisnici braniteljskih naknada 10. kolovoza, u skladu sa Uredbom Vlade FBiH o programu pomo\u0107i stanovni\u0161tvu usljed inflacije i rasta potro\u0161a\u010dkih cijena. Tako\u0111er, ovog mjeseca 100 KM pomo\u0107i dobit \u0107e i ve\u0107ina [&hellip;]","og_url":"https:\/\/radioljubuski.ba\/index.php\/2022\/08\/04\/koliko-obitelji-u-fbih-ce-dobiti-paket-osnovnih-namirnica-od-500-km\/","og_site_name":"RADIO LJUBU\u0160KI","article_publisher":"https:\/\/www.facebook.com\/Radiio-Ljubuski-1490835324566332","article_published_time":"2022-08-04T09:56:59+00:00","article_modified_time":"2022-08-04T09:57:00+00:00","og_image":[{"width":1000,"height":625,"url":"https:\/\/radioljubuski.ba\/wp-content\/uploads\/2021\/09\/HkrYniPe_prodavnica.jpg","type":"image\/jpeg"}],"author":"Radio Ljubu\u0161ki","twitter_card":"summary_large_image","twitter_creator":"@radioljubuski","twitter_site":"@radioljubuski","twitter_misc":{"Napisao\/la":"Radio Ljubu\u0161ki","Procijenjeno vrijeme \u010ditanja":"2 minute"},"schema":{"@context":"https:\/\/schema.org","@graph":[{"@type":"Article","@id":"https:\/\/radioljubuski.ba\/index.php\/2022\/08\/04\/koliko-obitelji-u-fbih-ce-dobiti-paket-osnovnih-namirnica-od-500-km\/#article","isPartOf":{"@id":"https:\/\/radioljubuski.ba\/index.php\/2022\/08\/04\/koliko-obitelji-u-fbih-ce-dobiti-paket-osnovnih-namirnica-od-500-km\/"},"author":{"name":"Radio Ljubu\u0161ki","@id":"https:\/\/radioljubuski.ba\/#\/schema\/person\/19fc700381a780f69665d7956c469e3b"},"headline":"Koliko obitelji u FBiH \u0107e dobiti paket osnovnih namirnica od 500 KM?","datePublished":"2022-08-04T09:56:59+00:00","dateModified":"2022-08-04T09:57:00+00:00","mainEntityOfPage":{"@id":"https:\/\/radioljubuski.ba\/index.php\/2022\/08\/04\/koliko-obitelji-u-fbih-ce-dobiti-paket-osnovnih-namirnica-od-500-km\/"},"wordCount":473,"publisher":{"@id":"https:\/\/radioljubuski.ba\/#organization"},"image":{"@id":"https:\/\/radioljubuski.ba\/index.php\/2022\/08\/04\/koliko-obitelji-u-fbih-ce-dobiti-paket-osnovnih-namirnica-od-500-km\/#primaryimage"},"thumbnailUrl":"https:\/\/radioljubuski.ba\/wp-content\/uploads\/2021\/09\/HkrYniPe_prodavnica.jpg","articleSection":["BIH i regija"],"inLanguage":"hr"},{"@type":"WebPage","@id":"https:\/\/radioljubuski.ba\/index.php\/2022\/08\/04\/koliko-obitelji-u-fbih-ce-dobiti-paket-osnovnih-namirnica-od-500-km\/","url":"https:\/\/radioljubuski.ba\/index.php\/2022\/08\/04\/koliko-obitelji-u-fbih-ce-dobiti-paket-osnovnih-namirnica-od-500-km\/","name":"Koliko obitelji u FBiH \u0107e dobiti paket osnovnih namirnica od 500 KM? - RADIO LJUBU\u0160KI","isPartOf":{"@id":"https:\/\/radioljubuski.ba\/#website"},"primaryImageOfPage":{"@id":"https:\/\/radioljubuski.ba\/index.php\/2022\/08\/04\/koliko-obitelji-u-fbih-ce-dobiti-paket-osnovnih-namirnica-od-500-km\/#primaryimage"},"image":{"@id":"https:\/\/radioljubuski.ba\/index.php\/2022\/08\/04\/koliko-obitelji-u-fbih-ce-dobiti-paket-osnovnih-namirnica-od-500-km\/#primaryimage"},"thumbnailUrl":"https:\/\/radioljubuski.ba\/wp-content\/uploads\/2021\/09\/HkrYniPe_prodavnica.jpg","datePublished":"2022-08-04T09:56:59+00:00","dateModified":"2022-08-04T09:57:00+00:00","breadcrumb":{"@id":"https:\/\/radioljubuski.ba\/index.php\/2022\/08\/04\/koliko-obitelji-u-fbih-ce-dobiti-paket-osnovnih-namirnica-od-500-km\/#breadcrumb"},"inLanguage":"hr","potentialAction":[{"@type":"ReadAction","target":["https:\/\/radioljubuski.ba\/index.php\/2022\/08\/04\/koliko-obitelji-u-fbih-ce-dobiti-paket-osnovnih-namirnica-od-500-km\/"]}]},{"@type":"ImageObject","inLanguage":"hr","@id":"https:\/\/radioljubuski.ba\/index.php\/2022\/08\/04\/koliko-obitelji-u-fbih-ce-dobiti-paket-osnovnih-namirnica-od-500-km\/#primaryimage","url":"https:\/\/radioljubuski.ba\/wp-content\/uploads\/2021\/09\/HkrYniPe_prodavnica.jpg","contentUrl":"https:\/\/radioljubuski.ba\/wp-content\/uploads\/2021\/09\/HkrYniPe_prodavnica.jpg","width":1000,"height":625},{"@type":"BreadcrumbList","@id":"https:\/\/radioljubuski.ba\/index.php\/2022\/08\/04\/koliko-obitelji-u-fbih-ce-dobiti-paket-osnovnih-namirnica-od-500-km\/#breadcrumb","itemListElement":[{"@type":"ListItem","position":1,"name":"Po\u010detna stranica","item":"https:\/\/radioljubuski.ba\/"},{"@type":"ListItem","position":2,"name":"Koliko obitelji u FBiH \u0107e dobiti paket osnovnih namirnica od 500 KM?"}]},{"@type":"WebSite","@id":"https:\/\/radioljubuski.ba\/#website","url":"https:\/\/radioljubuski.ba\/","name":"Radio Ljubu\u0161ki","description":"Sun\u010dana frekvencija Hercegovine","publisher":{"@id":"https:\/\/radioljubuski.ba\/#organization"},"potentialAction":[{"@type":"SearchAction","target":{"@type":"EntryPoint","urlTemplate":"https:\/\/radioljubuski.ba\/?s={search_term_string}"},"query-input":{"@type":"PropertyValueSpecification","valueRequired":true,"valueName":"search_term_string"}}],"inLanguage":"hr"},{"@type":"Organization","@id":"https:\/\/radioljubuski.ba\/#organization","name":"Radio Ljubu\u0161ki","url":"https:\/\/radioljubuski.ba\/","logo":{"@type":"ImageObject","inLanguage":"hr","@id":"https:\/\/radioljubuski.ba\/#\/schema\/logo\/image\/","url":"https:\/\/radioljubuski.ba\/wp-content\/uploads\/2021\/02\/cropped-Radio_Ljubuski_logo1.jpg","contentUrl":"https:\/\/radioljubuski.ba\/wp-content\/uploads\/2021\/02\/cropped-Radio_Ljubuski_logo1.jpg","width":512,"height":512,"caption":"Radio Ljubu\u0161ki"},"image":{"@id":"https:\/\/radioljubuski.ba\/#\/schema\/logo\/image\/"},"sameAs":["https:\/\/www.facebook.com\/Radiio-Ljubuski-1490835324566332","https:\/\/x.com\/radioljubuski","https:\/\/hr.linkedin.com\/company\/radio-ljubuski","https:\/\/www.youtube.com\/channel\/UCHYaeO_n0Db3tjNGudGpXyw"]},{"@type":"Person","@id":"https:\/\/radioljubuski.ba\/#\/schema\/person\/19fc700381a780f69665d7956c469e3b","name":"Radio Ljubu\u0161ki"}]}},"_links":{"self":[{"href":"https:\/\/radioljubuski.ba\/index.php\/wp-json\/wp\/v2\/posts\/166375","targetHints":{"allow":["GET"]}}],"collection":[{"href":"https:\/\/radioljubuski.ba\/index.php\/wp-json\/wp\/v2\/posts"}],"about":[{"href":"https:\/\/radioljubuski.ba\/index.php\/wp-json\/wp\/v2\/types\/post"}],"author":[{"embeddable":true,"href":"https:\/\/radioljubuski.ba\/index.php\/wp-json\/wp\/v2\/users\/2"}],"replies":[{"embeddable":true,"href":"https:\/\/radioljubuski.ba\/index.php\/wp-json\/wp\/v2\/comments?post=166375"}],"version-history":[{"count":1,"href":"https:\/\/radioljubuski.ba\/index.php\/wp-json\/wp\/v2\/posts\/166375\/revisions"}],"predecessor-version":[{"id":166377,"href":"https:\/\/radioljubuski.ba\/index.php\/wp-json\/wp\/v2\/posts\/166375\/revisions\/166377"}],"wp:featuredmedia":[{"embeddable":true,"href":"https:\/\/radioljubuski.ba\/index.php\/wp-json\/wp\/v2\/media\/61249"}],"wp:attachment":[{"href":"https:\/\/radioljubuski.ba\/index.php\/wp-json\/wp\/v2\/media?parent=166375"}],"wp:term":[{"taxonomy":"category","embeddable":true,"href":"https:\/\/radioljubuski.ba\/index.php\/wp-json\/wp\/v2\/categories?post=166375"},{"taxonomy":"post_tag","embeddable":true,"href":"https:\/\/radioljubuski.ba\/index.php\/wp-json\/wp\/v2\/tags?post=166375"}],"curies":[{"name":"wp","href":"https:\/\/api.w.org\/{rel}","templated":true}]}}