{"id":166389,"date":"2022-08-04T11:02:32","date_gmt":"2022-08-04T10:02:32","guid":{"rendered":"https:\/\/radioljubuski.ba\/?p=166389"},"modified":"2022-08-04T11:02:33","modified_gmt":"2022-08-04T10:02:33","slug":"tukao-zenu-jer-mu-je-spremila-losu-veceru","status":"publish","type":"post","link":"https:\/\/radioljubuski.ba\/index.php\/2022\/08\/04\/tukao-zenu-jer-mu-je-spremila-losu-veceru\/","title":{"rendered":"Tukao \u017eenu &#8220;jer mu je spremila lo\u0161u ve\u010deru&#8221;"},"content":{"rendered":"\n<p>Policija u Mladenovcu uhitila je ju\u010der Gorana P. (48), iz okolnog sela, zbog sumnje da je pretukao suprugu S.P. jer mu je spremila i postavila ve\u010deru koja se njemu nije svidjela, saznaje &#8220;Telegraf.rs&#8221;.<\/p>\n\n\n\n<p>Njemu je zbog nasilja u obitelji odre\u0111en pritvor do 48 sati nakon \u010dega \u0107e biti izveden pred tu\u017eitelja.<\/p>\n\n\n\n<p>&#8211; Nesretna \u017eena pozvala je policiju i prijavila da je mu\u017e fizi\u010dki i psihi\u010dki zlostavlja. Da je davi i udara rukama i da se pla\u0161i da \u0107e je ubiti. Ona je priznala da ga je i sama udarila nekoliko puta kako bi se obranila &#8211; ka\u017ee izvor blizak slu\u010daju.<\/p>\n\n\n\n<p>Kako &#8220;<a href=\"https:\/\/www.telegraf.rs\/vesti\/hronika\/3535756-tukao-zenu-jer-mu-je-spremila-losu-veceru-detalji-porodicnog-nasilja-kod-mladenovca\" target=\"_blank\" rel=\"noreferrer noopener\">Telegraf.rs<\/a>&#8221; saznaje, uhi\u0107eni Goran do detalja je policajcima u Mladenovcu ispri\u010dao \u0161ta se dogodilo nakon \u0161to je nave\u010der do\u0161ao u ku\u0107u.<\/p>\n\n\n\n<p>On je , navodno, priznao da je \u0161amarao suprugu jer je bio bijesan \u0161ta mu je spremila za ve\u010deru, ali je rekao da nije imao namjeru da je ubije.<\/p>\n\n\n\n<p>&#8211; On je nakon privo\u0111enja zatra\u017eio lije\u010dni\u010dku pomo\u0107 jer je i sam dobio batine od S. P. Pregledan je kod lije\u010dnika, ali nije bilo potrebe za ukazivanjem pomo\u0107i. On se trenutno nalazi u pritvoru &#8211; dodaje sugovornik.<\/p>\n\n\n\n<p>Kako susjedi ovog para ka\u017eu oni su u kraju poznati po \u010destim sva\u0111ama.<\/p>\n\n\n\n<p>&#8211; Bila je jednom policija. \u010culi smo da ju je napao i tukao, ali ona o tome nije \u017eeljela pri\u010dati. Dugo su u braku i valjda je tu zbog djece. Od ponedjeljka ga nismo vidjeli, ka\u017eu da je u pritvoru &#8211; rekla je za &#8220;Telegraf.rs&#8221; susjeda bra\u010dnog para.<\/p>\n\n\n\n<p>S. P. je policiji rekla da ve\u0107 godinama ima naru\u0161ene obiteljske odnose sa suprugom i da ga je ve\u0107 prijavljivala policiji zbog nasilja u obitelji.<\/p>\n\n\n\n<p>Izvor:telegraf.rs<\/p>\n","protected":false},"excerpt":{"rendered":"<p>Policija u Mladenovcu uhitila je ju\u010der Gorana P. (48), iz okolnog sela, zbog sumnje da je pretukao suprugu S.P. jer mu je spremila i postavila ve\u010deru koja se njemu nije svidjela, saznaje &#8220;Telegraf.rs&#8221;. Njemu je zbog nasilja u obitelji odre\u0111en pritvor do 48 sati nakon \u010dega \u0107e biti izveden pred tu\u017eitelja. &#8211; Nesretna \u017eena pozvala [&hellip;]<\/p>\n","protected":false},"author":2,"featured_media":87374,"comment_status":"closed","ping_status":"closed","sticky":false,"template":"","format":"standard","meta":{"h5ap_radio_sources":[],"footnotes":""},"categories":[1],"tags":[],"class_list":["post-166389","post","type-post","status-publish","format-standard","has-post-thumbnail","hentry","category-bihiregija"],"yoast_head":"<!-- This site is optimized with the Yoast SEO plugin v27.4 - https:\/\/yoast.com\/product\/yoast-seo-wordpress\/ -->\n<title>Tukao \u017eenu &quot;jer mu je spremila lo\u0161u ve\u010deru&quot; - RADIO LJUBU\u0160KI<\/title>\n<meta name=\"robots\" content=\"index, follow, max-snippet:-1, max-image-preview:large, max-video-preview:-1\" \/>\n<link rel=\"canonical\" href=\"https:\/\/radioljubuski.ba\/index.php\/2022\/08\/04\/tukao-zenu-jer-mu-je-spremila-losu-veceru\/\" \/>\n<meta property=\"og:locale\" content=\"hr_HR\" \/>\n<meta property=\"og:type\" content=\"article\" \/>\n<meta property=\"og:title\" content=\"Tukao \u017eenu &quot;jer mu je spremila lo\u0161u ve\u010deru&quot; - RADIO LJUBU\u0160KI\" \/>\n<meta property=\"og:description\" content=\"Policija u Mladenovcu uhitila je ju\u010der Gorana P. (48), iz okolnog sela, zbog sumnje da je pretukao suprugu S.P. jer mu je spremila i postavila ve\u010deru koja se njemu nije svidjela, saznaje &#8220;Telegraf.rs&#8221;. Njemu je zbog nasilja u obitelji odre\u0111en pritvor do 48 sati nakon \u010dega \u0107e biti izveden pred tu\u017eitelja. &#8211; Nesretna \u017eena pozvala [&hellip;]\" \/>\n<meta property=\"og:url\" content=\"https:\/\/radioljubuski.ba\/index.php\/2022\/08\/04\/tukao-zenu-jer-mu-je-spremila-losu-veceru\/\" \/>\n<meta property=\"og:site_name\" content=\"RADIO LJUBU\u0160KI\" \/>\n<meta property=\"article:publisher\" content=\"https:\/\/www.facebook.com\/Radiio-Ljubuski-1490835324566332\" \/>\n<meta property=\"article:published_time\" content=\"2022-08-04T10:02:32+00:00\" \/>\n<meta property=\"article:modified_time\" content=\"2022-08-04T10:02:33+00:00\" \/>\n<meta property=\"og:image\" content=\"https:\/\/radioljubuski.ba\/wp-content\/uploads\/2021\/11\/DVjmCqw2_nasilje.jpg\" \/>\n\t<meta property=\"og:image:width\" content=\"1000\" \/>\n\t<meta property=\"og:image:height\" content=\"625\" \/>\n\t<meta property=\"og:image:type\" content=\"image\/jpeg\" \/>\n<meta name=\"author\" content=\"Radio Ljubu\u0161ki\" \/>\n<meta name=\"twitter:card\" content=\"summary_large_image\" \/>\n<meta name=\"twitter:creator\" content=\"@radioljubuski\" \/>\n<meta name=\"twitter:site\" content=\"@radioljubuski\" \/>\n<meta name=\"twitter:label1\" content=\"Napisao\/la\" \/>\n\t<meta name=\"twitter:data1\" content=\"Radio Ljubu\u0161ki\" \/>\n\t<meta name=\"twitter:label2\" content=\"Procijenjeno vrijeme \u010ditanja\" \/>\n\t<meta name=\"twitter:data2\" content=\"2 minute\" \/>\n<script type=\"application\/ld+json\" class=\"yoast-schema-graph\">{\"@context\":\"https:\\\/\\\/schema.org\",\"@graph\":[{\"@type\":\"Article\",\"@id\":\"https:\\\/\\\/radioljubuski.ba\\\/index.php\\\/2022\\\/08\\\/04\\\/tukao-zenu-jer-mu-je-spremila-losu-veceru\\\/#article\",\"isPartOf\":{\"@id\":\"https:\\\/\\\/radioljubuski.ba\\\/index.php\\\/2022\\\/08\\\/04\\\/tukao-zenu-jer-mu-je-spremila-losu-veceru\\\/\"},\"author\":{\"name\":\"Radio Ljubu\u0161ki\",\"@id\":\"https:\\\/\\\/radioljubuski.ba\\\/#\\\/schema\\\/person\\\/19fc700381a780f69665d7956c469e3b\"},\"headline\":\"Tukao \u017eenu &#8220;jer mu je spremila lo\u0161u ve\u010deru&#8221;\",\"datePublished\":\"2022-08-04T10:02:32+00:00\",\"dateModified\":\"2022-08-04T10:02:33+00:00\",\"mainEntityOfPage\":{\"@id\":\"https:\\\/\\\/radioljubuski.ba\\\/index.php\\\/2022\\\/08\\\/04\\\/tukao-zenu-jer-mu-je-spremila-losu-veceru\\\/\"},\"wordCount\":315,\"publisher\":{\"@id\":\"https:\\\/\\\/radioljubuski.ba\\\/#organization\"},\"image\":{\"@id\":\"https:\\\/\\\/radioljubuski.ba\\\/index.php\\\/2022\\\/08\\\/04\\\/tukao-zenu-jer-mu-je-spremila-losu-veceru\\\/#primaryimage\"},\"thumbnailUrl\":\"https:\\\/\\\/radioljubuski.ba\\\/wp-content\\\/uploads\\\/2021\\\/11\\\/DVjmCqw2_nasilje.jpg\",\"articleSection\":[\"BIH i regija\"],\"inLanguage\":\"hr\"},{\"@type\":\"WebPage\",\"@id\":\"https:\\\/\\\/radioljubuski.ba\\\/index.php\\\/2022\\\/08\\\/04\\\/tukao-zenu-jer-mu-je-spremila-losu-veceru\\\/\",\"url\":\"https:\\\/\\\/radioljubuski.ba\\\/index.php\\\/2022\\\/08\\\/04\\\/tukao-zenu-jer-mu-je-spremila-losu-veceru\\\/\",\"name\":\"Tukao \u017eenu \\\"jer mu je spremila lo\u0161u ve\u010deru\\\" - RADIO LJUBU\u0160KI\",\"isPartOf\":{\"@id\":\"https:\\\/\\\/radioljubuski.ba\\\/#website\"},\"primaryImageOfPage\":{\"@id\":\"https:\\\/\\\/radioljubuski.ba\\\/index.php\\\/2022\\\/08\\\/04\\\/tukao-zenu-jer-mu-je-spremila-losu-veceru\\\/#primaryimage\"},\"image\":{\"@id\":\"https:\\\/\\\/radioljubuski.ba\\\/index.php\\\/2022\\\/08\\\/04\\\/tukao-zenu-jer-mu-je-spremila-losu-veceru\\\/#primaryimage\"},\"thumbnailUrl\":\"https:\\\/\\\/radioljubuski.ba\\\/wp-content\\\/uploads\\\/2021\\\/11\\\/DVjmCqw2_nasilje.jpg\",\"datePublished\":\"2022-08-04T10:02:32+00:00\",\"dateModified\":\"2022-08-04T10:02:33+00:00\",\"breadcrumb\":{\"@id\":\"https:\\\/\\\/radioljubuski.ba\\\/index.php\\\/2022\\\/08\\\/04\\\/tukao-zenu-jer-mu-je-spremila-losu-veceru\\\/#breadcrumb\"},\"inLanguage\":\"hr\",\"potentialAction\":[{\"@type\":\"ReadAction\",\"target\":[\"https:\\\/\\\/radioljubuski.ba\\\/index.php\\\/2022\\\/08\\\/04\\\/tukao-zenu-jer-mu-je-spremila-losu-veceru\\\/\"]}]},{\"@type\":\"ImageObject\",\"inLanguage\":\"hr\",\"@id\":\"https:\\\/\\\/radioljubuski.ba\\\/index.php\\\/2022\\\/08\\\/04\\\/tukao-zenu-jer-mu-je-spremila-losu-veceru\\\/#primaryimage\",\"url\":\"https:\\\/\\\/radioljubuski.ba\\\/wp-content\\\/uploads\\\/2021\\\/11\\\/DVjmCqw2_nasilje.jpg\",\"contentUrl\":\"https:\\\/\\\/radioljubuski.ba\\\/wp-content\\\/uploads\\\/2021\\\/11\\\/DVjmCqw2_nasilje.jpg\",\"width\":1000,\"height\":625},{\"@type\":\"BreadcrumbList\",\"@id\":\"https:\\\/\\\/radioljubuski.ba\\\/index.php\\\/2022\\\/08\\\/04\\\/tukao-zenu-jer-mu-je-spremila-losu-veceru\\\/#breadcrumb\",\"itemListElement\":[{\"@type\":\"ListItem\",\"position\":1,\"name\":\"Po\u010detna stranica\",\"item\":\"https:\\\/\\\/radioljubuski.ba\\\/\"},{\"@type\":\"ListItem\",\"position\":2,\"name\":\"Tukao \u017eenu &#8220;jer mu je spremila lo\u0161u ve\u010deru&#8221;\"}]},{\"@type\":\"WebSite\",\"@id\":\"https:\\\/\\\/radioljubuski.ba\\\/#website\",\"url\":\"https:\\\/\\\/radioljubuski.ba\\\/\",\"name\":\"Radio Ljubu\u0161ki\",\"description\":\"Sun\u010dana frekvencija Hercegovine\",\"publisher\":{\"@id\":\"https:\\\/\\\/radioljubuski.ba\\\/#organization\"},\"potentialAction\":[{\"@type\":\"SearchAction\",\"target\":{\"@type\":\"EntryPoint\",\"urlTemplate\":\"https:\\\/\\\/radioljubuski.ba\\\/?s={search_term_string}\"},\"query-input\":{\"@type\":\"PropertyValueSpecification\",\"valueRequired\":true,\"valueName\":\"search_term_string\"}}],\"inLanguage\":\"hr\"},{\"@type\":\"Organization\",\"@id\":\"https:\\\/\\\/radioljubuski.ba\\\/#organization\",\"name\":\"Radio Ljubu\u0161ki\",\"url\":\"https:\\\/\\\/radioljubuski.ba\\\/\",\"logo\":{\"@type\":\"ImageObject\",\"inLanguage\":\"hr\",\"@id\":\"https:\\\/\\\/radioljubuski.ba\\\/#\\\/schema\\\/logo\\\/image\\\/\",\"url\":\"https:\\\/\\\/radioljubuski.ba\\\/wp-content\\\/uploads\\\/2021\\\/02\\\/cropped-Radio_Ljubuski_logo1.jpg\",\"contentUrl\":\"https:\\\/\\\/radioljubuski.ba\\\/wp-content\\\/uploads\\\/2021\\\/02\\\/cropped-Radio_Ljubuski_logo1.jpg\",\"width\":512,\"height\":512,\"caption\":\"Radio Ljubu\u0161ki\"},\"image\":{\"@id\":\"https:\\\/\\\/radioljubuski.ba\\\/#\\\/schema\\\/logo\\\/image\\\/\"},\"sameAs\":[\"https:\\\/\\\/www.facebook.com\\\/Radiio-Ljubuski-1490835324566332\",\"https:\\\/\\\/x.com\\\/radioljubuski\",\"https:\\\/\\\/hr.linkedin.com\\\/company\\\/radio-ljubuski\",\"https:\\\/\\\/www.youtube.com\\\/channel\\\/UCHYaeO_n0Db3tjNGudGpXyw\"]},{\"@type\":\"Person\",\"@id\":\"https:\\\/\\\/radioljubuski.ba\\\/#\\\/schema\\\/person\\\/19fc700381a780f69665d7956c469e3b\",\"name\":\"Radio Ljubu\u0161ki\"}]}<\/script>\n<!-- \/ Yoast SEO plugin. -->","yoast_head_json":{"title":"Tukao \u017eenu \"jer mu je spremila lo\u0161u ve\u010deru\" - RADIO LJUBU\u0160KI","robots":{"index":"index","follow":"follow","max-snippet":"max-snippet:-1","max-image-preview":"max-image-preview:large","max-video-preview":"max-video-preview:-1"},"canonical":"https:\/\/radioljubuski.ba\/index.php\/2022\/08\/04\/tukao-zenu-jer-mu-je-spremila-losu-veceru\/","og_locale":"hr_HR","og_type":"article","og_title":"Tukao \u017eenu \"jer mu je spremila lo\u0161u ve\u010deru\" - RADIO LJUBU\u0160KI","og_description":"Policija u Mladenovcu uhitila je ju\u010der Gorana P. (48), iz okolnog sela, zbog sumnje da je pretukao suprugu S.P. jer mu je spremila i postavila ve\u010deru koja se njemu nije svidjela, saznaje &#8220;Telegraf.rs&#8221;. Njemu je zbog nasilja u obitelji odre\u0111en pritvor do 48 sati nakon \u010dega \u0107e biti izveden pred tu\u017eitelja. &#8211; Nesretna \u017eena pozvala [&hellip;]","og_url":"https:\/\/radioljubuski.ba\/index.php\/2022\/08\/04\/tukao-zenu-jer-mu-je-spremila-losu-veceru\/","og_site_name":"RADIO LJUBU\u0160KI","article_publisher":"https:\/\/www.facebook.com\/Radiio-Ljubuski-1490835324566332","article_published_time":"2022-08-04T10:02:32+00:00","article_modified_time":"2022-08-04T10:02:33+00:00","og_image":[{"width":1000,"height":625,"url":"https:\/\/radioljubuski.ba\/wp-content\/uploads\/2021\/11\/DVjmCqw2_nasilje.jpg","type":"image\/jpeg"}],"author":"Radio Ljubu\u0161ki","twitter_card":"summary_large_image","twitter_creator":"@radioljubuski","twitter_site":"@radioljubuski","twitter_misc":{"Napisao\/la":"Radio Ljubu\u0161ki","Procijenjeno vrijeme \u010ditanja":"2 minute"},"schema":{"@context":"https:\/\/schema.org","@graph":[{"@type":"Article","@id":"https:\/\/radioljubuski.ba\/index.php\/2022\/08\/04\/tukao-zenu-jer-mu-je-spremila-losu-veceru\/#article","isPartOf":{"@id":"https:\/\/radioljubuski.ba\/index.php\/2022\/08\/04\/tukao-zenu-jer-mu-je-spremila-losu-veceru\/"},"author":{"name":"Radio Ljubu\u0161ki","@id":"https:\/\/radioljubuski.ba\/#\/schema\/person\/19fc700381a780f69665d7956c469e3b"},"headline":"Tukao \u017eenu &#8220;jer mu je spremila lo\u0161u ve\u010deru&#8221;","datePublished":"2022-08-04T10:02:32+00:00","dateModified":"2022-08-04T10:02:33+00:00","mainEntityOfPage":{"@id":"https:\/\/radioljubuski.ba\/index.php\/2022\/08\/04\/tukao-zenu-jer-mu-je-spremila-losu-veceru\/"},"wordCount":315,"publisher":{"@id":"https:\/\/radioljubuski.ba\/#organization"},"image":{"@id":"https:\/\/radioljubuski.ba\/index.php\/2022\/08\/04\/tukao-zenu-jer-mu-je-spremila-losu-veceru\/#primaryimage"},"thumbnailUrl":"https:\/\/radioljubuski.ba\/wp-content\/uploads\/2021\/11\/DVjmCqw2_nasilje.jpg","articleSection":["BIH i regija"],"inLanguage":"hr"},{"@type":"WebPage","@id":"https:\/\/radioljubuski.ba\/index.php\/2022\/08\/04\/tukao-zenu-jer-mu-je-spremila-losu-veceru\/","url":"https:\/\/radioljubuski.ba\/index.php\/2022\/08\/04\/tukao-zenu-jer-mu-je-spremila-losu-veceru\/","name":"Tukao \u017eenu \"jer mu je spremila lo\u0161u ve\u010deru\" - RADIO LJUBU\u0160KI","isPartOf":{"@id":"https:\/\/radioljubuski.ba\/#website"},"primaryImageOfPage":{"@id":"https:\/\/radioljubuski.ba\/index.php\/2022\/08\/04\/tukao-zenu-jer-mu-je-spremila-losu-veceru\/#primaryimage"},"image":{"@id":"https:\/\/radioljubuski.ba\/index.php\/2022\/08\/04\/tukao-zenu-jer-mu-je-spremila-losu-veceru\/#primaryimage"},"thumbnailUrl":"https:\/\/radioljubuski.ba\/wp-content\/uploads\/2021\/11\/DVjmCqw2_nasilje.jpg","datePublished":"2022-08-04T10:02:32+00:00","dateModified":"2022-08-04T10:02:33+00:00","breadcrumb":{"@id":"https:\/\/radioljubuski.ba\/index.php\/2022\/08\/04\/tukao-zenu-jer-mu-je-spremila-losu-veceru\/#breadcrumb"},"inLanguage":"hr","potentialAction":[{"@type":"ReadAction","target":["https:\/\/radioljubuski.ba\/index.php\/2022\/08\/04\/tukao-zenu-jer-mu-je-spremila-losu-veceru\/"]}]},{"@type":"ImageObject","inLanguage":"hr","@id":"https:\/\/radioljubuski.ba\/index.php\/2022\/08\/04\/tukao-zenu-jer-mu-je-spremila-losu-veceru\/#primaryimage","url":"https:\/\/radioljubuski.ba\/wp-content\/uploads\/2021\/11\/DVjmCqw2_nasilje.jpg","contentUrl":"https:\/\/radioljubuski.ba\/wp-content\/uploads\/2021\/11\/DVjmCqw2_nasilje.jpg","width":1000,"height":625},{"@type":"BreadcrumbList","@id":"https:\/\/radioljubuski.ba\/index.php\/2022\/08\/04\/tukao-zenu-jer-mu-je-spremila-losu-veceru\/#breadcrumb","itemListElement":[{"@type":"ListItem","position":1,"name":"Po\u010detna stranica","item":"https:\/\/radioljubuski.ba\/"},{"@type":"ListItem","position":2,"name":"Tukao \u017eenu &#8220;jer mu je spremila lo\u0161u ve\u010deru&#8221;"}]},{"@type":"WebSite","@id":"https:\/\/radioljubuski.ba\/#website","url":"https:\/\/radioljubuski.ba\/","name":"Radio Ljubu\u0161ki","description":"Sun\u010dana frekvencija Hercegovine","publisher":{"@id":"https:\/\/radioljubuski.ba\/#organization"},"potentialAction":[{"@type":"SearchAction","target":{"@type":"EntryPoint","urlTemplate":"https:\/\/radioljubuski.ba\/?s={search_term_string}"},"query-input":{"@type":"PropertyValueSpecification","valueRequired":true,"valueName":"search_term_string"}}],"inLanguage":"hr"},{"@type":"Organization","@id":"https:\/\/radioljubuski.ba\/#organization","name":"Radio Ljubu\u0161ki","url":"https:\/\/radioljubuski.ba\/","logo":{"@type":"ImageObject","inLanguage":"hr","@id":"https:\/\/radioljubuski.ba\/#\/schema\/logo\/image\/","url":"https:\/\/radioljubuski.ba\/wp-content\/uploads\/2021\/02\/cropped-Radio_Ljubuski_logo1.jpg","contentUrl":"https:\/\/radioljubuski.ba\/wp-content\/uploads\/2021\/02\/cropped-Radio_Ljubuski_logo1.jpg","width":512,"height":512,"caption":"Radio Ljubu\u0161ki"},"image":{"@id":"https:\/\/radioljubuski.ba\/#\/schema\/logo\/image\/"},"sameAs":["https:\/\/www.facebook.com\/Radiio-Ljubuski-1490835324566332","https:\/\/x.com\/radioljubuski","https:\/\/hr.linkedin.com\/company\/radio-ljubuski","https:\/\/www.youtube.com\/channel\/UCHYaeO_n0Db3tjNGudGpXyw"]},{"@type":"Person","@id":"https:\/\/radioljubuski.ba\/#\/schema\/person\/19fc700381a780f69665d7956c469e3b","name":"Radio Ljubu\u0161ki"}]}},"_links":{"self":[{"href":"https:\/\/radioljubuski.ba\/index.php\/wp-json\/wp\/v2\/posts\/166389","targetHints":{"allow":["GET"]}}],"collection":[{"href":"https:\/\/radioljubuski.ba\/index.php\/wp-json\/wp\/v2\/posts"}],"about":[{"href":"https:\/\/radioljubuski.ba\/index.php\/wp-json\/wp\/v2\/types\/post"}],"author":[{"embeddable":true,"href":"https:\/\/radioljubuski.ba\/index.php\/wp-json\/wp\/v2\/users\/2"}],"replies":[{"embeddable":true,"href":"https:\/\/radioljubuski.ba\/index.php\/wp-json\/wp\/v2\/comments?post=166389"}],"version-history":[{"count":1,"href":"https:\/\/radioljubuski.ba\/index.php\/wp-json\/wp\/v2\/posts\/166389\/revisions"}],"predecessor-version":[{"id":166390,"href":"https:\/\/radioljubuski.ba\/index.php\/wp-json\/wp\/v2\/posts\/166389\/revisions\/166390"}],"wp:featuredmedia":[{"embeddable":true,"href":"https:\/\/radioljubuski.ba\/index.php\/wp-json\/wp\/v2\/media\/87374"}],"wp:attachment":[{"href":"https:\/\/radioljubuski.ba\/index.php\/wp-json\/wp\/v2\/media?parent=166389"}],"wp:term":[{"taxonomy":"category","embeddable":true,"href":"https:\/\/radioljubuski.ba\/index.php\/wp-json\/wp\/v2\/categories?post=166389"},{"taxonomy":"post_tag","embeddable":true,"href":"https:\/\/radioljubuski.ba\/index.php\/wp-json\/wp\/v2\/tags?post=166389"}],"curies":[{"name":"wp","href":"https:\/\/api.w.org\/{rel}","templated":true}]}}