{"id":166395,"date":"2022-08-04T11:06:51","date_gmt":"2022-08-04T10:06:51","guid":{"rendered":"https:\/\/radioljubuski.ba\/?p=166395"},"modified":"2022-08-04T11:06:53","modified_gmt":"2022-08-04T10:06:53","slug":"za-pola-godine-jedan-radar-uhvatio-30-173-prekrsaja-na-ovoj-cesti-u-bih","status":"publish","type":"post","link":"https:\/\/radioljubuski.ba\/index.php\/2022\/08\/04\/za-pola-godine-jedan-radar-uhvatio-30-173-prekrsaja-na-ovoj-cesti-u-bih\/","title":{"rendered":"Za pola godine: Jedan radar uhvatio 30.173 prekr\u0161aja na ovoj cesti u BiH"},"content":{"rendered":"\n<p>U prvih \u0161est mjeseci ove godine, to\u010dnije od 1. sije\u010dnja do 30. lipnja, pomo\u0107u stacionarnih radarskih sistema, poznatijih kao &#8220;crne kamere\u201d, ukupno su evidentirana 127.853 prekr\u0161aja. Najve\u0107i broj prekr\u0161aja, ukupno 30.173, evidentiran je na dionici magistralnog puta M1 101 u Karanovcu u Banjoj Luci, potvr\u0111eno je u Ministarstvu unutra\u0161njih poslova Republike Srpske.<\/p>\n\n\n\n<p>\u201cPrihodi od ovih prekr\u0161aja se upla\u0107uju kao bud\u017eetski prihod Republike Srpske\u201d, kazali su u MUP-u.<\/p>\n\n\n\n<p>Na putevima u Republici Srpskoj trenutno su u funkciji 32 stacionarna radara u okviru novog sistema i to u sljede\u0107im gradovima: Banja luka, Lakta\u0161i, Gradi\u0161ka, Prijedor, Kotor Varo\u0161, Kne\u017eevo i \u010celinac.<\/p>\n\n\n\n<p>Prvi stacionarni radari po\u010deli su sa radom 1. rujna 2021. godine u Banjoj Luci, a planirana je instalacija ukupno stotinu ovih radara \u0161irom Republike Srpske.<\/p>\n\n\n\n<p>\u201cOsnovna funkcija ovih stacionarnih radara (crni stubovi sa svjetloodbojnom trakom) jeste prevencija, odnosno da voza\u010di kretanje svojih vozila prilagode zakonskim propisima koji se odnose na brzinu kretanja vozila i zato su oni postavljeni upravo na lokacijama koji su prema analizama bila mjesta naj\u010de\u0161\u0107ih prometnih nezgoda u odre\u0111enoj lokalnoj zajednici\u201d, isti\u010du u MUP-u za <a href=\"https:\/\/www.banjaluka.com\/drustvo\/kamera-u-karanovcu-snimila-vise-slika-od-fotografa-sa-svadbi-pred-penziju\/?fbclid=IwAR008iPkWipa24Iwa5ipHVWldrH-TwSZTbFEHlxi8BvPjuxS3BGWbE2YKAI\" target=\"_blank\" rel=\"noreferrer noopener\">Banjaluka.com.<\/a><\/p>\n\n\n\n<p><strong>Kamera mo\u017ee evidentirati i vozilo koje nije u prekr\u0161aju<\/strong><\/p>\n\n\n\n<p>Ve\u0107 smo pisali o tome da se zna desiti da kamera evidentira vozilo koje nije u prekr\u0161aju. U takvim slu\u010dajevima, voza\u010dima koji nisu po\u010dinili prekr\u0161aj, se preporu\u010duje da se obrate Policijskoj stanici za obradu prekr\u0161aja.<\/p>\n\n\n\n<p>\u201cU odre\u0111enom, veoma malom broju slu\u010dajeva, dogodi se da kamera evidentira vozilo koje nije u prekr\u0161aju (dva vozila koja istovremeno pro\u0111u kroz vidno polje kamere \u2013 preticanje vozila i sl.), ali se takvi slu\u010dajevi ispravljaju neposredno od strane policijskih slu\u017ebenika koji vr\u0161e obradu prekr\u0161aja prije slanja Obavje\u0161tenja stranci i koji uvidom u fotografije i snimak prekr\u0161aja izvr\u0161e naknadni, ru\u010dni unos to\u010dnih podataka\u201d, kazali su u MUP-u.<\/p>\n\n\n\n<p>Tako\u0111er, dodali su da i vozila sa inozemnim registarskim oznakama koja prekora\u010de brzinu kretanja bivaju evidentirana u sistemu kao vozilo kojim je po\u010dinjen prekr\u0161aj, dok se za \u201cslu\u017ebena vozila\u201d ne primjenjuju odredbe o ograni\u010denju brzine.<\/p>\n\n\n\n<p><strong>Kazne<\/strong><\/p>\n\n\n\n<p>Podsje\u0107amo, za prekr\u0161aje prekora\u010denja brzine, kao sankcije, predvi\u0111ene su nov\u010dane kazne i za\u0161titne mjere u rasponu, kao i kazneni bodovi, u zavisnosti od visine prekora\u010dene brzine.<\/p>\n\n\n\n<p>Stoga, Zakon o osnovama sigurnosti prometa na putevima u BiH poznaje sljede\u0107a prekora\u010denja brzine:<\/p>\n\n\n\n<p>prekora\u010denje brzine od 10 do 20 km, za koje je predvi\u0111ena nov\u010dana kazna od 50 KM;<\/p>\n\n\n\n<p>prekora\u010denje brzine od 20 do 30 km, za koje je predvi\u0111ena nov\u010dana kazna od 100 do 300 KM, kao i izricanje za\u0161titne mjere \u201czabrane upravljanja<br>motornim vozilom\u201c u trajanju od 1 do 4 mjeseca i 2 kaznena boda;<\/p>\n\n\n\n<p>prekora\u010denje brzine preko 30 km, za koje je predvi\u0111ena nov\u010dana kazna od 400 do 1.000 KM, kao i izricanje za\u0161titne mjere \u201czabrane upravljanja motornim vozilom\u201c u trajanju od 2 do 6 mjeseci i 2 kaznena boda.<\/p>\n\n\n\n<p>Izvor:banjaluka.com<\/p>\n","protected":false},"excerpt":{"rendered":"<p>U prvih \u0161est mjeseci ove godine, to\u010dnije od 1. sije\u010dnja do 30. lipnja, pomo\u0107u stacionarnih radarskih sistema, poznatijih kao &#8220;crne kamere\u201d, ukupno su evidentirana 127.853 prekr\u0161aja. Najve\u0107i broj prekr\u0161aja, ukupno 30.173, evidentiran je na dionici magistralnog puta M1 101 u Karanovcu u Banjoj Luci, potvr\u0111eno je u Ministarstvu unutra\u0161njih poslova Republike Srpske. \u201cPrihodi od ovih [&hellip;]<\/p>\n","protected":false},"author":2,"featured_media":166396,"comment_status":"closed","ping_status":"closed","sticky":false,"template":"","format":"standard","meta":{"h5ap_radio_sources":[],"footnotes":""},"categories":[1],"tags":[],"class_list":["post-166395","post","type-post","status-publish","format-standard","has-post-thumbnail","hentry","category-bihiregija"],"yoast_head":"<!-- This site is optimized with the Yoast SEO plugin v27.4 - https:\/\/yoast.com\/product\/yoast-seo-wordpress\/ -->\n<title>Za pola godine: Jedan radar uhvatio 30.173 prekr\u0161aja na ovoj cesti u BiH - RADIO LJUBU\u0160KI<\/title>\n<meta name=\"robots\" content=\"index, follow, max-snippet:-1, max-image-preview:large, max-video-preview:-1\" \/>\n<link rel=\"canonical\" href=\"https:\/\/radioljubuski.ba\/index.php\/2022\/08\/04\/za-pola-godine-jedan-radar-uhvatio-30-173-prekrsaja-na-ovoj-cesti-u-bih\/\" \/>\n<meta property=\"og:locale\" content=\"hr_HR\" \/>\n<meta property=\"og:type\" content=\"article\" \/>\n<meta property=\"og:title\" content=\"Za pola godine: Jedan radar uhvatio 30.173 prekr\u0161aja na ovoj cesti u BiH - RADIO LJUBU\u0160KI\" \/>\n<meta property=\"og:description\" content=\"U prvih \u0161est mjeseci ove godine, to\u010dnije od 1. sije\u010dnja do 30. lipnja, pomo\u0107u stacionarnih radarskih sistema, poznatijih kao &#8220;crne kamere\u201d, ukupno su evidentirana 127.853 prekr\u0161aja. Najve\u0107i broj prekr\u0161aja, ukupno 30.173, evidentiran je na dionici magistralnog puta M1 101 u Karanovcu u Banjoj Luci, potvr\u0111eno je u Ministarstvu unutra\u0161njih poslova Republike Srpske. \u201cPrihodi od ovih [&hellip;]\" \/>\n<meta property=\"og:url\" content=\"https:\/\/radioljubuski.ba\/index.php\/2022\/08\/04\/za-pola-godine-jedan-radar-uhvatio-30-173-prekrsaja-na-ovoj-cesti-u-bih\/\" \/>\n<meta property=\"og:site_name\" content=\"RADIO LJUBU\u0160KI\" \/>\n<meta property=\"article:publisher\" content=\"https:\/\/www.facebook.com\/Radiio-Ljubuski-1490835324566332\" \/>\n<meta property=\"article:published_time\" content=\"2022-08-04T10:06:51+00:00\" \/>\n<meta property=\"article:modified_time\" content=\"2022-08-04T10:06:53+00:00\" \/>\n<meta property=\"og:image\" content=\"https:\/\/radioljubuski.ba\/wp-content\/uploads\/2022\/08\/8-2022-08-03-14-37-50-radar-440x315-1.jpg\" \/>\n\t<meta property=\"og:image:width\" content=\"1000\" \/>\n\t<meta property=\"og:image:height\" content=\"625\" \/>\n\t<meta property=\"og:image:type\" content=\"image\/jpeg\" \/>\n<meta name=\"author\" content=\"Radio Ljubu\u0161ki\" \/>\n<meta name=\"twitter:card\" content=\"summary_large_image\" \/>\n<meta name=\"twitter:creator\" content=\"@radioljubuski\" \/>\n<meta name=\"twitter:site\" content=\"@radioljubuski\" \/>\n<meta name=\"twitter:label1\" content=\"Napisao\/la\" \/>\n\t<meta name=\"twitter:data1\" content=\"Radio Ljubu\u0161ki\" \/>\n\t<meta name=\"twitter:label2\" content=\"Procijenjeno vrijeme \u010ditanja\" \/>\n\t<meta name=\"twitter:data2\" content=\"2 minute\" \/>\n<script type=\"application\/ld+json\" class=\"yoast-schema-graph\">{\"@context\":\"https:\\\/\\\/schema.org\",\"@graph\":[{\"@type\":\"Article\",\"@id\":\"https:\\\/\\\/radioljubuski.ba\\\/index.php\\\/2022\\\/08\\\/04\\\/za-pola-godine-jedan-radar-uhvatio-30-173-prekrsaja-na-ovoj-cesti-u-bih\\\/#article\",\"isPartOf\":{\"@id\":\"https:\\\/\\\/radioljubuski.ba\\\/index.php\\\/2022\\\/08\\\/04\\\/za-pola-godine-jedan-radar-uhvatio-30-173-prekrsaja-na-ovoj-cesti-u-bih\\\/\"},\"author\":{\"name\":\"Radio Ljubu\u0161ki\",\"@id\":\"https:\\\/\\\/radioljubuski.ba\\\/#\\\/schema\\\/person\\\/19fc700381a780f69665d7956c469e3b\"},\"headline\":\"Za pola godine: Jedan radar uhvatio 30.173 prekr\u0161aja na ovoj cesti u BiH\",\"datePublished\":\"2022-08-04T10:06:51+00:00\",\"dateModified\":\"2022-08-04T10:06:53+00:00\",\"mainEntityOfPage\":{\"@id\":\"https:\\\/\\\/radioljubuski.ba\\\/index.php\\\/2022\\\/08\\\/04\\\/za-pola-godine-jedan-radar-uhvatio-30-173-prekrsaja-na-ovoj-cesti-u-bih\\\/\"},\"wordCount\":513,\"publisher\":{\"@id\":\"https:\\\/\\\/radioljubuski.ba\\\/#organization\"},\"image\":{\"@id\":\"https:\\\/\\\/radioljubuski.ba\\\/index.php\\\/2022\\\/08\\\/04\\\/za-pola-godine-jedan-radar-uhvatio-30-173-prekrsaja-na-ovoj-cesti-u-bih\\\/#primaryimage\"},\"thumbnailUrl\":\"https:\\\/\\\/radioljubuski.ba\\\/wp-content\\\/uploads\\\/2022\\\/08\\\/8-2022-08-03-14-37-50-radar-440x315-1.jpg\",\"articleSection\":[\"BIH i regija\"],\"inLanguage\":\"hr\"},{\"@type\":\"WebPage\",\"@id\":\"https:\\\/\\\/radioljubuski.ba\\\/index.php\\\/2022\\\/08\\\/04\\\/za-pola-godine-jedan-radar-uhvatio-30-173-prekrsaja-na-ovoj-cesti-u-bih\\\/\",\"url\":\"https:\\\/\\\/radioljubuski.ba\\\/index.php\\\/2022\\\/08\\\/04\\\/za-pola-godine-jedan-radar-uhvatio-30-173-prekrsaja-na-ovoj-cesti-u-bih\\\/\",\"name\":\"Za pola godine: Jedan radar uhvatio 30.173 prekr\u0161aja na ovoj cesti u BiH - RADIO LJUBU\u0160KI\",\"isPartOf\":{\"@id\":\"https:\\\/\\\/radioljubuski.ba\\\/#website\"},\"primaryImageOfPage\":{\"@id\":\"https:\\\/\\\/radioljubuski.ba\\\/index.php\\\/2022\\\/08\\\/04\\\/za-pola-godine-jedan-radar-uhvatio-30-173-prekrsaja-na-ovoj-cesti-u-bih\\\/#primaryimage\"},\"image\":{\"@id\":\"https:\\\/\\\/radioljubuski.ba\\\/index.php\\\/2022\\\/08\\\/04\\\/za-pola-godine-jedan-radar-uhvatio-30-173-prekrsaja-na-ovoj-cesti-u-bih\\\/#primaryimage\"},\"thumbnailUrl\":\"https:\\\/\\\/radioljubuski.ba\\\/wp-content\\\/uploads\\\/2022\\\/08\\\/8-2022-08-03-14-37-50-radar-440x315-1.jpg\",\"datePublished\":\"2022-08-04T10:06:51+00:00\",\"dateModified\":\"2022-08-04T10:06:53+00:00\",\"breadcrumb\":{\"@id\":\"https:\\\/\\\/radioljubuski.ba\\\/index.php\\\/2022\\\/08\\\/04\\\/za-pola-godine-jedan-radar-uhvatio-30-173-prekrsaja-na-ovoj-cesti-u-bih\\\/#breadcrumb\"},\"inLanguage\":\"hr\",\"potentialAction\":[{\"@type\":\"ReadAction\",\"target\":[\"https:\\\/\\\/radioljubuski.ba\\\/index.php\\\/2022\\\/08\\\/04\\\/za-pola-godine-jedan-radar-uhvatio-30-173-prekrsaja-na-ovoj-cesti-u-bih\\\/\"]}]},{\"@type\":\"ImageObject\",\"inLanguage\":\"hr\",\"@id\":\"https:\\\/\\\/radioljubuski.ba\\\/index.php\\\/2022\\\/08\\\/04\\\/za-pola-godine-jedan-radar-uhvatio-30-173-prekrsaja-na-ovoj-cesti-u-bih\\\/#primaryimage\",\"url\":\"https:\\\/\\\/radioljubuski.ba\\\/wp-content\\\/uploads\\\/2022\\\/08\\\/8-2022-08-03-14-37-50-radar-440x315-1.jpg\",\"contentUrl\":\"https:\\\/\\\/radioljubuski.ba\\\/wp-content\\\/uploads\\\/2022\\\/08\\\/8-2022-08-03-14-37-50-radar-440x315-1.jpg\",\"width\":1000,\"height\":625},{\"@type\":\"BreadcrumbList\",\"@id\":\"https:\\\/\\\/radioljubuski.ba\\\/index.php\\\/2022\\\/08\\\/04\\\/za-pola-godine-jedan-radar-uhvatio-30-173-prekrsaja-na-ovoj-cesti-u-bih\\\/#breadcrumb\",\"itemListElement\":[{\"@type\":\"ListItem\",\"position\":1,\"name\":\"Po\u010detna stranica\",\"item\":\"https:\\\/\\\/radioljubuski.ba\\\/\"},{\"@type\":\"ListItem\",\"position\":2,\"name\":\"Za pola godine: Jedan radar uhvatio 30.173 prekr\u0161aja na ovoj cesti u BiH\"}]},{\"@type\":\"WebSite\",\"@id\":\"https:\\\/\\\/radioljubuski.ba\\\/#website\",\"url\":\"https:\\\/\\\/radioljubuski.ba\\\/\",\"name\":\"Radio Ljubu\u0161ki\",\"description\":\"Sun\u010dana frekvencija Hercegovine\",\"publisher\":{\"@id\":\"https:\\\/\\\/radioljubuski.ba\\\/#organization\"},\"potentialAction\":[{\"@type\":\"SearchAction\",\"target\":{\"@type\":\"EntryPoint\",\"urlTemplate\":\"https:\\\/\\\/radioljubuski.ba\\\/?s={search_term_string}\"},\"query-input\":{\"@type\":\"PropertyValueSpecification\",\"valueRequired\":true,\"valueName\":\"search_term_string\"}}],\"inLanguage\":\"hr\"},{\"@type\":\"Organization\",\"@id\":\"https:\\\/\\\/radioljubuski.ba\\\/#organization\",\"name\":\"Radio Ljubu\u0161ki\",\"url\":\"https:\\\/\\\/radioljubuski.ba\\\/\",\"logo\":{\"@type\":\"ImageObject\",\"inLanguage\":\"hr\",\"@id\":\"https:\\\/\\\/radioljubuski.ba\\\/#\\\/schema\\\/logo\\\/image\\\/\",\"url\":\"https:\\\/\\\/radioljubuski.ba\\\/wp-content\\\/uploads\\\/2021\\\/02\\\/cropped-Radio_Ljubuski_logo1.jpg\",\"contentUrl\":\"https:\\\/\\\/radioljubuski.ba\\\/wp-content\\\/uploads\\\/2021\\\/02\\\/cropped-Radio_Ljubuski_logo1.jpg\",\"width\":512,\"height\":512,\"caption\":\"Radio Ljubu\u0161ki\"},\"image\":{\"@id\":\"https:\\\/\\\/radioljubuski.ba\\\/#\\\/schema\\\/logo\\\/image\\\/\"},\"sameAs\":[\"https:\\\/\\\/www.facebook.com\\\/Radiio-Ljubuski-1490835324566332\",\"https:\\\/\\\/x.com\\\/radioljubuski\",\"https:\\\/\\\/hr.linkedin.com\\\/company\\\/radio-ljubuski\",\"https:\\\/\\\/www.youtube.com\\\/channel\\\/UCHYaeO_n0Db3tjNGudGpXyw\"]},{\"@type\":\"Person\",\"@id\":\"https:\\\/\\\/radioljubuski.ba\\\/#\\\/schema\\\/person\\\/19fc700381a780f69665d7956c469e3b\",\"name\":\"Radio Ljubu\u0161ki\"}]}<\/script>\n<!-- \/ Yoast SEO plugin. -->","yoast_head_json":{"title":"Za pola godine: Jedan radar uhvatio 30.173 prekr\u0161aja na ovoj cesti u BiH - RADIO LJUBU\u0160KI","robots":{"index":"index","follow":"follow","max-snippet":"max-snippet:-1","max-image-preview":"max-image-preview:large","max-video-preview":"max-video-preview:-1"},"canonical":"https:\/\/radioljubuski.ba\/index.php\/2022\/08\/04\/za-pola-godine-jedan-radar-uhvatio-30-173-prekrsaja-na-ovoj-cesti-u-bih\/","og_locale":"hr_HR","og_type":"article","og_title":"Za pola godine: Jedan radar uhvatio 30.173 prekr\u0161aja na ovoj cesti u BiH - RADIO LJUBU\u0160KI","og_description":"U prvih \u0161est mjeseci ove godine, to\u010dnije od 1. sije\u010dnja do 30. lipnja, pomo\u0107u stacionarnih radarskih sistema, poznatijih kao &#8220;crne kamere\u201d, ukupno su evidentirana 127.853 prekr\u0161aja. Najve\u0107i broj prekr\u0161aja, ukupno 30.173, evidentiran je na dionici magistralnog puta M1 101 u Karanovcu u Banjoj Luci, potvr\u0111eno je u Ministarstvu unutra\u0161njih poslova Republike Srpske. \u201cPrihodi od ovih [&hellip;]","og_url":"https:\/\/radioljubuski.ba\/index.php\/2022\/08\/04\/za-pola-godine-jedan-radar-uhvatio-30-173-prekrsaja-na-ovoj-cesti-u-bih\/","og_site_name":"RADIO LJUBU\u0160KI","article_publisher":"https:\/\/www.facebook.com\/Radiio-Ljubuski-1490835324566332","article_published_time":"2022-08-04T10:06:51+00:00","article_modified_time":"2022-08-04T10:06:53+00:00","og_image":[{"width":1000,"height":625,"url":"https:\/\/radioljubuski.ba\/wp-content\/uploads\/2022\/08\/8-2022-08-03-14-37-50-radar-440x315-1.jpg","type":"image\/jpeg"}],"author":"Radio Ljubu\u0161ki","twitter_card":"summary_large_image","twitter_creator":"@radioljubuski","twitter_site":"@radioljubuski","twitter_misc":{"Napisao\/la":"Radio Ljubu\u0161ki","Procijenjeno vrijeme \u010ditanja":"2 minute"},"schema":{"@context":"https:\/\/schema.org","@graph":[{"@type":"Article","@id":"https:\/\/radioljubuski.ba\/index.php\/2022\/08\/04\/za-pola-godine-jedan-radar-uhvatio-30-173-prekrsaja-na-ovoj-cesti-u-bih\/#article","isPartOf":{"@id":"https:\/\/radioljubuski.ba\/index.php\/2022\/08\/04\/za-pola-godine-jedan-radar-uhvatio-30-173-prekrsaja-na-ovoj-cesti-u-bih\/"},"author":{"name":"Radio Ljubu\u0161ki","@id":"https:\/\/radioljubuski.ba\/#\/schema\/person\/19fc700381a780f69665d7956c469e3b"},"headline":"Za pola godine: Jedan radar uhvatio 30.173 prekr\u0161aja na ovoj cesti u BiH","datePublished":"2022-08-04T10:06:51+00:00","dateModified":"2022-08-04T10:06:53+00:00","mainEntityOfPage":{"@id":"https:\/\/radioljubuski.ba\/index.php\/2022\/08\/04\/za-pola-godine-jedan-radar-uhvatio-30-173-prekrsaja-na-ovoj-cesti-u-bih\/"},"wordCount":513,"publisher":{"@id":"https:\/\/radioljubuski.ba\/#organization"},"image":{"@id":"https:\/\/radioljubuski.ba\/index.php\/2022\/08\/04\/za-pola-godine-jedan-radar-uhvatio-30-173-prekrsaja-na-ovoj-cesti-u-bih\/#primaryimage"},"thumbnailUrl":"https:\/\/radioljubuski.ba\/wp-content\/uploads\/2022\/08\/8-2022-08-03-14-37-50-radar-440x315-1.jpg","articleSection":["BIH i regija"],"inLanguage":"hr"},{"@type":"WebPage","@id":"https:\/\/radioljubuski.ba\/index.php\/2022\/08\/04\/za-pola-godine-jedan-radar-uhvatio-30-173-prekrsaja-na-ovoj-cesti-u-bih\/","url":"https:\/\/radioljubuski.ba\/index.php\/2022\/08\/04\/za-pola-godine-jedan-radar-uhvatio-30-173-prekrsaja-na-ovoj-cesti-u-bih\/","name":"Za pola godine: Jedan radar uhvatio 30.173 prekr\u0161aja na ovoj cesti u BiH - RADIO LJUBU\u0160KI","isPartOf":{"@id":"https:\/\/radioljubuski.ba\/#website"},"primaryImageOfPage":{"@id":"https:\/\/radioljubuski.ba\/index.php\/2022\/08\/04\/za-pola-godine-jedan-radar-uhvatio-30-173-prekrsaja-na-ovoj-cesti-u-bih\/#primaryimage"},"image":{"@id":"https:\/\/radioljubuski.ba\/index.php\/2022\/08\/04\/za-pola-godine-jedan-radar-uhvatio-30-173-prekrsaja-na-ovoj-cesti-u-bih\/#primaryimage"},"thumbnailUrl":"https:\/\/radioljubuski.ba\/wp-content\/uploads\/2022\/08\/8-2022-08-03-14-37-50-radar-440x315-1.jpg","datePublished":"2022-08-04T10:06:51+00:00","dateModified":"2022-08-04T10:06:53+00:00","breadcrumb":{"@id":"https:\/\/radioljubuski.ba\/index.php\/2022\/08\/04\/za-pola-godine-jedan-radar-uhvatio-30-173-prekrsaja-na-ovoj-cesti-u-bih\/#breadcrumb"},"inLanguage":"hr","potentialAction":[{"@type":"ReadAction","target":["https:\/\/radioljubuski.ba\/index.php\/2022\/08\/04\/za-pola-godine-jedan-radar-uhvatio-30-173-prekrsaja-na-ovoj-cesti-u-bih\/"]}]},{"@type":"ImageObject","inLanguage":"hr","@id":"https:\/\/radioljubuski.ba\/index.php\/2022\/08\/04\/za-pola-godine-jedan-radar-uhvatio-30-173-prekrsaja-na-ovoj-cesti-u-bih\/#primaryimage","url":"https:\/\/radioljubuski.ba\/wp-content\/uploads\/2022\/08\/8-2022-08-03-14-37-50-radar-440x315-1.jpg","contentUrl":"https:\/\/radioljubuski.ba\/wp-content\/uploads\/2022\/08\/8-2022-08-03-14-37-50-radar-440x315-1.jpg","width":1000,"height":625},{"@type":"BreadcrumbList","@id":"https:\/\/radioljubuski.ba\/index.php\/2022\/08\/04\/za-pola-godine-jedan-radar-uhvatio-30-173-prekrsaja-na-ovoj-cesti-u-bih\/#breadcrumb","itemListElement":[{"@type":"ListItem","position":1,"name":"Po\u010detna stranica","item":"https:\/\/radioljubuski.ba\/"},{"@type":"ListItem","position":2,"name":"Za pola godine: Jedan radar uhvatio 30.173 prekr\u0161aja na ovoj cesti u BiH"}]},{"@type":"WebSite","@id":"https:\/\/radioljubuski.ba\/#website","url":"https:\/\/radioljubuski.ba\/","name":"Radio Ljubu\u0161ki","description":"Sun\u010dana frekvencija Hercegovine","publisher":{"@id":"https:\/\/radioljubuski.ba\/#organization"},"potentialAction":[{"@type":"SearchAction","target":{"@type":"EntryPoint","urlTemplate":"https:\/\/radioljubuski.ba\/?s={search_term_string}"},"query-input":{"@type":"PropertyValueSpecification","valueRequired":true,"valueName":"search_term_string"}}],"inLanguage":"hr"},{"@type":"Organization","@id":"https:\/\/radioljubuski.ba\/#organization","name":"Radio Ljubu\u0161ki","url":"https:\/\/radioljubuski.ba\/","logo":{"@type":"ImageObject","inLanguage":"hr","@id":"https:\/\/radioljubuski.ba\/#\/schema\/logo\/image\/","url":"https:\/\/radioljubuski.ba\/wp-content\/uploads\/2021\/02\/cropped-Radio_Ljubuski_logo1.jpg","contentUrl":"https:\/\/radioljubuski.ba\/wp-content\/uploads\/2021\/02\/cropped-Radio_Ljubuski_logo1.jpg","width":512,"height":512,"caption":"Radio Ljubu\u0161ki"},"image":{"@id":"https:\/\/radioljubuski.ba\/#\/schema\/logo\/image\/"},"sameAs":["https:\/\/www.facebook.com\/Radiio-Ljubuski-1490835324566332","https:\/\/x.com\/radioljubuski","https:\/\/hr.linkedin.com\/company\/radio-ljubuski","https:\/\/www.youtube.com\/channel\/UCHYaeO_n0Db3tjNGudGpXyw"]},{"@type":"Person","@id":"https:\/\/radioljubuski.ba\/#\/schema\/person\/19fc700381a780f69665d7956c469e3b","name":"Radio Ljubu\u0161ki"}]}},"_links":{"self":[{"href":"https:\/\/radioljubuski.ba\/index.php\/wp-json\/wp\/v2\/posts\/166395","targetHints":{"allow":["GET"]}}],"collection":[{"href":"https:\/\/radioljubuski.ba\/index.php\/wp-json\/wp\/v2\/posts"}],"about":[{"href":"https:\/\/radioljubuski.ba\/index.php\/wp-json\/wp\/v2\/types\/post"}],"author":[{"embeddable":true,"href":"https:\/\/radioljubuski.ba\/index.php\/wp-json\/wp\/v2\/users\/2"}],"replies":[{"embeddable":true,"href":"https:\/\/radioljubuski.ba\/index.php\/wp-json\/wp\/v2\/comments?post=166395"}],"version-history":[{"count":1,"href":"https:\/\/radioljubuski.ba\/index.php\/wp-json\/wp\/v2\/posts\/166395\/revisions"}],"predecessor-version":[{"id":166397,"href":"https:\/\/radioljubuski.ba\/index.php\/wp-json\/wp\/v2\/posts\/166395\/revisions\/166397"}],"wp:featuredmedia":[{"embeddable":true,"href":"https:\/\/radioljubuski.ba\/index.php\/wp-json\/wp\/v2\/media\/166396"}],"wp:attachment":[{"href":"https:\/\/radioljubuski.ba\/index.php\/wp-json\/wp\/v2\/media?parent=166395"}],"wp:term":[{"taxonomy":"category","embeddable":true,"href":"https:\/\/radioljubuski.ba\/index.php\/wp-json\/wp\/v2\/categories?post=166395"},{"taxonomy":"post_tag","embeddable":true,"href":"https:\/\/radioljubuski.ba\/index.php\/wp-json\/wp\/v2\/tags?post=166395"}],"curies":[{"name":"wp","href":"https:\/\/api.w.org\/{rel}","templated":true}]}}