{"id":166421,"date":"2022-08-04T11:19:42","date_gmt":"2022-08-04T10:19:42","guid":{"rendered":"https:\/\/radioljubuski.ba\/?p=166421"},"modified":"2022-08-04T11:19:43","modified_gmt":"2022-08-04T10:19:43","slug":"nizozemska-vlada-proglasila-nestasicu-vode-zbog-suse","status":"publish","type":"post","link":"https:\/\/radioljubuski.ba\/index.php\/2022\/08\/04\/nizozemska-vlada-proglasila-nestasicu-vode-zbog-suse\/","title":{"rendered":"Nizozemska vlada proglasila nesta\u0161icu vode zbog su\u0161e"},"content":{"rendered":"\n<p>Nizozemska vlada proglasila je u srijedu nesta\u0161icu vode nastalu zbog neuobi\u010dajeno suhog&nbsp;ljeta, a meteorolo\u0161ke prognoze govore da ne\u0107e ki\u0161iti sljede\u0107a dva tjedna.<\/p>\n\n\n\n<p>Sna\u017eni toplinski udari zahvatili su velike dijelove Europe i Sjedinjenih Dr\u017eava pro\u0161log mjeseca zbog \u010dega ja\u010daju pozivi da se&nbsp;ulo\u017ei vi\u0161e napora kako bi se ubla\u017eilo globalno zatopljenje&nbsp;jer znanstvenici upozoravaju da \u0107e ekstremne vru\u0107ine postati \u010de\u0161\u0107e i smrtonosne.<\/p>\n\n\n\n<p>S obzirom na to da dvije tre\u0107ine nizozemskog stanovni\u0161tva \u017eivi ispod razine mora, su\u0161e mogu brzo postati akutni problem u toj zemlji i dovesti do zamuljivanja rijeka i ote\u017eavanja rije\u010dne plovidbe.<\/p>\n\n\n\n<p>Drugi problem je isu\u0161ivanje brana.<\/p>\n\n\n\n<p>U ovom trenutku teglenice na donjoj Rajni, a rije\u010d je o va\u017enom putu za prijevoz ugljena iz Rotterdama do njema\u010dkih \u010deli\u010dana &#8211; prevoze s manje od pola kapaciteta.<\/p>\n\n\n\n<p>Vodostaj rijeke Rajne &#8220;izuzetno je nizak za ovo doba godine kod Lobitha, grada na istoku gdje rijeka&nbsp;ulazi u Nizozemsku.<\/p>\n\n\n\n<p>Vodostaj je ne\u0161to bolji za rijeku Maas (poznata i kao Meuse) koja te\u010de iz Francuske u Nizozemsku.&nbsp;<\/p>\n\n\n\n<p>Razine podzemne vode su ni\u017ee i &#8220;vrlo niske na jugu&#8221;, dodaje ministarstvo i navodi da to izaziva cvatnje&nbsp;algi&nbsp;i uginu\u0107e riba.&nbsp;<\/p>\n\n\n\n<p>Stanje se nije odrazilo na pitku vodu.<\/p>\n\n\n\n<p>Vodoprivredne tvrtke pozivaju na \u0161tednju vode, pa u ju\u017enim pokrajinama Zeeland i Limburg apeliraju na&nbsp;stanovnike da ne koriste vodu za zalijevanje, no to \u0107e svakako na\u0161tetiti poljoprivrednicima.<\/p>\n\n\n\n<p>Izvor:pogled.ba<\/p>\n","protected":false},"excerpt":{"rendered":"<p>Nizozemska vlada proglasila je u srijedu nesta\u0161icu vode nastalu zbog neuobi\u010dajeno suhog&nbsp;ljeta, a meteorolo\u0161ke prognoze govore da ne\u0107e ki\u0161iti sljede\u0107a dva tjedna. Sna\u017eni toplinski udari zahvatili su velike dijelove Europe i Sjedinjenih Dr\u017eava pro\u0161log mjeseca zbog \u010dega ja\u010daju pozivi da se&nbsp;ulo\u017ei vi\u0161e napora kako bi se ubla\u017eilo globalno zatopljenje&nbsp;jer znanstvenici upozoravaju da \u0107e ekstremne vru\u0107ine [&hellip;]<\/p>\n","protected":false},"author":2,"featured_media":166423,"comment_status":"closed","ping_status":"closed","sticky":false,"template":"","format":"standard","meta":{"h5ap_radio_sources":[],"footnotes":""},"categories":[1],"tags":[],"class_list":["post-166421","post","type-post","status-publish","format-standard","has-post-thumbnail","hentry","category-bihiregija"],"yoast_head":"<!-- This site is optimized with the Yoast SEO plugin v27.4 - https:\/\/yoast.com\/product\/yoast-seo-wordpress\/ -->\n<title>Nizozemska vlada proglasila nesta\u0161icu vode zbog su\u0161e - RADIO LJUBU\u0160KI<\/title>\n<meta name=\"robots\" content=\"index, follow, max-snippet:-1, max-image-preview:large, max-video-preview:-1\" \/>\n<link rel=\"canonical\" href=\"https:\/\/radioljubuski.ba\/index.php\/2022\/08\/04\/nizozemska-vlada-proglasila-nestasicu-vode-zbog-suse\/\" \/>\n<meta property=\"og:locale\" content=\"hr_HR\" \/>\n<meta property=\"og:type\" content=\"article\" \/>\n<meta property=\"og:title\" content=\"Nizozemska vlada proglasila nesta\u0161icu vode zbog su\u0161e - RADIO LJUBU\u0160KI\" \/>\n<meta property=\"og:description\" content=\"Nizozemska vlada proglasila je u srijedu nesta\u0161icu vode nastalu zbog neuobi\u010dajeno suhog&nbsp;ljeta, a meteorolo\u0161ke prognoze govore da ne\u0107e ki\u0161iti sljede\u0107a dva tjedna. Sna\u017eni toplinski udari zahvatili su velike dijelove Europe i Sjedinjenih Dr\u017eava pro\u0161log mjeseca zbog \u010dega ja\u010daju pozivi da se&nbsp;ulo\u017ei vi\u0161e napora kako bi se ubla\u017eilo globalno zatopljenje&nbsp;jer znanstvenici upozoravaju da \u0107e ekstremne vru\u0107ine [&hellip;]\" \/>\n<meta property=\"og:url\" content=\"https:\/\/radioljubuski.ba\/index.php\/2022\/08\/04\/nizozemska-vlada-proglasila-nestasicu-vode-zbog-suse\/\" \/>\n<meta property=\"og:site_name\" content=\"RADIO LJUBU\u0160KI\" \/>\n<meta property=\"article:publisher\" content=\"https:\/\/www.facebook.com\/Radiio-Ljubuski-1490835324566332\" \/>\n<meta property=\"article:published_time\" content=\"2022-08-04T10:19:42+00:00\" \/>\n<meta property=\"article:modified_time\" content=\"2022-08-04T10:19:43+00:00\" \/>\n<meta property=\"og:image\" content=\"https:\/\/radioljubuski.ba\/wp-content\/uploads\/2022\/08\/10-2022-08-03-17-18-14-Snimka-zaslona-2022-08-03-165700.jpg\" \/>\n\t<meta property=\"og:image:width\" content=\"1000\" \/>\n\t<meta property=\"og:image:height\" content=\"625\" \/>\n\t<meta property=\"og:image:type\" content=\"image\/jpeg\" \/>\n<meta name=\"author\" content=\"Radio Ljubu\u0161ki\" \/>\n<meta name=\"twitter:card\" content=\"summary_large_image\" \/>\n<meta name=\"twitter:creator\" content=\"@radioljubuski\" \/>\n<meta name=\"twitter:site\" content=\"@radioljubuski\" \/>\n<meta name=\"twitter:label1\" content=\"Napisao\/la\" \/>\n\t<meta name=\"twitter:data1\" content=\"Radio Ljubu\u0161ki\" \/>\n\t<meta name=\"twitter:label2\" content=\"Procijenjeno vrijeme \u010ditanja\" \/>\n\t<meta name=\"twitter:data2\" content=\"1 minuta\" \/>\n<script type=\"application\/ld+json\" class=\"yoast-schema-graph\">{\"@context\":\"https:\\\/\\\/schema.org\",\"@graph\":[{\"@type\":\"Article\",\"@id\":\"https:\\\/\\\/radioljubuski.ba\\\/index.php\\\/2022\\\/08\\\/04\\\/nizozemska-vlada-proglasila-nestasicu-vode-zbog-suse\\\/#article\",\"isPartOf\":{\"@id\":\"https:\\\/\\\/radioljubuski.ba\\\/index.php\\\/2022\\\/08\\\/04\\\/nizozemska-vlada-proglasila-nestasicu-vode-zbog-suse\\\/\"},\"author\":{\"name\":\"Radio Ljubu\u0161ki\",\"@id\":\"https:\\\/\\\/radioljubuski.ba\\\/#\\\/schema\\\/person\\\/19fc700381a780f69665d7956c469e3b\"},\"headline\":\"Nizozemska vlada proglasila nesta\u0161icu vode zbog su\u0161e\",\"datePublished\":\"2022-08-04T10:19:42+00:00\",\"dateModified\":\"2022-08-04T10:19:43+00:00\",\"mainEntityOfPage\":{\"@id\":\"https:\\\/\\\/radioljubuski.ba\\\/index.php\\\/2022\\\/08\\\/04\\\/nizozemska-vlada-proglasila-nestasicu-vode-zbog-suse\\\/\"},\"wordCount\":271,\"publisher\":{\"@id\":\"https:\\\/\\\/radioljubuski.ba\\\/#organization\"},\"image\":{\"@id\":\"https:\\\/\\\/radioljubuski.ba\\\/index.php\\\/2022\\\/08\\\/04\\\/nizozemska-vlada-proglasila-nestasicu-vode-zbog-suse\\\/#primaryimage\"},\"thumbnailUrl\":\"https:\\\/\\\/radioljubuski.ba\\\/wp-content\\\/uploads\\\/2022\\\/08\\\/10-2022-08-03-17-18-14-Snimka-zaslona-2022-08-03-165700.jpg\",\"articleSection\":[\"BIH i regija\"],\"inLanguage\":\"hr\"},{\"@type\":\"WebPage\",\"@id\":\"https:\\\/\\\/radioljubuski.ba\\\/index.php\\\/2022\\\/08\\\/04\\\/nizozemska-vlada-proglasila-nestasicu-vode-zbog-suse\\\/\",\"url\":\"https:\\\/\\\/radioljubuski.ba\\\/index.php\\\/2022\\\/08\\\/04\\\/nizozemska-vlada-proglasila-nestasicu-vode-zbog-suse\\\/\",\"name\":\"Nizozemska vlada proglasila nesta\u0161icu vode zbog su\u0161e - RADIO LJUBU\u0160KI\",\"isPartOf\":{\"@id\":\"https:\\\/\\\/radioljubuski.ba\\\/#website\"},\"primaryImageOfPage\":{\"@id\":\"https:\\\/\\\/radioljubuski.ba\\\/index.php\\\/2022\\\/08\\\/04\\\/nizozemska-vlada-proglasila-nestasicu-vode-zbog-suse\\\/#primaryimage\"},\"image\":{\"@id\":\"https:\\\/\\\/radioljubuski.ba\\\/index.php\\\/2022\\\/08\\\/04\\\/nizozemska-vlada-proglasila-nestasicu-vode-zbog-suse\\\/#primaryimage\"},\"thumbnailUrl\":\"https:\\\/\\\/radioljubuski.ba\\\/wp-content\\\/uploads\\\/2022\\\/08\\\/10-2022-08-03-17-18-14-Snimka-zaslona-2022-08-03-165700.jpg\",\"datePublished\":\"2022-08-04T10:19:42+00:00\",\"dateModified\":\"2022-08-04T10:19:43+00:00\",\"breadcrumb\":{\"@id\":\"https:\\\/\\\/radioljubuski.ba\\\/index.php\\\/2022\\\/08\\\/04\\\/nizozemska-vlada-proglasila-nestasicu-vode-zbog-suse\\\/#breadcrumb\"},\"inLanguage\":\"hr\",\"potentialAction\":[{\"@type\":\"ReadAction\",\"target\":[\"https:\\\/\\\/radioljubuski.ba\\\/index.php\\\/2022\\\/08\\\/04\\\/nizozemska-vlada-proglasila-nestasicu-vode-zbog-suse\\\/\"]}]},{\"@type\":\"ImageObject\",\"inLanguage\":\"hr\",\"@id\":\"https:\\\/\\\/radioljubuski.ba\\\/index.php\\\/2022\\\/08\\\/04\\\/nizozemska-vlada-proglasila-nestasicu-vode-zbog-suse\\\/#primaryimage\",\"url\":\"https:\\\/\\\/radioljubuski.ba\\\/wp-content\\\/uploads\\\/2022\\\/08\\\/10-2022-08-03-17-18-14-Snimka-zaslona-2022-08-03-165700.jpg\",\"contentUrl\":\"https:\\\/\\\/radioljubuski.ba\\\/wp-content\\\/uploads\\\/2022\\\/08\\\/10-2022-08-03-17-18-14-Snimka-zaslona-2022-08-03-165700.jpg\",\"width\":1000,\"height\":625},{\"@type\":\"BreadcrumbList\",\"@id\":\"https:\\\/\\\/radioljubuski.ba\\\/index.php\\\/2022\\\/08\\\/04\\\/nizozemska-vlada-proglasila-nestasicu-vode-zbog-suse\\\/#breadcrumb\",\"itemListElement\":[{\"@type\":\"ListItem\",\"position\":1,\"name\":\"Po\u010detna stranica\",\"item\":\"https:\\\/\\\/radioljubuski.ba\\\/\"},{\"@type\":\"ListItem\",\"position\":2,\"name\":\"Nizozemska vlada proglasila nesta\u0161icu vode zbog su\u0161e\"}]},{\"@type\":\"WebSite\",\"@id\":\"https:\\\/\\\/radioljubuski.ba\\\/#website\",\"url\":\"https:\\\/\\\/radioljubuski.ba\\\/\",\"name\":\"Radio Ljubu\u0161ki\",\"description\":\"Sun\u010dana frekvencija Hercegovine\",\"publisher\":{\"@id\":\"https:\\\/\\\/radioljubuski.ba\\\/#organization\"},\"potentialAction\":[{\"@type\":\"SearchAction\",\"target\":{\"@type\":\"EntryPoint\",\"urlTemplate\":\"https:\\\/\\\/radioljubuski.ba\\\/?s={search_term_string}\"},\"query-input\":{\"@type\":\"PropertyValueSpecification\",\"valueRequired\":true,\"valueName\":\"search_term_string\"}}],\"inLanguage\":\"hr\"},{\"@type\":\"Organization\",\"@id\":\"https:\\\/\\\/radioljubuski.ba\\\/#organization\",\"name\":\"Radio Ljubu\u0161ki\",\"url\":\"https:\\\/\\\/radioljubuski.ba\\\/\",\"logo\":{\"@type\":\"ImageObject\",\"inLanguage\":\"hr\",\"@id\":\"https:\\\/\\\/radioljubuski.ba\\\/#\\\/schema\\\/logo\\\/image\\\/\",\"url\":\"https:\\\/\\\/radioljubuski.ba\\\/wp-content\\\/uploads\\\/2021\\\/02\\\/cropped-Radio_Ljubuski_logo1.jpg\",\"contentUrl\":\"https:\\\/\\\/radioljubuski.ba\\\/wp-content\\\/uploads\\\/2021\\\/02\\\/cropped-Radio_Ljubuski_logo1.jpg\",\"width\":512,\"height\":512,\"caption\":\"Radio Ljubu\u0161ki\"},\"image\":{\"@id\":\"https:\\\/\\\/radioljubuski.ba\\\/#\\\/schema\\\/logo\\\/image\\\/\"},\"sameAs\":[\"https:\\\/\\\/www.facebook.com\\\/Radiio-Ljubuski-1490835324566332\",\"https:\\\/\\\/x.com\\\/radioljubuski\",\"https:\\\/\\\/hr.linkedin.com\\\/company\\\/radio-ljubuski\",\"https:\\\/\\\/www.youtube.com\\\/channel\\\/UCHYaeO_n0Db3tjNGudGpXyw\"]},{\"@type\":\"Person\",\"@id\":\"https:\\\/\\\/radioljubuski.ba\\\/#\\\/schema\\\/person\\\/19fc700381a780f69665d7956c469e3b\",\"name\":\"Radio Ljubu\u0161ki\"}]}<\/script>\n<!-- \/ Yoast SEO plugin. -->","yoast_head_json":{"title":"Nizozemska vlada proglasila nesta\u0161icu vode zbog su\u0161e - RADIO LJUBU\u0160KI","robots":{"index":"index","follow":"follow","max-snippet":"max-snippet:-1","max-image-preview":"max-image-preview:large","max-video-preview":"max-video-preview:-1"},"canonical":"https:\/\/radioljubuski.ba\/index.php\/2022\/08\/04\/nizozemska-vlada-proglasila-nestasicu-vode-zbog-suse\/","og_locale":"hr_HR","og_type":"article","og_title":"Nizozemska vlada proglasila nesta\u0161icu vode zbog su\u0161e - RADIO LJUBU\u0160KI","og_description":"Nizozemska vlada proglasila je u srijedu nesta\u0161icu vode nastalu zbog neuobi\u010dajeno suhog&nbsp;ljeta, a meteorolo\u0161ke prognoze govore da ne\u0107e ki\u0161iti sljede\u0107a dva tjedna. Sna\u017eni toplinski udari zahvatili su velike dijelove Europe i Sjedinjenih Dr\u017eava pro\u0161log mjeseca zbog \u010dega ja\u010daju pozivi da se&nbsp;ulo\u017ei vi\u0161e napora kako bi se ubla\u017eilo globalno zatopljenje&nbsp;jer znanstvenici upozoravaju da \u0107e ekstremne vru\u0107ine [&hellip;]","og_url":"https:\/\/radioljubuski.ba\/index.php\/2022\/08\/04\/nizozemska-vlada-proglasila-nestasicu-vode-zbog-suse\/","og_site_name":"RADIO LJUBU\u0160KI","article_publisher":"https:\/\/www.facebook.com\/Radiio-Ljubuski-1490835324566332","article_published_time":"2022-08-04T10:19:42+00:00","article_modified_time":"2022-08-04T10:19:43+00:00","og_image":[{"width":1000,"height":625,"url":"https:\/\/radioljubuski.ba\/wp-content\/uploads\/2022\/08\/10-2022-08-03-17-18-14-Snimka-zaslona-2022-08-03-165700.jpg","type":"image\/jpeg"}],"author":"Radio Ljubu\u0161ki","twitter_card":"summary_large_image","twitter_creator":"@radioljubuski","twitter_site":"@radioljubuski","twitter_misc":{"Napisao\/la":"Radio Ljubu\u0161ki","Procijenjeno vrijeme \u010ditanja":"1 minuta"},"schema":{"@context":"https:\/\/schema.org","@graph":[{"@type":"Article","@id":"https:\/\/radioljubuski.ba\/index.php\/2022\/08\/04\/nizozemska-vlada-proglasila-nestasicu-vode-zbog-suse\/#article","isPartOf":{"@id":"https:\/\/radioljubuski.ba\/index.php\/2022\/08\/04\/nizozemska-vlada-proglasila-nestasicu-vode-zbog-suse\/"},"author":{"name":"Radio Ljubu\u0161ki","@id":"https:\/\/radioljubuski.ba\/#\/schema\/person\/19fc700381a780f69665d7956c469e3b"},"headline":"Nizozemska vlada proglasila nesta\u0161icu vode zbog su\u0161e","datePublished":"2022-08-04T10:19:42+00:00","dateModified":"2022-08-04T10:19:43+00:00","mainEntityOfPage":{"@id":"https:\/\/radioljubuski.ba\/index.php\/2022\/08\/04\/nizozemska-vlada-proglasila-nestasicu-vode-zbog-suse\/"},"wordCount":271,"publisher":{"@id":"https:\/\/radioljubuski.ba\/#organization"},"image":{"@id":"https:\/\/radioljubuski.ba\/index.php\/2022\/08\/04\/nizozemska-vlada-proglasila-nestasicu-vode-zbog-suse\/#primaryimage"},"thumbnailUrl":"https:\/\/radioljubuski.ba\/wp-content\/uploads\/2022\/08\/10-2022-08-03-17-18-14-Snimka-zaslona-2022-08-03-165700.jpg","articleSection":["BIH i regija"],"inLanguage":"hr"},{"@type":"WebPage","@id":"https:\/\/radioljubuski.ba\/index.php\/2022\/08\/04\/nizozemska-vlada-proglasila-nestasicu-vode-zbog-suse\/","url":"https:\/\/radioljubuski.ba\/index.php\/2022\/08\/04\/nizozemska-vlada-proglasila-nestasicu-vode-zbog-suse\/","name":"Nizozemska vlada proglasila nesta\u0161icu vode zbog su\u0161e - RADIO LJUBU\u0160KI","isPartOf":{"@id":"https:\/\/radioljubuski.ba\/#website"},"primaryImageOfPage":{"@id":"https:\/\/radioljubuski.ba\/index.php\/2022\/08\/04\/nizozemska-vlada-proglasila-nestasicu-vode-zbog-suse\/#primaryimage"},"image":{"@id":"https:\/\/radioljubuski.ba\/index.php\/2022\/08\/04\/nizozemska-vlada-proglasila-nestasicu-vode-zbog-suse\/#primaryimage"},"thumbnailUrl":"https:\/\/radioljubuski.ba\/wp-content\/uploads\/2022\/08\/10-2022-08-03-17-18-14-Snimka-zaslona-2022-08-03-165700.jpg","datePublished":"2022-08-04T10:19:42+00:00","dateModified":"2022-08-04T10:19:43+00:00","breadcrumb":{"@id":"https:\/\/radioljubuski.ba\/index.php\/2022\/08\/04\/nizozemska-vlada-proglasila-nestasicu-vode-zbog-suse\/#breadcrumb"},"inLanguage":"hr","potentialAction":[{"@type":"ReadAction","target":["https:\/\/radioljubuski.ba\/index.php\/2022\/08\/04\/nizozemska-vlada-proglasila-nestasicu-vode-zbog-suse\/"]}]},{"@type":"ImageObject","inLanguage":"hr","@id":"https:\/\/radioljubuski.ba\/index.php\/2022\/08\/04\/nizozemska-vlada-proglasila-nestasicu-vode-zbog-suse\/#primaryimage","url":"https:\/\/radioljubuski.ba\/wp-content\/uploads\/2022\/08\/10-2022-08-03-17-18-14-Snimka-zaslona-2022-08-03-165700.jpg","contentUrl":"https:\/\/radioljubuski.ba\/wp-content\/uploads\/2022\/08\/10-2022-08-03-17-18-14-Snimka-zaslona-2022-08-03-165700.jpg","width":1000,"height":625},{"@type":"BreadcrumbList","@id":"https:\/\/radioljubuski.ba\/index.php\/2022\/08\/04\/nizozemska-vlada-proglasila-nestasicu-vode-zbog-suse\/#breadcrumb","itemListElement":[{"@type":"ListItem","position":1,"name":"Po\u010detna stranica","item":"https:\/\/radioljubuski.ba\/"},{"@type":"ListItem","position":2,"name":"Nizozemska vlada proglasila nesta\u0161icu vode zbog su\u0161e"}]},{"@type":"WebSite","@id":"https:\/\/radioljubuski.ba\/#website","url":"https:\/\/radioljubuski.ba\/","name":"Radio Ljubu\u0161ki","description":"Sun\u010dana frekvencija Hercegovine","publisher":{"@id":"https:\/\/radioljubuski.ba\/#organization"},"potentialAction":[{"@type":"SearchAction","target":{"@type":"EntryPoint","urlTemplate":"https:\/\/radioljubuski.ba\/?s={search_term_string}"},"query-input":{"@type":"PropertyValueSpecification","valueRequired":true,"valueName":"search_term_string"}}],"inLanguage":"hr"},{"@type":"Organization","@id":"https:\/\/radioljubuski.ba\/#organization","name":"Radio Ljubu\u0161ki","url":"https:\/\/radioljubuski.ba\/","logo":{"@type":"ImageObject","inLanguage":"hr","@id":"https:\/\/radioljubuski.ba\/#\/schema\/logo\/image\/","url":"https:\/\/radioljubuski.ba\/wp-content\/uploads\/2021\/02\/cropped-Radio_Ljubuski_logo1.jpg","contentUrl":"https:\/\/radioljubuski.ba\/wp-content\/uploads\/2021\/02\/cropped-Radio_Ljubuski_logo1.jpg","width":512,"height":512,"caption":"Radio Ljubu\u0161ki"},"image":{"@id":"https:\/\/radioljubuski.ba\/#\/schema\/logo\/image\/"},"sameAs":["https:\/\/www.facebook.com\/Radiio-Ljubuski-1490835324566332","https:\/\/x.com\/radioljubuski","https:\/\/hr.linkedin.com\/company\/radio-ljubuski","https:\/\/www.youtube.com\/channel\/UCHYaeO_n0Db3tjNGudGpXyw"]},{"@type":"Person","@id":"https:\/\/radioljubuski.ba\/#\/schema\/person\/19fc700381a780f69665d7956c469e3b","name":"Radio Ljubu\u0161ki"}]}},"_links":{"self":[{"href":"https:\/\/radioljubuski.ba\/index.php\/wp-json\/wp\/v2\/posts\/166421","targetHints":{"allow":["GET"]}}],"collection":[{"href":"https:\/\/radioljubuski.ba\/index.php\/wp-json\/wp\/v2\/posts"}],"about":[{"href":"https:\/\/radioljubuski.ba\/index.php\/wp-json\/wp\/v2\/types\/post"}],"author":[{"embeddable":true,"href":"https:\/\/radioljubuski.ba\/index.php\/wp-json\/wp\/v2\/users\/2"}],"replies":[{"embeddable":true,"href":"https:\/\/radioljubuski.ba\/index.php\/wp-json\/wp\/v2\/comments?post=166421"}],"version-history":[{"count":1,"href":"https:\/\/radioljubuski.ba\/index.php\/wp-json\/wp\/v2\/posts\/166421\/revisions"}],"predecessor-version":[{"id":166425,"href":"https:\/\/radioljubuski.ba\/index.php\/wp-json\/wp\/v2\/posts\/166421\/revisions\/166425"}],"wp:featuredmedia":[{"embeddable":true,"href":"https:\/\/radioljubuski.ba\/index.php\/wp-json\/wp\/v2\/media\/166423"}],"wp:attachment":[{"href":"https:\/\/radioljubuski.ba\/index.php\/wp-json\/wp\/v2\/media?parent=166421"}],"wp:term":[{"taxonomy":"category","embeddable":true,"href":"https:\/\/radioljubuski.ba\/index.php\/wp-json\/wp\/v2\/categories?post=166421"},{"taxonomy":"post_tag","embeddable":true,"href":"https:\/\/radioljubuski.ba\/index.php\/wp-json\/wp\/v2\/tags?post=166421"}],"curies":[{"name":"wp","href":"https:\/\/api.w.org\/{rel}","templated":true}]}}