{"id":166455,"date":"2022-08-04T12:11:55","date_gmt":"2022-08-04T11:11:55","guid":{"rendered":"https:\/\/radioljubuski.ba\/?p=166455"},"modified":"2022-08-04T12:11:56","modified_gmt":"2022-08-04T11:11:56","slug":"nova-balkanska-energetska-ruta","status":"publish","type":"post","link":"https:\/\/radioljubuski.ba\/index.php\/2022\/08\/04\/nova-balkanska-energetska-ruta\/","title":{"rendered":"Nova balkanska energetska ruta"},"content":{"rendered":"\n<p>Europa u prijenos struje ula\u017ee 240 milijardi eura, pi\u0161e u srijedu Jutarnji list, navode\u0107i da \u0107e se graditi nova mre\u017ea prema Srbiji i BiH, a hrvatski aduti su interkonekcije Ernestinovo \u2013 Sombor i Lika \u2013 Banja Luka.<\/p>\n\n\n\n<p>U nastavku priprema za potpuno odbacivanje ruskog plina iz vlastitih potreba za energijom, Europska unija uz pomo\u0107 zemalja koje sada nisu njezine \u010dlanice&nbsp;do 2040.&nbsp;planira pove\u0107ati kapacitete svoje prijenosne mre\u017ee elektri\u010dne energije kroz&nbsp;141&nbsp;investiciju ukupne procijenjene vrijednosti od&nbsp;240 milijardi eura.<\/p>\n\n\n\n<p>Kako se navodi u pripadaju\u0107em planu Europske udruge operatora prijenosne mre\u017ee (ENTSO-E), \u010diji je \u010dlan i Hrvatski operator prijenosnog sustava (HOPS), kapacitet dalekovoda, kabela i ostale opreme za prijenos struje diljem Starog kontinenta pove\u0107ao bi se za&nbsp;142 gigavata&nbsp;elektri\u010dne energije te&nbsp;43.000&nbsp;novih kilometara mre\u017ee uz&nbsp;1,6 milijuna novih radnih mjesta&nbsp;kao jednu od posljedica tih ulaganja.<\/p>\n\n\n\n<p>Ideja je europskih operatora prijenosa elektri\u010dne energije, \u010diji je plan pod nazivom&nbsp;TYNDP 2022.&nbsp;u ponedjeljak stavljen u javnu raspravu, da se rastu\u0107i izvori proizvodnje struje iz sunca i vjetra ubrzano priklju\u010duju na mre\u017eu te se tako&nbsp;zamijeni plin&nbsp;kao pogonsko gorivo u proizvodnji struje, ali i kao izvor grijanja.<\/p>\n\n\n\n<p>To zna\u010di da je TYNDP dio i velikog Europskog zelenog plana sa zacrtanim ciljem da se ja\u010danjem mre\u017ee emisija uglji\u010dnog dioksida ve\u0107&nbsp;do 2030.&nbsp;smanjuje za 14 metri\u010dkih tona godi\u0161nje.<\/p>\n\n\n\n<p><em>Jedna od glavnih prednosti rje\u0161avanja potreba sustava je&nbsp;povezivanje vi\u0161e potro\u0161a\u010da s vi\u0161e proizvo\u0111a\u010da, omogu\u0107avaju\u0107i europskim zemljama da razmjenjuju elektri\u010dnu energiju kako bi zamijenile skupu toplinsku proizvodnju jeftinijom, \u010dime se smanjuje ovisnost Europe o plinu. Proizvodnja elektri\u010dne energije temeljena na plinu smanjila bi se za 75 teravatsati godi\u0161nje do 2040., \u0161to je ekvivalentno 14 posto proizvodnje elektri\u010dne energije iz plina u EU u 2021.<\/em>, navodi se u planu Europske udruge operatora prijenosne mre\u017ee, koja okuplja 38 europskih operatora prijenosa elektri\u010dne energije, prenosi Hina.<\/p>\n\n\n\n<p>Me\u0111u njima su i operatori iz zemalja koje nisu \u010dlanice EU, \u0161to je bitno za investicije koje HOPS mora ostvariti u okviru plana Udruge.<\/p>\n\n\n\n<p>Naime, od 141 investicije iz spomenutog plana, nositelj dviju je HOPS, ali u suradnji s operatorima iz drugih zemalja. Rije\u010d je o gradnji nove interkonekcije snage 400 kilovata&nbsp;Ernestinovo \u2013 Sombor&nbsp;u suradnji s operatorom iz Srbije i ja\u010danju mre\u017ee&nbsp;Rijeka \u2013 Split&nbsp;s odvojkom za BiH, odnosno novom interkonekcijom snage 400 kilovata&nbsp;Lika \u2013 Banja Luka, \u0161to iziskuje suradnju s operatorom iz BiH, pi\u0161e novinar Jutarnjeg lista Vedran Marjanovi\u0107.<\/p>\n\n\n\n<p>Izvor:pogled.ba<\/p>\n","protected":false},"excerpt":{"rendered":"<p>Europa u prijenos struje ula\u017ee 240 milijardi eura, pi\u0161e u srijedu Jutarnji list, navode\u0107i da \u0107e se graditi nova mre\u017ea prema Srbiji i BiH, a hrvatski aduti su interkonekcije Ernestinovo \u2013 Sombor i Lika \u2013 Banja Luka. U nastavku priprema za potpuno odbacivanje ruskog plina iz vlastitih potreba za energijom, Europska unija uz pomo\u0107 zemalja [&hellip;]<\/p>\n","protected":false},"author":2,"featured_media":166308,"comment_status":"closed","ping_status":"closed","sticky":false,"template":"","format":"standard","meta":{"h5ap_radio_sources":[],"footnotes":""},"categories":[1],"tags":[],"class_list":["post-166455","post","type-post","status-publish","format-standard","has-post-thumbnail","hentry","category-bihiregija"],"yoast_head":"<!-- This site is optimized with the Yoast SEO plugin v27.4 - https:\/\/yoast.com\/product\/yoast-seo-wordpress\/ -->\n<title>Nova balkanska energetska ruta - RADIO LJUBU\u0160KI<\/title>\n<meta name=\"robots\" content=\"index, follow, max-snippet:-1, max-image-preview:large, max-video-preview:-1\" \/>\n<link rel=\"canonical\" href=\"https:\/\/radioljubuski.ba\/index.php\/2022\/08\/04\/nova-balkanska-energetska-ruta\/\" \/>\n<meta property=\"og:locale\" content=\"hr_HR\" \/>\n<meta property=\"og:type\" content=\"article\" \/>\n<meta property=\"og:title\" content=\"Nova balkanska energetska ruta - RADIO LJUBU\u0160KI\" \/>\n<meta property=\"og:description\" content=\"Europa u prijenos struje ula\u017ee 240 milijardi eura, pi\u0161e u srijedu Jutarnji list, navode\u0107i da \u0107e se graditi nova mre\u017ea prema Srbiji i BiH, a hrvatski aduti su interkonekcije Ernestinovo \u2013 Sombor i Lika \u2013 Banja Luka. U nastavku priprema za potpuno odbacivanje ruskog plina iz vlastitih potreba za energijom, Europska unija uz pomo\u0107 zemalja [&hellip;]\" \/>\n<meta property=\"og:url\" content=\"https:\/\/radioljubuski.ba\/index.php\/2022\/08\/04\/nova-balkanska-energetska-ruta\/\" \/>\n<meta property=\"og:site_name\" content=\"RADIO LJUBU\u0160KI\" \/>\n<meta property=\"article:publisher\" content=\"https:\/\/www.facebook.com\/Radiio-Ljubuski-1490835324566332\" \/>\n<meta property=\"article:published_time\" content=\"2022-08-04T11:11:55+00:00\" \/>\n<meta property=\"article:modified_time\" content=\"2022-08-04T11:11:56+00:00\" \/>\n<meta property=\"og:image\" content=\"https:\/\/radioljubuski.ba\/wp-content\/uploads\/2022\/08\/8-2021-11-04-14-43-35-struja.jpg\" \/>\n\t<meta property=\"og:image:width\" content=\"1000\" \/>\n\t<meta property=\"og:image:height\" content=\"625\" \/>\n\t<meta property=\"og:image:type\" content=\"image\/jpeg\" \/>\n<meta name=\"author\" content=\"Radio Ljubu\u0161ki\" \/>\n<meta name=\"twitter:card\" content=\"summary_large_image\" \/>\n<meta name=\"twitter:creator\" content=\"@radioljubuski\" \/>\n<meta name=\"twitter:site\" content=\"@radioljubuski\" \/>\n<meta name=\"twitter:label1\" content=\"Napisao\/la\" \/>\n\t<meta name=\"twitter:data1\" content=\"Radio Ljubu\u0161ki\" \/>\n\t<meta name=\"twitter:label2\" content=\"Procijenjeno vrijeme \u010ditanja\" \/>\n\t<meta name=\"twitter:data2\" content=\"2 minute\" \/>\n<script type=\"application\/ld+json\" class=\"yoast-schema-graph\">{\"@context\":\"https:\\\/\\\/schema.org\",\"@graph\":[{\"@type\":\"Article\",\"@id\":\"https:\\\/\\\/radioljubuski.ba\\\/index.php\\\/2022\\\/08\\\/04\\\/nova-balkanska-energetska-ruta\\\/#article\",\"isPartOf\":{\"@id\":\"https:\\\/\\\/radioljubuski.ba\\\/index.php\\\/2022\\\/08\\\/04\\\/nova-balkanska-energetska-ruta\\\/\"},\"author\":{\"name\":\"Radio Ljubu\u0161ki\",\"@id\":\"https:\\\/\\\/radioljubuski.ba\\\/#\\\/schema\\\/person\\\/19fc700381a780f69665d7956c469e3b\"},\"headline\":\"Nova balkanska energetska ruta\",\"datePublished\":\"2022-08-04T11:11:55+00:00\",\"dateModified\":\"2022-08-04T11:11:56+00:00\",\"mainEntityOfPage\":{\"@id\":\"https:\\\/\\\/radioljubuski.ba\\\/index.php\\\/2022\\\/08\\\/04\\\/nova-balkanska-energetska-ruta\\\/\"},\"wordCount\":443,\"publisher\":{\"@id\":\"https:\\\/\\\/radioljubuski.ba\\\/#organization\"},\"image\":{\"@id\":\"https:\\\/\\\/radioljubuski.ba\\\/index.php\\\/2022\\\/08\\\/04\\\/nova-balkanska-energetska-ruta\\\/#primaryimage\"},\"thumbnailUrl\":\"https:\\\/\\\/radioljubuski.ba\\\/wp-content\\\/uploads\\\/2022\\\/08\\\/8-2021-11-04-14-43-35-struja.jpg\",\"articleSection\":[\"BIH i regija\"],\"inLanguage\":\"hr\"},{\"@type\":\"WebPage\",\"@id\":\"https:\\\/\\\/radioljubuski.ba\\\/index.php\\\/2022\\\/08\\\/04\\\/nova-balkanska-energetska-ruta\\\/\",\"url\":\"https:\\\/\\\/radioljubuski.ba\\\/index.php\\\/2022\\\/08\\\/04\\\/nova-balkanska-energetska-ruta\\\/\",\"name\":\"Nova balkanska energetska ruta - RADIO LJUBU\u0160KI\",\"isPartOf\":{\"@id\":\"https:\\\/\\\/radioljubuski.ba\\\/#website\"},\"primaryImageOfPage\":{\"@id\":\"https:\\\/\\\/radioljubuski.ba\\\/index.php\\\/2022\\\/08\\\/04\\\/nova-balkanska-energetska-ruta\\\/#primaryimage\"},\"image\":{\"@id\":\"https:\\\/\\\/radioljubuski.ba\\\/index.php\\\/2022\\\/08\\\/04\\\/nova-balkanska-energetska-ruta\\\/#primaryimage\"},\"thumbnailUrl\":\"https:\\\/\\\/radioljubuski.ba\\\/wp-content\\\/uploads\\\/2022\\\/08\\\/8-2021-11-04-14-43-35-struja.jpg\",\"datePublished\":\"2022-08-04T11:11:55+00:00\",\"dateModified\":\"2022-08-04T11:11:56+00:00\",\"breadcrumb\":{\"@id\":\"https:\\\/\\\/radioljubuski.ba\\\/index.php\\\/2022\\\/08\\\/04\\\/nova-balkanska-energetska-ruta\\\/#breadcrumb\"},\"inLanguage\":\"hr\",\"potentialAction\":[{\"@type\":\"ReadAction\",\"target\":[\"https:\\\/\\\/radioljubuski.ba\\\/index.php\\\/2022\\\/08\\\/04\\\/nova-balkanska-energetska-ruta\\\/\"]}]},{\"@type\":\"ImageObject\",\"inLanguage\":\"hr\",\"@id\":\"https:\\\/\\\/radioljubuski.ba\\\/index.php\\\/2022\\\/08\\\/04\\\/nova-balkanska-energetska-ruta\\\/#primaryimage\",\"url\":\"https:\\\/\\\/radioljubuski.ba\\\/wp-content\\\/uploads\\\/2022\\\/08\\\/8-2021-11-04-14-43-35-struja.jpg\",\"contentUrl\":\"https:\\\/\\\/radioljubuski.ba\\\/wp-content\\\/uploads\\\/2022\\\/08\\\/8-2021-11-04-14-43-35-struja.jpg\",\"width\":1000,\"height\":625},{\"@type\":\"BreadcrumbList\",\"@id\":\"https:\\\/\\\/radioljubuski.ba\\\/index.php\\\/2022\\\/08\\\/04\\\/nova-balkanska-energetska-ruta\\\/#breadcrumb\",\"itemListElement\":[{\"@type\":\"ListItem\",\"position\":1,\"name\":\"Po\u010detna stranica\",\"item\":\"https:\\\/\\\/radioljubuski.ba\\\/\"},{\"@type\":\"ListItem\",\"position\":2,\"name\":\"Nova balkanska energetska ruta\"}]},{\"@type\":\"WebSite\",\"@id\":\"https:\\\/\\\/radioljubuski.ba\\\/#website\",\"url\":\"https:\\\/\\\/radioljubuski.ba\\\/\",\"name\":\"Radio Ljubu\u0161ki\",\"description\":\"Sun\u010dana frekvencija Hercegovine\",\"publisher\":{\"@id\":\"https:\\\/\\\/radioljubuski.ba\\\/#organization\"},\"potentialAction\":[{\"@type\":\"SearchAction\",\"target\":{\"@type\":\"EntryPoint\",\"urlTemplate\":\"https:\\\/\\\/radioljubuski.ba\\\/?s={search_term_string}\"},\"query-input\":{\"@type\":\"PropertyValueSpecification\",\"valueRequired\":true,\"valueName\":\"search_term_string\"}}],\"inLanguage\":\"hr\"},{\"@type\":\"Organization\",\"@id\":\"https:\\\/\\\/radioljubuski.ba\\\/#organization\",\"name\":\"Radio Ljubu\u0161ki\",\"url\":\"https:\\\/\\\/radioljubuski.ba\\\/\",\"logo\":{\"@type\":\"ImageObject\",\"inLanguage\":\"hr\",\"@id\":\"https:\\\/\\\/radioljubuski.ba\\\/#\\\/schema\\\/logo\\\/image\\\/\",\"url\":\"https:\\\/\\\/radioljubuski.ba\\\/wp-content\\\/uploads\\\/2021\\\/02\\\/cropped-Radio_Ljubuski_logo1.jpg\",\"contentUrl\":\"https:\\\/\\\/radioljubuski.ba\\\/wp-content\\\/uploads\\\/2021\\\/02\\\/cropped-Radio_Ljubuski_logo1.jpg\",\"width\":512,\"height\":512,\"caption\":\"Radio Ljubu\u0161ki\"},\"image\":{\"@id\":\"https:\\\/\\\/radioljubuski.ba\\\/#\\\/schema\\\/logo\\\/image\\\/\"},\"sameAs\":[\"https:\\\/\\\/www.facebook.com\\\/Radiio-Ljubuski-1490835324566332\",\"https:\\\/\\\/x.com\\\/radioljubuski\",\"https:\\\/\\\/hr.linkedin.com\\\/company\\\/radio-ljubuski\",\"https:\\\/\\\/www.youtube.com\\\/channel\\\/UCHYaeO_n0Db3tjNGudGpXyw\"]},{\"@type\":\"Person\",\"@id\":\"https:\\\/\\\/radioljubuski.ba\\\/#\\\/schema\\\/person\\\/19fc700381a780f69665d7956c469e3b\",\"name\":\"Radio Ljubu\u0161ki\"}]}<\/script>\n<!-- \/ Yoast SEO plugin. -->","yoast_head_json":{"title":"Nova balkanska energetska ruta - RADIO LJUBU\u0160KI","robots":{"index":"index","follow":"follow","max-snippet":"max-snippet:-1","max-image-preview":"max-image-preview:large","max-video-preview":"max-video-preview:-1"},"canonical":"https:\/\/radioljubuski.ba\/index.php\/2022\/08\/04\/nova-balkanska-energetska-ruta\/","og_locale":"hr_HR","og_type":"article","og_title":"Nova balkanska energetska ruta - RADIO LJUBU\u0160KI","og_description":"Europa u prijenos struje ula\u017ee 240 milijardi eura, pi\u0161e u srijedu Jutarnji list, navode\u0107i da \u0107e se graditi nova mre\u017ea prema Srbiji i BiH, a hrvatski aduti su interkonekcije Ernestinovo \u2013 Sombor i Lika \u2013 Banja Luka. U nastavku priprema za potpuno odbacivanje ruskog plina iz vlastitih potreba za energijom, Europska unija uz pomo\u0107 zemalja [&hellip;]","og_url":"https:\/\/radioljubuski.ba\/index.php\/2022\/08\/04\/nova-balkanska-energetska-ruta\/","og_site_name":"RADIO LJUBU\u0160KI","article_publisher":"https:\/\/www.facebook.com\/Radiio-Ljubuski-1490835324566332","article_published_time":"2022-08-04T11:11:55+00:00","article_modified_time":"2022-08-04T11:11:56+00:00","og_image":[{"width":1000,"height":625,"url":"https:\/\/radioljubuski.ba\/wp-content\/uploads\/2022\/08\/8-2021-11-04-14-43-35-struja.jpg","type":"image\/jpeg"}],"author":"Radio Ljubu\u0161ki","twitter_card":"summary_large_image","twitter_creator":"@radioljubuski","twitter_site":"@radioljubuski","twitter_misc":{"Napisao\/la":"Radio Ljubu\u0161ki","Procijenjeno vrijeme \u010ditanja":"2 minute"},"schema":{"@context":"https:\/\/schema.org","@graph":[{"@type":"Article","@id":"https:\/\/radioljubuski.ba\/index.php\/2022\/08\/04\/nova-balkanska-energetska-ruta\/#article","isPartOf":{"@id":"https:\/\/radioljubuski.ba\/index.php\/2022\/08\/04\/nova-balkanska-energetska-ruta\/"},"author":{"name":"Radio Ljubu\u0161ki","@id":"https:\/\/radioljubuski.ba\/#\/schema\/person\/19fc700381a780f69665d7956c469e3b"},"headline":"Nova balkanska energetska ruta","datePublished":"2022-08-04T11:11:55+00:00","dateModified":"2022-08-04T11:11:56+00:00","mainEntityOfPage":{"@id":"https:\/\/radioljubuski.ba\/index.php\/2022\/08\/04\/nova-balkanska-energetska-ruta\/"},"wordCount":443,"publisher":{"@id":"https:\/\/radioljubuski.ba\/#organization"},"image":{"@id":"https:\/\/radioljubuski.ba\/index.php\/2022\/08\/04\/nova-balkanska-energetska-ruta\/#primaryimage"},"thumbnailUrl":"https:\/\/radioljubuski.ba\/wp-content\/uploads\/2022\/08\/8-2021-11-04-14-43-35-struja.jpg","articleSection":["BIH i regija"],"inLanguage":"hr"},{"@type":"WebPage","@id":"https:\/\/radioljubuski.ba\/index.php\/2022\/08\/04\/nova-balkanska-energetska-ruta\/","url":"https:\/\/radioljubuski.ba\/index.php\/2022\/08\/04\/nova-balkanska-energetska-ruta\/","name":"Nova balkanska energetska ruta - RADIO LJUBU\u0160KI","isPartOf":{"@id":"https:\/\/radioljubuski.ba\/#website"},"primaryImageOfPage":{"@id":"https:\/\/radioljubuski.ba\/index.php\/2022\/08\/04\/nova-balkanska-energetska-ruta\/#primaryimage"},"image":{"@id":"https:\/\/radioljubuski.ba\/index.php\/2022\/08\/04\/nova-balkanska-energetska-ruta\/#primaryimage"},"thumbnailUrl":"https:\/\/radioljubuski.ba\/wp-content\/uploads\/2022\/08\/8-2021-11-04-14-43-35-struja.jpg","datePublished":"2022-08-04T11:11:55+00:00","dateModified":"2022-08-04T11:11:56+00:00","breadcrumb":{"@id":"https:\/\/radioljubuski.ba\/index.php\/2022\/08\/04\/nova-balkanska-energetska-ruta\/#breadcrumb"},"inLanguage":"hr","potentialAction":[{"@type":"ReadAction","target":["https:\/\/radioljubuski.ba\/index.php\/2022\/08\/04\/nova-balkanska-energetska-ruta\/"]}]},{"@type":"ImageObject","inLanguage":"hr","@id":"https:\/\/radioljubuski.ba\/index.php\/2022\/08\/04\/nova-balkanska-energetska-ruta\/#primaryimage","url":"https:\/\/radioljubuski.ba\/wp-content\/uploads\/2022\/08\/8-2021-11-04-14-43-35-struja.jpg","contentUrl":"https:\/\/radioljubuski.ba\/wp-content\/uploads\/2022\/08\/8-2021-11-04-14-43-35-struja.jpg","width":1000,"height":625},{"@type":"BreadcrumbList","@id":"https:\/\/radioljubuski.ba\/index.php\/2022\/08\/04\/nova-balkanska-energetska-ruta\/#breadcrumb","itemListElement":[{"@type":"ListItem","position":1,"name":"Po\u010detna stranica","item":"https:\/\/radioljubuski.ba\/"},{"@type":"ListItem","position":2,"name":"Nova balkanska energetska ruta"}]},{"@type":"WebSite","@id":"https:\/\/radioljubuski.ba\/#website","url":"https:\/\/radioljubuski.ba\/","name":"Radio Ljubu\u0161ki","description":"Sun\u010dana frekvencija Hercegovine","publisher":{"@id":"https:\/\/radioljubuski.ba\/#organization"},"potentialAction":[{"@type":"SearchAction","target":{"@type":"EntryPoint","urlTemplate":"https:\/\/radioljubuski.ba\/?s={search_term_string}"},"query-input":{"@type":"PropertyValueSpecification","valueRequired":true,"valueName":"search_term_string"}}],"inLanguage":"hr"},{"@type":"Organization","@id":"https:\/\/radioljubuski.ba\/#organization","name":"Radio Ljubu\u0161ki","url":"https:\/\/radioljubuski.ba\/","logo":{"@type":"ImageObject","inLanguage":"hr","@id":"https:\/\/radioljubuski.ba\/#\/schema\/logo\/image\/","url":"https:\/\/radioljubuski.ba\/wp-content\/uploads\/2021\/02\/cropped-Radio_Ljubuski_logo1.jpg","contentUrl":"https:\/\/radioljubuski.ba\/wp-content\/uploads\/2021\/02\/cropped-Radio_Ljubuski_logo1.jpg","width":512,"height":512,"caption":"Radio Ljubu\u0161ki"},"image":{"@id":"https:\/\/radioljubuski.ba\/#\/schema\/logo\/image\/"},"sameAs":["https:\/\/www.facebook.com\/Radiio-Ljubuski-1490835324566332","https:\/\/x.com\/radioljubuski","https:\/\/hr.linkedin.com\/company\/radio-ljubuski","https:\/\/www.youtube.com\/channel\/UCHYaeO_n0Db3tjNGudGpXyw"]},{"@type":"Person","@id":"https:\/\/radioljubuski.ba\/#\/schema\/person\/19fc700381a780f69665d7956c469e3b","name":"Radio Ljubu\u0161ki"}]}},"_links":{"self":[{"href":"https:\/\/radioljubuski.ba\/index.php\/wp-json\/wp\/v2\/posts\/166455","targetHints":{"allow":["GET"]}}],"collection":[{"href":"https:\/\/radioljubuski.ba\/index.php\/wp-json\/wp\/v2\/posts"}],"about":[{"href":"https:\/\/radioljubuski.ba\/index.php\/wp-json\/wp\/v2\/types\/post"}],"author":[{"embeddable":true,"href":"https:\/\/radioljubuski.ba\/index.php\/wp-json\/wp\/v2\/users\/2"}],"replies":[{"embeddable":true,"href":"https:\/\/radioljubuski.ba\/index.php\/wp-json\/wp\/v2\/comments?post=166455"}],"version-history":[{"count":1,"href":"https:\/\/radioljubuski.ba\/index.php\/wp-json\/wp\/v2\/posts\/166455\/revisions"}],"predecessor-version":[{"id":166456,"href":"https:\/\/radioljubuski.ba\/index.php\/wp-json\/wp\/v2\/posts\/166455\/revisions\/166456"}],"wp:featuredmedia":[{"embeddable":true,"href":"https:\/\/radioljubuski.ba\/index.php\/wp-json\/wp\/v2\/media\/166308"}],"wp:attachment":[{"href":"https:\/\/radioljubuski.ba\/index.php\/wp-json\/wp\/v2\/media?parent=166455"}],"wp:term":[{"taxonomy":"category","embeddable":true,"href":"https:\/\/radioljubuski.ba\/index.php\/wp-json\/wp\/v2\/categories?post=166455"},{"taxonomy":"post_tag","embeddable":true,"href":"https:\/\/radioljubuski.ba\/index.php\/wp-json\/wp\/v2\/tags?post=166455"}],"curies":[{"name":"wp","href":"https:\/\/api.w.org\/{rel}","templated":true}]}}