{"id":166483,"date":"2022-08-04T12:23:32","date_gmt":"2022-08-04T11:23:32","guid":{"rendered":"https:\/\/radioljubuski.ba\/?p=166483"},"modified":"2022-08-04T12:23:34","modified_gmt":"2022-08-04T11:23:34","slug":"prvi-put-u-povijesti-toplinski-val-dobio-ime-kao-sto-se-daje-uraganima-i-tornadima","status":"publish","type":"post","link":"https:\/\/radioljubuski.ba\/index.php\/2022\/08\/04\/prvi-put-u-povijesti-toplinski-val-dobio-ime-kao-sto-se-daje-uraganima-i-tornadima\/","title":{"rendered":"Prvi put u povijesti toplinski val dobio ime, kao \u0161to se daje uraganima i tornadima"},"content":{"rendered":"\n<p>Toplinski val, koji je tijekom pro\u0161log tjedna pogodio ju\u017eni dio \u0160panjolske, prvi je u povijesti koji je dobio naziv. Ime mu je Zoe.<\/p>\n\n\n\n<p>Davanje imena je uobi\u010dajeno za pojedina\u010dne oluje i tornada, me\u0111utim za toplinske valove to nije bio slu\u010daj. Kako oni postaju sve u\u010destaliji i intenzivniji, o\u010dekivano je i da ova prirodna pojava dobije naziv.<\/p>\n\n\n\n<p>Pro\u0161li mjesec je slu\u017ebeno pokrenut novi pilot program za imenovanje i rangiranje toplotnih valova kao \u0161to se to uobi\u010dajeno radi za uragane stoga \u0107e svoje ime dobijati samo najja\u010di toplinski&nbsp; valovi koji \u0107e biti rangirani u tri kategorije.<\/p>\n\n\n\n<p>Prvi koji je dobio naziv, Zoe, je najvi\u0161e pogodio Sevillu, odnosno cijelu regiju Andaluzije sa temperaturama vi\u0161im i od 43 stupnjeva po Celzijusu, dok su no\u0107ne temperature dosezale i do 27 stupnjeva.<\/p>\n\n\n\n<p>S obzirom na to da je dogovoreno kako \u0107e imenovanje toplinskih valova i\u0107i obrnutim abecednim redom, dogovoreno je i da se sljede\u0107i zovu Yago, Xenia, Wenceslao i Vega.<\/p>\n\n\n\n<p>Izvor:pogled.ba<\/p>\n","protected":false},"excerpt":{"rendered":"<p>Toplinski val, koji je tijekom pro\u0161log tjedna pogodio ju\u017eni dio \u0160panjolske, prvi je u povijesti koji je dobio naziv. Ime mu je Zoe. Davanje imena je uobi\u010dajeno za pojedina\u010dne oluje i tornada, me\u0111utim za toplinske valove to nije bio slu\u010daj. Kako oni postaju sve u\u010destaliji i intenzivniji, o\u010dekivano je i da ova prirodna pojava dobije [&hellip;]<\/p>\n","protected":false},"author":2,"featured_media":166484,"comment_status":"closed","ping_status":"closed","sticky":false,"template":"","format":"standard","meta":{"h5ap_radio_sources":[],"footnotes":""},"categories":[1],"tags":[],"class_list":["post-166483","post","type-post","status-publish","format-standard","has-post-thumbnail","hentry","category-bihiregija"],"yoast_head":"<!-- This site is optimized with the Yoast SEO plugin v27.4 - https:\/\/yoast.com\/product\/yoast-seo-wordpress\/ -->\n<title>Prvi put u povijesti toplinski val dobio ime, kao \u0161to se daje uraganima i tornadima - RADIO LJUBU\u0160KI<\/title>\n<meta name=\"robots\" content=\"index, follow, max-snippet:-1, max-image-preview:large, max-video-preview:-1\" \/>\n<link rel=\"canonical\" href=\"https:\/\/radioljubuski.ba\/index.php\/2022\/08\/04\/prvi-put-u-povijesti-toplinski-val-dobio-ime-kao-sto-se-daje-uraganima-i-tornadima\/\" \/>\n<meta property=\"og:locale\" content=\"hr_HR\" \/>\n<meta property=\"og:type\" content=\"article\" \/>\n<meta property=\"og:title\" content=\"Prvi put u povijesti toplinski val dobio ime, kao \u0161to se daje uraganima i tornadima - RADIO LJUBU\u0160KI\" \/>\n<meta property=\"og:description\" content=\"Toplinski val, koji je tijekom pro\u0161log tjedna pogodio ju\u017eni dio \u0160panjolske, prvi je u povijesti koji je dobio naziv. Ime mu je Zoe. Davanje imena je uobi\u010dajeno za pojedina\u010dne oluje i tornada, me\u0111utim za toplinske valove to nije bio slu\u010daj. Kako oni postaju sve u\u010destaliji i intenzivniji, o\u010dekivano je i da ova prirodna pojava dobije [&hellip;]\" \/>\n<meta property=\"og:url\" content=\"https:\/\/radioljubuski.ba\/index.php\/2022\/08\/04\/prvi-put-u-povijesti-toplinski-val-dobio-ime-kao-sto-se-daje-uraganima-i-tornadima\/\" \/>\n<meta property=\"og:site_name\" content=\"RADIO LJUBU\u0160KI\" \/>\n<meta property=\"article:publisher\" content=\"https:\/\/www.facebook.com\/Radiio-Ljubuski-1490835324566332\" \/>\n<meta property=\"article:published_time\" content=\"2022-08-04T11:23:32+00:00\" \/>\n<meta property=\"article:modified_time\" content=\"2022-08-04T11:23:34+00:00\" \/>\n<meta property=\"og:image\" content=\"https:\/\/radioljubuski.ba\/wp-content\/uploads\/2022\/08\/10-2022-08-03-20-21-32-Snimka-zaslona-2022-08-03-202034.jpg\" \/>\n\t<meta property=\"og:image:width\" content=\"1000\" \/>\n\t<meta property=\"og:image:height\" content=\"625\" \/>\n\t<meta property=\"og:image:type\" content=\"image\/jpeg\" \/>\n<meta name=\"author\" content=\"Radio Ljubu\u0161ki\" \/>\n<meta name=\"twitter:card\" content=\"summary_large_image\" \/>\n<meta name=\"twitter:creator\" content=\"@radioljubuski\" \/>\n<meta name=\"twitter:site\" content=\"@radioljubuski\" \/>\n<meta name=\"twitter:label1\" content=\"Napisao\/la\" \/>\n\t<meta name=\"twitter:data1\" content=\"Radio Ljubu\u0161ki\" \/>\n\t<meta name=\"twitter:label2\" content=\"Procijenjeno vrijeme \u010ditanja\" \/>\n\t<meta name=\"twitter:data2\" content=\"1 minuta\" \/>\n<script type=\"application\/ld+json\" class=\"yoast-schema-graph\">{\"@context\":\"https:\\\/\\\/schema.org\",\"@graph\":[{\"@type\":\"Article\",\"@id\":\"https:\\\/\\\/radioljubuski.ba\\\/index.php\\\/2022\\\/08\\\/04\\\/prvi-put-u-povijesti-toplinski-val-dobio-ime-kao-sto-se-daje-uraganima-i-tornadima\\\/#article\",\"isPartOf\":{\"@id\":\"https:\\\/\\\/radioljubuski.ba\\\/index.php\\\/2022\\\/08\\\/04\\\/prvi-put-u-povijesti-toplinski-val-dobio-ime-kao-sto-se-daje-uraganima-i-tornadima\\\/\"},\"author\":{\"name\":\"Radio Ljubu\u0161ki\",\"@id\":\"https:\\\/\\\/radioljubuski.ba\\\/#\\\/schema\\\/person\\\/19fc700381a780f69665d7956c469e3b\"},\"headline\":\"Prvi put u povijesti toplinski val dobio ime, kao \u0161to se daje uraganima i tornadima\",\"datePublished\":\"2022-08-04T11:23:32+00:00\",\"dateModified\":\"2022-08-04T11:23:34+00:00\",\"mainEntityOfPage\":{\"@id\":\"https:\\\/\\\/radioljubuski.ba\\\/index.php\\\/2022\\\/08\\\/04\\\/prvi-put-u-povijesti-toplinski-val-dobio-ime-kao-sto-se-daje-uraganima-i-tornadima\\\/\"},\"wordCount\":188,\"publisher\":{\"@id\":\"https:\\\/\\\/radioljubuski.ba\\\/#organization\"},\"image\":{\"@id\":\"https:\\\/\\\/radioljubuski.ba\\\/index.php\\\/2022\\\/08\\\/04\\\/prvi-put-u-povijesti-toplinski-val-dobio-ime-kao-sto-se-daje-uraganima-i-tornadima\\\/#primaryimage\"},\"thumbnailUrl\":\"https:\\\/\\\/radioljubuski.ba\\\/wp-content\\\/uploads\\\/2022\\\/08\\\/10-2022-08-03-20-21-32-Snimka-zaslona-2022-08-03-202034.jpg\",\"articleSection\":[\"BIH i regija\"],\"inLanguage\":\"hr\"},{\"@type\":\"WebPage\",\"@id\":\"https:\\\/\\\/radioljubuski.ba\\\/index.php\\\/2022\\\/08\\\/04\\\/prvi-put-u-povijesti-toplinski-val-dobio-ime-kao-sto-se-daje-uraganima-i-tornadima\\\/\",\"url\":\"https:\\\/\\\/radioljubuski.ba\\\/index.php\\\/2022\\\/08\\\/04\\\/prvi-put-u-povijesti-toplinski-val-dobio-ime-kao-sto-se-daje-uraganima-i-tornadima\\\/\",\"name\":\"Prvi put u povijesti toplinski val dobio ime, kao \u0161to se daje uraganima i tornadima - RADIO LJUBU\u0160KI\",\"isPartOf\":{\"@id\":\"https:\\\/\\\/radioljubuski.ba\\\/#website\"},\"primaryImageOfPage\":{\"@id\":\"https:\\\/\\\/radioljubuski.ba\\\/index.php\\\/2022\\\/08\\\/04\\\/prvi-put-u-povijesti-toplinski-val-dobio-ime-kao-sto-se-daje-uraganima-i-tornadima\\\/#primaryimage\"},\"image\":{\"@id\":\"https:\\\/\\\/radioljubuski.ba\\\/index.php\\\/2022\\\/08\\\/04\\\/prvi-put-u-povijesti-toplinski-val-dobio-ime-kao-sto-se-daje-uraganima-i-tornadima\\\/#primaryimage\"},\"thumbnailUrl\":\"https:\\\/\\\/radioljubuski.ba\\\/wp-content\\\/uploads\\\/2022\\\/08\\\/10-2022-08-03-20-21-32-Snimka-zaslona-2022-08-03-202034.jpg\",\"datePublished\":\"2022-08-04T11:23:32+00:00\",\"dateModified\":\"2022-08-04T11:23:34+00:00\",\"breadcrumb\":{\"@id\":\"https:\\\/\\\/radioljubuski.ba\\\/index.php\\\/2022\\\/08\\\/04\\\/prvi-put-u-povijesti-toplinski-val-dobio-ime-kao-sto-se-daje-uraganima-i-tornadima\\\/#breadcrumb\"},\"inLanguage\":\"hr\",\"potentialAction\":[{\"@type\":\"ReadAction\",\"target\":[\"https:\\\/\\\/radioljubuski.ba\\\/index.php\\\/2022\\\/08\\\/04\\\/prvi-put-u-povijesti-toplinski-val-dobio-ime-kao-sto-se-daje-uraganima-i-tornadima\\\/\"]}]},{\"@type\":\"ImageObject\",\"inLanguage\":\"hr\",\"@id\":\"https:\\\/\\\/radioljubuski.ba\\\/index.php\\\/2022\\\/08\\\/04\\\/prvi-put-u-povijesti-toplinski-val-dobio-ime-kao-sto-se-daje-uraganima-i-tornadima\\\/#primaryimage\",\"url\":\"https:\\\/\\\/radioljubuski.ba\\\/wp-content\\\/uploads\\\/2022\\\/08\\\/10-2022-08-03-20-21-32-Snimka-zaslona-2022-08-03-202034.jpg\",\"contentUrl\":\"https:\\\/\\\/radioljubuski.ba\\\/wp-content\\\/uploads\\\/2022\\\/08\\\/10-2022-08-03-20-21-32-Snimka-zaslona-2022-08-03-202034.jpg\",\"width\":1000,\"height\":625},{\"@type\":\"BreadcrumbList\",\"@id\":\"https:\\\/\\\/radioljubuski.ba\\\/index.php\\\/2022\\\/08\\\/04\\\/prvi-put-u-povijesti-toplinski-val-dobio-ime-kao-sto-se-daje-uraganima-i-tornadima\\\/#breadcrumb\",\"itemListElement\":[{\"@type\":\"ListItem\",\"position\":1,\"name\":\"Po\u010detna stranica\",\"item\":\"https:\\\/\\\/radioljubuski.ba\\\/\"},{\"@type\":\"ListItem\",\"position\":2,\"name\":\"Prvi put u povijesti toplinski val dobio ime, kao \u0161to se daje uraganima i tornadima\"}]},{\"@type\":\"WebSite\",\"@id\":\"https:\\\/\\\/radioljubuski.ba\\\/#website\",\"url\":\"https:\\\/\\\/radioljubuski.ba\\\/\",\"name\":\"Radio Ljubu\u0161ki\",\"description\":\"Sun\u010dana frekvencija Hercegovine\",\"publisher\":{\"@id\":\"https:\\\/\\\/radioljubuski.ba\\\/#organization\"},\"potentialAction\":[{\"@type\":\"SearchAction\",\"target\":{\"@type\":\"EntryPoint\",\"urlTemplate\":\"https:\\\/\\\/radioljubuski.ba\\\/?s={search_term_string}\"},\"query-input\":{\"@type\":\"PropertyValueSpecification\",\"valueRequired\":true,\"valueName\":\"search_term_string\"}}],\"inLanguage\":\"hr\"},{\"@type\":\"Organization\",\"@id\":\"https:\\\/\\\/radioljubuski.ba\\\/#organization\",\"name\":\"Radio Ljubu\u0161ki\",\"url\":\"https:\\\/\\\/radioljubuski.ba\\\/\",\"logo\":{\"@type\":\"ImageObject\",\"inLanguage\":\"hr\",\"@id\":\"https:\\\/\\\/radioljubuski.ba\\\/#\\\/schema\\\/logo\\\/image\\\/\",\"url\":\"https:\\\/\\\/radioljubuski.ba\\\/wp-content\\\/uploads\\\/2021\\\/02\\\/cropped-Radio_Ljubuski_logo1.jpg\",\"contentUrl\":\"https:\\\/\\\/radioljubuski.ba\\\/wp-content\\\/uploads\\\/2021\\\/02\\\/cropped-Radio_Ljubuski_logo1.jpg\",\"width\":512,\"height\":512,\"caption\":\"Radio Ljubu\u0161ki\"},\"image\":{\"@id\":\"https:\\\/\\\/radioljubuski.ba\\\/#\\\/schema\\\/logo\\\/image\\\/\"},\"sameAs\":[\"https:\\\/\\\/www.facebook.com\\\/Radiio-Ljubuski-1490835324566332\",\"https:\\\/\\\/x.com\\\/radioljubuski\",\"https:\\\/\\\/hr.linkedin.com\\\/company\\\/radio-ljubuski\",\"https:\\\/\\\/www.youtube.com\\\/channel\\\/UCHYaeO_n0Db3tjNGudGpXyw\"]},{\"@type\":\"Person\",\"@id\":\"https:\\\/\\\/radioljubuski.ba\\\/#\\\/schema\\\/person\\\/19fc700381a780f69665d7956c469e3b\",\"name\":\"Radio Ljubu\u0161ki\"}]}<\/script>\n<!-- \/ Yoast SEO plugin. -->","yoast_head_json":{"title":"Prvi put u povijesti toplinski val dobio ime, kao \u0161to se daje uraganima i tornadima - RADIO LJUBU\u0160KI","robots":{"index":"index","follow":"follow","max-snippet":"max-snippet:-1","max-image-preview":"max-image-preview:large","max-video-preview":"max-video-preview:-1"},"canonical":"https:\/\/radioljubuski.ba\/index.php\/2022\/08\/04\/prvi-put-u-povijesti-toplinski-val-dobio-ime-kao-sto-se-daje-uraganima-i-tornadima\/","og_locale":"hr_HR","og_type":"article","og_title":"Prvi put u povijesti toplinski val dobio ime, kao \u0161to se daje uraganima i tornadima - RADIO LJUBU\u0160KI","og_description":"Toplinski val, koji je tijekom pro\u0161log tjedna pogodio ju\u017eni dio \u0160panjolske, prvi je u povijesti koji je dobio naziv. Ime mu je Zoe. Davanje imena je uobi\u010dajeno za pojedina\u010dne oluje i tornada, me\u0111utim za toplinske valove to nije bio slu\u010daj. Kako oni postaju sve u\u010destaliji i intenzivniji, o\u010dekivano je i da ova prirodna pojava dobije [&hellip;]","og_url":"https:\/\/radioljubuski.ba\/index.php\/2022\/08\/04\/prvi-put-u-povijesti-toplinski-val-dobio-ime-kao-sto-se-daje-uraganima-i-tornadima\/","og_site_name":"RADIO LJUBU\u0160KI","article_publisher":"https:\/\/www.facebook.com\/Radiio-Ljubuski-1490835324566332","article_published_time":"2022-08-04T11:23:32+00:00","article_modified_time":"2022-08-04T11:23:34+00:00","og_image":[{"width":1000,"height":625,"url":"https:\/\/radioljubuski.ba\/wp-content\/uploads\/2022\/08\/10-2022-08-03-20-21-32-Snimka-zaslona-2022-08-03-202034.jpg","type":"image\/jpeg"}],"author":"Radio Ljubu\u0161ki","twitter_card":"summary_large_image","twitter_creator":"@radioljubuski","twitter_site":"@radioljubuski","twitter_misc":{"Napisao\/la":"Radio Ljubu\u0161ki","Procijenjeno vrijeme \u010ditanja":"1 minuta"},"schema":{"@context":"https:\/\/schema.org","@graph":[{"@type":"Article","@id":"https:\/\/radioljubuski.ba\/index.php\/2022\/08\/04\/prvi-put-u-povijesti-toplinski-val-dobio-ime-kao-sto-se-daje-uraganima-i-tornadima\/#article","isPartOf":{"@id":"https:\/\/radioljubuski.ba\/index.php\/2022\/08\/04\/prvi-put-u-povijesti-toplinski-val-dobio-ime-kao-sto-se-daje-uraganima-i-tornadima\/"},"author":{"name":"Radio Ljubu\u0161ki","@id":"https:\/\/radioljubuski.ba\/#\/schema\/person\/19fc700381a780f69665d7956c469e3b"},"headline":"Prvi put u povijesti toplinski val dobio ime, kao \u0161to se daje uraganima i tornadima","datePublished":"2022-08-04T11:23:32+00:00","dateModified":"2022-08-04T11:23:34+00:00","mainEntityOfPage":{"@id":"https:\/\/radioljubuski.ba\/index.php\/2022\/08\/04\/prvi-put-u-povijesti-toplinski-val-dobio-ime-kao-sto-se-daje-uraganima-i-tornadima\/"},"wordCount":188,"publisher":{"@id":"https:\/\/radioljubuski.ba\/#organization"},"image":{"@id":"https:\/\/radioljubuski.ba\/index.php\/2022\/08\/04\/prvi-put-u-povijesti-toplinski-val-dobio-ime-kao-sto-se-daje-uraganima-i-tornadima\/#primaryimage"},"thumbnailUrl":"https:\/\/radioljubuski.ba\/wp-content\/uploads\/2022\/08\/10-2022-08-03-20-21-32-Snimka-zaslona-2022-08-03-202034.jpg","articleSection":["BIH i regija"],"inLanguage":"hr"},{"@type":"WebPage","@id":"https:\/\/radioljubuski.ba\/index.php\/2022\/08\/04\/prvi-put-u-povijesti-toplinski-val-dobio-ime-kao-sto-se-daje-uraganima-i-tornadima\/","url":"https:\/\/radioljubuski.ba\/index.php\/2022\/08\/04\/prvi-put-u-povijesti-toplinski-val-dobio-ime-kao-sto-se-daje-uraganima-i-tornadima\/","name":"Prvi put u povijesti toplinski val dobio ime, kao \u0161to se daje uraganima i tornadima - RADIO LJUBU\u0160KI","isPartOf":{"@id":"https:\/\/radioljubuski.ba\/#website"},"primaryImageOfPage":{"@id":"https:\/\/radioljubuski.ba\/index.php\/2022\/08\/04\/prvi-put-u-povijesti-toplinski-val-dobio-ime-kao-sto-se-daje-uraganima-i-tornadima\/#primaryimage"},"image":{"@id":"https:\/\/radioljubuski.ba\/index.php\/2022\/08\/04\/prvi-put-u-povijesti-toplinski-val-dobio-ime-kao-sto-se-daje-uraganima-i-tornadima\/#primaryimage"},"thumbnailUrl":"https:\/\/radioljubuski.ba\/wp-content\/uploads\/2022\/08\/10-2022-08-03-20-21-32-Snimka-zaslona-2022-08-03-202034.jpg","datePublished":"2022-08-04T11:23:32+00:00","dateModified":"2022-08-04T11:23:34+00:00","breadcrumb":{"@id":"https:\/\/radioljubuski.ba\/index.php\/2022\/08\/04\/prvi-put-u-povijesti-toplinski-val-dobio-ime-kao-sto-se-daje-uraganima-i-tornadima\/#breadcrumb"},"inLanguage":"hr","potentialAction":[{"@type":"ReadAction","target":["https:\/\/radioljubuski.ba\/index.php\/2022\/08\/04\/prvi-put-u-povijesti-toplinski-val-dobio-ime-kao-sto-se-daje-uraganima-i-tornadima\/"]}]},{"@type":"ImageObject","inLanguage":"hr","@id":"https:\/\/radioljubuski.ba\/index.php\/2022\/08\/04\/prvi-put-u-povijesti-toplinski-val-dobio-ime-kao-sto-se-daje-uraganima-i-tornadima\/#primaryimage","url":"https:\/\/radioljubuski.ba\/wp-content\/uploads\/2022\/08\/10-2022-08-03-20-21-32-Snimka-zaslona-2022-08-03-202034.jpg","contentUrl":"https:\/\/radioljubuski.ba\/wp-content\/uploads\/2022\/08\/10-2022-08-03-20-21-32-Snimka-zaslona-2022-08-03-202034.jpg","width":1000,"height":625},{"@type":"BreadcrumbList","@id":"https:\/\/radioljubuski.ba\/index.php\/2022\/08\/04\/prvi-put-u-povijesti-toplinski-val-dobio-ime-kao-sto-se-daje-uraganima-i-tornadima\/#breadcrumb","itemListElement":[{"@type":"ListItem","position":1,"name":"Po\u010detna stranica","item":"https:\/\/radioljubuski.ba\/"},{"@type":"ListItem","position":2,"name":"Prvi put u povijesti toplinski val dobio ime, kao \u0161to se daje uraganima i tornadima"}]},{"@type":"WebSite","@id":"https:\/\/radioljubuski.ba\/#website","url":"https:\/\/radioljubuski.ba\/","name":"Radio Ljubu\u0161ki","description":"Sun\u010dana frekvencija Hercegovine","publisher":{"@id":"https:\/\/radioljubuski.ba\/#organization"},"potentialAction":[{"@type":"SearchAction","target":{"@type":"EntryPoint","urlTemplate":"https:\/\/radioljubuski.ba\/?s={search_term_string}"},"query-input":{"@type":"PropertyValueSpecification","valueRequired":true,"valueName":"search_term_string"}}],"inLanguage":"hr"},{"@type":"Organization","@id":"https:\/\/radioljubuski.ba\/#organization","name":"Radio Ljubu\u0161ki","url":"https:\/\/radioljubuski.ba\/","logo":{"@type":"ImageObject","inLanguage":"hr","@id":"https:\/\/radioljubuski.ba\/#\/schema\/logo\/image\/","url":"https:\/\/radioljubuski.ba\/wp-content\/uploads\/2021\/02\/cropped-Radio_Ljubuski_logo1.jpg","contentUrl":"https:\/\/radioljubuski.ba\/wp-content\/uploads\/2021\/02\/cropped-Radio_Ljubuski_logo1.jpg","width":512,"height":512,"caption":"Radio Ljubu\u0161ki"},"image":{"@id":"https:\/\/radioljubuski.ba\/#\/schema\/logo\/image\/"},"sameAs":["https:\/\/www.facebook.com\/Radiio-Ljubuski-1490835324566332","https:\/\/x.com\/radioljubuski","https:\/\/hr.linkedin.com\/company\/radio-ljubuski","https:\/\/www.youtube.com\/channel\/UCHYaeO_n0Db3tjNGudGpXyw"]},{"@type":"Person","@id":"https:\/\/radioljubuski.ba\/#\/schema\/person\/19fc700381a780f69665d7956c469e3b","name":"Radio Ljubu\u0161ki"}]}},"_links":{"self":[{"href":"https:\/\/radioljubuski.ba\/index.php\/wp-json\/wp\/v2\/posts\/166483","targetHints":{"allow":["GET"]}}],"collection":[{"href":"https:\/\/radioljubuski.ba\/index.php\/wp-json\/wp\/v2\/posts"}],"about":[{"href":"https:\/\/radioljubuski.ba\/index.php\/wp-json\/wp\/v2\/types\/post"}],"author":[{"embeddable":true,"href":"https:\/\/radioljubuski.ba\/index.php\/wp-json\/wp\/v2\/users\/2"}],"replies":[{"embeddable":true,"href":"https:\/\/radioljubuski.ba\/index.php\/wp-json\/wp\/v2\/comments?post=166483"}],"version-history":[{"count":1,"href":"https:\/\/radioljubuski.ba\/index.php\/wp-json\/wp\/v2\/posts\/166483\/revisions"}],"predecessor-version":[{"id":166485,"href":"https:\/\/radioljubuski.ba\/index.php\/wp-json\/wp\/v2\/posts\/166483\/revisions\/166485"}],"wp:featuredmedia":[{"embeddable":true,"href":"https:\/\/radioljubuski.ba\/index.php\/wp-json\/wp\/v2\/media\/166484"}],"wp:attachment":[{"href":"https:\/\/radioljubuski.ba\/index.php\/wp-json\/wp\/v2\/media?parent=166483"}],"wp:term":[{"taxonomy":"category","embeddable":true,"href":"https:\/\/radioljubuski.ba\/index.php\/wp-json\/wp\/v2\/categories?post=166483"},{"taxonomy":"post_tag","embeddable":true,"href":"https:\/\/radioljubuski.ba\/index.php\/wp-json\/wp\/v2\/tags?post=166483"}],"curies":[{"name":"wp","href":"https:\/\/api.w.org\/{rel}","templated":true}]}}