{"id":166505,"date":"2022-08-04T13:27:25","date_gmt":"2022-08-04T12:27:25","guid":{"rendered":"https:\/\/radioljubuski.ba\/?p=166505"},"modified":"2022-08-04T13:27:26","modified_gmt":"2022-08-04T12:27:26","slug":"detaljna-kronologija-najvece-hrvatske-pobjede-sve-je-pocelo-4-kolovoza-u-pet-sati-ujutro","status":"publish","type":"post","link":"https:\/\/radioljubuski.ba\/index.php\/2022\/08\/04\/detaljna-kronologija-najvece-hrvatske-pobjede-sve-je-pocelo-4-kolovoza-u-pet-sati-ujutro\/","title":{"rendered":"Detaljna kronologija najve\u0107e hrvatske pobjede: Sve je po\u010delo 4. kolovoza u pet sati ujutro\u2026"},"content":{"rendered":"\n<p>Na 27. godi\u0161njicu najve\u0107e vojne operacije u Europi nakon Drugog svjetskog rata \u2013 Vojno-redarstvene operacije Oluja, donosimo vam detaljnu kronologiju ove veli\u010danstvene pobjede hrvatskih snaga kojom je glavnina okupiranog teritorija vra\u0107ena Hrvatskoj. Kronologija je dio Kronologije Domovinskog rata <strong>Hrvatskog memorijalno-dokumentacijskog centra Domovinskog rata.<\/strong><\/p>\n\n\n\n<p><strong>(4.-7., VIII. 1995.)<\/strong> Vojno-redarstvenom operacijom Oluja \u201995. hrvatske postrojbe oslobodile su okupirani teritorij Hrvatske u sjevernoj Dalmaciji, Lici, Banovini i Kordunu (7940 km2) te omogu\u0107ile Armiji BiH da razbije srpsku opsadu Biha\u0107a.<\/p>\n\n\n\n<p><strong>Cilj hrvatskih postrojbi:<\/strong><\/p>\n\n\n\n<ul class=\"wp-block-list\"><li>osloba\u0111anje okupiranoga hrvatskog teritorija,<\/li><li>povratak prognanika,<\/li><li>pomo\u0107 Armiji Bosne i Hercegovine da deblokira opkoljeni Biha\u0107 i sprije\u010di humanitarnu katastrofu,<\/li><li>izlazak na me\u0111unarodno priznate granice Republike Hrvatske.<\/li><\/ul>\n\n\n\n<p><strong>Temeljna strate\u0161ka ideja operacije bila je:<\/strong><\/p>\n\n\n\n<ul class=\"wp-block-list\"><li>istovremenim djelovanjem hrvatskih pos\u00adtrojbi na vi\u0161e smjerova (31) probiti obranu neprijatelja i osloboditi okupirani prostor Republike Hrvatske,<\/li><li>u napadna djelovanja prije\u0107i u sredi\u0161njem dijelu Hrvatske; osloboditi gradove: Knin, Gra\u010dac, Korenica, Slunj, Glina, Petrinja, Hrvatska Kostajnica i Hrvatska Dubica,<\/li><li>odlu\u010dnu obranu organizirati u isto\u010dnom i ju\u017enom dijelu zemlje,<\/li><li>nositelji udara su gardijske brigade,<\/li><li>za \u0161irenje uspjeha i odr\u017eavanja dinamike borbenih djelovanja koristiti pri\u010duvne postrojbe, te specijalne postrojbe Ministarstva unutarnjih poslova Republike Hrvatske (MUP RH).<\/li><\/ul>\n\n\n\n<h3 class=\"wp-block-heading\"><strong>4. kolovoza (petak) 1995.<\/strong><\/h3>\n\n\n\n<p>U 5 sati ujutro zapo\u010dela je vojno-redarstvena operacija \u201cOluja\u201d.<\/p>\n\n\n\n<p>Na po\u010detku operacije Hrvatsko ratno zrakoplovstvo uni\u0161tilo je neprijateljsko radio-relejno \u010dvori\u0161te \u0106elavac, te sredi\u0161ta veze na Petrovoj i Zrinskoj gori. Istoga dana oslobo\u0111eni su Sveti Rok, \u010cista Mala, \u010cista Velika, Uni\u0161ta, Gornji Baljci, Dabar, Novoselija, Sibi\u0107, Gora, Stra\u0161nik, Graberje, Vi\u0161njica, Predore, U\u0161tica, Tanac, te prijevoj Mali Alan i podru\u010dje Dulibe \u2013 Tulove grede na Velebitu.<\/p>\n\n\n\n<p>Srpske snage u jutarnjim satima toga dana granatirale su Dubrovnik, Biograd na moru, Gospi\u0107, Oto\u010dac, Sisak i Sunju (potom su granatirani Karlovac, Nu\u0161tar i druga naselja u Hrvatskoj); u tim napadima stradali su civili i civilni objekti.<\/p>\n\n\n\nhttps:\/\/www.youtube.com\/watch?v=G1a2L64susE\n\n\n\n<h3 class=\"wp-block-heading\"><strong>5. kolovoza (subota) 1995.<\/strong><\/h3>\n\n\n\n<p>Oslobo\u0111eni su: hrvatski kraljevski grad Knin s okolicom, Ljubovo, \u017ditni\u0107, Lovinac, Gra\u010dac, Novi Li\u010dki Osik, Ostrovica, Primi\u0161lje, Pla\u0161ki, Dubica, Vrlika, Kijevo, Drni\u0161 s okolicom, Obrovac, Benkovac, Zemunik Gornji, Biljane Gornje, Biljane Donje, \u0160kabrnja, Nadin, Smil\u010di\u0107, Karin, Saborsko, Li\u010dka Jesenica, Vaganac, Li\u010dko Petrovo Selo, Rakovica, Dre\u017enik Grad, \u017deljava, Medak, Petrini\u0107 Polje, Trnavec, Li\u010dki Ribnik, Gornji Poloj, Glinsko Novo Selo, \u017dupi\u0107 i \u017dupi\u0107 brdo, \u0160anja, Vilusi, Pecki, Lu\u0161\u010dani, Kri\u017e, Cepeli\u0161, Strmen i druga naselja.<\/p>\n\n\n\n<h3 class=\"wp-block-heading\"><strong>6. kolovoza (nedjelja) 1995.<\/strong><\/h3>\n\n\n\n<p>Oslobo\u0111eni su: Petrinja, Kistanje, Mu\u0161kovac, Ka\u0161tel \u017degarski, Vrhovine, Kostajnica, Udbina, Krbava, Korenica, Buni\u0107, Slunj, Bro\u0107anac, Plitvice, Glina, Otri\u0107, Bruvno, Malovan, Rudopolje, Stra\u017ebenica, Blinja, Umeti\u0107, Slabinje, \u010caire, Utolica, Rausovac, Gornja i Donja Ba\u010duga, Jabukovac, Banski Grabovac, \u0160a\u0161, Veliki \u0160u\u0161njar, Majski Trtnik, Barlete, Vrebac, Mogori\u0107, Plo\u010da i druga naselja.<\/p>\n\n\n\n<p>Istoga dana kod Tr\u017ea\u010dkih Ra\u0161tela, na samoj granici na Korani, susrele su se postrojbe Hrvatske vojske (general bojnik Marijan Marekovi\u0107) i 5. korpusa Armije Bosne i Hercegovine (general Atif Dudakovi\u0107).<\/p>\n\n\n\n<h3 class=\"wp-block-heading\"><strong>7. kolovoza (ponedjeljak) 1995.<\/strong><\/h3>\n\n\n\n<p>Oslobo\u0111eni su: Gornji i Donji Lapac, Mazin, Dobroselo, Bori\u010devac, Kulen Vakuf, Cetingrad, Veljun, Krnjak, Vojni\u0107, Gornje Meku\u0161je, Kamensko, Tu\u0161ilovi\u0107, Turanj, \u0160anac, Jela\u0161i i druga naselja. Izjava ministra obrane RH Gojka \u0160u\u0161ka da je operacija zavr\u0161ena u 18 sati toga dana, potvrdila je da kona\u010dna pobjeda hrvatskih snaga nije upitna, no ostalo je jo\u0161 nekoliko \u201cd\u017eepova\u201d otpora protivnika.<\/p>\n\n\n\n<h3 class=\"wp-block-heading\"><strong>8. kolovoza (utorak) 1995.<\/strong><\/h3>\n\n\n\n<p>Predaja pukovnika \u010cedomira Bulata, zapovjednika 21. korpusa \u201cSVK\u201d, u Topuskom oko 14 sati, zna\u010dila je kraj operativnoga dijela operacije \u201cOluja\u201d, ali i prestanak rata na teritoriju Republike Hrvatske, iako su nastavljene vojne aktivnosti radi slamanja ostataka neprijateljske vojske i pretresa terena. Primjerice, 8. kolovoza hrvatske snage u\u0161le su u Srb, a 9. kolovoza u Vrginmost i Dvor na Uni.<\/p>\n\n\n\n<p>Poraziv\u0161i neprijatelja, Hrvatska vojska stala je na me\u0111unarodno priznatu granicu izme\u0111u Hrvatske i Bosne i Hercegovine.<\/p>\n\n\n\n<p>Zavr\u0161nu oslobodila\u010dku vojno-redarstvenu operaciju, nazvanu \u201cOluja\u201d, Hrvatska je provela od 4. do 7., odnosno do 10. kolovoza 1995. godine.<\/p>\n\n\n\n<p>Hrvatska vojska i specijalne jedinice policije krenule su 4. kolovoza 1995. u 5 sati u napad du\u017e crte od Bosanskog Grahova na jugu do Jasenovca na istoku, na boji\u0161nici dugoj vi\u0161e od 630 kilometara. Hrvatske snage u isto\u010dnoj Slavoniji i ju\u017enoj Dalmaciji stavljene su u stanje pripravnosti radi mogu\u0107eg napada Vojske Jugoslavije i Vojske Republike Srpske iz Bosne i<br>Hercegovine.<\/p>\n\n\n\n<p>Najve\u0107i uspjeh u operaciji postignut je u prijepodnevnim satima 5. kolovoza, kad su pripadnici 4. i 7. gardijske brigade Hrvatske vojske (podrijetlom iz Dalmacije, Bosne i Hercegovine, Zagorja i drugih podru\u010dja) oslobodili Knin. Zbog njegova strate\u0161kog i simboli\u010dkog zna\u010daja, dan oslobo\u0111enja Knina u Hrvatskoj je progla\u0161en Danom pobjede i domovinske zahvalnosti, a potom i Danom hrvatskih branitelja.<\/p>\n\n\n\n<p>U sljede\u0107im danima hrvatske snage zaposjele su dr\u017eavnu granicu, osigurale je i krenule u pretres oslobo\u0111enog prostora sjeverne Dalmacije, Like, Banovine i Korduna (oko 10.500 km2).<\/p>\n\n\n\n<h3 class=\"wp-block-heading\"><strong>Koliko je branitelja poginulo?<\/strong><\/h3>\n\n\n\n<p>U operaciji je poginulo <strong>196 pripadnika Oru\u017eanih snaga RH<\/strong>, najmanje 1100 je ranjeno, a 15 je nestalo. Gubici neprijatelja bili su nekoliko puta ve\u0107i.<\/p>\n\n\n\n<p>Istodobno, operacijom \u201cOluja\u201d hrvatske snage omogu\u0107ile su Armiji Bosne i Hercegovine da razbije srpsku opsadu Biha\u0107a. Time je sprije\u010dena nova humanitarna katastrofa u Bosni i Hercegovini i zlo\u010din poput masakra u Srebrenici, gdje su u srpnju 1995. pripadnici srpskih postrojbi, pod zapovjedni\u0161tvom generala Ratka Mladi\u0107a, ubili su nekoliko tisu\u0107a Bo\u0161njaka \u2013 muslimana (spominje se broj od 8000).<\/p>\n\n\n\n<p>Pobjeda hrvatskih snaga u \u201cOluji\u201d jedan je od najva\u017enijih doga\u0111aja u hrvatskoj povijesti, jer je njome osigurana sloboda njezinih gra\u0111ana i razvoj Republike Hrvatske te teritorijalna cjelovitost i opstanak u me\u0111unarodno priznatim granicama.<\/p>\n\n\n\n<h3 class=\"wp-block-heading\"><strong>Zapovjedni lanac<\/strong><\/h3>\n\n\n\n<p>Za uspjeh \u201cOluje\u201d, uz pobjedni\u010dku Hrvatsku vojsku i policiju, koju su predvodili na\u010delnik GS HV-a general Zvonimir \u010cervenko, na\u010delnik Obavje\u0161tajne uprave GS HV-a kontraadmiral Davor Domazet, zapovjednici Zbornih podru\u010dja HV-a (generali Miljenko Crnjac, Luka D\u017eanko, Ante Gotovina, Mirko Norac, Petar Stipeti\u0107) i skupnih snaga specijalne policije (general Mladen Marka\u010d), te zapovjednici na ostalim zapovjednim mjestima i obavje\u0161tajnim du\u017enostima, zaslu\u017eno je zajedni\u0161tvo ve\u0107ine hrvatskih gra\u0111ana koji su se suprotstavili srpskoj agresiji, kao i uspje\u0161na dr\u017eavna politika, predvo\u0111ena predsjednikom <strong>Franjom Tu\u0111manom.<\/strong><\/p>\n\n\n\n<h3 class=\"wp-block-heading\"><strong>Kako je reagirao SAD?<\/strong><\/h3>\n\n\n\n<p>Svjetski dr\u017eavnici, posebice du\u017enosnici SAD-a, uglavnom su pokazali razumijevanje za provedenu operaciju. Izme\u0111u ostalog, rekli su da je \u201cHrvatska ostavila dovoljno vremena me\u0111unarodnoj zajednici da sukob razrije\u0161i pregovorima, a da su oni propali zbog beskompromisnoga stajali\u0161ta krajinskih Srba\u201d.<\/p>\n\n\n\n<h3 class=\"wp-block-heading\"><strong>Hrvatski Srbi napu\u0161taju domovinu na poticaj svog politi\u010dkog i vojnog vrha<\/strong><\/h3>\n\n\n\n<p>Uo\u010di napada, hrvatskim vojnicima izdana je stroga zapovijed o za\u0161titi civila i civilnih te osobito vjerskih (pravoslavnih) objekata, a tijekom akcije u javnim medijima neprestano je ponavljan poziv predsjednika RH hrvatskim gra\u0111anima srpske nacionalnosti da ostanu u Hrvatskoj, jer su im na temelju Ustava i Ustavnog zakona o manjinama zajam\u010dena sva gra\u0111anska prava.<\/p>\n\n\n\n<p>Ipak, najve\u0107i dio Srba iz samoprogla\u0161ene \u201cKrajine\u201d u Hrvatskoj, na zahtjev svog politi\u010dkog i vojnog vodstva, napustio je Hrvatsku. Zapovijed (br. 12-3113-1195) o evakuaciji Srba iz tzv. Krajine potpisao je srpski general Mile Mrk\u0161i\u0107 (4.VIII.); isto je potpisao i Milan Marti\u0107, predsjednik \u201cKrajine\u201d.<\/p>\n\n\n\n<p>Predstavnici UN-a i ameri\u010dki veleposlanik u Hrvatskoj Peter Galbraith potvrdili su da su srpski civili napustili podru\u010dje tzv. Krajine prije dolaska HV-a; njihov broj procjenjuje<br>se na oko 90.000 ljudi (hrvatski izvori), odnosno 150.000 (izvori UN-a), pa \u010dak i na 200.000 \u2013 250.000 (srpski izvori).<\/p>\n\n\n\n<p>To je bio zavr\u0161ni \u010din tragedije srpskog naroda u Hrvatskoj koju je uzrokovala beskompromisna politika vodstva pobunjenih Srba od 1990. godine.<\/p>\n\n\n\n<h3 class=\"wp-block-heading\"><strong>Nakon Oluje kriminalna djela osvete i ubojstava<\/strong><\/h3>\n\n\n\n<p>Tijekom Oluje \u201895. hrvatski vojnici nisu sru\u0161ili niti jedan vjerski (pravoslavni) objekt; ipak, u<br>razdoblju nakon zavr\u0161etka operacije zabilje\u017eena su kriminalna djela osvete ili ubojstva iz koristoljublja nad pojedinim Srbima te paljenje napu\u0161tenih ku\u0107a hrvatskih gra\u0111ana srpske nacionalnosti.<\/p>\n\n\n\n<p>Hrvatska vlast je protiv takvih prekr\u0161itelja podnijela 3978 kaznenih prijava; na hrvatskim sudovima zbog toga je osu\u0111eno 1949 prekr\u0161itelja hrvatske nacionalnosti, a od tog broja 1492 osobe osu\u0111ene su na odgovaraju\u0107e kazne (za ubojstvo je osu\u0111eno 27 osoba, a na izdr\u017eavanje te\u0161ke zatvorske kazne u trajanju od 1 do 15 godina upu\u0107eno je 13 osoba). (podaci iz \u201cBijele knjige\u201d \u2013 rujan 1999. koju su hrvatske vlasti predale Sudu za ratne zlo\u010dine u Haagu)<\/p>\n\n\n\n<p><em>Izvor: narod.hr<\/em><\/p>\n","protected":false},"excerpt":{"rendered":"<p>Na 27. godi\u0161njicu najve\u0107e vojne operacije u Europi nakon Drugog svjetskog rata \u2013 Vojno-redarstvene operacije Oluja, donosimo vam detaljnu kronologiju ove veli\u010danstvene pobjede hrvatskih snaga kojom je glavnina okupiranog teritorija vra\u0107ena Hrvatskoj. Kronologija je dio Kronologije Domovinskog rata Hrvatskog memorijalno-dokumentacijskog centra Domovinskog rata. (4.-7., VIII. 1995.) Vojno-redarstvenom operacijom Oluja \u201995. hrvatske postrojbe oslobodile su okupirani [&hellip;]<\/p>\n","protected":false},"author":2,"featured_media":166506,"comment_status":"closed","ping_status":"closed","sticky":false,"template":"","format":"standard","meta":{"h5ap_radio_sources":[],"footnotes":""},"categories":[1],"tags":[],"class_list":["post-166505","post","type-post","status-publish","format-standard","has-post-thumbnail","hentry","category-bihiregija"],"yoast_head":"<!-- This site is optimized with the Yoast SEO plugin v27.4 - https:\/\/yoast.com\/product\/yoast-seo-wordpress\/ -->\n<title>Detaljna kronologija najve\u0107e hrvatske pobjede: Sve je po\u010delo 4. kolovoza u pet sati ujutro\u2026 - RADIO LJUBU\u0160KI<\/title>\n<meta name=\"robots\" content=\"index, follow, max-snippet:-1, max-image-preview:large, max-video-preview:-1\" \/>\n<link rel=\"canonical\" href=\"https:\/\/radioljubuski.ba\/index.php\/2022\/08\/04\/detaljna-kronologija-najvece-hrvatske-pobjede-sve-je-pocelo-4-kolovoza-u-pet-sati-ujutro\/\" \/>\n<meta property=\"og:locale\" content=\"hr_HR\" \/>\n<meta property=\"og:type\" content=\"article\" \/>\n<meta property=\"og:title\" content=\"Detaljna kronologija najve\u0107e hrvatske pobjede: Sve je po\u010delo 4. kolovoza u pet sati ujutro\u2026 - RADIO LJUBU\u0160KI\" \/>\n<meta property=\"og:description\" content=\"Na 27. godi\u0161njicu najve\u0107e vojne operacije u Europi nakon Drugog svjetskog rata \u2013 Vojno-redarstvene operacije Oluja, donosimo vam detaljnu kronologiju ove veli\u010danstvene pobjede hrvatskih snaga kojom je glavnina okupiranog teritorija vra\u0107ena Hrvatskoj. Kronologija je dio Kronologije Domovinskog rata Hrvatskog memorijalno-dokumentacijskog centra Domovinskog rata. (4.-7., VIII. 1995.) Vojno-redarstvenom operacijom Oluja \u201995. hrvatske postrojbe oslobodile su okupirani [&hellip;]\" \/>\n<meta property=\"og:url\" content=\"https:\/\/radioljubuski.ba\/index.php\/2022\/08\/04\/detaljna-kronologija-najvece-hrvatske-pobjede-sve-je-pocelo-4-kolovoza-u-pet-sati-ujutro\/\" \/>\n<meta property=\"og:site_name\" content=\"RADIO LJUBU\u0160KI\" \/>\n<meta property=\"article:publisher\" content=\"https:\/\/www.facebook.com\/Radiio-Ljubuski-1490835324566332\" \/>\n<meta property=\"article:published_time\" content=\"2022-08-04T12:27:25+00:00\" \/>\n<meta property=\"article:modified_time\" content=\"2022-08-04T12:27:26+00:00\" \/>\n<meta property=\"og:image\" content=\"https:\/\/radioljubuski.ba\/wp-content\/uploads\/2022\/08\/FotoJet-1-696x487-1.jpg\" \/>\n\t<meta property=\"og:image:width\" content=\"696\" \/>\n\t<meta property=\"og:image:height\" content=\"487\" \/>\n\t<meta property=\"og:image:type\" content=\"image\/jpeg\" \/>\n<meta name=\"author\" content=\"Radio Ljubu\u0161ki\" \/>\n<meta name=\"twitter:card\" content=\"summary_large_image\" \/>\n<meta name=\"twitter:creator\" content=\"@radioljubuski\" \/>\n<meta name=\"twitter:site\" content=\"@radioljubuski\" \/>\n<meta name=\"twitter:label1\" content=\"Napisao\/la\" \/>\n\t<meta name=\"twitter:data1\" content=\"Radio Ljubu\u0161ki\" \/>\n\t<meta name=\"twitter:label2\" content=\"Procijenjeno vrijeme \u010ditanja\" \/>\n\t<meta name=\"twitter:data2\" content=\"6 minuta\" \/>\n<script type=\"application\/ld+json\" class=\"yoast-schema-graph\">{\"@context\":\"https:\\\/\\\/schema.org\",\"@graph\":[{\"@type\":\"Article\",\"@id\":\"https:\\\/\\\/radioljubuski.ba\\\/index.php\\\/2022\\\/08\\\/04\\\/detaljna-kronologija-najvece-hrvatske-pobjede-sve-je-pocelo-4-kolovoza-u-pet-sati-ujutro\\\/#article\",\"isPartOf\":{\"@id\":\"https:\\\/\\\/radioljubuski.ba\\\/index.php\\\/2022\\\/08\\\/04\\\/detaljna-kronologija-najvece-hrvatske-pobjede-sve-je-pocelo-4-kolovoza-u-pet-sati-ujutro\\\/\"},\"author\":{\"name\":\"Radio Ljubu\u0161ki\",\"@id\":\"https:\\\/\\\/radioljubuski.ba\\\/#\\\/schema\\\/person\\\/19fc700381a780f69665d7956c469e3b\"},\"headline\":\"Detaljna kronologija najve\u0107e hrvatske pobjede: Sve je po\u010delo 4. kolovoza u pet sati ujutro\u2026\",\"datePublished\":\"2022-08-04T12:27:25+00:00\",\"dateModified\":\"2022-08-04T12:27:26+00:00\",\"mainEntityOfPage\":{\"@id\":\"https:\\\/\\\/radioljubuski.ba\\\/index.php\\\/2022\\\/08\\\/04\\\/detaljna-kronologija-najvece-hrvatske-pobjede-sve-je-pocelo-4-kolovoza-u-pet-sati-ujutro\\\/\"},\"wordCount\":1399,\"publisher\":{\"@id\":\"https:\\\/\\\/radioljubuski.ba\\\/#organization\"},\"image\":{\"@id\":\"https:\\\/\\\/radioljubuski.ba\\\/index.php\\\/2022\\\/08\\\/04\\\/detaljna-kronologija-najvece-hrvatske-pobjede-sve-je-pocelo-4-kolovoza-u-pet-sati-ujutro\\\/#primaryimage\"},\"thumbnailUrl\":\"https:\\\/\\\/radioljubuski.ba\\\/wp-content\\\/uploads\\\/2022\\\/08\\\/FotoJet-1-696x487-1.jpg\",\"articleSection\":[\"BIH i regija\"],\"inLanguage\":\"hr\"},{\"@type\":\"WebPage\",\"@id\":\"https:\\\/\\\/radioljubuski.ba\\\/index.php\\\/2022\\\/08\\\/04\\\/detaljna-kronologija-najvece-hrvatske-pobjede-sve-je-pocelo-4-kolovoza-u-pet-sati-ujutro\\\/\",\"url\":\"https:\\\/\\\/radioljubuski.ba\\\/index.php\\\/2022\\\/08\\\/04\\\/detaljna-kronologija-najvece-hrvatske-pobjede-sve-je-pocelo-4-kolovoza-u-pet-sati-ujutro\\\/\",\"name\":\"Detaljna kronologija najve\u0107e hrvatske pobjede: Sve je po\u010delo 4. kolovoza u pet sati ujutro\u2026 - RADIO LJUBU\u0160KI\",\"isPartOf\":{\"@id\":\"https:\\\/\\\/radioljubuski.ba\\\/#website\"},\"primaryImageOfPage\":{\"@id\":\"https:\\\/\\\/radioljubuski.ba\\\/index.php\\\/2022\\\/08\\\/04\\\/detaljna-kronologija-najvece-hrvatske-pobjede-sve-je-pocelo-4-kolovoza-u-pet-sati-ujutro\\\/#primaryimage\"},\"image\":{\"@id\":\"https:\\\/\\\/radioljubuski.ba\\\/index.php\\\/2022\\\/08\\\/04\\\/detaljna-kronologija-najvece-hrvatske-pobjede-sve-je-pocelo-4-kolovoza-u-pet-sati-ujutro\\\/#primaryimage\"},\"thumbnailUrl\":\"https:\\\/\\\/radioljubuski.ba\\\/wp-content\\\/uploads\\\/2022\\\/08\\\/FotoJet-1-696x487-1.jpg\",\"datePublished\":\"2022-08-04T12:27:25+00:00\",\"dateModified\":\"2022-08-04T12:27:26+00:00\",\"breadcrumb\":{\"@id\":\"https:\\\/\\\/radioljubuski.ba\\\/index.php\\\/2022\\\/08\\\/04\\\/detaljna-kronologija-najvece-hrvatske-pobjede-sve-je-pocelo-4-kolovoza-u-pet-sati-ujutro\\\/#breadcrumb\"},\"inLanguage\":\"hr\",\"potentialAction\":[{\"@type\":\"ReadAction\",\"target\":[\"https:\\\/\\\/radioljubuski.ba\\\/index.php\\\/2022\\\/08\\\/04\\\/detaljna-kronologija-najvece-hrvatske-pobjede-sve-je-pocelo-4-kolovoza-u-pet-sati-ujutro\\\/\"]}]},{\"@type\":\"ImageObject\",\"inLanguage\":\"hr\",\"@id\":\"https:\\\/\\\/radioljubuski.ba\\\/index.php\\\/2022\\\/08\\\/04\\\/detaljna-kronologija-najvece-hrvatske-pobjede-sve-je-pocelo-4-kolovoza-u-pet-sati-ujutro\\\/#primaryimage\",\"url\":\"https:\\\/\\\/radioljubuski.ba\\\/wp-content\\\/uploads\\\/2022\\\/08\\\/FotoJet-1-696x487-1.jpg\",\"contentUrl\":\"https:\\\/\\\/radioljubuski.ba\\\/wp-content\\\/uploads\\\/2022\\\/08\\\/FotoJet-1-696x487-1.jpg\",\"width\":696,\"height\":487},{\"@type\":\"BreadcrumbList\",\"@id\":\"https:\\\/\\\/radioljubuski.ba\\\/index.php\\\/2022\\\/08\\\/04\\\/detaljna-kronologija-najvece-hrvatske-pobjede-sve-je-pocelo-4-kolovoza-u-pet-sati-ujutro\\\/#breadcrumb\",\"itemListElement\":[{\"@type\":\"ListItem\",\"position\":1,\"name\":\"Po\u010detna stranica\",\"item\":\"https:\\\/\\\/radioljubuski.ba\\\/\"},{\"@type\":\"ListItem\",\"position\":2,\"name\":\"Detaljna kronologija najve\u0107e hrvatske pobjede: Sve je po\u010delo 4. kolovoza u pet sati ujutro\u2026\"}]},{\"@type\":\"WebSite\",\"@id\":\"https:\\\/\\\/radioljubuski.ba\\\/#website\",\"url\":\"https:\\\/\\\/radioljubuski.ba\\\/\",\"name\":\"Radio Ljubu\u0161ki\",\"description\":\"Sun\u010dana frekvencija Hercegovine\",\"publisher\":{\"@id\":\"https:\\\/\\\/radioljubuski.ba\\\/#organization\"},\"potentialAction\":[{\"@type\":\"SearchAction\",\"target\":{\"@type\":\"EntryPoint\",\"urlTemplate\":\"https:\\\/\\\/radioljubuski.ba\\\/?s={search_term_string}\"},\"query-input\":{\"@type\":\"PropertyValueSpecification\",\"valueRequired\":true,\"valueName\":\"search_term_string\"}}],\"inLanguage\":\"hr\"},{\"@type\":\"Organization\",\"@id\":\"https:\\\/\\\/radioljubuski.ba\\\/#organization\",\"name\":\"Radio Ljubu\u0161ki\",\"url\":\"https:\\\/\\\/radioljubuski.ba\\\/\",\"logo\":{\"@type\":\"ImageObject\",\"inLanguage\":\"hr\",\"@id\":\"https:\\\/\\\/radioljubuski.ba\\\/#\\\/schema\\\/logo\\\/image\\\/\",\"url\":\"https:\\\/\\\/radioljubuski.ba\\\/wp-content\\\/uploads\\\/2021\\\/02\\\/cropped-Radio_Ljubuski_logo1.jpg\",\"contentUrl\":\"https:\\\/\\\/radioljubuski.ba\\\/wp-content\\\/uploads\\\/2021\\\/02\\\/cropped-Radio_Ljubuski_logo1.jpg\",\"width\":512,\"height\":512,\"caption\":\"Radio Ljubu\u0161ki\"},\"image\":{\"@id\":\"https:\\\/\\\/radioljubuski.ba\\\/#\\\/schema\\\/logo\\\/image\\\/\"},\"sameAs\":[\"https:\\\/\\\/www.facebook.com\\\/Radiio-Ljubuski-1490835324566332\",\"https:\\\/\\\/x.com\\\/radioljubuski\",\"https:\\\/\\\/hr.linkedin.com\\\/company\\\/radio-ljubuski\",\"https:\\\/\\\/www.youtube.com\\\/channel\\\/UCHYaeO_n0Db3tjNGudGpXyw\"]},{\"@type\":\"Person\",\"@id\":\"https:\\\/\\\/radioljubuski.ba\\\/#\\\/schema\\\/person\\\/19fc700381a780f69665d7956c469e3b\",\"name\":\"Radio Ljubu\u0161ki\"}]}<\/script>\n<!-- \/ Yoast SEO plugin. -->","yoast_head_json":{"title":"Detaljna kronologija najve\u0107e hrvatske pobjede: Sve je po\u010delo 4. kolovoza u pet sati ujutro\u2026 - RADIO LJUBU\u0160KI","robots":{"index":"index","follow":"follow","max-snippet":"max-snippet:-1","max-image-preview":"max-image-preview:large","max-video-preview":"max-video-preview:-1"},"canonical":"https:\/\/radioljubuski.ba\/index.php\/2022\/08\/04\/detaljna-kronologija-najvece-hrvatske-pobjede-sve-je-pocelo-4-kolovoza-u-pet-sati-ujutro\/","og_locale":"hr_HR","og_type":"article","og_title":"Detaljna kronologija najve\u0107e hrvatske pobjede: Sve je po\u010delo 4. kolovoza u pet sati ujutro\u2026 - RADIO LJUBU\u0160KI","og_description":"Na 27. godi\u0161njicu najve\u0107e vojne operacije u Europi nakon Drugog svjetskog rata \u2013 Vojno-redarstvene operacije Oluja, donosimo vam detaljnu kronologiju ove veli\u010danstvene pobjede hrvatskih snaga kojom je glavnina okupiranog teritorija vra\u0107ena Hrvatskoj. Kronologija je dio Kronologije Domovinskog rata Hrvatskog memorijalno-dokumentacijskog centra Domovinskog rata. (4.-7., VIII. 1995.) Vojno-redarstvenom operacijom Oluja \u201995. hrvatske postrojbe oslobodile su okupirani [&hellip;]","og_url":"https:\/\/radioljubuski.ba\/index.php\/2022\/08\/04\/detaljna-kronologija-najvece-hrvatske-pobjede-sve-je-pocelo-4-kolovoza-u-pet-sati-ujutro\/","og_site_name":"RADIO LJUBU\u0160KI","article_publisher":"https:\/\/www.facebook.com\/Radiio-Ljubuski-1490835324566332","article_published_time":"2022-08-04T12:27:25+00:00","article_modified_time":"2022-08-04T12:27:26+00:00","og_image":[{"width":696,"height":487,"url":"https:\/\/radioljubuski.ba\/wp-content\/uploads\/2022\/08\/FotoJet-1-696x487-1.jpg","type":"image\/jpeg"}],"author":"Radio Ljubu\u0161ki","twitter_card":"summary_large_image","twitter_creator":"@radioljubuski","twitter_site":"@radioljubuski","twitter_misc":{"Napisao\/la":"Radio Ljubu\u0161ki","Procijenjeno vrijeme \u010ditanja":"6 minuta"},"schema":{"@context":"https:\/\/schema.org","@graph":[{"@type":"Article","@id":"https:\/\/radioljubuski.ba\/index.php\/2022\/08\/04\/detaljna-kronologija-najvece-hrvatske-pobjede-sve-je-pocelo-4-kolovoza-u-pet-sati-ujutro\/#article","isPartOf":{"@id":"https:\/\/radioljubuski.ba\/index.php\/2022\/08\/04\/detaljna-kronologija-najvece-hrvatske-pobjede-sve-je-pocelo-4-kolovoza-u-pet-sati-ujutro\/"},"author":{"name":"Radio Ljubu\u0161ki","@id":"https:\/\/radioljubuski.ba\/#\/schema\/person\/19fc700381a780f69665d7956c469e3b"},"headline":"Detaljna kronologija najve\u0107e hrvatske pobjede: Sve je po\u010delo 4. kolovoza u pet sati ujutro\u2026","datePublished":"2022-08-04T12:27:25+00:00","dateModified":"2022-08-04T12:27:26+00:00","mainEntityOfPage":{"@id":"https:\/\/radioljubuski.ba\/index.php\/2022\/08\/04\/detaljna-kronologija-najvece-hrvatske-pobjede-sve-je-pocelo-4-kolovoza-u-pet-sati-ujutro\/"},"wordCount":1399,"publisher":{"@id":"https:\/\/radioljubuski.ba\/#organization"},"image":{"@id":"https:\/\/radioljubuski.ba\/index.php\/2022\/08\/04\/detaljna-kronologija-najvece-hrvatske-pobjede-sve-je-pocelo-4-kolovoza-u-pet-sati-ujutro\/#primaryimage"},"thumbnailUrl":"https:\/\/radioljubuski.ba\/wp-content\/uploads\/2022\/08\/FotoJet-1-696x487-1.jpg","articleSection":["BIH i regija"],"inLanguage":"hr"},{"@type":"WebPage","@id":"https:\/\/radioljubuski.ba\/index.php\/2022\/08\/04\/detaljna-kronologija-najvece-hrvatske-pobjede-sve-je-pocelo-4-kolovoza-u-pet-sati-ujutro\/","url":"https:\/\/radioljubuski.ba\/index.php\/2022\/08\/04\/detaljna-kronologija-najvece-hrvatske-pobjede-sve-je-pocelo-4-kolovoza-u-pet-sati-ujutro\/","name":"Detaljna kronologija najve\u0107e hrvatske pobjede: Sve je po\u010delo 4. kolovoza u pet sati ujutro\u2026 - RADIO LJUBU\u0160KI","isPartOf":{"@id":"https:\/\/radioljubuski.ba\/#website"},"primaryImageOfPage":{"@id":"https:\/\/radioljubuski.ba\/index.php\/2022\/08\/04\/detaljna-kronologija-najvece-hrvatske-pobjede-sve-je-pocelo-4-kolovoza-u-pet-sati-ujutro\/#primaryimage"},"image":{"@id":"https:\/\/radioljubuski.ba\/index.php\/2022\/08\/04\/detaljna-kronologija-najvece-hrvatske-pobjede-sve-je-pocelo-4-kolovoza-u-pet-sati-ujutro\/#primaryimage"},"thumbnailUrl":"https:\/\/radioljubuski.ba\/wp-content\/uploads\/2022\/08\/FotoJet-1-696x487-1.jpg","datePublished":"2022-08-04T12:27:25+00:00","dateModified":"2022-08-04T12:27:26+00:00","breadcrumb":{"@id":"https:\/\/radioljubuski.ba\/index.php\/2022\/08\/04\/detaljna-kronologija-najvece-hrvatske-pobjede-sve-je-pocelo-4-kolovoza-u-pet-sati-ujutro\/#breadcrumb"},"inLanguage":"hr","potentialAction":[{"@type":"ReadAction","target":["https:\/\/radioljubuski.ba\/index.php\/2022\/08\/04\/detaljna-kronologija-najvece-hrvatske-pobjede-sve-je-pocelo-4-kolovoza-u-pet-sati-ujutro\/"]}]},{"@type":"ImageObject","inLanguage":"hr","@id":"https:\/\/radioljubuski.ba\/index.php\/2022\/08\/04\/detaljna-kronologija-najvece-hrvatske-pobjede-sve-je-pocelo-4-kolovoza-u-pet-sati-ujutro\/#primaryimage","url":"https:\/\/radioljubuski.ba\/wp-content\/uploads\/2022\/08\/FotoJet-1-696x487-1.jpg","contentUrl":"https:\/\/radioljubuski.ba\/wp-content\/uploads\/2022\/08\/FotoJet-1-696x487-1.jpg","width":696,"height":487},{"@type":"BreadcrumbList","@id":"https:\/\/radioljubuski.ba\/index.php\/2022\/08\/04\/detaljna-kronologija-najvece-hrvatske-pobjede-sve-je-pocelo-4-kolovoza-u-pet-sati-ujutro\/#breadcrumb","itemListElement":[{"@type":"ListItem","position":1,"name":"Po\u010detna stranica","item":"https:\/\/radioljubuski.ba\/"},{"@type":"ListItem","position":2,"name":"Detaljna kronologija najve\u0107e hrvatske pobjede: Sve je po\u010delo 4. kolovoza u pet sati ujutro\u2026"}]},{"@type":"WebSite","@id":"https:\/\/radioljubuski.ba\/#website","url":"https:\/\/radioljubuski.ba\/","name":"Radio Ljubu\u0161ki","description":"Sun\u010dana frekvencija Hercegovine","publisher":{"@id":"https:\/\/radioljubuski.ba\/#organization"},"potentialAction":[{"@type":"SearchAction","target":{"@type":"EntryPoint","urlTemplate":"https:\/\/radioljubuski.ba\/?s={search_term_string}"},"query-input":{"@type":"PropertyValueSpecification","valueRequired":true,"valueName":"search_term_string"}}],"inLanguage":"hr"},{"@type":"Organization","@id":"https:\/\/radioljubuski.ba\/#organization","name":"Radio Ljubu\u0161ki","url":"https:\/\/radioljubuski.ba\/","logo":{"@type":"ImageObject","inLanguage":"hr","@id":"https:\/\/radioljubuski.ba\/#\/schema\/logo\/image\/","url":"https:\/\/radioljubuski.ba\/wp-content\/uploads\/2021\/02\/cropped-Radio_Ljubuski_logo1.jpg","contentUrl":"https:\/\/radioljubuski.ba\/wp-content\/uploads\/2021\/02\/cropped-Radio_Ljubuski_logo1.jpg","width":512,"height":512,"caption":"Radio Ljubu\u0161ki"},"image":{"@id":"https:\/\/radioljubuski.ba\/#\/schema\/logo\/image\/"},"sameAs":["https:\/\/www.facebook.com\/Radiio-Ljubuski-1490835324566332","https:\/\/x.com\/radioljubuski","https:\/\/hr.linkedin.com\/company\/radio-ljubuski","https:\/\/www.youtube.com\/channel\/UCHYaeO_n0Db3tjNGudGpXyw"]},{"@type":"Person","@id":"https:\/\/radioljubuski.ba\/#\/schema\/person\/19fc700381a780f69665d7956c469e3b","name":"Radio Ljubu\u0161ki"}]}},"_links":{"self":[{"href":"https:\/\/radioljubuski.ba\/index.php\/wp-json\/wp\/v2\/posts\/166505","targetHints":{"allow":["GET"]}}],"collection":[{"href":"https:\/\/radioljubuski.ba\/index.php\/wp-json\/wp\/v2\/posts"}],"about":[{"href":"https:\/\/radioljubuski.ba\/index.php\/wp-json\/wp\/v2\/types\/post"}],"author":[{"embeddable":true,"href":"https:\/\/radioljubuski.ba\/index.php\/wp-json\/wp\/v2\/users\/2"}],"replies":[{"embeddable":true,"href":"https:\/\/radioljubuski.ba\/index.php\/wp-json\/wp\/v2\/comments?post=166505"}],"version-history":[{"count":1,"href":"https:\/\/radioljubuski.ba\/index.php\/wp-json\/wp\/v2\/posts\/166505\/revisions"}],"predecessor-version":[{"id":166507,"href":"https:\/\/radioljubuski.ba\/index.php\/wp-json\/wp\/v2\/posts\/166505\/revisions\/166507"}],"wp:featuredmedia":[{"embeddable":true,"href":"https:\/\/radioljubuski.ba\/index.php\/wp-json\/wp\/v2\/media\/166506"}],"wp:attachment":[{"href":"https:\/\/radioljubuski.ba\/index.php\/wp-json\/wp\/v2\/media?parent=166505"}],"wp:term":[{"taxonomy":"category","embeddable":true,"href":"https:\/\/radioljubuski.ba\/index.php\/wp-json\/wp\/v2\/categories?post=166505"},{"taxonomy":"post_tag","embeddable":true,"href":"https:\/\/radioljubuski.ba\/index.php\/wp-json\/wp\/v2\/tags?post=166505"}],"curies":[{"name":"wp","href":"https:\/\/api.w.org\/{rel}","templated":true}]}}