{"id":166508,"date":"2022-08-04T13:29:35","date_gmt":"2022-08-04T12:29:35","guid":{"rendered":"https:\/\/radioljubuski.ba\/?p=166508"},"modified":"2022-08-04T13:29:36","modified_gmt":"2022-08-04T12:29:36","slug":"objavljen-program-proslave-oluje-u-kninu","status":"publish","type":"post","link":"https:\/\/radioljubuski.ba\/index.php\/2022\/08\/04\/objavljen-program-proslave-oluje-u-kninu\/","title":{"rendered":"Objavljen program proslave Oluje u Kninu"},"content":{"rendered":"\n<p>Sve\u010dano obilje\u017eavanje obljetnice Vojno-redarstvene operacije Oluja&nbsp; zapo\u010dinje budnicom ulicama grada Knina 5. kolovoza ujutro nakon \u010dega \u0107e se odr\u017eati polaganje vijenaca na Trgu dr. Ante Star\u010devi\u0107a i sredi\u0161nja sve\u010danost na stadionu NK Dinara, izvijestio je MORH. Iz Ureda predsjednika javljeni su detalji sve\u010danosti koja \u0107e se odr\u017eati na Kninskoj tvr\u0111avi 4. kolovoza.<\/p>\n\n\n\n<p>Sredi\u0161nja sve\u010danost obilje\u017eavanja Dana pobjede i domovinske zahvalnosti i Dana hrvatskih branitelja te 27. obljetnice vojno-redarstvene operacije Oluja odr\u017eat \u0107e se u petak 5. kolovoza 2022. godine u Kninu.<\/p>\n\n\n\n<p>Program \u0107e zapo\u010deti u 6:30 sati budnicom ulicama grada Knina. Na pomo\u0107nom igrali\u0161tu stadiona NK Dinara bit \u0107e organiziran takti\u010dko-tehni\u010dki zbor opreme i naoru\u017eanja Hrvatske vojske, Ministarstva unutarnjih poslova i Ministarstva hrvatskih branitelja koji \u0107e se mo\u0107i razgledati od 8 do 16 sati.<\/p>\n\n\n\n<p>Od 9:00 sati izaslanstva \u0107e polagati vijence kod spomenika hrvatske pobjede \u201eOluja 95\u2033 na Trgu dr. Ante Star\u010devi\u0107a.<\/p>\n\n\n\n<h3 class=\"wp-block-heading\"><strong>Sredi\u0161nja sve\u010danost<\/strong><\/h3>\n\n\n\n<p>Sredi\u0161nja sve\u010danost na stadionu NK Dinara po\u010det \u0107e u 9:40 sati. U isto vrijeme na Kninskoj tvr\u0111avi predvi\u0111eno je podizanje zastave Republike Hrvatske.<br>Na stadionu NK Dinara \u010ditat \u0107e se povjesnica VRO Oluja i imena poginulih i nestalih hrvatskih branitelja.<\/p>\n\n\n\n<p>U trenutku \u010ditanja imena smrtno stradalih hrvatskih branitelja u VRO Oluja, 122 kadeta HV-a i 122 kadeta policije na Kninskoj tvr\u0111avi istupit \u0107e u postroj u spomen na 244 hrvatska branitelja, od kojih su 242 smrtno stradala i 2 nestala.<\/p>\n\n\n\n<p>Na kraju sve\u010danosti, predvi\u0111en je nastup akrobatske grupe \u201cKrila Oluje\u201d i prelet helikoptera Oru\u017eanih snaga RH i policije.<\/p>\n\n\n\n<p>Misno slavlje u 11:45 sati u crkvi Gospe Velikoga Hrvatskog Krsnog Zavjeta predvodit \u0107e \u0161ibenski biskup mons. Tomislav Rogi\u0107.<\/p>\n\n\n\n<h3 class=\"wp-block-heading\"><strong>Predsjednik Milanovi\u0107 na Kninskoj tvr\u0111avi uru\u010dit \u0107e odlikovanja, medalje, promaknu\u0107a i pohvale pripadnicima Oru\u017eanih snaga Republike Hrvatske<\/strong><\/h3>\n\n\n\n<p>Predsjednik Republike Hrvatske i vrhovni zapovjednik Oru\u017eanih snaga Zoran Milanovi\u0107 prire\u0111uje sve\u010dani prijem za ratne zapovjednike povodom obilje\u017eavanja Dana pobjede i domovinske zahvalnosti i Dana hrvatskih branitelja te 27. obljetnice VRO Oluja. Prijem \u0107e se odr\u017eati u \u010detvrtak, 4. kolovoza, na Kninskoj tvr\u0111avi, priop\u0107eno je iz Ureda predsjednika RH.<\/p>\n\n\n\n<p>Predsjednik Milanovi\u0107 uru\u010dit \u0107e na prijemu odlikovanja, medalje, promaknu\u0107a i pohvale pripadnicima Oru\u017eanih snaga Republike Hrvatske. Red hrvatskog trolista za osobite zasluge u promicanju ugleda Republike Hrvatske i Hrvatske vojske uru\u010dit \u0107e Klapi Hrvatske ratne mornarice \u201eSveti Juraj\u201c.<\/p>\n\n\n\n<h3 class=\"wp-block-heading\"><strong>Tko \u0107e sve dobiti medalje, promaknu\u0107a\u2026?<\/strong><\/h3>\n\n\n\n<p>Zlatne medalja izvrsnosti u izobrazbi dobit \u0107e najbolji polaznik 44. nara\u0161taja Napredne do\u010dasni\u010dke izobrazbe narednik Boro Juki\u0107 i najbolja polaznica 27. nara\u0161taja Izobrazbe za razvoj vo\u0111a skupnica Ivana Vu\u010demilovi\u0107 \u2013 Vranji\u0107.<\/p>\n\n\n\n<p>Nadalje, predsjednik Milanovi\u0107 na Kninskoj tvr\u0111avi \u0107e uru\u010diti i promaknu\u0107a. U \u010din brigadira promaknuto je pet pukovnika: Davor Gren, Ante Juki\u0107, Roberto Kramari\u0107, Davor Misir i Jozo Sta\u017ei\u0107. U \u010din pukovnice promaknuta je bojnica Marina Jur\u010di\u0107, a u \u010din pukovnika pet bojnika i to Darko Bjelivuk, Kre\u0161imir Letica, Mario Majeti\u0107, Marijo Preost i Ivan Rubil.<\/p>\n\n\n\n<p>U \u010din bojnika promaknut je 21 satnik, me\u0111u kojima i osam satnica. U \u010din satnika promaknuto je 17 natporu\u010dnika, kao i \u010detiri natporu\u010dnice u \u010din satnice te jedan poru\u010dnik fregate u \u010din poru\u010dnika bojnog broda. U \u010din natporu\u010dnika promaknuto je 55 poru\u010dnika (12 poru\u010dnica u \u010din natporu\u010dnice). Ukupno je promaknuto 105 pripadnika Oru\u017eanih snaga Republike Hrvatske.<\/p>\n\n\n\n<p>Za ostvarene natprosje\u010dne rezultate u izvr\u0161avanju postavljenih zada\u0107a, pohvalom Vrhovnog zapovjednika pohvaljeni su brigadir Antun \u010ci\u010dak, brigadir Miroslav Kranj\u010dec, brigadir Tomislav Pavi\u010di\u0107, brigadir Nenad Samard\u017ei\u0107, pukovnik Bernard Bartoluci, pukovnik Dra\u017een Milinovi\u0107, bojnica Snje\u017eana \u0106utuk, bojnik Marko Mesi\u0107, bojnik Nenad Santini, \u010dasni\u010dki namjesnik Alen Cvetko, nadnarednik Miro Jaman i nadnarednik Mate Vlastelica. Ukupno je pohvaljeno 12 pripadnika Oru\u017eanih snaga Republike Hrvatske.<\/p>\n\n\n\n<p>Sve\u010dani prijem Predsjednika Republike za ratne zapovjednike na Kninskoj tvr\u0111avi uveli\u010dat \u0107e svojim glazbenim izvedbama odlikovana Klapa HRM-a \u201eSveti Juraj\u201c, Policijska klapa \u201eSveti Mihovil\u201c i Mali jazz sastav Orkestra Hrvatske ratne mornarice.<\/p>\n\n\n\n<p><em>Izvor: narod.hr<\/em><\/p>\n","protected":false},"excerpt":{"rendered":"<p>Sve\u010dano obilje\u017eavanje obljetnice Vojno-redarstvene operacije Oluja&nbsp; zapo\u010dinje budnicom ulicama grada Knina 5. kolovoza ujutro nakon \u010dega \u0107e se odr\u017eati polaganje vijenaca na Trgu dr. Ante Star\u010devi\u0107a i sredi\u0161nja sve\u010danost na stadionu NK Dinara, izvijestio je MORH. Iz Ureda predsjednika javljeni su detalji sve\u010danosti koja \u0107e se odr\u017eati na Kninskoj tvr\u0111avi 4. kolovoza. Sredi\u0161nja sve\u010danost obilje\u017eavanja [&hellip;]<\/p>\n","protected":false},"author":2,"featured_media":166509,"comment_status":"closed","ping_status":"closed","sticky":false,"template":"","format":"standard","meta":{"h5ap_radio_sources":[],"footnotes":""},"categories":[1],"tags":[],"class_list":["post-166508","post","type-post","status-publish","format-standard","has-post-thumbnail","hentry","category-bihiregija"],"yoast_head":"<!-- This site is optimized with the Yoast SEO plugin v27.4 - https:\/\/yoast.com\/product\/yoast-seo-wordpress\/ -->\n<title>Objavljen program proslave Oluje u Kninu - RADIO LJUBU\u0160KI<\/title>\n<meta name=\"robots\" content=\"index, follow, max-snippet:-1, max-image-preview:large, max-video-preview:-1\" \/>\n<link rel=\"canonical\" href=\"https:\/\/radioljubuski.ba\/index.php\/2022\/08\/04\/objavljen-program-proslave-oluje-u-kninu\/\" \/>\n<meta property=\"og:locale\" content=\"hr_HR\" \/>\n<meta property=\"og:type\" content=\"article\" \/>\n<meta property=\"og:title\" content=\"Objavljen program proslave Oluje u Kninu - RADIO LJUBU\u0160KI\" \/>\n<meta property=\"og:description\" content=\"Sve\u010dano obilje\u017eavanje obljetnice Vojno-redarstvene operacije Oluja&nbsp; zapo\u010dinje budnicom ulicama grada Knina 5. kolovoza ujutro nakon \u010dega \u0107e se odr\u017eati polaganje vijenaca na Trgu dr. Ante Star\u010devi\u0107a i sredi\u0161nja sve\u010danost na stadionu NK Dinara, izvijestio je MORH. Iz Ureda predsjednika javljeni su detalji sve\u010danosti koja \u0107e se odr\u017eati na Kninskoj tvr\u0111avi 4. kolovoza. Sredi\u0161nja sve\u010danost obilje\u017eavanja [&hellip;]\" \/>\n<meta property=\"og:url\" content=\"https:\/\/radioljubuski.ba\/index.php\/2022\/08\/04\/objavljen-program-proslave-oluje-u-kninu\/\" \/>\n<meta property=\"og:site_name\" content=\"RADIO LJUBU\u0160KI\" \/>\n<meta property=\"article:publisher\" content=\"https:\/\/www.facebook.com\/Radiio-Ljubuski-1490835324566332\" \/>\n<meta property=\"article:published_time\" content=\"2022-08-04T12:29:35+00:00\" \/>\n<meta property=\"article:modified_time\" content=\"2022-08-04T12:29:36+00:00\" \/>\n<meta property=\"og:image\" content=\"https:\/\/radioljubuski.ba\/wp-content\/uploads\/2022\/08\/plakat-oluja-2022-870x600-1-696x480-1.jpg\" \/>\n\t<meta property=\"og:image:width\" content=\"696\" \/>\n\t<meta property=\"og:image:height\" content=\"480\" \/>\n\t<meta property=\"og:image:type\" content=\"image\/jpeg\" \/>\n<meta name=\"author\" content=\"Radio Ljubu\u0161ki\" \/>\n<meta name=\"twitter:card\" content=\"summary_large_image\" \/>\n<meta name=\"twitter:creator\" content=\"@radioljubuski\" \/>\n<meta name=\"twitter:site\" content=\"@radioljubuski\" \/>\n<meta name=\"twitter:label1\" content=\"Napisao\/la\" \/>\n\t<meta name=\"twitter:data1\" content=\"Radio Ljubu\u0161ki\" \/>\n\t<meta name=\"twitter:label2\" content=\"Procijenjeno vrijeme \u010ditanja\" \/>\n\t<meta name=\"twitter:data2\" content=\"3 minute\" \/>\n<script type=\"application\/ld+json\" class=\"yoast-schema-graph\">{\"@context\":\"https:\\\/\\\/schema.org\",\"@graph\":[{\"@type\":\"Article\",\"@id\":\"https:\\\/\\\/radioljubuski.ba\\\/index.php\\\/2022\\\/08\\\/04\\\/objavljen-program-proslave-oluje-u-kninu\\\/#article\",\"isPartOf\":{\"@id\":\"https:\\\/\\\/radioljubuski.ba\\\/index.php\\\/2022\\\/08\\\/04\\\/objavljen-program-proslave-oluje-u-kninu\\\/\"},\"author\":{\"name\":\"Radio Ljubu\u0161ki\",\"@id\":\"https:\\\/\\\/radioljubuski.ba\\\/#\\\/schema\\\/person\\\/19fc700381a780f69665d7956c469e3b\"},\"headline\":\"Objavljen program proslave Oluje u Kninu\",\"datePublished\":\"2022-08-04T12:29:35+00:00\",\"dateModified\":\"2022-08-04T12:29:36+00:00\",\"mainEntityOfPage\":{\"@id\":\"https:\\\/\\\/radioljubuski.ba\\\/index.php\\\/2022\\\/08\\\/04\\\/objavljen-program-proslave-oluje-u-kninu\\\/\"},\"wordCount\":674,\"publisher\":{\"@id\":\"https:\\\/\\\/radioljubuski.ba\\\/#organization\"},\"image\":{\"@id\":\"https:\\\/\\\/radioljubuski.ba\\\/index.php\\\/2022\\\/08\\\/04\\\/objavljen-program-proslave-oluje-u-kninu\\\/#primaryimage\"},\"thumbnailUrl\":\"https:\\\/\\\/radioljubuski.ba\\\/wp-content\\\/uploads\\\/2022\\\/08\\\/plakat-oluja-2022-870x600-1-696x480-1.jpg\",\"articleSection\":[\"BIH i regija\"],\"inLanguage\":\"hr\"},{\"@type\":\"WebPage\",\"@id\":\"https:\\\/\\\/radioljubuski.ba\\\/index.php\\\/2022\\\/08\\\/04\\\/objavljen-program-proslave-oluje-u-kninu\\\/\",\"url\":\"https:\\\/\\\/radioljubuski.ba\\\/index.php\\\/2022\\\/08\\\/04\\\/objavljen-program-proslave-oluje-u-kninu\\\/\",\"name\":\"Objavljen program proslave Oluje u Kninu - RADIO LJUBU\u0160KI\",\"isPartOf\":{\"@id\":\"https:\\\/\\\/radioljubuski.ba\\\/#website\"},\"primaryImageOfPage\":{\"@id\":\"https:\\\/\\\/radioljubuski.ba\\\/index.php\\\/2022\\\/08\\\/04\\\/objavljen-program-proslave-oluje-u-kninu\\\/#primaryimage\"},\"image\":{\"@id\":\"https:\\\/\\\/radioljubuski.ba\\\/index.php\\\/2022\\\/08\\\/04\\\/objavljen-program-proslave-oluje-u-kninu\\\/#primaryimage\"},\"thumbnailUrl\":\"https:\\\/\\\/radioljubuski.ba\\\/wp-content\\\/uploads\\\/2022\\\/08\\\/plakat-oluja-2022-870x600-1-696x480-1.jpg\",\"datePublished\":\"2022-08-04T12:29:35+00:00\",\"dateModified\":\"2022-08-04T12:29:36+00:00\",\"breadcrumb\":{\"@id\":\"https:\\\/\\\/radioljubuski.ba\\\/index.php\\\/2022\\\/08\\\/04\\\/objavljen-program-proslave-oluje-u-kninu\\\/#breadcrumb\"},\"inLanguage\":\"hr\",\"potentialAction\":[{\"@type\":\"ReadAction\",\"target\":[\"https:\\\/\\\/radioljubuski.ba\\\/index.php\\\/2022\\\/08\\\/04\\\/objavljen-program-proslave-oluje-u-kninu\\\/\"]}]},{\"@type\":\"ImageObject\",\"inLanguage\":\"hr\",\"@id\":\"https:\\\/\\\/radioljubuski.ba\\\/index.php\\\/2022\\\/08\\\/04\\\/objavljen-program-proslave-oluje-u-kninu\\\/#primaryimage\",\"url\":\"https:\\\/\\\/radioljubuski.ba\\\/wp-content\\\/uploads\\\/2022\\\/08\\\/plakat-oluja-2022-870x600-1-696x480-1.jpg\",\"contentUrl\":\"https:\\\/\\\/radioljubuski.ba\\\/wp-content\\\/uploads\\\/2022\\\/08\\\/plakat-oluja-2022-870x600-1-696x480-1.jpg\",\"width\":696,\"height\":480},{\"@type\":\"BreadcrumbList\",\"@id\":\"https:\\\/\\\/radioljubuski.ba\\\/index.php\\\/2022\\\/08\\\/04\\\/objavljen-program-proslave-oluje-u-kninu\\\/#breadcrumb\",\"itemListElement\":[{\"@type\":\"ListItem\",\"position\":1,\"name\":\"Po\u010detna stranica\",\"item\":\"https:\\\/\\\/radioljubuski.ba\\\/\"},{\"@type\":\"ListItem\",\"position\":2,\"name\":\"Objavljen program proslave Oluje u Kninu\"}]},{\"@type\":\"WebSite\",\"@id\":\"https:\\\/\\\/radioljubuski.ba\\\/#website\",\"url\":\"https:\\\/\\\/radioljubuski.ba\\\/\",\"name\":\"Radio Ljubu\u0161ki\",\"description\":\"Sun\u010dana frekvencija Hercegovine\",\"publisher\":{\"@id\":\"https:\\\/\\\/radioljubuski.ba\\\/#organization\"},\"potentialAction\":[{\"@type\":\"SearchAction\",\"target\":{\"@type\":\"EntryPoint\",\"urlTemplate\":\"https:\\\/\\\/radioljubuski.ba\\\/?s={search_term_string}\"},\"query-input\":{\"@type\":\"PropertyValueSpecification\",\"valueRequired\":true,\"valueName\":\"search_term_string\"}}],\"inLanguage\":\"hr\"},{\"@type\":\"Organization\",\"@id\":\"https:\\\/\\\/radioljubuski.ba\\\/#organization\",\"name\":\"Radio Ljubu\u0161ki\",\"url\":\"https:\\\/\\\/radioljubuski.ba\\\/\",\"logo\":{\"@type\":\"ImageObject\",\"inLanguage\":\"hr\",\"@id\":\"https:\\\/\\\/radioljubuski.ba\\\/#\\\/schema\\\/logo\\\/image\\\/\",\"url\":\"https:\\\/\\\/radioljubuski.ba\\\/wp-content\\\/uploads\\\/2021\\\/02\\\/cropped-Radio_Ljubuski_logo1.jpg\",\"contentUrl\":\"https:\\\/\\\/radioljubuski.ba\\\/wp-content\\\/uploads\\\/2021\\\/02\\\/cropped-Radio_Ljubuski_logo1.jpg\",\"width\":512,\"height\":512,\"caption\":\"Radio Ljubu\u0161ki\"},\"image\":{\"@id\":\"https:\\\/\\\/radioljubuski.ba\\\/#\\\/schema\\\/logo\\\/image\\\/\"},\"sameAs\":[\"https:\\\/\\\/www.facebook.com\\\/Radiio-Ljubuski-1490835324566332\",\"https:\\\/\\\/x.com\\\/radioljubuski\",\"https:\\\/\\\/hr.linkedin.com\\\/company\\\/radio-ljubuski\",\"https:\\\/\\\/www.youtube.com\\\/channel\\\/UCHYaeO_n0Db3tjNGudGpXyw\"]},{\"@type\":\"Person\",\"@id\":\"https:\\\/\\\/radioljubuski.ba\\\/#\\\/schema\\\/person\\\/19fc700381a780f69665d7956c469e3b\",\"name\":\"Radio Ljubu\u0161ki\"}]}<\/script>\n<!-- \/ Yoast SEO plugin. -->","yoast_head_json":{"title":"Objavljen program proslave Oluje u Kninu - RADIO LJUBU\u0160KI","robots":{"index":"index","follow":"follow","max-snippet":"max-snippet:-1","max-image-preview":"max-image-preview:large","max-video-preview":"max-video-preview:-1"},"canonical":"https:\/\/radioljubuski.ba\/index.php\/2022\/08\/04\/objavljen-program-proslave-oluje-u-kninu\/","og_locale":"hr_HR","og_type":"article","og_title":"Objavljen program proslave Oluje u Kninu - RADIO LJUBU\u0160KI","og_description":"Sve\u010dano obilje\u017eavanje obljetnice Vojno-redarstvene operacije Oluja&nbsp; zapo\u010dinje budnicom ulicama grada Knina 5. kolovoza ujutro nakon \u010dega \u0107e se odr\u017eati polaganje vijenaca na Trgu dr. Ante Star\u010devi\u0107a i sredi\u0161nja sve\u010danost na stadionu NK Dinara, izvijestio je MORH. Iz Ureda predsjednika javljeni su detalji sve\u010danosti koja \u0107e se odr\u017eati na Kninskoj tvr\u0111avi 4. kolovoza. Sredi\u0161nja sve\u010danost obilje\u017eavanja [&hellip;]","og_url":"https:\/\/radioljubuski.ba\/index.php\/2022\/08\/04\/objavljen-program-proslave-oluje-u-kninu\/","og_site_name":"RADIO LJUBU\u0160KI","article_publisher":"https:\/\/www.facebook.com\/Radiio-Ljubuski-1490835324566332","article_published_time":"2022-08-04T12:29:35+00:00","article_modified_time":"2022-08-04T12:29:36+00:00","og_image":[{"width":696,"height":480,"url":"https:\/\/radioljubuski.ba\/wp-content\/uploads\/2022\/08\/plakat-oluja-2022-870x600-1-696x480-1.jpg","type":"image\/jpeg"}],"author":"Radio Ljubu\u0161ki","twitter_card":"summary_large_image","twitter_creator":"@radioljubuski","twitter_site":"@radioljubuski","twitter_misc":{"Napisao\/la":"Radio Ljubu\u0161ki","Procijenjeno vrijeme \u010ditanja":"3 minute"},"schema":{"@context":"https:\/\/schema.org","@graph":[{"@type":"Article","@id":"https:\/\/radioljubuski.ba\/index.php\/2022\/08\/04\/objavljen-program-proslave-oluje-u-kninu\/#article","isPartOf":{"@id":"https:\/\/radioljubuski.ba\/index.php\/2022\/08\/04\/objavljen-program-proslave-oluje-u-kninu\/"},"author":{"name":"Radio Ljubu\u0161ki","@id":"https:\/\/radioljubuski.ba\/#\/schema\/person\/19fc700381a780f69665d7956c469e3b"},"headline":"Objavljen program proslave Oluje u Kninu","datePublished":"2022-08-04T12:29:35+00:00","dateModified":"2022-08-04T12:29:36+00:00","mainEntityOfPage":{"@id":"https:\/\/radioljubuski.ba\/index.php\/2022\/08\/04\/objavljen-program-proslave-oluje-u-kninu\/"},"wordCount":674,"publisher":{"@id":"https:\/\/radioljubuski.ba\/#organization"},"image":{"@id":"https:\/\/radioljubuski.ba\/index.php\/2022\/08\/04\/objavljen-program-proslave-oluje-u-kninu\/#primaryimage"},"thumbnailUrl":"https:\/\/radioljubuski.ba\/wp-content\/uploads\/2022\/08\/plakat-oluja-2022-870x600-1-696x480-1.jpg","articleSection":["BIH i regija"],"inLanguage":"hr"},{"@type":"WebPage","@id":"https:\/\/radioljubuski.ba\/index.php\/2022\/08\/04\/objavljen-program-proslave-oluje-u-kninu\/","url":"https:\/\/radioljubuski.ba\/index.php\/2022\/08\/04\/objavljen-program-proslave-oluje-u-kninu\/","name":"Objavljen program proslave Oluje u Kninu - RADIO LJUBU\u0160KI","isPartOf":{"@id":"https:\/\/radioljubuski.ba\/#website"},"primaryImageOfPage":{"@id":"https:\/\/radioljubuski.ba\/index.php\/2022\/08\/04\/objavljen-program-proslave-oluje-u-kninu\/#primaryimage"},"image":{"@id":"https:\/\/radioljubuski.ba\/index.php\/2022\/08\/04\/objavljen-program-proslave-oluje-u-kninu\/#primaryimage"},"thumbnailUrl":"https:\/\/radioljubuski.ba\/wp-content\/uploads\/2022\/08\/plakat-oluja-2022-870x600-1-696x480-1.jpg","datePublished":"2022-08-04T12:29:35+00:00","dateModified":"2022-08-04T12:29:36+00:00","breadcrumb":{"@id":"https:\/\/radioljubuski.ba\/index.php\/2022\/08\/04\/objavljen-program-proslave-oluje-u-kninu\/#breadcrumb"},"inLanguage":"hr","potentialAction":[{"@type":"ReadAction","target":["https:\/\/radioljubuski.ba\/index.php\/2022\/08\/04\/objavljen-program-proslave-oluje-u-kninu\/"]}]},{"@type":"ImageObject","inLanguage":"hr","@id":"https:\/\/radioljubuski.ba\/index.php\/2022\/08\/04\/objavljen-program-proslave-oluje-u-kninu\/#primaryimage","url":"https:\/\/radioljubuski.ba\/wp-content\/uploads\/2022\/08\/plakat-oluja-2022-870x600-1-696x480-1.jpg","contentUrl":"https:\/\/radioljubuski.ba\/wp-content\/uploads\/2022\/08\/plakat-oluja-2022-870x600-1-696x480-1.jpg","width":696,"height":480},{"@type":"BreadcrumbList","@id":"https:\/\/radioljubuski.ba\/index.php\/2022\/08\/04\/objavljen-program-proslave-oluje-u-kninu\/#breadcrumb","itemListElement":[{"@type":"ListItem","position":1,"name":"Po\u010detna stranica","item":"https:\/\/radioljubuski.ba\/"},{"@type":"ListItem","position":2,"name":"Objavljen program proslave Oluje u Kninu"}]},{"@type":"WebSite","@id":"https:\/\/radioljubuski.ba\/#website","url":"https:\/\/radioljubuski.ba\/","name":"Radio Ljubu\u0161ki","description":"Sun\u010dana frekvencija Hercegovine","publisher":{"@id":"https:\/\/radioljubuski.ba\/#organization"},"potentialAction":[{"@type":"SearchAction","target":{"@type":"EntryPoint","urlTemplate":"https:\/\/radioljubuski.ba\/?s={search_term_string}"},"query-input":{"@type":"PropertyValueSpecification","valueRequired":true,"valueName":"search_term_string"}}],"inLanguage":"hr"},{"@type":"Organization","@id":"https:\/\/radioljubuski.ba\/#organization","name":"Radio Ljubu\u0161ki","url":"https:\/\/radioljubuski.ba\/","logo":{"@type":"ImageObject","inLanguage":"hr","@id":"https:\/\/radioljubuski.ba\/#\/schema\/logo\/image\/","url":"https:\/\/radioljubuski.ba\/wp-content\/uploads\/2021\/02\/cropped-Radio_Ljubuski_logo1.jpg","contentUrl":"https:\/\/radioljubuski.ba\/wp-content\/uploads\/2021\/02\/cropped-Radio_Ljubuski_logo1.jpg","width":512,"height":512,"caption":"Radio Ljubu\u0161ki"},"image":{"@id":"https:\/\/radioljubuski.ba\/#\/schema\/logo\/image\/"},"sameAs":["https:\/\/www.facebook.com\/Radiio-Ljubuski-1490835324566332","https:\/\/x.com\/radioljubuski","https:\/\/hr.linkedin.com\/company\/radio-ljubuski","https:\/\/www.youtube.com\/channel\/UCHYaeO_n0Db3tjNGudGpXyw"]},{"@type":"Person","@id":"https:\/\/radioljubuski.ba\/#\/schema\/person\/19fc700381a780f69665d7956c469e3b","name":"Radio Ljubu\u0161ki"}]}},"_links":{"self":[{"href":"https:\/\/radioljubuski.ba\/index.php\/wp-json\/wp\/v2\/posts\/166508","targetHints":{"allow":["GET"]}}],"collection":[{"href":"https:\/\/radioljubuski.ba\/index.php\/wp-json\/wp\/v2\/posts"}],"about":[{"href":"https:\/\/radioljubuski.ba\/index.php\/wp-json\/wp\/v2\/types\/post"}],"author":[{"embeddable":true,"href":"https:\/\/radioljubuski.ba\/index.php\/wp-json\/wp\/v2\/users\/2"}],"replies":[{"embeddable":true,"href":"https:\/\/radioljubuski.ba\/index.php\/wp-json\/wp\/v2\/comments?post=166508"}],"version-history":[{"count":1,"href":"https:\/\/radioljubuski.ba\/index.php\/wp-json\/wp\/v2\/posts\/166508\/revisions"}],"predecessor-version":[{"id":166510,"href":"https:\/\/radioljubuski.ba\/index.php\/wp-json\/wp\/v2\/posts\/166508\/revisions\/166510"}],"wp:featuredmedia":[{"embeddable":true,"href":"https:\/\/radioljubuski.ba\/index.php\/wp-json\/wp\/v2\/media\/166509"}],"wp:attachment":[{"href":"https:\/\/radioljubuski.ba\/index.php\/wp-json\/wp\/v2\/media?parent=166508"}],"wp:term":[{"taxonomy":"category","embeddable":true,"href":"https:\/\/radioljubuski.ba\/index.php\/wp-json\/wp\/v2\/categories?post=166508"},{"taxonomy":"post_tag","embeddable":true,"href":"https:\/\/radioljubuski.ba\/index.php\/wp-json\/wp\/v2\/tags?post=166508"}],"curies":[{"name":"wp","href":"https:\/\/api.w.org\/{rel}","templated":true}]}}