{"id":166517,"date":"2022-08-04T13:33:53","date_gmt":"2022-08-04T12:33:53","guid":{"rendered":"https:\/\/radioljubuski.ba\/?p=166517"},"modified":"2022-08-04T13:33:55","modified_gmt":"2022-08-04T12:33:55","slug":"vlc-odilon-singbo-odgovara-na-pitanje-je-li-crkva-losa-kako-ju-mediji-prikazuju","status":"publish","type":"post","link":"https:\/\/radioljubuski.ba\/index.php\/2022\/08\/04\/vlc-odilon-singbo-odgovara-na-pitanje-je-li-crkva-losa-kako-ju-mediji-prikazuju\/","title":{"rendered":"Vl\u010d. Odilon Singbo odgovara na pitanje je li Crkva lo\u0161a kako ju mediji prikazuju"},"content":{"rendered":"\n<p>Kakva je slika Crkve danas u svijetu? Jesu li mediji u pravu kada prikazuju Crkvu kao lo\u0161u? \u0160to o svemu ka\u017ee papa Franjo? O ovoj aktualnoj temi za <a href=\"https:\/\/www.youtube.com\/c\/SalesianaHR\" target=\"_blank\" rel=\"noreferrer noopener\">Youtube kanal Salesiane<\/a> govori vele\u010dasni Odilon Singbo, sveu\u010dili\u0161ni profesor na Hrvatskom katoli\u010dkom sveu\u010dili\u0161tu u Zagrebu.<\/p>\n\n\n\n<p>Ponekad nam mediji name\u0107u neka mi\u0161ljenja, neke stavove, pogotovo kad je Crkva u pitanju, rekao je vl\u010d. Singbo. \u201cPrije \u0107e istaknuti neke lo\u0161e strane Crkve, nego njezine dobre strane. Pritom, onaj koji pi\u0161e, nije svetac. Jer onaj tko je svet je svjestan svojih slabosti\u201d, ka\u017ee vl\u010d. Singbo.<\/p>\n\n\n\n<p>Vl\u010d. Singbo je rekao da ako sve\u0107enik u ne\u010demu pogrije\u0161i, mediji \u0107e na tome inzistirati, a mi koji konzumiramo medijski sadr\u017eaj, to upijamo. \u201cUsput re\u010deno, znate li \u0161to ka\u017ee papa Franjo? Papa ka\u017ee da su sve\u0107enici poput zrakoplova. Vijest o njima se \u010duje samo kada padnu, a ima ih toliko koji lete.<\/p>\n\n\n\n<p>Ta slika koja se prikazuje o Crkvi ponekad je slika jednog trenutka ne\u010dije slabosti, a da bismo ispravno govorili o Crkvi moramo je gledati \u0161ire, cjelovitije, dublje\u201d, istaknuo je vl\u010d. Singbo.<\/p>\n\n\n\n<p>Sjetimo se samo kako je obrazovanje u povijesti bilo dostupno samo nekima, eliti, ali Crkva je htjela da bude dostupno svima, rekao je vl\u010d. Singbo podsje\u0107aju\u0107i na brojna sveu\u010dili\u0161ta koja je Crkva osnovala i na doprinos Crkve znanosti i obrazovanju. Naglasio je i kako \u010detvrtina zdravstvenih ustanova u svijetu pripada Katoli\u010dkoj Crkvi, javlja<a href=\"https:\/\/hkm.hr\/vjera\/video-vlc-odilon-singbo-odgovara-na-pitanje-jesu-li-mediji-u-pravu-kada-prikazuju-crkvu-kao-losu\/\"> HKM<\/a>.<\/p>\n\n\n\n<iframe loading=\"lazy\" title=\"Crkva - heroj ili zlo\u010dinac? | DO\u0110I I VIDI\" width=\"640\" height=\"360\" src=\"https:\/\/www.youtube.com\/embed\/kcvU6DO8GKE?feature=oembed\" frameborder=\"0\" allow=\"accelerometer; autoplay; clipboard-write; encrypted-media; gyroscope; picture-in-picture; web-share\" referrerpolicy=\"strict-origin-when-cross-origin\" allowfullscreen><\/iframe>\n\n\n\n<p><em>Izvor: narod.hr\/HKM<\/em><\/p>\n","protected":false},"excerpt":{"rendered":"<p>Kakva je slika Crkve danas u svijetu? Jesu li mediji u pravu kada prikazuju Crkvu kao lo\u0161u? \u0160to o svemu ka\u017ee papa Franjo? O ovoj aktualnoj temi za Youtube kanal Salesiane govori vele\u010dasni Odilon Singbo, sveu\u010dili\u0161ni profesor na Hrvatskom katoli\u010dkom sveu\u010dili\u0161tu u Zagrebu. Ponekad nam mediji name\u0107u neka mi\u0161ljenja, neke stavove, pogotovo kad je Crkva [&hellip;]<\/p>\n","protected":false},"author":2,"featured_media":166518,"comment_status":"closed","ping_status":"closed","sticky":false,"template":"","format":"standard","meta":{"h5ap_radio_sources":[],"footnotes":""},"categories":[1],"tags":[],"class_list":["post-166517","post","type-post","status-publish","format-standard","has-post-thumbnail","hentry","category-bihiregija"],"yoast_head":"<!-- This site is optimized with the Yoast SEO plugin v27.4 - https:\/\/yoast.com\/product\/yoast-seo-wordpress\/ -->\n<title>Vl\u010d. Odilon Singbo odgovara na pitanje je li Crkva lo\u0161a kako ju mediji prikazuju - RADIO LJUBU\u0160KI<\/title>\n<meta name=\"robots\" content=\"index, follow, max-snippet:-1, max-image-preview:large, max-video-preview:-1\" \/>\n<link rel=\"canonical\" href=\"https:\/\/radioljubuski.ba\/index.php\/2022\/08\/04\/vlc-odilon-singbo-odgovara-na-pitanje-je-li-crkva-losa-kako-ju-mediji-prikazuju\/\" \/>\n<meta property=\"og:locale\" content=\"hr_HR\" \/>\n<meta property=\"og:type\" content=\"article\" \/>\n<meta property=\"og:title\" content=\"Vl\u010d. Odilon Singbo odgovara na pitanje je li Crkva lo\u0161a kako ju mediji prikazuju - RADIO LJUBU\u0160KI\" \/>\n<meta property=\"og:description\" content=\"Kakva je slika Crkve danas u svijetu? Jesu li mediji u pravu kada prikazuju Crkvu kao lo\u0161u? \u0160to o svemu ka\u017ee papa Franjo? O ovoj aktualnoj temi za Youtube kanal Salesiane govori vele\u010dasni Odilon Singbo, sveu\u010dili\u0161ni profesor na Hrvatskom katoli\u010dkom sveu\u010dili\u0161tu u Zagrebu. Ponekad nam mediji name\u0107u neka mi\u0161ljenja, neke stavove, pogotovo kad je Crkva [&hellip;]\" \/>\n<meta property=\"og:url\" content=\"https:\/\/radioljubuski.ba\/index.php\/2022\/08\/04\/vlc-odilon-singbo-odgovara-na-pitanje-je-li-crkva-losa-kako-ju-mediji-prikazuju\/\" \/>\n<meta property=\"og:site_name\" content=\"RADIO LJUBU\u0160KI\" \/>\n<meta property=\"article:publisher\" content=\"https:\/\/www.facebook.com\/Radiio-Ljubuski-1490835324566332\" \/>\n<meta property=\"article:published_time\" content=\"2022-08-04T12:33:53+00:00\" \/>\n<meta property=\"article:modified_time\" content=\"2022-08-04T12:33:55+00:00\" \/>\n<meta property=\"og:image\" content=\"https:\/\/radioljubuski.ba\/wp-content\/uploads\/2022\/08\/Snimka-zaslona-2022-08-02-141418.jpg\" \/>\n\t<meta property=\"og:image:width\" content=\"583\" \/>\n\t<meta property=\"og:image:height\" content=\"299\" \/>\n\t<meta property=\"og:image:type\" content=\"image\/jpeg\" \/>\n<meta name=\"author\" content=\"Radio Ljubu\u0161ki\" \/>\n<meta name=\"twitter:card\" content=\"summary_large_image\" \/>\n<meta name=\"twitter:creator\" content=\"@radioljubuski\" \/>\n<meta name=\"twitter:site\" content=\"@radioljubuski\" \/>\n<meta name=\"twitter:label1\" content=\"Napisao\/la\" \/>\n\t<meta name=\"twitter:data1\" content=\"Radio Ljubu\u0161ki\" \/>\n\t<meta name=\"twitter:label2\" content=\"Procijenjeno vrijeme \u010ditanja\" \/>\n\t<meta name=\"twitter:data2\" content=\"2 minute\" \/>\n<script type=\"application\/ld+json\" class=\"yoast-schema-graph\">{\"@context\":\"https:\\\/\\\/schema.org\",\"@graph\":[{\"@type\":\"Article\",\"@id\":\"https:\\\/\\\/radioljubuski.ba\\\/index.php\\\/2022\\\/08\\\/04\\\/vlc-odilon-singbo-odgovara-na-pitanje-je-li-crkva-losa-kako-ju-mediji-prikazuju\\\/#article\",\"isPartOf\":{\"@id\":\"https:\\\/\\\/radioljubuski.ba\\\/index.php\\\/2022\\\/08\\\/04\\\/vlc-odilon-singbo-odgovara-na-pitanje-je-li-crkva-losa-kako-ju-mediji-prikazuju\\\/\"},\"author\":{\"name\":\"Radio Ljubu\u0161ki\",\"@id\":\"https:\\\/\\\/radioljubuski.ba\\\/#\\\/schema\\\/person\\\/19fc700381a780f69665d7956c469e3b\"},\"headline\":\"Vl\u010d. Odilon Singbo odgovara na pitanje je li Crkva lo\u0161a kako ju mediji prikazuju\",\"datePublished\":\"2022-08-04T12:33:53+00:00\",\"dateModified\":\"2022-08-04T12:33:55+00:00\",\"mainEntityOfPage\":{\"@id\":\"https:\\\/\\\/radioljubuski.ba\\\/index.php\\\/2022\\\/08\\\/04\\\/vlc-odilon-singbo-odgovara-na-pitanje-je-li-crkva-losa-kako-ju-mediji-prikazuju\\\/\"},\"wordCount\":282,\"publisher\":{\"@id\":\"https:\\\/\\\/radioljubuski.ba\\\/#organization\"},\"image\":{\"@id\":\"https:\\\/\\\/radioljubuski.ba\\\/index.php\\\/2022\\\/08\\\/04\\\/vlc-odilon-singbo-odgovara-na-pitanje-je-li-crkva-losa-kako-ju-mediji-prikazuju\\\/#primaryimage\"},\"thumbnailUrl\":\"https:\\\/\\\/radioljubuski.ba\\\/wp-content\\\/uploads\\\/2022\\\/08\\\/Snimka-zaslona-2022-08-02-141418.jpg\",\"articleSection\":[\"BIH i regija\"],\"inLanguage\":\"hr\"},{\"@type\":\"WebPage\",\"@id\":\"https:\\\/\\\/radioljubuski.ba\\\/index.php\\\/2022\\\/08\\\/04\\\/vlc-odilon-singbo-odgovara-na-pitanje-je-li-crkva-losa-kako-ju-mediji-prikazuju\\\/\",\"url\":\"https:\\\/\\\/radioljubuski.ba\\\/index.php\\\/2022\\\/08\\\/04\\\/vlc-odilon-singbo-odgovara-na-pitanje-je-li-crkva-losa-kako-ju-mediji-prikazuju\\\/\",\"name\":\"Vl\u010d. Odilon Singbo odgovara na pitanje je li Crkva lo\u0161a kako ju mediji prikazuju - RADIO LJUBU\u0160KI\",\"isPartOf\":{\"@id\":\"https:\\\/\\\/radioljubuski.ba\\\/#website\"},\"primaryImageOfPage\":{\"@id\":\"https:\\\/\\\/radioljubuski.ba\\\/index.php\\\/2022\\\/08\\\/04\\\/vlc-odilon-singbo-odgovara-na-pitanje-je-li-crkva-losa-kako-ju-mediji-prikazuju\\\/#primaryimage\"},\"image\":{\"@id\":\"https:\\\/\\\/radioljubuski.ba\\\/index.php\\\/2022\\\/08\\\/04\\\/vlc-odilon-singbo-odgovara-na-pitanje-je-li-crkva-losa-kako-ju-mediji-prikazuju\\\/#primaryimage\"},\"thumbnailUrl\":\"https:\\\/\\\/radioljubuski.ba\\\/wp-content\\\/uploads\\\/2022\\\/08\\\/Snimka-zaslona-2022-08-02-141418.jpg\",\"datePublished\":\"2022-08-04T12:33:53+00:00\",\"dateModified\":\"2022-08-04T12:33:55+00:00\",\"breadcrumb\":{\"@id\":\"https:\\\/\\\/radioljubuski.ba\\\/index.php\\\/2022\\\/08\\\/04\\\/vlc-odilon-singbo-odgovara-na-pitanje-je-li-crkva-losa-kako-ju-mediji-prikazuju\\\/#breadcrumb\"},\"inLanguage\":\"hr\",\"potentialAction\":[{\"@type\":\"ReadAction\",\"target\":[\"https:\\\/\\\/radioljubuski.ba\\\/index.php\\\/2022\\\/08\\\/04\\\/vlc-odilon-singbo-odgovara-na-pitanje-je-li-crkva-losa-kako-ju-mediji-prikazuju\\\/\"]}]},{\"@type\":\"ImageObject\",\"inLanguage\":\"hr\",\"@id\":\"https:\\\/\\\/radioljubuski.ba\\\/index.php\\\/2022\\\/08\\\/04\\\/vlc-odilon-singbo-odgovara-na-pitanje-je-li-crkva-losa-kako-ju-mediji-prikazuju\\\/#primaryimage\",\"url\":\"https:\\\/\\\/radioljubuski.ba\\\/wp-content\\\/uploads\\\/2022\\\/08\\\/Snimka-zaslona-2022-08-02-141418.jpg\",\"contentUrl\":\"https:\\\/\\\/radioljubuski.ba\\\/wp-content\\\/uploads\\\/2022\\\/08\\\/Snimka-zaslona-2022-08-02-141418.jpg\",\"width\":583,\"height\":299},{\"@type\":\"BreadcrumbList\",\"@id\":\"https:\\\/\\\/radioljubuski.ba\\\/index.php\\\/2022\\\/08\\\/04\\\/vlc-odilon-singbo-odgovara-na-pitanje-je-li-crkva-losa-kako-ju-mediji-prikazuju\\\/#breadcrumb\",\"itemListElement\":[{\"@type\":\"ListItem\",\"position\":1,\"name\":\"Po\u010detna stranica\",\"item\":\"https:\\\/\\\/radioljubuski.ba\\\/\"},{\"@type\":\"ListItem\",\"position\":2,\"name\":\"Vl\u010d. Odilon Singbo odgovara na pitanje je li Crkva lo\u0161a kako ju mediji prikazuju\"}]},{\"@type\":\"WebSite\",\"@id\":\"https:\\\/\\\/radioljubuski.ba\\\/#website\",\"url\":\"https:\\\/\\\/radioljubuski.ba\\\/\",\"name\":\"Radio Ljubu\u0161ki\",\"description\":\"Sun\u010dana frekvencija Hercegovine\",\"publisher\":{\"@id\":\"https:\\\/\\\/radioljubuski.ba\\\/#organization\"},\"potentialAction\":[{\"@type\":\"SearchAction\",\"target\":{\"@type\":\"EntryPoint\",\"urlTemplate\":\"https:\\\/\\\/radioljubuski.ba\\\/?s={search_term_string}\"},\"query-input\":{\"@type\":\"PropertyValueSpecification\",\"valueRequired\":true,\"valueName\":\"search_term_string\"}}],\"inLanguage\":\"hr\"},{\"@type\":\"Organization\",\"@id\":\"https:\\\/\\\/radioljubuski.ba\\\/#organization\",\"name\":\"Radio Ljubu\u0161ki\",\"url\":\"https:\\\/\\\/radioljubuski.ba\\\/\",\"logo\":{\"@type\":\"ImageObject\",\"inLanguage\":\"hr\",\"@id\":\"https:\\\/\\\/radioljubuski.ba\\\/#\\\/schema\\\/logo\\\/image\\\/\",\"url\":\"https:\\\/\\\/radioljubuski.ba\\\/wp-content\\\/uploads\\\/2021\\\/02\\\/cropped-Radio_Ljubuski_logo1.jpg\",\"contentUrl\":\"https:\\\/\\\/radioljubuski.ba\\\/wp-content\\\/uploads\\\/2021\\\/02\\\/cropped-Radio_Ljubuski_logo1.jpg\",\"width\":512,\"height\":512,\"caption\":\"Radio Ljubu\u0161ki\"},\"image\":{\"@id\":\"https:\\\/\\\/radioljubuski.ba\\\/#\\\/schema\\\/logo\\\/image\\\/\"},\"sameAs\":[\"https:\\\/\\\/www.facebook.com\\\/Radiio-Ljubuski-1490835324566332\",\"https:\\\/\\\/x.com\\\/radioljubuski\",\"https:\\\/\\\/hr.linkedin.com\\\/company\\\/radio-ljubuski\",\"https:\\\/\\\/www.youtube.com\\\/channel\\\/UCHYaeO_n0Db3tjNGudGpXyw\"]},{\"@type\":\"Person\",\"@id\":\"https:\\\/\\\/radioljubuski.ba\\\/#\\\/schema\\\/person\\\/19fc700381a780f69665d7956c469e3b\",\"name\":\"Radio Ljubu\u0161ki\"}]}<\/script>\n<!-- \/ Yoast SEO plugin. -->","yoast_head_json":{"title":"Vl\u010d. Odilon Singbo odgovara na pitanje je li Crkva lo\u0161a kako ju mediji prikazuju - RADIO LJUBU\u0160KI","robots":{"index":"index","follow":"follow","max-snippet":"max-snippet:-1","max-image-preview":"max-image-preview:large","max-video-preview":"max-video-preview:-1"},"canonical":"https:\/\/radioljubuski.ba\/index.php\/2022\/08\/04\/vlc-odilon-singbo-odgovara-na-pitanje-je-li-crkva-losa-kako-ju-mediji-prikazuju\/","og_locale":"hr_HR","og_type":"article","og_title":"Vl\u010d. Odilon Singbo odgovara na pitanje je li Crkva lo\u0161a kako ju mediji prikazuju - RADIO LJUBU\u0160KI","og_description":"Kakva je slika Crkve danas u svijetu? Jesu li mediji u pravu kada prikazuju Crkvu kao lo\u0161u? \u0160to o svemu ka\u017ee papa Franjo? O ovoj aktualnoj temi za Youtube kanal Salesiane govori vele\u010dasni Odilon Singbo, sveu\u010dili\u0161ni profesor na Hrvatskom katoli\u010dkom sveu\u010dili\u0161tu u Zagrebu. Ponekad nam mediji name\u0107u neka mi\u0161ljenja, neke stavove, pogotovo kad je Crkva [&hellip;]","og_url":"https:\/\/radioljubuski.ba\/index.php\/2022\/08\/04\/vlc-odilon-singbo-odgovara-na-pitanje-je-li-crkva-losa-kako-ju-mediji-prikazuju\/","og_site_name":"RADIO LJUBU\u0160KI","article_publisher":"https:\/\/www.facebook.com\/Radiio-Ljubuski-1490835324566332","article_published_time":"2022-08-04T12:33:53+00:00","article_modified_time":"2022-08-04T12:33:55+00:00","og_image":[{"width":583,"height":299,"url":"https:\/\/radioljubuski.ba\/wp-content\/uploads\/2022\/08\/Snimka-zaslona-2022-08-02-141418.jpg","type":"image\/jpeg"}],"author":"Radio Ljubu\u0161ki","twitter_card":"summary_large_image","twitter_creator":"@radioljubuski","twitter_site":"@radioljubuski","twitter_misc":{"Napisao\/la":"Radio Ljubu\u0161ki","Procijenjeno vrijeme \u010ditanja":"2 minute"},"schema":{"@context":"https:\/\/schema.org","@graph":[{"@type":"Article","@id":"https:\/\/radioljubuski.ba\/index.php\/2022\/08\/04\/vlc-odilon-singbo-odgovara-na-pitanje-je-li-crkva-losa-kako-ju-mediji-prikazuju\/#article","isPartOf":{"@id":"https:\/\/radioljubuski.ba\/index.php\/2022\/08\/04\/vlc-odilon-singbo-odgovara-na-pitanje-je-li-crkva-losa-kako-ju-mediji-prikazuju\/"},"author":{"name":"Radio Ljubu\u0161ki","@id":"https:\/\/radioljubuski.ba\/#\/schema\/person\/19fc700381a780f69665d7956c469e3b"},"headline":"Vl\u010d. Odilon Singbo odgovara na pitanje je li Crkva lo\u0161a kako ju mediji prikazuju","datePublished":"2022-08-04T12:33:53+00:00","dateModified":"2022-08-04T12:33:55+00:00","mainEntityOfPage":{"@id":"https:\/\/radioljubuski.ba\/index.php\/2022\/08\/04\/vlc-odilon-singbo-odgovara-na-pitanje-je-li-crkva-losa-kako-ju-mediji-prikazuju\/"},"wordCount":282,"publisher":{"@id":"https:\/\/radioljubuski.ba\/#organization"},"image":{"@id":"https:\/\/radioljubuski.ba\/index.php\/2022\/08\/04\/vlc-odilon-singbo-odgovara-na-pitanje-je-li-crkva-losa-kako-ju-mediji-prikazuju\/#primaryimage"},"thumbnailUrl":"https:\/\/radioljubuski.ba\/wp-content\/uploads\/2022\/08\/Snimka-zaslona-2022-08-02-141418.jpg","articleSection":["BIH i regija"],"inLanguage":"hr"},{"@type":"WebPage","@id":"https:\/\/radioljubuski.ba\/index.php\/2022\/08\/04\/vlc-odilon-singbo-odgovara-na-pitanje-je-li-crkva-losa-kako-ju-mediji-prikazuju\/","url":"https:\/\/radioljubuski.ba\/index.php\/2022\/08\/04\/vlc-odilon-singbo-odgovara-na-pitanje-je-li-crkva-losa-kako-ju-mediji-prikazuju\/","name":"Vl\u010d. Odilon Singbo odgovara na pitanje je li Crkva lo\u0161a kako ju mediji prikazuju - RADIO LJUBU\u0160KI","isPartOf":{"@id":"https:\/\/radioljubuski.ba\/#website"},"primaryImageOfPage":{"@id":"https:\/\/radioljubuski.ba\/index.php\/2022\/08\/04\/vlc-odilon-singbo-odgovara-na-pitanje-je-li-crkva-losa-kako-ju-mediji-prikazuju\/#primaryimage"},"image":{"@id":"https:\/\/radioljubuski.ba\/index.php\/2022\/08\/04\/vlc-odilon-singbo-odgovara-na-pitanje-je-li-crkva-losa-kako-ju-mediji-prikazuju\/#primaryimage"},"thumbnailUrl":"https:\/\/radioljubuski.ba\/wp-content\/uploads\/2022\/08\/Snimka-zaslona-2022-08-02-141418.jpg","datePublished":"2022-08-04T12:33:53+00:00","dateModified":"2022-08-04T12:33:55+00:00","breadcrumb":{"@id":"https:\/\/radioljubuski.ba\/index.php\/2022\/08\/04\/vlc-odilon-singbo-odgovara-na-pitanje-je-li-crkva-losa-kako-ju-mediji-prikazuju\/#breadcrumb"},"inLanguage":"hr","potentialAction":[{"@type":"ReadAction","target":["https:\/\/radioljubuski.ba\/index.php\/2022\/08\/04\/vlc-odilon-singbo-odgovara-na-pitanje-je-li-crkva-losa-kako-ju-mediji-prikazuju\/"]}]},{"@type":"ImageObject","inLanguage":"hr","@id":"https:\/\/radioljubuski.ba\/index.php\/2022\/08\/04\/vlc-odilon-singbo-odgovara-na-pitanje-je-li-crkva-losa-kako-ju-mediji-prikazuju\/#primaryimage","url":"https:\/\/radioljubuski.ba\/wp-content\/uploads\/2022\/08\/Snimka-zaslona-2022-08-02-141418.jpg","contentUrl":"https:\/\/radioljubuski.ba\/wp-content\/uploads\/2022\/08\/Snimka-zaslona-2022-08-02-141418.jpg","width":583,"height":299},{"@type":"BreadcrumbList","@id":"https:\/\/radioljubuski.ba\/index.php\/2022\/08\/04\/vlc-odilon-singbo-odgovara-na-pitanje-je-li-crkva-losa-kako-ju-mediji-prikazuju\/#breadcrumb","itemListElement":[{"@type":"ListItem","position":1,"name":"Po\u010detna stranica","item":"https:\/\/radioljubuski.ba\/"},{"@type":"ListItem","position":2,"name":"Vl\u010d. Odilon Singbo odgovara na pitanje je li Crkva lo\u0161a kako ju mediji prikazuju"}]},{"@type":"WebSite","@id":"https:\/\/radioljubuski.ba\/#website","url":"https:\/\/radioljubuski.ba\/","name":"Radio Ljubu\u0161ki","description":"Sun\u010dana frekvencija Hercegovine","publisher":{"@id":"https:\/\/radioljubuski.ba\/#organization"},"potentialAction":[{"@type":"SearchAction","target":{"@type":"EntryPoint","urlTemplate":"https:\/\/radioljubuski.ba\/?s={search_term_string}"},"query-input":{"@type":"PropertyValueSpecification","valueRequired":true,"valueName":"search_term_string"}}],"inLanguage":"hr"},{"@type":"Organization","@id":"https:\/\/radioljubuski.ba\/#organization","name":"Radio Ljubu\u0161ki","url":"https:\/\/radioljubuski.ba\/","logo":{"@type":"ImageObject","inLanguage":"hr","@id":"https:\/\/radioljubuski.ba\/#\/schema\/logo\/image\/","url":"https:\/\/radioljubuski.ba\/wp-content\/uploads\/2021\/02\/cropped-Radio_Ljubuski_logo1.jpg","contentUrl":"https:\/\/radioljubuski.ba\/wp-content\/uploads\/2021\/02\/cropped-Radio_Ljubuski_logo1.jpg","width":512,"height":512,"caption":"Radio Ljubu\u0161ki"},"image":{"@id":"https:\/\/radioljubuski.ba\/#\/schema\/logo\/image\/"},"sameAs":["https:\/\/www.facebook.com\/Radiio-Ljubuski-1490835324566332","https:\/\/x.com\/radioljubuski","https:\/\/hr.linkedin.com\/company\/radio-ljubuski","https:\/\/www.youtube.com\/channel\/UCHYaeO_n0Db3tjNGudGpXyw"]},{"@type":"Person","@id":"https:\/\/radioljubuski.ba\/#\/schema\/person\/19fc700381a780f69665d7956c469e3b","name":"Radio Ljubu\u0161ki"}]}},"_links":{"self":[{"href":"https:\/\/radioljubuski.ba\/index.php\/wp-json\/wp\/v2\/posts\/166517","targetHints":{"allow":["GET"]}}],"collection":[{"href":"https:\/\/radioljubuski.ba\/index.php\/wp-json\/wp\/v2\/posts"}],"about":[{"href":"https:\/\/radioljubuski.ba\/index.php\/wp-json\/wp\/v2\/types\/post"}],"author":[{"embeddable":true,"href":"https:\/\/radioljubuski.ba\/index.php\/wp-json\/wp\/v2\/users\/2"}],"replies":[{"embeddable":true,"href":"https:\/\/radioljubuski.ba\/index.php\/wp-json\/wp\/v2\/comments?post=166517"}],"version-history":[{"count":1,"href":"https:\/\/radioljubuski.ba\/index.php\/wp-json\/wp\/v2\/posts\/166517\/revisions"}],"predecessor-version":[{"id":166519,"href":"https:\/\/radioljubuski.ba\/index.php\/wp-json\/wp\/v2\/posts\/166517\/revisions\/166519"}],"wp:featuredmedia":[{"embeddable":true,"href":"https:\/\/radioljubuski.ba\/index.php\/wp-json\/wp\/v2\/media\/166518"}],"wp:attachment":[{"href":"https:\/\/radioljubuski.ba\/index.php\/wp-json\/wp\/v2\/media?parent=166517"}],"wp:term":[{"taxonomy":"category","embeddable":true,"href":"https:\/\/radioljubuski.ba\/index.php\/wp-json\/wp\/v2\/categories?post=166517"},{"taxonomy":"post_tag","embeddable":true,"href":"https:\/\/radioljubuski.ba\/index.php\/wp-json\/wp\/v2\/tags?post=166517"}],"curies":[{"name":"wp","href":"https:\/\/api.w.org\/{rel}","templated":true}]}}