{"id":166520,"date":"2022-08-04T13:36:07","date_gmt":"2022-08-04T12:36:07","guid":{"rendered":"https:\/\/radioljubuski.ba\/?p=166520"},"modified":"2022-08-04T13:36:08","modified_gmt":"2022-08-04T12:36:08","slug":"ukrajinski-biskup-u-medugorju-nasi-vojnici-se-oslanjaju-na-vrlo-snazno-oruzje-krunicu","status":"publish","type":"post","link":"https:\/\/radioljubuski.ba\/index.php\/2022\/08\/04\/ukrajinski-biskup-u-medugorju-nasi-vojnici-se-oslanjaju-na-vrlo-snazno-oruzje-krunicu\/","title":{"rendered":"Ukrajinski biskup u Me\u0111ugorju: \u2018Na\u0161i vojnici se oslanjaju na vrlo sna\u017eno oru\u017eje \u2013 krunicu\u2019"},"content":{"rendered":"\n<p>Pomo\u0107ni biskup Zaporo\u0161ko-kharkivske biskupije iz Ukrajine mons. Jan Sobilo posvjedo\u010dio je mladima drugog dana 33. Mladifesta, a njegovo je svjedo\u010danstvo objavio Radio Mir Me\u0111ugorje:<\/p>\n\n\n\n<h3 class=\"wp-block-heading\"><strong>O prvom posjetu Me\u0111ugorju<\/strong><\/h3>\n\n\n\n<p>\u201cDragi mladi,<\/p>\n\n\n\n<p>Nitko nije ovdje slu\u010dajno. Svatko je od nas posebno pozvan i odabran od Kraljice mira. Ona je u jednoj poruci rekla: \u201eNastojim vas svojim primjerom nau\u010diti poniznosti, mudrosti i ljubavi, jer trebam vas, ne mogu bez vas, djeco moja. Po Bo\u017ejoj volji vas izabirem, po Njegovoj snazi vas ja\u010dam.\u201c I ja sam tako\u0111er dobio poziv od Djevice Marije ba\u0161 kao i vi. O nama ovisi \u0161to \u0107emo u\u010diniti s ovim ogromnim darom koji je ujedno i velika odgovornost.<\/p>\n\n\n\n<p>U Me\u0111ugorje sam prvi puta do\u0161ao u drugoj polovici 90-ih godina. Te\u0161ko je uop\u0107e rije\u010dima opisati sve \u0161to je moje srce tada osjetilo. To\u010dno se sje\u0107am trenutka kada sam prvi put stupio na ovu svetu zemlju na koju svaki dan s neba dolazi Majka Bo\u017eja. Cijelo sam vrijeme osje\u0107ao stvarnu prisutnost Gospe koja me je dr\u017eala za ruku i pokazivala mi sve tajne Me\u0111ugorja. Tada sam bio mlad sve\u0107enik od 35 godina. Osje\u0107ao sam se kao maleno dijete koje mama vodi za ruku i pokazuje mu \u0161to je najva\u017enije u \u017eivotu.<\/p>\n\n\n\n<h3 class=\"wp-block-heading\"><strong>\u201cDio mog srca ostao je u Me\u0111ugorju\u201d<\/strong><\/h3>\n\n\n\n<p>Po povratku, dio moga srca ostao je u Me\u0111ugorju: negdje izme\u0111u kamenja na Podbrdu, Kri\u017eevcu i crkve svetog Jakova te u svakoj ku\u0107i koja je za mene postala kao roditeljska.<\/p>\n\n\n\n<p>Sve\u0107enik sam u Ukrajini od 1991. godine. Sada djelujem u Zaporo\u0161ko \u2013 Harkivskoj biskupiji gdje se trenutno odvija okrutan rat.<\/p>\n\n\n\n<p>\u017delim s vama podijeliti svjedo\u010danstvo o mnogim dobrim plodovima s ovog velikog stabla zvanog Me\u0111ugorje koje ubire i moja biskupija jer su grane tog predivnog stabla rasprostranjene po cijelome svijetu zahvaljuju\u0107i onima koji se odazivaju pozivu Kraljice mira, \u017eive\u0107i njezine poruke.<\/p>\n\n\n\n<p>Me\u0111ugorje je mjesto u kojem se ra\u0111aju zvanja. 1998. godine, za vrijeme procesije na Mladifestu jedna djevojka iz Ukrajine je osjetila redovni\u010dki poziv i poziv moliti za mir u Ukrajini i Rusiji. Postala je \u010dasna sestra karmeli\u0107anka u mojoj biskupiji. Zove se Terezija Pia od Kraljice mira. Svoj \u017eivot \u017ertvuje u ti\u0161ini, molitvi i skrovitosti za ostvarenje Gospinih planova mira, iza zidova i re\u0161etki u klauzuri.<\/p>\n\n\n\n<h3 class=\"wp-block-heading\"><strong>\u201cVjerujem da \u0107e Bezgrje\u0161no Srce Djevice Marije pobijediti zlo\u201d<\/strong><\/h3>\n\n\n\n<p>U listopadu 2010. godine, kada sam stigao na hodo\u010da\u0161\u0107e iz Zaporo\u017eja, nisam mogao ostati do kraja, jer mi je papa Benedikt XVI. htio osobno preko Apostolske nuncijature prenijeti vijest da sam postao biskup. Potvrda je to da Majka Bo\u017eja doista \u010dini mnoga \u010dudesa i iznena\u0111enja za svoju djecu ba\u0161 kao \u0161to je i ova vijest bila za mene.<\/p>\n\n\n\n<p>Biskupom sam postao 8. prosinca na blagdan Bezgrje\u0161nog za\u010de\u0107a BDM \u0161to mi je posebno drago.<\/p>\n\n\n\n<p>2014. godine, po\u010deo je rat u Ukrajini. Ja vjerujem da \u0107e Bezgrje\u0161no Srce Djevice Marije pobijediti zlo.<\/p>\n\n\n\n<p>Rat uvijek ostavlja duboke rane na du\u0161i i posljedice uvijek budu stra\u0161ne. Ali ja sam vidio hodo\u010dasnike: branitelje, udovice i djecu koji su u domovini pre\u017eivjeli pakao rata \u2013 mr\u017enju, silovanja, mu\u010denja \u2013 koji su se iz Me\u0111ugorja vratili s nadom i \u017eeljom u srcu da oproste drugima, a neki od njih i sami sebi.<\/p>\n\n\n\n<h3 class=\"wp-block-heading\"><strong>\u201cOsobno sam jako duboko dirnut\u201d<\/strong><\/h3>\n\n\n\n<p>Nigdje na svijetu se tako brzo i ljekovito ne mo\u017ee opra\u0161tati kao \u0161to se to doga\u0111a upravo ovdje. Jer je tu s nama na\u0161a nebeska Majka, Ona koja zna kako je to te\u0161ko i bolno, ljudski gotovo nemogu\u0107e. Ali u Njenom naru\u010dju mo\u017eemo isplakati svu bol koja je u na\u0161em srcu i predati je Isusu da On pretvori svaku suzu u vje\u010dnu nagradu i izlije\u010di sve nemile posljedice pro\u017eivljenih zlih \u010dina.<\/p>\n\n\n\n<p>Majka Bo\u017eja djeluje na svako srce svoga djeteta koje dolazi u ovu duhovnu bolnicu \u2013 kako se Me\u0111ugorje s pravom mo\u017ee nazvati. Koliko samo obra\u0107enja, koliko ispovijedi, koliko okajanih grijeha i ponovnih ro\u0111enja za novi \u017eivot ovdje mo\u017eemo vidjeti! Koliko nade se ovdje pojavilo u ljudskim srcima i kolikim ranjenim ljudima je ovdje \u017eivot ponovno dobio smisao! Osobno sam time jako duboko dirnut.<\/p>\n\n\n\n<p>Kada je do\u0161la pandemija korona virusa, prestra\u0161ila je cijeli svijet. Mnogi su se bojali i\u0107i u Me\u0111ugorje, ali broj hodo\u010dasnika iz Ukrajine ostao je velik. Samo na Bo\u017ei\u0107 pro\u0161le godine u Me\u0111ugorju je bilo preko 3500 ukrajinskih hodo\u010dasnika.<\/p>\n\n\n\n<p>Odgovor na pitanje za\u0161to je to tako dobili smo nakon 24. velja\u010de ove godine: Majka Bo\u017eja je tijekom pandemije posebno pozivala ba\u0161 Ukrajince kako bi pripremila Ukrajinu na veliku ku\u0161nju koja se upravo sada odvija. \u017deljela je osna\u017eiti svoju djecu prije velikog ispita.<\/p>\n\n\n\n<h3 class=\"wp-block-heading\"><strong>Slu\u017eenje voljenom ukrajinskom narodu<\/strong><\/h3>\n\n\n\n<p>Zadnji put sam bio ovdje pro\u0161le godine na hodo\u010da\u0161\u0107u za 40. godi\u0161njicu Gospinih ukazanja. Molili smo za mir. Bila mi je velika \u010dast i posebna milost sudjelovati na ukazanju Djevice Marije 25. lipnja 2021. zajedno s vidiocima Ivanom i Marijom izme\u0111u kojih sam i kle\u010dao. Danas znam da me je Majka Bo\u017eja posebno izabrala da me pripremi, da me oja\u010da, da me ispuni snagom svoje ljubavi za slu\u017eenje voljenom ukrajinskom narodu.<\/p>\n\n\n\n<p>A sada te\u010de ve\u0107 41. godina od kad je Gospa s nama. \u201eDraga djeco! S vama sam u ovom milosrdnom vremenu i pozivam vas sve da budete nositelji mira i ljubavi u ovom svijetu, gdje vas, dje\u010dice, Bog preko mene poziva da budete molitva i ljubav i izraz raja ovdje na zemlji.\u201c Gospina je poruka od 25. studenoga 2021.<\/p>\n\n\n\n<p>Za mene je to jedan od znakova trijumfa Njezina Bezgrje\u0161nog Srca. To je ujedno i znak da se pribli\u017eava prolje\u0107e Crkve koje spominje sveti papa Ivan Pavao II.<\/p>\n\n\n\n<p>Mo\u017eemo li i mi tu doprinijeti? \u0160to mo\u017ee svaki od nas u\u010diniti kako bi pomogao Gospi?<\/p>\n\n\n\n<p>Prije svega, to je osobno obra\u0107enje svakoga od nas. Svaki moj te\u0161ki grijeh je raketa, stra\u0161ni projektil koji u ratu uni\u0161tava gradove i ljude. Drugim rije\u010dima, i ja sam zbog svojih te\u0161kih grijeha kriv \u0161to se rat nastavlja. Svojim obra\u0107enjem mogu uni\u0161titi ovo oru\u017eje zloga duha. Moja molitva iz srca i post u poniznosti i \u0161utnji imaju mo\u0107 zaustaviti ratove.<\/p>\n\n\n\n<p>Vojnici s kojima u zadnje vrijeme \u010desto komuniciram, govore da u najstra\u0161nijim trenucima kada ljudi gube nadu, pomo\u0107 dolazi s neba. Spoznaju da ih ne\u010dija molitva, post i pla\u0161t Pre\u010diste Djevice Marije koji je prostrt nad njima \u0161titi od ranjavanja i smrti.<\/p>\n\n\n\n<p>Na\u0161i vojnici se oslanjaju na vrlo sna\u017eno oru\u017eje \u2013 krunicu. Uobi\u010dajeno ih je vidjeti s krunicama oko vrata koje nose blizu svojih srdaca. Krunica je, naime, vrlo sli\u010dna Davidovoj pra\u0107ki i pet kamen\u010di\u0107a koje je imao u torbi i njima pobijedio Golijata. Zlo se danas \u010dini mo\u0107nim poput Golijata da ponekad pomislimo kako ga je nemogu\u0107e pobijediti i da nam nedostaje snage i oru\u017eja. Ali molitvom krunice, \u010destom ispovijedi, svetom Pri\u010desti i Bo\u017ejom rije\u010dju Bog pobje\u0111uje zahvaljuju\u0107i na\u0161oj molitvi i vjernosti. Zato je na\u0161a zada\u0107a danas dr\u017eati se Majke Bo\u017eje i biti vjeran Bogu koji mo\u017ee sve, pa i u najte\u017eim okolnostima ovoga rata.<\/p>\n\n\n\n<h3 class=\"wp-block-heading\"><strong>Darovanje krunice<\/strong><\/h3>\n\n\n\n<p>Gospa nas u\u010di da molitvom i ljubavlju mo\u017eemo sve posti\u0107i \u010dak i ono \u0161to se nama \u010dini nemogu\u0107im. U jednoj poruci ka\u017ee: \u201eKao pojedinci, djeco moja, ne mo\u017eete zaustaviti zlo koje \u017eeli zavladati svijetom i uni\u0161titi ga. Ali po Bo\u017ejoj volji svi zajedno uz moga Sina mo\u017eete promijeniti sve i ozdraviti svijet.\u201c<\/p>\n\n\n\n<p>Proteklih godina Ukrajini su darovani milijuni krunica zahvaljuju\u0107i mnogim dobro\u010diniteljima koji neumorno \u0161ire tu pobo\u017enost. Oni koji su u Me\u0111ugorju nau\u010dili moliti krunicu tako u\u010de i druge. Molim sve vas dragi mladi da i vi darujete krunice za sve one u Ukrajini koji ih \u017eele, a nemaju ih. Krunica je najja\u010de oru\u017eje protiv zla. Va\u0161a \u0107e krunica biti poslana u Ukrajinu, u ruke onih koji je \u010dekaju, koji pro\u017eivljavaju strah i gube nadu. Krunica \u0107e im dati sigurnost da ih Majka \u0161titi.<\/p>\n\n\n\n<p>Na livadi s moje lijeve strane nalazi se \u0161tand s natpisom Tvoja krunica za Ukrajinu gdje svatko ima mogu\u0107nost darovati svoju krunicu. Nakon Mladifesta krunice \u0107emo odnijeti u Ukrajinu na mjesta gdje su najpotrebnije.<\/p>\n\n\n\n<p>Dragi mladi iz cijeloga svijeta,<\/p>\n\n\n\n<p>Kad vas gledam okupljene u ovom sveti\u0161tu u mom se srcu ra\u0111a velika nada, da \u0107e Bog pobijediti, da \u0107e svijet biti jako lijep i da \u0107e pobjeda Bezgrje\u0161nog Srca Djevice Marije obnoviti i nas i cijeli svijet. Neka zato svatko od nas danas postane pomo\u0107nik na\u0161e nebeske Majke. Ona nas upravo tako i naziva \u2013 apostoli moje ljubavi.<\/p>\n\n\n\n<h3 class=\"wp-block-heading\"><strong>Sveta misa u zajednici Cenacolo<\/strong><\/h3>\n\n\n\n<p>Jednom sam ovdje hodo\u010dastio na 2. dan mjeseca svibnja kad se Gospa jo\u0161 ukazivala vidjelici Mirjani i pozivala nas je moliti za one koje nisu upoznali Bo\u017eju ljubav. Nakon ukazanja slavili smo svetu misu u zajednici Cenacolo. Hodo\u010dasnici su bili iz raznih zemalja biv\u0161eg Sovjetskog Saveza: Ukrajinci, Rusi, Litvanci, Latvijci, Bjelorusi, Moldavci, i Poljaci, Slovaci\u2026 a svi smo se osje\u0107ali kao bra\u0107a i sestre jedne Majke nebeske koja nas je okupila u molitvi oko oltara. Vjerujem da je samo tako mogu\u0107e opet biti zajedno u ljubavi \u2013 u \u017ertvi Isusovoj zajedno s Majkom. Pred nama je dugi put ali Gospa je s nama, Ona nam poma\u017ee graditi nove mostove.<\/p>\n\n\n\n<p>Tom prigodom sam nau\u010dio moliti na jednu od najva\u017enijih nakana \u2013 za one koji jo\u0161 nisu upoznali Bo\u017eju ljubav. Pozivam i vas da to \u010dinite svakog drugog u mjesecu. Svo zlo u svijetu ima korijen upravo u tome \u2013 u nedostatku Bo\u017eje ljubavi.<\/p>\n\n\n\n<p>A kada molimo za Bo\u017eju ljubav, molimo za mir. Neka vas blagoslovi Bog, neka vas \u0161titi i pru\u017ei vam duhovnu snagu po zagovoru na\u0161e nebeske Majke Marije, arkan\u0111ela, an\u0111ela i svih svetaca. Amen.<\/p>\n\n\n\n<p>I na kraju vas ponizno molim da se zajedno pomolimo za na\u0161 ukrajinski narod koji krvari i pro\u017eivljava svoj kri\u017eni put.<\/p>\n\n\n\n<p>Izuzetna je milost moliti zajedno i ujedno se posvetiti Marijinom Bezgrje\u0161nom Srcu. Nastavimo to \u010diniti svaki dan i kada se vratimo ku\u0107i. Tome je Srcu obe\u0107ano da \u0107e pobijediti.<\/p>\n\n\n\n<p>Majko, Tvome Bezgrje\u0161nom Srcu posve\u0107ujemo sebe, svoje obitelji, sve narode i zemlje iz kojih dolazimo, Crkvu i \u010ditav svijet. Tvome Bezgrje\u0161nom Srcu posve\u0107ujemo i ovaj Mladifest. Neka se ostvare Tvoji planovi mira, Tvoje nakane i pobjeda Tvoga Srca s nama i po nama. Amen.<\/p>\n\n\n\n<p><em>Izvor: narod.hr\/Radio Mir Me\u0111ugorje<\/em><\/p>\n","protected":false},"excerpt":{"rendered":"<p>Pomo\u0107ni biskup Zaporo\u0161ko-kharkivske biskupije iz Ukrajine mons. Jan Sobilo posvjedo\u010dio je mladima drugog dana 33. Mladifesta, a njegovo je svjedo\u010danstvo objavio Radio Mir Me\u0111ugorje: O prvom posjetu Me\u0111ugorju \u201cDragi mladi, Nitko nije ovdje slu\u010dajno. Svatko je od nas posebno pozvan i odabran od Kraljice mira. Ona je u jednoj poruci rekla: \u201eNastojim vas svojim primjerom [&hellip;]<\/p>\n","protected":false},"author":2,"featured_media":166521,"comment_status":"closed","ping_status":"closed","sticky":false,"template":"","format":"standard","meta":{"h5ap_radio_sources":[],"footnotes":""},"categories":[1],"tags":[],"class_list":["post-166520","post","type-post","status-publish","format-standard","has-post-thumbnail","hentry","category-bihiregija"],"yoast_head":"<!-- This site is optimized with the Yoast SEO plugin v27.4 - https:\/\/yoast.com\/product\/yoast-seo-wordpress\/ -->\n<title>Ukrajinski biskup u Me\u0111ugorju: \u2018Na\u0161i vojnici se oslanjaju na vrlo sna\u017eno oru\u017eje \u2013 krunicu\u2019 - RADIO LJUBU\u0160KI<\/title>\n<meta name=\"robots\" content=\"index, follow, max-snippet:-1, max-image-preview:large, max-video-preview:-1\" \/>\n<link rel=\"canonical\" href=\"https:\/\/radioljubuski.ba\/index.php\/2022\/08\/04\/ukrajinski-biskup-u-medugorju-nasi-vojnici-se-oslanjaju-na-vrlo-snazno-oruzje-krunicu\/\" \/>\n<meta property=\"og:locale\" content=\"hr_HR\" \/>\n<meta property=\"og:type\" content=\"article\" \/>\n<meta property=\"og:title\" content=\"Ukrajinski biskup u Me\u0111ugorju: \u2018Na\u0161i vojnici se oslanjaju na vrlo sna\u017eno oru\u017eje \u2013 krunicu\u2019 - RADIO LJUBU\u0160KI\" \/>\n<meta property=\"og:description\" content=\"Pomo\u0107ni biskup Zaporo\u0161ko-kharkivske biskupije iz Ukrajine mons. Jan Sobilo posvjedo\u010dio je mladima drugog dana 33. Mladifesta, a njegovo je svjedo\u010danstvo objavio Radio Mir Me\u0111ugorje: O prvom posjetu Me\u0111ugorju \u201cDragi mladi, Nitko nije ovdje slu\u010dajno. Svatko je od nas posebno pozvan i odabran od Kraljice mira. Ona je u jednoj poruci rekla: \u201eNastojim vas svojim primjerom [&hellip;]\" \/>\n<meta property=\"og:url\" content=\"https:\/\/radioljubuski.ba\/index.php\/2022\/08\/04\/ukrajinski-biskup-u-medugorju-nasi-vojnici-se-oslanjaju-na-vrlo-snazno-oruzje-krunicu\/\" \/>\n<meta property=\"og:site_name\" content=\"RADIO LJUBU\u0160KI\" \/>\n<meta property=\"article:publisher\" content=\"https:\/\/www.facebook.com\/Radiio-Ljubuski-1490835324566332\" \/>\n<meta property=\"article:published_time\" content=\"2022-08-04T12:36:07+00:00\" \/>\n<meta property=\"article:modified_time\" content=\"2022-08-04T12:36:08+00:00\" \/>\n<meta property=\"og:image\" content=\"https:\/\/radioljubuski.ba\/wp-content\/uploads\/2022\/08\/HN20220801639192-1-696x392-1.jpg\" \/>\n\t<meta property=\"og:image:width\" content=\"696\" \/>\n\t<meta property=\"og:image:height\" content=\"392\" \/>\n\t<meta property=\"og:image:type\" content=\"image\/jpeg\" \/>\n<meta name=\"author\" content=\"Radio Ljubu\u0161ki\" \/>\n<meta name=\"twitter:card\" content=\"summary_large_image\" \/>\n<meta name=\"twitter:creator\" content=\"@radioljubuski\" \/>\n<meta name=\"twitter:site\" content=\"@radioljubuski\" \/>\n<meta name=\"twitter:label1\" content=\"Napisao\/la\" \/>\n\t<meta name=\"twitter:data1\" content=\"Radio Ljubu\u0161ki\" \/>\n\t<meta name=\"twitter:label2\" content=\"Procijenjeno vrijeme \u010ditanja\" \/>\n\t<meta name=\"twitter:data2\" content=\"8 minuta\" \/>\n<script type=\"application\/ld+json\" class=\"yoast-schema-graph\">{\"@context\":\"https:\\\/\\\/schema.org\",\"@graph\":[{\"@type\":\"Article\",\"@id\":\"https:\\\/\\\/radioljubuski.ba\\\/index.php\\\/2022\\\/08\\\/04\\\/ukrajinski-biskup-u-medugorju-nasi-vojnici-se-oslanjaju-na-vrlo-snazno-oruzje-krunicu\\\/#article\",\"isPartOf\":{\"@id\":\"https:\\\/\\\/radioljubuski.ba\\\/index.php\\\/2022\\\/08\\\/04\\\/ukrajinski-biskup-u-medugorju-nasi-vojnici-se-oslanjaju-na-vrlo-snazno-oruzje-krunicu\\\/\"},\"author\":{\"name\":\"Radio Ljubu\u0161ki\",\"@id\":\"https:\\\/\\\/radioljubuski.ba\\\/#\\\/schema\\\/person\\\/19fc700381a780f69665d7956c469e3b\"},\"headline\":\"Ukrajinski biskup u Me\u0111ugorju: \u2018Na\u0161i vojnici se oslanjaju na vrlo sna\u017eno oru\u017eje \u2013 krunicu\u2019\",\"datePublished\":\"2022-08-04T12:36:07+00:00\",\"dateModified\":\"2022-08-04T12:36:08+00:00\",\"mainEntityOfPage\":{\"@id\":\"https:\\\/\\\/radioljubuski.ba\\\/index.php\\\/2022\\\/08\\\/04\\\/ukrajinski-biskup-u-medugorju-nasi-vojnici-se-oslanjaju-na-vrlo-snazno-oruzje-krunicu\\\/\"},\"wordCount\":1836,\"publisher\":{\"@id\":\"https:\\\/\\\/radioljubuski.ba\\\/#organization\"},\"image\":{\"@id\":\"https:\\\/\\\/radioljubuski.ba\\\/index.php\\\/2022\\\/08\\\/04\\\/ukrajinski-biskup-u-medugorju-nasi-vojnici-se-oslanjaju-na-vrlo-snazno-oruzje-krunicu\\\/#primaryimage\"},\"thumbnailUrl\":\"https:\\\/\\\/radioljubuski.ba\\\/wp-content\\\/uploads\\\/2022\\\/08\\\/HN20220801639192-1-696x392-1.jpg\",\"articleSection\":[\"BIH i regija\"],\"inLanguage\":\"hr\"},{\"@type\":\"WebPage\",\"@id\":\"https:\\\/\\\/radioljubuski.ba\\\/index.php\\\/2022\\\/08\\\/04\\\/ukrajinski-biskup-u-medugorju-nasi-vojnici-se-oslanjaju-na-vrlo-snazno-oruzje-krunicu\\\/\",\"url\":\"https:\\\/\\\/radioljubuski.ba\\\/index.php\\\/2022\\\/08\\\/04\\\/ukrajinski-biskup-u-medugorju-nasi-vojnici-se-oslanjaju-na-vrlo-snazno-oruzje-krunicu\\\/\",\"name\":\"Ukrajinski biskup u Me\u0111ugorju: \u2018Na\u0161i vojnici se oslanjaju na vrlo sna\u017eno oru\u017eje \u2013 krunicu\u2019 - RADIO LJUBU\u0160KI\",\"isPartOf\":{\"@id\":\"https:\\\/\\\/radioljubuski.ba\\\/#website\"},\"primaryImageOfPage\":{\"@id\":\"https:\\\/\\\/radioljubuski.ba\\\/index.php\\\/2022\\\/08\\\/04\\\/ukrajinski-biskup-u-medugorju-nasi-vojnici-se-oslanjaju-na-vrlo-snazno-oruzje-krunicu\\\/#primaryimage\"},\"image\":{\"@id\":\"https:\\\/\\\/radioljubuski.ba\\\/index.php\\\/2022\\\/08\\\/04\\\/ukrajinski-biskup-u-medugorju-nasi-vojnici-se-oslanjaju-na-vrlo-snazno-oruzje-krunicu\\\/#primaryimage\"},\"thumbnailUrl\":\"https:\\\/\\\/radioljubuski.ba\\\/wp-content\\\/uploads\\\/2022\\\/08\\\/HN20220801639192-1-696x392-1.jpg\",\"datePublished\":\"2022-08-04T12:36:07+00:00\",\"dateModified\":\"2022-08-04T12:36:08+00:00\",\"breadcrumb\":{\"@id\":\"https:\\\/\\\/radioljubuski.ba\\\/index.php\\\/2022\\\/08\\\/04\\\/ukrajinski-biskup-u-medugorju-nasi-vojnici-se-oslanjaju-na-vrlo-snazno-oruzje-krunicu\\\/#breadcrumb\"},\"inLanguage\":\"hr\",\"potentialAction\":[{\"@type\":\"ReadAction\",\"target\":[\"https:\\\/\\\/radioljubuski.ba\\\/index.php\\\/2022\\\/08\\\/04\\\/ukrajinski-biskup-u-medugorju-nasi-vojnici-se-oslanjaju-na-vrlo-snazno-oruzje-krunicu\\\/\"]}]},{\"@type\":\"ImageObject\",\"inLanguage\":\"hr\",\"@id\":\"https:\\\/\\\/radioljubuski.ba\\\/index.php\\\/2022\\\/08\\\/04\\\/ukrajinski-biskup-u-medugorju-nasi-vojnici-se-oslanjaju-na-vrlo-snazno-oruzje-krunicu\\\/#primaryimage\",\"url\":\"https:\\\/\\\/radioljubuski.ba\\\/wp-content\\\/uploads\\\/2022\\\/08\\\/HN20220801639192-1-696x392-1.jpg\",\"contentUrl\":\"https:\\\/\\\/radioljubuski.ba\\\/wp-content\\\/uploads\\\/2022\\\/08\\\/HN20220801639192-1-696x392-1.jpg\",\"width\":696,\"height\":392},{\"@type\":\"BreadcrumbList\",\"@id\":\"https:\\\/\\\/radioljubuski.ba\\\/index.php\\\/2022\\\/08\\\/04\\\/ukrajinski-biskup-u-medugorju-nasi-vojnici-se-oslanjaju-na-vrlo-snazno-oruzje-krunicu\\\/#breadcrumb\",\"itemListElement\":[{\"@type\":\"ListItem\",\"position\":1,\"name\":\"Po\u010detna stranica\",\"item\":\"https:\\\/\\\/radioljubuski.ba\\\/\"},{\"@type\":\"ListItem\",\"position\":2,\"name\":\"Ukrajinski biskup u Me\u0111ugorju: \u2018Na\u0161i vojnici se oslanjaju na vrlo sna\u017eno oru\u017eje \u2013 krunicu\u2019\"}]},{\"@type\":\"WebSite\",\"@id\":\"https:\\\/\\\/radioljubuski.ba\\\/#website\",\"url\":\"https:\\\/\\\/radioljubuski.ba\\\/\",\"name\":\"Radio Ljubu\u0161ki\",\"description\":\"Sun\u010dana frekvencija Hercegovine\",\"publisher\":{\"@id\":\"https:\\\/\\\/radioljubuski.ba\\\/#organization\"},\"potentialAction\":[{\"@type\":\"SearchAction\",\"target\":{\"@type\":\"EntryPoint\",\"urlTemplate\":\"https:\\\/\\\/radioljubuski.ba\\\/?s={search_term_string}\"},\"query-input\":{\"@type\":\"PropertyValueSpecification\",\"valueRequired\":true,\"valueName\":\"search_term_string\"}}],\"inLanguage\":\"hr\"},{\"@type\":\"Organization\",\"@id\":\"https:\\\/\\\/radioljubuski.ba\\\/#organization\",\"name\":\"Radio Ljubu\u0161ki\",\"url\":\"https:\\\/\\\/radioljubuski.ba\\\/\",\"logo\":{\"@type\":\"ImageObject\",\"inLanguage\":\"hr\",\"@id\":\"https:\\\/\\\/radioljubuski.ba\\\/#\\\/schema\\\/logo\\\/image\\\/\",\"url\":\"https:\\\/\\\/radioljubuski.ba\\\/wp-content\\\/uploads\\\/2021\\\/02\\\/cropped-Radio_Ljubuski_logo1.jpg\",\"contentUrl\":\"https:\\\/\\\/radioljubuski.ba\\\/wp-content\\\/uploads\\\/2021\\\/02\\\/cropped-Radio_Ljubuski_logo1.jpg\",\"width\":512,\"height\":512,\"caption\":\"Radio Ljubu\u0161ki\"},\"image\":{\"@id\":\"https:\\\/\\\/radioljubuski.ba\\\/#\\\/schema\\\/logo\\\/image\\\/\"},\"sameAs\":[\"https:\\\/\\\/www.facebook.com\\\/Radiio-Ljubuski-1490835324566332\",\"https:\\\/\\\/x.com\\\/radioljubuski\",\"https:\\\/\\\/hr.linkedin.com\\\/company\\\/radio-ljubuski\",\"https:\\\/\\\/www.youtube.com\\\/channel\\\/UCHYaeO_n0Db3tjNGudGpXyw\"]},{\"@type\":\"Person\",\"@id\":\"https:\\\/\\\/radioljubuski.ba\\\/#\\\/schema\\\/person\\\/19fc700381a780f69665d7956c469e3b\",\"name\":\"Radio Ljubu\u0161ki\"}]}<\/script>\n<!-- \/ Yoast SEO plugin. -->","yoast_head_json":{"title":"Ukrajinski biskup u Me\u0111ugorju: \u2018Na\u0161i vojnici se oslanjaju na vrlo sna\u017eno oru\u017eje \u2013 krunicu\u2019 - RADIO LJUBU\u0160KI","robots":{"index":"index","follow":"follow","max-snippet":"max-snippet:-1","max-image-preview":"max-image-preview:large","max-video-preview":"max-video-preview:-1"},"canonical":"https:\/\/radioljubuski.ba\/index.php\/2022\/08\/04\/ukrajinski-biskup-u-medugorju-nasi-vojnici-se-oslanjaju-na-vrlo-snazno-oruzje-krunicu\/","og_locale":"hr_HR","og_type":"article","og_title":"Ukrajinski biskup u Me\u0111ugorju: \u2018Na\u0161i vojnici se oslanjaju na vrlo sna\u017eno oru\u017eje \u2013 krunicu\u2019 - RADIO LJUBU\u0160KI","og_description":"Pomo\u0107ni biskup Zaporo\u0161ko-kharkivske biskupije iz Ukrajine mons. Jan Sobilo posvjedo\u010dio je mladima drugog dana 33. Mladifesta, a njegovo je svjedo\u010danstvo objavio Radio Mir Me\u0111ugorje: O prvom posjetu Me\u0111ugorju \u201cDragi mladi, Nitko nije ovdje slu\u010dajno. Svatko je od nas posebno pozvan i odabran od Kraljice mira. Ona je u jednoj poruci rekla: \u201eNastojim vas svojim primjerom [&hellip;]","og_url":"https:\/\/radioljubuski.ba\/index.php\/2022\/08\/04\/ukrajinski-biskup-u-medugorju-nasi-vojnici-se-oslanjaju-na-vrlo-snazno-oruzje-krunicu\/","og_site_name":"RADIO LJUBU\u0160KI","article_publisher":"https:\/\/www.facebook.com\/Radiio-Ljubuski-1490835324566332","article_published_time":"2022-08-04T12:36:07+00:00","article_modified_time":"2022-08-04T12:36:08+00:00","og_image":[{"width":696,"height":392,"url":"https:\/\/radioljubuski.ba\/wp-content\/uploads\/2022\/08\/HN20220801639192-1-696x392-1.jpg","type":"image\/jpeg"}],"author":"Radio Ljubu\u0161ki","twitter_card":"summary_large_image","twitter_creator":"@radioljubuski","twitter_site":"@radioljubuski","twitter_misc":{"Napisao\/la":"Radio Ljubu\u0161ki","Procijenjeno vrijeme \u010ditanja":"8 minuta"},"schema":{"@context":"https:\/\/schema.org","@graph":[{"@type":"Article","@id":"https:\/\/radioljubuski.ba\/index.php\/2022\/08\/04\/ukrajinski-biskup-u-medugorju-nasi-vojnici-se-oslanjaju-na-vrlo-snazno-oruzje-krunicu\/#article","isPartOf":{"@id":"https:\/\/radioljubuski.ba\/index.php\/2022\/08\/04\/ukrajinski-biskup-u-medugorju-nasi-vojnici-se-oslanjaju-na-vrlo-snazno-oruzje-krunicu\/"},"author":{"name":"Radio Ljubu\u0161ki","@id":"https:\/\/radioljubuski.ba\/#\/schema\/person\/19fc700381a780f69665d7956c469e3b"},"headline":"Ukrajinski biskup u Me\u0111ugorju: \u2018Na\u0161i vojnici se oslanjaju na vrlo sna\u017eno oru\u017eje \u2013 krunicu\u2019","datePublished":"2022-08-04T12:36:07+00:00","dateModified":"2022-08-04T12:36:08+00:00","mainEntityOfPage":{"@id":"https:\/\/radioljubuski.ba\/index.php\/2022\/08\/04\/ukrajinski-biskup-u-medugorju-nasi-vojnici-se-oslanjaju-na-vrlo-snazno-oruzje-krunicu\/"},"wordCount":1836,"publisher":{"@id":"https:\/\/radioljubuski.ba\/#organization"},"image":{"@id":"https:\/\/radioljubuski.ba\/index.php\/2022\/08\/04\/ukrajinski-biskup-u-medugorju-nasi-vojnici-se-oslanjaju-na-vrlo-snazno-oruzje-krunicu\/#primaryimage"},"thumbnailUrl":"https:\/\/radioljubuski.ba\/wp-content\/uploads\/2022\/08\/HN20220801639192-1-696x392-1.jpg","articleSection":["BIH i regija"],"inLanguage":"hr"},{"@type":"WebPage","@id":"https:\/\/radioljubuski.ba\/index.php\/2022\/08\/04\/ukrajinski-biskup-u-medugorju-nasi-vojnici-se-oslanjaju-na-vrlo-snazno-oruzje-krunicu\/","url":"https:\/\/radioljubuski.ba\/index.php\/2022\/08\/04\/ukrajinski-biskup-u-medugorju-nasi-vojnici-se-oslanjaju-na-vrlo-snazno-oruzje-krunicu\/","name":"Ukrajinski biskup u Me\u0111ugorju: \u2018Na\u0161i vojnici se oslanjaju na vrlo sna\u017eno oru\u017eje \u2013 krunicu\u2019 - RADIO LJUBU\u0160KI","isPartOf":{"@id":"https:\/\/radioljubuski.ba\/#website"},"primaryImageOfPage":{"@id":"https:\/\/radioljubuski.ba\/index.php\/2022\/08\/04\/ukrajinski-biskup-u-medugorju-nasi-vojnici-se-oslanjaju-na-vrlo-snazno-oruzje-krunicu\/#primaryimage"},"image":{"@id":"https:\/\/radioljubuski.ba\/index.php\/2022\/08\/04\/ukrajinski-biskup-u-medugorju-nasi-vojnici-se-oslanjaju-na-vrlo-snazno-oruzje-krunicu\/#primaryimage"},"thumbnailUrl":"https:\/\/radioljubuski.ba\/wp-content\/uploads\/2022\/08\/HN20220801639192-1-696x392-1.jpg","datePublished":"2022-08-04T12:36:07+00:00","dateModified":"2022-08-04T12:36:08+00:00","breadcrumb":{"@id":"https:\/\/radioljubuski.ba\/index.php\/2022\/08\/04\/ukrajinski-biskup-u-medugorju-nasi-vojnici-se-oslanjaju-na-vrlo-snazno-oruzje-krunicu\/#breadcrumb"},"inLanguage":"hr","potentialAction":[{"@type":"ReadAction","target":["https:\/\/radioljubuski.ba\/index.php\/2022\/08\/04\/ukrajinski-biskup-u-medugorju-nasi-vojnici-se-oslanjaju-na-vrlo-snazno-oruzje-krunicu\/"]}]},{"@type":"ImageObject","inLanguage":"hr","@id":"https:\/\/radioljubuski.ba\/index.php\/2022\/08\/04\/ukrajinski-biskup-u-medugorju-nasi-vojnici-se-oslanjaju-na-vrlo-snazno-oruzje-krunicu\/#primaryimage","url":"https:\/\/radioljubuski.ba\/wp-content\/uploads\/2022\/08\/HN20220801639192-1-696x392-1.jpg","contentUrl":"https:\/\/radioljubuski.ba\/wp-content\/uploads\/2022\/08\/HN20220801639192-1-696x392-1.jpg","width":696,"height":392},{"@type":"BreadcrumbList","@id":"https:\/\/radioljubuski.ba\/index.php\/2022\/08\/04\/ukrajinski-biskup-u-medugorju-nasi-vojnici-se-oslanjaju-na-vrlo-snazno-oruzje-krunicu\/#breadcrumb","itemListElement":[{"@type":"ListItem","position":1,"name":"Po\u010detna stranica","item":"https:\/\/radioljubuski.ba\/"},{"@type":"ListItem","position":2,"name":"Ukrajinski biskup u Me\u0111ugorju: \u2018Na\u0161i vojnici se oslanjaju na vrlo sna\u017eno oru\u017eje \u2013 krunicu\u2019"}]},{"@type":"WebSite","@id":"https:\/\/radioljubuski.ba\/#website","url":"https:\/\/radioljubuski.ba\/","name":"Radio Ljubu\u0161ki","description":"Sun\u010dana frekvencija Hercegovine","publisher":{"@id":"https:\/\/radioljubuski.ba\/#organization"},"potentialAction":[{"@type":"SearchAction","target":{"@type":"EntryPoint","urlTemplate":"https:\/\/radioljubuski.ba\/?s={search_term_string}"},"query-input":{"@type":"PropertyValueSpecification","valueRequired":true,"valueName":"search_term_string"}}],"inLanguage":"hr"},{"@type":"Organization","@id":"https:\/\/radioljubuski.ba\/#organization","name":"Radio Ljubu\u0161ki","url":"https:\/\/radioljubuski.ba\/","logo":{"@type":"ImageObject","inLanguage":"hr","@id":"https:\/\/radioljubuski.ba\/#\/schema\/logo\/image\/","url":"https:\/\/radioljubuski.ba\/wp-content\/uploads\/2021\/02\/cropped-Radio_Ljubuski_logo1.jpg","contentUrl":"https:\/\/radioljubuski.ba\/wp-content\/uploads\/2021\/02\/cropped-Radio_Ljubuski_logo1.jpg","width":512,"height":512,"caption":"Radio Ljubu\u0161ki"},"image":{"@id":"https:\/\/radioljubuski.ba\/#\/schema\/logo\/image\/"},"sameAs":["https:\/\/www.facebook.com\/Radiio-Ljubuski-1490835324566332","https:\/\/x.com\/radioljubuski","https:\/\/hr.linkedin.com\/company\/radio-ljubuski","https:\/\/www.youtube.com\/channel\/UCHYaeO_n0Db3tjNGudGpXyw"]},{"@type":"Person","@id":"https:\/\/radioljubuski.ba\/#\/schema\/person\/19fc700381a780f69665d7956c469e3b","name":"Radio Ljubu\u0161ki"}]}},"_links":{"self":[{"href":"https:\/\/radioljubuski.ba\/index.php\/wp-json\/wp\/v2\/posts\/166520","targetHints":{"allow":["GET"]}}],"collection":[{"href":"https:\/\/radioljubuski.ba\/index.php\/wp-json\/wp\/v2\/posts"}],"about":[{"href":"https:\/\/radioljubuski.ba\/index.php\/wp-json\/wp\/v2\/types\/post"}],"author":[{"embeddable":true,"href":"https:\/\/radioljubuski.ba\/index.php\/wp-json\/wp\/v2\/users\/2"}],"replies":[{"embeddable":true,"href":"https:\/\/radioljubuski.ba\/index.php\/wp-json\/wp\/v2\/comments?post=166520"}],"version-history":[{"count":1,"href":"https:\/\/radioljubuski.ba\/index.php\/wp-json\/wp\/v2\/posts\/166520\/revisions"}],"predecessor-version":[{"id":166522,"href":"https:\/\/radioljubuski.ba\/index.php\/wp-json\/wp\/v2\/posts\/166520\/revisions\/166522"}],"wp:featuredmedia":[{"embeddable":true,"href":"https:\/\/radioljubuski.ba\/index.php\/wp-json\/wp\/v2\/media\/166521"}],"wp:attachment":[{"href":"https:\/\/radioljubuski.ba\/index.php\/wp-json\/wp\/v2\/media?parent=166520"}],"wp:term":[{"taxonomy":"category","embeddable":true,"href":"https:\/\/radioljubuski.ba\/index.php\/wp-json\/wp\/v2\/categories?post=166520"},{"taxonomy":"post_tag","embeddable":true,"href":"https:\/\/radioljubuski.ba\/index.php\/wp-json\/wp\/v2\/tags?post=166520"}],"curies":[{"name":"wp","href":"https:\/\/api.w.org\/{rel}","templated":true}]}}