{"id":166523,"date":"2022-08-04T13:37:53","date_gmt":"2022-08-04T12:37:53","guid":{"rendered":"https:\/\/radioljubuski.ba\/?p=166523"},"modified":"2022-08-04T13:37:55","modified_gmt":"2022-08-04T12:37:55","slug":"banozic-se-pohvalio-oruzjem-kojim-hrvatska-vojska-raspolaze-ulaze-u-sve-tri-grane-hv-a","status":"publish","type":"post","link":"https:\/\/radioljubuski.ba\/index.php\/2022\/08\/04\/banozic-se-pohvalio-oruzjem-kojim-hrvatska-vojska-raspolaze-ulaze-u-sve-tri-grane-hv-a\/","title":{"rendered":"Bano\u017ei\u0107 se pohvalio oru\u017ejem kojim Hrvatska vojska raspola\u017ee: &#8220;Ula\u017ee u sve tri grane HV-a&#8221;"},"content":{"rendered":"\n<p>Ministar obrane Mario Bano\u017ei\u0107 gostovao je sino\u0107 u Dnevniku&nbsp;<a href=\"https:\/\/vijesti.hrt.hr\/hrvatska\/ministar-obrane-mario-banozic-u-dnevniku-htv-a-8853237\" target=\"_blank\" rel=\"noreferrer noopener\">HRT-a<\/a>.<\/p>\n\n\n\n<p>Govorio je o situaciji s protupo\u017earnim zrakoplovima koji su zapeli na remontu, predstoje\u0107oj proslavi Oluje i odnosu s predsjednikom Milanovi\u0107em.<\/p>\n\n\n\n<p>Komentiraju\u0107i \u010dinjenicu da kanaderi i air tractori nisu spremni u ugovorno definiranim rokovima, Bano\u017ei\u0107 je kazao kako treba pohvaliti pilote i tehni\u010dare koji svakodnevno odr\u017eavaju protupo\u017earne zrakoplove i tako doprinose sigurnosti dr\u017eave. Oni to rade 24 sata na dan i rade u svim mogu\u0107im uvjetima, dodao je podsjetiv\u0161i na ju\u010dera\u0161nje po\u017eare na \u0161ibenskom podru\u010dju.<\/p>\n\n\n\n<p>&#8220;Naravno da bi bila odre\u0111ena komocija kod planiranja materijalnih resursa, ali mi danas uspijevamo sve odraditi. U zadnja dva tjedna pru\u017eili smo pomo\u0107 i u Sloveniji te BiH, tako da u ovom trenutku ugroze za hrvatske gra\u0111ane nema. Dinami\u010dki plan sa ZTC-om je bio ugovoren 15. kolovoza pro\u0161le godine i aktiviran u velja\u010di, ali se to nije dogodilo&#8221;, odgovorio je Bano\u017ei\u0107 na konstataciju da bi sve bilo lak\u0161e uz deset protupo\u017earnih zrakoplova.<\/p>\n\n\n\n<p>&#8220;S ovim s \u010dim mo\u017eemo dajemo maksimalnu snagu&#8221;<\/p>\n\n\n\n<p>Vezano za ka\u0161njenje remonta zrakoplova, Bano\u017ei\u0107 je kazao kako su nekoliko mjeseci dolazile informacije o tome da se doga\u0111a, me\u0111utim u razgovorima sa ZTC-om je, tvrdi, dobivao uvjeravanja da \u0107e sve biti u redu.<\/p>\n\n\n\n<p>&#8220;Ja jedino mogu tra\u017eiti da zrakoplov do\u0111e, a kad zavr\u0161i sezona, kad vidimo koji su izazovi, mo\u0107i \u0107e se konkretnije razgovarati&#8221;, rekao je ministar.<\/p>\n\n\n\n<p>Komentiraju\u0107i \u010dinjenicu da zapovjednik HRZ-a Michael Kri\u017eanec nije mogao konkretno re\u0107i da \u0107e varijanta s 4+3 zrakoplova biti dovoljna, Bano\u017ei\u0107 je kazao: &#8220;Nitko ne mo\u017ee predvidjeti \u0161to se mo\u017ee dogoditi, a mi s ovim s \u010dim mo\u017eemo dajemo maksimalnu snagu.&#8221;<\/p>\n\n\n\n<p>Odgovaraju\u0107i na pitanje \u0161to misli o tome da neki djelatnici tijekom bolovanja ili godi\u0161njeg odmora rade u tvrtkama u inozemstvu, rekao je kako ne mo\u017ee ulaziti u operativne procese ZTC-a te da to rje\u0161ava Uprava. MORH se u ovom slu\u010daju nalazi u ugovornom odnosu, a djelatnike koji to rade, smatra, svakako treba sankcionirati.<\/p>\n\n\n\n<p>Pohvalio se prora\u010dunom te nabrojao oru\u017eje koje vojska ima<\/p>\n\n\n\n<p>&#8220;Hrvatska vojska ove godine ima zaista impresivan prora\u010dun od gotovo 7.6 milijardi. Iz izvje\u0161\u0107a sa sastanka NATO-a u travnju vidi se da je Hrvatska jedna od rijetkih \u010dlanica saveza koja prelazi dva posto BDP-a izdvajanja za vojsku, od \u010dega vi\u0161e od 30 posto ide za modernizaciju i opremanje&#8221;, kazao je Bano\u017ei\u0107. Mnogi su poku\u0161ali, dodao je, umanjiti zna\u010daj MORH-a, ali ne radi se samo o Rafalima ve\u0107 se ula\u017ee u sve tri grane HV-a.<\/p>\n\n\n\n<p>&#8220;Tu je i infrastruktura, Black Hawk te zamjena helikoptera sovjetske proizvodnje, potpora civilnim institucijama kroz protupo\u017earnu za\u0161titu i hitan medicinski prijevoz&#8221;, rekao je Bano\u017ei\u0107 pa nastavio govoriti o kopnenoj vojsci.<\/p>\n\n\n\n<p>&#8220;Cilj nam je zadovoljavanje cilja srednje pje\u0161a\u010dke brigade pa smo i\u0161li u nabavku Bradleyja, borbenih vozila na gusjenicama i to\u010dka\u0161i \u0107e biti opremljeni 30-mm daljinskim oru\u017eanim stanicama te Spike raketnim sustavom&#8221;, kazao je ministar. \u0160to se ti\u010de mornarice, naveo je zavr\u0161avanje obalnih ophodnih brodova, nabavku dva lovca za mine i projektiranje vi\u0161enamjenskog broda.<\/p>\n\n\n\n<p>Ne dolazi na Milanovi\u0107ev prijem<\/p>\n\n\n\n<p>Bano\u017ei\u0107 je potvrdio da ne\u0107e biti na primanju ratnih zapovjednika na obljetnicu Oluje u organizaciji predsjednika Zorana Milanovi\u0107a. Kazao je kako je od jutra zauzet aktivnostima &#8211; od polaganja vijenaca na Mirogoju, sve\u010dane Akademije, sastanka sa zapovjednikom garde Minnesote te susretom s braniteljima s ministrom Medvedom i premijerom Plenkovi\u0107em.<\/p>\n\n\n\n<p>Objasnio je na \u0161to je konkretno mislio kad je na dana\u0161njoj konferenciji za novinare spomenuo skandal s udrugama.<\/p>\n\n\n\n<p>&#8220;Mislio sam na udruge koje koriste svoja prava da komuniciraju da su bili sudionici Oluje, ali i ja sam kao dijete bio u Oluji. Pro\u0161ao sam cijeli dio &#8217;95. godine, isto kao i &#8217;91. Jako se dobro sje\u0107am doga\u0111aja, bio sam u ratnom podru\u010dju. Mislim da svi zajedno na to trebamo gledati s pijetetom, a ne raditi na promaknu\u0107u pojedinih politi\u010dkih ciljeva kad o tome govorimo&#8221;, rekao je Bano\u017ei\u0107. Zaklju\u010dio je da hrvatski narod zaslu\u017euje dostojanstvenu proslavu Oluje.<\/p>\n\n\n\n<p>Izvor.hrt.hr<\/p>\n","protected":false},"excerpt":{"rendered":"<p>Ministar obrane Mario Bano\u017ei\u0107 gostovao je sino\u0107 u Dnevniku&nbsp;HRT-a. Govorio je o situaciji s protupo\u017earnim zrakoplovima koji su zapeli na remontu, predstoje\u0107oj proslavi Oluje i odnosu s predsjednikom Milanovi\u0107em. Komentiraju\u0107i \u010dinjenicu da kanaderi i air tractori nisu spremni u ugovorno definiranim rokovima, Bano\u017ei\u0107 je kazao kako treba pohvaliti pilote i tehni\u010dare koji svakodnevno odr\u017eavaju protupo\u017earne [&hellip;]<\/p>\n","protected":false},"author":2,"featured_media":166524,"comment_status":"closed","ping_status":"closed","sticky":false,"template":"","format":"standard","meta":{"h5ap_radio_sources":[],"footnotes":""},"categories":[1],"tags":[],"class_list":["post-166523","post","type-post","status-publish","format-standard","has-post-thumbnail","hentry","category-bihiregija"],"yoast_head":"<!-- This site is optimized with the Yoast SEO plugin v27.4 - https:\/\/yoast.com\/product\/yoast-seo-wordpress\/ -->\n<title>Bano\u017ei\u0107 se pohvalio oru\u017ejem kojim Hrvatska vojska raspola\u017ee: &quot;Ula\u017ee u sve tri grane HV-a&quot; - RADIO LJUBU\u0160KI<\/title>\n<meta name=\"robots\" content=\"index, follow, max-snippet:-1, max-image-preview:large, max-video-preview:-1\" \/>\n<link rel=\"canonical\" href=\"https:\/\/radioljubuski.ba\/index.php\/2022\/08\/04\/banozic-se-pohvalio-oruzjem-kojim-hrvatska-vojska-raspolaze-ulaze-u-sve-tri-grane-hv-a\/\" \/>\n<meta property=\"og:locale\" content=\"hr_HR\" \/>\n<meta property=\"og:type\" content=\"article\" \/>\n<meta property=\"og:title\" content=\"Bano\u017ei\u0107 se pohvalio oru\u017ejem kojim Hrvatska vojska raspola\u017ee: &quot;Ula\u017ee u sve tri grane HV-a&quot; - RADIO LJUBU\u0160KI\" \/>\n<meta property=\"og:description\" content=\"Ministar obrane Mario Bano\u017ei\u0107 gostovao je sino\u0107 u Dnevniku&nbsp;HRT-a. Govorio je o situaciji s protupo\u017earnim zrakoplovima koji su zapeli na remontu, predstoje\u0107oj proslavi Oluje i odnosu s predsjednikom Milanovi\u0107em. Komentiraju\u0107i \u010dinjenicu da kanaderi i air tractori nisu spremni u ugovorno definiranim rokovima, Bano\u017ei\u0107 je kazao kako treba pohvaliti pilote i tehni\u010dare koji svakodnevno odr\u017eavaju protupo\u017earne [&hellip;]\" \/>\n<meta property=\"og:url\" content=\"https:\/\/radioljubuski.ba\/index.php\/2022\/08\/04\/banozic-se-pohvalio-oruzjem-kojim-hrvatska-vojska-raspolaze-ulaze-u-sve-tri-grane-hv-a\/\" \/>\n<meta property=\"og:site_name\" content=\"RADIO LJUBU\u0160KI\" \/>\n<meta property=\"article:publisher\" content=\"https:\/\/www.facebook.com\/Radiio-Ljubuski-1490835324566332\" \/>\n<meta property=\"article:published_time\" content=\"2022-08-04T12:37:53+00:00\" \/>\n<meta property=\"article:modified_time\" content=\"2022-08-04T12:37:55+00:00\" \/>\n<meta property=\"og:image\" content=\"https:\/\/radioljubuski.ba\/wp-content\/uploads\/2022\/08\/10-2022-08-03-20-40-19-Snimka-zaslona-2022-08-03-203816.jpg\" \/>\n\t<meta property=\"og:image:width\" content=\"1000\" \/>\n\t<meta property=\"og:image:height\" content=\"625\" \/>\n\t<meta property=\"og:image:type\" content=\"image\/jpeg\" \/>\n<meta name=\"author\" content=\"Radio Ljubu\u0161ki\" \/>\n<meta name=\"twitter:card\" content=\"summary_large_image\" \/>\n<meta name=\"twitter:creator\" content=\"@radioljubuski\" \/>\n<meta name=\"twitter:site\" content=\"@radioljubuski\" \/>\n<meta name=\"twitter:label1\" content=\"Napisao\/la\" \/>\n\t<meta name=\"twitter:data1\" content=\"Radio Ljubu\u0161ki\" \/>\n\t<meta name=\"twitter:label2\" content=\"Procijenjeno vrijeme \u010ditanja\" \/>\n\t<meta name=\"twitter:data2\" content=\"3 minute\" \/>\n<script type=\"application\/ld+json\" class=\"yoast-schema-graph\">{\"@context\":\"https:\\\/\\\/schema.org\",\"@graph\":[{\"@type\":\"Article\",\"@id\":\"https:\\\/\\\/radioljubuski.ba\\\/index.php\\\/2022\\\/08\\\/04\\\/banozic-se-pohvalio-oruzjem-kojim-hrvatska-vojska-raspolaze-ulaze-u-sve-tri-grane-hv-a\\\/#article\",\"isPartOf\":{\"@id\":\"https:\\\/\\\/radioljubuski.ba\\\/index.php\\\/2022\\\/08\\\/04\\\/banozic-se-pohvalio-oruzjem-kojim-hrvatska-vojska-raspolaze-ulaze-u-sve-tri-grane-hv-a\\\/\"},\"author\":{\"name\":\"Radio Ljubu\u0161ki\",\"@id\":\"https:\\\/\\\/radioljubuski.ba\\\/#\\\/schema\\\/person\\\/19fc700381a780f69665d7956c469e3b\"},\"headline\":\"Bano\u017ei\u0107 se pohvalio oru\u017ejem kojim Hrvatska vojska raspola\u017ee: &#8220;Ula\u017ee u sve tri grane HV-a&#8221;\",\"datePublished\":\"2022-08-04T12:37:53+00:00\",\"dateModified\":\"2022-08-04T12:37:55+00:00\",\"mainEntityOfPage\":{\"@id\":\"https:\\\/\\\/radioljubuski.ba\\\/index.php\\\/2022\\\/08\\\/04\\\/banozic-se-pohvalio-oruzjem-kojim-hrvatska-vojska-raspolaze-ulaze-u-sve-tri-grane-hv-a\\\/\"},\"wordCount\":729,\"publisher\":{\"@id\":\"https:\\\/\\\/radioljubuski.ba\\\/#organization\"},\"image\":{\"@id\":\"https:\\\/\\\/radioljubuski.ba\\\/index.php\\\/2022\\\/08\\\/04\\\/banozic-se-pohvalio-oruzjem-kojim-hrvatska-vojska-raspolaze-ulaze-u-sve-tri-grane-hv-a\\\/#primaryimage\"},\"thumbnailUrl\":\"https:\\\/\\\/radioljubuski.ba\\\/wp-content\\\/uploads\\\/2022\\\/08\\\/10-2022-08-03-20-40-19-Snimka-zaslona-2022-08-03-203816.jpg\",\"articleSection\":[\"BIH i regija\"],\"inLanguage\":\"hr\"},{\"@type\":\"WebPage\",\"@id\":\"https:\\\/\\\/radioljubuski.ba\\\/index.php\\\/2022\\\/08\\\/04\\\/banozic-se-pohvalio-oruzjem-kojim-hrvatska-vojska-raspolaze-ulaze-u-sve-tri-grane-hv-a\\\/\",\"url\":\"https:\\\/\\\/radioljubuski.ba\\\/index.php\\\/2022\\\/08\\\/04\\\/banozic-se-pohvalio-oruzjem-kojim-hrvatska-vojska-raspolaze-ulaze-u-sve-tri-grane-hv-a\\\/\",\"name\":\"Bano\u017ei\u0107 se pohvalio oru\u017ejem kojim Hrvatska vojska raspola\u017ee: \\\"Ula\u017ee u sve tri grane HV-a\\\" - RADIO LJUBU\u0160KI\",\"isPartOf\":{\"@id\":\"https:\\\/\\\/radioljubuski.ba\\\/#website\"},\"primaryImageOfPage\":{\"@id\":\"https:\\\/\\\/radioljubuski.ba\\\/index.php\\\/2022\\\/08\\\/04\\\/banozic-se-pohvalio-oruzjem-kojim-hrvatska-vojska-raspolaze-ulaze-u-sve-tri-grane-hv-a\\\/#primaryimage\"},\"image\":{\"@id\":\"https:\\\/\\\/radioljubuski.ba\\\/index.php\\\/2022\\\/08\\\/04\\\/banozic-se-pohvalio-oruzjem-kojim-hrvatska-vojska-raspolaze-ulaze-u-sve-tri-grane-hv-a\\\/#primaryimage\"},\"thumbnailUrl\":\"https:\\\/\\\/radioljubuski.ba\\\/wp-content\\\/uploads\\\/2022\\\/08\\\/10-2022-08-03-20-40-19-Snimka-zaslona-2022-08-03-203816.jpg\",\"datePublished\":\"2022-08-04T12:37:53+00:00\",\"dateModified\":\"2022-08-04T12:37:55+00:00\",\"breadcrumb\":{\"@id\":\"https:\\\/\\\/radioljubuski.ba\\\/index.php\\\/2022\\\/08\\\/04\\\/banozic-se-pohvalio-oruzjem-kojim-hrvatska-vojska-raspolaze-ulaze-u-sve-tri-grane-hv-a\\\/#breadcrumb\"},\"inLanguage\":\"hr\",\"potentialAction\":[{\"@type\":\"ReadAction\",\"target\":[\"https:\\\/\\\/radioljubuski.ba\\\/index.php\\\/2022\\\/08\\\/04\\\/banozic-se-pohvalio-oruzjem-kojim-hrvatska-vojska-raspolaze-ulaze-u-sve-tri-grane-hv-a\\\/\"]}]},{\"@type\":\"ImageObject\",\"inLanguage\":\"hr\",\"@id\":\"https:\\\/\\\/radioljubuski.ba\\\/index.php\\\/2022\\\/08\\\/04\\\/banozic-se-pohvalio-oruzjem-kojim-hrvatska-vojska-raspolaze-ulaze-u-sve-tri-grane-hv-a\\\/#primaryimage\",\"url\":\"https:\\\/\\\/radioljubuski.ba\\\/wp-content\\\/uploads\\\/2022\\\/08\\\/10-2022-08-03-20-40-19-Snimka-zaslona-2022-08-03-203816.jpg\",\"contentUrl\":\"https:\\\/\\\/radioljubuski.ba\\\/wp-content\\\/uploads\\\/2022\\\/08\\\/10-2022-08-03-20-40-19-Snimka-zaslona-2022-08-03-203816.jpg\",\"width\":1000,\"height\":625},{\"@type\":\"BreadcrumbList\",\"@id\":\"https:\\\/\\\/radioljubuski.ba\\\/index.php\\\/2022\\\/08\\\/04\\\/banozic-se-pohvalio-oruzjem-kojim-hrvatska-vojska-raspolaze-ulaze-u-sve-tri-grane-hv-a\\\/#breadcrumb\",\"itemListElement\":[{\"@type\":\"ListItem\",\"position\":1,\"name\":\"Po\u010detna stranica\",\"item\":\"https:\\\/\\\/radioljubuski.ba\\\/\"},{\"@type\":\"ListItem\",\"position\":2,\"name\":\"Bano\u017ei\u0107 se pohvalio oru\u017ejem kojim Hrvatska vojska raspola\u017ee: &#8220;Ula\u017ee u sve tri grane HV-a&#8221;\"}]},{\"@type\":\"WebSite\",\"@id\":\"https:\\\/\\\/radioljubuski.ba\\\/#website\",\"url\":\"https:\\\/\\\/radioljubuski.ba\\\/\",\"name\":\"Radio Ljubu\u0161ki\",\"description\":\"Sun\u010dana frekvencija Hercegovine\",\"publisher\":{\"@id\":\"https:\\\/\\\/radioljubuski.ba\\\/#organization\"},\"potentialAction\":[{\"@type\":\"SearchAction\",\"target\":{\"@type\":\"EntryPoint\",\"urlTemplate\":\"https:\\\/\\\/radioljubuski.ba\\\/?s={search_term_string}\"},\"query-input\":{\"@type\":\"PropertyValueSpecification\",\"valueRequired\":true,\"valueName\":\"search_term_string\"}}],\"inLanguage\":\"hr\"},{\"@type\":\"Organization\",\"@id\":\"https:\\\/\\\/radioljubuski.ba\\\/#organization\",\"name\":\"Radio Ljubu\u0161ki\",\"url\":\"https:\\\/\\\/radioljubuski.ba\\\/\",\"logo\":{\"@type\":\"ImageObject\",\"inLanguage\":\"hr\",\"@id\":\"https:\\\/\\\/radioljubuski.ba\\\/#\\\/schema\\\/logo\\\/image\\\/\",\"url\":\"https:\\\/\\\/radioljubuski.ba\\\/wp-content\\\/uploads\\\/2021\\\/02\\\/cropped-Radio_Ljubuski_logo1.jpg\",\"contentUrl\":\"https:\\\/\\\/radioljubuski.ba\\\/wp-content\\\/uploads\\\/2021\\\/02\\\/cropped-Radio_Ljubuski_logo1.jpg\",\"width\":512,\"height\":512,\"caption\":\"Radio Ljubu\u0161ki\"},\"image\":{\"@id\":\"https:\\\/\\\/radioljubuski.ba\\\/#\\\/schema\\\/logo\\\/image\\\/\"},\"sameAs\":[\"https:\\\/\\\/www.facebook.com\\\/Radiio-Ljubuski-1490835324566332\",\"https:\\\/\\\/x.com\\\/radioljubuski\",\"https:\\\/\\\/hr.linkedin.com\\\/company\\\/radio-ljubuski\",\"https:\\\/\\\/www.youtube.com\\\/channel\\\/UCHYaeO_n0Db3tjNGudGpXyw\"]},{\"@type\":\"Person\",\"@id\":\"https:\\\/\\\/radioljubuski.ba\\\/#\\\/schema\\\/person\\\/19fc700381a780f69665d7956c469e3b\",\"name\":\"Radio Ljubu\u0161ki\"}]}<\/script>\n<!-- \/ Yoast SEO plugin. -->","yoast_head_json":{"title":"Bano\u017ei\u0107 se pohvalio oru\u017ejem kojim Hrvatska vojska raspola\u017ee: \"Ula\u017ee u sve tri grane HV-a\" - RADIO LJUBU\u0160KI","robots":{"index":"index","follow":"follow","max-snippet":"max-snippet:-1","max-image-preview":"max-image-preview:large","max-video-preview":"max-video-preview:-1"},"canonical":"https:\/\/radioljubuski.ba\/index.php\/2022\/08\/04\/banozic-se-pohvalio-oruzjem-kojim-hrvatska-vojska-raspolaze-ulaze-u-sve-tri-grane-hv-a\/","og_locale":"hr_HR","og_type":"article","og_title":"Bano\u017ei\u0107 se pohvalio oru\u017ejem kojim Hrvatska vojska raspola\u017ee: \"Ula\u017ee u sve tri grane HV-a\" - RADIO LJUBU\u0160KI","og_description":"Ministar obrane Mario Bano\u017ei\u0107 gostovao je sino\u0107 u Dnevniku&nbsp;HRT-a. Govorio je o situaciji s protupo\u017earnim zrakoplovima koji su zapeli na remontu, predstoje\u0107oj proslavi Oluje i odnosu s predsjednikom Milanovi\u0107em. Komentiraju\u0107i \u010dinjenicu da kanaderi i air tractori nisu spremni u ugovorno definiranim rokovima, Bano\u017ei\u0107 je kazao kako treba pohvaliti pilote i tehni\u010dare koji svakodnevno odr\u017eavaju protupo\u017earne [&hellip;]","og_url":"https:\/\/radioljubuski.ba\/index.php\/2022\/08\/04\/banozic-se-pohvalio-oruzjem-kojim-hrvatska-vojska-raspolaze-ulaze-u-sve-tri-grane-hv-a\/","og_site_name":"RADIO LJUBU\u0160KI","article_publisher":"https:\/\/www.facebook.com\/Radiio-Ljubuski-1490835324566332","article_published_time":"2022-08-04T12:37:53+00:00","article_modified_time":"2022-08-04T12:37:55+00:00","og_image":[{"width":1000,"height":625,"url":"https:\/\/radioljubuski.ba\/wp-content\/uploads\/2022\/08\/10-2022-08-03-20-40-19-Snimka-zaslona-2022-08-03-203816.jpg","type":"image\/jpeg"}],"author":"Radio Ljubu\u0161ki","twitter_card":"summary_large_image","twitter_creator":"@radioljubuski","twitter_site":"@radioljubuski","twitter_misc":{"Napisao\/la":"Radio Ljubu\u0161ki","Procijenjeno vrijeme \u010ditanja":"3 minute"},"schema":{"@context":"https:\/\/schema.org","@graph":[{"@type":"Article","@id":"https:\/\/radioljubuski.ba\/index.php\/2022\/08\/04\/banozic-se-pohvalio-oruzjem-kojim-hrvatska-vojska-raspolaze-ulaze-u-sve-tri-grane-hv-a\/#article","isPartOf":{"@id":"https:\/\/radioljubuski.ba\/index.php\/2022\/08\/04\/banozic-se-pohvalio-oruzjem-kojim-hrvatska-vojska-raspolaze-ulaze-u-sve-tri-grane-hv-a\/"},"author":{"name":"Radio Ljubu\u0161ki","@id":"https:\/\/radioljubuski.ba\/#\/schema\/person\/19fc700381a780f69665d7956c469e3b"},"headline":"Bano\u017ei\u0107 se pohvalio oru\u017ejem kojim Hrvatska vojska raspola\u017ee: &#8220;Ula\u017ee u sve tri grane HV-a&#8221;","datePublished":"2022-08-04T12:37:53+00:00","dateModified":"2022-08-04T12:37:55+00:00","mainEntityOfPage":{"@id":"https:\/\/radioljubuski.ba\/index.php\/2022\/08\/04\/banozic-se-pohvalio-oruzjem-kojim-hrvatska-vojska-raspolaze-ulaze-u-sve-tri-grane-hv-a\/"},"wordCount":729,"publisher":{"@id":"https:\/\/radioljubuski.ba\/#organization"},"image":{"@id":"https:\/\/radioljubuski.ba\/index.php\/2022\/08\/04\/banozic-se-pohvalio-oruzjem-kojim-hrvatska-vojska-raspolaze-ulaze-u-sve-tri-grane-hv-a\/#primaryimage"},"thumbnailUrl":"https:\/\/radioljubuski.ba\/wp-content\/uploads\/2022\/08\/10-2022-08-03-20-40-19-Snimka-zaslona-2022-08-03-203816.jpg","articleSection":["BIH i regija"],"inLanguage":"hr"},{"@type":"WebPage","@id":"https:\/\/radioljubuski.ba\/index.php\/2022\/08\/04\/banozic-se-pohvalio-oruzjem-kojim-hrvatska-vojska-raspolaze-ulaze-u-sve-tri-grane-hv-a\/","url":"https:\/\/radioljubuski.ba\/index.php\/2022\/08\/04\/banozic-se-pohvalio-oruzjem-kojim-hrvatska-vojska-raspolaze-ulaze-u-sve-tri-grane-hv-a\/","name":"Bano\u017ei\u0107 se pohvalio oru\u017ejem kojim Hrvatska vojska raspola\u017ee: \"Ula\u017ee u sve tri grane HV-a\" - RADIO LJUBU\u0160KI","isPartOf":{"@id":"https:\/\/radioljubuski.ba\/#website"},"primaryImageOfPage":{"@id":"https:\/\/radioljubuski.ba\/index.php\/2022\/08\/04\/banozic-se-pohvalio-oruzjem-kojim-hrvatska-vojska-raspolaze-ulaze-u-sve-tri-grane-hv-a\/#primaryimage"},"image":{"@id":"https:\/\/radioljubuski.ba\/index.php\/2022\/08\/04\/banozic-se-pohvalio-oruzjem-kojim-hrvatska-vojska-raspolaze-ulaze-u-sve-tri-grane-hv-a\/#primaryimage"},"thumbnailUrl":"https:\/\/radioljubuski.ba\/wp-content\/uploads\/2022\/08\/10-2022-08-03-20-40-19-Snimka-zaslona-2022-08-03-203816.jpg","datePublished":"2022-08-04T12:37:53+00:00","dateModified":"2022-08-04T12:37:55+00:00","breadcrumb":{"@id":"https:\/\/radioljubuski.ba\/index.php\/2022\/08\/04\/banozic-se-pohvalio-oruzjem-kojim-hrvatska-vojska-raspolaze-ulaze-u-sve-tri-grane-hv-a\/#breadcrumb"},"inLanguage":"hr","potentialAction":[{"@type":"ReadAction","target":["https:\/\/radioljubuski.ba\/index.php\/2022\/08\/04\/banozic-se-pohvalio-oruzjem-kojim-hrvatska-vojska-raspolaze-ulaze-u-sve-tri-grane-hv-a\/"]}]},{"@type":"ImageObject","inLanguage":"hr","@id":"https:\/\/radioljubuski.ba\/index.php\/2022\/08\/04\/banozic-se-pohvalio-oruzjem-kojim-hrvatska-vojska-raspolaze-ulaze-u-sve-tri-grane-hv-a\/#primaryimage","url":"https:\/\/radioljubuski.ba\/wp-content\/uploads\/2022\/08\/10-2022-08-03-20-40-19-Snimka-zaslona-2022-08-03-203816.jpg","contentUrl":"https:\/\/radioljubuski.ba\/wp-content\/uploads\/2022\/08\/10-2022-08-03-20-40-19-Snimka-zaslona-2022-08-03-203816.jpg","width":1000,"height":625},{"@type":"BreadcrumbList","@id":"https:\/\/radioljubuski.ba\/index.php\/2022\/08\/04\/banozic-se-pohvalio-oruzjem-kojim-hrvatska-vojska-raspolaze-ulaze-u-sve-tri-grane-hv-a\/#breadcrumb","itemListElement":[{"@type":"ListItem","position":1,"name":"Po\u010detna stranica","item":"https:\/\/radioljubuski.ba\/"},{"@type":"ListItem","position":2,"name":"Bano\u017ei\u0107 se pohvalio oru\u017ejem kojim Hrvatska vojska raspola\u017ee: &#8220;Ula\u017ee u sve tri grane HV-a&#8221;"}]},{"@type":"WebSite","@id":"https:\/\/radioljubuski.ba\/#website","url":"https:\/\/radioljubuski.ba\/","name":"Radio Ljubu\u0161ki","description":"Sun\u010dana frekvencija Hercegovine","publisher":{"@id":"https:\/\/radioljubuski.ba\/#organization"},"potentialAction":[{"@type":"SearchAction","target":{"@type":"EntryPoint","urlTemplate":"https:\/\/radioljubuski.ba\/?s={search_term_string}"},"query-input":{"@type":"PropertyValueSpecification","valueRequired":true,"valueName":"search_term_string"}}],"inLanguage":"hr"},{"@type":"Organization","@id":"https:\/\/radioljubuski.ba\/#organization","name":"Radio Ljubu\u0161ki","url":"https:\/\/radioljubuski.ba\/","logo":{"@type":"ImageObject","inLanguage":"hr","@id":"https:\/\/radioljubuski.ba\/#\/schema\/logo\/image\/","url":"https:\/\/radioljubuski.ba\/wp-content\/uploads\/2021\/02\/cropped-Radio_Ljubuski_logo1.jpg","contentUrl":"https:\/\/radioljubuski.ba\/wp-content\/uploads\/2021\/02\/cropped-Radio_Ljubuski_logo1.jpg","width":512,"height":512,"caption":"Radio Ljubu\u0161ki"},"image":{"@id":"https:\/\/radioljubuski.ba\/#\/schema\/logo\/image\/"},"sameAs":["https:\/\/www.facebook.com\/Radiio-Ljubuski-1490835324566332","https:\/\/x.com\/radioljubuski","https:\/\/hr.linkedin.com\/company\/radio-ljubuski","https:\/\/www.youtube.com\/channel\/UCHYaeO_n0Db3tjNGudGpXyw"]},{"@type":"Person","@id":"https:\/\/radioljubuski.ba\/#\/schema\/person\/19fc700381a780f69665d7956c469e3b","name":"Radio Ljubu\u0161ki"}]}},"_links":{"self":[{"href":"https:\/\/radioljubuski.ba\/index.php\/wp-json\/wp\/v2\/posts\/166523","targetHints":{"allow":["GET"]}}],"collection":[{"href":"https:\/\/radioljubuski.ba\/index.php\/wp-json\/wp\/v2\/posts"}],"about":[{"href":"https:\/\/radioljubuski.ba\/index.php\/wp-json\/wp\/v2\/types\/post"}],"author":[{"embeddable":true,"href":"https:\/\/radioljubuski.ba\/index.php\/wp-json\/wp\/v2\/users\/2"}],"replies":[{"embeddable":true,"href":"https:\/\/radioljubuski.ba\/index.php\/wp-json\/wp\/v2\/comments?post=166523"}],"version-history":[{"count":1,"href":"https:\/\/radioljubuski.ba\/index.php\/wp-json\/wp\/v2\/posts\/166523\/revisions"}],"predecessor-version":[{"id":166525,"href":"https:\/\/radioljubuski.ba\/index.php\/wp-json\/wp\/v2\/posts\/166523\/revisions\/166525"}],"wp:featuredmedia":[{"embeddable":true,"href":"https:\/\/radioljubuski.ba\/index.php\/wp-json\/wp\/v2\/media\/166524"}],"wp:attachment":[{"href":"https:\/\/radioljubuski.ba\/index.php\/wp-json\/wp\/v2\/media?parent=166523"}],"wp:term":[{"taxonomy":"category","embeddable":true,"href":"https:\/\/radioljubuski.ba\/index.php\/wp-json\/wp\/v2\/categories?post=166523"},{"taxonomy":"post_tag","embeddable":true,"href":"https:\/\/radioljubuski.ba\/index.php\/wp-json\/wp\/v2\/tags?post=166523"}],"curies":[{"name":"wp","href":"https:\/\/api.w.org\/{rel}","templated":true}]}}