{"id":166532,"date":"2022-08-04T13:45:24","date_gmt":"2022-08-04T12:45:24","guid":{"rendered":"https:\/\/radioljubuski.ba\/?p=166532"},"modified":"2022-08-04T13:45:26","modified_gmt":"2022-08-04T12:45:26","slug":"fra-jozo-grbes-ohrabrio-mlade-budite-kriticari-onih-koji-imaju-moc-vlast-kape-i-pozicije","status":"publish","type":"post","link":"https:\/\/radioljubuski.ba\/index.php\/2022\/08\/04\/fra-jozo-grbes-ohrabrio-mlade-budite-kriticari-onih-koji-imaju-moc-vlast-kape-i-pozicije\/","title":{"rendered":"Fra Jozo Grbe\u0161 ohrabrio mlade: budite kriti\u010dari onih koji imaju mo\u0107, vlast, kape i pozicije"},"content":{"rendered":"\n<p>Tre\u0107eg dana 33. Mladifesta sredi\u0161nju ve\u010dernju svetu misu predslavio je provincijal Hercegova\u010dke franjeva\u010dke provincije fra Jozo Grbe\u0161, a koncelebrirala su mu 564 sve\u0107enika.<\/p>\n\n\n\n<p><strong><em>Tekst: Velimir Begi\u0107, Radio Mir Me\u0111ugorje<br>Foto: Mateo Ivankovi\u0107 i FOTO \u0110ani<\/em><\/strong><\/p>\n\n\n\n<p>U svojoj propovijedi komentiraju\u0107i dana\u0161nji evan\u0111eoski ulomak i dijalog Isusa i neke \u017eene Kanaanke, fra Jozo je kazao kako je Isus u tradiciji sa\u010duvanoj za nas u Svetom pismu predstavljen kao onaj koji savr\u0161eno sudjeluje i pobje\u0111uje u raspravama sa \u017didovima i farizejima, ali u ovom slu\u010daju \u017eena Kanaanka kao da pobje\u0111uje. Isus dopu\u0161ta da ga ova uporna \u017eena kritizira. On ju hvali zbog njezine vjere!<\/p>\n\n\n\n<p>\u201dPitam se jednostavno, vrlo jednostavno, obi\u010dno pitanje: Ako se Isus mogao promijeniti, mo\u017eemo li mi? Svaka generacija neke ljude do\u017eivljava kao \u2018druge\u2019 i trpa ih pod stol ili ih baca jer oni nisu vrijedni. Mogli bismo napraviti duga\u010dak popis ljudi koje vidimo kao razli\u010dite, odba\u010dene, jadne, siroma\u0161ne, politi\u010dki nekorektne, socijalno neprihvatljive\u2026 I Bog zna s kakvim sve predznacima i manama. Ova \u017eena nas sve poti\u010de da nastavimo tra\u017eiti Gospodina, \u010dak i kad se \u010dini da ne reagira i da je daleko ili kao da ga ne zanima na\u0161a sudbina\u2026 Ova strankinja, Kanaanka, opisana je kao jedna od velikih heroina evan\u0111eoske tradicije. Mi joj ne znamo ime. Ona nema imena\u2026 Ona mo\u017ee biti ili postati bilo koja od nas i njezinu ulogu svatko od nas mo\u017ee ve\u010deras zauzeti, izgovaraju\u0107i iste rije\u010di, iste snage, istoga vjerovanja: Isuse, Sine Davidov, smiluj mi se!\u201d, kazao je fra Jozo Grbe\u0161, koji je sve pozvao i da se zapitaju: \u201dHo\u0107u li ja u vremenu nevjere biti osoba vjere? Ho\u0107u li biti druga\u010diji od dru\u0161tva u kojem \u017eivim, od dr\u017eave u kojoj jesam, od pokreta koji se oko mene doga\u0111aju? Ho\u0107u li biti druga\u010diji makar me nazvali svim mogu\u0107im imenima?\u201d<\/p>\n\n\n\n<p>\u201dDraga mladosti, ovdje ste na Mladifestu jer vi tra\u017eite, ja vjerujem da tra\u017eite, vi \u017eelite poput ove divne \u017eene iz evan\u0111elja na\u0107i istinu, a istina uvijek vodi Kristu. Susresti Mariju, a Marija uvijek vodi Kristu, po\u0107i na put tra\u017eenja, koji uvijek ima sretan cilj.<\/p>\n\n\n\n<p>Pozvani ste biti druga\u010diji. Biti druga\u010diji od svijeta u koji ste pozvani \u017eivjeti. Poput ove \u017eene budite kriti\u010dari onih koji imaju mo\u0107, vlast, kape i pozicije, onih koji odlu\u010duju o sudbinama naroda i svijeta, kako bismo svi zajedno mogli i\u0107i prema snazi vjere i svjedo\u010danstva istine. Ni\u0161ta manje nije hrabro biti kr\u0161\u0107anin danas, kao \u0161to bija\u0161e u &nbsp;prvom stolje\u0107u. U ovo doba \u2018alternativnih \u010dinjenica\u2019, izazov je prona\u0107i istinu\u201d, kazao je fra Jozo pozivaju\u0107i mlade da budu iskreni, da se odreknu onoga \u0161to razdvaja obitelji, da odbace sebi\u010dnost, nasilje\u2026<\/p>\n\n\n\n<p>Pozvao je mlade da tra\u017ee mudrost i da se ne boje.<\/p>\n\n\n\n<p>\u201dNe bojte se! Neka strah ne u\u0111e u va\u0161e du\u0161e. Krist je svoje prijatelje nakon uskrsnu\u0107a pozdravljao upravo tim pozdravom: ne bojte se, ja sam tu. Kako jednostavna je ta mudrost: Gdje je On tu nema straha. Gdje je On tu nitko nije izgubljen. Nitko nije suvi\u0161an. Nitko nije prekri\u017een. Stoga neka ovo bla\u017eeno vrijeme va\u0161eg boravka ovdje bude vrijeme zajedni\u0161tva s Kristom. To nam Marija govori. To vam va\u0161e srce ka\u017ee, to vam otvara sve riznice mudrosti, sre\u0107e, radosti. To vas \u010dini slobodnima i hrabrima po\u0107i doma i biti svjedoci: svjedoci obi\u010dnosti, svjedoci jednostavnosti, svjedoci ljubavi, svjedoci istine, svjedoci nade. Svjedoci Krista\u201d, kazao je fra Jozo Grbe\u0161, napominju\u0107i na kraju kako su u Me\u0111ugorju ovih dana mladi iz oko 70 zemalja te ih je sve pozvao da, kada se vrate u svoje zemlje me\u0111u svoje prijatelje, ne \u0161ute.<\/p>\n\n\n\n<p>\u201dStvorite Me\u0111ugorje u 70 zemalja, koje vape za duhom. Nemojte biti zadovoljni sa statusom quo. Vjera je dinami\u010dna stvarnost. Ona ne stoji, jer kad stojimo umiremo, kad stojimo idemo dolje, kad stojimo nestajemo. Ostati na istom je po\u010detak umiranja. Ostati na istom je dosadno i suprotno Duhu. Zato vas molim krenite naprijed. U ime Kristovo. S Kristom. Po snazi Marije. S Marijom. I lijepo \u0107e vam biti. Du\u0161a \u0107e vam biti kao planina. Srce puno. I postat \u0107ete svjedoci zauvijek. Fantasti\u010dan je to \u017eivot, neka bude i va\u0161\u201d, zaklju\u010dio je provincijal hercegova\u010dke franjeva\u010dke provincije fra Jozo Grbe\u0161.<\/p>\n\n\n\n<p>Nakon mise je uslijedilo je \u010ca\u0161\u0107enje Kri\u017ea i meditacija sa svije\u0107ama. Svjetlo je po\u0161lo od uskrsne svije\u0107e i pro\u0161irilo se na tisu\u0107e ljudi sa svije\u0107ama na prostoru oko me\u0111ugorske crkve koji je bio potpuni ispunjen \u017eupljanima i hodo\u010dasnicima iz cijeloga svijeta, koji simboli\u010dno primali to svjetlo kada do\u0111e do njih, a potom ga darovali drugima te se na taj na\u010din preko njih \u0161irilo Isusovo svjetlo.<\/p>\n\n\n\n<p>Autor: radio postaja mir me\u0111ugorje<\/p>\n","protected":false},"excerpt":{"rendered":"<p>Tre\u0107eg dana 33. Mladifesta sredi\u0161nju ve\u010dernju svetu misu predslavio je provincijal Hercegova\u010dke franjeva\u010dke provincije fra Jozo Grbe\u0161, a koncelebrirala su mu 564 sve\u0107enika. Tekst: Velimir Begi\u0107, Radio Mir Me\u0111ugorjeFoto: Mateo Ivankovi\u0107 i FOTO \u0110ani U svojoj propovijedi komentiraju\u0107i dana\u0161nji evan\u0111eoski ulomak i dijalog Isusa i neke \u017eene Kanaanke, fra Jozo je kazao kako je Isus [&hellip;]<\/p>\n","protected":false},"author":2,"featured_media":166533,"comment_status":"closed","ping_status":"closed","sticky":false,"template":"","format":"standard","meta":{"h5ap_radio_sources":[],"footnotes":""},"categories":[1],"tags":[],"class_list":["post-166532","post","type-post","status-publish","format-standard","has-post-thumbnail","hentry","category-bihiregija"],"yoast_head":"<!-- This site is optimized with the Yoast SEO plugin v27.4 - https:\/\/yoast.com\/product\/yoast-seo-wordpress\/ -->\n<title>Fra Jozo Grbe\u0161 ohrabrio mlade: budite kriti\u010dari onih koji imaju mo\u0107, vlast, kape i pozicije - RADIO LJUBU\u0160KI<\/title>\n<meta name=\"robots\" content=\"index, follow, max-snippet:-1, max-image-preview:large, max-video-preview:-1\" \/>\n<link rel=\"canonical\" href=\"https:\/\/radioljubuski.ba\/index.php\/2022\/08\/04\/fra-jozo-grbes-ohrabrio-mlade-budite-kriticari-onih-koji-imaju-moc-vlast-kape-i-pozicije\/\" \/>\n<meta property=\"og:locale\" content=\"hr_HR\" \/>\n<meta property=\"og:type\" content=\"article\" \/>\n<meta property=\"og:title\" content=\"Fra Jozo Grbe\u0161 ohrabrio mlade: budite kriti\u010dari onih koji imaju mo\u0107, vlast, kape i pozicije - RADIO LJUBU\u0160KI\" \/>\n<meta property=\"og:description\" content=\"Tre\u0107eg dana 33. Mladifesta sredi\u0161nju ve\u010dernju svetu misu predslavio je provincijal Hercegova\u010dke franjeva\u010dke provincije fra Jozo Grbe\u0161, a koncelebrirala su mu 564 sve\u0107enika. Tekst: Velimir Begi\u0107, Radio Mir Me\u0111ugorjeFoto: Mateo Ivankovi\u0107 i FOTO \u0110ani U svojoj propovijedi komentiraju\u0107i dana\u0161nji evan\u0111eoski ulomak i dijalog Isusa i neke \u017eene Kanaanke, fra Jozo je kazao kako je Isus [&hellip;]\" \/>\n<meta property=\"og:url\" content=\"https:\/\/radioljubuski.ba\/index.php\/2022\/08\/04\/fra-jozo-grbes-ohrabrio-mlade-budite-kriticari-onih-koji-imaju-moc-vlast-kape-i-pozicije\/\" \/>\n<meta property=\"og:site_name\" content=\"RADIO LJUBU\u0160KI\" \/>\n<meta property=\"article:publisher\" content=\"https:\/\/www.facebook.com\/Radiio-Ljubuski-1490835324566332\" \/>\n<meta property=\"article:published_time\" content=\"2022-08-04T12:45:24+00:00\" \/>\n<meta property=\"article:modified_time\" content=\"2022-08-04T12:45:26+00:00\" \/>\n<meta property=\"og:image\" content=\"https:\/\/radioljubuski.ba\/wp-content\/uploads\/2022\/08\/2-2022-08-04-08-09-42-fra-jozo.jpeg\" \/>\n\t<meta property=\"og:image:width\" content=\"1000\" \/>\n\t<meta property=\"og:image:height\" content=\"625\" \/>\n\t<meta property=\"og:image:type\" content=\"image\/jpeg\" \/>\n<meta name=\"author\" content=\"Radio Ljubu\u0161ki\" \/>\n<meta name=\"twitter:card\" content=\"summary_large_image\" \/>\n<meta name=\"twitter:creator\" content=\"@radioljubuski\" \/>\n<meta name=\"twitter:site\" content=\"@radioljubuski\" \/>\n<meta name=\"twitter:label1\" content=\"Napisao\/la\" \/>\n\t<meta name=\"twitter:data1\" content=\"Radio Ljubu\u0161ki\" \/>\n\t<meta name=\"twitter:label2\" content=\"Procijenjeno vrijeme \u010ditanja\" \/>\n\t<meta name=\"twitter:data2\" content=\"4 minute\" \/>\n<script type=\"application\/ld+json\" class=\"yoast-schema-graph\">{\"@context\":\"https:\\\/\\\/schema.org\",\"@graph\":[{\"@type\":\"Article\",\"@id\":\"https:\\\/\\\/radioljubuski.ba\\\/index.php\\\/2022\\\/08\\\/04\\\/fra-jozo-grbes-ohrabrio-mlade-budite-kriticari-onih-koji-imaju-moc-vlast-kape-i-pozicije\\\/#article\",\"isPartOf\":{\"@id\":\"https:\\\/\\\/radioljubuski.ba\\\/index.php\\\/2022\\\/08\\\/04\\\/fra-jozo-grbes-ohrabrio-mlade-budite-kriticari-onih-koji-imaju-moc-vlast-kape-i-pozicije\\\/\"},\"author\":{\"name\":\"Radio Ljubu\u0161ki\",\"@id\":\"https:\\\/\\\/radioljubuski.ba\\\/#\\\/schema\\\/person\\\/19fc700381a780f69665d7956c469e3b\"},\"headline\":\"Fra Jozo Grbe\u0161 ohrabrio mlade: budite kriti\u010dari onih koji imaju mo\u0107, vlast, kape i pozicije\",\"datePublished\":\"2022-08-04T12:45:24+00:00\",\"dateModified\":\"2022-08-04T12:45:26+00:00\",\"mainEntityOfPage\":{\"@id\":\"https:\\\/\\\/radioljubuski.ba\\\/index.php\\\/2022\\\/08\\\/04\\\/fra-jozo-grbes-ohrabrio-mlade-budite-kriticari-onih-koji-imaju-moc-vlast-kape-i-pozicije\\\/\"},\"wordCount\":856,\"publisher\":{\"@id\":\"https:\\\/\\\/radioljubuski.ba\\\/#organization\"},\"image\":{\"@id\":\"https:\\\/\\\/radioljubuski.ba\\\/index.php\\\/2022\\\/08\\\/04\\\/fra-jozo-grbes-ohrabrio-mlade-budite-kriticari-onih-koji-imaju-moc-vlast-kape-i-pozicije\\\/#primaryimage\"},\"thumbnailUrl\":\"https:\\\/\\\/radioljubuski.ba\\\/wp-content\\\/uploads\\\/2022\\\/08\\\/2-2022-08-04-08-09-42-fra-jozo.jpeg\",\"articleSection\":[\"BIH i regija\"],\"inLanguage\":\"hr\"},{\"@type\":\"WebPage\",\"@id\":\"https:\\\/\\\/radioljubuski.ba\\\/index.php\\\/2022\\\/08\\\/04\\\/fra-jozo-grbes-ohrabrio-mlade-budite-kriticari-onih-koji-imaju-moc-vlast-kape-i-pozicije\\\/\",\"url\":\"https:\\\/\\\/radioljubuski.ba\\\/index.php\\\/2022\\\/08\\\/04\\\/fra-jozo-grbes-ohrabrio-mlade-budite-kriticari-onih-koji-imaju-moc-vlast-kape-i-pozicije\\\/\",\"name\":\"Fra Jozo Grbe\u0161 ohrabrio mlade: budite kriti\u010dari onih koji imaju mo\u0107, vlast, kape i pozicije - RADIO LJUBU\u0160KI\",\"isPartOf\":{\"@id\":\"https:\\\/\\\/radioljubuski.ba\\\/#website\"},\"primaryImageOfPage\":{\"@id\":\"https:\\\/\\\/radioljubuski.ba\\\/index.php\\\/2022\\\/08\\\/04\\\/fra-jozo-grbes-ohrabrio-mlade-budite-kriticari-onih-koji-imaju-moc-vlast-kape-i-pozicije\\\/#primaryimage\"},\"image\":{\"@id\":\"https:\\\/\\\/radioljubuski.ba\\\/index.php\\\/2022\\\/08\\\/04\\\/fra-jozo-grbes-ohrabrio-mlade-budite-kriticari-onih-koji-imaju-moc-vlast-kape-i-pozicije\\\/#primaryimage\"},\"thumbnailUrl\":\"https:\\\/\\\/radioljubuski.ba\\\/wp-content\\\/uploads\\\/2022\\\/08\\\/2-2022-08-04-08-09-42-fra-jozo.jpeg\",\"datePublished\":\"2022-08-04T12:45:24+00:00\",\"dateModified\":\"2022-08-04T12:45:26+00:00\",\"breadcrumb\":{\"@id\":\"https:\\\/\\\/radioljubuski.ba\\\/index.php\\\/2022\\\/08\\\/04\\\/fra-jozo-grbes-ohrabrio-mlade-budite-kriticari-onih-koji-imaju-moc-vlast-kape-i-pozicije\\\/#breadcrumb\"},\"inLanguage\":\"hr\",\"potentialAction\":[{\"@type\":\"ReadAction\",\"target\":[\"https:\\\/\\\/radioljubuski.ba\\\/index.php\\\/2022\\\/08\\\/04\\\/fra-jozo-grbes-ohrabrio-mlade-budite-kriticari-onih-koji-imaju-moc-vlast-kape-i-pozicije\\\/\"]}]},{\"@type\":\"ImageObject\",\"inLanguage\":\"hr\",\"@id\":\"https:\\\/\\\/radioljubuski.ba\\\/index.php\\\/2022\\\/08\\\/04\\\/fra-jozo-grbes-ohrabrio-mlade-budite-kriticari-onih-koji-imaju-moc-vlast-kape-i-pozicije\\\/#primaryimage\",\"url\":\"https:\\\/\\\/radioljubuski.ba\\\/wp-content\\\/uploads\\\/2022\\\/08\\\/2-2022-08-04-08-09-42-fra-jozo.jpeg\",\"contentUrl\":\"https:\\\/\\\/radioljubuski.ba\\\/wp-content\\\/uploads\\\/2022\\\/08\\\/2-2022-08-04-08-09-42-fra-jozo.jpeg\",\"width\":1000,\"height\":625},{\"@type\":\"BreadcrumbList\",\"@id\":\"https:\\\/\\\/radioljubuski.ba\\\/index.php\\\/2022\\\/08\\\/04\\\/fra-jozo-grbes-ohrabrio-mlade-budite-kriticari-onih-koji-imaju-moc-vlast-kape-i-pozicije\\\/#breadcrumb\",\"itemListElement\":[{\"@type\":\"ListItem\",\"position\":1,\"name\":\"Po\u010detna stranica\",\"item\":\"https:\\\/\\\/radioljubuski.ba\\\/\"},{\"@type\":\"ListItem\",\"position\":2,\"name\":\"Fra Jozo Grbe\u0161 ohrabrio mlade: budite kriti\u010dari onih koji imaju mo\u0107, vlast, kape i pozicije\"}]},{\"@type\":\"WebSite\",\"@id\":\"https:\\\/\\\/radioljubuski.ba\\\/#website\",\"url\":\"https:\\\/\\\/radioljubuski.ba\\\/\",\"name\":\"Radio Ljubu\u0161ki\",\"description\":\"Sun\u010dana frekvencija Hercegovine\",\"publisher\":{\"@id\":\"https:\\\/\\\/radioljubuski.ba\\\/#organization\"},\"potentialAction\":[{\"@type\":\"SearchAction\",\"target\":{\"@type\":\"EntryPoint\",\"urlTemplate\":\"https:\\\/\\\/radioljubuski.ba\\\/?s={search_term_string}\"},\"query-input\":{\"@type\":\"PropertyValueSpecification\",\"valueRequired\":true,\"valueName\":\"search_term_string\"}}],\"inLanguage\":\"hr\"},{\"@type\":\"Organization\",\"@id\":\"https:\\\/\\\/radioljubuski.ba\\\/#organization\",\"name\":\"Radio Ljubu\u0161ki\",\"url\":\"https:\\\/\\\/radioljubuski.ba\\\/\",\"logo\":{\"@type\":\"ImageObject\",\"inLanguage\":\"hr\",\"@id\":\"https:\\\/\\\/radioljubuski.ba\\\/#\\\/schema\\\/logo\\\/image\\\/\",\"url\":\"https:\\\/\\\/radioljubuski.ba\\\/wp-content\\\/uploads\\\/2021\\\/02\\\/cropped-Radio_Ljubuski_logo1.jpg\",\"contentUrl\":\"https:\\\/\\\/radioljubuski.ba\\\/wp-content\\\/uploads\\\/2021\\\/02\\\/cropped-Radio_Ljubuski_logo1.jpg\",\"width\":512,\"height\":512,\"caption\":\"Radio Ljubu\u0161ki\"},\"image\":{\"@id\":\"https:\\\/\\\/radioljubuski.ba\\\/#\\\/schema\\\/logo\\\/image\\\/\"},\"sameAs\":[\"https:\\\/\\\/www.facebook.com\\\/Radiio-Ljubuski-1490835324566332\",\"https:\\\/\\\/x.com\\\/radioljubuski\",\"https:\\\/\\\/hr.linkedin.com\\\/company\\\/radio-ljubuski\",\"https:\\\/\\\/www.youtube.com\\\/channel\\\/UCHYaeO_n0Db3tjNGudGpXyw\"]},{\"@type\":\"Person\",\"@id\":\"https:\\\/\\\/radioljubuski.ba\\\/#\\\/schema\\\/person\\\/19fc700381a780f69665d7956c469e3b\",\"name\":\"Radio Ljubu\u0161ki\"}]}<\/script>\n<!-- \/ Yoast SEO plugin. -->","yoast_head_json":{"title":"Fra Jozo Grbe\u0161 ohrabrio mlade: budite kriti\u010dari onih koji imaju mo\u0107, vlast, kape i pozicije - RADIO LJUBU\u0160KI","robots":{"index":"index","follow":"follow","max-snippet":"max-snippet:-1","max-image-preview":"max-image-preview:large","max-video-preview":"max-video-preview:-1"},"canonical":"https:\/\/radioljubuski.ba\/index.php\/2022\/08\/04\/fra-jozo-grbes-ohrabrio-mlade-budite-kriticari-onih-koji-imaju-moc-vlast-kape-i-pozicije\/","og_locale":"hr_HR","og_type":"article","og_title":"Fra Jozo Grbe\u0161 ohrabrio mlade: budite kriti\u010dari onih koji imaju mo\u0107, vlast, kape i pozicije - RADIO LJUBU\u0160KI","og_description":"Tre\u0107eg dana 33. Mladifesta sredi\u0161nju ve\u010dernju svetu misu predslavio je provincijal Hercegova\u010dke franjeva\u010dke provincije fra Jozo Grbe\u0161, a koncelebrirala su mu 564 sve\u0107enika. Tekst: Velimir Begi\u0107, Radio Mir Me\u0111ugorjeFoto: Mateo Ivankovi\u0107 i FOTO \u0110ani U svojoj propovijedi komentiraju\u0107i dana\u0161nji evan\u0111eoski ulomak i dijalog Isusa i neke \u017eene Kanaanke, fra Jozo je kazao kako je Isus [&hellip;]","og_url":"https:\/\/radioljubuski.ba\/index.php\/2022\/08\/04\/fra-jozo-grbes-ohrabrio-mlade-budite-kriticari-onih-koji-imaju-moc-vlast-kape-i-pozicije\/","og_site_name":"RADIO LJUBU\u0160KI","article_publisher":"https:\/\/www.facebook.com\/Radiio-Ljubuski-1490835324566332","article_published_time":"2022-08-04T12:45:24+00:00","article_modified_time":"2022-08-04T12:45:26+00:00","og_image":[{"width":1000,"height":625,"url":"https:\/\/radioljubuski.ba\/wp-content\/uploads\/2022\/08\/2-2022-08-04-08-09-42-fra-jozo.jpeg","type":"image\/jpeg"}],"author":"Radio Ljubu\u0161ki","twitter_card":"summary_large_image","twitter_creator":"@radioljubuski","twitter_site":"@radioljubuski","twitter_misc":{"Napisao\/la":"Radio Ljubu\u0161ki","Procijenjeno vrijeme \u010ditanja":"4 minute"},"schema":{"@context":"https:\/\/schema.org","@graph":[{"@type":"Article","@id":"https:\/\/radioljubuski.ba\/index.php\/2022\/08\/04\/fra-jozo-grbes-ohrabrio-mlade-budite-kriticari-onih-koji-imaju-moc-vlast-kape-i-pozicije\/#article","isPartOf":{"@id":"https:\/\/radioljubuski.ba\/index.php\/2022\/08\/04\/fra-jozo-grbes-ohrabrio-mlade-budite-kriticari-onih-koji-imaju-moc-vlast-kape-i-pozicije\/"},"author":{"name":"Radio Ljubu\u0161ki","@id":"https:\/\/radioljubuski.ba\/#\/schema\/person\/19fc700381a780f69665d7956c469e3b"},"headline":"Fra Jozo Grbe\u0161 ohrabrio mlade: budite kriti\u010dari onih koji imaju mo\u0107, vlast, kape i pozicije","datePublished":"2022-08-04T12:45:24+00:00","dateModified":"2022-08-04T12:45:26+00:00","mainEntityOfPage":{"@id":"https:\/\/radioljubuski.ba\/index.php\/2022\/08\/04\/fra-jozo-grbes-ohrabrio-mlade-budite-kriticari-onih-koji-imaju-moc-vlast-kape-i-pozicije\/"},"wordCount":856,"publisher":{"@id":"https:\/\/radioljubuski.ba\/#organization"},"image":{"@id":"https:\/\/radioljubuski.ba\/index.php\/2022\/08\/04\/fra-jozo-grbes-ohrabrio-mlade-budite-kriticari-onih-koji-imaju-moc-vlast-kape-i-pozicije\/#primaryimage"},"thumbnailUrl":"https:\/\/radioljubuski.ba\/wp-content\/uploads\/2022\/08\/2-2022-08-04-08-09-42-fra-jozo.jpeg","articleSection":["BIH i regija"],"inLanguage":"hr"},{"@type":"WebPage","@id":"https:\/\/radioljubuski.ba\/index.php\/2022\/08\/04\/fra-jozo-grbes-ohrabrio-mlade-budite-kriticari-onih-koji-imaju-moc-vlast-kape-i-pozicije\/","url":"https:\/\/radioljubuski.ba\/index.php\/2022\/08\/04\/fra-jozo-grbes-ohrabrio-mlade-budite-kriticari-onih-koji-imaju-moc-vlast-kape-i-pozicije\/","name":"Fra Jozo Grbe\u0161 ohrabrio mlade: budite kriti\u010dari onih koji imaju mo\u0107, vlast, kape i pozicije - RADIO LJUBU\u0160KI","isPartOf":{"@id":"https:\/\/radioljubuski.ba\/#website"},"primaryImageOfPage":{"@id":"https:\/\/radioljubuski.ba\/index.php\/2022\/08\/04\/fra-jozo-grbes-ohrabrio-mlade-budite-kriticari-onih-koji-imaju-moc-vlast-kape-i-pozicije\/#primaryimage"},"image":{"@id":"https:\/\/radioljubuski.ba\/index.php\/2022\/08\/04\/fra-jozo-grbes-ohrabrio-mlade-budite-kriticari-onih-koji-imaju-moc-vlast-kape-i-pozicije\/#primaryimage"},"thumbnailUrl":"https:\/\/radioljubuski.ba\/wp-content\/uploads\/2022\/08\/2-2022-08-04-08-09-42-fra-jozo.jpeg","datePublished":"2022-08-04T12:45:24+00:00","dateModified":"2022-08-04T12:45:26+00:00","breadcrumb":{"@id":"https:\/\/radioljubuski.ba\/index.php\/2022\/08\/04\/fra-jozo-grbes-ohrabrio-mlade-budite-kriticari-onih-koji-imaju-moc-vlast-kape-i-pozicije\/#breadcrumb"},"inLanguage":"hr","potentialAction":[{"@type":"ReadAction","target":["https:\/\/radioljubuski.ba\/index.php\/2022\/08\/04\/fra-jozo-grbes-ohrabrio-mlade-budite-kriticari-onih-koji-imaju-moc-vlast-kape-i-pozicije\/"]}]},{"@type":"ImageObject","inLanguage":"hr","@id":"https:\/\/radioljubuski.ba\/index.php\/2022\/08\/04\/fra-jozo-grbes-ohrabrio-mlade-budite-kriticari-onih-koji-imaju-moc-vlast-kape-i-pozicije\/#primaryimage","url":"https:\/\/radioljubuski.ba\/wp-content\/uploads\/2022\/08\/2-2022-08-04-08-09-42-fra-jozo.jpeg","contentUrl":"https:\/\/radioljubuski.ba\/wp-content\/uploads\/2022\/08\/2-2022-08-04-08-09-42-fra-jozo.jpeg","width":1000,"height":625},{"@type":"BreadcrumbList","@id":"https:\/\/radioljubuski.ba\/index.php\/2022\/08\/04\/fra-jozo-grbes-ohrabrio-mlade-budite-kriticari-onih-koji-imaju-moc-vlast-kape-i-pozicije\/#breadcrumb","itemListElement":[{"@type":"ListItem","position":1,"name":"Po\u010detna stranica","item":"https:\/\/radioljubuski.ba\/"},{"@type":"ListItem","position":2,"name":"Fra Jozo Grbe\u0161 ohrabrio mlade: budite kriti\u010dari onih koji imaju mo\u0107, vlast, kape i pozicije"}]},{"@type":"WebSite","@id":"https:\/\/radioljubuski.ba\/#website","url":"https:\/\/radioljubuski.ba\/","name":"Radio Ljubu\u0161ki","description":"Sun\u010dana frekvencija Hercegovine","publisher":{"@id":"https:\/\/radioljubuski.ba\/#organization"},"potentialAction":[{"@type":"SearchAction","target":{"@type":"EntryPoint","urlTemplate":"https:\/\/radioljubuski.ba\/?s={search_term_string}"},"query-input":{"@type":"PropertyValueSpecification","valueRequired":true,"valueName":"search_term_string"}}],"inLanguage":"hr"},{"@type":"Organization","@id":"https:\/\/radioljubuski.ba\/#organization","name":"Radio Ljubu\u0161ki","url":"https:\/\/radioljubuski.ba\/","logo":{"@type":"ImageObject","inLanguage":"hr","@id":"https:\/\/radioljubuski.ba\/#\/schema\/logo\/image\/","url":"https:\/\/radioljubuski.ba\/wp-content\/uploads\/2021\/02\/cropped-Radio_Ljubuski_logo1.jpg","contentUrl":"https:\/\/radioljubuski.ba\/wp-content\/uploads\/2021\/02\/cropped-Radio_Ljubuski_logo1.jpg","width":512,"height":512,"caption":"Radio Ljubu\u0161ki"},"image":{"@id":"https:\/\/radioljubuski.ba\/#\/schema\/logo\/image\/"},"sameAs":["https:\/\/www.facebook.com\/Radiio-Ljubuski-1490835324566332","https:\/\/x.com\/radioljubuski","https:\/\/hr.linkedin.com\/company\/radio-ljubuski","https:\/\/www.youtube.com\/channel\/UCHYaeO_n0Db3tjNGudGpXyw"]},{"@type":"Person","@id":"https:\/\/radioljubuski.ba\/#\/schema\/person\/19fc700381a780f69665d7956c469e3b","name":"Radio Ljubu\u0161ki"}]}},"_links":{"self":[{"href":"https:\/\/radioljubuski.ba\/index.php\/wp-json\/wp\/v2\/posts\/166532","targetHints":{"allow":["GET"]}}],"collection":[{"href":"https:\/\/radioljubuski.ba\/index.php\/wp-json\/wp\/v2\/posts"}],"about":[{"href":"https:\/\/radioljubuski.ba\/index.php\/wp-json\/wp\/v2\/types\/post"}],"author":[{"embeddable":true,"href":"https:\/\/radioljubuski.ba\/index.php\/wp-json\/wp\/v2\/users\/2"}],"replies":[{"embeddable":true,"href":"https:\/\/radioljubuski.ba\/index.php\/wp-json\/wp\/v2\/comments?post=166532"}],"version-history":[{"count":1,"href":"https:\/\/radioljubuski.ba\/index.php\/wp-json\/wp\/v2\/posts\/166532\/revisions"}],"predecessor-version":[{"id":166534,"href":"https:\/\/radioljubuski.ba\/index.php\/wp-json\/wp\/v2\/posts\/166532\/revisions\/166534"}],"wp:featuredmedia":[{"embeddable":true,"href":"https:\/\/radioljubuski.ba\/index.php\/wp-json\/wp\/v2\/media\/166533"}],"wp:attachment":[{"href":"https:\/\/radioljubuski.ba\/index.php\/wp-json\/wp\/v2\/media?parent=166532"}],"wp:term":[{"taxonomy":"category","embeddable":true,"href":"https:\/\/radioljubuski.ba\/index.php\/wp-json\/wp\/v2\/categories?post=166532"},{"taxonomy":"post_tag","embeddable":true,"href":"https:\/\/radioljubuski.ba\/index.php\/wp-json\/wp\/v2\/tags?post=166532"}],"curies":[{"name":"wp","href":"https:\/\/api.w.org\/{rel}","templated":true}]}}