{"id":166541,"date":"2022-08-04T13:48:29","date_gmt":"2022-08-04T12:48:29","guid":{"rendered":"https:\/\/radioljubuski.ba\/?p=166541"},"modified":"2022-08-04T13:48:29","modified_gmt":"2022-08-04T12:48:29","slug":"turkovic-na-putovanja-potrosila-skoro-milijun-km-ispleglala-na-kartici-37-573-km-te-jos-400-000-km-na-reprezentaciju","status":"publish","type":"post","link":"https:\/\/radioljubuski.ba\/index.php\/2022\/08\/04\/turkovic-na-putovanja-potrosila-skoro-milijun-km-ispleglala-na-kartici-37-573-km-te-jos-400-000-km-na-reprezentaciju\/","title":{"rendered":"Turkovi\u0107 na putovanja potro\u0161ila skoro milijun KM, &#8216;ispleglala&#8217; na kartici 37 573 KM, te jo\u0161 400 000 KM na reprezentaciju"},"content":{"rendered":"\n<p>\u0160efica diplomacije BiH Bisera Turkovi\u0107 pro\u0161le godine nemilice je \u201cpeglala\u201d biznis karticu tijekom putovanja, a prema onome \u0161to je ostalo u knjigama revizori nisu mogli napisati da je sve bilo u skladu sa pravilima.<\/p>\n\n\n\n<p>Ured za reviziju institucija BiH objavio je izvje\u0161taj u kojem je dao svoje vi\u0111enje financijske discipline u Ministarstvu vanjskih poslova BiH, koje je lani u blagajni imalo vi\u0161e od 53,4 milijuna maraka. U najnovijem izvje\u0161taju revizora pobrojane su manjkavosti i nedostaci te su, prema ocijeni revizora, zaradili mi\u0161ljenje s rezervom za financijski dio, dok su, ne izra\u017eavaju\u0107i rezervu u dijelu koji se odnosi na uskla\u0111enost sa aktima, skrenuli pa\u017enju na to da je sustav internih kontrola daleko od po\u017eeljnog.<\/p>\n\n\n\n<p>Poseban dio revizorskog izvje\u0161taja je posve\u0107en kartici koju u MIP-u mogu da koriste, u aktuelnom mandatu, Turkovi\u0107 kao resorni ministar, Josip Brki\u0107 kao njen zamjenik te tajnik, a limit zadu\u017eenja, navode revizori, putem biznis kartice je 20.000 maraka. Koristi se za pla\u0107anje tro\u0161kova slu\u017ebenih putovanja, na osnovu putnih naloga, odnosno tro\u0161kova prevoza, hotelskog smje\u0161taja, reprezentacije i sli\u010dno.<\/p>\n\n\n\n<p>-Ukupna potro\u0161nja po biznis kartici iznosila je lani 43.094 KM, od toga iznosa ministrica je potro\u0161ila 37.573, zamjenik 5.521 KM, a ostalo se odnosi na provizije. Kontrolom kori\u0161tenja slu\u017ebene biznis kartice koju koriste ministrica i zamjenik ministra, nismo se u potpunosti mogli uvjeriti u opravdanost kori\u0161tenja u svrhe za koje slu\u017ei, s obzirom na to da u nekim slu\u010dajevima nedostaju specifikacije i ra\u010duni koji dokazuju namjenu kori\u0161tenja sredstava &#8211; pi\u0161e u izvje\u0161taju.<\/p>\n\n\n\n<p>Aktima je definirano da je korisnik biznis kartice obvezan da dostavi sve ra\u010dune i potvrde o pla\u0107anju tim putem te da za sve isplate na izvodu kartice, a za koje ne budu prilo\u017eeni odgovaraju\u0107i ra\u010duni, ta isplata bude knji\u017eena na osobni konto korisnika kartice, uz obustavu od osobnih primanja.<\/p>\n\n\n\n<p>-To se u praksi nije provodilo &#8211; kategori\u010dni su revizori.<\/p>\n\n\n\n<p>Nije sve bilo \u010disto ni kada je rije\u010d o potro\u0161nji novca iz reprezentacije, odnosno za hranu i pi\u0107e. Po tom osnovu je iske\u0161irano 400.000 KM, \u0161to je za 56.080 KM vi\u0161e u odnosu na prethodnu godinu.<\/p>\n\n\n\n<p>-Utvr\u0111eno je da kod ra\u010duna na slu\u017ebenim putovanjima u nekim slu\u010dajevima nema nikakvog obrazlo\u017eenja, \u0161to u pitanje dovodi svrhu reprezentacije i transparentnost. Ra\u010duni na putovanjima su ve\u0107inom pla\u0107ani putem biznis kartice. Tro\u0161kovi su priznati i bez ra\u010duna, na osnovu zabilje\u0161ke da je ra\u010dun izgubljen &#8211; navedeno je u revizorskom izvje\u0161taju, uz napomenu da je ustvr\u0111eno i da je odre\u0111en broj ra\u010duna iz 2020. knji\u017een u 2021. godini.<\/p>\n\n\n\n<p>Puna kontrola, prema vi\u0111enju revizora, nije jo\u0161 uspostavljena ni kada je rije\u010d o kori\u0161tenju slu\u017ebenih vozila. U nekim nalozima nema relacije i vremena kretanja vozila, kao ni pe\u010data i potpisa prilikom sipanja goriva, a uz to su i evidentirane lokalne vo\u017enje od vi\u0161e od 170 kilometara.<\/p>\n\n\n\n<p>-Sve to mo\u017ee imati za posljedicu pove\u0107an rizik od nenamjenske upotrebe slu\u017ebenih vozila &#8211; pi\u0161e u revizorskom izvje\u0161taju.<\/p>\n\n\n\n<p>Na ime putnih tro\u0161kova pro\u0161le godine je potro\u0161eno 953.250 KM, \u0161to je u odnosu na 2020. vi\u0161e za oko 360.000 KM. Uo\u010den je ponovo problem, jer, uz putne naloge, uglavnom, nije bilo pozivnog pisma ili druge protokolarne korespondencije koja bi dokazala ko snosi tro\u0161kove puta.<\/p>\n\n\n\n<p>-Odre\u0111ena slu\u017ebena putovanja su trajala neuobi\u010dajeno dugo &#8211; vi\u0161e od deset ili 14 dana, vr\u0161ene su isplate novih akontacija, a da prethodno upla\u0107ene nisu opravdane &#8211; istaknuto je u izvje\u0161taju.<\/p>\n\n\n\n<p>Izvor:glas srpske<\/p>\n","protected":false},"excerpt":{"rendered":"<p>\u0160efica diplomacije BiH Bisera Turkovi\u0107 pro\u0161le godine nemilice je \u201cpeglala\u201d biznis karticu tijekom putovanja, a prema onome \u0161to je ostalo u knjigama revizori nisu mogli napisati da je sve bilo u skladu sa pravilima. Ured za reviziju institucija BiH objavio je izvje\u0161taj u kojem je dao svoje vi\u0111enje financijske discipline u Ministarstvu vanjskih poslova BiH, [&hellip;]<\/p>\n","protected":false},"author":2,"featured_media":127668,"comment_status":"closed","ping_status":"closed","sticky":false,"template":"","format":"standard","meta":{"h5ap_radio_sources":[],"footnotes":""},"categories":[1],"tags":[],"class_list":["post-166541","post","type-post","status-publish","format-standard","has-post-thumbnail","hentry","category-bihiregija"],"yoast_head":"<!-- This site is optimized with the Yoast SEO plugin v27.4 - https:\/\/yoast.com\/product\/yoast-seo-wordpress\/ -->\n<title>Turkovi\u0107 na putovanja potro\u0161ila skoro milijun KM, &#039;ispleglala&#039; na kartici 37 573 KM, te jo\u0161 400 000 KM na reprezentaciju - RADIO LJUBU\u0160KI<\/title>\n<meta name=\"robots\" content=\"index, follow, max-snippet:-1, max-image-preview:large, max-video-preview:-1\" \/>\n<link rel=\"canonical\" href=\"https:\/\/radioljubuski.ba\/index.php\/2022\/08\/04\/turkovic-na-putovanja-potrosila-skoro-milijun-km-ispleglala-na-kartici-37-573-km-te-jos-400-000-km-na-reprezentaciju\/\" \/>\n<meta property=\"og:locale\" content=\"hr_HR\" \/>\n<meta property=\"og:type\" content=\"article\" \/>\n<meta property=\"og:title\" content=\"Turkovi\u0107 na putovanja potro\u0161ila skoro milijun KM, &#039;ispleglala&#039; na kartici 37 573 KM, te jo\u0161 400 000 KM na reprezentaciju - RADIO LJUBU\u0160KI\" \/>\n<meta property=\"og:description\" content=\"\u0160efica diplomacije BiH Bisera Turkovi\u0107 pro\u0161le godine nemilice je \u201cpeglala\u201d biznis karticu tijekom putovanja, a prema onome \u0161to je ostalo u knjigama revizori nisu mogli napisati da je sve bilo u skladu sa pravilima. Ured za reviziju institucija BiH objavio je izvje\u0161taj u kojem je dao svoje vi\u0111enje financijske discipline u Ministarstvu vanjskih poslova BiH, [&hellip;]\" \/>\n<meta property=\"og:url\" content=\"https:\/\/radioljubuski.ba\/index.php\/2022\/08\/04\/turkovic-na-putovanja-potrosila-skoro-milijun-km-ispleglala-na-kartici-37-573-km-te-jos-400-000-km-na-reprezentaciju\/\" \/>\n<meta property=\"og:site_name\" content=\"RADIO LJUBU\u0160KI\" \/>\n<meta property=\"article:publisher\" content=\"https:\/\/www.facebook.com\/Radiio-Ljubuski-1490835324566332\" \/>\n<meta property=\"article:published_time\" content=\"2022-08-04T12:48:29+00:00\" \/>\n<meta property=\"og:image\" content=\"https:\/\/radioljubuski.ba\/wp-content\/uploads\/2022\/04\/rIaQs4ux_Turkovic_Bisera_portret_ministrica_vanjskih_poslova_BiH_maj_2020_1.jpg\" \/>\n\t<meta property=\"og:image:width\" content=\"1000\" \/>\n\t<meta property=\"og:image:height\" content=\"625\" \/>\n\t<meta property=\"og:image:type\" content=\"image\/jpeg\" \/>\n<meta name=\"author\" content=\"Radio Ljubu\u0161ki\" \/>\n<meta name=\"twitter:card\" content=\"summary_large_image\" \/>\n<meta name=\"twitter:creator\" content=\"@radioljubuski\" \/>\n<meta name=\"twitter:site\" content=\"@radioljubuski\" \/>\n<meta name=\"twitter:label1\" content=\"Napisao\/la\" \/>\n\t<meta name=\"twitter:data1\" content=\"Radio Ljubu\u0161ki\" \/>\n\t<meta name=\"twitter:label2\" content=\"Procijenjeno vrijeme \u010ditanja\" \/>\n\t<meta name=\"twitter:data2\" content=\"3 minute\" \/>\n<script type=\"application\/ld+json\" class=\"yoast-schema-graph\">{\"@context\":\"https:\\\/\\\/schema.org\",\"@graph\":[{\"@type\":\"Article\",\"@id\":\"https:\\\/\\\/radioljubuski.ba\\\/index.php\\\/2022\\\/08\\\/04\\\/turkovic-na-putovanja-potrosila-skoro-milijun-km-ispleglala-na-kartici-37-573-km-te-jos-400-000-km-na-reprezentaciju\\\/#article\",\"isPartOf\":{\"@id\":\"https:\\\/\\\/radioljubuski.ba\\\/index.php\\\/2022\\\/08\\\/04\\\/turkovic-na-putovanja-potrosila-skoro-milijun-km-ispleglala-na-kartici-37-573-km-te-jos-400-000-km-na-reprezentaciju\\\/\"},\"author\":{\"name\":\"Radio Ljubu\u0161ki\",\"@id\":\"https:\\\/\\\/radioljubuski.ba\\\/#\\\/schema\\\/person\\\/19fc700381a780f69665d7956c469e3b\"},\"headline\":\"Turkovi\u0107 na putovanja potro\u0161ila skoro milijun KM, &#8216;ispleglala&#8217; na kartici 37 573 KM, te jo\u0161 400 000 KM na reprezentaciju\",\"datePublished\":\"2022-08-04T12:48:29+00:00\",\"mainEntityOfPage\":{\"@id\":\"https:\\\/\\\/radioljubuski.ba\\\/index.php\\\/2022\\\/08\\\/04\\\/turkovic-na-putovanja-potrosila-skoro-milijun-km-ispleglala-na-kartici-37-573-km-te-jos-400-000-km-na-reprezentaciju\\\/\"},\"wordCount\":632,\"publisher\":{\"@id\":\"https:\\\/\\\/radioljubuski.ba\\\/#organization\"},\"image\":{\"@id\":\"https:\\\/\\\/radioljubuski.ba\\\/index.php\\\/2022\\\/08\\\/04\\\/turkovic-na-putovanja-potrosila-skoro-milijun-km-ispleglala-na-kartici-37-573-km-te-jos-400-000-km-na-reprezentaciju\\\/#primaryimage\"},\"thumbnailUrl\":\"https:\\\/\\\/radioljubuski.ba\\\/wp-content\\\/uploads\\\/2022\\\/04\\\/rIaQs4ux_Turkovic_Bisera_portret_ministrica_vanjskih_poslova_BiH_maj_2020_1.jpg\",\"articleSection\":[\"BIH i regija\"],\"inLanguage\":\"hr\"},{\"@type\":\"WebPage\",\"@id\":\"https:\\\/\\\/radioljubuski.ba\\\/index.php\\\/2022\\\/08\\\/04\\\/turkovic-na-putovanja-potrosila-skoro-milijun-km-ispleglala-na-kartici-37-573-km-te-jos-400-000-km-na-reprezentaciju\\\/\",\"url\":\"https:\\\/\\\/radioljubuski.ba\\\/index.php\\\/2022\\\/08\\\/04\\\/turkovic-na-putovanja-potrosila-skoro-milijun-km-ispleglala-na-kartici-37-573-km-te-jos-400-000-km-na-reprezentaciju\\\/\",\"name\":\"Turkovi\u0107 na putovanja potro\u0161ila skoro milijun KM, 'ispleglala' na kartici 37 573 KM, te jo\u0161 400 000 KM na reprezentaciju - RADIO LJUBU\u0160KI\",\"isPartOf\":{\"@id\":\"https:\\\/\\\/radioljubuski.ba\\\/#website\"},\"primaryImageOfPage\":{\"@id\":\"https:\\\/\\\/radioljubuski.ba\\\/index.php\\\/2022\\\/08\\\/04\\\/turkovic-na-putovanja-potrosila-skoro-milijun-km-ispleglala-na-kartici-37-573-km-te-jos-400-000-km-na-reprezentaciju\\\/#primaryimage\"},\"image\":{\"@id\":\"https:\\\/\\\/radioljubuski.ba\\\/index.php\\\/2022\\\/08\\\/04\\\/turkovic-na-putovanja-potrosila-skoro-milijun-km-ispleglala-na-kartici-37-573-km-te-jos-400-000-km-na-reprezentaciju\\\/#primaryimage\"},\"thumbnailUrl\":\"https:\\\/\\\/radioljubuski.ba\\\/wp-content\\\/uploads\\\/2022\\\/04\\\/rIaQs4ux_Turkovic_Bisera_portret_ministrica_vanjskih_poslova_BiH_maj_2020_1.jpg\",\"datePublished\":\"2022-08-04T12:48:29+00:00\",\"breadcrumb\":{\"@id\":\"https:\\\/\\\/radioljubuski.ba\\\/index.php\\\/2022\\\/08\\\/04\\\/turkovic-na-putovanja-potrosila-skoro-milijun-km-ispleglala-na-kartici-37-573-km-te-jos-400-000-km-na-reprezentaciju\\\/#breadcrumb\"},\"inLanguage\":\"hr\",\"potentialAction\":[{\"@type\":\"ReadAction\",\"target\":[\"https:\\\/\\\/radioljubuski.ba\\\/index.php\\\/2022\\\/08\\\/04\\\/turkovic-na-putovanja-potrosila-skoro-milijun-km-ispleglala-na-kartici-37-573-km-te-jos-400-000-km-na-reprezentaciju\\\/\"]}]},{\"@type\":\"ImageObject\",\"inLanguage\":\"hr\",\"@id\":\"https:\\\/\\\/radioljubuski.ba\\\/index.php\\\/2022\\\/08\\\/04\\\/turkovic-na-putovanja-potrosila-skoro-milijun-km-ispleglala-na-kartici-37-573-km-te-jos-400-000-km-na-reprezentaciju\\\/#primaryimage\",\"url\":\"https:\\\/\\\/radioljubuski.ba\\\/wp-content\\\/uploads\\\/2022\\\/04\\\/rIaQs4ux_Turkovic_Bisera_portret_ministrica_vanjskih_poslova_BiH_maj_2020_1.jpg\",\"contentUrl\":\"https:\\\/\\\/radioljubuski.ba\\\/wp-content\\\/uploads\\\/2022\\\/04\\\/rIaQs4ux_Turkovic_Bisera_portret_ministrica_vanjskih_poslova_BiH_maj_2020_1.jpg\",\"width\":1000,\"height\":625},{\"@type\":\"BreadcrumbList\",\"@id\":\"https:\\\/\\\/radioljubuski.ba\\\/index.php\\\/2022\\\/08\\\/04\\\/turkovic-na-putovanja-potrosila-skoro-milijun-km-ispleglala-na-kartici-37-573-km-te-jos-400-000-km-na-reprezentaciju\\\/#breadcrumb\",\"itemListElement\":[{\"@type\":\"ListItem\",\"position\":1,\"name\":\"Po\u010detna stranica\",\"item\":\"https:\\\/\\\/radioljubuski.ba\\\/\"},{\"@type\":\"ListItem\",\"position\":2,\"name\":\"Turkovi\u0107 na putovanja potro\u0161ila skoro milijun KM, &#8216;ispleglala&#8217; na kartici 37 573 KM, te jo\u0161 400 000 KM na reprezentaciju\"}]},{\"@type\":\"WebSite\",\"@id\":\"https:\\\/\\\/radioljubuski.ba\\\/#website\",\"url\":\"https:\\\/\\\/radioljubuski.ba\\\/\",\"name\":\"Radio Ljubu\u0161ki\",\"description\":\"Sun\u010dana frekvencija Hercegovine\",\"publisher\":{\"@id\":\"https:\\\/\\\/radioljubuski.ba\\\/#organization\"},\"potentialAction\":[{\"@type\":\"SearchAction\",\"target\":{\"@type\":\"EntryPoint\",\"urlTemplate\":\"https:\\\/\\\/radioljubuski.ba\\\/?s={search_term_string}\"},\"query-input\":{\"@type\":\"PropertyValueSpecification\",\"valueRequired\":true,\"valueName\":\"search_term_string\"}}],\"inLanguage\":\"hr\"},{\"@type\":\"Organization\",\"@id\":\"https:\\\/\\\/radioljubuski.ba\\\/#organization\",\"name\":\"Radio Ljubu\u0161ki\",\"url\":\"https:\\\/\\\/radioljubuski.ba\\\/\",\"logo\":{\"@type\":\"ImageObject\",\"inLanguage\":\"hr\",\"@id\":\"https:\\\/\\\/radioljubuski.ba\\\/#\\\/schema\\\/logo\\\/image\\\/\",\"url\":\"https:\\\/\\\/radioljubuski.ba\\\/wp-content\\\/uploads\\\/2021\\\/02\\\/cropped-Radio_Ljubuski_logo1.jpg\",\"contentUrl\":\"https:\\\/\\\/radioljubuski.ba\\\/wp-content\\\/uploads\\\/2021\\\/02\\\/cropped-Radio_Ljubuski_logo1.jpg\",\"width\":512,\"height\":512,\"caption\":\"Radio Ljubu\u0161ki\"},\"image\":{\"@id\":\"https:\\\/\\\/radioljubuski.ba\\\/#\\\/schema\\\/logo\\\/image\\\/\"},\"sameAs\":[\"https:\\\/\\\/www.facebook.com\\\/Radiio-Ljubuski-1490835324566332\",\"https:\\\/\\\/x.com\\\/radioljubuski\",\"https:\\\/\\\/hr.linkedin.com\\\/company\\\/radio-ljubuski\",\"https:\\\/\\\/www.youtube.com\\\/channel\\\/UCHYaeO_n0Db3tjNGudGpXyw\"]},{\"@type\":\"Person\",\"@id\":\"https:\\\/\\\/radioljubuski.ba\\\/#\\\/schema\\\/person\\\/19fc700381a780f69665d7956c469e3b\",\"name\":\"Radio Ljubu\u0161ki\"}]}<\/script>\n<!-- \/ Yoast SEO plugin. -->","yoast_head_json":{"title":"Turkovi\u0107 na putovanja potro\u0161ila skoro milijun KM, 'ispleglala' na kartici 37 573 KM, te jo\u0161 400 000 KM na reprezentaciju - RADIO LJUBU\u0160KI","robots":{"index":"index","follow":"follow","max-snippet":"max-snippet:-1","max-image-preview":"max-image-preview:large","max-video-preview":"max-video-preview:-1"},"canonical":"https:\/\/radioljubuski.ba\/index.php\/2022\/08\/04\/turkovic-na-putovanja-potrosila-skoro-milijun-km-ispleglala-na-kartici-37-573-km-te-jos-400-000-km-na-reprezentaciju\/","og_locale":"hr_HR","og_type":"article","og_title":"Turkovi\u0107 na putovanja potro\u0161ila skoro milijun KM, 'ispleglala' na kartici 37 573 KM, te jo\u0161 400 000 KM na reprezentaciju - RADIO LJUBU\u0160KI","og_description":"\u0160efica diplomacije BiH Bisera Turkovi\u0107 pro\u0161le godine nemilice je \u201cpeglala\u201d biznis karticu tijekom putovanja, a prema onome \u0161to je ostalo u knjigama revizori nisu mogli napisati da je sve bilo u skladu sa pravilima. Ured za reviziju institucija BiH objavio je izvje\u0161taj u kojem je dao svoje vi\u0111enje financijske discipline u Ministarstvu vanjskih poslova BiH, [&hellip;]","og_url":"https:\/\/radioljubuski.ba\/index.php\/2022\/08\/04\/turkovic-na-putovanja-potrosila-skoro-milijun-km-ispleglala-na-kartici-37-573-km-te-jos-400-000-km-na-reprezentaciju\/","og_site_name":"RADIO LJUBU\u0160KI","article_publisher":"https:\/\/www.facebook.com\/Radiio-Ljubuski-1490835324566332","article_published_time":"2022-08-04T12:48:29+00:00","og_image":[{"width":1000,"height":625,"url":"https:\/\/radioljubuski.ba\/wp-content\/uploads\/2022\/04\/rIaQs4ux_Turkovic_Bisera_portret_ministrica_vanjskih_poslova_BiH_maj_2020_1.jpg","type":"image\/jpeg"}],"author":"Radio Ljubu\u0161ki","twitter_card":"summary_large_image","twitter_creator":"@radioljubuski","twitter_site":"@radioljubuski","twitter_misc":{"Napisao\/la":"Radio Ljubu\u0161ki","Procijenjeno vrijeme \u010ditanja":"3 minute"},"schema":{"@context":"https:\/\/schema.org","@graph":[{"@type":"Article","@id":"https:\/\/radioljubuski.ba\/index.php\/2022\/08\/04\/turkovic-na-putovanja-potrosila-skoro-milijun-km-ispleglala-na-kartici-37-573-km-te-jos-400-000-km-na-reprezentaciju\/#article","isPartOf":{"@id":"https:\/\/radioljubuski.ba\/index.php\/2022\/08\/04\/turkovic-na-putovanja-potrosila-skoro-milijun-km-ispleglala-na-kartici-37-573-km-te-jos-400-000-km-na-reprezentaciju\/"},"author":{"name":"Radio Ljubu\u0161ki","@id":"https:\/\/radioljubuski.ba\/#\/schema\/person\/19fc700381a780f69665d7956c469e3b"},"headline":"Turkovi\u0107 na putovanja potro\u0161ila skoro milijun KM, &#8216;ispleglala&#8217; na kartici 37 573 KM, te jo\u0161 400 000 KM na reprezentaciju","datePublished":"2022-08-04T12:48:29+00:00","mainEntityOfPage":{"@id":"https:\/\/radioljubuski.ba\/index.php\/2022\/08\/04\/turkovic-na-putovanja-potrosila-skoro-milijun-km-ispleglala-na-kartici-37-573-km-te-jos-400-000-km-na-reprezentaciju\/"},"wordCount":632,"publisher":{"@id":"https:\/\/radioljubuski.ba\/#organization"},"image":{"@id":"https:\/\/radioljubuski.ba\/index.php\/2022\/08\/04\/turkovic-na-putovanja-potrosila-skoro-milijun-km-ispleglala-na-kartici-37-573-km-te-jos-400-000-km-na-reprezentaciju\/#primaryimage"},"thumbnailUrl":"https:\/\/radioljubuski.ba\/wp-content\/uploads\/2022\/04\/rIaQs4ux_Turkovic_Bisera_portret_ministrica_vanjskih_poslova_BiH_maj_2020_1.jpg","articleSection":["BIH i regija"],"inLanguage":"hr"},{"@type":"WebPage","@id":"https:\/\/radioljubuski.ba\/index.php\/2022\/08\/04\/turkovic-na-putovanja-potrosila-skoro-milijun-km-ispleglala-na-kartici-37-573-km-te-jos-400-000-km-na-reprezentaciju\/","url":"https:\/\/radioljubuski.ba\/index.php\/2022\/08\/04\/turkovic-na-putovanja-potrosila-skoro-milijun-km-ispleglala-na-kartici-37-573-km-te-jos-400-000-km-na-reprezentaciju\/","name":"Turkovi\u0107 na putovanja potro\u0161ila skoro milijun KM, 'ispleglala' na kartici 37 573 KM, te jo\u0161 400 000 KM na reprezentaciju - RADIO LJUBU\u0160KI","isPartOf":{"@id":"https:\/\/radioljubuski.ba\/#website"},"primaryImageOfPage":{"@id":"https:\/\/radioljubuski.ba\/index.php\/2022\/08\/04\/turkovic-na-putovanja-potrosila-skoro-milijun-km-ispleglala-na-kartici-37-573-km-te-jos-400-000-km-na-reprezentaciju\/#primaryimage"},"image":{"@id":"https:\/\/radioljubuski.ba\/index.php\/2022\/08\/04\/turkovic-na-putovanja-potrosila-skoro-milijun-km-ispleglala-na-kartici-37-573-km-te-jos-400-000-km-na-reprezentaciju\/#primaryimage"},"thumbnailUrl":"https:\/\/radioljubuski.ba\/wp-content\/uploads\/2022\/04\/rIaQs4ux_Turkovic_Bisera_portret_ministrica_vanjskih_poslova_BiH_maj_2020_1.jpg","datePublished":"2022-08-04T12:48:29+00:00","breadcrumb":{"@id":"https:\/\/radioljubuski.ba\/index.php\/2022\/08\/04\/turkovic-na-putovanja-potrosila-skoro-milijun-km-ispleglala-na-kartici-37-573-km-te-jos-400-000-km-na-reprezentaciju\/#breadcrumb"},"inLanguage":"hr","potentialAction":[{"@type":"ReadAction","target":["https:\/\/radioljubuski.ba\/index.php\/2022\/08\/04\/turkovic-na-putovanja-potrosila-skoro-milijun-km-ispleglala-na-kartici-37-573-km-te-jos-400-000-km-na-reprezentaciju\/"]}]},{"@type":"ImageObject","inLanguage":"hr","@id":"https:\/\/radioljubuski.ba\/index.php\/2022\/08\/04\/turkovic-na-putovanja-potrosila-skoro-milijun-km-ispleglala-na-kartici-37-573-km-te-jos-400-000-km-na-reprezentaciju\/#primaryimage","url":"https:\/\/radioljubuski.ba\/wp-content\/uploads\/2022\/04\/rIaQs4ux_Turkovic_Bisera_portret_ministrica_vanjskih_poslova_BiH_maj_2020_1.jpg","contentUrl":"https:\/\/radioljubuski.ba\/wp-content\/uploads\/2022\/04\/rIaQs4ux_Turkovic_Bisera_portret_ministrica_vanjskih_poslova_BiH_maj_2020_1.jpg","width":1000,"height":625},{"@type":"BreadcrumbList","@id":"https:\/\/radioljubuski.ba\/index.php\/2022\/08\/04\/turkovic-na-putovanja-potrosila-skoro-milijun-km-ispleglala-na-kartici-37-573-km-te-jos-400-000-km-na-reprezentaciju\/#breadcrumb","itemListElement":[{"@type":"ListItem","position":1,"name":"Po\u010detna stranica","item":"https:\/\/radioljubuski.ba\/"},{"@type":"ListItem","position":2,"name":"Turkovi\u0107 na putovanja potro\u0161ila skoro milijun KM, &#8216;ispleglala&#8217; na kartici 37 573 KM, te jo\u0161 400 000 KM na reprezentaciju"}]},{"@type":"WebSite","@id":"https:\/\/radioljubuski.ba\/#website","url":"https:\/\/radioljubuski.ba\/","name":"Radio Ljubu\u0161ki","description":"Sun\u010dana frekvencija Hercegovine","publisher":{"@id":"https:\/\/radioljubuski.ba\/#organization"},"potentialAction":[{"@type":"SearchAction","target":{"@type":"EntryPoint","urlTemplate":"https:\/\/radioljubuski.ba\/?s={search_term_string}"},"query-input":{"@type":"PropertyValueSpecification","valueRequired":true,"valueName":"search_term_string"}}],"inLanguage":"hr"},{"@type":"Organization","@id":"https:\/\/radioljubuski.ba\/#organization","name":"Radio Ljubu\u0161ki","url":"https:\/\/radioljubuski.ba\/","logo":{"@type":"ImageObject","inLanguage":"hr","@id":"https:\/\/radioljubuski.ba\/#\/schema\/logo\/image\/","url":"https:\/\/radioljubuski.ba\/wp-content\/uploads\/2021\/02\/cropped-Radio_Ljubuski_logo1.jpg","contentUrl":"https:\/\/radioljubuski.ba\/wp-content\/uploads\/2021\/02\/cropped-Radio_Ljubuski_logo1.jpg","width":512,"height":512,"caption":"Radio Ljubu\u0161ki"},"image":{"@id":"https:\/\/radioljubuski.ba\/#\/schema\/logo\/image\/"},"sameAs":["https:\/\/www.facebook.com\/Radiio-Ljubuski-1490835324566332","https:\/\/x.com\/radioljubuski","https:\/\/hr.linkedin.com\/company\/radio-ljubuski","https:\/\/www.youtube.com\/channel\/UCHYaeO_n0Db3tjNGudGpXyw"]},{"@type":"Person","@id":"https:\/\/radioljubuski.ba\/#\/schema\/person\/19fc700381a780f69665d7956c469e3b","name":"Radio Ljubu\u0161ki"}]}},"_links":{"self":[{"href":"https:\/\/radioljubuski.ba\/index.php\/wp-json\/wp\/v2\/posts\/166541","targetHints":{"allow":["GET"]}}],"collection":[{"href":"https:\/\/radioljubuski.ba\/index.php\/wp-json\/wp\/v2\/posts"}],"about":[{"href":"https:\/\/radioljubuski.ba\/index.php\/wp-json\/wp\/v2\/types\/post"}],"author":[{"embeddable":true,"href":"https:\/\/radioljubuski.ba\/index.php\/wp-json\/wp\/v2\/users\/2"}],"replies":[{"embeddable":true,"href":"https:\/\/radioljubuski.ba\/index.php\/wp-json\/wp\/v2\/comments?post=166541"}],"version-history":[{"count":1,"href":"https:\/\/radioljubuski.ba\/index.php\/wp-json\/wp\/v2\/posts\/166541\/revisions"}],"predecessor-version":[{"id":166542,"href":"https:\/\/radioljubuski.ba\/index.php\/wp-json\/wp\/v2\/posts\/166541\/revisions\/166542"}],"wp:featuredmedia":[{"embeddable":true,"href":"https:\/\/radioljubuski.ba\/index.php\/wp-json\/wp\/v2\/media\/127668"}],"wp:attachment":[{"href":"https:\/\/radioljubuski.ba\/index.php\/wp-json\/wp\/v2\/media?parent=166541"}],"wp:term":[{"taxonomy":"category","embeddable":true,"href":"https:\/\/radioljubuski.ba\/index.php\/wp-json\/wp\/v2\/categories?post=166541"},{"taxonomy":"post_tag","embeddable":true,"href":"https:\/\/radioljubuski.ba\/index.php\/wp-json\/wp\/v2\/tags?post=166541"}],"curies":[{"name":"wp","href":"https:\/\/api.w.org\/{rel}","templated":true}]}}