{"id":166551,"date":"2022-08-04T14:10:00","date_gmt":"2022-08-04T13:10:00","guid":{"rendered":"https:\/\/radioljubuski.ba\/?p=166551"},"modified":"2022-08-05T07:28:41","modified_gmt":"2022-08-05T06:28:41","slug":"ubijen-velimir-busic-bio-je-i-jedan-od-najboljih-kladionicara-u-regiji","status":"publish","type":"post","link":"https:\/\/radioljubuski.ba\/index.php\/2022\/08\/04\/ubijen-velimir-busic-bio-je-i-jedan-od-najboljih-kladionicara-u-regiji\/","title":{"rendered":"Ubijeni Velimir Bu\u0161i\u0107 bio je i jedan od najboljih kladioni\u010dara u regiji"},"content":{"rendered":"\n<p>U pucnjavi u mjestu Gorica kod Gruda koje se dogodilo oko 2 sata iza pono\u0107i ubijene su dvije osobe i jo\u0161 dvije ranjene.&nbsp;<\/p>\n\n\n\n<p>Do pucnjave je do\u0161lo nakon kratke prepirke prilikom obilje\u017eavanja sve\u010danosti dana patrona \u017eupe. Napada\u010d je uhi\u0107en. Sukob je postojao od ranije.<\/p>\n\n\n\n<p>Oni su fe\u0161tali tijekom proslave svetog Stjepana. Nakon prepirke, napada\u010d je napustio ugostiteljski objekat i oti\u0161ao do ku\u0107e. On je uzeo automatsku pu\u0161ku i potom se vratio i zapucao po ljudima ispred objekta gdje se slavio sveti Stjepan.<\/p>\n\n\n\n<p>Ubio je dvojicu, jo\u0161 dvojicu ranio. Njega su do dolaska policije savladali mje\u0161tani. Svemu je kumovao alkohol.<\/p>\n\n\n\n<p>U ovom stra\u0161nom zlo\u010dinu ubijeni su Mate Grizelj (34) i Velimir Bu\u0161i\u0107 (60), dok je jednom od ranjenih amputirana noga u SKB Mostar.<\/p>\n\n\n\n<p>Bu\u0161i\u0107 je poznati poduzetnik i jedan od osniva\u010da HDZ-a 1990 i nekada\u0161nji zastupnik u Skup\u0161tini \u017dZH, prenose danas portali diljem BiH i RH.<\/p>\n\n\n\n<p>Me\u0111utim, mi smo se Vele prisjetili i kao uspje\u0161nog kladioni\u010dara, jednog od najboljih, ako i ne najboljeg u regiji.<\/p>\n\n\n\n<p>Prenosimo jedan od \u010dlanaka o njegovom dobitku iz 2005.godine.<\/p>\n\n\n\n<p>VELIMIR BU\u0160I\u0106 iz Gorice kod Gruda hrvatski je rekorder u dobitku na sportskom kla\u0111enju. On je u pro\u0161lom tjednu uplatio oko 4500 kuna na 88 listi\u0107a, te je, pogodiv\u0161i sve kombinacije zaradio vi\u0161e od 8 milijuna kuna.<\/p>\n\n\n\n<p>Bu\u0161i\u0107 je pro\u0161li tjedan uplatio 88 listi\u0107a u \u010detiri hrvatske&nbsp;i tri bosansko-hercegova\u010dke kladionice. Najve\u0107i dobitak isplatit \u0107e mu Supersport, \u010dak 3.800,000 kuna. Da nije odgo\u0111en susret izme\u0111u Ajaxa&nbsp;i &nbsp;Alkmaara, dobit u toj kladionici iznosila bi vi\u0161e od&nbsp;5 milijuna kuna.<\/p>\n\n\n\n<p>Na sistem 10 do 25, u kojem je bilo 25 parova, Bu\u0161i\u0107 je uplatio 12 kuna, a dobio je 500 tisu\u0107a kuna.<\/p>\n\n\n\n<p>Bu\u0161i\u0107 je za Jutarnji list rekao da je do sada uglavnom dobivao od 250 do 600 tisu\u0107a kuna. Svaki put kada je njegov dobitak iznosio vi\u0161e od 100 tisu\u0107a kuna,&nbsp;ovaj sretni \u010detrdesetogodi\u0161njak&nbsp;prire\u0111ivao je fe\u0161te za prijatelje i radnike svoga poduze\u0107a.<\/p>\n\n\n\n<p>Bu\u0161i\u0107 listi\u0107e upla\u0107uje ve\u0107 desetak godina otkako su otvorene kladionice u Hrvatskoj&nbsp;i BiH, a dok ih nije bilo, bio je uspje\u0161an igra\u010d sportske prognoze. Kladi se samo na sportove koje mo\u017ee kvalitetno pratiti preko medija \u2013 nogomet, rukomet i ko\u0161arku.<\/p>\n\n\n\n<p>Objavio Indeks.hr 7.3.2005.<\/p>\n\n\n\n<p>Pokoj vje\u010dni daruj mu Gospodine!<\/p>\n\n\n\n<p>Radio Ljubu\u0161ki<\/p>\n","protected":false},"excerpt":{"rendered":"<p>U pucnjavi u mjestu Gorica kod Gruda koje se dogodilo oko 2 sata iza pono\u0107i ubijene su dvije osobe i jo\u0161 dvije ranjene.&nbsp; Do pucnjave je do\u0161lo nakon kratke prepirke prilikom obilje\u017eavanja sve\u010danosti dana patrona \u017eupe. Napada\u010d je uhi\u0107en. Sukob je postojao od ranije. Oni su fe\u0161tali tijekom proslave svetog Stjepana. Nakon prepirke, napada\u010d je [&hellip;]<\/p>\n","protected":false},"author":2,"featured_media":166552,"comment_status":"closed","ping_status":"closed","sticky":false,"template":"","format":"standard","meta":{"h5ap_radio_sources":[],"footnotes":""},"categories":[1],"tags":[],"class_list":["post-166551","post","type-post","status-publish","format-standard","has-post-thumbnail","hentry","category-bihiregija"],"yoast_head":"<!-- This site is optimized with the Yoast SEO plugin v27.4 - https:\/\/yoast.com\/product\/yoast-seo-wordpress\/ -->\n<title>Ubijeni Velimir Bu\u0161i\u0107 bio je i jedan od najboljih kladioni\u010dara u regiji - RADIO LJUBU\u0160KI<\/title>\n<meta name=\"robots\" content=\"index, follow, max-snippet:-1, max-image-preview:large, max-video-preview:-1\" \/>\n<link rel=\"canonical\" href=\"https:\/\/radioljubuski.ba\/index.php\/2022\/08\/04\/ubijen-velimir-busic-bio-je-i-jedan-od-najboljih-kladionicara-u-regiji\/\" \/>\n<meta property=\"og:locale\" content=\"hr_HR\" \/>\n<meta property=\"og:type\" content=\"article\" \/>\n<meta property=\"og:title\" content=\"Ubijeni Velimir Bu\u0161i\u0107 bio je i jedan od najboljih kladioni\u010dara u regiji - RADIO LJUBU\u0160KI\" \/>\n<meta property=\"og:description\" content=\"U pucnjavi u mjestu Gorica kod Gruda koje se dogodilo oko 2 sata iza pono\u0107i ubijene su dvije osobe i jo\u0161 dvije ranjene.&nbsp; Do pucnjave je do\u0161lo nakon kratke prepirke prilikom obilje\u017eavanja sve\u010danosti dana patrona \u017eupe. Napada\u010d je uhi\u0107en. Sukob je postojao od ranije. Oni su fe\u0161tali tijekom proslave svetog Stjepana. Nakon prepirke, napada\u010d je [&hellip;]\" \/>\n<meta property=\"og:url\" content=\"https:\/\/radioljubuski.ba\/index.php\/2022\/08\/04\/ubijen-velimir-busic-bio-je-i-jedan-od-najboljih-kladionicara-u-regiji\/\" \/>\n<meta property=\"og:site_name\" content=\"RADIO LJUBU\u0160KI\" \/>\n<meta property=\"article:publisher\" content=\"https:\/\/www.facebook.com\/Radiio-Ljubuski-1490835324566332\" \/>\n<meta property=\"article:published_time\" content=\"2022-08-04T13:10:00+00:00\" \/>\n<meta property=\"article:modified_time\" content=\"2022-08-05T06:28:41+00:00\" \/>\n<meta property=\"og:image\" content=\"https:\/\/radioljubuski.ba\/wp-content\/uploads\/2022\/08\/2-2022-08-04-11-26-18-busic.jpg\" \/>\n\t<meta property=\"og:image:width\" content=\"1000\" \/>\n\t<meta property=\"og:image:height\" content=\"625\" \/>\n\t<meta property=\"og:image:type\" content=\"image\/jpeg\" \/>\n<meta name=\"author\" content=\"Radio Ljubu\u0161ki\" \/>\n<meta name=\"twitter:card\" content=\"summary_large_image\" \/>\n<meta name=\"twitter:creator\" content=\"@radioljubuski\" \/>\n<meta name=\"twitter:site\" content=\"@radioljubuski\" \/>\n<meta name=\"twitter:label1\" content=\"Napisao\/la\" \/>\n\t<meta name=\"twitter:data1\" content=\"Radio Ljubu\u0161ki\" \/>\n\t<meta name=\"twitter:label2\" content=\"Procijenjeno vrijeme \u010ditanja\" \/>\n\t<meta name=\"twitter:data2\" content=\"2 minute\" \/>\n<script type=\"application\/ld+json\" class=\"yoast-schema-graph\">{\"@context\":\"https:\\\/\\\/schema.org\",\"@graph\":[{\"@type\":\"Article\",\"@id\":\"https:\\\/\\\/radioljubuski.ba\\\/index.php\\\/2022\\\/08\\\/04\\\/ubijen-velimir-busic-bio-je-i-jedan-od-najboljih-kladionicara-u-regiji\\\/#article\",\"isPartOf\":{\"@id\":\"https:\\\/\\\/radioljubuski.ba\\\/index.php\\\/2022\\\/08\\\/04\\\/ubijen-velimir-busic-bio-je-i-jedan-od-najboljih-kladionicara-u-regiji\\\/\"},\"author\":{\"name\":\"Radio Ljubu\u0161ki\",\"@id\":\"https:\\\/\\\/radioljubuski.ba\\\/#\\\/schema\\\/person\\\/19fc700381a780f69665d7956c469e3b\"},\"headline\":\"Ubijeni Velimir Bu\u0161i\u0107 bio je i jedan od najboljih kladioni\u010dara u regiji\",\"datePublished\":\"2022-08-04T13:10:00+00:00\",\"dateModified\":\"2022-08-05T06:28:41+00:00\",\"mainEntityOfPage\":{\"@id\":\"https:\\\/\\\/radioljubuski.ba\\\/index.php\\\/2022\\\/08\\\/04\\\/ubijen-velimir-busic-bio-je-i-jedan-od-najboljih-kladionicara-u-regiji\\\/\"},\"wordCount\":422,\"publisher\":{\"@id\":\"https:\\\/\\\/radioljubuski.ba\\\/#organization\"},\"image\":{\"@id\":\"https:\\\/\\\/radioljubuski.ba\\\/index.php\\\/2022\\\/08\\\/04\\\/ubijen-velimir-busic-bio-je-i-jedan-od-najboljih-kladionicara-u-regiji\\\/#primaryimage\"},\"thumbnailUrl\":\"https:\\\/\\\/radioljubuski.ba\\\/wp-content\\\/uploads\\\/2022\\\/08\\\/2-2022-08-04-11-26-18-busic.jpg\",\"articleSection\":[\"BIH i regija\"],\"inLanguage\":\"hr\"},{\"@type\":\"WebPage\",\"@id\":\"https:\\\/\\\/radioljubuski.ba\\\/index.php\\\/2022\\\/08\\\/04\\\/ubijen-velimir-busic-bio-je-i-jedan-od-najboljih-kladionicara-u-regiji\\\/\",\"url\":\"https:\\\/\\\/radioljubuski.ba\\\/index.php\\\/2022\\\/08\\\/04\\\/ubijen-velimir-busic-bio-je-i-jedan-od-najboljih-kladionicara-u-regiji\\\/\",\"name\":\"Ubijeni Velimir Bu\u0161i\u0107 bio je i jedan od najboljih kladioni\u010dara u regiji - RADIO LJUBU\u0160KI\",\"isPartOf\":{\"@id\":\"https:\\\/\\\/radioljubuski.ba\\\/#website\"},\"primaryImageOfPage\":{\"@id\":\"https:\\\/\\\/radioljubuski.ba\\\/index.php\\\/2022\\\/08\\\/04\\\/ubijen-velimir-busic-bio-je-i-jedan-od-najboljih-kladionicara-u-regiji\\\/#primaryimage\"},\"image\":{\"@id\":\"https:\\\/\\\/radioljubuski.ba\\\/index.php\\\/2022\\\/08\\\/04\\\/ubijen-velimir-busic-bio-je-i-jedan-od-najboljih-kladionicara-u-regiji\\\/#primaryimage\"},\"thumbnailUrl\":\"https:\\\/\\\/radioljubuski.ba\\\/wp-content\\\/uploads\\\/2022\\\/08\\\/2-2022-08-04-11-26-18-busic.jpg\",\"datePublished\":\"2022-08-04T13:10:00+00:00\",\"dateModified\":\"2022-08-05T06:28:41+00:00\",\"breadcrumb\":{\"@id\":\"https:\\\/\\\/radioljubuski.ba\\\/index.php\\\/2022\\\/08\\\/04\\\/ubijen-velimir-busic-bio-je-i-jedan-od-najboljih-kladionicara-u-regiji\\\/#breadcrumb\"},\"inLanguage\":\"hr\",\"potentialAction\":[{\"@type\":\"ReadAction\",\"target\":[\"https:\\\/\\\/radioljubuski.ba\\\/index.php\\\/2022\\\/08\\\/04\\\/ubijen-velimir-busic-bio-je-i-jedan-od-najboljih-kladionicara-u-regiji\\\/\"]}]},{\"@type\":\"ImageObject\",\"inLanguage\":\"hr\",\"@id\":\"https:\\\/\\\/radioljubuski.ba\\\/index.php\\\/2022\\\/08\\\/04\\\/ubijen-velimir-busic-bio-je-i-jedan-od-najboljih-kladionicara-u-regiji\\\/#primaryimage\",\"url\":\"https:\\\/\\\/radioljubuski.ba\\\/wp-content\\\/uploads\\\/2022\\\/08\\\/2-2022-08-04-11-26-18-busic.jpg\",\"contentUrl\":\"https:\\\/\\\/radioljubuski.ba\\\/wp-content\\\/uploads\\\/2022\\\/08\\\/2-2022-08-04-11-26-18-busic.jpg\",\"width\":1000,\"height\":625},{\"@type\":\"BreadcrumbList\",\"@id\":\"https:\\\/\\\/radioljubuski.ba\\\/index.php\\\/2022\\\/08\\\/04\\\/ubijen-velimir-busic-bio-je-i-jedan-od-najboljih-kladionicara-u-regiji\\\/#breadcrumb\",\"itemListElement\":[{\"@type\":\"ListItem\",\"position\":1,\"name\":\"Po\u010detna stranica\",\"item\":\"https:\\\/\\\/radioljubuski.ba\\\/\"},{\"@type\":\"ListItem\",\"position\":2,\"name\":\"Ubijeni Velimir Bu\u0161i\u0107 bio je i jedan od najboljih kladioni\u010dara u regiji\"}]},{\"@type\":\"WebSite\",\"@id\":\"https:\\\/\\\/radioljubuski.ba\\\/#website\",\"url\":\"https:\\\/\\\/radioljubuski.ba\\\/\",\"name\":\"Radio Ljubu\u0161ki\",\"description\":\"Sun\u010dana frekvencija Hercegovine\",\"publisher\":{\"@id\":\"https:\\\/\\\/radioljubuski.ba\\\/#organization\"},\"potentialAction\":[{\"@type\":\"SearchAction\",\"target\":{\"@type\":\"EntryPoint\",\"urlTemplate\":\"https:\\\/\\\/radioljubuski.ba\\\/?s={search_term_string}\"},\"query-input\":{\"@type\":\"PropertyValueSpecification\",\"valueRequired\":true,\"valueName\":\"search_term_string\"}}],\"inLanguage\":\"hr\"},{\"@type\":\"Organization\",\"@id\":\"https:\\\/\\\/radioljubuski.ba\\\/#organization\",\"name\":\"Radio Ljubu\u0161ki\",\"url\":\"https:\\\/\\\/radioljubuski.ba\\\/\",\"logo\":{\"@type\":\"ImageObject\",\"inLanguage\":\"hr\",\"@id\":\"https:\\\/\\\/radioljubuski.ba\\\/#\\\/schema\\\/logo\\\/image\\\/\",\"url\":\"https:\\\/\\\/radioljubuski.ba\\\/wp-content\\\/uploads\\\/2021\\\/02\\\/cropped-Radio_Ljubuski_logo1.jpg\",\"contentUrl\":\"https:\\\/\\\/radioljubuski.ba\\\/wp-content\\\/uploads\\\/2021\\\/02\\\/cropped-Radio_Ljubuski_logo1.jpg\",\"width\":512,\"height\":512,\"caption\":\"Radio Ljubu\u0161ki\"},\"image\":{\"@id\":\"https:\\\/\\\/radioljubuski.ba\\\/#\\\/schema\\\/logo\\\/image\\\/\"},\"sameAs\":[\"https:\\\/\\\/www.facebook.com\\\/Radiio-Ljubuski-1490835324566332\",\"https:\\\/\\\/x.com\\\/radioljubuski\",\"https:\\\/\\\/hr.linkedin.com\\\/company\\\/radio-ljubuski\",\"https:\\\/\\\/www.youtube.com\\\/channel\\\/UCHYaeO_n0Db3tjNGudGpXyw\"]},{\"@type\":\"Person\",\"@id\":\"https:\\\/\\\/radioljubuski.ba\\\/#\\\/schema\\\/person\\\/19fc700381a780f69665d7956c469e3b\",\"name\":\"Radio Ljubu\u0161ki\"}]}<\/script>\n<!-- \/ Yoast SEO plugin. -->","yoast_head_json":{"title":"Ubijeni Velimir Bu\u0161i\u0107 bio je i jedan od najboljih kladioni\u010dara u regiji - RADIO LJUBU\u0160KI","robots":{"index":"index","follow":"follow","max-snippet":"max-snippet:-1","max-image-preview":"max-image-preview:large","max-video-preview":"max-video-preview:-1"},"canonical":"https:\/\/radioljubuski.ba\/index.php\/2022\/08\/04\/ubijen-velimir-busic-bio-je-i-jedan-od-najboljih-kladionicara-u-regiji\/","og_locale":"hr_HR","og_type":"article","og_title":"Ubijeni Velimir Bu\u0161i\u0107 bio je i jedan od najboljih kladioni\u010dara u regiji - RADIO LJUBU\u0160KI","og_description":"U pucnjavi u mjestu Gorica kod Gruda koje se dogodilo oko 2 sata iza pono\u0107i ubijene su dvije osobe i jo\u0161 dvije ranjene.&nbsp; Do pucnjave je do\u0161lo nakon kratke prepirke prilikom obilje\u017eavanja sve\u010danosti dana patrona \u017eupe. Napada\u010d je uhi\u0107en. Sukob je postojao od ranije. Oni su fe\u0161tali tijekom proslave svetog Stjepana. Nakon prepirke, napada\u010d je [&hellip;]","og_url":"https:\/\/radioljubuski.ba\/index.php\/2022\/08\/04\/ubijen-velimir-busic-bio-je-i-jedan-od-najboljih-kladionicara-u-regiji\/","og_site_name":"RADIO LJUBU\u0160KI","article_publisher":"https:\/\/www.facebook.com\/Radiio-Ljubuski-1490835324566332","article_published_time":"2022-08-04T13:10:00+00:00","article_modified_time":"2022-08-05T06:28:41+00:00","og_image":[{"width":1000,"height":625,"url":"https:\/\/radioljubuski.ba\/wp-content\/uploads\/2022\/08\/2-2022-08-04-11-26-18-busic.jpg","type":"image\/jpeg"}],"author":"Radio Ljubu\u0161ki","twitter_card":"summary_large_image","twitter_creator":"@radioljubuski","twitter_site":"@radioljubuski","twitter_misc":{"Napisao\/la":"Radio Ljubu\u0161ki","Procijenjeno vrijeme \u010ditanja":"2 minute"},"schema":{"@context":"https:\/\/schema.org","@graph":[{"@type":"Article","@id":"https:\/\/radioljubuski.ba\/index.php\/2022\/08\/04\/ubijen-velimir-busic-bio-je-i-jedan-od-najboljih-kladionicara-u-regiji\/#article","isPartOf":{"@id":"https:\/\/radioljubuski.ba\/index.php\/2022\/08\/04\/ubijen-velimir-busic-bio-je-i-jedan-od-najboljih-kladionicara-u-regiji\/"},"author":{"name":"Radio Ljubu\u0161ki","@id":"https:\/\/radioljubuski.ba\/#\/schema\/person\/19fc700381a780f69665d7956c469e3b"},"headline":"Ubijeni Velimir Bu\u0161i\u0107 bio je i jedan od najboljih kladioni\u010dara u regiji","datePublished":"2022-08-04T13:10:00+00:00","dateModified":"2022-08-05T06:28:41+00:00","mainEntityOfPage":{"@id":"https:\/\/radioljubuski.ba\/index.php\/2022\/08\/04\/ubijen-velimir-busic-bio-je-i-jedan-od-najboljih-kladionicara-u-regiji\/"},"wordCount":422,"publisher":{"@id":"https:\/\/radioljubuski.ba\/#organization"},"image":{"@id":"https:\/\/radioljubuski.ba\/index.php\/2022\/08\/04\/ubijen-velimir-busic-bio-je-i-jedan-od-najboljih-kladionicara-u-regiji\/#primaryimage"},"thumbnailUrl":"https:\/\/radioljubuski.ba\/wp-content\/uploads\/2022\/08\/2-2022-08-04-11-26-18-busic.jpg","articleSection":["BIH i regija"],"inLanguage":"hr"},{"@type":"WebPage","@id":"https:\/\/radioljubuski.ba\/index.php\/2022\/08\/04\/ubijen-velimir-busic-bio-je-i-jedan-od-najboljih-kladionicara-u-regiji\/","url":"https:\/\/radioljubuski.ba\/index.php\/2022\/08\/04\/ubijen-velimir-busic-bio-je-i-jedan-od-najboljih-kladionicara-u-regiji\/","name":"Ubijeni Velimir Bu\u0161i\u0107 bio je i jedan od najboljih kladioni\u010dara u regiji - RADIO LJUBU\u0160KI","isPartOf":{"@id":"https:\/\/radioljubuski.ba\/#website"},"primaryImageOfPage":{"@id":"https:\/\/radioljubuski.ba\/index.php\/2022\/08\/04\/ubijen-velimir-busic-bio-je-i-jedan-od-najboljih-kladionicara-u-regiji\/#primaryimage"},"image":{"@id":"https:\/\/radioljubuski.ba\/index.php\/2022\/08\/04\/ubijen-velimir-busic-bio-je-i-jedan-od-najboljih-kladionicara-u-regiji\/#primaryimage"},"thumbnailUrl":"https:\/\/radioljubuski.ba\/wp-content\/uploads\/2022\/08\/2-2022-08-04-11-26-18-busic.jpg","datePublished":"2022-08-04T13:10:00+00:00","dateModified":"2022-08-05T06:28:41+00:00","breadcrumb":{"@id":"https:\/\/radioljubuski.ba\/index.php\/2022\/08\/04\/ubijen-velimir-busic-bio-je-i-jedan-od-najboljih-kladionicara-u-regiji\/#breadcrumb"},"inLanguage":"hr","potentialAction":[{"@type":"ReadAction","target":["https:\/\/radioljubuski.ba\/index.php\/2022\/08\/04\/ubijen-velimir-busic-bio-je-i-jedan-od-najboljih-kladionicara-u-regiji\/"]}]},{"@type":"ImageObject","inLanguage":"hr","@id":"https:\/\/radioljubuski.ba\/index.php\/2022\/08\/04\/ubijen-velimir-busic-bio-je-i-jedan-od-najboljih-kladionicara-u-regiji\/#primaryimage","url":"https:\/\/radioljubuski.ba\/wp-content\/uploads\/2022\/08\/2-2022-08-04-11-26-18-busic.jpg","contentUrl":"https:\/\/radioljubuski.ba\/wp-content\/uploads\/2022\/08\/2-2022-08-04-11-26-18-busic.jpg","width":1000,"height":625},{"@type":"BreadcrumbList","@id":"https:\/\/radioljubuski.ba\/index.php\/2022\/08\/04\/ubijen-velimir-busic-bio-je-i-jedan-od-najboljih-kladionicara-u-regiji\/#breadcrumb","itemListElement":[{"@type":"ListItem","position":1,"name":"Po\u010detna stranica","item":"https:\/\/radioljubuski.ba\/"},{"@type":"ListItem","position":2,"name":"Ubijeni Velimir Bu\u0161i\u0107 bio je i jedan od najboljih kladioni\u010dara u regiji"}]},{"@type":"WebSite","@id":"https:\/\/radioljubuski.ba\/#website","url":"https:\/\/radioljubuski.ba\/","name":"Radio Ljubu\u0161ki","description":"Sun\u010dana frekvencija Hercegovine","publisher":{"@id":"https:\/\/radioljubuski.ba\/#organization"},"potentialAction":[{"@type":"SearchAction","target":{"@type":"EntryPoint","urlTemplate":"https:\/\/radioljubuski.ba\/?s={search_term_string}"},"query-input":{"@type":"PropertyValueSpecification","valueRequired":true,"valueName":"search_term_string"}}],"inLanguage":"hr"},{"@type":"Organization","@id":"https:\/\/radioljubuski.ba\/#organization","name":"Radio Ljubu\u0161ki","url":"https:\/\/radioljubuski.ba\/","logo":{"@type":"ImageObject","inLanguage":"hr","@id":"https:\/\/radioljubuski.ba\/#\/schema\/logo\/image\/","url":"https:\/\/radioljubuski.ba\/wp-content\/uploads\/2021\/02\/cropped-Radio_Ljubuski_logo1.jpg","contentUrl":"https:\/\/radioljubuski.ba\/wp-content\/uploads\/2021\/02\/cropped-Radio_Ljubuski_logo1.jpg","width":512,"height":512,"caption":"Radio Ljubu\u0161ki"},"image":{"@id":"https:\/\/radioljubuski.ba\/#\/schema\/logo\/image\/"},"sameAs":["https:\/\/www.facebook.com\/Radiio-Ljubuski-1490835324566332","https:\/\/x.com\/radioljubuski","https:\/\/hr.linkedin.com\/company\/radio-ljubuski","https:\/\/www.youtube.com\/channel\/UCHYaeO_n0Db3tjNGudGpXyw"]},{"@type":"Person","@id":"https:\/\/radioljubuski.ba\/#\/schema\/person\/19fc700381a780f69665d7956c469e3b","name":"Radio Ljubu\u0161ki"}]}},"_links":{"self":[{"href":"https:\/\/radioljubuski.ba\/index.php\/wp-json\/wp\/v2\/posts\/166551","targetHints":{"allow":["GET"]}}],"collection":[{"href":"https:\/\/radioljubuski.ba\/index.php\/wp-json\/wp\/v2\/posts"}],"about":[{"href":"https:\/\/radioljubuski.ba\/index.php\/wp-json\/wp\/v2\/types\/post"}],"author":[{"embeddable":true,"href":"https:\/\/radioljubuski.ba\/index.php\/wp-json\/wp\/v2\/users\/2"}],"replies":[{"embeddable":true,"href":"https:\/\/radioljubuski.ba\/index.php\/wp-json\/wp\/v2\/comments?post=166551"}],"version-history":[{"count":2,"href":"https:\/\/radioljubuski.ba\/index.php\/wp-json\/wp\/v2\/posts\/166551\/revisions"}],"predecessor-version":[{"id":166554,"href":"https:\/\/radioljubuski.ba\/index.php\/wp-json\/wp\/v2\/posts\/166551\/revisions\/166554"}],"wp:featuredmedia":[{"embeddable":true,"href":"https:\/\/radioljubuski.ba\/index.php\/wp-json\/wp\/v2\/media\/166552"}],"wp:attachment":[{"href":"https:\/\/radioljubuski.ba\/index.php\/wp-json\/wp\/v2\/media?parent=166551"}],"wp:term":[{"taxonomy":"category","embeddable":true,"href":"https:\/\/radioljubuski.ba\/index.php\/wp-json\/wp\/v2\/categories?post=166551"},{"taxonomy":"post_tag","embeddable":true,"href":"https:\/\/radioljubuski.ba\/index.php\/wp-json\/wp\/v2\/tags?post=166551"}],"curies":[{"name":"wp","href":"https:\/\/api.w.org\/{rel}","templated":true}]}}