{"id":166572,"date":"2022-08-04T14:24:30","date_gmt":"2022-08-04T13:24:30","guid":{"rendered":"https:\/\/radioljubuski.ba\/?p=166572"},"modified":"2022-08-04T14:24:32","modified_gmt":"2022-08-04T13:24:32","slug":"vlada-fbih-donijela-nove-covid-mjere-evo-gdje-vaze","status":"publish","type":"post","link":"https:\/\/radioljubuski.ba\/index.php\/2022\/08\/04\/vlada-fbih-donijela-nove-covid-mjere-evo-gdje-vaze\/","title":{"rendered":"Vlada FBiH donijela nove COVID mjere, evo gdje va\u017ee"},"content":{"rendered":"\n<p>Vlada Federacije BiH je, na dana\u0161njoj sjednici u Sarajevu kojom je, po ovla\u0161tenju premijera FBiH, predsjedavala zamjenica premijera FBiH i federalna ministrica financija Jelka Mili\u0107evi\u0107, usvojila informaciju o epidemiolo\u0161koj situaciji COVID-19 u FBiH na dan 1.8.2022. godine, te naredbe i preporuke Kriznog sto\u017eera Federalnog ministarstva zdravstva.<\/p>\n\n\n\n<p>Vladama \u017eupanija, odnosno kriznim sto\u017eerima \u017eupanijskih ministarstava zdravstva nare\u0111eno je da kontinuirano prate epidemiolo\u0161ku situaciju na podru\u010dju \u017eupanija, te u slu\u010daju pogor\u0161anja pravovremeno djeluju i donose mjere spram epidemiolo\u0161ke situacije i o tome redovno izvje\u0161tavaju Krizni sto\u017eer FMZ-a.<\/p>\n\n\n\n<p>Krizni sto\u017eer FMZ-a je zadu\u017een da kontinuirano prati epidemiolo\u0161ku situaciju COVID-19 na podru\u010dju FBiH te, u slu\u010daju pogor\u0161anja, odmah preporu\u010di Vladi Federacije BiH nove mjere.<\/p>\n\n\n\n<p>Naredbe i Preporuke Kriznog sto\u017eera Federalnog ministarstva zdravstva donose se s rokom va\u017eenja od 30 dana ra\u010dunaju\u0107i od 4.8.2022. godine, koji se utvr\u0111uje kao dan po\u010detka primjene ovih naredbi i preporuka. Me\u0111u naredbama je i obavezno no\u0161enje respiratorne za\u0161titne maske u svim zdravstvenim i ustanovama socijalne za\u0161tite (uposlenici, pacijenti i svi posjetioci). Nalo\u017eeno je zdravstvenim ustanovama da reduciraju posjete u skladu s kriznim planom pripravnosti i odgovora na pojavu COVID-19.<\/p>\n\n\n\n<p>\u017dupanijski zavodi za javno zdravstvo \u017eupanija zadu\u017eeni su da nadziru provo\u0111enje i primjenu \u017eupanijskog kriznog plana pripravnosti i odgovora na pojavu novog koronavirusa. Nalo\u017eeno je mikrobiolo\u0161kim laboratorijima da redovno dostavljaju podatke Zavodu za javno zdravstvo FBiH o testiranim osobama i rezultatima testiranja putem online platforme COVID-19.ba, koja u realnom vremenu prikazuje podatke o COVID-19 u FBiH, a svakim danom do 12:00 sati za prethodni dan.<\/p>\n\n\n\n<p>Nadle\u017ena tijela vlasti u \u017eupanijama, kao i zdravstvene ustanove u \u017eupanijama, du\u017ena su otvoriti punktove za cijepljenje protiv COVID-19 na nivou svake op\u0107ine s ciljem ve\u0107e dostupnosti cijepljenja stanovni\u0161tvu.<\/p>\n\n\n\n<p>Krizni sto\u017eer FMZ-a \u0107e dana\u0161nje zaklju\u010dke s prilozima dostaviti \u017eupanijskim ministarstavima zdravstva i njihovim kriznim sto\u017eerima, zdravstvenim ustanovama s podru\u010dja \u017eupanija, klini\u010dkim centrima u FBiH, op\u0107im, \u017eupanijskim i specijalnim bolnicama, Federalnoj i \u017eupanijskim upravama za inspekcijske poslove i \u017eupanijskim upravama policije.<\/p>\n\n\n\n<p>U skladu sa zaklju\u010dkom od 8.1.2021. godine, Vlada FBiH \u0107e obavijestiti Parlament FBiH o epidemiolo\u0161koj situaciji u FBiH i mjerama koje je donijela s ciljem za\u0161tite zdravlja gra\u0111ana i smanjenja rizika za \u0161irenje virusa.<\/p>\n\n\n\n<p>U informaciji je procjenjujeno da je prijetnja zdravlju op\u0107e populacije umjerena do visoka. Prema podacima dostavljenim Zavodu za javno zdravstvo FBiH, u Federaciji BiH trenutno evidentirano 7.657 aktivnih slu\u010dajeva COVID-19. Na nivou FBiH sedmodnevna incidencija iznosi 62,69 slu\u010dajeva na 100.000 stanovnika. U posljednjih sedam dana, vi\u0161e incidence od prosje\u010dne imaju Posavska (227,35), Hercegova\u010dko-neretvanska (129,97), Tuzlanska (108,93) i Zapadnohercegova\u010dka \u017eupanija (68,53). Rezultati antigenskih testiranja nisu uklju\u010deni u ovaj izvje\u0161taj, te stoga ne prikazuju realno stanje epidemiolo\u0161ke situacije.<\/p>\n\n\n\n<p>U Federaciji BiH (nedostaju podaci iz Zapadnohercegova\u010dke \u017eupanije, a iz Hercegova\u010dko-neretvanske \u017eupanje su &nbsp;nepotpuni) je na bolni\u010dkom lije\u010denju &nbsp;trenutno 148 osoba zbog COVID-19, od kojih je osam (5,4 posto) na invazivnoj mehani\u010dkoj ventilaciji. Prema dostavljenim podacima, od 126 hospitaliziranih osoba s podatkom o vakcinalnom statusu, 96 (76,2 posto) je necijepljenih i nepotpuno necijepljenih, a 30 (23,8 posto) potpuno cijepljenih, priop\u0107io je Ured Vlade FBiH za odnose s javno\u0161\u0107u.<\/p>\n\n\n\n<p>Izvor:pogled.ba<\/p>\n","protected":false},"excerpt":{"rendered":"<p>Vlada Federacije BiH je, na dana\u0161njoj sjednici u Sarajevu kojom je, po ovla\u0161tenju premijera FBiH, predsjedavala zamjenica premijera FBiH i federalna ministrica financija Jelka Mili\u0107evi\u0107, usvojila informaciju o epidemiolo\u0161koj situaciji COVID-19 u FBiH na dan 1.8.2022. godine, te naredbe i preporuke Kriznog sto\u017eera Federalnog ministarstva zdravstva. Vladama \u017eupanija, odnosno kriznim sto\u017eerima \u017eupanijskih ministarstava zdravstva nare\u0111eno [&hellip;]<\/p>\n","protected":false},"author":2,"featured_media":17217,"comment_status":"closed","ping_status":"closed","sticky":false,"template":"","format":"standard","meta":{"h5ap_radio_sources":[],"footnotes":""},"categories":[1],"tags":[],"class_list":["post-166572","post","type-post","status-publish","format-standard","has-post-thumbnail","hentry","category-bihiregija"],"yoast_head":"<!-- This site is optimized with the Yoast SEO plugin v27.4 - https:\/\/yoast.com\/product\/yoast-seo-wordpress\/ -->\n<title>Vlada FBiH donijela nove COVID mjere, evo gdje va\u017ee - RADIO LJUBU\u0160KI<\/title>\n<meta name=\"robots\" content=\"index, follow, max-snippet:-1, max-image-preview:large, max-video-preview:-1\" \/>\n<link rel=\"canonical\" href=\"https:\/\/radioljubuski.ba\/index.php\/2022\/08\/04\/vlada-fbih-donijela-nove-covid-mjere-evo-gdje-vaze\/\" \/>\n<meta property=\"og:locale\" content=\"hr_HR\" \/>\n<meta property=\"og:type\" content=\"article\" \/>\n<meta property=\"og:title\" content=\"Vlada FBiH donijela nove COVID mjere, evo gdje va\u017ee - RADIO LJUBU\u0160KI\" \/>\n<meta property=\"og:description\" content=\"Vlada Federacije BiH je, na dana\u0161njoj sjednici u Sarajevu kojom je, po ovla\u0161tenju premijera FBiH, predsjedavala zamjenica premijera FBiH i federalna ministrica financija Jelka Mili\u0107evi\u0107, usvojila informaciju o epidemiolo\u0161koj situaciji COVID-19 u FBiH na dan 1.8.2022. godine, te naredbe i preporuke Kriznog sto\u017eera Federalnog ministarstva zdravstva. Vladama \u017eupanija, odnosno kriznim sto\u017eerima \u017eupanijskih ministarstava zdravstva nare\u0111eno [&hellip;]\" \/>\n<meta property=\"og:url\" content=\"https:\/\/radioljubuski.ba\/index.php\/2022\/08\/04\/vlada-fbih-donijela-nove-covid-mjere-evo-gdje-vaze\/\" \/>\n<meta property=\"og:site_name\" content=\"RADIO LJUBU\u0160KI\" \/>\n<meta property=\"article:publisher\" content=\"https:\/\/www.facebook.com\/Radiio-Ljubuski-1490835324566332\" \/>\n<meta property=\"article:published_time\" content=\"2022-08-04T13:24:30+00:00\" \/>\n<meta property=\"article:modified_time\" content=\"2022-08-04T13:24:32+00:00\" \/>\n<meta property=\"og:image\" content=\"https:\/\/radioljubuski.ba\/wp-content\/uploads\/2021\/04\/2-2021-04-18-11-11-48-koronavirus_covid19_maske_sarajevo_-1.jpg\" \/>\n\t<meta property=\"og:image:width\" content=\"1000\" \/>\n\t<meta property=\"og:image:height\" content=\"625\" \/>\n\t<meta property=\"og:image:type\" content=\"image\/jpeg\" \/>\n<meta name=\"author\" content=\"Radio Ljubu\u0161ki\" \/>\n<meta name=\"twitter:card\" content=\"summary_large_image\" \/>\n<meta name=\"twitter:creator\" content=\"@radioljubuski\" \/>\n<meta name=\"twitter:site\" content=\"@radioljubuski\" \/>\n<meta name=\"twitter:label1\" content=\"Napisao\/la\" \/>\n\t<meta name=\"twitter:data1\" content=\"Radio Ljubu\u0161ki\" \/>\n\t<meta name=\"twitter:label2\" content=\"Procijenjeno vrijeme \u010ditanja\" \/>\n\t<meta name=\"twitter:data2\" content=\"3 minute\" \/>\n<script type=\"application\/ld+json\" class=\"yoast-schema-graph\">{\"@context\":\"https:\\\/\\\/schema.org\",\"@graph\":[{\"@type\":\"Article\",\"@id\":\"https:\\\/\\\/radioljubuski.ba\\\/index.php\\\/2022\\\/08\\\/04\\\/vlada-fbih-donijela-nove-covid-mjere-evo-gdje-vaze\\\/#article\",\"isPartOf\":{\"@id\":\"https:\\\/\\\/radioljubuski.ba\\\/index.php\\\/2022\\\/08\\\/04\\\/vlada-fbih-donijela-nove-covid-mjere-evo-gdje-vaze\\\/\"},\"author\":{\"name\":\"Radio Ljubu\u0161ki\",\"@id\":\"https:\\\/\\\/radioljubuski.ba\\\/#\\\/schema\\\/person\\\/19fc700381a780f69665d7956c469e3b\"},\"headline\":\"Vlada FBiH donijela nove COVID mjere, evo gdje va\u017ee\",\"datePublished\":\"2022-08-04T13:24:30+00:00\",\"dateModified\":\"2022-08-04T13:24:32+00:00\",\"mainEntityOfPage\":{\"@id\":\"https:\\\/\\\/radioljubuski.ba\\\/index.php\\\/2022\\\/08\\\/04\\\/vlada-fbih-donijela-nove-covid-mjere-evo-gdje-vaze\\\/\"},\"wordCount\":558,\"publisher\":{\"@id\":\"https:\\\/\\\/radioljubuski.ba\\\/#organization\"},\"image\":{\"@id\":\"https:\\\/\\\/radioljubuski.ba\\\/index.php\\\/2022\\\/08\\\/04\\\/vlada-fbih-donijela-nove-covid-mjere-evo-gdje-vaze\\\/#primaryimage\"},\"thumbnailUrl\":\"https:\\\/\\\/radioljubuski.ba\\\/wp-content\\\/uploads\\\/2021\\\/04\\\/2-2021-04-18-11-11-48-koronavirus_covid19_maske_sarajevo_-1.jpg\",\"articleSection\":[\"BIH i regija\"],\"inLanguage\":\"hr\"},{\"@type\":\"WebPage\",\"@id\":\"https:\\\/\\\/radioljubuski.ba\\\/index.php\\\/2022\\\/08\\\/04\\\/vlada-fbih-donijela-nove-covid-mjere-evo-gdje-vaze\\\/\",\"url\":\"https:\\\/\\\/radioljubuski.ba\\\/index.php\\\/2022\\\/08\\\/04\\\/vlada-fbih-donijela-nove-covid-mjere-evo-gdje-vaze\\\/\",\"name\":\"Vlada FBiH donijela nove COVID mjere, evo gdje va\u017ee - RADIO LJUBU\u0160KI\",\"isPartOf\":{\"@id\":\"https:\\\/\\\/radioljubuski.ba\\\/#website\"},\"primaryImageOfPage\":{\"@id\":\"https:\\\/\\\/radioljubuski.ba\\\/index.php\\\/2022\\\/08\\\/04\\\/vlada-fbih-donijela-nove-covid-mjere-evo-gdje-vaze\\\/#primaryimage\"},\"image\":{\"@id\":\"https:\\\/\\\/radioljubuski.ba\\\/index.php\\\/2022\\\/08\\\/04\\\/vlada-fbih-donijela-nove-covid-mjere-evo-gdje-vaze\\\/#primaryimage\"},\"thumbnailUrl\":\"https:\\\/\\\/radioljubuski.ba\\\/wp-content\\\/uploads\\\/2021\\\/04\\\/2-2021-04-18-11-11-48-koronavirus_covid19_maske_sarajevo_-1.jpg\",\"datePublished\":\"2022-08-04T13:24:30+00:00\",\"dateModified\":\"2022-08-04T13:24:32+00:00\",\"breadcrumb\":{\"@id\":\"https:\\\/\\\/radioljubuski.ba\\\/index.php\\\/2022\\\/08\\\/04\\\/vlada-fbih-donijela-nove-covid-mjere-evo-gdje-vaze\\\/#breadcrumb\"},\"inLanguage\":\"hr\",\"potentialAction\":[{\"@type\":\"ReadAction\",\"target\":[\"https:\\\/\\\/radioljubuski.ba\\\/index.php\\\/2022\\\/08\\\/04\\\/vlada-fbih-donijela-nove-covid-mjere-evo-gdje-vaze\\\/\"]}]},{\"@type\":\"ImageObject\",\"inLanguage\":\"hr\",\"@id\":\"https:\\\/\\\/radioljubuski.ba\\\/index.php\\\/2022\\\/08\\\/04\\\/vlada-fbih-donijela-nove-covid-mjere-evo-gdje-vaze\\\/#primaryimage\",\"url\":\"https:\\\/\\\/radioljubuski.ba\\\/wp-content\\\/uploads\\\/2021\\\/04\\\/2-2021-04-18-11-11-48-koronavirus_covid19_maske_sarajevo_-1.jpg\",\"contentUrl\":\"https:\\\/\\\/radioljubuski.ba\\\/wp-content\\\/uploads\\\/2021\\\/04\\\/2-2021-04-18-11-11-48-koronavirus_covid19_maske_sarajevo_-1.jpg\",\"width\":1000,\"height\":625},{\"@type\":\"BreadcrumbList\",\"@id\":\"https:\\\/\\\/radioljubuski.ba\\\/index.php\\\/2022\\\/08\\\/04\\\/vlada-fbih-donijela-nove-covid-mjere-evo-gdje-vaze\\\/#breadcrumb\",\"itemListElement\":[{\"@type\":\"ListItem\",\"position\":1,\"name\":\"Po\u010detna stranica\",\"item\":\"https:\\\/\\\/radioljubuski.ba\\\/\"},{\"@type\":\"ListItem\",\"position\":2,\"name\":\"Vlada FBiH donijela nove COVID mjere, evo gdje va\u017ee\"}]},{\"@type\":\"WebSite\",\"@id\":\"https:\\\/\\\/radioljubuski.ba\\\/#website\",\"url\":\"https:\\\/\\\/radioljubuski.ba\\\/\",\"name\":\"Radio Ljubu\u0161ki\",\"description\":\"Sun\u010dana frekvencija Hercegovine\",\"publisher\":{\"@id\":\"https:\\\/\\\/radioljubuski.ba\\\/#organization\"},\"potentialAction\":[{\"@type\":\"SearchAction\",\"target\":{\"@type\":\"EntryPoint\",\"urlTemplate\":\"https:\\\/\\\/radioljubuski.ba\\\/?s={search_term_string}\"},\"query-input\":{\"@type\":\"PropertyValueSpecification\",\"valueRequired\":true,\"valueName\":\"search_term_string\"}}],\"inLanguage\":\"hr\"},{\"@type\":\"Organization\",\"@id\":\"https:\\\/\\\/radioljubuski.ba\\\/#organization\",\"name\":\"Radio Ljubu\u0161ki\",\"url\":\"https:\\\/\\\/radioljubuski.ba\\\/\",\"logo\":{\"@type\":\"ImageObject\",\"inLanguage\":\"hr\",\"@id\":\"https:\\\/\\\/radioljubuski.ba\\\/#\\\/schema\\\/logo\\\/image\\\/\",\"url\":\"https:\\\/\\\/radioljubuski.ba\\\/wp-content\\\/uploads\\\/2021\\\/02\\\/cropped-Radio_Ljubuski_logo1.jpg\",\"contentUrl\":\"https:\\\/\\\/radioljubuski.ba\\\/wp-content\\\/uploads\\\/2021\\\/02\\\/cropped-Radio_Ljubuski_logo1.jpg\",\"width\":512,\"height\":512,\"caption\":\"Radio Ljubu\u0161ki\"},\"image\":{\"@id\":\"https:\\\/\\\/radioljubuski.ba\\\/#\\\/schema\\\/logo\\\/image\\\/\"},\"sameAs\":[\"https:\\\/\\\/www.facebook.com\\\/Radiio-Ljubuski-1490835324566332\",\"https:\\\/\\\/x.com\\\/radioljubuski\",\"https:\\\/\\\/hr.linkedin.com\\\/company\\\/radio-ljubuski\",\"https:\\\/\\\/www.youtube.com\\\/channel\\\/UCHYaeO_n0Db3tjNGudGpXyw\"]},{\"@type\":\"Person\",\"@id\":\"https:\\\/\\\/radioljubuski.ba\\\/#\\\/schema\\\/person\\\/19fc700381a780f69665d7956c469e3b\",\"name\":\"Radio Ljubu\u0161ki\"}]}<\/script>\n<!-- \/ Yoast SEO plugin. -->","yoast_head_json":{"title":"Vlada FBiH donijela nove COVID mjere, evo gdje va\u017ee - RADIO LJUBU\u0160KI","robots":{"index":"index","follow":"follow","max-snippet":"max-snippet:-1","max-image-preview":"max-image-preview:large","max-video-preview":"max-video-preview:-1"},"canonical":"https:\/\/radioljubuski.ba\/index.php\/2022\/08\/04\/vlada-fbih-donijela-nove-covid-mjere-evo-gdje-vaze\/","og_locale":"hr_HR","og_type":"article","og_title":"Vlada FBiH donijela nove COVID mjere, evo gdje va\u017ee - RADIO LJUBU\u0160KI","og_description":"Vlada Federacije BiH je, na dana\u0161njoj sjednici u Sarajevu kojom je, po ovla\u0161tenju premijera FBiH, predsjedavala zamjenica premijera FBiH i federalna ministrica financija Jelka Mili\u0107evi\u0107, usvojila informaciju o epidemiolo\u0161koj situaciji COVID-19 u FBiH na dan 1.8.2022. godine, te naredbe i preporuke Kriznog sto\u017eera Federalnog ministarstva zdravstva. Vladama \u017eupanija, odnosno kriznim sto\u017eerima \u017eupanijskih ministarstava zdravstva nare\u0111eno [&hellip;]","og_url":"https:\/\/radioljubuski.ba\/index.php\/2022\/08\/04\/vlada-fbih-donijela-nove-covid-mjere-evo-gdje-vaze\/","og_site_name":"RADIO LJUBU\u0160KI","article_publisher":"https:\/\/www.facebook.com\/Radiio-Ljubuski-1490835324566332","article_published_time":"2022-08-04T13:24:30+00:00","article_modified_time":"2022-08-04T13:24:32+00:00","og_image":[{"width":1000,"height":625,"url":"https:\/\/radioljubuski.ba\/wp-content\/uploads\/2021\/04\/2-2021-04-18-11-11-48-koronavirus_covid19_maske_sarajevo_-1.jpg","type":"image\/jpeg"}],"author":"Radio Ljubu\u0161ki","twitter_card":"summary_large_image","twitter_creator":"@radioljubuski","twitter_site":"@radioljubuski","twitter_misc":{"Napisao\/la":"Radio Ljubu\u0161ki","Procijenjeno vrijeme \u010ditanja":"3 minute"},"schema":{"@context":"https:\/\/schema.org","@graph":[{"@type":"Article","@id":"https:\/\/radioljubuski.ba\/index.php\/2022\/08\/04\/vlada-fbih-donijela-nove-covid-mjere-evo-gdje-vaze\/#article","isPartOf":{"@id":"https:\/\/radioljubuski.ba\/index.php\/2022\/08\/04\/vlada-fbih-donijela-nove-covid-mjere-evo-gdje-vaze\/"},"author":{"name":"Radio Ljubu\u0161ki","@id":"https:\/\/radioljubuski.ba\/#\/schema\/person\/19fc700381a780f69665d7956c469e3b"},"headline":"Vlada FBiH donijela nove COVID mjere, evo gdje va\u017ee","datePublished":"2022-08-04T13:24:30+00:00","dateModified":"2022-08-04T13:24:32+00:00","mainEntityOfPage":{"@id":"https:\/\/radioljubuski.ba\/index.php\/2022\/08\/04\/vlada-fbih-donijela-nove-covid-mjere-evo-gdje-vaze\/"},"wordCount":558,"publisher":{"@id":"https:\/\/radioljubuski.ba\/#organization"},"image":{"@id":"https:\/\/radioljubuski.ba\/index.php\/2022\/08\/04\/vlada-fbih-donijela-nove-covid-mjere-evo-gdje-vaze\/#primaryimage"},"thumbnailUrl":"https:\/\/radioljubuski.ba\/wp-content\/uploads\/2021\/04\/2-2021-04-18-11-11-48-koronavirus_covid19_maske_sarajevo_-1.jpg","articleSection":["BIH i regija"],"inLanguage":"hr"},{"@type":"WebPage","@id":"https:\/\/radioljubuski.ba\/index.php\/2022\/08\/04\/vlada-fbih-donijela-nove-covid-mjere-evo-gdje-vaze\/","url":"https:\/\/radioljubuski.ba\/index.php\/2022\/08\/04\/vlada-fbih-donijela-nove-covid-mjere-evo-gdje-vaze\/","name":"Vlada FBiH donijela nove COVID mjere, evo gdje va\u017ee - RADIO LJUBU\u0160KI","isPartOf":{"@id":"https:\/\/radioljubuski.ba\/#website"},"primaryImageOfPage":{"@id":"https:\/\/radioljubuski.ba\/index.php\/2022\/08\/04\/vlada-fbih-donijela-nove-covid-mjere-evo-gdje-vaze\/#primaryimage"},"image":{"@id":"https:\/\/radioljubuski.ba\/index.php\/2022\/08\/04\/vlada-fbih-donijela-nove-covid-mjere-evo-gdje-vaze\/#primaryimage"},"thumbnailUrl":"https:\/\/radioljubuski.ba\/wp-content\/uploads\/2021\/04\/2-2021-04-18-11-11-48-koronavirus_covid19_maske_sarajevo_-1.jpg","datePublished":"2022-08-04T13:24:30+00:00","dateModified":"2022-08-04T13:24:32+00:00","breadcrumb":{"@id":"https:\/\/radioljubuski.ba\/index.php\/2022\/08\/04\/vlada-fbih-donijela-nove-covid-mjere-evo-gdje-vaze\/#breadcrumb"},"inLanguage":"hr","potentialAction":[{"@type":"ReadAction","target":["https:\/\/radioljubuski.ba\/index.php\/2022\/08\/04\/vlada-fbih-donijela-nove-covid-mjere-evo-gdje-vaze\/"]}]},{"@type":"ImageObject","inLanguage":"hr","@id":"https:\/\/radioljubuski.ba\/index.php\/2022\/08\/04\/vlada-fbih-donijela-nove-covid-mjere-evo-gdje-vaze\/#primaryimage","url":"https:\/\/radioljubuski.ba\/wp-content\/uploads\/2021\/04\/2-2021-04-18-11-11-48-koronavirus_covid19_maske_sarajevo_-1.jpg","contentUrl":"https:\/\/radioljubuski.ba\/wp-content\/uploads\/2021\/04\/2-2021-04-18-11-11-48-koronavirus_covid19_maske_sarajevo_-1.jpg","width":1000,"height":625},{"@type":"BreadcrumbList","@id":"https:\/\/radioljubuski.ba\/index.php\/2022\/08\/04\/vlada-fbih-donijela-nove-covid-mjere-evo-gdje-vaze\/#breadcrumb","itemListElement":[{"@type":"ListItem","position":1,"name":"Po\u010detna stranica","item":"https:\/\/radioljubuski.ba\/"},{"@type":"ListItem","position":2,"name":"Vlada FBiH donijela nove COVID mjere, evo gdje va\u017ee"}]},{"@type":"WebSite","@id":"https:\/\/radioljubuski.ba\/#website","url":"https:\/\/radioljubuski.ba\/","name":"Radio Ljubu\u0161ki","description":"Sun\u010dana frekvencija Hercegovine","publisher":{"@id":"https:\/\/radioljubuski.ba\/#organization"},"potentialAction":[{"@type":"SearchAction","target":{"@type":"EntryPoint","urlTemplate":"https:\/\/radioljubuski.ba\/?s={search_term_string}"},"query-input":{"@type":"PropertyValueSpecification","valueRequired":true,"valueName":"search_term_string"}}],"inLanguage":"hr"},{"@type":"Organization","@id":"https:\/\/radioljubuski.ba\/#organization","name":"Radio Ljubu\u0161ki","url":"https:\/\/radioljubuski.ba\/","logo":{"@type":"ImageObject","inLanguage":"hr","@id":"https:\/\/radioljubuski.ba\/#\/schema\/logo\/image\/","url":"https:\/\/radioljubuski.ba\/wp-content\/uploads\/2021\/02\/cropped-Radio_Ljubuski_logo1.jpg","contentUrl":"https:\/\/radioljubuski.ba\/wp-content\/uploads\/2021\/02\/cropped-Radio_Ljubuski_logo1.jpg","width":512,"height":512,"caption":"Radio Ljubu\u0161ki"},"image":{"@id":"https:\/\/radioljubuski.ba\/#\/schema\/logo\/image\/"},"sameAs":["https:\/\/www.facebook.com\/Radiio-Ljubuski-1490835324566332","https:\/\/x.com\/radioljubuski","https:\/\/hr.linkedin.com\/company\/radio-ljubuski","https:\/\/www.youtube.com\/channel\/UCHYaeO_n0Db3tjNGudGpXyw"]},{"@type":"Person","@id":"https:\/\/radioljubuski.ba\/#\/schema\/person\/19fc700381a780f69665d7956c469e3b","name":"Radio Ljubu\u0161ki"}]}},"_links":{"self":[{"href":"https:\/\/radioljubuski.ba\/index.php\/wp-json\/wp\/v2\/posts\/166572","targetHints":{"allow":["GET"]}}],"collection":[{"href":"https:\/\/radioljubuski.ba\/index.php\/wp-json\/wp\/v2\/posts"}],"about":[{"href":"https:\/\/radioljubuski.ba\/index.php\/wp-json\/wp\/v2\/types\/post"}],"author":[{"embeddable":true,"href":"https:\/\/radioljubuski.ba\/index.php\/wp-json\/wp\/v2\/users\/2"}],"replies":[{"embeddable":true,"href":"https:\/\/radioljubuski.ba\/index.php\/wp-json\/wp\/v2\/comments?post=166572"}],"version-history":[{"count":1,"href":"https:\/\/radioljubuski.ba\/index.php\/wp-json\/wp\/v2\/posts\/166572\/revisions"}],"predecessor-version":[{"id":166573,"href":"https:\/\/radioljubuski.ba\/index.php\/wp-json\/wp\/v2\/posts\/166572\/revisions\/166573"}],"wp:featuredmedia":[{"embeddable":true,"href":"https:\/\/radioljubuski.ba\/index.php\/wp-json\/wp\/v2\/media\/17217"}],"wp:attachment":[{"href":"https:\/\/radioljubuski.ba\/index.php\/wp-json\/wp\/v2\/media?parent=166572"}],"wp:term":[{"taxonomy":"category","embeddable":true,"href":"https:\/\/radioljubuski.ba\/index.php\/wp-json\/wp\/v2\/categories?post=166572"},{"taxonomy":"post_tag","embeddable":true,"href":"https:\/\/radioljubuski.ba\/index.php\/wp-json\/wp\/v2\/tags?post=166572"}],"curies":[{"name":"wp","href":"https:\/\/api.w.org\/{rel}","templated":true}]}}