{"id":166577,"date":"2022-08-04T14:28:47","date_gmt":"2022-08-04T13:28:47","guid":{"rendered":"https:\/\/radioljubuski.ba\/?p=166577"},"modified":"2022-08-04T14:28:48","modified_gmt":"2022-08-04T13:28:48","slug":"preko-granice-bih-pokusao-prokrijumcariti-30-drzavljana-turske-krio-ih-u-prikolici","status":"publish","type":"post","link":"https:\/\/radioljubuski.ba\/index.php\/2022\/08\/04\/preko-granice-bih-pokusao-prokrijumcariti-30-drzavljana-turske-krio-ih-u-prikolici\/","title":{"rendered":"Preko granice BiH poku\u0161ao prokrijum\u010dariti 30 dr\u017eavljana Turske, krio ih u prikolici"},"content":{"rendered":"\n<p>Pripadnici Postrojbe grani\u010dne policije Ora\u0161je, 3. kolovoza 2022. godine na Me\u0111unarodnom grani\u010dnom prijelazu \u0160amac, sprije\u010dili su krijum\u010darenje 30 turskih dr\u017eavljana.<\/p>\n\n\n\n<figure class=\"wp-block-image\"><img decoding=\"async\" src=\"https:\/\/storage.pogled.ba\/images\/058b\/b04e\/232322\/original\/8-2022-08-04-13-45-14-gg.jpg\" alt=\"\"\/><\/figure>\n\n\n\n<p>Naime, dr\u017eavljanin RH je poku\u0161ao, u tovarnom prostoru svog teretnog motornog vozila, nezakonito prebaciti preko dr\u017eavne granice dr\u017eavljane Turske koji nisu ispunjavali uvjete za zakonit prelazak granice, u namjeri pribavljanja za sebe nezakonite imovinske koristi.<\/p>\n\n\n\n<p>Tu\u017eiteljstvu BiH je podneseno izvje\u0161\u0107e o izvr\u0161enom kaznenom djelu \u201eKrijum\u010darenje ljudi\u201c iz \u010dlanka 189. &nbsp;KZ &nbsp;BiH protiv navedenog RH dr\u017eavljanina.<\/p>\n\n\n\n<p>Rad na predmetu se nastavlja.<\/p>\n\n\n\n<p>Izvor:pogled.ba<\/p>\n","protected":false},"excerpt":{"rendered":"<p>Pripadnici Postrojbe grani\u010dne policije Ora\u0161je, 3. kolovoza 2022. godine na Me\u0111unarodnom grani\u010dnom prijelazu \u0160amac, sprije\u010dili su krijum\u010darenje 30 turskih dr\u017eavljana. Naime, dr\u017eavljanin RH je poku\u0161ao, u tovarnom prostoru svog teretnog motornog vozila, nezakonito prebaciti preko dr\u017eavne granice dr\u017eavljane Turske koji nisu ispunjavali uvjete za zakonit prelazak granice, u namjeri pribavljanja za sebe nezakonite imovinske koristi. [&hellip;]<\/p>\n","protected":false},"author":2,"featured_media":166578,"comment_status":"closed","ping_status":"closed","sticky":false,"template":"","format":"standard","meta":{"h5ap_radio_sources":[],"footnotes":""},"categories":[1],"tags":[],"class_list":["post-166577","post","type-post","status-publish","format-standard","has-post-thumbnail","hentry","category-bihiregija"],"yoast_head":"<!-- This site is optimized with the Yoast SEO plugin v27.4 - https:\/\/yoast.com\/product\/yoast-seo-wordpress\/ -->\n<title>Preko granice BiH poku\u0161ao prokrijum\u010dariti 30 dr\u017eavljana Turske, krio ih u prikolici - RADIO LJUBU\u0160KI<\/title>\n<meta name=\"robots\" content=\"index, follow, max-snippet:-1, max-image-preview:large, max-video-preview:-1\" \/>\n<link rel=\"canonical\" href=\"https:\/\/radioljubuski.ba\/index.php\/2022\/08\/04\/preko-granice-bih-pokusao-prokrijumcariti-30-drzavljana-turske-krio-ih-u-prikolici\/\" \/>\n<meta property=\"og:locale\" content=\"hr_HR\" \/>\n<meta property=\"og:type\" content=\"article\" \/>\n<meta property=\"og:title\" content=\"Preko granice BiH poku\u0161ao prokrijum\u010dariti 30 dr\u017eavljana Turske, krio ih u prikolici - RADIO LJUBU\u0160KI\" \/>\n<meta property=\"og:description\" content=\"Pripadnici Postrojbe grani\u010dne policije Ora\u0161je, 3. kolovoza 2022. godine na Me\u0111unarodnom grani\u010dnom prijelazu \u0160amac, sprije\u010dili su krijum\u010darenje 30 turskih dr\u017eavljana. Naime, dr\u017eavljanin RH je poku\u0161ao, u tovarnom prostoru svog teretnog motornog vozila, nezakonito prebaciti preko dr\u017eavne granice dr\u017eavljane Turske koji nisu ispunjavali uvjete za zakonit prelazak granice, u namjeri pribavljanja za sebe nezakonite imovinske koristi. [&hellip;]\" \/>\n<meta property=\"og:url\" content=\"https:\/\/radioljubuski.ba\/index.php\/2022\/08\/04\/preko-granice-bih-pokusao-prokrijumcariti-30-drzavljana-turske-krio-ih-u-prikolici\/\" \/>\n<meta property=\"og:site_name\" content=\"RADIO LJUBU\u0160KI\" \/>\n<meta property=\"article:publisher\" content=\"https:\/\/www.facebook.com\/Radiio-Ljubuski-1490835324566332\" \/>\n<meta property=\"article:published_time\" content=\"2022-08-04T13:28:47+00:00\" \/>\n<meta property=\"article:modified_time\" content=\"2022-08-04T13:28:48+00:00\" \/>\n<meta property=\"og:image\" content=\"https:\/\/radioljubuski.ba\/wp-content\/uploads\/2022\/08\/8-2022-08-04-13-45-11-granica.jpg\" \/>\n\t<meta property=\"og:image:width\" content=\"1000\" \/>\n\t<meta property=\"og:image:height\" content=\"625\" \/>\n\t<meta property=\"og:image:type\" content=\"image\/jpeg\" \/>\n<meta name=\"author\" content=\"Radio Ljubu\u0161ki\" \/>\n<meta name=\"twitter:card\" content=\"summary_large_image\" \/>\n<meta name=\"twitter:creator\" content=\"@radioljubuski\" \/>\n<meta name=\"twitter:site\" content=\"@radioljubuski\" \/>\n<meta name=\"twitter:label1\" content=\"Napisao\/la\" \/>\n\t<meta name=\"twitter:data1\" content=\"Radio Ljubu\u0161ki\" \/>\n\t<meta name=\"twitter:label2\" content=\"Procijenjeno vrijeme \u010ditanja\" \/>\n\t<meta name=\"twitter:data2\" content=\"1 minuta\" \/>\n<script type=\"application\/ld+json\" class=\"yoast-schema-graph\">{\"@context\":\"https:\\\/\\\/schema.org\",\"@graph\":[{\"@type\":\"Article\",\"@id\":\"https:\\\/\\\/radioljubuski.ba\\\/index.php\\\/2022\\\/08\\\/04\\\/preko-granice-bih-pokusao-prokrijumcariti-30-drzavljana-turske-krio-ih-u-prikolici\\\/#article\",\"isPartOf\":{\"@id\":\"https:\\\/\\\/radioljubuski.ba\\\/index.php\\\/2022\\\/08\\\/04\\\/preko-granice-bih-pokusao-prokrijumcariti-30-drzavljana-turske-krio-ih-u-prikolici\\\/\"},\"author\":{\"name\":\"Radio Ljubu\u0161ki\",\"@id\":\"https:\\\/\\\/radioljubuski.ba\\\/#\\\/schema\\\/person\\\/19fc700381a780f69665d7956c469e3b\"},\"headline\":\"Preko granice BiH poku\u0161ao prokrijum\u010dariti 30 dr\u017eavljana Turske, krio ih u prikolici\",\"datePublished\":\"2022-08-04T13:28:47+00:00\",\"dateModified\":\"2022-08-04T13:28:48+00:00\",\"mainEntityOfPage\":{\"@id\":\"https:\\\/\\\/radioljubuski.ba\\\/index.php\\\/2022\\\/08\\\/04\\\/preko-granice-bih-pokusao-prokrijumcariti-30-drzavljana-turske-krio-ih-u-prikolici\\\/\"},\"wordCount\":111,\"publisher\":{\"@id\":\"https:\\\/\\\/radioljubuski.ba\\\/#organization\"},\"image\":{\"@id\":\"https:\\\/\\\/radioljubuski.ba\\\/index.php\\\/2022\\\/08\\\/04\\\/preko-granice-bih-pokusao-prokrijumcariti-30-drzavljana-turske-krio-ih-u-prikolici\\\/#primaryimage\"},\"thumbnailUrl\":\"https:\\\/\\\/radioljubuski.ba\\\/wp-content\\\/uploads\\\/2022\\\/08\\\/8-2022-08-04-13-45-11-granica.jpg\",\"articleSection\":[\"BIH i regija\"],\"inLanguage\":\"hr\"},{\"@type\":\"WebPage\",\"@id\":\"https:\\\/\\\/radioljubuski.ba\\\/index.php\\\/2022\\\/08\\\/04\\\/preko-granice-bih-pokusao-prokrijumcariti-30-drzavljana-turske-krio-ih-u-prikolici\\\/\",\"url\":\"https:\\\/\\\/radioljubuski.ba\\\/index.php\\\/2022\\\/08\\\/04\\\/preko-granice-bih-pokusao-prokrijumcariti-30-drzavljana-turske-krio-ih-u-prikolici\\\/\",\"name\":\"Preko granice BiH poku\u0161ao prokrijum\u010dariti 30 dr\u017eavljana Turske, krio ih u prikolici - RADIO LJUBU\u0160KI\",\"isPartOf\":{\"@id\":\"https:\\\/\\\/radioljubuski.ba\\\/#website\"},\"primaryImageOfPage\":{\"@id\":\"https:\\\/\\\/radioljubuski.ba\\\/index.php\\\/2022\\\/08\\\/04\\\/preko-granice-bih-pokusao-prokrijumcariti-30-drzavljana-turske-krio-ih-u-prikolici\\\/#primaryimage\"},\"image\":{\"@id\":\"https:\\\/\\\/radioljubuski.ba\\\/index.php\\\/2022\\\/08\\\/04\\\/preko-granice-bih-pokusao-prokrijumcariti-30-drzavljana-turske-krio-ih-u-prikolici\\\/#primaryimage\"},\"thumbnailUrl\":\"https:\\\/\\\/radioljubuski.ba\\\/wp-content\\\/uploads\\\/2022\\\/08\\\/8-2022-08-04-13-45-11-granica.jpg\",\"datePublished\":\"2022-08-04T13:28:47+00:00\",\"dateModified\":\"2022-08-04T13:28:48+00:00\",\"breadcrumb\":{\"@id\":\"https:\\\/\\\/radioljubuski.ba\\\/index.php\\\/2022\\\/08\\\/04\\\/preko-granice-bih-pokusao-prokrijumcariti-30-drzavljana-turske-krio-ih-u-prikolici\\\/#breadcrumb\"},\"inLanguage\":\"hr\",\"potentialAction\":[{\"@type\":\"ReadAction\",\"target\":[\"https:\\\/\\\/radioljubuski.ba\\\/index.php\\\/2022\\\/08\\\/04\\\/preko-granice-bih-pokusao-prokrijumcariti-30-drzavljana-turske-krio-ih-u-prikolici\\\/\"]}]},{\"@type\":\"ImageObject\",\"inLanguage\":\"hr\",\"@id\":\"https:\\\/\\\/radioljubuski.ba\\\/index.php\\\/2022\\\/08\\\/04\\\/preko-granice-bih-pokusao-prokrijumcariti-30-drzavljana-turske-krio-ih-u-prikolici\\\/#primaryimage\",\"url\":\"https:\\\/\\\/radioljubuski.ba\\\/wp-content\\\/uploads\\\/2022\\\/08\\\/8-2022-08-04-13-45-11-granica.jpg\",\"contentUrl\":\"https:\\\/\\\/radioljubuski.ba\\\/wp-content\\\/uploads\\\/2022\\\/08\\\/8-2022-08-04-13-45-11-granica.jpg\",\"width\":1000,\"height\":625},{\"@type\":\"BreadcrumbList\",\"@id\":\"https:\\\/\\\/radioljubuski.ba\\\/index.php\\\/2022\\\/08\\\/04\\\/preko-granice-bih-pokusao-prokrijumcariti-30-drzavljana-turske-krio-ih-u-prikolici\\\/#breadcrumb\",\"itemListElement\":[{\"@type\":\"ListItem\",\"position\":1,\"name\":\"Po\u010detna stranica\",\"item\":\"https:\\\/\\\/radioljubuski.ba\\\/\"},{\"@type\":\"ListItem\",\"position\":2,\"name\":\"Preko granice BiH poku\u0161ao prokrijum\u010dariti 30 dr\u017eavljana Turske, krio ih u prikolici\"}]},{\"@type\":\"WebSite\",\"@id\":\"https:\\\/\\\/radioljubuski.ba\\\/#website\",\"url\":\"https:\\\/\\\/radioljubuski.ba\\\/\",\"name\":\"Radio Ljubu\u0161ki\",\"description\":\"Sun\u010dana frekvencija Hercegovine\",\"publisher\":{\"@id\":\"https:\\\/\\\/radioljubuski.ba\\\/#organization\"},\"potentialAction\":[{\"@type\":\"SearchAction\",\"target\":{\"@type\":\"EntryPoint\",\"urlTemplate\":\"https:\\\/\\\/radioljubuski.ba\\\/?s={search_term_string}\"},\"query-input\":{\"@type\":\"PropertyValueSpecification\",\"valueRequired\":true,\"valueName\":\"search_term_string\"}}],\"inLanguage\":\"hr\"},{\"@type\":\"Organization\",\"@id\":\"https:\\\/\\\/radioljubuski.ba\\\/#organization\",\"name\":\"Radio Ljubu\u0161ki\",\"url\":\"https:\\\/\\\/radioljubuski.ba\\\/\",\"logo\":{\"@type\":\"ImageObject\",\"inLanguage\":\"hr\",\"@id\":\"https:\\\/\\\/radioljubuski.ba\\\/#\\\/schema\\\/logo\\\/image\\\/\",\"url\":\"https:\\\/\\\/radioljubuski.ba\\\/wp-content\\\/uploads\\\/2021\\\/02\\\/cropped-Radio_Ljubuski_logo1.jpg\",\"contentUrl\":\"https:\\\/\\\/radioljubuski.ba\\\/wp-content\\\/uploads\\\/2021\\\/02\\\/cropped-Radio_Ljubuski_logo1.jpg\",\"width\":512,\"height\":512,\"caption\":\"Radio Ljubu\u0161ki\"},\"image\":{\"@id\":\"https:\\\/\\\/radioljubuski.ba\\\/#\\\/schema\\\/logo\\\/image\\\/\"},\"sameAs\":[\"https:\\\/\\\/www.facebook.com\\\/Radiio-Ljubuski-1490835324566332\",\"https:\\\/\\\/x.com\\\/radioljubuski\",\"https:\\\/\\\/hr.linkedin.com\\\/company\\\/radio-ljubuski\",\"https:\\\/\\\/www.youtube.com\\\/channel\\\/UCHYaeO_n0Db3tjNGudGpXyw\"]},{\"@type\":\"Person\",\"@id\":\"https:\\\/\\\/radioljubuski.ba\\\/#\\\/schema\\\/person\\\/19fc700381a780f69665d7956c469e3b\",\"name\":\"Radio Ljubu\u0161ki\"}]}<\/script>\n<!-- \/ Yoast SEO plugin. -->","yoast_head_json":{"title":"Preko granice BiH poku\u0161ao prokrijum\u010dariti 30 dr\u017eavljana Turske, krio ih u prikolici - RADIO LJUBU\u0160KI","robots":{"index":"index","follow":"follow","max-snippet":"max-snippet:-1","max-image-preview":"max-image-preview:large","max-video-preview":"max-video-preview:-1"},"canonical":"https:\/\/radioljubuski.ba\/index.php\/2022\/08\/04\/preko-granice-bih-pokusao-prokrijumcariti-30-drzavljana-turske-krio-ih-u-prikolici\/","og_locale":"hr_HR","og_type":"article","og_title":"Preko granice BiH poku\u0161ao prokrijum\u010dariti 30 dr\u017eavljana Turske, krio ih u prikolici - RADIO LJUBU\u0160KI","og_description":"Pripadnici Postrojbe grani\u010dne policije Ora\u0161je, 3. kolovoza 2022. godine na Me\u0111unarodnom grani\u010dnom prijelazu \u0160amac, sprije\u010dili su krijum\u010darenje 30 turskih dr\u017eavljana. Naime, dr\u017eavljanin RH je poku\u0161ao, u tovarnom prostoru svog teretnog motornog vozila, nezakonito prebaciti preko dr\u017eavne granice dr\u017eavljane Turske koji nisu ispunjavali uvjete za zakonit prelazak granice, u namjeri pribavljanja za sebe nezakonite imovinske koristi. [&hellip;]","og_url":"https:\/\/radioljubuski.ba\/index.php\/2022\/08\/04\/preko-granice-bih-pokusao-prokrijumcariti-30-drzavljana-turske-krio-ih-u-prikolici\/","og_site_name":"RADIO LJUBU\u0160KI","article_publisher":"https:\/\/www.facebook.com\/Radiio-Ljubuski-1490835324566332","article_published_time":"2022-08-04T13:28:47+00:00","article_modified_time":"2022-08-04T13:28:48+00:00","og_image":[{"width":1000,"height":625,"url":"https:\/\/radioljubuski.ba\/wp-content\/uploads\/2022\/08\/8-2022-08-04-13-45-11-granica.jpg","type":"image\/jpeg"}],"author":"Radio Ljubu\u0161ki","twitter_card":"summary_large_image","twitter_creator":"@radioljubuski","twitter_site":"@radioljubuski","twitter_misc":{"Napisao\/la":"Radio Ljubu\u0161ki","Procijenjeno vrijeme \u010ditanja":"1 minuta"},"schema":{"@context":"https:\/\/schema.org","@graph":[{"@type":"Article","@id":"https:\/\/radioljubuski.ba\/index.php\/2022\/08\/04\/preko-granice-bih-pokusao-prokrijumcariti-30-drzavljana-turske-krio-ih-u-prikolici\/#article","isPartOf":{"@id":"https:\/\/radioljubuski.ba\/index.php\/2022\/08\/04\/preko-granice-bih-pokusao-prokrijumcariti-30-drzavljana-turske-krio-ih-u-prikolici\/"},"author":{"name":"Radio Ljubu\u0161ki","@id":"https:\/\/radioljubuski.ba\/#\/schema\/person\/19fc700381a780f69665d7956c469e3b"},"headline":"Preko granice BiH poku\u0161ao prokrijum\u010dariti 30 dr\u017eavljana Turske, krio ih u prikolici","datePublished":"2022-08-04T13:28:47+00:00","dateModified":"2022-08-04T13:28:48+00:00","mainEntityOfPage":{"@id":"https:\/\/radioljubuski.ba\/index.php\/2022\/08\/04\/preko-granice-bih-pokusao-prokrijumcariti-30-drzavljana-turske-krio-ih-u-prikolici\/"},"wordCount":111,"publisher":{"@id":"https:\/\/radioljubuski.ba\/#organization"},"image":{"@id":"https:\/\/radioljubuski.ba\/index.php\/2022\/08\/04\/preko-granice-bih-pokusao-prokrijumcariti-30-drzavljana-turske-krio-ih-u-prikolici\/#primaryimage"},"thumbnailUrl":"https:\/\/radioljubuski.ba\/wp-content\/uploads\/2022\/08\/8-2022-08-04-13-45-11-granica.jpg","articleSection":["BIH i regija"],"inLanguage":"hr"},{"@type":"WebPage","@id":"https:\/\/radioljubuski.ba\/index.php\/2022\/08\/04\/preko-granice-bih-pokusao-prokrijumcariti-30-drzavljana-turske-krio-ih-u-prikolici\/","url":"https:\/\/radioljubuski.ba\/index.php\/2022\/08\/04\/preko-granice-bih-pokusao-prokrijumcariti-30-drzavljana-turske-krio-ih-u-prikolici\/","name":"Preko granice BiH poku\u0161ao prokrijum\u010dariti 30 dr\u017eavljana Turske, krio ih u prikolici - RADIO LJUBU\u0160KI","isPartOf":{"@id":"https:\/\/radioljubuski.ba\/#website"},"primaryImageOfPage":{"@id":"https:\/\/radioljubuski.ba\/index.php\/2022\/08\/04\/preko-granice-bih-pokusao-prokrijumcariti-30-drzavljana-turske-krio-ih-u-prikolici\/#primaryimage"},"image":{"@id":"https:\/\/radioljubuski.ba\/index.php\/2022\/08\/04\/preko-granice-bih-pokusao-prokrijumcariti-30-drzavljana-turske-krio-ih-u-prikolici\/#primaryimage"},"thumbnailUrl":"https:\/\/radioljubuski.ba\/wp-content\/uploads\/2022\/08\/8-2022-08-04-13-45-11-granica.jpg","datePublished":"2022-08-04T13:28:47+00:00","dateModified":"2022-08-04T13:28:48+00:00","breadcrumb":{"@id":"https:\/\/radioljubuski.ba\/index.php\/2022\/08\/04\/preko-granice-bih-pokusao-prokrijumcariti-30-drzavljana-turske-krio-ih-u-prikolici\/#breadcrumb"},"inLanguage":"hr","potentialAction":[{"@type":"ReadAction","target":["https:\/\/radioljubuski.ba\/index.php\/2022\/08\/04\/preko-granice-bih-pokusao-prokrijumcariti-30-drzavljana-turske-krio-ih-u-prikolici\/"]}]},{"@type":"ImageObject","inLanguage":"hr","@id":"https:\/\/radioljubuski.ba\/index.php\/2022\/08\/04\/preko-granice-bih-pokusao-prokrijumcariti-30-drzavljana-turske-krio-ih-u-prikolici\/#primaryimage","url":"https:\/\/radioljubuski.ba\/wp-content\/uploads\/2022\/08\/8-2022-08-04-13-45-11-granica.jpg","contentUrl":"https:\/\/radioljubuski.ba\/wp-content\/uploads\/2022\/08\/8-2022-08-04-13-45-11-granica.jpg","width":1000,"height":625},{"@type":"BreadcrumbList","@id":"https:\/\/radioljubuski.ba\/index.php\/2022\/08\/04\/preko-granice-bih-pokusao-prokrijumcariti-30-drzavljana-turske-krio-ih-u-prikolici\/#breadcrumb","itemListElement":[{"@type":"ListItem","position":1,"name":"Po\u010detna stranica","item":"https:\/\/radioljubuski.ba\/"},{"@type":"ListItem","position":2,"name":"Preko granice BiH poku\u0161ao prokrijum\u010dariti 30 dr\u017eavljana Turske, krio ih u prikolici"}]},{"@type":"WebSite","@id":"https:\/\/radioljubuski.ba\/#website","url":"https:\/\/radioljubuski.ba\/","name":"Radio Ljubu\u0161ki","description":"Sun\u010dana frekvencija Hercegovine","publisher":{"@id":"https:\/\/radioljubuski.ba\/#organization"},"potentialAction":[{"@type":"SearchAction","target":{"@type":"EntryPoint","urlTemplate":"https:\/\/radioljubuski.ba\/?s={search_term_string}"},"query-input":{"@type":"PropertyValueSpecification","valueRequired":true,"valueName":"search_term_string"}}],"inLanguage":"hr"},{"@type":"Organization","@id":"https:\/\/radioljubuski.ba\/#organization","name":"Radio Ljubu\u0161ki","url":"https:\/\/radioljubuski.ba\/","logo":{"@type":"ImageObject","inLanguage":"hr","@id":"https:\/\/radioljubuski.ba\/#\/schema\/logo\/image\/","url":"https:\/\/radioljubuski.ba\/wp-content\/uploads\/2021\/02\/cropped-Radio_Ljubuski_logo1.jpg","contentUrl":"https:\/\/radioljubuski.ba\/wp-content\/uploads\/2021\/02\/cropped-Radio_Ljubuski_logo1.jpg","width":512,"height":512,"caption":"Radio Ljubu\u0161ki"},"image":{"@id":"https:\/\/radioljubuski.ba\/#\/schema\/logo\/image\/"},"sameAs":["https:\/\/www.facebook.com\/Radiio-Ljubuski-1490835324566332","https:\/\/x.com\/radioljubuski","https:\/\/hr.linkedin.com\/company\/radio-ljubuski","https:\/\/www.youtube.com\/channel\/UCHYaeO_n0Db3tjNGudGpXyw"]},{"@type":"Person","@id":"https:\/\/radioljubuski.ba\/#\/schema\/person\/19fc700381a780f69665d7956c469e3b","name":"Radio Ljubu\u0161ki"}]}},"_links":{"self":[{"href":"https:\/\/radioljubuski.ba\/index.php\/wp-json\/wp\/v2\/posts\/166577","targetHints":{"allow":["GET"]}}],"collection":[{"href":"https:\/\/radioljubuski.ba\/index.php\/wp-json\/wp\/v2\/posts"}],"about":[{"href":"https:\/\/radioljubuski.ba\/index.php\/wp-json\/wp\/v2\/types\/post"}],"author":[{"embeddable":true,"href":"https:\/\/radioljubuski.ba\/index.php\/wp-json\/wp\/v2\/users\/2"}],"replies":[{"embeddable":true,"href":"https:\/\/radioljubuski.ba\/index.php\/wp-json\/wp\/v2\/comments?post=166577"}],"version-history":[{"count":1,"href":"https:\/\/radioljubuski.ba\/index.php\/wp-json\/wp\/v2\/posts\/166577\/revisions"}],"predecessor-version":[{"id":166579,"href":"https:\/\/radioljubuski.ba\/index.php\/wp-json\/wp\/v2\/posts\/166577\/revisions\/166579"}],"wp:featuredmedia":[{"embeddable":true,"href":"https:\/\/radioljubuski.ba\/index.php\/wp-json\/wp\/v2\/media\/166578"}],"wp:attachment":[{"href":"https:\/\/radioljubuski.ba\/index.php\/wp-json\/wp\/v2\/media?parent=166577"}],"wp:term":[{"taxonomy":"category","embeddable":true,"href":"https:\/\/radioljubuski.ba\/index.php\/wp-json\/wp\/v2\/categories?post=166577"},{"taxonomy":"post_tag","embeddable":true,"href":"https:\/\/radioljubuski.ba\/index.php\/wp-json\/wp\/v2\/tags?post=166577"}],"curies":[{"name":"wp","href":"https:\/\/api.w.org\/{rel}","templated":true}]}}