{"id":166580,"date":"2022-08-04T14:29:49","date_gmt":"2022-08-04T13:29:49","guid":{"rendered":"https:\/\/radioljubuski.ba\/?p=166580"},"modified":"2022-08-04T14:29:50","modified_gmt":"2022-08-04T13:29:50","slug":"najmladi-pacijenti-skb-mostar-na-terapije-i-preglede-ici-ce-s-djecjim-elektricnim-automobilom","status":"publish","type":"post","link":"https:\/\/radioljubuski.ba\/index.php\/2022\/08\/04\/najmladi-pacijenti-skb-mostar-na-terapije-i-preglede-ici-ce-s-djecjim-elektricnim-automobilom\/","title":{"rendered":"Najmla\u0111i pacijenti SKB Mostar na terapije i preglede i\u0107i \u0107e s dje\u010djim elektri\u010dnim automobilom"},"content":{"rendered":"\n<p>U sklopu projekta \u201eRadost u bolni\u010dkom okru\u017eenju\u201c, ju\u010der su predstavnici humanitarne udruge \u201efra Mladen Hrka\u0107\u201c i Hrvatskog kulturnog dru\u0161tva Mala Kapela iz Essena u Njema\u010dkoj uru\u010dili dje\u010dji elektri\u010dni automobil predstavnicima Sveu\u010dili\u0161ne klini\u010dke bolnice u Mostaru, kako bi najmla\u0111i pacijenti Klinike za dje\u010dje bolesti s osmijehom odlazili na preglede i terapije.&nbsp;<\/p>\n\n\n\n<p>Uru\u010denju su nazo\u010dili tajnica humanitarne udruge \u201efra Mladen Hrka\u0107\u201c Matea Panduri\u0107, predsjednik HKD Mala Kapela Marijo Primorac, zamjenica predstojnice Klinike za dje\u010dje bolesti mr.sc. Milena Ore\u010d, tajnica Klinike za dje\u010dje bolesti Josipa Bo\u017ei\u0107, i zamjenica glavne sestre Klinike za dje\u010dje bolesti SKB Mostar Tamara Mili\u010devi\u0107.<\/p>\n\n\n\n<p>Ovaj doga\u0111aj je bio poseban i po tome \u0161to su samom uru\u010denju nazo\u010dili i volonteri humanitarne udruge \u201efra Mladen Hrka\u0107\u201c iz Njema\u010dke i Hrvatske koji borave u Hercegovini u sklopu projekta \u201eMost solidarnosti\u201c u sklopu programa Europskih snaga solidarnosti.&nbsp;<\/p>\n\n\n\n<p>Nabavu dje\u010djeg elektri\u010dnog auti\u0107a, zahvaljuju\u0107i kojem \u0107e najmla\u0111i pacijenti u Sveu\u010dili\u0161noj klini\u010dkoj bolnici u Mostaru svoj boravak u bolnici pamtiti i po sretnim i opu\u0161tenim trenucima, financiralo je HKD Mala Kapela iz Essena, Njema\u010dka.<\/p>\n\n\n\n<p>Projekt \u201eRadost u bolni\u010dkom okru\u017eenju\u201c humanitarna udruga \u201efra Mladen Hrka\u0107\u201c provodi od prosinca 2020. godine s ciljem podizanja kvalitete \u017eivota djece, kao najranjivije skupine dru\u0161tva, u bolni\u010dkom okru\u017eenju te humanizacija dje\u010djih bolni\u010dkih odjela kroz nabavu dje\u010djih elektri\u010dnih auti\u0107a za dje\u010dje odjele u bolnicama diljem Republike Hrvatske i Bosne i Hercegovine. Do sada je donirano ukupno 26 elektri\u010dnih auti\u0107a.<\/p>\n\n\n\n<p>Sveu\u010dili\u0161na klini\u010dka bolnica u Mostaru je prva bolnica u Bosni i Hercegovini koja je dobila ovu donaciju.<\/p>\n\n\n\n<p>Jedinstven po pru\u017eanju psiholo\u0161ke podr\u0161ke najmla\u0111im i najranjivijim korisni\u010dkim skupinama na jedan zabavan, human, inovativan i djelotvoran na\u010din, projekt iznimno pozitivno utje\u010de na psihofizi\u010dko stanje djeteta, a samim time i na brzinu i uspjeh lije\u010denja.&nbsp;<\/p>\n\n\n\n<p>Ovi auti\u0107i su i razlog zbog kojeg su Humanitarna udruga \u201efra Mladen Hrka\u0107\u201c i Ana Ljubas, pomo\u0107nica ravnatelja za sestrinstvo KBC-a Zagreb, progla\u0161eni dobitnicima nagrade Ponos Hrvatske za 2021. godinu.&nbsp;<\/p>\n\n\n\n<p>Projekt se nastavlja s ciljem doniranja dje\u010djih elektri\u010dnih auti\u0107a drugim bolnicama diljem Republike Hrvatske, ali i Bosne i Hercegovine, kako bi djeca imala jednake mogu\u0107nosti i prava unutar zdravstvenog sustava &#8211; pravo na pozitivne emocije i pozitivno iskustvo boravka u bolnici tijekom lije\u010denja.<\/p>\n\n\n\n<p>Izvor:pogled.ba<\/p>\n","protected":false},"excerpt":{"rendered":"<p>U sklopu projekta \u201eRadost u bolni\u010dkom okru\u017eenju\u201c, ju\u010der su predstavnici humanitarne udruge \u201efra Mladen Hrka\u0107\u201c i Hrvatskog kulturnog dru\u0161tva Mala Kapela iz Essena u Njema\u010dkoj uru\u010dili dje\u010dji elektri\u010dni automobil predstavnicima Sveu\u010dili\u0161ne klini\u010dke bolnice u Mostaru, kako bi najmla\u0111i pacijenti Klinike za dje\u010dje bolesti s osmijehom odlazili na preglede i terapije.&nbsp; Uru\u010denju su nazo\u010dili tajnica humanitarne [&hellip;]<\/p>\n","protected":false},"author":2,"featured_media":166581,"comment_status":"closed","ping_status":"closed","sticky":false,"template":"","format":"standard","meta":{"h5ap_radio_sources":[],"footnotes":""},"categories":[1],"tags":[],"class_list":["post-166580","post","type-post","status-publish","format-standard","has-post-thumbnail","hentry","category-bihiregija"],"yoast_head":"<!-- This site is optimized with the Yoast SEO plugin v27.4 - https:\/\/yoast.com\/product\/yoast-seo-wordpress\/ -->\n<title>Najmla\u0111i pacijenti SKB Mostar na terapije i preglede i\u0107i \u0107e s dje\u010djim elektri\u010dnim automobilom - RADIO LJUBU\u0160KI<\/title>\n<meta name=\"robots\" content=\"index, follow, max-snippet:-1, max-image-preview:large, max-video-preview:-1\" \/>\n<link rel=\"canonical\" href=\"https:\/\/radioljubuski.ba\/index.php\/2022\/08\/04\/najmladi-pacijenti-skb-mostar-na-terapije-i-preglede-ici-ce-s-djecjim-elektricnim-automobilom\/\" \/>\n<meta property=\"og:locale\" content=\"hr_HR\" \/>\n<meta property=\"og:type\" content=\"article\" \/>\n<meta property=\"og:title\" content=\"Najmla\u0111i pacijenti SKB Mostar na terapije i preglede i\u0107i \u0107e s dje\u010djim elektri\u010dnim automobilom - RADIO LJUBU\u0160KI\" \/>\n<meta property=\"og:description\" content=\"U sklopu projekta \u201eRadost u bolni\u010dkom okru\u017eenju\u201c, ju\u010der su predstavnici humanitarne udruge \u201efra Mladen Hrka\u0107\u201c i Hrvatskog kulturnog dru\u0161tva Mala Kapela iz Essena u Njema\u010dkoj uru\u010dili dje\u010dji elektri\u010dni automobil predstavnicima Sveu\u010dili\u0161ne klini\u010dke bolnice u Mostaru, kako bi najmla\u0111i pacijenti Klinike za dje\u010dje bolesti s osmijehom odlazili na preglede i terapije.&nbsp; Uru\u010denju su nazo\u010dili tajnica humanitarne [&hellip;]\" \/>\n<meta property=\"og:url\" content=\"https:\/\/radioljubuski.ba\/index.php\/2022\/08\/04\/najmladi-pacijenti-skb-mostar-na-terapije-i-preglede-ici-ce-s-djecjim-elektricnim-automobilom\/\" \/>\n<meta property=\"og:site_name\" content=\"RADIO LJUBU\u0160KI\" \/>\n<meta property=\"article:publisher\" content=\"https:\/\/www.facebook.com\/Radiio-Ljubuski-1490835324566332\" \/>\n<meta property=\"article:published_time\" content=\"2022-08-04T13:29:49+00:00\" \/>\n<meta property=\"article:modified_time\" content=\"2022-08-04T13:29:50+00:00\" \/>\n<meta property=\"og:image\" content=\"https:\/\/radioljubuski.ba\/wp-content\/uploads\/2022\/08\/8-2022-08-04-13-51-35-HUMH_Djecji-elektricni-autici-na-hodnicima-SKB-Mostar-1.jpg\" \/>\n\t<meta property=\"og:image:width\" content=\"1000\" \/>\n\t<meta property=\"og:image:height\" content=\"625\" \/>\n\t<meta property=\"og:image:type\" content=\"image\/jpeg\" \/>\n<meta name=\"author\" content=\"Radio Ljubu\u0161ki\" \/>\n<meta name=\"twitter:card\" content=\"summary_large_image\" \/>\n<meta name=\"twitter:creator\" content=\"@radioljubuski\" \/>\n<meta name=\"twitter:site\" content=\"@radioljubuski\" \/>\n<meta name=\"twitter:label1\" content=\"Napisao\/la\" \/>\n\t<meta name=\"twitter:data1\" content=\"Radio Ljubu\u0161ki\" \/>\n\t<meta name=\"twitter:label2\" content=\"Procijenjeno vrijeme \u010ditanja\" \/>\n\t<meta name=\"twitter:data2\" content=\"2 minute\" \/>\n<script type=\"application\/ld+json\" class=\"yoast-schema-graph\">{\"@context\":\"https:\\\/\\\/schema.org\",\"@graph\":[{\"@type\":\"Article\",\"@id\":\"https:\\\/\\\/radioljubuski.ba\\\/index.php\\\/2022\\\/08\\\/04\\\/najmladi-pacijenti-skb-mostar-na-terapije-i-preglede-ici-ce-s-djecjim-elektricnim-automobilom\\\/#article\",\"isPartOf\":{\"@id\":\"https:\\\/\\\/radioljubuski.ba\\\/index.php\\\/2022\\\/08\\\/04\\\/najmladi-pacijenti-skb-mostar-na-terapije-i-preglede-ici-ce-s-djecjim-elektricnim-automobilom\\\/\"},\"author\":{\"name\":\"Radio Ljubu\u0161ki\",\"@id\":\"https:\\\/\\\/radioljubuski.ba\\\/#\\\/schema\\\/person\\\/19fc700381a780f69665d7956c469e3b\"},\"headline\":\"Najmla\u0111i pacijenti SKB Mostar na terapije i preglede i\u0107i \u0107e s dje\u010djim elektri\u010dnim automobilom\",\"datePublished\":\"2022-08-04T13:29:49+00:00\",\"dateModified\":\"2022-08-04T13:29:50+00:00\",\"mainEntityOfPage\":{\"@id\":\"https:\\\/\\\/radioljubuski.ba\\\/index.php\\\/2022\\\/08\\\/04\\\/najmladi-pacijenti-skb-mostar-na-terapije-i-preglede-ici-ce-s-djecjim-elektricnim-automobilom\\\/\"},\"wordCount\":441,\"publisher\":{\"@id\":\"https:\\\/\\\/radioljubuski.ba\\\/#organization\"},\"image\":{\"@id\":\"https:\\\/\\\/radioljubuski.ba\\\/index.php\\\/2022\\\/08\\\/04\\\/najmladi-pacijenti-skb-mostar-na-terapije-i-preglede-ici-ce-s-djecjim-elektricnim-automobilom\\\/#primaryimage\"},\"thumbnailUrl\":\"https:\\\/\\\/radioljubuski.ba\\\/wp-content\\\/uploads\\\/2022\\\/08\\\/8-2022-08-04-13-51-35-HUMH_Djecji-elektricni-autici-na-hodnicima-SKB-Mostar-1.jpg\",\"articleSection\":[\"BIH i regija\"],\"inLanguage\":\"hr\"},{\"@type\":\"WebPage\",\"@id\":\"https:\\\/\\\/radioljubuski.ba\\\/index.php\\\/2022\\\/08\\\/04\\\/najmladi-pacijenti-skb-mostar-na-terapije-i-preglede-ici-ce-s-djecjim-elektricnim-automobilom\\\/\",\"url\":\"https:\\\/\\\/radioljubuski.ba\\\/index.php\\\/2022\\\/08\\\/04\\\/najmladi-pacijenti-skb-mostar-na-terapije-i-preglede-ici-ce-s-djecjim-elektricnim-automobilom\\\/\",\"name\":\"Najmla\u0111i pacijenti SKB Mostar na terapije i preglede i\u0107i \u0107e s dje\u010djim elektri\u010dnim automobilom - RADIO LJUBU\u0160KI\",\"isPartOf\":{\"@id\":\"https:\\\/\\\/radioljubuski.ba\\\/#website\"},\"primaryImageOfPage\":{\"@id\":\"https:\\\/\\\/radioljubuski.ba\\\/index.php\\\/2022\\\/08\\\/04\\\/najmladi-pacijenti-skb-mostar-na-terapije-i-preglede-ici-ce-s-djecjim-elektricnim-automobilom\\\/#primaryimage\"},\"image\":{\"@id\":\"https:\\\/\\\/radioljubuski.ba\\\/index.php\\\/2022\\\/08\\\/04\\\/najmladi-pacijenti-skb-mostar-na-terapije-i-preglede-ici-ce-s-djecjim-elektricnim-automobilom\\\/#primaryimage\"},\"thumbnailUrl\":\"https:\\\/\\\/radioljubuski.ba\\\/wp-content\\\/uploads\\\/2022\\\/08\\\/8-2022-08-04-13-51-35-HUMH_Djecji-elektricni-autici-na-hodnicima-SKB-Mostar-1.jpg\",\"datePublished\":\"2022-08-04T13:29:49+00:00\",\"dateModified\":\"2022-08-04T13:29:50+00:00\",\"breadcrumb\":{\"@id\":\"https:\\\/\\\/radioljubuski.ba\\\/index.php\\\/2022\\\/08\\\/04\\\/najmladi-pacijenti-skb-mostar-na-terapije-i-preglede-ici-ce-s-djecjim-elektricnim-automobilom\\\/#breadcrumb\"},\"inLanguage\":\"hr\",\"potentialAction\":[{\"@type\":\"ReadAction\",\"target\":[\"https:\\\/\\\/radioljubuski.ba\\\/index.php\\\/2022\\\/08\\\/04\\\/najmladi-pacijenti-skb-mostar-na-terapije-i-preglede-ici-ce-s-djecjim-elektricnim-automobilom\\\/\"]}]},{\"@type\":\"ImageObject\",\"inLanguage\":\"hr\",\"@id\":\"https:\\\/\\\/radioljubuski.ba\\\/index.php\\\/2022\\\/08\\\/04\\\/najmladi-pacijenti-skb-mostar-na-terapije-i-preglede-ici-ce-s-djecjim-elektricnim-automobilom\\\/#primaryimage\",\"url\":\"https:\\\/\\\/radioljubuski.ba\\\/wp-content\\\/uploads\\\/2022\\\/08\\\/8-2022-08-04-13-51-35-HUMH_Djecji-elektricni-autici-na-hodnicima-SKB-Mostar-1.jpg\",\"contentUrl\":\"https:\\\/\\\/radioljubuski.ba\\\/wp-content\\\/uploads\\\/2022\\\/08\\\/8-2022-08-04-13-51-35-HUMH_Djecji-elektricni-autici-na-hodnicima-SKB-Mostar-1.jpg\",\"width\":1000,\"height\":625},{\"@type\":\"BreadcrumbList\",\"@id\":\"https:\\\/\\\/radioljubuski.ba\\\/index.php\\\/2022\\\/08\\\/04\\\/najmladi-pacijenti-skb-mostar-na-terapije-i-preglede-ici-ce-s-djecjim-elektricnim-automobilom\\\/#breadcrumb\",\"itemListElement\":[{\"@type\":\"ListItem\",\"position\":1,\"name\":\"Po\u010detna stranica\",\"item\":\"https:\\\/\\\/radioljubuski.ba\\\/\"},{\"@type\":\"ListItem\",\"position\":2,\"name\":\"Najmla\u0111i pacijenti SKB Mostar na terapije i preglede i\u0107i \u0107e s dje\u010djim elektri\u010dnim automobilom\"}]},{\"@type\":\"WebSite\",\"@id\":\"https:\\\/\\\/radioljubuski.ba\\\/#website\",\"url\":\"https:\\\/\\\/radioljubuski.ba\\\/\",\"name\":\"Radio Ljubu\u0161ki\",\"description\":\"Sun\u010dana frekvencija Hercegovine\",\"publisher\":{\"@id\":\"https:\\\/\\\/radioljubuski.ba\\\/#organization\"},\"potentialAction\":[{\"@type\":\"SearchAction\",\"target\":{\"@type\":\"EntryPoint\",\"urlTemplate\":\"https:\\\/\\\/radioljubuski.ba\\\/?s={search_term_string}\"},\"query-input\":{\"@type\":\"PropertyValueSpecification\",\"valueRequired\":true,\"valueName\":\"search_term_string\"}}],\"inLanguage\":\"hr\"},{\"@type\":\"Organization\",\"@id\":\"https:\\\/\\\/radioljubuski.ba\\\/#organization\",\"name\":\"Radio Ljubu\u0161ki\",\"url\":\"https:\\\/\\\/radioljubuski.ba\\\/\",\"logo\":{\"@type\":\"ImageObject\",\"inLanguage\":\"hr\",\"@id\":\"https:\\\/\\\/radioljubuski.ba\\\/#\\\/schema\\\/logo\\\/image\\\/\",\"url\":\"https:\\\/\\\/radioljubuski.ba\\\/wp-content\\\/uploads\\\/2021\\\/02\\\/cropped-Radio_Ljubuski_logo1.jpg\",\"contentUrl\":\"https:\\\/\\\/radioljubuski.ba\\\/wp-content\\\/uploads\\\/2021\\\/02\\\/cropped-Radio_Ljubuski_logo1.jpg\",\"width\":512,\"height\":512,\"caption\":\"Radio Ljubu\u0161ki\"},\"image\":{\"@id\":\"https:\\\/\\\/radioljubuski.ba\\\/#\\\/schema\\\/logo\\\/image\\\/\"},\"sameAs\":[\"https:\\\/\\\/www.facebook.com\\\/Radiio-Ljubuski-1490835324566332\",\"https:\\\/\\\/x.com\\\/radioljubuski\",\"https:\\\/\\\/hr.linkedin.com\\\/company\\\/radio-ljubuski\",\"https:\\\/\\\/www.youtube.com\\\/channel\\\/UCHYaeO_n0Db3tjNGudGpXyw\"]},{\"@type\":\"Person\",\"@id\":\"https:\\\/\\\/radioljubuski.ba\\\/#\\\/schema\\\/person\\\/19fc700381a780f69665d7956c469e3b\",\"name\":\"Radio Ljubu\u0161ki\"}]}<\/script>\n<!-- \/ Yoast SEO plugin. -->","yoast_head_json":{"title":"Najmla\u0111i pacijenti SKB Mostar na terapije i preglede i\u0107i \u0107e s dje\u010djim elektri\u010dnim automobilom - RADIO LJUBU\u0160KI","robots":{"index":"index","follow":"follow","max-snippet":"max-snippet:-1","max-image-preview":"max-image-preview:large","max-video-preview":"max-video-preview:-1"},"canonical":"https:\/\/radioljubuski.ba\/index.php\/2022\/08\/04\/najmladi-pacijenti-skb-mostar-na-terapije-i-preglede-ici-ce-s-djecjim-elektricnim-automobilom\/","og_locale":"hr_HR","og_type":"article","og_title":"Najmla\u0111i pacijenti SKB Mostar na terapije i preglede i\u0107i \u0107e s dje\u010djim elektri\u010dnim automobilom - RADIO LJUBU\u0160KI","og_description":"U sklopu projekta \u201eRadost u bolni\u010dkom okru\u017eenju\u201c, ju\u010der su predstavnici humanitarne udruge \u201efra Mladen Hrka\u0107\u201c i Hrvatskog kulturnog dru\u0161tva Mala Kapela iz Essena u Njema\u010dkoj uru\u010dili dje\u010dji elektri\u010dni automobil predstavnicima Sveu\u010dili\u0161ne klini\u010dke bolnice u Mostaru, kako bi najmla\u0111i pacijenti Klinike za dje\u010dje bolesti s osmijehom odlazili na preglede i terapije.&nbsp; Uru\u010denju su nazo\u010dili tajnica humanitarne [&hellip;]","og_url":"https:\/\/radioljubuski.ba\/index.php\/2022\/08\/04\/najmladi-pacijenti-skb-mostar-na-terapije-i-preglede-ici-ce-s-djecjim-elektricnim-automobilom\/","og_site_name":"RADIO LJUBU\u0160KI","article_publisher":"https:\/\/www.facebook.com\/Radiio-Ljubuski-1490835324566332","article_published_time":"2022-08-04T13:29:49+00:00","article_modified_time":"2022-08-04T13:29:50+00:00","og_image":[{"width":1000,"height":625,"url":"https:\/\/radioljubuski.ba\/wp-content\/uploads\/2022\/08\/8-2022-08-04-13-51-35-HUMH_Djecji-elektricni-autici-na-hodnicima-SKB-Mostar-1.jpg","type":"image\/jpeg"}],"author":"Radio Ljubu\u0161ki","twitter_card":"summary_large_image","twitter_creator":"@radioljubuski","twitter_site":"@radioljubuski","twitter_misc":{"Napisao\/la":"Radio Ljubu\u0161ki","Procijenjeno vrijeme \u010ditanja":"2 minute"},"schema":{"@context":"https:\/\/schema.org","@graph":[{"@type":"Article","@id":"https:\/\/radioljubuski.ba\/index.php\/2022\/08\/04\/najmladi-pacijenti-skb-mostar-na-terapije-i-preglede-ici-ce-s-djecjim-elektricnim-automobilom\/#article","isPartOf":{"@id":"https:\/\/radioljubuski.ba\/index.php\/2022\/08\/04\/najmladi-pacijenti-skb-mostar-na-terapije-i-preglede-ici-ce-s-djecjim-elektricnim-automobilom\/"},"author":{"name":"Radio Ljubu\u0161ki","@id":"https:\/\/radioljubuski.ba\/#\/schema\/person\/19fc700381a780f69665d7956c469e3b"},"headline":"Najmla\u0111i pacijenti SKB Mostar na terapije i preglede i\u0107i \u0107e s dje\u010djim elektri\u010dnim automobilom","datePublished":"2022-08-04T13:29:49+00:00","dateModified":"2022-08-04T13:29:50+00:00","mainEntityOfPage":{"@id":"https:\/\/radioljubuski.ba\/index.php\/2022\/08\/04\/najmladi-pacijenti-skb-mostar-na-terapije-i-preglede-ici-ce-s-djecjim-elektricnim-automobilom\/"},"wordCount":441,"publisher":{"@id":"https:\/\/radioljubuski.ba\/#organization"},"image":{"@id":"https:\/\/radioljubuski.ba\/index.php\/2022\/08\/04\/najmladi-pacijenti-skb-mostar-na-terapije-i-preglede-ici-ce-s-djecjim-elektricnim-automobilom\/#primaryimage"},"thumbnailUrl":"https:\/\/radioljubuski.ba\/wp-content\/uploads\/2022\/08\/8-2022-08-04-13-51-35-HUMH_Djecji-elektricni-autici-na-hodnicima-SKB-Mostar-1.jpg","articleSection":["BIH i regija"],"inLanguage":"hr"},{"@type":"WebPage","@id":"https:\/\/radioljubuski.ba\/index.php\/2022\/08\/04\/najmladi-pacijenti-skb-mostar-na-terapije-i-preglede-ici-ce-s-djecjim-elektricnim-automobilom\/","url":"https:\/\/radioljubuski.ba\/index.php\/2022\/08\/04\/najmladi-pacijenti-skb-mostar-na-terapije-i-preglede-ici-ce-s-djecjim-elektricnim-automobilom\/","name":"Najmla\u0111i pacijenti SKB Mostar na terapije i preglede i\u0107i \u0107e s dje\u010djim elektri\u010dnim automobilom - RADIO LJUBU\u0160KI","isPartOf":{"@id":"https:\/\/radioljubuski.ba\/#website"},"primaryImageOfPage":{"@id":"https:\/\/radioljubuski.ba\/index.php\/2022\/08\/04\/najmladi-pacijenti-skb-mostar-na-terapije-i-preglede-ici-ce-s-djecjim-elektricnim-automobilom\/#primaryimage"},"image":{"@id":"https:\/\/radioljubuski.ba\/index.php\/2022\/08\/04\/najmladi-pacijenti-skb-mostar-na-terapije-i-preglede-ici-ce-s-djecjim-elektricnim-automobilom\/#primaryimage"},"thumbnailUrl":"https:\/\/radioljubuski.ba\/wp-content\/uploads\/2022\/08\/8-2022-08-04-13-51-35-HUMH_Djecji-elektricni-autici-na-hodnicima-SKB-Mostar-1.jpg","datePublished":"2022-08-04T13:29:49+00:00","dateModified":"2022-08-04T13:29:50+00:00","breadcrumb":{"@id":"https:\/\/radioljubuski.ba\/index.php\/2022\/08\/04\/najmladi-pacijenti-skb-mostar-na-terapije-i-preglede-ici-ce-s-djecjim-elektricnim-automobilom\/#breadcrumb"},"inLanguage":"hr","potentialAction":[{"@type":"ReadAction","target":["https:\/\/radioljubuski.ba\/index.php\/2022\/08\/04\/najmladi-pacijenti-skb-mostar-na-terapije-i-preglede-ici-ce-s-djecjim-elektricnim-automobilom\/"]}]},{"@type":"ImageObject","inLanguage":"hr","@id":"https:\/\/radioljubuski.ba\/index.php\/2022\/08\/04\/najmladi-pacijenti-skb-mostar-na-terapije-i-preglede-ici-ce-s-djecjim-elektricnim-automobilom\/#primaryimage","url":"https:\/\/radioljubuski.ba\/wp-content\/uploads\/2022\/08\/8-2022-08-04-13-51-35-HUMH_Djecji-elektricni-autici-na-hodnicima-SKB-Mostar-1.jpg","contentUrl":"https:\/\/radioljubuski.ba\/wp-content\/uploads\/2022\/08\/8-2022-08-04-13-51-35-HUMH_Djecji-elektricni-autici-na-hodnicima-SKB-Mostar-1.jpg","width":1000,"height":625},{"@type":"BreadcrumbList","@id":"https:\/\/radioljubuski.ba\/index.php\/2022\/08\/04\/najmladi-pacijenti-skb-mostar-na-terapije-i-preglede-ici-ce-s-djecjim-elektricnim-automobilom\/#breadcrumb","itemListElement":[{"@type":"ListItem","position":1,"name":"Po\u010detna stranica","item":"https:\/\/radioljubuski.ba\/"},{"@type":"ListItem","position":2,"name":"Najmla\u0111i pacijenti SKB Mostar na terapije i preglede i\u0107i \u0107e s dje\u010djim elektri\u010dnim automobilom"}]},{"@type":"WebSite","@id":"https:\/\/radioljubuski.ba\/#website","url":"https:\/\/radioljubuski.ba\/","name":"Radio Ljubu\u0161ki","description":"Sun\u010dana frekvencija Hercegovine","publisher":{"@id":"https:\/\/radioljubuski.ba\/#organization"},"potentialAction":[{"@type":"SearchAction","target":{"@type":"EntryPoint","urlTemplate":"https:\/\/radioljubuski.ba\/?s={search_term_string}"},"query-input":{"@type":"PropertyValueSpecification","valueRequired":true,"valueName":"search_term_string"}}],"inLanguage":"hr"},{"@type":"Organization","@id":"https:\/\/radioljubuski.ba\/#organization","name":"Radio Ljubu\u0161ki","url":"https:\/\/radioljubuski.ba\/","logo":{"@type":"ImageObject","inLanguage":"hr","@id":"https:\/\/radioljubuski.ba\/#\/schema\/logo\/image\/","url":"https:\/\/radioljubuski.ba\/wp-content\/uploads\/2021\/02\/cropped-Radio_Ljubuski_logo1.jpg","contentUrl":"https:\/\/radioljubuski.ba\/wp-content\/uploads\/2021\/02\/cropped-Radio_Ljubuski_logo1.jpg","width":512,"height":512,"caption":"Radio Ljubu\u0161ki"},"image":{"@id":"https:\/\/radioljubuski.ba\/#\/schema\/logo\/image\/"},"sameAs":["https:\/\/www.facebook.com\/Radiio-Ljubuski-1490835324566332","https:\/\/x.com\/radioljubuski","https:\/\/hr.linkedin.com\/company\/radio-ljubuski","https:\/\/www.youtube.com\/channel\/UCHYaeO_n0Db3tjNGudGpXyw"]},{"@type":"Person","@id":"https:\/\/radioljubuski.ba\/#\/schema\/person\/19fc700381a780f69665d7956c469e3b","name":"Radio Ljubu\u0161ki"}]}},"_links":{"self":[{"href":"https:\/\/radioljubuski.ba\/index.php\/wp-json\/wp\/v2\/posts\/166580","targetHints":{"allow":["GET"]}}],"collection":[{"href":"https:\/\/radioljubuski.ba\/index.php\/wp-json\/wp\/v2\/posts"}],"about":[{"href":"https:\/\/radioljubuski.ba\/index.php\/wp-json\/wp\/v2\/types\/post"}],"author":[{"embeddable":true,"href":"https:\/\/radioljubuski.ba\/index.php\/wp-json\/wp\/v2\/users\/2"}],"replies":[{"embeddable":true,"href":"https:\/\/radioljubuski.ba\/index.php\/wp-json\/wp\/v2\/comments?post=166580"}],"version-history":[{"count":1,"href":"https:\/\/radioljubuski.ba\/index.php\/wp-json\/wp\/v2\/posts\/166580\/revisions"}],"predecessor-version":[{"id":166582,"href":"https:\/\/radioljubuski.ba\/index.php\/wp-json\/wp\/v2\/posts\/166580\/revisions\/166582"}],"wp:featuredmedia":[{"embeddable":true,"href":"https:\/\/radioljubuski.ba\/index.php\/wp-json\/wp\/v2\/media\/166581"}],"wp:attachment":[{"href":"https:\/\/radioljubuski.ba\/index.php\/wp-json\/wp\/v2\/media?parent=166580"}],"wp:term":[{"taxonomy":"category","embeddable":true,"href":"https:\/\/radioljubuski.ba\/index.php\/wp-json\/wp\/v2\/categories?post=166580"},{"taxonomy":"post_tag","embeddable":true,"href":"https:\/\/radioljubuski.ba\/index.php\/wp-json\/wp\/v2\/tags?post=166580"}],"curies":[{"name":"wp","href":"https:\/\/api.w.org\/{rel}","templated":true}]}}