{"id":166583,"date":"2022-08-04T14:30:57","date_gmt":"2022-08-04T13:30:57","guid":{"rendered":"https:\/\/radioljubuski.ba\/?p=166583"},"modified":"2022-08-04T14:30:58","modified_gmt":"2022-08-04T13:30:58","slug":"uskoro-u-bih-poskupljuje-svinjsko-meso-moguce-i-piletina","status":"publish","type":"post","link":"https:\/\/radioljubuski.ba\/index.php\/2022\/08\/04\/uskoro-u-bih-poskupljuje-svinjsko-meso-moguce-i-piletina\/","title":{"rendered":"Uskoro u BiH poskupljuje svinjsko meso. Mogu\u0107e i piletina"},"content":{"rendered":"\n<p>Po svemu sude\u0107i, svinjsko meso \u0107emo ubudu\u0107e pla\u0107ati po vi\u0161im cijenama nego \u0161to su danas, a nije isklju\u010deno da \u0107e se to dogoditi i sa piletinom.<\/p>\n\n\n\n<p>Na to utjecaj ima vi\u0161e faktora, uklju\u010duju\u0107i i sto\u010dnu hranu, gdje prognoze nisu optimisti\u010dne, jer je, recimo, kukuruz podbacio kako kod nas, tako i u regiji, odakle masovno uvozimo.<\/p>\n\n\n\n<p>Proizvo\u0111a\u010di svinja ka\u017eu da \u0107e cijene svinjetine rasti, jer, kako isti\u010du, nema ponude, a poskupljuje sto\u010dna hrana.<\/p>\n\n\n\n<p>&#8220;Evo, ponovo je poskupio kukuruz u maloprodaji. Maloprije sam bio u poljoprivrednoj apoteci i oti\u0161ao je sa 81 na 83 feninga. On lagano kao osnovna sirovina po\u010dinje da poskupljuje, \u0161to nas dovodi u jo\u0161 te\u017eu situaciju&#8221;, \u017eali se Mi\u0161o Malj\u010di\u0107, predsjednik Udru\u017eenja uzgajiva\u010da svinja Republike Srpske.<\/p>\n\n\n\n<p>On je u ovoj bran\u0161i dugi niz godina, s tim \u0161to sada i te kako razmi\u0161lja \u0161to dalje.<\/p>\n\n\n\n<p>&#8220;Svinjetina je sve manje u interesu uzgajiva\u010da jer nema rentabilosti. Ja imam jo\u0161 isti broj u stadu, ali se patim i razmi\u0161ljam \u0161to da radim. Na terenu je uo\u010dljivo da nema ponude&#8221;, isti\u010de Malj\u010di\u0107 za &#8220;<a href=\"https:\/\/www.nezavisne.com\/ekonomija\/trziste\/Stizu-jos-masnije-cijene-krmenadle\/729548\" target=\"_blank\" rel=\"noreferrer noopener\">Nezavisne novine<\/a>&#8220;.<\/p>\n\n\n\n<p>S druge strane, Velibor Popovi\u0107, predsjednik Upravnog odbora Zajednice \u017eivinara Republike Srpske, nije mogao prognozirati kakve nas cijene piletine o\u010dekuju. Ali&#8230;<\/p>\n\n\n\n<p>&#8220;\u010cinjenica je da se o\u010dekuje \u017eetva sa umanjenim prinosima i da \u0107e se to odraziti na cijene \u017eitarica. Me\u0111utim, mi nemamo proizvodnju za sve na\u0161e potrebe i jako puno zavisimo od uvoza&#8221;, rekao je Popovi\u0107.<\/p>\n\n\n\n<p>Prema njegovim rije\u010dima, neozbiljno bi bilo govoriti o o\u010dekivanjima po pitanju cijena, ali nije dobra vijest to \u0161to se o\u010dekuju veliki gubici u Srbiji zbog su\u0161e.<\/p>\n\n\n\n<p>&#8220;Mi u ovom momentu na\u0161e cijene prilago\u0111avamo isklju\u010divo cijenama sirovina. Ako cijene sirovina budu i\u0161le gore, logi\u010dno je da \u0107emo i mi to morati cjenovno pratiti. Ako cijene budu i\u0161le dolje, i to \u0107emo pratiti&#8221;, istakao je Popovi\u0107 u izjavi za &#8220;Nezavisne novine&#8221;.<\/p>\n\n\n\n<p>Prema rije\u010dima zemljopradnika, velika su\u0161a i slaba vla\u017enost zemlji\u0161ta ostavit \u0107e ih ove godine sa minimalnim prinosima kukuruza \u0161irom Srpske, a rod ove kulture, koja je zna\u010dajna za ishranu stoke, podbacit \u0107e i 80 posto u odnosu na o\u010dekivano.<\/p>\n\n\n\n<p>Za glavu su se uhvatili i proizvo\u0111a\u010di u Srbiji, koji su upozorili da je zbog su\u0161e stanje kukuruza veoma lo\u0161e i da \u0107e se ponoviti 2017. godina kada je prosje\u010dan prinos bio oko tri tone po hektaru.<\/p>\n\n\n\n<p>Potro\u0161a\u010di u Srpskoj ve\u0107 sada meso pla\u0107aju po dosta ve\u0107im cijenama u odnosu na godinu ranije, \u0161to pokazuju i podaci Republi\u010dkog zavoda za statistiku.<\/p>\n\n\n\n<p>Junetina sa kostima je u junu po kilogramu ko\u0161tala 12,17 KM, a u istom mjesecu pro\u0161le godine 8,54 KM. Teletina bez kosti je, u istom periodu, sa 19,37 oti\u0161la na 23,75 KM, a svinjetina bez kosti sa 8,95 na 10,25 KM\/kg. Svje\u017ea piletina je ko\u0161tala 4,68 i poskupjela je na 6,24 KM\/kg.<\/p>\n\n\n\n<p>Izvor:nezavisne.com<\/p>\n","protected":false},"excerpt":{"rendered":"<p>Po svemu sude\u0107i, svinjsko meso \u0107emo ubudu\u0107e pla\u0107ati po vi\u0161im cijenama nego \u0161to su danas, a nije isklju\u010deno da \u0107e se to dogoditi i sa piletinom. Na to utjecaj ima vi\u0161e faktora, uklju\u010duju\u0107i i sto\u010dnu hranu, gdje prognoze nisu optimisti\u010dne, jer je, recimo, kukuruz podbacio kako kod nas, tako i u regiji, odakle masovno uvozimo. [&hellip;]<\/p>\n","protected":false},"author":2,"featured_media":166584,"comment_status":"closed","ping_status":"closed","sticky":false,"template":"","format":"standard","meta":{"h5ap_radio_sources":[],"footnotes":""},"categories":[1],"tags":[],"class_list":["post-166583","post","type-post","status-publish","format-standard","has-post-thumbnail","hentry","category-bihiregija"],"yoast_head":"<!-- This site is optimized with the Yoast SEO plugin v27.4 - https:\/\/yoast.com\/product\/yoast-seo-wordpress\/ -->\n<title>Uskoro u BiH poskupljuje svinjsko meso. Mogu\u0107e i piletina - RADIO LJUBU\u0160KI<\/title>\n<meta name=\"robots\" content=\"index, follow, max-snippet:-1, max-image-preview:large, max-video-preview:-1\" \/>\n<link rel=\"canonical\" href=\"https:\/\/radioljubuski.ba\/index.php\/2022\/08\/04\/uskoro-u-bih-poskupljuje-svinjsko-meso-moguce-i-piletina\/\" \/>\n<meta property=\"og:locale\" content=\"hr_HR\" \/>\n<meta property=\"og:type\" content=\"article\" \/>\n<meta property=\"og:title\" content=\"Uskoro u BiH poskupljuje svinjsko meso. Mogu\u0107e i piletina - RADIO LJUBU\u0160KI\" \/>\n<meta property=\"og:description\" content=\"Po svemu sude\u0107i, svinjsko meso \u0107emo ubudu\u0107e pla\u0107ati po vi\u0161im cijenama nego \u0161to su danas, a nije isklju\u010deno da \u0107e se to dogoditi i sa piletinom. Na to utjecaj ima vi\u0161e faktora, uklju\u010duju\u0107i i sto\u010dnu hranu, gdje prognoze nisu optimisti\u010dne, jer je, recimo, kukuruz podbacio kako kod nas, tako i u regiji, odakle masovno uvozimo. [&hellip;]\" \/>\n<meta property=\"og:url\" content=\"https:\/\/radioljubuski.ba\/index.php\/2022\/08\/04\/uskoro-u-bih-poskupljuje-svinjsko-meso-moguce-i-piletina\/\" \/>\n<meta property=\"og:site_name\" content=\"RADIO LJUBU\u0160KI\" \/>\n<meta property=\"article:publisher\" content=\"https:\/\/www.facebook.com\/Radiio-Ljubuski-1490835324566332\" \/>\n<meta property=\"article:published_time\" content=\"2022-08-04T13:30:57+00:00\" \/>\n<meta property=\"article:modified_time\" content=\"2022-08-04T13:30:58+00:00\" \/>\n<meta property=\"og:image\" content=\"https:\/\/radioljubuski.ba\/wp-content\/uploads\/2022\/08\/8-2022-03-29-13-08-04-svinjetina.jpg\" \/>\n\t<meta property=\"og:image:width\" content=\"1000\" \/>\n\t<meta property=\"og:image:height\" content=\"625\" \/>\n\t<meta property=\"og:image:type\" content=\"image\/jpeg\" \/>\n<meta name=\"author\" content=\"Radio Ljubu\u0161ki\" \/>\n<meta name=\"twitter:card\" content=\"summary_large_image\" \/>\n<meta name=\"twitter:creator\" content=\"@radioljubuski\" \/>\n<meta name=\"twitter:site\" content=\"@radioljubuski\" \/>\n<meta name=\"twitter:label1\" content=\"Napisao\/la\" \/>\n\t<meta name=\"twitter:data1\" content=\"Radio Ljubu\u0161ki\" \/>\n\t<meta name=\"twitter:label2\" content=\"Procijenjeno vrijeme \u010ditanja\" \/>\n\t<meta name=\"twitter:data2\" content=\"2 minute\" \/>\n<script type=\"application\/ld+json\" class=\"yoast-schema-graph\">{\"@context\":\"https:\\\/\\\/schema.org\",\"@graph\":[{\"@type\":\"Article\",\"@id\":\"https:\\\/\\\/radioljubuski.ba\\\/index.php\\\/2022\\\/08\\\/04\\\/uskoro-u-bih-poskupljuje-svinjsko-meso-moguce-i-piletina\\\/#article\",\"isPartOf\":{\"@id\":\"https:\\\/\\\/radioljubuski.ba\\\/index.php\\\/2022\\\/08\\\/04\\\/uskoro-u-bih-poskupljuje-svinjsko-meso-moguce-i-piletina\\\/\"},\"author\":{\"name\":\"Radio Ljubu\u0161ki\",\"@id\":\"https:\\\/\\\/radioljubuski.ba\\\/#\\\/schema\\\/person\\\/19fc700381a780f69665d7956c469e3b\"},\"headline\":\"Uskoro u BiH poskupljuje svinjsko meso. Mogu\u0107e i piletina\",\"datePublished\":\"2022-08-04T13:30:57+00:00\",\"dateModified\":\"2022-08-04T13:30:58+00:00\",\"mainEntityOfPage\":{\"@id\":\"https:\\\/\\\/radioljubuski.ba\\\/index.php\\\/2022\\\/08\\\/04\\\/uskoro-u-bih-poskupljuje-svinjsko-meso-moguce-i-piletina\\\/\"},\"wordCount\":517,\"publisher\":{\"@id\":\"https:\\\/\\\/radioljubuski.ba\\\/#organization\"},\"image\":{\"@id\":\"https:\\\/\\\/radioljubuski.ba\\\/index.php\\\/2022\\\/08\\\/04\\\/uskoro-u-bih-poskupljuje-svinjsko-meso-moguce-i-piletina\\\/#primaryimage\"},\"thumbnailUrl\":\"https:\\\/\\\/radioljubuski.ba\\\/wp-content\\\/uploads\\\/2022\\\/08\\\/8-2022-03-29-13-08-04-svinjetina.jpg\",\"articleSection\":[\"BIH i regija\"],\"inLanguage\":\"hr\"},{\"@type\":\"WebPage\",\"@id\":\"https:\\\/\\\/radioljubuski.ba\\\/index.php\\\/2022\\\/08\\\/04\\\/uskoro-u-bih-poskupljuje-svinjsko-meso-moguce-i-piletina\\\/\",\"url\":\"https:\\\/\\\/radioljubuski.ba\\\/index.php\\\/2022\\\/08\\\/04\\\/uskoro-u-bih-poskupljuje-svinjsko-meso-moguce-i-piletina\\\/\",\"name\":\"Uskoro u BiH poskupljuje svinjsko meso. Mogu\u0107e i piletina - RADIO LJUBU\u0160KI\",\"isPartOf\":{\"@id\":\"https:\\\/\\\/radioljubuski.ba\\\/#website\"},\"primaryImageOfPage\":{\"@id\":\"https:\\\/\\\/radioljubuski.ba\\\/index.php\\\/2022\\\/08\\\/04\\\/uskoro-u-bih-poskupljuje-svinjsko-meso-moguce-i-piletina\\\/#primaryimage\"},\"image\":{\"@id\":\"https:\\\/\\\/radioljubuski.ba\\\/index.php\\\/2022\\\/08\\\/04\\\/uskoro-u-bih-poskupljuje-svinjsko-meso-moguce-i-piletina\\\/#primaryimage\"},\"thumbnailUrl\":\"https:\\\/\\\/radioljubuski.ba\\\/wp-content\\\/uploads\\\/2022\\\/08\\\/8-2022-03-29-13-08-04-svinjetina.jpg\",\"datePublished\":\"2022-08-04T13:30:57+00:00\",\"dateModified\":\"2022-08-04T13:30:58+00:00\",\"breadcrumb\":{\"@id\":\"https:\\\/\\\/radioljubuski.ba\\\/index.php\\\/2022\\\/08\\\/04\\\/uskoro-u-bih-poskupljuje-svinjsko-meso-moguce-i-piletina\\\/#breadcrumb\"},\"inLanguage\":\"hr\",\"potentialAction\":[{\"@type\":\"ReadAction\",\"target\":[\"https:\\\/\\\/radioljubuski.ba\\\/index.php\\\/2022\\\/08\\\/04\\\/uskoro-u-bih-poskupljuje-svinjsko-meso-moguce-i-piletina\\\/\"]}]},{\"@type\":\"ImageObject\",\"inLanguage\":\"hr\",\"@id\":\"https:\\\/\\\/radioljubuski.ba\\\/index.php\\\/2022\\\/08\\\/04\\\/uskoro-u-bih-poskupljuje-svinjsko-meso-moguce-i-piletina\\\/#primaryimage\",\"url\":\"https:\\\/\\\/radioljubuski.ba\\\/wp-content\\\/uploads\\\/2022\\\/08\\\/8-2022-03-29-13-08-04-svinjetina.jpg\",\"contentUrl\":\"https:\\\/\\\/radioljubuski.ba\\\/wp-content\\\/uploads\\\/2022\\\/08\\\/8-2022-03-29-13-08-04-svinjetina.jpg\",\"width\":1000,\"height\":625},{\"@type\":\"BreadcrumbList\",\"@id\":\"https:\\\/\\\/radioljubuski.ba\\\/index.php\\\/2022\\\/08\\\/04\\\/uskoro-u-bih-poskupljuje-svinjsko-meso-moguce-i-piletina\\\/#breadcrumb\",\"itemListElement\":[{\"@type\":\"ListItem\",\"position\":1,\"name\":\"Po\u010detna stranica\",\"item\":\"https:\\\/\\\/radioljubuski.ba\\\/\"},{\"@type\":\"ListItem\",\"position\":2,\"name\":\"Uskoro u BiH poskupljuje svinjsko meso. Mogu\u0107e i piletina\"}]},{\"@type\":\"WebSite\",\"@id\":\"https:\\\/\\\/radioljubuski.ba\\\/#website\",\"url\":\"https:\\\/\\\/radioljubuski.ba\\\/\",\"name\":\"Radio Ljubu\u0161ki\",\"description\":\"Sun\u010dana frekvencija Hercegovine\",\"publisher\":{\"@id\":\"https:\\\/\\\/radioljubuski.ba\\\/#organization\"},\"potentialAction\":[{\"@type\":\"SearchAction\",\"target\":{\"@type\":\"EntryPoint\",\"urlTemplate\":\"https:\\\/\\\/radioljubuski.ba\\\/?s={search_term_string}\"},\"query-input\":{\"@type\":\"PropertyValueSpecification\",\"valueRequired\":true,\"valueName\":\"search_term_string\"}}],\"inLanguage\":\"hr\"},{\"@type\":\"Organization\",\"@id\":\"https:\\\/\\\/radioljubuski.ba\\\/#organization\",\"name\":\"Radio Ljubu\u0161ki\",\"url\":\"https:\\\/\\\/radioljubuski.ba\\\/\",\"logo\":{\"@type\":\"ImageObject\",\"inLanguage\":\"hr\",\"@id\":\"https:\\\/\\\/radioljubuski.ba\\\/#\\\/schema\\\/logo\\\/image\\\/\",\"url\":\"https:\\\/\\\/radioljubuski.ba\\\/wp-content\\\/uploads\\\/2021\\\/02\\\/cropped-Radio_Ljubuski_logo1.jpg\",\"contentUrl\":\"https:\\\/\\\/radioljubuski.ba\\\/wp-content\\\/uploads\\\/2021\\\/02\\\/cropped-Radio_Ljubuski_logo1.jpg\",\"width\":512,\"height\":512,\"caption\":\"Radio Ljubu\u0161ki\"},\"image\":{\"@id\":\"https:\\\/\\\/radioljubuski.ba\\\/#\\\/schema\\\/logo\\\/image\\\/\"},\"sameAs\":[\"https:\\\/\\\/www.facebook.com\\\/Radiio-Ljubuski-1490835324566332\",\"https:\\\/\\\/x.com\\\/radioljubuski\",\"https:\\\/\\\/hr.linkedin.com\\\/company\\\/radio-ljubuski\",\"https:\\\/\\\/www.youtube.com\\\/channel\\\/UCHYaeO_n0Db3tjNGudGpXyw\"]},{\"@type\":\"Person\",\"@id\":\"https:\\\/\\\/radioljubuski.ba\\\/#\\\/schema\\\/person\\\/19fc700381a780f69665d7956c469e3b\",\"name\":\"Radio Ljubu\u0161ki\"}]}<\/script>\n<!-- \/ Yoast SEO plugin. -->","yoast_head_json":{"title":"Uskoro u BiH poskupljuje svinjsko meso. Mogu\u0107e i piletina - RADIO LJUBU\u0160KI","robots":{"index":"index","follow":"follow","max-snippet":"max-snippet:-1","max-image-preview":"max-image-preview:large","max-video-preview":"max-video-preview:-1"},"canonical":"https:\/\/radioljubuski.ba\/index.php\/2022\/08\/04\/uskoro-u-bih-poskupljuje-svinjsko-meso-moguce-i-piletina\/","og_locale":"hr_HR","og_type":"article","og_title":"Uskoro u BiH poskupljuje svinjsko meso. Mogu\u0107e i piletina - RADIO LJUBU\u0160KI","og_description":"Po svemu sude\u0107i, svinjsko meso \u0107emo ubudu\u0107e pla\u0107ati po vi\u0161im cijenama nego \u0161to su danas, a nije isklju\u010deno da \u0107e se to dogoditi i sa piletinom. Na to utjecaj ima vi\u0161e faktora, uklju\u010duju\u0107i i sto\u010dnu hranu, gdje prognoze nisu optimisti\u010dne, jer je, recimo, kukuruz podbacio kako kod nas, tako i u regiji, odakle masovno uvozimo. [&hellip;]","og_url":"https:\/\/radioljubuski.ba\/index.php\/2022\/08\/04\/uskoro-u-bih-poskupljuje-svinjsko-meso-moguce-i-piletina\/","og_site_name":"RADIO LJUBU\u0160KI","article_publisher":"https:\/\/www.facebook.com\/Radiio-Ljubuski-1490835324566332","article_published_time":"2022-08-04T13:30:57+00:00","article_modified_time":"2022-08-04T13:30:58+00:00","og_image":[{"width":1000,"height":625,"url":"https:\/\/radioljubuski.ba\/wp-content\/uploads\/2022\/08\/8-2022-03-29-13-08-04-svinjetina.jpg","type":"image\/jpeg"}],"author":"Radio Ljubu\u0161ki","twitter_card":"summary_large_image","twitter_creator":"@radioljubuski","twitter_site":"@radioljubuski","twitter_misc":{"Napisao\/la":"Radio Ljubu\u0161ki","Procijenjeno vrijeme \u010ditanja":"2 minute"},"schema":{"@context":"https:\/\/schema.org","@graph":[{"@type":"Article","@id":"https:\/\/radioljubuski.ba\/index.php\/2022\/08\/04\/uskoro-u-bih-poskupljuje-svinjsko-meso-moguce-i-piletina\/#article","isPartOf":{"@id":"https:\/\/radioljubuski.ba\/index.php\/2022\/08\/04\/uskoro-u-bih-poskupljuje-svinjsko-meso-moguce-i-piletina\/"},"author":{"name":"Radio Ljubu\u0161ki","@id":"https:\/\/radioljubuski.ba\/#\/schema\/person\/19fc700381a780f69665d7956c469e3b"},"headline":"Uskoro u BiH poskupljuje svinjsko meso. Mogu\u0107e i piletina","datePublished":"2022-08-04T13:30:57+00:00","dateModified":"2022-08-04T13:30:58+00:00","mainEntityOfPage":{"@id":"https:\/\/radioljubuski.ba\/index.php\/2022\/08\/04\/uskoro-u-bih-poskupljuje-svinjsko-meso-moguce-i-piletina\/"},"wordCount":517,"publisher":{"@id":"https:\/\/radioljubuski.ba\/#organization"},"image":{"@id":"https:\/\/radioljubuski.ba\/index.php\/2022\/08\/04\/uskoro-u-bih-poskupljuje-svinjsko-meso-moguce-i-piletina\/#primaryimage"},"thumbnailUrl":"https:\/\/radioljubuski.ba\/wp-content\/uploads\/2022\/08\/8-2022-03-29-13-08-04-svinjetina.jpg","articleSection":["BIH i regija"],"inLanguage":"hr"},{"@type":"WebPage","@id":"https:\/\/radioljubuski.ba\/index.php\/2022\/08\/04\/uskoro-u-bih-poskupljuje-svinjsko-meso-moguce-i-piletina\/","url":"https:\/\/radioljubuski.ba\/index.php\/2022\/08\/04\/uskoro-u-bih-poskupljuje-svinjsko-meso-moguce-i-piletina\/","name":"Uskoro u BiH poskupljuje svinjsko meso. Mogu\u0107e i piletina - RADIO LJUBU\u0160KI","isPartOf":{"@id":"https:\/\/radioljubuski.ba\/#website"},"primaryImageOfPage":{"@id":"https:\/\/radioljubuski.ba\/index.php\/2022\/08\/04\/uskoro-u-bih-poskupljuje-svinjsko-meso-moguce-i-piletina\/#primaryimage"},"image":{"@id":"https:\/\/radioljubuski.ba\/index.php\/2022\/08\/04\/uskoro-u-bih-poskupljuje-svinjsko-meso-moguce-i-piletina\/#primaryimage"},"thumbnailUrl":"https:\/\/radioljubuski.ba\/wp-content\/uploads\/2022\/08\/8-2022-03-29-13-08-04-svinjetina.jpg","datePublished":"2022-08-04T13:30:57+00:00","dateModified":"2022-08-04T13:30:58+00:00","breadcrumb":{"@id":"https:\/\/radioljubuski.ba\/index.php\/2022\/08\/04\/uskoro-u-bih-poskupljuje-svinjsko-meso-moguce-i-piletina\/#breadcrumb"},"inLanguage":"hr","potentialAction":[{"@type":"ReadAction","target":["https:\/\/radioljubuski.ba\/index.php\/2022\/08\/04\/uskoro-u-bih-poskupljuje-svinjsko-meso-moguce-i-piletina\/"]}]},{"@type":"ImageObject","inLanguage":"hr","@id":"https:\/\/radioljubuski.ba\/index.php\/2022\/08\/04\/uskoro-u-bih-poskupljuje-svinjsko-meso-moguce-i-piletina\/#primaryimage","url":"https:\/\/radioljubuski.ba\/wp-content\/uploads\/2022\/08\/8-2022-03-29-13-08-04-svinjetina.jpg","contentUrl":"https:\/\/radioljubuski.ba\/wp-content\/uploads\/2022\/08\/8-2022-03-29-13-08-04-svinjetina.jpg","width":1000,"height":625},{"@type":"BreadcrumbList","@id":"https:\/\/radioljubuski.ba\/index.php\/2022\/08\/04\/uskoro-u-bih-poskupljuje-svinjsko-meso-moguce-i-piletina\/#breadcrumb","itemListElement":[{"@type":"ListItem","position":1,"name":"Po\u010detna stranica","item":"https:\/\/radioljubuski.ba\/"},{"@type":"ListItem","position":2,"name":"Uskoro u BiH poskupljuje svinjsko meso. Mogu\u0107e i piletina"}]},{"@type":"WebSite","@id":"https:\/\/radioljubuski.ba\/#website","url":"https:\/\/radioljubuski.ba\/","name":"Radio Ljubu\u0161ki","description":"Sun\u010dana frekvencija Hercegovine","publisher":{"@id":"https:\/\/radioljubuski.ba\/#organization"},"potentialAction":[{"@type":"SearchAction","target":{"@type":"EntryPoint","urlTemplate":"https:\/\/radioljubuski.ba\/?s={search_term_string}"},"query-input":{"@type":"PropertyValueSpecification","valueRequired":true,"valueName":"search_term_string"}}],"inLanguage":"hr"},{"@type":"Organization","@id":"https:\/\/radioljubuski.ba\/#organization","name":"Radio Ljubu\u0161ki","url":"https:\/\/radioljubuski.ba\/","logo":{"@type":"ImageObject","inLanguage":"hr","@id":"https:\/\/radioljubuski.ba\/#\/schema\/logo\/image\/","url":"https:\/\/radioljubuski.ba\/wp-content\/uploads\/2021\/02\/cropped-Radio_Ljubuski_logo1.jpg","contentUrl":"https:\/\/radioljubuski.ba\/wp-content\/uploads\/2021\/02\/cropped-Radio_Ljubuski_logo1.jpg","width":512,"height":512,"caption":"Radio Ljubu\u0161ki"},"image":{"@id":"https:\/\/radioljubuski.ba\/#\/schema\/logo\/image\/"},"sameAs":["https:\/\/www.facebook.com\/Radiio-Ljubuski-1490835324566332","https:\/\/x.com\/radioljubuski","https:\/\/hr.linkedin.com\/company\/radio-ljubuski","https:\/\/www.youtube.com\/channel\/UCHYaeO_n0Db3tjNGudGpXyw"]},{"@type":"Person","@id":"https:\/\/radioljubuski.ba\/#\/schema\/person\/19fc700381a780f69665d7956c469e3b","name":"Radio Ljubu\u0161ki"}]}},"_links":{"self":[{"href":"https:\/\/radioljubuski.ba\/index.php\/wp-json\/wp\/v2\/posts\/166583","targetHints":{"allow":["GET"]}}],"collection":[{"href":"https:\/\/radioljubuski.ba\/index.php\/wp-json\/wp\/v2\/posts"}],"about":[{"href":"https:\/\/radioljubuski.ba\/index.php\/wp-json\/wp\/v2\/types\/post"}],"author":[{"embeddable":true,"href":"https:\/\/radioljubuski.ba\/index.php\/wp-json\/wp\/v2\/users\/2"}],"replies":[{"embeddable":true,"href":"https:\/\/radioljubuski.ba\/index.php\/wp-json\/wp\/v2\/comments?post=166583"}],"version-history":[{"count":1,"href":"https:\/\/radioljubuski.ba\/index.php\/wp-json\/wp\/v2\/posts\/166583\/revisions"}],"predecessor-version":[{"id":166585,"href":"https:\/\/radioljubuski.ba\/index.php\/wp-json\/wp\/v2\/posts\/166583\/revisions\/166585"}],"wp:featuredmedia":[{"embeddable":true,"href":"https:\/\/radioljubuski.ba\/index.php\/wp-json\/wp\/v2\/media\/166584"}],"wp:attachment":[{"href":"https:\/\/radioljubuski.ba\/index.php\/wp-json\/wp\/v2\/media?parent=166583"}],"wp:term":[{"taxonomy":"category","embeddable":true,"href":"https:\/\/radioljubuski.ba\/index.php\/wp-json\/wp\/v2\/categories?post=166583"},{"taxonomy":"post_tag","embeddable":true,"href":"https:\/\/radioljubuski.ba\/index.php\/wp-json\/wp\/v2\/tags?post=166583"}],"curies":[{"name":"wp","href":"https:\/\/api.w.org\/{rel}","templated":true}]}}