{"id":166589,"date":"2022-08-04T14:33:33","date_gmt":"2022-08-04T13:33:33","guid":{"rendered":"https:\/\/radioljubuski.ba\/?p=166589"},"modified":"2022-08-05T07:26:38","modified_gmt":"2022-08-05T06:26:38","slug":"zlocin-kakvog-hercegovina-ne-pamti-mjestani-u-soku-ovako-nesto-smo-dosad-vidali-samo-u-filmovima","status":"publish","type":"post","link":"https:\/\/radioljubuski.ba\/index.php\/2022\/08\/04\/zlocin-kakvog-hercegovina-ne-pamti-mjestani-u-soku-ovako-nesto-smo-dosad-vidali-samo-u-filmovima\/","title":{"rendered":"Zlo\u010din kakvog Hercegovina ne pamti, mje\u0161tani u \u0161oku: &#8216;Ovako ne\u0161to smo dosad vi\u0111ali samo u filmovima\u2018"},"content":{"rendered":"\n<p>Dvije osobe su ubijene, a jo\u0161 dvije te\u0161ko ranjenje u krvavom pohodu Joze J. iz Gorice (Sovi\u0107i) kod Gruda na goste kafi\u0107a &#8220;Zmaj&#8221; tijekom fe\u0161te koja se tradicionalno odr\u017eava na blagdan Svetog Stjepana u ovom mjestu smje\u0161tenom tik uz granicu s Republikom Hrvatskom.<\/p>\n\n\n\n<p>Rafalom iz kala\u0161njikova ubijeni su 34-godi\u0161nji lokalni elektri\u010dar Mate Grizelj i poznati hercegova\u010dki poduzetnik Velimir Bu\u0161i\u0107 (60), vlasnik trgova\u010dke tvrtke &#8220;Vebush&#8221;. Ranjenom vlasniku kafi\u0107a metak je u\u0161ao kroz jedan i izi\u0161ao na drugi bok, zbog \u010dega mu je u mostarskom Klini\u010dkom bolni\u010dkom centru, prema prvim informacijama, amputirana jedna noga, a za drugu su se lije\u010dnici borili. Ozljede druge ranjene osobe nisu jo\u0161 poznate.<\/p>\n\n\n\n<p>Zlo\u010dinu kakav Grude i Hercegovina ne pamte, i prema policijskom izvje\u0161\u0107u i prema pri\u010danju svjedoka prethodio je verbalni okr\u0161aj ubojice i ubijenog 34-godi\u0161njaka. Nakon toga Jozo J. je prvo pobacao stolice na \u0161tekatu kafi\u0107a, a onda se zaputio prema svojoj ku\u0107i, smje\u0161tenoj na istoj magistralonoj cesti prema Grudama. Ispostavit \u0107e se da je oti\u0161ao po oru\u017eje, iz kojeg \u0107e ubrzo otvoriti rafalnju paljbu i ugasiti dva \u017eivota. Tek kada je ponovno krenuo natrag prema svojoj ku\u0107i, uspjeli su ga svladati okupljeni i oduzeti mu oru\u017eje.<\/p>\n\n\n\n<p>&#8211; Dana 4. kolovoza 2022. godine oko dva sata u mjestu Gorica, Stubli, op\u0107ina Grude, prilikom obilje\u017eavanja sve\u010danosti dana patrona \u017eupe, nakon kratke prepirke do\u0161lo je do pucnjave u kojoj su smrtno stradale dvije osobe, a dvije su ranjene, o kojem doga\u0111aju je obavje\u0161tena policija, koja je iza\u0161la na mjesto doga\u0111aja gdje su zajedno s de\u017eurnim tu\u017eiteljem obavili o\u010devid i druge potrebne radnje radi utvr\u0111ivanja okolnosti predmetnog doga\u0111aja. Nalo\u017eit \u0107e se obdukcija nad tijelima smrtno stradalih i poduzet \u0107e se i druge radnje u cilju procesuiranja po\u010dinitelja kaznenih djela ubojstvo i nedopu\u0161teno dr\u017eanje oru\u017eja ili eksplozivnih tvari &#8211; kazala je Petrunjela Matijevi\u0107, glasnogovornica \u017dupanijskog tu\u017eiteljstva \u017dupanije Zapadnohercegova\u010dke.<\/p>\n\n\n\n<p>U \u010detvrtak prijepodne o\u010devid na mjestu zlo\u010dina ve\u0107 je bio zavr\u0161en, a tek su se mogle vidjeti policijske snage na nekim punktovima. Me\u0111u ostalim, osiguravali su uboji\u010dinu ku\u0107u i kafi\u0107, kao i dom i poslovne prostore ubijenog poduzetnika. Na potonju lokaciju u ve\u0107em broju pristizali su u \u010detvrtak \u010dlanovi obitelji i prijatelji.<\/p>\n\n\n\n<p>&#8211; A \u0161ta da vam ka\u017eem?! Zlo nevi\u0111eno. I to bez razloga, bez povoda. Manja sva\u0111a, prepirka koja se desila malo prije svega, to ne mo\u017ee biti \u2013 kazao je za <a href=\"https:\/\/slobodnadalmacija.hr\/vijesti\/regija\/slobodna-na-popristu-zlocina-kakvog-hercegovina-ne-pamti-kad-je-rafal-odjeknuo-jos-je-sve-bilo-puno-svijeta-iako-je-prosla-ponoc-kazu-da-je-ispucano-16-metaka-je-li-povod-obracunu-neuzvracena-ljubav-1213666?fbclid=IwAR2zU45thfEkyGgFNQDhBWoIc19jbhE6adpqbJK8axEa6-VlIzWqPm5JgTQ\" target=\"_blank\" rel=\"noreferrer noopener\">Slobodnu Dalmaciju <\/a>jedan bliski \u010dlan obitelji i zaposlenik &#8220;Vebusch&#8221;a u telefonskom razgovoru.<\/p>\n\n\n\n<p>Zadnji put je Velimira Bu\u0161i\u0107a Velu vidio malo iza pono\u0107i i odlu\u010dio le\u0107i. Probudio ga je telefonski poziv nakon dva sata.<\/p>\n\n\n\n<p>&#8211; Zvala su me moja djeca koja su spavala kod tetke, Veline \u017eene. Nisam ih u prvi mah ni shvatio \u0161to se zbilo. Tek kada sam do\u0161ao tamo, imao sam \u0161to za vidjeti &#8211; veli.<\/p>\n\n\n\n<p>Demantira da su ubojica i ubijeni Bu\u0161i\u0107 imali bilo kakvih nera\u0161\u010di\u0161\u0107enih ra\u010duna.<\/p>\n\n\n\n<p>&#8211; Pa neki dan su Velina djeca kod njega i\u0161li prati svoja auta. Da su u sva\u0111i, pa ne bi tamo i\u0161li &#8211; re\u0107i \u0107e i ubrzo zavr\u0161iti razgovor.<\/p>\n\n\n\n<p>Oko samog ubojice podijeljena su mi\u0161ljenja. I dok neki podsje\u0107aju da je i prije bio nasilan i spominju incident od prije 20-tak godina kada je prijetio bombom, drugi ka\u017eu da nadaleko nije bilo takvog radnika.<\/p>\n\n\n\n<p>&#8211; Bio je i u ratu, pro\u0161ao sve \u2013 ka\u017ee jedan mje\u0161tanin Gorice, ali ga zet, koji je i sam bio u kafi\u0107u kada je do\u0161lo do pucnjace i spasio se iza skokom iza jednom \u0161anka, kasnije \u0107e shvati plasti\u010dnog, dodaje:<\/p>\n\n\n\n<p>&#8211; To mu nikako ne mo\u017ee biti opravdanje za ovako ne\u0161to. Pomra\u010denje \u010disto!<\/p>\n\n\n\n<p>Nakratko smo razgovarali i s na\u010delnikom Gruda, Ljubom Grizeljom. Pet minuta prije je bio s gostima kafi\u0107a.<\/p>\n\n\n\n<p>&#8211; \u010cim sam \u010duo \u0161to se zbilo, dotr\u010dao sam i zatekao do ju\u010der nezamislivu scenu. Takvo ne\u0161to smo gledali do sada samo u ameri\u010dkim vijestima I filmovima. Znam ubijene, znam ubojicu i zato me shvatite da ne bih vi\u0161e. Molimo se da na\u0161a zajednica ovo preboli, a na\u0161 ranjeni susjed spasi drugu nogu \u2013 zavapio je na\u010delnik.<\/p>\n\n\n\n<p>Cijeli tekst pro\u010ditajte <a href=\"https:\/\/slobodnadalmacija.hr\/vijesti\/regija\/slobodna-na-popristu-zlocina-kakvog-hercegovina-ne-pamti-kad-je-rafal-odjeknuo-jos-je-sve-bilo-puno-svijeta-iako-je-prosla-ponoc-kazu-da-je-ispucano-16-metaka-je-li-povod-obracunu-neuzvracena-ljubav-1213666?fbclid=IwAR2zU45thfEkyGgFNQDhBWoIc19jbhE6adpqbJK8axEa6-VlIzWqPm5JgTQ\" target=\"_blank\" rel=\"noreferrer noopener\">OVDJE<\/a>.<\/p>\n\n\n\n<p>Izvor:slobodnadalmacija.hr<\/p>\n","protected":false},"excerpt":{"rendered":"<p>Dvije osobe su ubijene, a jo\u0161 dvije te\u0161ko ranjenje u krvavom pohodu Joze J. iz Gorice (Sovi\u0107i) kod Gruda na goste kafi\u0107a &#8220;Zmaj&#8221; tijekom fe\u0161te koja se tradicionalno odr\u017eava na blagdan Svetog Stjepana u ovom mjestu smje\u0161tenom tik uz granicu s Republikom Hrvatskom. Rafalom iz kala\u0161njikova ubijeni su 34-godi\u0161nji lokalni elektri\u010dar Mate Grizelj i poznati [&hellip;]<\/p>\n","protected":false},"author":2,"featured_media":0,"comment_status":"closed","ping_status":"closed","sticky":false,"template":"","format":"standard","meta":{"h5ap_radio_sources":[],"footnotes":""},"categories":[1],"tags":[],"class_list":["post-166589","post","type-post","status-publish","format-standard","hentry","category-bihiregija"],"yoast_head":"<!-- This site is optimized with the Yoast SEO plugin v27.4 - https:\/\/yoast.com\/product\/yoast-seo-wordpress\/ -->\n<title>Zlo\u010din kakvog Hercegovina ne pamti, mje\u0161tani u \u0161oku: &#039;Ovako ne\u0161to smo dosad vi\u0111ali samo u filmovima\u2018 - RADIO LJUBU\u0160KI<\/title>\n<meta name=\"robots\" content=\"index, follow, max-snippet:-1, max-image-preview:large, max-video-preview:-1\" \/>\n<link rel=\"canonical\" href=\"https:\/\/radioljubuski.ba\/index.php\/2022\/08\/04\/zlocin-kakvog-hercegovina-ne-pamti-mjestani-u-soku-ovako-nesto-smo-dosad-vidali-samo-u-filmovima\/\" \/>\n<meta property=\"og:locale\" content=\"hr_HR\" \/>\n<meta property=\"og:type\" content=\"article\" \/>\n<meta property=\"og:title\" content=\"Zlo\u010din kakvog Hercegovina ne pamti, mje\u0161tani u \u0161oku: &#039;Ovako ne\u0161to smo dosad vi\u0111ali samo u filmovima\u2018 - RADIO LJUBU\u0160KI\" \/>\n<meta property=\"og:description\" content=\"Dvije osobe su ubijene, a jo\u0161 dvije te\u0161ko ranjenje u krvavom pohodu Joze J. iz Gorice (Sovi\u0107i) kod Gruda na goste kafi\u0107a &#8220;Zmaj&#8221; tijekom fe\u0161te koja se tradicionalno odr\u017eava na blagdan Svetog Stjepana u ovom mjestu smje\u0161tenom tik uz granicu s Republikom Hrvatskom. Rafalom iz kala\u0161njikova ubijeni su 34-godi\u0161nji lokalni elektri\u010dar Mate Grizelj i poznati [&hellip;]\" \/>\n<meta property=\"og:url\" content=\"https:\/\/radioljubuski.ba\/index.php\/2022\/08\/04\/zlocin-kakvog-hercegovina-ne-pamti-mjestani-u-soku-ovako-nesto-smo-dosad-vidali-samo-u-filmovima\/\" \/>\n<meta property=\"og:site_name\" content=\"RADIO LJUBU\u0160KI\" \/>\n<meta property=\"article:publisher\" content=\"https:\/\/www.facebook.com\/Radiio-Ljubuski-1490835324566332\" \/>\n<meta property=\"article:published_time\" content=\"2022-08-04T13:33:33+00:00\" \/>\n<meta property=\"article:modified_time\" content=\"2022-08-05T06:26:38+00:00\" \/>\n<meta property=\"og:image\" content=\"https:\/\/radioljubuski.ba\/wp-content\/uploads\/2022\/08\/8-2022-08-04-11-53-30-GORICA-GRUDE-POLICIJA.jpeg\" \/>\n\t<meta property=\"og:image:width\" content=\"1000\" \/>\n\t<meta property=\"og:image:height\" content=\"625\" \/>\n\t<meta property=\"og:image:type\" content=\"image\/jpeg\" \/>\n<meta name=\"author\" content=\"Radio Ljubu\u0161ki\" \/>\n<meta name=\"twitter:card\" content=\"summary_large_image\" \/>\n<meta name=\"twitter:creator\" content=\"@radioljubuski\" \/>\n<meta name=\"twitter:site\" content=\"@radioljubuski\" \/>\n<meta name=\"twitter:label1\" content=\"Napisao\/la\" \/>\n\t<meta name=\"twitter:data1\" content=\"Radio Ljubu\u0161ki\" \/>\n\t<meta name=\"twitter:label2\" content=\"Procijenjeno vrijeme \u010ditanja\" \/>\n\t<meta name=\"twitter:data2\" content=\"3 minute\" \/>\n<script type=\"application\/ld+json\" class=\"yoast-schema-graph\">{\"@context\":\"https:\\\/\\\/schema.org\",\"@graph\":[{\"@type\":\"Article\",\"@id\":\"https:\\\/\\\/radioljubuski.ba\\\/index.php\\\/2022\\\/08\\\/04\\\/zlocin-kakvog-hercegovina-ne-pamti-mjestani-u-soku-ovako-nesto-smo-dosad-vidali-samo-u-filmovima\\\/#article\",\"isPartOf\":{\"@id\":\"https:\\\/\\\/radioljubuski.ba\\\/index.php\\\/2022\\\/08\\\/04\\\/zlocin-kakvog-hercegovina-ne-pamti-mjestani-u-soku-ovako-nesto-smo-dosad-vidali-samo-u-filmovima\\\/\"},\"author\":{\"name\":\"Radio Ljubu\u0161ki\",\"@id\":\"https:\\\/\\\/radioljubuski.ba\\\/#\\\/schema\\\/person\\\/19fc700381a780f69665d7956c469e3b\"},\"headline\":\"Zlo\u010din kakvog Hercegovina ne pamti, mje\u0161tani u \u0161oku: &#8216;Ovako ne\u0161to smo dosad vi\u0111ali samo u filmovima\u2018\",\"datePublished\":\"2022-08-04T13:33:33+00:00\",\"dateModified\":\"2022-08-05T06:26:38+00:00\",\"mainEntityOfPage\":{\"@id\":\"https:\\\/\\\/radioljubuski.ba\\\/index.php\\\/2022\\\/08\\\/04\\\/zlocin-kakvog-hercegovina-ne-pamti-mjestani-u-soku-ovako-nesto-smo-dosad-vidali-samo-u-filmovima\\\/\"},\"wordCount\":773,\"publisher\":{\"@id\":\"https:\\\/\\\/radioljubuski.ba\\\/#organization\"},\"articleSection\":[\"BIH i regija\"],\"inLanguage\":\"hr\"},{\"@type\":\"WebPage\",\"@id\":\"https:\\\/\\\/radioljubuski.ba\\\/index.php\\\/2022\\\/08\\\/04\\\/zlocin-kakvog-hercegovina-ne-pamti-mjestani-u-soku-ovako-nesto-smo-dosad-vidali-samo-u-filmovima\\\/\",\"url\":\"https:\\\/\\\/radioljubuski.ba\\\/index.php\\\/2022\\\/08\\\/04\\\/zlocin-kakvog-hercegovina-ne-pamti-mjestani-u-soku-ovako-nesto-smo-dosad-vidali-samo-u-filmovima\\\/\",\"name\":\"Zlo\u010din kakvog Hercegovina ne pamti, mje\u0161tani u \u0161oku: 'Ovako ne\u0161to smo dosad vi\u0111ali samo u filmovima\u2018 - RADIO LJUBU\u0160KI\",\"isPartOf\":{\"@id\":\"https:\\\/\\\/radioljubuski.ba\\\/#website\"},\"datePublished\":\"2022-08-04T13:33:33+00:00\",\"dateModified\":\"2022-08-05T06:26:38+00:00\",\"breadcrumb\":{\"@id\":\"https:\\\/\\\/radioljubuski.ba\\\/index.php\\\/2022\\\/08\\\/04\\\/zlocin-kakvog-hercegovina-ne-pamti-mjestani-u-soku-ovako-nesto-smo-dosad-vidali-samo-u-filmovima\\\/#breadcrumb\"},\"inLanguage\":\"hr\",\"potentialAction\":[{\"@type\":\"ReadAction\",\"target\":[\"https:\\\/\\\/radioljubuski.ba\\\/index.php\\\/2022\\\/08\\\/04\\\/zlocin-kakvog-hercegovina-ne-pamti-mjestani-u-soku-ovako-nesto-smo-dosad-vidali-samo-u-filmovima\\\/\"]}]},{\"@type\":\"BreadcrumbList\",\"@id\":\"https:\\\/\\\/radioljubuski.ba\\\/index.php\\\/2022\\\/08\\\/04\\\/zlocin-kakvog-hercegovina-ne-pamti-mjestani-u-soku-ovako-nesto-smo-dosad-vidali-samo-u-filmovima\\\/#breadcrumb\",\"itemListElement\":[{\"@type\":\"ListItem\",\"position\":1,\"name\":\"Po\u010detna stranica\",\"item\":\"https:\\\/\\\/radioljubuski.ba\\\/\"},{\"@type\":\"ListItem\",\"position\":2,\"name\":\"Zlo\u010din kakvog Hercegovina ne pamti, mje\u0161tani u \u0161oku: &#8216;Ovako ne\u0161to smo dosad vi\u0111ali samo u filmovima\u2018\"}]},{\"@type\":\"WebSite\",\"@id\":\"https:\\\/\\\/radioljubuski.ba\\\/#website\",\"url\":\"https:\\\/\\\/radioljubuski.ba\\\/\",\"name\":\"Radio Ljubu\u0161ki\",\"description\":\"Sun\u010dana frekvencija Hercegovine\",\"publisher\":{\"@id\":\"https:\\\/\\\/radioljubuski.ba\\\/#organization\"},\"potentialAction\":[{\"@type\":\"SearchAction\",\"target\":{\"@type\":\"EntryPoint\",\"urlTemplate\":\"https:\\\/\\\/radioljubuski.ba\\\/?s={search_term_string}\"},\"query-input\":{\"@type\":\"PropertyValueSpecification\",\"valueRequired\":true,\"valueName\":\"search_term_string\"}}],\"inLanguage\":\"hr\"},{\"@type\":\"Organization\",\"@id\":\"https:\\\/\\\/radioljubuski.ba\\\/#organization\",\"name\":\"Radio Ljubu\u0161ki\",\"url\":\"https:\\\/\\\/radioljubuski.ba\\\/\",\"logo\":{\"@type\":\"ImageObject\",\"inLanguage\":\"hr\",\"@id\":\"https:\\\/\\\/radioljubuski.ba\\\/#\\\/schema\\\/logo\\\/image\\\/\",\"url\":\"https:\\\/\\\/radioljubuski.ba\\\/wp-content\\\/uploads\\\/2021\\\/02\\\/cropped-Radio_Ljubuski_logo1.jpg\",\"contentUrl\":\"https:\\\/\\\/radioljubuski.ba\\\/wp-content\\\/uploads\\\/2021\\\/02\\\/cropped-Radio_Ljubuski_logo1.jpg\",\"width\":512,\"height\":512,\"caption\":\"Radio Ljubu\u0161ki\"},\"image\":{\"@id\":\"https:\\\/\\\/radioljubuski.ba\\\/#\\\/schema\\\/logo\\\/image\\\/\"},\"sameAs\":[\"https:\\\/\\\/www.facebook.com\\\/Radiio-Ljubuski-1490835324566332\",\"https:\\\/\\\/x.com\\\/radioljubuski\",\"https:\\\/\\\/hr.linkedin.com\\\/company\\\/radio-ljubuski\",\"https:\\\/\\\/www.youtube.com\\\/channel\\\/UCHYaeO_n0Db3tjNGudGpXyw\"]},{\"@type\":\"Person\",\"@id\":\"https:\\\/\\\/radioljubuski.ba\\\/#\\\/schema\\\/person\\\/19fc700381a780f69665d7956c469e3b\",\"name\":\"Radio Ljubu\u0161ki\"}]}<\/script>\n<!-- \/ Yoast SEO plugin. -->","yoast_head_json":{"title":"Zlo\u010din kakvog Hercegovina ne pamti, mje\u0161tani u \u0161oku: 'Ovako ne\u0161to smo dosad vi\u0111ali samo u filmovima\u2018 - RADIO LJUBU\u0160KI","robots":{"index":"index","follow":"follow","max-snippet":"max-snippet:-1","max-image-preview":"max-image-preview:large","max-video-preview":"max-video-preview:-1"},"canonical":"https:\/\/radioljubuski.ba\/index.php\/2022\/08\/04\/zlocin-kakvog-hercegovina-ne-pamti-mjestani-u-soku-ovako-nesto-smo-dosad-vidali-samo-u-filmovima\/","og_locale":"hr_HR","og_type":"article","og_title":"Zlo\u010din kakvog Hercegovina ne pamti, mje\u0161tani u \u0161oku: 'Ovako ne\u0161to smo dosad vi\u0111ali samo u filmovima\u2018 - RADIO LJUBU\u0160KI","og_description":"Dvije osobe su ubijene, a jo\u0161 dvije te\u0161ko ranjenje u krvavom pohodu Joze J. iz Gorice (Sovi\u0107i) kod Gruda na goste kafi\u0107a &#8220;Zmaj&#8221; tijekom fe\u0161te koja se tradicionalno odr\u017eava na blagdan Svetog Stjepana u ovom mjestu smje\u0161tenom tik uz granicu s Republikom Hrvatskom. Rafalom iz kala\u0161njikova ubijeni su 34-godi\u0161nji lokalni elektri\u010dar Mate Grizelj i poznati [&hellip;]","og_url":"https:\/\/radioljubuski.ba\/index.php\/2022\/08\/04\/zlocin-kakvog-hercegovina-ne-pamti-mjestani-u-soku-ovako-nesto-smo-dosad-vidali-samo-u-filmovima\/","og_site_name":"RADIO LJUBU\u0160KI","article_publisher":"https:\/\/www.facebook.com\/Radiio-Ljubuski-1490835324566332","article_published_time":"2022-08-04T13:33:33+00:00","article_modified_time":"2022-08-05T06:26:38+00:00","og_image":[{"width":1000,"height":625,"url":"https:\/\/radioljubuski.ba\/wp-content\/uploads\/2022\/08\/8-2022-08-04-11-53-30-GORICA-GRUDE-POLICIJA.jpeg","type":"image\/jpeg"}],"author":"Radio Ljubu\u0161ki","twitter_card":"summary_large_image","twitter_creator":"@radioljubuski","twitter_site":"@radioljubuski","twitter_misc":{"Napisao\/la":"Radio Ljubu\u0161ki","Procijenjeno vrijeme \u010ditanja":"3 minute"},"schema":{"@context":"https:\/\/schema.org","@graph":[{"@type":"Article","@id":"https:\/\/radioljubuski.ba\/index.php\/2022\/08\/04\/zlocin-kakvog-hercegovina-ne-pamti-mjestani-u-soku-ovako-nesto-smo-dosad-vidali-samo-u-filmovima\/#article","isPartOf":{"@id":"https:\/\/radioljubuski.ba\/index.php\/2022\/08\/04\/zlocin-kakvog-hercegovina-ne-pamti-mjestani-u-soku-ovako-nesto-smo-dosad-vidali-samo-u-filmovima\/"},"author":{"name":"Radio Ljubu\u0161ki","@id":"https:\/\/radioljubuski.ba\/#\/schema\/person\/19fc700381a780f69665d7956c469e3b"},"headline":"Zlo\u010din kakvog Hercegovina ne pamti, mje\u0161tani u \u0161oku: &#8216;Ovako ne\u0161to smo dosad vi\u0111ali samo u filmovima\u2018","datePublished":"2022-08-04T13:33:33+00:00","dateModified":"2022-08-05T06:26:38+00:00","mainEntityOfPage":{"@id":"https:\/\/radioljubuski.ba\/index.php\/2022\/08\/04\/zlocin-kakvog-hercegovina-ne-pamti-mjestani-u-soku-ovako-nesto-smo-dosad-vidali-samo-u-filmovima\/"},"wordCount":773,"publisher":{"@id":"https:\/\/radioljubuski.ba\/#organization"},"articleSection":["BIH i regija"],"inLanguage":"hr"},{"@type":"WebPage","@id":"https:\/\/radioljubuski.ba\/index.php\/2022\/08\/04\/zlocin-kakvog-hercegovina-ne-pamti-mjestani-u-soku-ovako-nesto-smo-dosad-vidali-samo-u-filmovima\/","url":"https:\/\/radioljubuski.ba\/index.php\/2022\/08\/04\/zlocin-kakvog-hercegovina-ne-pamti-mjestani-u-soku-ovako-nesto-smo-dosad-vidali-samo-u-filmovima\/","name":"Zlo\u010din kakvog Hercegovina ne pamti, mje\u0161tani u \u0161oku: 'Ovako ne\u0161to smo dosad vi\u0111ali samo u filmovima\u2018 - RADIO LJUBU\u0160KI","isPartOf":{"@id":"https:\/\/radioljubuski.ba\/#website"},"datePublished":"2022-08-04T13:33:33+00:00","dateModified":"2022-08-05T06:26:38+00:00","breadcrumb":{"@id":"https:\/\/radioljubuski.ba\/index.php\/2022\/08\/04\/zlocin-kakvog-hercegovina-ne-pamti-mjestani-u-soku-ovako-nesto-smo-dosad-vidali-samo-u-filmovima\/#breadcrumb"},"inLanguage":"hr","potentialAction":[{"@type":"ReadAction","target":["https:\/\/radioljubuski.ba\/index.php\/2022\/08\/04\/zlocin-kakvog-hercegovina-ne-pamti-mjestani-u-soku-ovako-nesto-smo-dosad-vidali-samo-u-filmovima\/"]}]},{"@type":"BreadcrumbList","@id":"https:\/\/radioljubuski.ba\/index.php\/2022\/08\/04\/zlocin-kakvog-hercegovina-ne-pamti-mjestani-u-soku-ovako-nesto-smo-dosad-vidali-samo-u-filmovima\/#breadcrumb","itemListElement":[{"@type":"ListItem","position":1,"name":"Po\u010detna stranica","item":"https:\/\/radioljubuski.ba\/"},{"@type":"ListItem","position":2,"name":"Zlo\u010din kakvog Hercegovina ne pamti, mje\u0161tani u \u0161oku: &#8216;Ovako ne\u0161to smo dosad vi\u0111ali samo u filmovima\u2018"}]},{"@type":"WebSite","@id":"https:\/\/radioljubuski.ba\/#website","url":"https:\/\/radioljubuski.ba\/","name":"Radio Ljubu\u0161ki","description":"Sun\u010dana frekvencija Hercegovine","publisher":{"@id":"https:\/\/radioljubuski.ba\/#organization"},"potentialAction":[{"@type":"SearchAction","target":{"@type":"EntryPoint","urlTemplate":"https:\/\/radioljubuski.ba\/?s={search_term_string}"},"query-input":{"@type":"PropertyValueSpecification","valueRequired":true,"valueName":"search_term_string"}}],"inLanguage":"hr"},{"@type":"Organization","@id":"https:\/\/radioljubuski.ba\/#organization","name":"Radio Ljubu\u0161ki","url":"https:\/\/radioljubuski.ba\/","logo":{"@type":"ImageObject","inLanguage":"hr","@id":"https:\/\/radioljubuski.ba\/#\/schema\/logo\/image\/","url":"https:\/\/radioljubuski.ba\/wp-content\/uploads\/2021\/02\/cropped-Radio_Ljubuski_logo1.jpg","contentUrl":"https:\/\/radioljubuski.ba\/wp-content\/uploads\/2021\/02\/cropped-Radio_Ljubuski_logo1.jpg","width":512,"height":512,"caption":"Radio Ljubu\u0161ki"},"image":{"@id":"https:\/\/radioljubuski.ba\/#\/schema\/logo\/image\/"},"sameAs":["https:\/\/www.facebook.com\/Radiio-Ljubuski-1490835324566332","https:\/\/x.com\/radioljubuski","https:\/\/hr.linkedin.com\/company\/radio-ljubuski","https:\/\/www.youtube.com\/channel\/UCHYaeO_n0Db3tjNGudGpXyw"]},{"@type":"Person","@id":"https:\/\/radioljubuski.ba\/#\/schema\/person\/19fc700381a780f69665d7956c469e3b","name":"Radio Ljubu\u0161ki"}]}},"_links":{"self":[{"href":"https:\/\/radioljubuski.ba\/index.php\/wp-json\/wp\/v2\/posts\/166589","targetHints":{"allow":["GET"]}}],"collection":[{"href":"https:\/\/radioljubuski.ba\/index.php\/wp-json\/wp\/v2\/posts"}],"about":[{"href":"https:\/\/radioljubuski.ba\/index.php\/wp-json\/wp\/v2\/types\/post"}],"author":[{"embeddable":true,"href":"https:\/\/radioljubuski.ba\/index.php\/wp-json\/wp\/v2\/users\/2"}],"replies":[{"embeddable":true,"href":"https:\/\/radioljubuski.ba\/index.php\/wp-json\/wp\/v2\/comments?post=166589"}],"version-history":[{"count":1,"href":"https:\/\/radioljubuski.ba\/index.php\/wp-json\/wp\/v2\/posts\/166589\/revisions"}],"predecessor-version":[{"id":166591,"href":"https:\/\/radioljubuski.ba\/index.php\/wp-json\/wp\/v2\/posts\/166589\/revisions\/166591"}],"wp:attachment":[{"href":"https:\/\/radioljubuski.ba\/index.php\/wp-json\/wp\/v2\/media?parent=166589"}],"wp:term":[{"taxonomy":"category","embeddable":true,"href":"https:\/\/radioljubuski.ba\/index.php\/wp-json\/wp\/v2\/categories?post=166589"},{"taxonomy":"post_tag","embeddable":true,"href":"https:\/\/radioljubuski.ba\/index.php\/wp-json\/wp\/v2\/tags?post=166589"}],"curies":[{"name":"wp","href":"https:\/\/api.w.org\/{rel}","templated":true}]}}