{"id":166601,"date":"2022-08-05T07:22:41","date_gmt":"2022-08-05T06:22:41","guid":{"rendered":"https:\/\/radioljubuski.ba\/?p=166601"},"modified":"2022-08-05T07:22:43","modified_gmt":"2022-08-05T06:22:43","slug":"hrvatska-slavi-dan-pobjede-i-domovinske-zahvalnosti-2","status":"publish","type":"post","link":"https:\/\/radioljubuski.ba\/index.php\/2022\/08\/05\/hrvatska-slavi-dan-pobjede-i-domovinske-zahvalnosti-2\/","title":{"rendered":"Hrvatska slavi Dan pobjede i domovinske zahvalnosti"},"content":{"rendered":"\n<p>Sredi\u0161nja sve\u010danost na stadionu zapo\u010det \u0107e u 9,40 sati, a u isto vrijeme na Kninskoj tvr\u0111avi predvi\u0111eno je podizanje zastave Republike Hrvatske. <\/p>\n\n\n\n<p>Hrvatska u petak slavi Dan pobjede i domovinske zahvalnosti, Dan hrvatskih branitelja i 27. obljetnicu vojno-redarstvene operacije &#8220;Oluja&#8221;, kojom je u 84 sata oslobo\u0111eno 11.000 \u010detvornih kilometara okupiranog podru\u010dja u sjevernoj Dalmaciji, Lici, Banovini i Kordunu. <\/p>\n\n\n\n<p>Sredi\u0161nja sve\u010danost odr\u017eat \u0107e se u Kninu na stadionu NK Dinara, a najavljen je dolazak dr\u017eavnog vrha koji \u0107e odr\u017eati prigodne govore. Ove godine o\u010dekuje se veliki broj posjetitelja, obzirom da vi\u0161e ne vladaju pandemijski uvjeti. Sredi\u0161nja sve\u010danost na stadionu NK Dinara Obilje\u017eavanje \u0107e i ove godine zapo\u010deti budnicom ulicama Knina u ranim jutarnjim satima, \u010dime se simboli\u010dno obilje\u017eava ulazak Hrvatske vojske u Knin tijekom &#8220;Oluje&#8221;.<\/p>\n\n\n\n<p>Nakon toga \u0107e na pomo\u0107nom igrali\u0161tu stadiona NK Dinara biti organiziran takti\u010dko-tehni\u010dki zbor opreme i naoru\u017eanja Hrvatske vojske, Ministarstva unutarnjih poslova i Ministarstva hrvatskih branitelja, koji \u0107e gra\u0111ani mo\u0107i razgledati od 8 do 16 sati. Izaslanstva \u0107e polagati vijence kod spomenika hrvatske pobjede &#8220;Oluja 95&#8221; na Trgu Ante Star\u010devi\u0107a od 9 sati. Sredi\u0161nja sve\u010danost na stadionu zapo\u010det \u0107e u 9,40 sati, a u isto vrijeme na Kninskoj tvr\u0111avi predvi\u0111eno je podizanje zastave Republike Hrvatske.<\/p>\n\n\n\n<p> Uslijedit \u0107e \u010ditanje povjesnice o Oluji te imena poginulih i nestalih hrvatskih branitelja, tijekom kojeg \u0107e 122 kadeta HV-a i 122 kadeta policije na Kninskoj tvr\u0111avi istupiti u postroj u spomen na 244 hrvatska branitelja, od kojih su 242 smrtno stradala i dva nestala, javljaju agencije.<\/p>\n\n\n\n<p>Ove su godine predvi\u0111ena \u010detiri prigodna obra\u0107anja, a govorit \u0107e umirovljeni general pukovnik Mladen Marka\u010d, premijer Andrej Plenkovi\u0107, predsjednik Hrvatskog sabora Gordan Jandrokovi\u0107 i predsjednik Republike i vrhovni zapovjednik Oru\u017eanih snaga RH Zoran Milanovi\u0107. Na kraju sve\u010danosti, oko 11 sati, predvi\u0111en je nastup akrobatske grupe &#8220;Krila Oluje&#8221; i prelet helikoptera Oru\u017eanih snaga RH i policije. Misno slavlje odr\u017eat \u0107e se u crkvi Gospe Velikoga Hrvatskog Krsnog Zavjeta, koje \u0107e u 11,45 sati predvoditi \u0161ibenski biskup Tomislav Rogi\u0107. <\/p>\n\n\n\n<p>Tiskano je vi\u0161e od 10.000 prigodnih majica, koje \u0107e dobiti svaki sudionik programa kako bi svi bili &#8220;jednoobrazni na stadionu i u protokolima&#8221;, re\u010deno je prigodom predstavljanja programa proslave. <\/p>\n\n\n\n<p>U organizaciji Grada Knina od 21 sat odr\u017eat \u0107e se koncerti Doris Dragovi\u0107 i grupe Op\u0107a opasnost i vatromet. U akciji oslobo\u0111ena gotovo petina dr\u017eave VRO &#8220;Oluja&#8221; zapo\u010dela je 4. kolovoza 1995. u ranim jutarnjim satima. Ve\u0107 idu\u0107e jutro postignut je najve\u0107i uspjeh kada je oslobo\u0111en Knin, dotada\u0161nje sredi\u0161te i simbol srpske pobune, a to\u010dno u podne na kninskoj tvr\u0111avi zavijorila se 20-metarska hrvatska zastava. Akcija je ubrzo zavr\u0161ena 7. kolovoza. Hrvatske vojne i redarstvene snage, u kojima je bilo oko 200 tisu\u0107a ljudi, oslobodile su brojne gradove i prometnice te su izbile na me\u0111unarodno priznatu granicu Hrvatske i BiH. <\/p>\n\n\n\n<p>Akcijom je nakon \u010detiri godine okupacije u samo 84 sata oslobo\u0111eno gotovo 11.000 \u010detvornih kilometara okupiranih podru\u010dja i gradova u sjevernoj Dalmaciji, Lici, Banovini i Kordunu, odnosno gotovo petina dr\u017eave, \u0161to je utjecalo i na zavr\u0161etak rata u BiH te mirnu reintegraciju Podunavlja u ustavno-pravni poredak Hrvatske. <\/p>\n\n\n\n<p>Izvor: <a href=\"https:\/\/bljesak.info\/vijesti\/svijet\/hrvatska-slavi-dan-pobjede-i-domovinske-zahvalnosti\/390173\">Bljesak.info<\/a><\/p>\n","protected":false},"excerpt":{"rendered":"<p>Sredi\u0161nja sve\u010danost na stadionu zapo\u010det \u0107e u 9,40 sati, a u isto vrijeme na Kninskoj tvr\u0111avi predvi\u0111eno je podizanje zastave Republike Hrvatske. Hrvatska u petak slavi Dan pobjede i domovinske zahvalnosti, Dan hrvatskih branitelja i 27. obljetnicu vojno-redarstvene operacije &#8220;Oluja&#8221;, kojom je u 84 sata oslobo\u0111eno 11.000 \u010detvornih kilometara okupiranog podru\u010dja u sjevernoj Dalmaciji, Lici, [&hellip;]<\/p>\n","protected":false},"author":2,"featured_media":166602,"comment_status":"closed","ping_status":"closed","sticky":false,"template":"","format":"standard","meta":{"h5ap_radio_sources":[],"footnotes":""},"categories":[1],"tags":[],"class_list":["post-166601","post","type-post","status-publish","format-standard","has-post-thumbnail","hentry","category-bihiregija"],"yoast_head":"<!-- This site is optimized with the Yoast SEO plugin v27.4 - https:\/\/yoast.com\/product\/yoast-seo-wordpress\/ -->\n<title>Hrvatska slavi Dan pobjede i domovinske zahvalnosti - RADIO LJUBU\u0160KI<\/title>\n<meta name=\"robots\" content=\"index, follow, max-snippet:-1, max-image-preview:large, max-video-preview:-1\" \/>\n<link rel=\"canonical\" href=\"https:\/\/radioljubuski.ba\/index.php\/2022\/08\/05\/hrvatska-slavi-dan-pobjede-i-domovinske-zahvalnosti-2\/\" \/>\n<meta property=\"og:locale\" content=\"hr_HR\" \/>\n<meta property=\"og:type\" content=\"article\" \/>\n<meta property=\"og:title\" content=\"Hrvatska slavi Dan pobjede i domovinske zahvalnosti - RADIO LJUBU\u0160KI\" \/>\n<meta property=\"og:description\" content=\"Sredi\u0161nja sve\u010danost na stadionu zapo\u010det \u0107e u 9,40 sati, a u isto vrijeme na Kninskoj tvr\u0111avi predvi\u0111eno je podizanje zastave Republike Hrvatske. Hrvatska u petak slavi Dan pobjede i domovinske zahvalnosti, Dan hrvatskih branitelja i 27. obljetnicu vojno-redarstvene operacije &#8220;Oluja&#8221;, kojom je u 84 sata oslobo\u0111eno 11.000 \u010detvornih kilometara okupiranog podru\u010dja u sjevernoj Dalmaciji, Lici, [&hellip;]\" \/>\n<meta property=\"og:url\" content=\"https:\/\/radioljubuski.ba\/index.php\/2022\/08\/05\/hrvatska-slavi-dan-pobjede-i-domovinske-zahvalnosti-2\/\" \/>\n<meta property=\"og:site_name\" content=\"RADIO LJUBU\u0160KI\" \/>\n<meta property=\"article:publisher\" content=\"https:\/\/www.facebook.com\/Radiio-Ljubuski-1490835324566332\" \/>\n<meta property=\"article:published_time\" content=\"2022-08-05T06:22:41+00:00\" \/>\n<meta property=\"article:modified_time\" content=\"2022-08-05T06:22:43+00:00\" \/>\n<meta property=\"og:image\" content=\"https:\/\/radioljubuski.ba\/wp-content\/uploads\/2022\/08\/knin-oluja-1.jpg\" \/>\n\t<meta property=\"og:image:width\" content=\"1279\" \/>\n\t<meta property=\"og:image:height\" content=\"857\" \/>\n\t<meta property=\"og:image:type\" content=\"image\/jpeg\" \/>\n<meta name=\"author\" content=\"Radio Ljubu\u0161ki\" \/>\n<meta name=\"twitter:card\" content=\"summary_large_image\" \/>\n<meta name=\"twitter:creator\" content=\"@radioljubuski\" \/>\n<meta name=\"twitter:site\" content=\"@radioljubuski\" \/>\n<meta name=\"twitter:label1\" content=\"Napisao\/la\" \/>\n\t<meta name=\"twitter:data1\" content=\"Radio Ljubu\u0161ki\" \/>\n\t<meta name=\"twitter:label2\" content=\"Procijenjeno vrijeme \u010ditanja\" \/>\n\t<meta name=\"twitter:data2\" content=\"3 minute\" \/>\n<script type=\"application\/ld+json\" class=\"yoast-schema-graph\">{\"@context\":\"https:\\\/\\\/schema.org\",\"@graph\":[{\"@type\":\"Article\",\"@id\":\"https:\\\/\\\/radioljubuski.ba\\\/index.php\\\/2022\\\/08\\\/05\\\/hrvatska-slavi-dan-pobjede-i-domovinske-zahvalnosti-2\\\/#article\",\"isPartOf\":{\"@id\":\"https:\\\/\\\/radioljubuski.ba\\\/index.php\\\/2022\\\/08\\\/05\\\/hrvatska-slavi-dan-pobjede-i-domovinske-zahvalnosti-2\\\/\"},\"author\":{\"name\":\"Radio Ljubu\u0161ki\",\"@id\":\"https:\\\/\\\/radioljubuski.ba\\\/#\\\/schema\\\/person\\\/19fc700381a780f69665d7956c469e3b\"},\"headline\":\"Hrvatska slavi Dan pobjede i domovinske zahvalnosti\",\"datePublished\":\"2022-08-05T06:22:41+00:00\",\"dateModified\":\"2022-08-05T06:22:43+00:00\",\"mainEntityOfPage\":{\"@id\":\"https:\\\/\\\/radioljubuski.ba\\\/index.php\\\/2022\\\/08\\\/05\\\/hrvatska-slavi-dan-pobjede-i-domovinske-zahvalnosti-2\\\/\"},\"wordCount\":547,\"publisher\":{\"@id\":\"https:\\\/\\\/radioljubuski.ba\\\/#organization\"},\"image\":{\"@id\":\"https:\\\/\\\/radioljubuski.ba\\\/index.php\\\/2022\\\/08\\\/05\\\/hrvatska-slavi-dan-pobjede-i-domovinske-zahvalnosti-2\\\/#primaryimage\"},\"thumbnailUrl\":\"https:\\\/\\\/radioljubuski.ba\\\/wp-content\\\/uploads\\\/2022\\\/08\\\/knin-oluja-1.jpg\",\"articleSection\":[\"BIH i regija\"],\"inLanguage\":\"hr\"},{\"@type\":\"WebPage\",\"@id\":\"https:\\\/\\\/radioljubuski.ba\\\/index.php\\\/2022\\\/08\\\/05\\\/hrvatska-slavi-dan-pobjede-i-domovinske-zahvalnosti-2\\\/\",\"url\":\"https:\\\/\\\/radioljubuski.ba\\\/index.php\\\/2022\\\/08\\\/05\\\/hrvatska-slavi-dan-pobjede-i-domovinske-zahvalnosti-2\\\/\",\"name\":\"Hrvatska slavi Dan pobjede i domovinske zahvalnosti - RADIO LJUBU\u0160KI\",\"isPartOf\":{\"@id\":\"https:\\\/\\\/radioljubuski.ba\\\/#website\"},\"primaryImageOfPage\":{\"@id\":\"https:\\\/\\\/radioljubuski.ba\\\/index.php\\\/2022\\\/08\\\/05\\\/hrvatska-slavi-dan-pobjede-i-domovinske-zahvalnosti-2\\\/#primaryimage\"},\"image\":{\"@id\":\"https:\\\/\\\/radioljubuski.ba\\\/index.php\\\/2022\\\/08\\\/05\\\/hrvatska-slavi-dan-pobjede-i-domovinske-zahvalnosti-2\\\/#primaryimage\"},\"thumbnailUrl\":\"https:\\\/\\\/radioljubuski.ba\\\/wp-content\\\/uploads\\\/2022\\\/08\\\/knin-oluja-1.jpg\",\"datePublished\":\"2022-08-05T06:22:41+00:00\",\"dateModified\":\"2022-08-05T06:22:43+00:00\",\"breadcrumb\":{\"@id\":\"https:\\\/\\\/radioljubuski.ba\\\/index.php\\\/2022\\\/08\\\/05\\\/hrvatska-slavi-dan-pobjede-i-domovinske-zahvalnosti-2\\\/#breadcrumb\"},\"inLanguage\":\"hr\",\"potentialAction\":[{\"@type\":\"ReadAction\",\"target\":[\"https:\\\/\\\/radioljubuski.ba\\\/index.php\\\/2022\\\/08\\\/05\\\/hrvatska-slavi-dan-pobjede-i-domovinske-zahvalnosti-2\\\/\"]}]},{\"@type\":\"ImageObject\",\"inLanguage\":\"hr\",\"@id\":\"https:\\\/\\\/radioljubuski.ba\\\/index.php\\\/2022\\\/08\\\/05\\\/hrvatska-slavi-dan-pobjede-i-domovinske-zahvalnosti-2\\\/#primaryimage\",\"url\":\"https:\\\/\\\/radioljubuski.ba\\\/wp-content\\\/uploads\\\/2022\\\/08\\\/knin-oluja-1.jpg\",\"contentUrl\":\"https:\\\/\\\/radioljubuski.ba\\\/wp-content\\\/uploads\\\/2022\\\/08\\\/knin-oluja-1.jpg\",\"width\":1279,\"height\":857},{\"@type\":\"BreadcrumbList\",\"@id\":\"https:\\\/\\\/radioljubuski.ba\\\/index.php\\\/2022\\\/08\\\/05\\\/hrvatska-slavi-dan-pobjede-i-domovinske-zahvalnosti-2\\\/#breadcrumb\",\"itemListElement\":[{\"@type\":\"ListItem\",\"position\":1,\"name\":\"Po\u010detna stranica\",\"item\":\"https:\\\/\\\/radioljubuski.ba\\\/\"},{\"@type\":\"ListItem\",\"position\":2,\"name\":\"Hrvatska slavi Dan pobjede i domovinske zahvalnosti\"}]},{\"@type\":\"WebSite\",\"@id\":\"https:\\\/\\\/radioljubuski.ba\\\/#website\",\"url\":\"https:\\\/\\\/radioljubuski.ba\\\/\",\"name\":\"Radio Ljubu\u0161ki\",\"description\":\"Sun\u010dana frekvencija Hercegovine\",\"publisher\":{\"@id\":\"https:\\\/\\\/radioljubuski.ba\\\/#organization\"},\"potentialAction\":[{\"@type\":\"SearchAction\",\"target\":{\"@type\":\"EntryPoint\",\"urlTemplate\":\"https:\\\/\\\/radioljubuski.ba\\\/?s={search_term_string}\"},\"query-input\":{\"@type\":\"PropertyValueSpecification\",\"valueRequired\":true,\"valueName\":\"search_term_string\"}}],\"inLanguage\":\"hr\"},{\"@type\":\"Organization\",\"@id\":\"https:\\\/\\\/radioljubuski.ba\\\/#organization\",\"name\":\"Radio Ljubu\u0161ki\",\"url\":\"https:\\\/\\\/radioljubuski.ba\\\/\",\"logo\":{\"@type\":\"ImageObject\",\"inLanguage\":\"hr\",\"@id\":\"https:\\\/\\\/radioljubuski.ba\\\/#\\\/schema\\\/logo\\\/image\\\/\",\"url\":\"https:\\\/\\\/radioljubuski.ba\\\/wp-content\\\/uploads\\\/2021\\\/02\\\/cropped-Radio_Ljubuski_logo1.jpg\",\"contentUrl\":\"https:\\\/\\\/radioljubuski.ba\\\/wp-content\\\/uploads\\\/2021\\\/02\\\/cropped-Radio_Ljubuski_logo1.jpg\",\"width\":512,\"height\":512,\"caption\":\"Radio Ljubu\u0161ki\"},\"image\":{\"@id\":\"https:\\\/\\\/radioljubuski.ba\\\/#\\\/schema\\\/logo\\\/image\\\/\"},\"sameAs\":[\"https:\\\/\\\/www.facebook.com\\\/Radiio-Ljubuski-1490835324566332\",\"https:\\\/\\\/x.com\\\/radioljubuski\",\"https:\\\/\\\/hr.linkedin.com\\\/company\\\/radio-ljubuski\",\"https:\\\/\\\/www.youtube.com\\\/channel\\\/UCHYaeO_n0Db3tjNGudGpXyw\"]},{\"@type\":\"Person\",\"@id\":\"https:\\\/\\\/radioljubuski.ba\\\/#\\\/schema\\\/person\\\/19fc700381a780f69665d7956c469e3b\",\"name\":\"Radio Ljubu\u0161ki\"}]}<\/script>\n<!-- \/ Yoast SEO plugin. -->","yoast_head_json":{"title":"Hrvatska slavi Dan pobjede i domovinske zahvalnosti - RADIO LJUBU\u0160KI","robots":{"index":"index","follow":"follow","max-snippet":"max-snippet:-1","max-image-preview":"max-image-preview:large","max-video-preview":"max-video-preview:-1"},"canonical":"https:\/\/radioljubuski.ba\/index.php\/2022\/08\/05\/hrvatska-slavi-dan-pobjede-i-domovinske-zahvalnosti-2\/","og_locale":"hr_HR","og_type":"article","og_title":"Hrvatska slavi Dan pobjede i domovinske zahvalnosti - RADIO LJUBU\u0160KI","og_description":"Sredi\u0161nja sve\u010danost na stadionu zapo\u010det \u0107e u 9,40 sati, a u isto vrijeme na Kninskoj tvr\u0111avi predvi\u0111eno je podizanje zastave Republike Hrvatske. Hrvatska u petak slavi Dan pobjede i domovinske zahvalnosti, Dan hrvatskih branitelja i 27. obljetnicu vojno-redarstvene operacije &#8220;Oluja&#8221;, kojom je u 84 sata oslobo\u0111eno 11.000 \u010detvornih kilometara okupiranog podru\u010dja u sjevernoj Dalmaciji, Lici, [&hellip;]","og_url":"https:\/\/radioljubuski.ba\/index.php\/2022\/08\/05\/hrvatska-slavi-dan-pobjede-i-domovinske-zahvalnosti-2\/","og_site_name":"RADIO LJUBU\u0160KI","article_publisher":"https:\/\/www.facebook.com\/Radiio-Ljubuski-1490835324566332","article_published_time":"2022-08-05T06:22:41+00:00","article_modified_time":"2022-08-05T06:22:43+00:00","og_image":[{"width":1279,"height":857,"url":"https:\/\/radioljubuski.ba\/wp-content\/uploads\/2022\/08\/knin-oluja-1.jpg","type":"image\/jpeg"}],"author":"Radio Ljubu\u0161ki","twitter_card":"summary_large_image","twitter_creator":"@radioljubuski","twitter_site":"@radioljubuski","twitter_misc":{"Napisao\/la":"Radio Ljubu\u0161ki","Procijenjeno vrijeme \u010ditanja":"3 minute"},"schema":{"@context":"https:\/\/schema.org","@graph":[{"@type":"Article","@id":"https:\/\/radioljubuski.ba\/index.php\/2022\/08\/05\/hrvatska-slavi-dan-pobjede-i-domovinske-zahvalnosti-2\/#article","isPartOf":{"@id":"https:\/\/radioljubuski.ba\/index.php\/2022\/08\/05\/hrvatska-slavi-dan-pobjede-i-domovinske-zahvalnosti-2\/"},"author":{"name":"Radio Ljubu\u0161ki","@id":"https:\/\/radioljubuski.ba\/#\/schema\/person\/19fc700381a780f69665d7956c469e3b"},"headline":"Hrvatska slavi Dan pobjede i domovinske zahvalnosti","datePublished":"2022-08-05T06:22:41+00:00","dateModified":"2022-08-05T06:22:43+00:00","mainEntityOfPage":{"@id":"https:\/\/radioljubuski.ba\/index.php\/2022\/08\/05\/hrvatska-slavi-dan-pobjede-i-domovinske-zahvalnosti-2\/"},"wordCount":547,"publisher":{"@id":"https:\/\/radioljubuski.ba\/#organization"},"image":{"@id":"https:\/\/radioljubuski.ba\/index.php\/2022\/08\/05\/hrvatska-slavi-dan-pobjede-i-domovinske-zahvalnosti-2\/#primaryimage"},"thumbnailUrl":"https:\/\/radioljubuski.ba\/wp-content\/uploads\/2022\/08\/knin-oluja-1.jpg","articleSection":["BIH i regija"],"inLanguage":"hr"},{"@type":"WebPage","@id":"https:\/\/radioljubuski.ba\/index.php\/2022\/08\/05\/hrvatska-slavi-dan-pobjede-i-domovinske-zahvalnosti-2\/","url":"https:\/\/radioljubuski.ba\/index.php\/2022\/08\/05\/hrvatska-slavi-dan-pobjede-i-domovinske-zahvalnosti-2\/","name":"Hrvatska slavi Dan pobjede i domovinske zahvalnosti - RADIO LJUBU\u0160KI","isPartOf":{"@id":"https:\/\/radioljubuski.ba\/#website"},"primaryImageOfPage":{"@id":"https:\/\/radioljubuski.ba\/index.php\/2022\/08\/05\/hrvatska-slavi-dan-pobjede-i-domovinske-zahvalnosti-2\/#primaryimage"},"image":{"@id":"https:\/\/radioljubuski.ba\/index.php\/2022\/08\/05\/hrvatska-slavi-dan-pobjede-i-domovinske-zahvalnosti-2\/#primaryimage"},"thumbnailUrl":"https:\/\/radioljubuski.ba\/wp-content\/uploads\/2022\/08\/knin-oluja-1.jpg","datePublished":"2022-08-05T06:22:41+00:00","dateModified":"2022-08-05T06:22:43+00:00","breadcrumb":{"@id":"https:\/\/radioljubuski.ba\/index.php\/2022\/08\/05\/hrvatska-slavi-dan-pobjede-i-domovinske-zahvalnosti-2\/#breadcrumb"},"inLanguage":"hr","potentialAction":[{"@type":"ReadAction","target":["https:\/\/radioljubuski.ba\/index.php\/2022\/08\/05\/hrvatska-slavi-dan-pobjede-i-domovinske-zahvalnosti-2\/"]}]},{"@type":"ImageObject","inLanguage":"hr","@id":"https:\/\/radioljubuski.ba\/index.php\/2022\/08\/05\/hrvatska-slavi-dan-pobjede-i-domovinske-zahvalnosti-2\/#primaryimage","url":"https:\/\/radioljubuski.ba\/wp-content\/uploads\/2022\/08\/knin-oluja-1.jpg","contentUrl":"https:\/\/radioljubuski.ba\/wp-content\/uploads\/2022\/08\/knin-oluja-1.jpg","width":1279,"height":857},{"@type":"BreadcrumbList","@id":"https:\/\/radioljubuski.ba\/index.php\/2022\/08\/05\/hrvatska-slavi-dan-pobjede-i-domovinske-zahvalnosti-2\/#breadcrumb","itemListElement":[{"@type":"ListItem","position":1,"name":"Po\u010detna stranica","item":"https:\/\/radioljubuski.ba\/"},{"@type":"ListItem","position":2,"name":"Hrvatska slavi Dan pobjede i domovinske zahvalnosti"}]},{"@type":"WebSite","@id":"https:\/\/radioljubuski.ba\/#website","url":"https:\/\/radioljubuski.ba\/","name":"Radio Ljubu\u0161ki","description":"Sun\u010dana frekvencija Hercegovine","publisher":{"@id":"https:\/\/radioljubuski.ba\/#organization"},"potentialAction":[{"@type":"SearchAction","target":{"@type":"EntryPoint","urlTemplate":"https:\/\/radioljubuski.ba\/?s={search_term_string}"},"query-input":{"@type":"PropertyValueSpecification","valueRequired":true,"valueName":"search_term_string"}}],"inLanguage":"hr"},{"@type":"Organization","@id":"https:\/\/radioljubuski.ba\/#organization","name":"Radio Ljubu\u0161ki","url":"https:\/\/radioljubuski.ba\/","logo":{"@type":"ImageObject","inLanguage":"hr","@id":"https:\/\/radioljubuski.ba\/#\/schema\/logo\/image\/","url":"https:\/\/radioljubuski.ba\/wp-content\/uploads\/2021\/02\/cropped-Radio_Ljubuski_logo1.jpg","contentUrl":"https:\/\/radioljubuski.ba\/wp-content\/uploads\/2021\/02\/cropped-Radio_Ljubuski_logo1.jpg","width":512,"height":512,"caption":"Radio Ljubu\u0161ki"},"image":{"@id":"https:\/\/radioljubuski.ba\/#\/schema\/logo\/image\/"},"sameAs":["https:\/\/www.facebook.com\/Radiio-Ljubuski-1490835324566332","https:\/\/x.com\/radioljubuski","https:\/\/hr.linkedin.com\/company\/radio-ljubuski","https:\/\/www.youtube.com\/channel\/UCHYaeO_n0Db3tjNGudGpXyw"]},{"@type":"Person","@id":"https:\/\/radioljubuski.ba\/#\/schema\/person\/19fc700381a780f69665d7956c469e3b","name":"Radio Ljubu\u0161ki"}]}},"_links":{"self":[{"href":"https:\/\/radioljubuski.ba\/index.php\/wp-json\/wp\/v2\/posts\/166601","targetHints":{"allow":["GET"]}}],"collection":[{"href":"https:\/\/radioljubuski.ba\/index.php\/wp-json\/wp\/v2\/posts"}],"about":[{"href":"https:\/\/radioljubuski.ba\/index.php\/wp-json\/wp\/v2\/types\/post"}],"author":[{"embeddable":true,"href":"https:\/\/radioljubuski.ba\/index.php\/wp-json\/wp\/v2\/users\/2"}],"replies":[{"embeddable":true,"href":"https:\/\/radioljubuski.ba\/index.php\/wp-json\/wp\/v2\/comments?post=166601"}],"version-history":[{"count":1,"href":"https:\/\/radioljubuski.ba\/index.php\/wp-json\/wp\/v2\/posts\/166601\/revisions"}],"predecessor-version":[{"id":166603,"href":"https:\/\/radioljubuski.ba\/index.php\/wp-json\/wp\/v2\/posts\/166601\/revisions\/166603"}],"wp:featuredmedia":[{"embeddable":true,"href":"https:\/\/radioljubuski.ba\/index.php\/wp-json\/wp\/v2\/media\/166602"}],"wp:attachment":[{"href":"https:\/\/radioljubuski.ba\/index.php\/wp-json\/wp\/v2\/media?parent=166601"}],"wp:term":[{"taxonomy":"category","embeddable":true,"href":"https:\/\/radioljubuski.ba\/index.php\/wp-json\/wp\/v2\/categories?post=166601"},{"taxonomy":"post_tag","embeddable":true,"href":"https:\/\/radioljubuski.ba\/index.php\/wp-json\/wp\/v2\/tags?post=166601"}],"curies":[{"name":"wp","href":"https:\/\/api.w.org\/{rel}","templated":true}]}}