{"id":166609,"date":"2022-08-05T07:31:15","date_gmt":"2022-08-05T06:31:15","guid":{"rendered":"https:\/\/radioljubuski.ba\/?p=166609"},"modified":"2022-08-05T07:31:17","modified_gmt":"2022-08-05T06:31:17","slug":"neum-situacija-na-pozaristu-i-dalje-teska","status":"publish","type":"post","link":"https:\/\/radioljubuski.ba\/index.php\/2022\/08\/05\/neum-situacija-na-pozaristu-i-dalje-teska\/","title":{"rendered":"Neum: Situacija na po\u017eari\u0161tu i dalje te\u0161ka"},"content":{"rendered":"\n<h5 class=\"wp-block-heading\">Situacija na po\u017eari\u0161tu u Neumu je te\u0161ka. Sve raspolo\u017eivo ljudstvo i tehnika su na terenu, a sudjeluju i lokalni dragovoljci.<\/h5>\n\n\n\n<p>Trenutno nema vatrogasaca iz susjednih op\u0107ina, izvjestio je u \u010detvrtak ujutro Operativni centar Civilne za\u0161tite Hercegova\u010dko-neretvanske \u017eupanije. Gori \u0161ire&nbsp;<strong>podru\u010dje planine \u017daba, te teren izme\u0111u sela Zelenikovac, \u017dukovice i Drijen<\/strong>.<\/p>\n\n\n\n<p>Trenutno nije ugro\u017eeno stanovni\u0161tvo i objekti. Situaciju pogor\u0161avaju vjetar i nepristupa\u010dnost terena, no promet zasad nije obustavljen. O\u010dekuje se pomo\u0107\u00a0<strong>helikoptera OS BiH<\/strong>. I dalje postoji potreba za kanaderom, navodi se u izvje\u0161\u0107u Operativnog Centra.<\/p>\n\n\n\n<p>z PVP Konjic doznaje se da je po\u017ear na Borcima i dalje aktivan od srijede nave\u010der. Vatra je zahvatila mladu borovu \u0161um, a od sino\u0107 ponovno&nbsp;<strong>gori \u0161uma<\/strong>&nbsp;u Glavati\u010devu. Na obje lokacije teren je miniran, pi\u0161e Ve\u010dernji list.<\/p>\n\n\n\n<p>Za sada na tom po\u017eari\u0161tu nije potreban anga\u017eman helikoptera OS BiH, navode iz PVP Konjic. Na podru\u010dju Mostara, \u010capljine i \u010citluka u protekla 24 sata uglavnom su zabilje\u017eeni po\u017eari u kojima je\u00a0<strong>gorjela trava i nisko raslinje<\/strong>, i svi su lokalizirani.<\/p>\n\n\n\n<p>Izvor: <a href=\"https:\/\/www.jabuka.tv\/neum-situacija-na-pozaristu-i-dalje-teska\/\">Jabuka.tv<\/a><\/p>\n","protected":false},"excerpt":{"rendered":"<p>Situacija na po\u017eari\u0161tu u Neumu je te\u0161ka. Sve raspolo\u017eivo ljudstvo i tehnika su na terenu, a sudjeluju i lokalni dragovoljci. Trenutno nema vatrogasaca iz susjednih op\u0107ina, izvjestio je u \u010detvrtak ujutro Operativni centar Civilne za\u0161tite Hercegova\u010dko-neretvanske \u017eupanije. Gori \u0161ire&nbsp;podru\u010dje planine \u017daba, te teren izme\u0111u sela Zelenikovac, \u017dukovice i Drijen. Trenutno nije ugro\u017eeno stanovni\u0161tvo i objekti. [&hellip;]<\/p>\n","protected":false},"author":2,"featured_media":166610,"comment_status":"closed","ping_status":"closed","sticky":false,"template":"","format":"standard","meta":{"h5ap_radio_sources":[],"footnotes":""},"categories":[1],"tags":[],"class_list":["post-166609","post","type-post","status-publish","format-standard","has-post-thumbnail","hentry","category-bihiregija"],"yoast_head":"<!-- This site is optimized with the Yoast SEO plugin v27.4 - https:\/\/yoast.com\/product\/yoast-seo-wordpress\/ -->\n<title>Neum: Situacija na po\u017eari\u0161tu i dalje te\u0161ka - RADIO LJUBU\u0160KI<\/title>\n<meta name=\"robots\" content=\"index, follow, max-snippet:-1, max-image-preview:large, max-video-preview:-1\" \/>\n<link rel=\"canonical\" href=\"https:\/\/radioljubuski.ba\/index.php\/2022\/08\/05\/neum-situacija-na-pozaristu-i-dalje-teska\/\" \/>\n<meta property=\"og:locale\" content=\"hr_HR\" \/>\n<meta property=\"og:type\" content=\"article\" \/>\n<meta property=\"og:title\" content=\"Neum: Situacija na po\u017eari\u0161tu i dalje te\u0161ka - RADIO LJUBU\u0160KI\" \/>\n<meta property=\"og:description\" content=\"Situacija na po\u017eari\u0161tu u Neumu je te\u0161ka. Sve raspolo\u017eivo ljudstvo i tehnika su na terenu, a sudjeluju i lokalni dragovoljci. Trenutno nema vatrogasaca iz susjednih op\u0107ina, izvjestio je u \u010detvrtak ujutro Operativni centar Civilne za\u0161tite Hercegova\u010dko-neretvanske \u017eupanije. Gori \u0161ire&nbsp;podru\u010dje planine \u017daba, te teren izme\u0111u sela Zelenikovac, \u017dukovice i Drijen. Trenutno nije ugro\u017eeno stanovni\u0161tvo i objekti. [&hellip;]\" \/>\n<meta property=\"og:url\" content=\"https:\/\/radioljubuski.ba\/index.php\/2022\/08\/05\/neum-situacija-na-pozaristu-i-dalje-teska\/\" \/>\n<meta property=\"og:site_name\" content=\"RADIO LJUBU\u0160KI\" \/>\n<meta property=\"article:publisher\" content=\"https:\/\/www.facebook.com\/Radiio-Ljubuski-1490835324566332\" \/>\n<meta property=\"article:published_time\" content=\"2022-08-05T06:31:15+00:00\" \/>\n<meta property=\"article:modified_time\" content=\"2022-08-05T06:31:17+00:00\" \/>\n<meta property=\"og:image\" content=\"https:\/\/radioljubuski.ba\/wp-content\/uploads\/2022\/08\/Prapratnica-pozar.jpg\" \/>\n\t<meta property=\"og:image:width\" content=\"810\" \/>\n\t<meta property=\"og:image:height\" content=\"572\" \/>\n\t<meta property=\"og:image:type\" content=\"image\/jpeg\" \/>\n<meta name=\"author\" content=\"Radio Ljubu\u0161ki\" \/>\n<meta name=\"twitter:card\" content=\"summary_large_image\" \/>\n<meta name=\"twitter:creator\" content=\"@radioljubuski\" \/>\n<meta name=\"twitter:site\" content=\"@radioljubuski\" \/>\n<meta name=\"twitter:label1\" content=\"Napisao\/la\" \/>\n\t<meta name=\"twitter:data1\" content=\"Radio Ljubu\u0161ki\" \/>\n\t<meta name=\"twitter:label2\" content=\"Procijenjeno vrijeme \u010ditanja\" \/>\n\t<meta name=\"twitter:data2\" content=\"1 minuta\" \/>\n<script type=\"application\/ld+json\" class=\"yoast-schema-graph\">{\"@context\":\"https:\\\/\\\/schema.org\",\"@graph\":[{\"@type\":\"Article\",\"@id\":\"https:\\\/\\\/radioljubuski.ba\\\/index.php\\\/2022\\\/08\\\/05\\\/neum-situacija-na-pozaristu-i-dalje-teska\\\/#article\",\"isPartOf\":{\"@id\":\"https:\\\/\\\/radioljubuski.ba\\\/index.php\\\/2022\\\/08\\\/05\\\/neum-situacija-na-pozaristu-i-dalje-teska\\\/\"},\"author\":{\"name\":\"Radio Ljubu\u0161ki\",\"@id\":\"https:\\\/\\\/radioljubuski.ba\\\/#\\\/schema\\\/person\\\/19fc700381a780f69665d7956c469e3b\"},\"headline\":\"Neum: Situacija na po\u017eari\u0161tu i dalje te\u0161ka\",\"datePublished\":\"2022-08-05T06:31:15+00:00\",\"dateModified\":\"2022-08-05T06:31:17+00:00\",\"mainEntityOfPage\":{\"@id\":\"https:\\\/\\\/radioljubuski.ba\\\/index.php\\\/2022\\\/08\\\/05\\\/neum-situacija-na-pozaristu-i-dalje-teska\\\/\"},\"wordCount\":206,\"publisher\":{\"@id\":\"https:\\\/\\\/radioljubuski.ba\\\/#organization\"},\"image\":{\"@id\":\"https:\\\/\\\/radioljubuski.ba\\\/index.php\\\/2022\\\/08\\\/05\\\/neum-situacija-na-pozaristu-i-dalje-teska\\\/#primaryimage\"},\"thumbnailUrl\":\"https:\\\/\\\/radioljubuski.ba\\\/wp-content\\\/uploads\\\/2022\\\/08\\\/Prapratnica-pozar.jpg\",\"articleSection\":[\"BIH i regija\"],\"inLanguage\":\"hr\"},{\"@type\":\"WebPage\",\"@id\":\"https:\\\/\\\/radioljubuski.ba\\\/index.php\\\/2022\\\/08\\\/05\\\/neum-situacija-na-pozaristu-i-dalje-teska\\\/\",\"url\":\"https:\\\/\\\/radioljubuski.ba\\\/index.php\\\/2022\\\/08\\\/05\\\/neum-situacija-na-pozaristu-i-dalje-teska\\\/\",\"name\":\"Neum: Situacija na po\u017eari\u0161tu i dalje te\u0161ka - RADIO LJUBU\u0160KI\",\"isPartOf\":{\"@id\":\"https:\\\/\\\/radioljubuski.ba\\\/#website\"},\"primaryImageOfPage\":{\"@id\":\"https:\\\/\\\/radioljubuski.ba\\\/index.php\\\/2022\\\/08\\\/05\\\/neum-situacija-na-pozaristu-i-dalje-teska\\\/#primaryimage\"},\"image\":{\"@id\":\"https:\\\/\\\/radioljubuski.ba\\\/index.php\\\/2022\\\/08\\\/05\\\/neum-situacija-na-pozaristu-i-dalje-teska\\\/#primaryimage\"},\"thumbnailUrl\":\"https:\\\/\\\/radioljubuski.ba\\\/wp-content\\\/uploads\\\/2022\\\/08\\\/Prapratnica-pozar.jpg\",\"datePublished\":\"2022-08-05T06:31:15+00:00\",\"dateModified\":\"2022-08-05T06:31:17+00:00\",\"breadcrumb\":{\"@id\":\"https:\\\/\\\/radioljubuski.ba\\\/index.php\\\/2022\\\/08\\\/05\\\/neum-situacija-na-pozaristu-i-dalje-teska\\\/#breadcrumb\"},\"inLanguage\":\"hr\",\"potentialAction\":[{\"@type\":\"ReadAction\",\"target\":[\"https:\\\/\\\/radioljubuski.ba\\\/index.php\\\/2022\\\/08\\\/05\\\/neum-situacija-na-pozaristu-i-dalje-teska\\\/\"]}]},{\"@type\":\"ImageObject\",\"inLanguage\":\"hr\",\"@id\":\"https:\\\/\\\/radioljubuski.ba\\\/index.php\\\/2022\\\/08\\\/05\\\/neum-situacija-na-pozaristu-i-dalje-teska\\\/#primaryimage\",\"url\":\"https:\\\/\\\/radioljubuski.ba\\\/wp-content\\\/uploads\\\/2022\\\/08\\\/Prapratnica-pozar.jpg\",\"contentUrl\":\"https:\\\/\\\/radioljubuski.ba\\\/wp-content\\\/uploads\\\/2022\\\/08\\\/Prapratnica-pozar.jpg\",\"width\":810,\"height\":572},{\"@type\":\"BreadcrumbList\",\"@id\":\"https:\\\/\\\/radioljubuski.ba\\\/index.php\\\/2022\\\/08\\\/05\\\/neum-situacija-na-pozaristu-i-dalje-teska\\\/#breadcrumb\",\"itemListElement\":[{\"@type\":\"ListItem\",\"position\":1,\"name\":\"Po\u010detna stranica\",\"item\":\"https:\\\/\\\/radioljubuski.ba\\\/\"},{\"@type\":\"ListItem\",\"position\":2,\"name\":\"Neum: Situacija na po\u017eari\u0161tu i dalje te\u0161ka\"}]},{\"@type\":\"WebSite\",\"@id\":\"https:\\\/\\\/radioljubuski.ba\\\/#website\",\"url\":\"https:\\\/\\\/radioljubuski.ba\\\/\",\"name\":\"Radio Ljubu\u0161ki\",\"description\":\"Sun\u010dana frekvencija Hercegovine\",\"publisher\":{\"@id\":\"https:\\\/\\\/radioljubuski.ba\\\/#organization\"},\"potentialAction\":[{\"@type\":\"SearchAction\",\"target\":{\"@type\":\"EntryPoint\",\"urlTemplate\":\"https:\\\/\\\/radioljubuski.ba\\\/?s={search_term_string}\"},\"query-input\":{\"@type\":\"PropertyValueSpecification\",\"valueRequired\":true,\"valueName\":\"search_term_string\"}}],\"inLanguage\":\"hr\"},{\"@type\":\"Organization\",\"@id\":\"https:\\\/\\\/radioljubuski.ba\\\/#organization\",\"name\":\"Radio Ljubu\u0161ki\",\"url\":\"https:\\\/\\\/radioljubuski.ba\\\/\",\"logo\":{\"@type\":\"ImageObject\",\"inLanguage\":\"hr\",\"@id\":\"https:\\\/\\\/radioljubuski.ba\\\/#\\\/schema\\\/logo\\\/image\\\/\",\"url\":\"https:\\\/\\\/radioljubuski.ba\\\/wp-content\\\/uploads\\\/2021\\\/02\\\/cropped-Radio_Ljubuski_logo1.jpg\",\"contentUrl\":\"https:\\\/\\\/radioljubuski.ba\\\/wp-content\\\/uploads\\\/2021\\\/02\\\/cropped-Radio_Ljubuski_logo1.jpg\",\"width\":512,\"height\":512,\"caption\":\"Radio Ljubu\u0161ki\"},\"image\":{\"@id\":\"https:\\\/\\\/radioljubuski.ba\\\/#\\\/schema\\\/logo\\\/image\\\/\"},\"sameAs\":[\"https:\\\/\\\/www.facebook.com\\\/Radiio-Ljubuski-1490835324566332\",\"https:\\\/\\\/x.com\\\/radioljubuski\",\"https:\\\/\\\/hr.linkedin.com\\\/company\\\/radio-ljubuski\",\"https:\\\/\\\/www.youtube.com\\\/channel\\\/UCHYaeO_n0Db3tjNGudGpXyw\"]},{\"@type\":\"Person\",\"@id\":\"https:\\\/\\\/radioljubuski.ba\\\/#\\\/schema\\\/person\\\/19fc700381a780f69665d7956c469e3b\",\"name\":\"Radio Ljubu\u0161ki\"}]}<\/script>\n<!-- \/ Yoast SEO plugin. -->","yoast_head_json":{"title":"Neum: Situacija na po\u017eari\u0161tu i dalje te\u0161ka - RADIO LJUBU\u0160KI","robots":{"index":"index","follow":"follow","max-snippet":"max-snippet:-1","max-image-preview":"max-image-preview:large","max-video-preview":"max-video-preview:-1"},"canonical":"https:\/\/radioljubuski.ba\/index.php\/2022\/08\/05\/neum-situacija-na-pozaristu-i-dalje-teska\/","og_locale":"hr_HR","og_type":"article","og_title":"Neum: Situacija na po\u017eari\u0161tu i dalje te\u0161ka - RADIO LJUBU\u0160KI","og_description":"Situacija na po\u017eari\u0161tu u Neumu je te\u0161ka. Sve raspolo\u017eivo ljudstvo i tehnika su na terenu, a sudjeluju i lokalni dragovoljci. Trenutno nema vatrogasaca iz susjednih op\u0107ina, izvjestio je u \u010detvrtak ujutro Operativni centar Civilne za\u0161tite Hercegova\u010dko-neretvanske \u017eupanije. Gori \u0161ire&nbsp;podru\u010dje planine \u017daba, te teren izme\u0111u sela Zelenikovac, \u017dukovice i Drijen. Trenutno nije ugro\u017eeno stanovni\u0161tvo i objekti. [&hellip;]","og_url":"https:\/\/radioljubuski.ba\/index.php\/2022\/08\/05\/neum-situacija-na-pozaristu-i-dalje-teska\/","og_site_name":"RADIO LJUBU\u0160KI","article_publisher":"https:\/\/www.facebook.com\/Radiio-Ljubuski-1490835324566332","article_published_time":"2022-08-05T06:31:15+00:00","article_modified_time":"2022-08-05T06:31:17+00:00","og_image":[{"width":810,"height":572,"url":"https:\/\/radioljubuski.ba\/wp-content\/uploads\/2022\/08\/Prapratnica-pozar.jpg","type":"image\/jpeg"}],"author":"Radio Ljubu\u0161ki","twitter_card":"summary_large_image","twitter_creator":"@radioljubuski","twitter_site":"@radioljubuski","twitter_misc":{"Napisao\/la":"Radio Ljubu\u0161ki","Procijenjeno vrijeme \u010ditanja":"1 minuta"},"schema":{"@context":"https:\/\/schema.org","@graph":[{"@type":"Article","@id":"https:\/\/radioljubuski.ba\/index.php\/2022\/08\/05\/neum-situacija-na-pozaristu-i-dalje-teska\/#article","isPartOf":{"@id":"https:\/\/radioljubuski.ba\/index.php\/2022\/08\/05\/neum-situacija-na-pozaristu-i-dalje-teska\/"},"author":{"name":"Radio Ljubu\u0161ki","@id":"https:\/\/radioljubuski.ba\/#\/schema\/person\/19fc700381a780f69665d7956c469e3b"},"headline":"Neum: Situacija na po\u017eari\u0161tu i dalje te\u0161ka","datePublished":"2022-08-05T06:31:15+00:00","dateModified":"2022-08-05T06:31:17+00:00","mainEntityOfPage":{"@id":"https:\/\/radioljubuski.ba\/index.php\/2022\/08\/05\/neum-situacija-na-pozaristu-i-dalje-teska\/"},"wordCount":206,"publisher":{"@id":"https:\/\/radioljubuski.ba\/#organization"},"image":{"@id":"https:\/\/radioljubuski.ba\/index.php\/2022\/08\/05\/neum-situacija-na-pozaristu-i-dalje-teska\/#primaryimage"},"thumbnailUrl":"https:\/\/radioljubuski.ba\/wp-content\/uploads\/2022\/08\/Prapratnica-pozar.jpg","articleSection":["BIH i regija"],"inLanguage":"hr"},{"@type":"WebPage","@id":"https:\/\/radioljubuski.ba\/index.php\/2022\/08\/05\/neum-situacija-na-pozaristu-i-dalje-teska\/","url":"https:\/\/radioljubuski.ba\/index.php\/2022\/08\/05\/neum-situacija-na-pozaristu-i-dalje-teska\/","name":"Neum: Situacija na po\u017eari\u0161tu i dalje te\u0161ka - RADIO LJUBU\u0160KI","isPartOf":{"@id":"https:\/\/radioljubuski.ba\/#website"},"primaryImageOfPage":{"@id":"https:\/\/radioljubuski.ba\/index.php\/2022\/08\/05\/neum-situacija-na-pozaristu-i-dalje-teska\/#primaryimage"},"image":{"@id":"https:\/\/radioljubuski.ba\/index.php\/2022\/08\/05\/neum-situacija-na-pozaristu-i-dalje-teska\/#primaryimage"},"thumbnailUrl":"https:\/\/radioljubuski.ba\/wp-content\/uploads\/2022\/08\/Prapratnica-pozar.jpg","datePublished":"2022-08-05T06:31:15+00:00","dateModified":"2022-08-05T06:31:17+00:00","breadcrumb":{"@id":"https:\/\/radioljubuski.ba\/index.php\/2022\/08\/05\/neum-situacija-na-pozaristu-i-dalje-teska\/#breadcrumb"},"inLanguage":"hr","potentialAction":[{"@type":"ReadAction","target":["https:\/\/radioljubuski.ba\/index.php\/2022\/08\/05\/neum-situacija-na-pozaristu-i-dalje-teska\/"]}]},{"@type":"ImageObject","inLanguage":"hr","@id":"https:\/\/radioljubuski.ba\/index.php\/2022\/08\/05\/neum-situacija-na-pozaristu-i-dalje-teska\/#primaryimage","url":"https:\/\/radioljubuski.ba\/wp-content\/uploads\/2022\/08\/Prapratnica-pozar.jpg","contentUrl":"https:\/\/radioljubuski.ba\/wp-content\/uploads\/2022\/08\/Prapratnica-pozar.jpg","width":810,"height":572},{"@type":"BreadcrumbList","@id":"https:\/\/radioljubuski.ba\/index.php\/2022\/08\/05\/neum-situacija-na-pozaristu-i-dalje-teska\/#breadcrumb","itemListElement":[{"@type":"ListItem","position":1,"name":"Po\u010detna stranica","item":"https:\/\/radioljubuski.ba\/"},{"@type":"ListItem","position":2,"name":"Neum: Situacija na po\u017eari\u0161tu i dalje te\u0161ka"}]},{"@type":"WebSite","@id":"https:\/\/radioljubuski.ba\/#website","url":"https:\/\/radioljubuski.ba\/","name":"Radio Ljubu\u0161ki","description":"Sun\u010dana frekvencija Hercegovine","publisher":{"@id":"https:\/\/radioljubuski.ba\/#organization"},"potentialAction":[{"@type":"SearchAction","target":{"@type":"EntryPoint","urlTemplate":"https:\/\/radioljubuski.ba\/?s={search_term_string}"},"query-input":{"@type":"PropertyValueSpecification","valueRequired":true,"valueName":"search_term_string"}}],"inLanguage":"hr"},{"@type":"Organization","@id":"https:\/\/radioljubuski.ba\/#organization","name":"Radio Ljubu\u0161ki","url":"https:\/\/radioljubuski.ba\/","logo":{"@type":"ImageObject","inLanguage":"hr","@id":"https:\/\/radioljubuski.ba\/#\/schema\/logo\/image\/","url":"https:\/\/radioljubuski.ba\/wp-content\/uploads\/2021\/02\/cropped-Radio_Ljubuski_logo1.jpg","contentUrl":"https:\/\/radioljubuski.ba\/wp-content\/uploads\/2021\/02\/cropped-Radio_Ljubuski_logo1.jpg","width":512,"height":512,"caption":"Radio Ljubu\u0161ki"},"image":{"@id":"https:\/\/radioljubuski.ba\/#\/schema\/logo\/image\/"},"sameAs":["https:\/\/www.facebook.com\/Radiio-Ljubuski-1490835324566332","https:\/\/x.com\/radioljubuski","https:\/\/hr.linkedin.com\/company\/radio-ljubuski","https:\/\/www.youtube.com\/channel\/UCHYaeO_n0Db3tjNGudGpXyw"]},{"@type":"Person","@id":"https:\/\/radioljubuski.ba\/#\/schema\/person\/19fc700381a780f69665d7956c469e3b","name":"Radio Ljubu\u0161ki"}]}},"_links":{"self":[{"href":"https:\/\/radioljubuski.ba\/index.php\/wp-json\/wp\/v2\/posts\/166609","targetHints":{"allow":["GET"]}}],"collection":[{"href":"https:\/\/radioljubuski.ba\/index.php\/wp-json\/wp\/v2\/posts"}],"about":[{"href":"https:\/\/radioljubuski.ba\/index.php\/wp-json\/wp\/v2\/types\/post"}],"author":[{"embeddable":true,"href":"https:\/\/radioljubuski.ba\/index.php\/wp-json\/wp\/v2\/users\/2"}],"replies":[{"embeddable":true,"href":"https:\/\/radioljubuski.ba\/index.php\/wp-json\/wp\/v2\/comments?post=166609"}],"version-history":[{"count":1,"href":"https:\/\/radioljubuski.ba\/index.php\/wp-json\/wp\/v2\/posts\/166609\/revisions"}],"predecessor-version":[{"id":166611,"href":"https:\/\/radioljubuski.ba\/index.php\/wp-json\/wp\/v2\/posts\/166609\/revisions\/166611"}],"wp:featuredmedia":[{"embeddable":true,"href":"https:\/\/radioljubuski.ba\/index.php\/wp-json\/wp\/v2\/media\/166610"}],"wp:attachment":[{"href":"https:\/\/radioljubuski.ba\/index.php\/wp-json\/wp\/v2\/media?parent=166609"}],"wp:term":[{"taxonomy":"category","embeddable":true,"href":"https:\/\/radioljubuski.ba\/index.php\/wp-json\/wp\/v2\/categories?post=166609"},{"taxonomy":"post_tag","embeddable":true,"href":"https:\/\/radioljubuski.ba\/index.php\/wp-json\/wp\/v2\/tags?post=166609"}],"curies":[{"name":"wp","href":"https:\/\/api.w.org\/{rel}","templated":true}]}}