{"id":166622,"date":"2022-08-05T08:11:37","date_gmt":"2022-08-05T07:11:37","guid":{"rendered":"https:\/\/radioljubuski.ba\/?p=166622"},"modified":"2022-08-05T08:11:39","modified_gmt":"2022-08-05T07:11:39","slug":"pozari-u-hnz-u-u-konjicu-pozar-se-siri-prema-selu-u-neumu-vise-nema-potrebe-za-helikopterom-i-kanaderom","status":"publish","type":"post","link":"https:\/\/radioljubuski.ba\/index.php\/2022\/08\/05\/pozari-u-hnz-u-u-konjicu-pozar-se-siri-prema-selu-u-neumu-vise-nema-potrebe-za-helikopterom-i-kanaderom\/","title":{"rendered":"Po\u017eari u HN\u017d-u: U Konjicu po\u017ear se \u0161iri prema selu, u Neumu vi\u0161e nema potrebe za helikopterom i kanaderom"},"content":{"rendered":"\n<p>Situacija na po\u017eari\u0161tima u Neumu u petak ujutro je zna\u010dajno bolja. Gotovo je potpuno uga\u0161en po\u017ear kod Zelenikovca, ali zbog vjetra postoji opasnost ponovnog aktiviranja, pa su vatrogasci na terenu, priop\u0107eno je iz Operativnoga centra Civilne za\u0161tite Hercegova\u010dko-neretvanske \u017eupanije.<\/p>\n\n\n\n<p>Jo\u0161 uvijek gori \u0161ire podru\u010dje planine \u017daba, ali stanovni\u0161tvo i ku\u0107e nisu ugro\u017eeni. Tijekom dana djelovala su dva helikoptera OS BiH.<\/p>\n\n\n\n<p>Oko 08.25 sati, iz OC Neum stiglo je obavje\u0161tenje da nema potrebe za daljnim anga\u017emanom helikoptera OS BiH, niti kanadera (me\u0111unarodna pomo\u0107).<\/p>\n\n\n\n<p>Me\u0111utim, po\u017ear na Borcima kod Konjica i dalje je aktivan i trenutno se \u0161iri prema selu Gaki\u0107i dok je po\u017ear u Glavati\u0107evu lokaliziran i pod kontrolom.<\/p>\n\n\n\n<p>U ostalim mjestima HN\u017d-a, Mostaru, \u010capljini i \u010citluku po\u017eari, u kojima je gorjela trava i nisko raslinje, su lokalizirani, navodi se u priop\u0107enju.<\/p>\n\n\n\n<p>Izvor: <a href=\"https:\/\/pogled.ba\/novosti\/pozari-u-hnz-u-u-konjicu-pozar-se-siri-prema-selu-u-neumu-vise-nema-potrebe-za-helikopterom-i-kanaderom\/252411\">Pogled.ba<\/a><\/p>\n","protected":false},"excerpt":{"rendered":"<p>Situacija na po\u017eari\u0161tima u Neumu u petak ujutro je zna\u010dajno bolja. Gotovo je potpuno uga\u0161en po\u017ear kod Zelenikovca, ali zbog vjetra postoji opasnost ponovnog aktiviranja, pa su vatrogasci na terenu, priop\u0107eno je iz Operativnoga centra Civilne za\u0161tite Hercegova\u010dko-neretvanske \u017eupanije. Jo\u0161 uvijek gori \u0161ire podru\u010dje planine \u017daba, ali stanovni\u0161tvo i ku\u0107e nisu ugro\u017eeni. Tijekom dana djelovala [&hellip;]<\/p>\n","protected":false},"author":2,"featured_media":166623,"comment_status":"closed","ping_status":"closed","sticky":false,"template":"","format":"standard","meta":{"h5ap_radio_sources":[],"footnotes":""},"categories":[1],"tags":[],"class_list":["post-166622","post","type-post","status-publish","format-standard","has-post-thumbnail","hentry","category-bihiregija"],"yoast_head":"<!-- This site is optimized with the Yoast SEO plugin v27.4 - https:\/\/yoast.com\/product\/yoast-seo-wordpress\/ -->\n<title>Po\u017eari u HN\u017d-u: U Konjicu po\u017ear se \u0161iri prema selu, u Neumu vi\u0161e nema potrebe za helikopterom i kanaderom - RADIO LJUBU\u0160KI<\/title>\n<meta name=\"robots\" content=\"index, follow, max-snippet:-1, max-image-preview:large, max-video-preview:-1\" \/>\n<link rel=\"canonical\" href=\"https:\/\/radioljubuski.ba\/index.php\/2022\/08\/05\/pozari-u-hnz-u-u-konjicu-pozar-se-siri-prema-selu-u-neumu-vise-nema-potrebe-za-helikopterom-i-kanaderom\/\" \/>\n<meta property=\"og:locale\" content=\"hr_HR\" \/>\n<meta property=\"og:type\" content=\"article\" \/>\n<meta property=\"og:title\" content=\"Po\u017eari u HN\u017d-u: U Konjicu po\u017ear se \u0161iri prema selu, u Neumu vi\u0161e nema potrebe za helikopterom i kanaderom - RADIO LJUBU\u0160KI\" \/>\n<meta property=\"og:description\" content=\"Situacija na po\u017eari\u0161tima u Neumu u petak ujutro je zna\u010dajno bolja. Gotovo je potpuno uga\u0161en po\u017ear kod Zelenikovca, ali zbog vjetra postoji opasnost ponovnog aktiviranja, pa su vatrogasci na terenu, priop\u0107eno je iz Operativnoga centra Civilne za\u0161tite Hercegova\u010dko-neretvanske \u017eupanije. Jo\u0161 uvijek gori \u0161ire podru\u010dje planine \u017daba, ali stanovni\u0161tvo i ku\u0107e nisu ugro\u017eeni. Tijekom dana djelovala [&hellip;]\" \/>\n<meta property=\"og:url\" content=\"https:\/\/radioljubuski.ba\/index.php\/2022\/08\/05\/pozari-u-hnz-u-u-konjicu-pozar-se-siri-prema-selu-u-neumu-vise-nema-potrebe-za-helikopterom-i-kanaderom\/\" \/>\n<meta property=\"og:site_name\" content=\"RADIO LJUBU\u0160KI\" \/>\n<meta property=\"article:publisher\" content=\"https:\/\/www.facebook.com\/Radiio-Ljubuski-1490835324566332\" \/>\n<meta property=\"article:published_time\" content=\"2022-08-05T07:11:37+00:00\" \/>\n<meta property=\"article:modified_time\" content=\"2022-08-05T07:11:39+00:00\" \/>\n<meta property=\"og:image\" content=\"https:\/\/radioljubuski.ba\/wp-content\/uploads\/2022\/08\/3-2022-08-05-09-03-03-l_2ebf680e6e4c7e1ddf6299e99c0ccd2f-1.jpg\" \/>\n\t<meta property=\"og:image:width\" content=\"1000\" \/>\n\t<meta property=\"og:image:height\" content=\"625\" \/>\n\t<meta property=\"og:image:type\" content=\"image\/jpeg\" \/>\n<meta name=\"author\" content=\"Radio Ljubu\u0161ki\" \/>\n<meta name=\"twitter:card\" content=\"summary_large_image\" \/>\n<meta name=\"twitter:creator\" content=\"@radioljubuski\" \/>\n<meta name=\"twitter:site\" content=\"@radioljubuski\" \/>\n<meta name=\"twitter:label1\" content=\"Napisao\/la\" \/>\n\t<meta name=\"twitter:data1\" content=\"Radio Ljubu\u0161ki\" \/>\n\t<meta name=\"twitter:label2\" content=\"Procijenjeno vrijeme \u010ditanja\" \/>\n\t<meta name=\"twitter:data2\" content=\"1 minuta\" \/>\n<script type=\"application\/ld+json\" class=\"yoast-schema-graph\">{\"@context\":\"https:\\\/\\\/schema.org\",\"@graph\":[{\"@type\":\"Article\",\"@id\":\"https:\\\/\\\/radioljubuski.ba\\\/index.php\\\/2022\\\/08\\\/05\\\/pozari-u-hnz-u-u-konjicu-pozar-se-siri-prema-selu-u-neumu-vise-nema-potrebe-za-helikopterom-i-kanaderom\\\/#article\",\"isPartOf\":{\"@id\":\"https:\\\/\\\/radioljubuski.ba\\\/index.php\\\/2022\\\/08\\\/05\\\/pozari-u-hnz-u-u-konjicu-pozar-se-siri-prema-selu-u-neumu-vise-nema-potrebe-za-helikopterom-i-kanaderom\\\/\"},\"author\":{\"name\":\"Radio Ljubu\u0161ki\",\"@id\":\"https:\\\/\\\/radioljubuski.ba\\\/#\\\/schema\\\/person\\\/19fc700381a780f69665d7956c469e3b\"},\"headline\":\"Po\u017eari u HN\u017d-u: U Konjicu po\u017ear se \u0161iri prema selu, u Neumu vi\u0161e nema potrebe za helikopterom i kanaderom\",\"datePublished\":\"2022-08-05T07:11:37+00:00\",\"dateModified\":\"2022-08-05T07:11:39+00:00\",\"mainEntityOfPage\":{\"@id\":\"https:\\\/\\\/radioljubuski.ba\\\/index.php\\\/2022\\\/08\\\/05\\\/pozari-u-hnz-u-u-konjicu-pozar-se-siri-prema-selu-u-neumu-vise-nema-potrebe-za-helikopterom-i-kanaderom\\\/\"},\"wordCount\":179,\"publisher\":{\"@id\":\"https:\\\/\\\/radioljubuski.ba\\\/#organization\"},\"image\":{\"@id\":\"https:\\\/\\\/radioljubuski.ba\\\/index.php\\\/2022\\\/08\\\/05\\\/pozari-u-hnz-u-u-konjicu-pozar-se-siri-prema-selu-u-neumu-vise-nema-potrebe-za-helikopterom-i-kanaderom\\\/#primaryimage\"},\"thumbnailUrl\":\"https:\\\/\\\/radioljubuski.ba\\\/wp-content\\\/uploads\\\/2022\\\/08\\\/3-2022-08-05-09-03-03-l_2ebf680e6e4c7e1ddf6299e99c0ccd2f-1.jpg\",\"articleSection\":[\"BIH i regija\"],\"inLanguage\":\"hr\"},{\"@type\":\"WebPage\",\"@id\":\"https:\\\/\\\/radioljubuski.ba\\\/index.php\\\/2022\\\/08\\\/05\\\/pozari-u-hnz-u-u-konjicu-pozar-se-siri-prema-selu-u-neumu-vise-nema-potrebe-za-helikopterom-i-kanaderom\\\/\",\"url\":\"https:\\\/\\\/radioljubuski.ba\\\/index.php\\\/2022\\\/08\\\/05\\\/pozari-u-hnz-u-u-konjicu-pozar-se-siri-prema-selu-u-neumu-vise-nema-potrebe-za-helikopterom-i-kanaderom\\\/\",\"name\":\"Po\u017eari u HN\u017d-u: U Konjicu po\u017ear se \u0161iri prema selu, u Neumu vi\u0161e nema potrebe za helikopterom i kanaderom - RADIO LJUBU\u0160KI\",\"isPartOf\":{\"@id\":\"https:\\\/\\\/radioljubuski.ba\\\/#website\"},\"primaryImageOfPage\":{\"@id\":\"https:\\\/\\\/radioljubuski.ba\\\/index.php\\\/2022\\\/08\\\/05\\\/pozari-u-hnz-u-u-konjicu-pozar-se-siri-prema-selu-u-neumu-vise-nema-potrebe-za-helikopterom-i-kanaderom\\\/#primaryimage\"},\"image\":{\"@id\":\"https:\\\/\\\/radioljubuski.ba\\\/index.php\\\/2022\\\/08\\\/05\\\/pozari-u-hnz-u-u-konjicu-pozar-se-siri-prema-selu-u-neumu-vise-nema-potrebe-za-helikopterom-i-kanaderom\\\/#primaryimage\"},\"thumbnailUrl\":\"https:\\\/\\\/radioljubuski.ba\\\/wp-content\\\/uploads\\\/2022\\\/08\\\/3-2022-08-05-09-03-03-l_2ebf680e6e4c7e1ddf6299e99c0ccd2f-1.jpg\",\"datePublished\":\"2022-08-05T07:11:37+00:00\",\"dateModified\":\"2022-08-05T07:11:39+00:00\",\"breadcrumb\":{\"@id\":\"https:\\\/\\\/radioljubuski.ba\\\/index.php\\\/2022\\\/08\\\/05\\\/pozari-u-hnz-u-u-konjicu-pozar-se-siri-prema-selu-u-neumu-vise-nema-potrebe-za-helikopterom-i-kanaderom\\\/#breadcrumb\"},\"inLanguage\":\"hr\",\"potentialAction\":[{\"@type\":\"ReadAction\",\"target\":[\"https:\\\/\\\/radioljubuski.ba\\\/index.php\\\/2022\\\/08\\\/05\\\/pozari-u-hnz-u-u-konjicu-pozar-se-siri-prema-selu-u-neumu-vise-nema-potrebe-za-helikopterom-i-kanaderom\\\/\"]}]},{\"@type\":\"ImageObject\",\"inLanguage\":\"hr\",\"@id\":\"https:\\\/\\\/radioljubuski.ba\\\/index.php\\\/2022\\\/08\\\/05\\\/pozari-u-hnz-u-u-konjicu-pozar-se-siri-prema-selu-u-neumu-vise-nema-potrebe-za-helikopterom-i-kanaderom\\\/#primaryimage\",\"url\":\"https:\\\/\\\/radioljubuski.ba\\\/wp-content\\\/uploads\\\/2022\\\/08\\\/3-2022-08-05-09-03-03-l_2ebf680e6e4c7e1ddf6299e99c0ccd2f-1.jpg\",\"contentUrl\":\"https:\\\/\\\/radioljubuski.ba\\\/wp-content\\\/uploads\\\/2022\\\/08\\\/3-2022-08-05-09-03-03-l_2ebf680e6e4c7e1ddf6299e99c0ccd2f-1.jpg\",\"width\":1000,\"height\":625},{\"@type\":\"BreadcrumbList\",\"@id\":\"https:\\\/\\\/radioljubuski.ba\\\/index.php\\\/2022\\\/08\\\/05\\\/pozari-u-hnz-u-u-konjicu-pozar-se-siri-prema-selu-u-neumu-vise-nema-potrebe-za-helikopterom-i-kanaderom\\\/#breadcrumb\",\"itemListElement\":[{\"@type\":\"ListItem\",\"position\":1,\"name\":\"Po\u010detna stranica\",\"item\":\"https:\\\/\\\/radioljubuski.ba\\\/\"},{\"@type\":\"ListItem\",\"position\":2,\"name\":\"Po\u017eari u HN\u017d-u: U Konjicu po\u017ear se \u0161iri prema selu, u Neumu vi\u0161e nema potrebe za helikopterom i kanaderom\"}]},{\"@type\":\"WebSite\",\"@id\":\"https:\\\/\\\/radioljubuski.ba\\\/#website\",\"url\":\"https:\\\/\\\/radioljubuski.ba\\\/\",\"name\":\"Radio Ljubu\u0161ki\",\"description\":\"Sun\u010dana frekvencija Hercegovine\",\"publisher\":{\"@id\":\"https:\\\/\\\/radioljubuski.ba\\\/#organization\"},\"potentialAction\":[{\"@type\":\"SearchAction\",\"target\":{\"@type\":\"EntryPoint\",\"urlTemplate\":\"https:\\\/\\\/radioljubuski.ba\\\/?s={search_term_string}\"},\"query-input\":{\"@type\":\"PropertyValueSpecification\",\"valueRequired\":true,\"valueName\":\"search_term_string\"}}],\"inLanguage\":\"hr\"},{\"@type\":\"Organization\",\"@id\":\"https:\\\/\\\/radioljubuski.ba\\\/#organization\",\"name\":\"Radio Ljubu\u0161ki\",\"url\":\"https:\\\/\\\/radioljubuski.ba\\\/\",\"logo\":{\"@type\":\"ImageObject\",\"inLanguage\":\"hr\",\"@id\":\"https:\\\/\\\/radioljubuski.ba\\\/#\\\/schema\\\/logo\\\/image\\\/\",\"url\":\"https:\\\/\\\/radioljubuski.ba\\\/wp-content\\\/uploads\\\/2021\\\/02\\\/cropped-Radio_Ljubuski_logo1.jpg\",\"contentUrl\":\"https:\\\/\\\/radioljubuski.ba\\\/wp-content\\\/uploads\\\/2021\\\/02\\\/cropped-Radio_Ljubuski_logo1.jpg\",\"width\":512,\"height\":512,\"caption\":\"Radio Ljubu\u0161ki\"},\"image\":{\"@id\":\"https:\\\/\\\/radioljubuski.ba\\\/#\\\/schema\\\/logo\\\/image\\\/\"},\"sameAs\":[\"https:\\\/\\\/www.facebook.com\\\/Radiio-Ljubuski-1490835324566332\",\"https:\\\/\\\/x.com\\\/radioljubuski\",\"https:\\\/\\\/hr.linkedin.com\\\/company\\\/radio-ljubuski\",\"https:\\\/\\\/www.youtube.com\\\/channel\\\/UCHYaeO_n0Db3tjNGudGpXyw\"]},{\"@type\":\"Person\",\"@id\":\"https:\\\/\\\/radioljubuski.ba\\\/#\\\/schema\\\/person\\\/19fc700381a780f69665d7956c469e3b\",\"name\":\"Radio Ljubu\u0161ki\"}]}<\/script>\n<!-- \/ Yoast SEO plugin. -->","yoast_head_json":{"title":"Po\u017eari u HN\u017d-u: U Konjicu po\u017ear se \u0161iri prema selu, u Neumu vi\u0161e nema potrebe za helikopterom i kanaderom - RADIO LJUBU\u0160KI","robots":{"index":"index","follow":"follow","max-snippet":"max-snippet:-1","max-image-preview":"max-image-preview:large","max-video-preview":"max-video-preview:-1"},"canonical":"https:\/\/radioljubuski.ba\/index.php\/2022\/08\/05\/pozari-u-hnz-u-u-konjicu-pozar-se-siri-prema-selu-u-neumu-vise-nema-potrebe-za-helikopterom-i-kanaderom\/","og_locale":"hr_HR","og_type":"article","og_title":"Po\u017eari u HN\u017d-u: U Konjicu po\u017ear se \u0161iri prema selu, u Neumu vi\u0161e nema potrebe za helikopterom i kanaderom - RADIO LJUBU\u0160KI","og_description":"Situacija na po\u017eari\u0161tima u Neumu u petak ujutro je zna\u010dajno bolja. Gotovo je potpuno uga\u0161en po\u017ear kod Zelenikovca, ali zbog vjetra postoji opasnost ponovnog aktiviranja, pa su vatrogasci na terenu, priop\u0107eno je iz Operativnoga centra Civilne za\u0161tite Hercegova\u010dko-neretvanske \u017eupanije. Jo\u0161 uvijek gori \u0161ire podru\u010dje planine \u017daba, ali stanovni\u0161tvo i ku\u0107e nisu ugro\u017eeni. Tijekom dana djelovala [&hellip;]","og_url":"https:\/\/radioljubuski.ba\/index.php\/2022\/08\/05\/pozari-u-hnz-u-u-konjicu-pozar-se-siri-prema-selu-u-neumu-vise-nema-potrebe-za-helikopterom-i-kanaderom\/","og_site_name":"RADIO LJUBU\u0160KI","article_publisher":"https:\/\/www.facebook.com\/Radiio-Ljubuski-1490835324566332","article_published_time":"2022-08-05T07:11:37+00:00","article_modified_time":"2022-08-05T07:11:39+00:00","og_image":[{"width":1000,"height":625,"url":"https:\/\/radioljubuski.ba\/wp-content\/uploads\/2022\/08\/3-2022-08-05-09-03-03-l_2ebf680e6e4c7e1ddf6299e99c0ccd2f-1.jpg","type":"image\/jpeg"}],"author":"Radio Ljubu\u0161ki","twitter_card":"summary_large_image","twitter_creator":"@radioljubuski","twitter_site":"@radioljubuski","twitter_misc":{"Napisao\/la":"Radio Ljubu\u0161ki","Procijenjeno vrijeme \u010ditanja":"1 minuta"},"schema":{"@context":"https:\/\/schema.org","@graph":[{"@type":"Article","@id":"https:\/\/radioljubuski.ba\/index.php\/2022\/08\/05\/pozari-u-hnz-u-u-konjicu-pozar-se-siri-prema-selu-u-neumu-vise-nema-potrebe-za-helikopterom-i-kanaderom\/#article","isPartOf":{"@id":"https:\/\/radioljubuski.ba\/index.php\/2022\/08\/05\/pozari-u-hnz-u-u-konjicu-pozar-se-siri-prema-selu-u-neumu-vise-nema-potrebe-za-helikopterom-i-kanaderom\/"},"author":{"name":"Radio Ljubu\u0161ki","@id":"https:\/\/radioljubuski.ba\/#\/schema\/person\/19fc700381a780f69665d7956c469e3b"},"headline":"Po\u017eari u HN\u017d-u: U Konjicu po\u017ear se \u0161iri prema selu, u Neumu vi\u0161e nema potrebe za helikopterom i kanaderom","datePublished":"2022-08-05T07:11:37+00:00","dateModified":"2022-08-05T07:11:39+00:00","mainEntityOfPage":{"@id":"https:\/\/radioljubuski.ba\/index.php\/2022\/08\/05\/pozari-u-hnz-u-u-konjicu-pozar-se-siri-prema-selu-u-neumu-vise-nema-potrebe-za-helikopterom-i-kanaderom\/"},"wordCount":179,"publisher":{"@id":"https:\/\/radioljubuski.ba\/#organization"},"image":{"@id":"https:\/\/radioljubuski.ba\/index.php\/2022\/08\/05\/pozari-u-hnz-u-u-konjicu-pozar-se-siri-prema-selu-u-neumu-vise-nema-potrebe-za-helikopterom-i-kanaderom\/#primaryimage"},"thumbnailUrl":"https:\/\/radioljubuski.ba\/wp-content\/uploads\/2022\/08\/3-2022-08-05-09-03-03-l_2ebf680e6e4c7e1ddf6299e99c0ccd2f-1.jpg","articleSection":["BIH i regija"],"inLanguage":"hr"},{"@type":"WebPage","@id":"https:\/\/radioljubuski.ba\/index.php\/2022\/08\/05\/pozari-u-hnz-u-u-konjicu-pozar-se-siri-prema-selu-u-neumu-vise-nema-potrebe-za-helikopterom-i-kanaderom\/","url":"https:\/\/radioljubuski.ba\/index.php\/2022\/08\/05\/pozari-u-hnz-u-u-konjicu-pozar-se-siri-prema-selu-u-neumu-vise-nema-potrebe-za-helikopterom-i-kanaderom\/","name":"Po\u017eari u HN\u017d-u: U Konjicu po\u017ear se \u0161iri prema selu, u Neumu vi\u0161e nema potrebe za helikopterom i kanaderom - RADIO LJUBU\u0160KI","isPartOf":{"@id":"https:\/\/radioljubuski.ba\/#website"},"primaryImageOfPage":{"@id":"https:\/\/radioljubuski.ba\/index.php\/2022\/08\/05\/pozari-u-hnz-u-u-konjicu-pozar-se-siri-prema-selu-u-neumu-vise-nema-potrebe-za-helikopterom-i-kanaderom\/#primaryimage"},"image":{"@id":"https:\/\/radioljubuski.ba\/index.php\/2022\/08\/05\/pozari-u-hnz-u-u-konjicu-pozar-se-siri-prema-selu-u-neumu-vise-nema-potrebe-za-helikopterom-i-kanaderom\/#primaryimage"},"thumbnailUrl":"https:\/\/radioljubuski.ba\/wp-content\/uploads\/2022\/08\/3-2022-08-05-09-03-03-l_2ebf680e6e4c7e1ddf6299e99c0ccd2f-1.jpg","datePublished":"2022-08-05T07:11:37+00:00","dateModified":"2022-08-05T07:11:39+00:00","breadcrumb":{"@id":"https:\/\/radioljubuski.ba\/index.php\/2022\/08\/05\/pozari-u-hnz-u-u-konjicu-pozar-se-siri-prema-selu-u-neumu-vise-nema-potrebe-za-helikopterom-i-kanaderom\/#breadcrumb"},"inLanguage":"hr","potentialAction":[{"@type":"ReadAction","target":["https:\/\/radioljubuski.ba\/index.php\/2022\/08\/05\/pozari-u-hnz-u-u-konjicu-pozar-se-siri-prema-selu-u-neumu-vise-nema-potrebe-za-helikopterom-i-kanaderom\/"]}]},{"@type":"ImageObject","inLanguage":"hr","@id":"https:\/\/radioljubuski.ba\/index.php\/2022\/08\/05\/pozari-u-hnz-u-u-konjicu-pozar-se-siri-prema-selu-u-neumu-vise-nema-potrebe-za-helikopterom-i-kanaderom\/#primaryimage","url":"https:\/\/radioljubuski.ba\/wp-content\/uploads\/2022\/08\/3-2022-08-05-09-03-03-l_2ebf680e6e4c7e1ddf6299e99c0ccd2f-1.jpg","contentUrl":"https:\/\/radioljubuski.ba\/wp-content\/uploads\/2022\/08\/3-2022-08-05-09-03-03-l_2ebf680e6e4c7e1ddf6299e99c0ccd2f-1.jpg","width":1000,"height":625},{"@type":"BreadcrumbList","@id":"https:\/\/radioljubuski.ba\/index.php\/2022\/08\/05\/pozari-u-hnz-u-u-konjicu-pozar-se-siri-prema-selu-u-neumu-vise-nema-potrebe-za-helikopterom-i-kanaderom\/#breadcrumb","itemListElement":[{"@type":"ListItem","position":1,"name":"Po\u010detna stranica","item":"https:\/\/radioljubuski.ba\/"},{"@type":"ListItem","position":2,"name":"Po\u017eari u HN\u017d-u: U Konjicu po\u017ear se \u0161iri prema selu, u Neumu vi\u0161e nema potrebe za helikopterom i kanaderom"}]},{"@type":"WebSite","@id":"https:\/\/radioljubuski.ba\/#website","url":"https:\/\/radioljubuski.ba\/","name":"Radio Ljubu\u0161ki","description":"Sun\u010dana frekvencija Hercegovine","publisher":{"@id":"https:\/\/radioljubuski.ba\/#organization"},"potentialAction":[{"@type":"SearchAction","target":{"@type":"EntryPoint","urlTemplate":"https:\/\/radioljubuski.ba\/?s={search_term_string}"},"query-input":{"@type":"PropertyValueSpecification","valueRequired":true,"valueName":"search_term_string"}}],"inLanguage":"hr"},{"@type":"Organization","@id":"https:\/\/radioljubuski.ba\/#organization","name":"Radio Ljubu\u0161ki","url":"https:\/\/radioljubuski.ba\/","logo":{"@type":"ImageObject","inLanguage":"hr","@id":"https:\/\/radioljubuski.ba\/#\/schema\/logo\/image\/","url":"https:\/\/radioljubuski.ba\/wp-content\/uploads\/2021\/02\/cropped-Radio_Ljubuski_logo1.jpg","contentUrl":"https:\/\/radioljubuski.ba\/wp-content\/uploads\/2021\/02\/cropped-Radio_Ljubuski_logo1.jpg","width":512,"height":512,"caption":"Radio Ljubu\u0161ki"},"image":{"@id":"https:\/\/radioljubuski.ba\/#\/schema\/logo\/image\/"},"sameAs":["https:\/\/www.facebook.com\/Radiio-Ljubuski-1490835324566332","https:\/\/x.com\/radioljubuski","https:\/\/hr.linkedin.com\/company\/radio-ljubuski","https:\/\/www.youtube.com\/channel\/UCHYaeO_n0Db3tjNGudGpXyw"]},{"@type":"Person","@id":"https:\/\/radioljubuski.ba\/#\/schema\/person\/19fc700381a780f69665d7956c469e3b","name":"Radio Ljubu\u0161ki"}]}},"_links":{"self":[{"href":"https:\/\/radioljubuski.ba\/index.php\/wp-json\/wp\/v2\/posts\/166622","targetHints":{"allow":["GET"]}}],"collection":[{"href":"https:\/\/radioljubuski.ba\/index.php\/wp-json\/wp\/v2\/posts"}],"about":[{"href":"https:\/\/radioljubuski.ba\/index.php\/wp-json\/wp\/v2\/types\/post"}],"author":[{"embeddable":true,"href":"https:\/\/radioljubuski.ba\/index.php\/wp-json\/wp\/v2\/users\/2"}],"replies":[{"embeddable":true,"href":"https:\/\/radioljubuski.ba\/index.php\/wp-json\/wp\/v2\/comments?post=166622"}],"version-history":[{"count":1,"href":"https:\/\/radioljubuski.ba\/index.php\/wp-json\/wp\/v2\/posts\/166622\/revisions"}],"predecessor-version":[{"id":166624,"href":"https:\/\/radioljubuski.ba\/index.php\/wp-json\/wp\/v2\/posts\/166622\/revisions\/166624"}],"wp:featuredmedia":[{"embeddable":true,"href":"https:\/\/radioljubuski.ba\/index.php\/wp-json\/wp\/v2\/media\/166623"}],"wp:attachment":[{"href":"https:\/\/radioljubuski.ba\/index.php\/wp-json\/wp\/v2\/media?parent=166622"}],"wp:term":[{"taxonomy":"category","embeddable":true,"href":"https:\/\/radioljubuski.ba\/index.php\/wp-json\/wp\/v2\/categories?post=166622"},{"taxonomy":"post_tag","embeddable":true,"href":"https:\/\/radioljubuski.ba\/index.php\/wp-json\/wp\/v2\/tags?post=166622"}],"curies":[{"name":"wp","href":"https:\/\/api.w.org\/{rel}","templated":true}]}}