{"id":166635,"date":"2022-08-05T08:22:15","date_gmt":"2022-08-05T07:22:15","guid":{"rendered":"https:\/\/radioljubuski.ba\/?p=166635"},"modified":"2022-08-05T08:22:15","modified_gmt":"2022-08-05T07:22:15","slug":"usz-nema-ni-jedan-kilometar-brze-ceste","status":"publish","type":"post","link":"https:\/\/radioljubuski.ba\/index.php\/2022\/08\/05\/usz-nema-ni-jedan-kilometar-brze-ceste\/","title":{"rendered":"US\u017d nema ni jedan kilometar brze ceste"},"content":{"rendered":"\n<p>Pred gotovo svake izbore se iznova otvara pri\u010da o ovakvim i sli\u010dnim projektima. <\/p>\n\n\n\n<p>Unsko-sanska \u017eupanija nema ni jedan kilometar brze ceste. \u017delje Kraji\u0161nika da budu bolje putno povezani me\u0111usobno i s ostatkom dr\u017eave kona\u010dno bi se mogle ostvariti, a brza cesta koja se sada najavljuje spajala bi Biha\u0107, Cazin i Veliku Kladu\u0161u. <\/p>\n\n\n\n<p>Pred gotovo svake izbore se iznova otvara pri\u010da o ovakvim i sli\u010dnim projektima. Brza cesta koja bi povezala Krajinu i spojila je sa cestama Republike Hrvatske bila je ujedno povod sastanka direktora Autocesta FBiH sa lokalnim vlastima. Da li \u0107e ova ideja za\u017eivjeti, te\u0161ko je predvidjeti. Naredni koraci su geolo\u0161ka i ostala ispitivanja.<\/p>\n\n\n\n<p> Elmedin Voloder, direktor Autocesta FBiH, ka\u017ee: &#8220;Namjera je da se krene \u0161to je ranije mogu\u0107e. U ovoj godini mo\u017eemo zapo\u010deti s prvim dijelom, do Cazina, kako bismo za idu\u0107u godinu osigurali mogu\u0107nost po\u010detka izrade radova koji bi, za ukupan pravac od 47 kilometara, trajali do pet godina. Ako bi se po\u010delo na vrijeme raditi.&#8221; U prostornom planu Unsko-sanske \u017eupanije, kojim raspola\u017ee \u017eupanijsko ministarstvo gra\u0111enja, uvr\u0161ten je i koridor za brzu cestu, ali se mora razmatrati koliko bi bio tehni\u010dki i financijski isplativ. Adnan Alagi\u0107, ministar gra\u0111enja, prostornog ure\u0111enja i za\u0161tite okoli\u0161a US\u017d, navodi: &#8220;Brza cesta kroz US\u017d ide od Klju\u010da, preko Bosanskog Petrovca, Biha\u0107a, Cazina, prema Velikoj Kladu\u0161i. <\/p>\n\n\n\n<p>U medijima sam pro\u010ditao da spominju da ide od Klju\u010da prema Iza\u010di\u0107u, \u0161to nije to\u010dno. Od Iza\u010di\u0107a prema Biha\u0107u je obilaznica. To je ni\u017ei nivo ceste, prometnica. S te obilaznice se mo\u017ee priklju\u010diti na ovu brzu cestu u podru\u010dju Poslovne zone Kamenica.&#8221; Projekt bi prema sada\u0161njoj projekciji ko\u0161tao vi\u0161e od 500 milijuna eura. Iako bi bio od velikog zna\u010daja, mnogi ga ocjenjuju kao predizbornu kampanju. Amir Puri\u0107, vije\u0107nik Op\u0107inskog vije\u0107a Velika Kladu\u0161a, isti\u010de: &#8220;\u010cini mi se da se netko sjetio onog obe\u0107anja da \u0107e najvi\u0161e koristi od akciza imati Kraji\u0161nici. Nakon \u0161to nisu imali nikakve koristi, sjetio se da baci novu pri\u010du kako bi zaokupio njihovu pa\u017enju pred izbore. <\/p>\n\n\n\n<p>To se ne\u0161to \u0161to se ponavlja dugi niz godina.&#8221; Mustafa Ru\u017eni\u0107, premijer US\u017d, isti\u010de: &#8220;Ono \u0161to nam je najvi\u0161e zaparalo u\u0161i, to je da bi gra\u0111ani ovaj projekt mogli o\u010dekivati ukoliko bude prepoznat od strane me\u0111unarodnih investicijskih fondova u razdoblju 2030\/2032., a ako ne, onda u razdoblju do 2050. Da li je ovo jo\u0161 jedna predizborna ili nije, mi trebamo uraditi ono \u0161to je do nas.&#8221; U Vladi se nadaju da \u0107e poslije listopadskih izbora imati predstavnike koji \u0107e jedinstveno nastupati za ovu \u017eupaniju gdje se radovi na nekim ve\u0107 zapo\u010detim projektima \u010dekaju i po 25 godina. <\/p>\n\n\n\n<p>Izvor: <a href=\"https:\/\/bljesak.info\/gospodarstvo\/ulaganja\/usz-nema-ni-jedan-kilometar-brze-ceste\/390169\">Bljesak.info<\/a><\/p>\n","protected":false},"excerpt":{"rendered":"<p>Pred gotovo svake izbore se iznova otvara pri\u010da o ovakvim i sli\u010dnim projektima. Unsko-sanska \u017eupanija nema ni jedan kilometar brze ceste. \u017delje Kraji\u0161nika da budu bolje putno povezani me\u0111usobno i s ostatkom dr\u017eave kona\u010dno bi se mogle ostvariti, a brza cesta koja se sada najavljuje spajala bi Biha\u0107, Cazin i Veliku Kladu\u0161u. Pred gotovo svake [&hellip;]<\/p>\n","protected":false},"author":2,"featured_media":166636,"comment_status":"closed","ping_status":"closed","sticky":false,"template":"","format":"standard","meta":{"h5ap_radio_sources":[],"footnotes":""},"categories":[1],"tags":[],"class_list":["post-166635","post","type-post","status-publish","format-standard","has-post-thumbnail","hentry","category-bihiregija"],"yoast_head":"<!-- This site is optimized with the Yoast SEO plugin v27.4 - https:\/\/yoast.com\/product\/yoast-seo-wordpress\/ -->\n<title>US\u017d nema ni jedan kilometar brze ceste - RADIO LJUBU\u0160KI<\/title>\n<meta name=\"robots\" content=\"index, follow, max-snippet:-1, max-image-preview:large, max-video-preview:-1\" \/>\n<link rel=\"canonical\" href=\"https:\/\/radioljubuski.ba\/index.php\/2022\/08\/05\/usz-nema-ni-jedan-kilometar-brze-ceste\/\" \/>\n<meta property=\"og:locale\" content=\"hr_HR\" \/>\n<meta property=\"og:type\" content=\"article\" \/>\n<meta property=\"og:title\" content=\"US\u017d nema ni jedan kilometar brze ceste - RADIO LJUBU\u0160KI\" \/>\n<meta property=\"og:description\" content=\"Pred gotovo svake izbore se iznova otvara pri\u010da o ovakvim i sli\u010dnim projektima. Unsko-sanska \u017eupanija nema ni jedan kilometar brze ceste. \u017delje Kraji\u0161nika da budu bolje putno povezani me\u0111usobno i s ostatkom dr\u017eave kona\u010dno bi se mogle ostvariti, a brza cesta koja se sada najavljuje spajala bi Biha\u0107, Cazin i Veliku Kladu\u0161u. Pred gotovo svake [&hellip;]\" \/>\n<meta property=\"og:url\" content=\"https:\/\/radioljubuski.ba\/index.php\/2022\/08\/05\/usz-nema-ni-jedan-kilometar-brze-ceste\/\" \/>\n<meta property=\"og:site_name\" content=\"RADIO LJUBU\u0160KI\" \/>\n<meta property=\"article:publisher\" content=\"https:\/\/www.facebook.com\/Radiio-Ljubuski-1490835324566332\" \/>\n<meta property=\"article:published_time\" content=\"2022-08-05T07:22:15+00:00\" \/>\n<meta property=\"og:image\" content=\"https:\/\/radioljubuski.ba\/wp-content\/uploads\/2022\/08\/Autocesta-iz-zraka.jpg\" \/>\n\t<meta property=\"og:image:width\" content=\"450\" \/>\n\t<meta property=\"og:image:height\" content=\"310\" \/>\n\t<meta property=\"og:image:type\" content=\"image\/jpeg\" \/>\n<meta name=\"author\" content=\"Radio Ljubu\u0161ki\" \/>\n<meta name=\"twitter:card\" content=\"summary_large_image\" \/>\n<meta name=\"twitter:creator\" content=\"@radioljubuski\" \/>\n<meta name=\"twitter:site\" content=\"@radioljubuski\" \/>\n<meta name=\"twitter:label1\" content=\"Napisao\/la\" \/>\n\t<meta name=\"twitter:data1\" content=\"Radio Ljubu\u0161ki\" \/>\n\t<meta name=\"twitter:label2\" content=\"Procijenjeno vrijeme \u010ditanja\" \/>\n\t<meta name=\"twitter:data2\" content=\"2 minute\" \/>\n<script type=\"application\/ld+json\" class=\"yoast-schema-graph\">{\"@context\":\"https:\\\/\\\/schema.org\",\"@graph\":[{\"@type\":\"Article\",\"@id\":\"https:\\\/\\\/radioljubuski.ba\\\/index.php\\\/2022\\\/08\\\/05\\\/usz-nema-ni-jedan-kilometar-brze-ceste\\\/#article\",\"isPartOf\":{\"@id\":\"https:\\\/\\\/radioljubuski.ba\\\/index.php\\\/2022\\\/08\\\/05\\\/usz-nema-ni-jedan-kilometar-brze-ceste\\\/\"},\"author\":{\"name\":\"Radio Ljubu\u0161ki\",\"@id\":\"https:\\\/\\\/radioljubuski.ba\\\/#\\\/schema\\\/person\\\/19fc700381a780f69665d7956c469e3b\"},\"headline\":\"US\u017d nema ni jedan kilometar brze ceste\",\"datePublished\":\"2022-08-05T07:22:15+00:00\",\"mainEntityOfPage\":{\"@id\":\"https:\\\/\\\/radioljubuski.ba\\\/index.php\\\/2022\\\/08\\\/05\\\/usz-nema-ni-jedan-kilometar-brze-ceste\\\/\"},\"wordCount\":490,\"publisher\":{\"@id\":\"https:\\\/\\\/radioljubuski.ba\\\/#organization\"},\"image\":{\"@id\":\"https:\\\/\\\/radioljubuski.ba\\\/index.php\\\/2022\\\/08\\\/05\\\/usz-nema-ni-jedan-kilometar-brze-ceste\\\/#primaryimage\"},\"thumbnailUrl\":\"https:\\\/\\\/radioljubuski.ba\\\/wp-content\\\/uploads\\\/2022\\\/08\\\/Autocesta-iz-zraka.jpg\",\"articleSection\":[\"BIH i regija\"],\"inLanguage\":\"hr\"},{\"@type\":\"WebPage\",\"@id\":\"https:\\\/\\\/radioljubuski.ba\\\/index.php\\\/2022\\\/08\\\/05\\\/usz-nema-ni-jedan-kilometar-brze-ceste\\\/\",\"url\":\"https:\\\/\\\/radioljubuski.ba\\\/index.php\\\/2022\\\/08\\\/05\\\/usz-nema-ni-jedan-kilometar-brze-ceste\\\/\",\"name\":\"US\u017d nema ni jedan kilometar brze ceste - RADIO LJUBU\u0160KI\",\"isPartOf\":{\"@id\":\"https:\\\/\\\/radioljubuski.ba\\\/#website\"},\"primaryImageOfPage\":{\"@id\":\"https:\\\/\\\/radioljubuski.ba\\\/index.php\\\/2022\\\/08\\\/05\\\/usz-nema-ni-jedan-kilometar-brze-ceste\\\/#primaryimage\"},\"image\":{\"@id\":\"https:\\\/\\\/radioljubuski.ba\\\/index.php\\\/2022\\\/08\\\/05\\\/usz-nema-ni-jedan-kilometar-brze-ceste\\\/#primaryimage\"},\"thumbnailUrl\":\"https:\\\/\\\/radioljubuski.ba\\\/wp-content\\\/uploads\\\/2022\\\/08\\\/Autocesta-iz-zraka.jpg\",\"datePublished\":\"2022-08-05T07:22:15+00:00\",\"breadcrumb\":{\"@id\":\"https:\\\/\\\/radioljubuski.ba\\\/index.php\\\/2022\\\/08\\\/05\\\/usz-nema-ni-jedan-kilometar-brze-ceste\\\/#breadcrumb\"},\"inLanguage\":\"hr\",\"potentialAction\":[{\"@type\":\"ReadAction\",\"target\":[\"https:\\\/\\\/radioljubuski.ba\\\/index.php\\\/2022\\\/08\\\/05\\\/usz-nema-ni-jedan-kilometar-brze-ceste\\\/\"]}]},{\"@type\":\"ImageObject\",\"inLanguage\":\"hr\",\"@id\":\"https:\\\/\\\/radioljubuski.ba\\\/index.php\\\/2022\\\/08\\\/05\\\/usz-nema-ni-jedan-kilometar-brze-ceste\\\/#primaryimage\",\"url\":\"https:\\\/\\\/radioljubuski.ba\\\/wp-content\\\/uploads\\\/2022\\\/08\\\/Autocesta-iz-zraka.jpg\",\"contentUrl\":\"https:\\\/\\\/radioljubuski.ba\\\/wp-content\\\/uploads\\\/2022\\\/08\\\/Autocesta-iz-zraka.jpg\",\"width\":450,\"height\":310},{\"@type\":\"BreadcrumbList\",\"@id\":\"https:\\\/\\\/radioljubuski.ba\\\/index.php\\\/2022\\\/08\\\/05\\\/usz-nema-ni-jedan-kilometar-brze-ceste\\\/#breadcrumb\",\"itemListElement\":[{\"@type\":\"ListItem\",\"position\":1,\"name\":\"Po\u010detna stranica\",\"item\":\"https:\\\/\\\/radioljubuski.ba\\\/\"},{\"@type\":\"ListItem\",\"position\":2,\"name\":\"US\u017d nema ni jedan kilometar brze ceste\"}]},{\"@type\":\"WebSite\",\"@id\":\"https:\\\/\\\/radioljubuski.ba\\\/#website\",\"url\":\"https:\\\/\\\/radioljubuski.ba\\\/\",\"name\":\"Radio Ljubu\u0161ki\",\"description\":\"Sun\u010dana frekvencija Hercegovine\",\"publisher\":{\"@id\":\"https:\\\/\\\/radioljubuski.ba\\\/#organization\"},\"potentialAction\":[{\"@type\":\"SearchAction\",\"target\":{\"@type\":\"EntryPoint\",\"urlTemplate\":\"https:\\\/\\\/radioljubuski.ba\\\/?s={search_term_string}\"},\"query-input\":{\"@type\":\"PropertyValueSpecification\",\"valueRequired\":true,\"valueName\":\"search_term_string\"}}],\"inLanguage\":\"hr\"},{\"@type\":\"Organization\",\"@id\":\"https:\\\/\\\/radioljubuski.ba\\\/#organization\",\"name\":\"Radio Ljubu\u0161ki\",\"url\":\"https:\\\/\\\/radioljubuski.ba\\\/\",\"logo\":{\"@type\":\"ImageObject\",\"inLanguage\":\"hr\",\"@id\":\"https:\\\/\\\/radioljubuski.ba\\\/#\\\/schema\\\/logo\\\/image\\\/\",\"url\":\"https:\\\/\\\/radioljubuski.ba\\\/wp-content\\\/uploads\\\/2021\\\/02\\\/cropped-Radio_Ljubuski_logo1.jpg\",\"contentUrl\":\"https:\\\/\\\/radioljubuski.ba\\\/wp-content\\\/uploads\\\/2021\\\/02\\\/cropped-Radio_Ljubuski_logo1.jpg\",\"width\":512,\"height\":512,\"caption\":\"Radio Ljubu\u0161ki\"},\"image\":{\"@id\":\"https:\\\/\\\/radioljubuski.ba\\\/#\\\/schema\\\/logo\\\/image\\\/\"},\"sameAs\":[\"https:\\\/\\\/www.facebook.com\\\/Radiio-Ljubuski-1490835324566332\",\"https:\\\/\\\/x.com\\\/radioljubuski\",\"https:\\\/\\\/hr.linkedin.com\\\/company\\\/radio-ljubuski\",\"https:\\\/\\\/www.youtube.com\\\/channel\\\/UCHYaeO_n0Db3tjNGudGpXyw\"]},{\"@type\":\"Person\",\"@id\":\"https:\\\/\\\/radioljubuski.ba\\\/#\\\/schema\\\/person\\\/19fc700381a780f69665d7956c469e3b\",\"name\":\"Radio Ljubu\u0161ki\"}]}<\/script>\n<!-- \/ Yoast SEO plugin. -->","yoast_head_json":{"title":"US\u017d nema ni jedan kilometar brze ceste - RADIO LJUBU\u0160KI","robots":{"index":"index","follow":"follow","max-snippet":"max-snippet:-1","max-image-preview":"max-image-preview:large","max-video-preview":"max-video-preview:-1"},"canonical":"https:\/\/radioljubuski.ba\/index.php\/2022\/08\/05\/usz-nema-ni-jedan-kilometar-brze-ceste\/","og_locale":"hr_HR","og_type":"article","og_title":"US\u017d nema ni jedan kilometar brze ceste - RADIO LJUBU\u0160KI","og_description":"Pred gotovo svake izbore se iznova otvara pri\u010da o ovakvim i sli\u010dnim projektima. Unsko-sanska \u017eupanija nema ni jedan kilometar brze ceste. \u017delje Kraji\u0161nika da budu bolje putno povezani me\u0111usobno i s ostatkom dr\u017eave kona\u010dno bi se mogle ostvariti, a brza cesta koja se sada najavljuje spajala bi Biha\u0107, Cazin i Veliku Kladu\u0161u. Pred gotovo svake [&hellip;]","og_url":"https:\/\/radioljubuski.ba\/index.php\/2022\/08\/05\/usz-nema-ni-jedan-kilometar-brze-ceste\/","og_site_name":"RADIO LJUBU\u0160KI","article_publisher":"https:\/\/www.facebook.com\/Radiio-Ljubuski-1490835324566332","article_published_time":"2022-08-05T07:22:15+00:00","og_image":[{"width":450,"height":310,"url":"https:\/\/radioljubuski.ba\/wp-content\/uploads\/2022\/08\/Autocesta-iz-zraka.jpg","type":"image\/jpeg"}],"author":"Radio Ljubu\u0161ki","twitter_card":"summary_large_image","twitter_creator":"@radioljubuski","twitter_site":"@radioljubuski","twitter_misc":{"Napisao\/la":"Radio Ljubu\u0161ki","Procijenjeno vrijeme \u010ditanja":"2 minute"},"schema":{"@context":"https:\/\/schema.org","@graph":[{"@type":"Article","@id":"https:\/\/radioljubuski.ba\/index.php\/2022\/08\/05\/usz-nema-ni-jedan-kilometar-brze-ceste\/#article","isPartOf":{"@id":"https:\/\/radioljubuski.ba\/index.php\/2022\/08\/05\/usz-nema-ni-jedan-kilometar-brze-ceste\/"},"author":{"name":"Radio Ljubu\u0161ki","@id":"https:\/\/radioljubuski.ba\/#\/schema\/person\/19fc700381a780f69665d7956c469e3b"},"headline":"US\u017d nema ni jedan kilometar brze ceste","datePublished":"2022-08-05T07:22:15+00:00","mainEntityOfPage":{"@id":"https:\/\/radioljubuski.ba\/index.php\/2022\/08\/05\/usz-nema-ni-jedan-kilometar-brze-ceste\/"},"wordCount":490,"publisher":{"@id":"https:\/\/radioljubuski.ba\/#organization"},"image":{"@id":"https:\/\/radioljubuski.ba\/index.php\/2022\/08\/05\/usz-nema-ni-jedan-kilometar-brze-ceste\/#primaryimage"},"thumbnailUrl":"https:\/\/radioljubuski.ba\/wp-content\/uploads\/2022\/08\/Autocesta-iz-zraka.jpg","articleSection":["BIH i regija"],"inLanguage":"hr"},{"@type":"WebPage","@id":"https:\/\/radioljubuski.ba\/index.php\/2022\/08\/05\/usz-nema-ni-jedan-kilometar-brze-ceste\/","url":"https:\/\/radioljubuski.ba\/index.php\/2022\/08\/05\/usz-nema-ni-jedan-kilometar-brze-ceste\/","name":"US\u017d nema ni jedan kilometar brze ceste - RADIO LJUBU\u0160KI","isPartOf":{"@id":"https:\/\/radioljubuski.ba\/#website"},"primaryImageOfPage":{"@id":"https:\/\/radioljubuski.ba\/index.php\/2022\/08\/05\/usz-nema-ni-jedan-kilometar-brze-ceste\/#primaryimage"},"image":{"@id":"https:\/\/radioljubuski.ba\/index.php\/2022\/08\/05\/usz-nema-ni-jedan-kilometar-brze-ceste\/#primaryimage"},"thumbnailUrl":"https:\/\/radioljubuski.ba\/wp-content\/uploads\/2022\/08\/Autocesta-iz-zraka.jpg","datePublished":"2022-08-05T07:22:15+00:00","breadcrumb":{"@id":"https:\/\/radioljubuski.ba\/index.php\/2022\/08\/05\/usz-nema-ni-jedan-kilometar-brze-ceste\/#breadcrumb"},"inLanguage":"hr","potentialAction":[{"@type":"ReadAction","target":["https:\/\/radioljubuski.ba\/index.php\/2022\/08\/05\/usz-nema-ni-jedan-kilometar-brze-ceste\/"]}]},{"@type":"ImageObject","inLanguage":"hr","@id":"https:\/\/radioljubuski.ba\/index.php\/2022\/08\/05\/usz-nema-ni-jedan-kilometar-brze-ceste\/#primaryimage","url":"https:\/\/radioljubuski.ba\/wp-content\/uploads\/2022\/08\/Autocesta-iz-zraka.jpg","contentUrl":"https:\/\/radioljubuski.ba\/wp-content\/uploads\/2022\/08\/Autocesta-iz-zraka.jpg","width":450,"height":310},{"@type":"BreadcrumbList","@id":"https:\/\/radioljubuski.ba\/index.php\/2022\/08\/05\/usz-nema-ni-jedan-kilometar-brze-ceste\/#breadcrumb","itemListElement":[{"@type":"ListItem","position":1,"name":"Po\u010detna stranica","item":"https:\/\/radioljubuski.ba\/"},{"@type":"ListItem","position":2,"name":"US\u017d nema ni jedan kilometar brze ceste"}]},{"@type":"WebSite","@id":"https:\/\/radioljubuski.ba\/#website","url":"https:\/\/radioljubuski.ba\/","name":"Radio Ljubu\u0161ki","description":"Sun\u010dana frekvencija Hercegovine","publisher":{"@id":"https:\/\/radioljubuski.ba\/#organization"},"potentialAction":[{"@type":"SearchAction","target":{"@type":"EntryPoint","urlTemplate":"https:\/\/radioljubuski.ba\/?s={search_term_string}"},"query-input":{"@type":"PropertyValueSpecification","valueRequired":true,"valueName":"search_term_string"}}],"inLanguage":"hr"},{"@type":"Organization","@id":"https:\/\/radioljubuski.ba\/#organization","name":"Radio Ljubu\u0161ki","url":"https:\/\/radioljubuski.ba\/","logo":{"@type":"ImageObject","inLanguage":"hr","@id":"https:\/\/radioljubuski.ba\/#\/schema\/logo\/image\/","url":"https:\/\/radioljubuski.ba\/wp-content\/uploads\/2021\/02\/cropped-Radio_Ljubuski_logo1.jpg","contentUrl":"https:\/\/radioljubuski.ba\/wp-content\/uploads\/2021\/02\/cropped-Radio_Ljubuski_logo1.jpg","width":512,"height":512,"caption":"Radio Ljubu\u0161ki"},"image":{"@id":"https:\/\/radioljubuski.ba\/#\/schema\/logo\/image\/"},"sameAs":["https:\/\/www.facebook.com\/Radiio-Ljubuski-1490835324566332","https:\/\/x.com\/radioljubuski","https:\/\/hr.linkedin.com\/company\/radio-ljubuski","https:\/\/www.youtube.com\/channel\/UCHYaeO_n0Db3tjNGudGpXyw"]},{"@type":"Person","@id":"https:\/\/radioljubuski.ba\/#\/schema\/person\/19fc700381a780f69665d7956c469e3b","name":"Radio Ljubu\u0161ki"}]}},"_links":{"self":[{"href":"https:\/\/radioljubuski.ba\/index.php\/wp-json\/wp\/v2\/posts\/166635","targetHints":{"allow":["GET"]}}],"collection":[{"href":"https:\/\/radioljubuski.ba\/index.php\/wp-json\/wp\/v2\/posts"}],"about":[{"href":"https:\/\/radioljubuski.ba\/index.php\/wp-json\/wp\/v2\/types\/post"}],"author":[{"embeddable":true,"href":"https:\/\/radioljubuski.ba\/index.php\/wp-json\/wp\/v2\/users\/2"}],"replies":[{"embeddable":true,"href":"https:\/\/radioljubuski.ba\/index.php\/wp-json\/wp\/v2\/comments?post=166635"}],"version-history":[{"count":1,"href":"https:\/\/radioljubuski.ba\/index.php\/wp-json\/wp\/v2\/posts\/166635\/revisions"}],"predecessor-version":[{"id":166639,"href":"https:\/\/radioljubuski.ba\/index.php\/wp-json\/wp\/v2\/posts\/166635\/revisions\/166639"}],"wp:featuredmedia":[{"embeddable":true,"href":"https:\/\/radioljubuski.ba\/index.php\/wp-json\/wp\/v2\/media\/166636"}],"wp:attachment":[{"href":"https:\/\/radioljubuski.ba\/index.php\/wp-json\/wp\/v2\/media?parent=166635"}],"wp:term":[{"taxonomy":"category","embeddable":true,"href":"https:\/\/radioljubuski.ba\/index.php\/wp-json\/wp\/v2\/categories?post=166635"},{"taxonomy":"post_tag","embeddable":true,"href":"https:\/\/radioljubuski.ba\/index.php\/wp-json\/wp\/v2\/tags?post=166635"}],"curies":[{"name":"wp","href":"https:\/\/api.w.org\/{rel}","templated":true}]}}